{"id":45159,"date":"2022-07-01T12:06:34","date_gmt":"2022-07-01T10:06:34","guid":{"rendered":"https:\/\/mula.es\/web\/?p=45159"},"modified":"2022-07-01T12:06:34","modified_gmt":"2022-07-01T10:06:34","slug":"festejos-premio-cartel-fiestas-de-septiembre-2022-ampliacion-del-plazo-de-presentacion-hasta-el-8-de-julio","status":"publish","type":"post","link":"https:\/\/mula.es\/web\/festejos-premio-cartel-fiestas-de-septiembre-2022-ampliacion-del-plazo-de-presentacion-hasta-el-8-de-julio\/","title":{"rendered":"FESTEJOS | Premio Cartel \u201cFiestas de Septiembre 2022\u201d: Ampliaci\u00f3n del plazo de presentaci\u00f3n hasta el 8 de julio"},"content":{"rendered":"<p align=\"center\">\n<p align=\"justify\"><span><span style=\"font-family: Times New Roman, serif;\">La Concejal\u00eda de Festejos del Excmo. Ayuntamiento de Mula informa que se ampl\u00eda el plazo para la presentaci\u00f3n de trabajos al PREMIO CARTEL FIESTAS DE SEPTIEMBRE 2022\u00a0<\/span><span style=\"font-family: Times New Roman, serif;\"><b>hasta las 13 horas del d\u00eda 8 de julio de 2022.<\/b><\/span><span style=\"font-family: Times New Roman, serif;\">\u00a0Los trabajos ser\u00e1n entregados o enviados a la siguiente direcci\u00f3n: Excmo. Ayuntamiento de Mula. Concejal\u00eda de Festejos. Plaza del Ayuntamiento, 8 &#8211; 30170 MULA (Murcia).<\/span><\/span><\/p>\n<p align=\"left\"><span style=\"font-family: Times New Roman, serif;\"><span>Premio. 500 euros<\/span><\/span><\/p>\n<h3 style=\"text-align: center;\"><a href=\"https:\/\/mula.es\/web\/wp-content\/uploads\/2022\/07\/BASES-PREMIO-CARTEL-FIESTAS-DE-SEPTIEMBRE-2022-ampliacion.pdf\" target=\"_blank\" rel=\"noopener\">Descarga aqu\u00ed las bases (.pdf)<\/a><\/h3>\n","protected":false},"excerpt":{"rendered":"<p>La Concejal\u00eda de Festejos del Excmo. Ayuntamiento de Mula informa que se ampl\u00eda el plazo para la presentaci\u00f3n de trabajos al PREMIO CARTEL FIESTAS DE SEPTIEMBRE 2022\u00a0hasta las 13 horas del d\u00eda 8 de julio de 2022.\u00a0Los trabajos ser\u00e1n entregados o enviados a la siguiente direcci\u00f3n: Excmo. Ayuntamiento de Mula. Concejal\u00eda de Festejos. Plaza del  [&#8230;]<\/p>\n","protected":false},"author":9,"featured_media":33512,"comment_status":"closed","ping_status":"closed","sticky":false,"template":"","format":"standard","meta":{"jetpack_post_was_ever_published":false,"_jetpack_newsletter_access":"","_jetpack_dont_email_post_to_subs":false,"_jetpack_newsletter_tier_id":0,"_jetpack_memberships_contains_paywalled_content":false,"_jetpack_memberships_contains_paid_content":false,"footnotes":"","jetpack_publicize_message":"","jetpack_publicize_feature_enabled":true,"jetpack_social_post_already_shared":false,"jetpack_social_options":{"image_generator_settings":{"template":"highway","default_image_id":0,"font":"","enabled":false},"version":2}},"categories":[171],"tags":[],"class_list":["post-45159","post","type-post","status-publish","format-standard","has-post-thumbnail","hentry","category-festejos"],"yoast_head":"<!-- This site is optimized with the Yoast SEO plugin v27.5 - https:\/\/yoast.com\/product\/yoast-seo-wordpress\/ -->\n<title>FESTEJOS | Premio Cartel \u201cFiestas de Septiembre 2022\u201d: Ampliaci\u00f3n del plazo de presentaci\u00f3n hasta el 8 de julio - Ayuntamiento de Mula<\/title>\n<meta name=\"robots\" content=\"index, follow, max-snippet:-1, max-image-preview:large, max-video-preview:-1\" \/>\n<link rel=\"canonical\" href=\"https:\/\/mula.es\/web\/festejos-premio-cartel-fiestas-de-septiembre-2022-ampliacion-del-plazo-de-presentacion-hasta-el-8-de-julio\/\" \/>\n<meta property=\"og:locale\" content=\"es_ES\" \/>\n<meta property=\"og:type\" content=\"article\" \/>\n<meta property=\"og:title\" content=\"FESTEJOS | Premio Cartel \u201cFiestas de Septiembre 2022\u201d: Ampliaci\u00f3n del plazo de presentaci\u00f3n hasta el 8 de julio - Ayuntamiento de Mula\" \/>\n<meta property=\"og:description\" content=\"La Concejal\u00eda de Festejos del Excmo. Ayuntamiento de Mula informa que se ampl\u00eda el plazo para la presentaci\u00f3n de trabajos al PREMIO CARTEL FIESTAS DE SEPTIEMBRE 2022\u00a0hasta las 13 horas del d\u00eda 8 de julio de 2022.\u00a0Los trabajos ser\u00e1n entregados o enviados a la siguiente direcci\u00f3n: Excmo. Ayuntamiento de Mula. Concejal\u00eda de Festejos. Plaza del [...]\" \/>\n<meta property=\"og:url\" content=\"https:\/\/mula.es\/web\/festejos-premio-cartel-fiestas-de-septiembre-2022-ampliacion-del-plazo-de-presentacion-hasta-el-8-de-julio\/\" \/>\n<meta property=\"og:site_name\" content=\"Ayuntamiento de Mula\" \/>\n<meta property=\"article:published_time\" content=\"2022-07-01T10:06:34+00:00\" \/>\n<meta property=\"og:image\" content=\"https:\/\/mula.es\/web\/wp-content\/uploads\/2020\/06\/escudo-cuadrado-e1591045058235.jpg\" \/>\n\t<meta property=\"og:image:width\" content=\"200\" \/>\n\t<meta property=\"og:image:height\" content=\"218\" \/>\n\t<meta property=\"og:image:type\" content=\"image\/jpeg\" \/>\n<meta name=\"author\" content=\"Rosario Mart\u00ednez\" \/>\n<meta name=\"twitter:card\" content=\"summary_large_image\" \/>\n<meta name=\"twitter:image\" content=\"https:\/\/mula.es\/web\/wp-content\/uploads\/2020\/06\/cropped-escudo-cuadrado.jpg\" \/>\n<meta name=\"twitter:creator\" content=\"@AyuntamientMula\" \/>\n<meta name=\"twitter:site\" content=\"@AyuntamientMula\" \/>\n<meta name=\"twitter:label1\" content=\"Escrito por\" \/>\n\t<meta name=\"twitter:data1\" content=\"Rosario Mart\u00ednez\" \/>\n<script type=\"application\/ld+json\" class=\"yoast-schema-graph\">{\"@context\":\"https:\\\/\\\/schema.org\",\"@graph\":[{\"@type\":\"Article\",\"@id\":\"https:\\\/\\\/mula.es\\\/web\\\/festejos-premio-cartel-fiestas-de-septiembre-2022-ampliacion-del-plazo-de-presentacion-hasta-el-8-de-julio\\\/#article\",\"isPartOf\":{\"@id\":\"https:\\\/\\\/mula.es\\\/web\\\/festejos-premio-cartel-fiestas-de-septiembre-2022-ampliacion-del-plazo-de-presentacion-hasta-el-8-de-julio\\\/\"},\"author\":{\"name\":\"Rosario Mart\u00ednez\",\"@id\":\"https:\\\/\\\/mula.es\\\/web\\\/#\\\/schema\\\/person\\\/f8d63bd3ab6e7b025268b909b7ab0771\"},\"headline\":\"FESTEJOS | Premio Cartel \u201cFiestas de Septiembre 2022\u201d: Ampliaci\u00f3n del plazo de presentaci\u00f3n hasta el 8 de julio\",\"datePublished\":\"2022-07-01T10:06:34+00:00\",\"mainEntityOfPage\":{\"@id\":\"https:\\\/\\\/mula.es\\\/web\\\/festejos-premio-cartel-fiestas-de-septiembre-2022-ampliacion-del-plazo-de-presentacion-hasta-el-8-de-julio\\\/\"},\"wordCount\":88,\"image\":{\"@id\":\"https:\\\/\\\/mula.es\\\/web\\\/festejos-premio-cartel-fiestas-de-septiembre-2022-ampliacion-del-plazo-de-presentacion-hasta-el-8-de-julio\\\/#primaryimage\"},\"thumbnailUrl\":\"https:\\\/\\\/mula.es\\\/web\\\/wp-content\\\/uploads\\\/2020\\\/06\\\/escudo-cuadrado-e1591045058235.jpg\",\"articleSection\":[\"festejos\"],\"inLanguage\":\"es\"},{\"@type\":\"WebPage\",\"@id\":\"https:\\\/\\\/mula.es\\\/web\\\/festejos-premio-cartel-fiestas-de-septiembre-2022-ampliacion-del-plazo-de-presentacion-hasta-el-8-de-julio\\\/\",\"url\":\"https:\\\/\\\/mula.es\\\/web\\\/festejos-premio-cartel-fiestas-de-septiembre-2022-ampliacion-del-plazo-de-presentacion-hasta-el-8-de-julio\\\/\",\"name\":\"FESTEJOS | Premio Cartel \u201cFiestas de Septiembre 2022\u201d: Ampliaci\u00f3n del plazo de presentaci\u00f3n hasta el 8 de julio - Ayuntamiento de Mula\",\"isPartOf\":{\"@id\":\"https:\\\/\\\/mula.es\\\/web\\\/#website\"},\"primaryImageOfPage\":{\"@id\":\"https:\\\/\\\/mula.es\\\/web\\\/festejos-premio-cartel-fiestas-de-septiembre-2022-ampliacion-del-plazo-de-presentacion-hasta-el-8-de-julio\\\/#primaryimage\"},\"image\":{\"@id\":\"https:\\\/\\\/mula.es\\\/web\\\/festejos-premio-cartel-fiestas-de-septiembre-2022-ampliacion-del-plazo-de-presentacion-hasta-el-8-de-julio\\\/#primaryimage\"},\"thumbnailUrl\":\"https:\\\/\\\/mula.es\\\/web\\\/wp-content\\\/uploads\\\/2020\\\/06\\\/escudo-cuadrado-e1591045058235.jpg\",\"datePublished\":\"2022-07-01T10:06:34+00:00\",\"author\":{\"@id\":\"https:\\\/\\\/mula.es\\\/web\\\/#\\\/schema\\\/person\\\/f8d63bd3ab6e7b025268b909b7ab0771\"},\"breadcrumb\":{\"@id\":\"https:\\\/\\\/mula.es\\\/web\\\/festejos-premio-cartel-fiestas-de-septiembre-2022-ampliacion-del-plazo-de-presentacion-hasta-el-8-de-julio\\\/#breadcrumb\"},\"inLanguage\":\"es\",\"potentialAction\":[{\"@type\":\"ReadAction\",\"target\":[\"https:\\\/\\\/mula.es\\\/web\\\/festejos-premio-cartel-fiestas-de-septiembre-2022-ampliacion-del-plazo-de-presentacion-hasta-el-8-de-julio\\\/\"]}]},{\"@type\":\"ImageObject\",\"inLanguage\":\"es\",\"@id\":\"https:\\\/\\\/mula.es\\\/web\\\/festejos-premio-cartel-fiestas-de-septiembre-2022-ampliacion-del-plazo-de-presentacion-hasta-el-8-de-julio\\\/#primaryimage\",\"url\":\"https:\\\/\\\/mula.es\\\/web\\\/wp-content\\\/uploads\\\/2020\\\/06\\\/escudo-cuadrado-e1591045058235.jpg\",\"contentUrl\":\"https:\\\/\\\/mula.es\\\/web\\\/wp-content\\\/uploads\\\/2020\\\/06\\\/escudo-cuadrado-e1591045058235.jpg\",\"width\":200,\"height\":218},{\"@type\":\"BreadcrumbList\",\"@id\":\"https:\\\/\\\/mula.es\\\/web\\\/festejos-premio-cartel-fiestas-de-septiembre-2022-ampliacion-del-plazo-de-presentacion-hasta-el-8-de-julio\\\/#breadcrumb\",\"itemListElement\":[{\"@type\":\"ListItem\",\"position\":1,\"name\":\"Portada\",\"item\":\"https:\\\/\\\/mula.es\\\/web\\\/\"},{\"@type\":\"ListItem\",\"position\":2,\"name\":\"FESTEJOS | Premio Cartel \u201cFiestas de Septiembre 2022\u201d: Ampliaci\u00f3n del plazo de presentaci\u00f3n hasta el 8 de julio\"}]},{\"@type\":\"WebSite\",\"@id\":\"https:\\\/\\\/mula.es\\\/web\\\/#website\",\"url\":\"https:\\\/\\\/mula.es\\\/web\\\/\",\"name\":\"Ayuntamiento de Mula\",\"description\":\"P\u00e1gina web del Ayuntamiento de Mula (Regi\u00f3n de Murcia)\",\"potentialAction\":[{\"@type\":\"SearchAction\",\"target\":{\"@type\":\"EntryPoint\",\"urlTemplate\":\"https:\\\/\\\/mula.es\\\/web\\\/?s={search_term_string}\"},\"query-input\":{\"@type\":\"PropertyValueSpecification\",\"valueRequired\":true,\"valueName\":\"search_term_string\"}}],\"inLanguage\":\"es\"},{\"@type\":\"Person\",\"@id\":\"https:\\\/\\\/mula.es\\\/web\\\/#\\\/schema\\\/person\\\/f8d63bd3ab6e7b025268b909b7ab0771\",\"name\":\"Rosario Mart\u00ednez\",\"image\":{\"@type\":\"ImageObject\",\"inLanguage\":\"es\",\"@id\":\"https:\\\/\\\/secure.gravatar.com\\\/avatar\\\/ce916b980ac93e5b1d36e6068357675d4e089a572ebc8789fcb807c2fb2edfef?s=96&d=mm&r=g\",\"url\":\"https:\\\/\\\/secure.gravatar.com\\\/avatar\\\/ce916b980ac93e5b1d36e6068357675d4e089a572ebc8789fcb807c2fb2edfef?s=96&d=mm&r=g\",\"contentUrl\":\"https:\\\/\\\/secure.gravatar.com\\\/avatar\\\/ce916b980ac93e5b1d36e6068357675d4e089a572ebc8789fcb807c2fb2edfef?s=96&d=mm&r=g\",\"caption\":\"Rosario Mart\u00ednez\"},\"url\":\"https:\\\/\\\/mula.es\\\/web\\\/author\\\/rmartinez\\\/\"}]}<\/script>\n<!-- \/ Yoast SEO plugin. -->","yoast_head_json":{"title":"FESTEJOS | Premio Cartel \u201cFiestas de Septiembre 2022\u201d: Ampliaci\u00f3n del plazo de presentaci\u00f3n hasta el 8 de julio - Ayuntamiento de Mula","robots":{"index":"index","follow":"follow","max-snippet":"max-snippet:-1","max-image-preview":"max-image-preview:large","max-video-preview":"max-video-preview:-1"},"canonical":"https:\/\/mula.es\/web\/festejos-premio-cartel-fiestas-de-septiembre-2022-ampliacion-del-plazo-de-presentacion-hasta-el-8-de-julio\/","og_locale":"es_ES","og_type":"article","og_title":"FESTEJOS | Premio Cartel \u201cFiestas de Septiembre 2022\u201d: Ampliaci\u00f3n del plazo de presentaci\u00f3n hasta el 8 de julio - Ayuntamiento de Mula","og_description":"La Concejal\u00eda de Festejos del Excmo. Ayuntamiento de Mula informa que se ampl\u00eda el plazo para la presentaci\u00f3n de trabajos al PREMIO CARTEL FIESTAS DE SEPTIEMBRE 2022\u00a0hasta las 13 horas del d\u00eda 8 de julio de 2022.\u00a0Los trabajos ser\u00e1n entregados o enviados a la siguiente direcci\u00f3n: Excmo. Ayuntamiento de Mula. Concejal\u00eda de Festejos. Plaza del [...]","og_url":"https:\/\/mula.es\/web\/festejos-premio-cartel-fiestas-de-septiembre-2022-ampliacion-del-plazo-de-presentacion-hasta-el-8-de-julio\/","og_site_name":"Ayuntamiento de Mula","article_published_time":"2022-07-01T10:06:34+00:00","og_image":[{"width":200,"height":218,"url":"https:\/\/mula.es\/web\/wp-content\/uploads\/2020\/06\/escudo-cuadrado-e1591045058235.jpg","type":"image\/jpeg"}],"author":"Rosario Mart\u00ednez","twitter_card":"summary_large_image","twitter_image":"https:\/\/mula.es\/web\/wp-content\/uploads\/2020\/06\/cropped-escudo-cuadrado.jpg","twitter_creator":"@AyuntamientMula","twitter_site":"@AyuntamientMula","twitter_misc":{"Escrito por":"Rosario Mart\u00ednez"},"schema":{"@context":"https:\/\/schema.org","@graph":[{"@type":"Article","@id":"https:\/\/mula.es\/web\/festejos-premio-cartel-fiestas-de-septiembre-2022-ampliacion-del-plazo-de-presentacion-hasta-el-8-de-julio\/#article","isPartOf":{"@id":"https:\/\/mula.es\/web\/festejos-premio-cartel-fiestas-de-septiembre-2022-ampliacion-del-plazo-de-presentacion-hasta-el-8-de-julio\/"},"author":{"name":"Rosario Mart\u00ednez","@id":"https:\/\/mula.es\/web\/#\/schema\/person\/f8d63bd3ab6e7b025268b909b7ab0771"},"headline":"FESTEJOS | Premio Cartel \u201cFiestas de Septiembre 2022\u201d: Ampliaci\u00f3n del plazo de presentaci\u00f3n hasta el 8 de julio","datePublished":"2022-07-01T10:06:34+00:00","mainEntityOfPage":{"@id":"https:\/\/mula.es\/web\/festejos-premio-cartel-fiestas-de-septiembre-2022-ampliacion-del-plazo-de-presentacion-hasta-el-8-de-julio\/"},"wordCount":88,"image":{"@id":"https:\/\/mula.es\/web\/festejos-premio-cartel-fiestas-de-septiembre-2022-ampliacion-del-plazo-de-presentacion-hasta-el-8-de-julio\/#primaryimage"},"thumbnailUrl":"https:\/\/mula.es\/web\/wp-content\/uploads\/2020\/06\/escudo-cuadrado-e1591045058235.jpg","articleSection":["festejos"],"inLanguage":"es"},{"@type":"WebPage","@id":"https:\/\/mula.es\/web\/festejos-premio-cartel-fiestas-de-septiembre-2022-ampliacion-del-plazo-de-presentacion-hasta-el-8-de-julio\/","url":"https:\/\/mula.es\/web\/festejos-premio-cartel-fiestas-de-septiembre-2022-ampliacion-del-plazo-de-presentacion-hasta-el-8-de-julio\/","name":"FESTEJOS | Premio Cartel \u201cFiestas de Septiembre 2022\u201d: Ampliaci\u00f3n del plazo de presentaci\u00f3n hasta el 8 de julio - Ayuntamiento de Mula","isPartOf":{"@id":"https:\/\/mula.es\/web\/#website"},"primaryImageOfPage":{"@id":"https:\/\/mula.es\/web\/festejos-premio-cartel-fiestas-de-septiembre-2022-ampliacion-del-plazo-de-presentacion-hasta-el-8-de-julio\/#primaryimage"},"image":{"@id":"https:\/\/mula.es\/web\/festejos-premio-cartel-fiestas-de-septiembre-2022-ampliacion-del-plazo-de-presentacion-hasta-el-8-de-julio\/#primaryimage"},"thumbnailUrl":"https:\/\/mula.es\/web\/wp-content\/uploads\/2020\/06\/escudo-cuadrado-e1591045058235.jpg","datePublished":"2022-07-01T10:06:34+00:00","author":{"@id":"https:\/\/mula.es\/web\/#\/schema\/person\/f8d63bd3ab6e7b025268b909b7ab0771"},"breadcrumb":{"@id":"https:\/\/mula.es\/web\/festejos-premio-cartel-fiestas-de-septiembre-2022-ampliacion-del-plazo-de-presentacion-hasta-el-8-de-julio\/#breadcrumb"},"inLanguage":"es","potentialAction":[{"@type":"ReadAction","target":["https:\/\/mula.es\/web\/festejos-premio-cartel-fiestas-de-septiembre-2022-ampliacion-del-plazo-de-presentacion-hasta-el-8-de-julio\/"]}]},{"@type":"ImageObject","inLanguage":"es","@id":"https:\/\/mula.es\/web\/festejos-premio-cartel-fiestas-de-septiembre-2022-ampliacion-del-plazo-de-presentacion-hasta-el-8-de-julio\/#primaryimage","url":"https:\/\/mula.es\/web\/wp-content\/uploads\/2020\/06\/escudo-cuadrado-e1591045058235.jpg","contentUrl":"https:\/\/mula.es\/web\/wp-content\/uploads\/2020\/06\/escudo-cuadrado-e1591045058235.jpg","width":200,"height":218},{"@type":"BreadcrumbList","@id":"https:\/\/mula.es\/web\/festejos-premio-cartel-fiestas-de-septiembre-2022-ampliacion-del-plazo-de-presentacion-hasta-el-8-de-julio\/#breadcrumb","itemListElement":[{"@type":"ListItem","position":1,"name":"Portada","item":"https:\/\/mula.es\/web\/"},{"@type":"ListItem","position":2,"name":"FESTEJOS | Premio Cartel \u201cFiestas de Septiembre 2022\u201d: Ampliaci\u00f3n del plazo de presentaci\u00f3n hasta el 8 de julio"}]},{"@type":"WebSite","@id":"https:\/\/mula.es\/web\/#website","url":"https:\/\/mula.es\/web\/","name":"Ayuntamiento de Mula","description":"P\u00e1gina web del Ayuntamiento de Mula (Regi\u00f3n de Murcia)","potentialAction":[{"@type":"SearchAction","target":{"@type":"EntryPoint","urlTemplate":"https:\/\/mula.es\/web\/?s={search_term_string}"},"query-input":{"@type":"PropertyValueSpecification","valueRequired":true,"valueName":"search_term_string"}}],"inLanguage":"es"},{"@type":"Person","@id":"https:\/\/mula.es\/web\/#\/schema\/person\/f8d63bd3ab6e7b025268b909b7ab0771","name":"Rosario Mart\u00ednez","image":{"@type":"ImageObject","inLanguage":"es","@id":"https:\/\/secure.gravatar.com\/avatar\/ce916b980ac93e5b1d36e6068357675d4e089a572ebc8789fcb807c2fb2edfef?s=96&d=mm&r=g","url":"https:\/\/secure.gravatar.com\/avatar\/ce916b980ac93e5b1d36e6068357675d4e089a572ebc8789fcb807c2fb2edfef?s=96&d=mm&r=g","contentUrl":"https:\/\/secure.gravatar.com\/avatar\/ce916b980ac93e5b1d36e6068357675d4e089a572ebc8789fcb807c2fb2edfef?s=96&d=mm&r=g","caption":"Rosario Mart\u00ednez"},"url":"https:\/\/mula.es\/web\/author\/rmartinez\/"}]}},"jetpack_publicize_connections":[],"jetpack_featured_media_url":"https:\/\/mula.es\/web\/wp-content\/uploads\/2020\/06\/escudo-cuadrado-e1591045058235.jpg","jetpack_sharing_enabled":true,"jetpack_shortlink":"https:\/\/wp.me\/pa9DMY-bKn","jetpack-related-posts":[],"_links":{"self":[{"href":"https:\/\/mula.es\/web\/wp-json\/wp\/v2\/posts\/45159","targetHints":{"allow":["GET"]}}],"collection":[{"href":"https:\/\/mula.es\/web\/wp-json\/wp\/v2\/posts"}],"about":[{"href":"https:\/\/mula.es\/web\/wp-json\/wp\/v2\/types\/post"}],"author":[{"embeddable":true,"href":"https:\/\/mula.es\/web\/wp-json\/wp\/v2\/users\/9"}],"replies":[{"embeddable":true,"href":"https:\/\/mula.es\/web\/wp-json\/wp\/v2\/comments?post=45159"}],"version-history":[{"count":1,"href":"https:\/\/mula.es\/web\/wp-json\/wp\/v2\/posts\/45159\/revisions"}],"predecessor-version":[{"id":45164,"href":"https:\/\/mula.es\/web\/wp-json\/wp\/v2\/posts\/45159\/revisions\/45164"}],"wp:featuredmedia":[{"embeddable":true,"href":"https:\/\/mula.es\/web\/wp-json\/wp\/v2\/media\/33512"}],"wp:attachment":[{"href":"https:\/\/mula.es\/web\/wp-json\/wp\/v2\/media?parent=45159"}],"wp:term":[{"taxonomy":"category","embeddable":true,"href":"https:\/\/mula.es\/web\/wp-json\/wp\/v2\/categories?post=45159"},{"taxonomy":"post_tag","embeddable":true,"href":"https:\/\/mula.es\/web\/wp-json\/wp\/v2\/tags?post=45159"}],"curies":[{"name":"wp","href":"https:\/\/api.w.org\/{rel}","templated":true}]}}