{"id":45184,"date":"2022-07-08T13:08:16","date_gmt":"2022-07-08T11:08:16","guid":{"rendered":"https:\/\/mula.es\/web\/?p=45184"},"modified":"2022-07-08T13:09:39","modified_gmt":"2022-07-08T11:09:39","slug":"urbanismo-presentada-la-restauracion-integral-del-paseo-de-mula","status":"publish","type":"post","link":"https:\/\/mula.es\/web\/urbanismo-presentada-la-restauracion-integral-del-paseo-de-mula\/","title":{"rendered":"URBANISMO | Presentada la restauraci\u00f3n integral del Paseo de Mula"},"content":{"rendered":"<p><div class=\"fusion-fullwidth fullwidth-box fusion-builder-row-1 fusion-flex-container nonhundred-percent-fullwidth non-hundred-percent-height-scrolling\" style=\"--awb-border-radius-top-left:0px;--awb-border-radius-top-right:0px;--awb-border-radius-bottom-right:0px;--awb-border-radius-bottom-left:0px;--awb-flex-wrap:wrap;\" ><div class=\"fusion-builder-row fusion-row fusion-flex-align-items-flex-start fusion-flex-content-wrap\" style=\"max-width:1144px;margin-left: calc(-4% \/ 2 );margin-right: calc(-4% \/ 2 );\"><div class=\"fusion-layout-column fusion_builder_column fusion-builder-column-0 fusion_builder_column_1_1 1_1 fusion-flex-column\" style=\"--awb-bg-size:cover;--awb-width-large:100%;--awb-margin-top-large:0px;--awb-spacing-right-large:1.92%;--awb-margin-bottom-large:0px;--awb-spacing-left-large:1.92%;--awb-width-medium:100%;--awb-spacing-right-medium:1.92%;--awb-spacing-left-medium:1.92%;--awb-width-small:100%;--awb-spacing-right-small:1.92%;--awb-spacing-left-small:1.92%;\"><div class=\"fusion-column-wrapper fusion-flex-justify-content-flex-start fusion-content-layout-column\"><div class=\"fusion-text fusion-text-1\"><p style=\"text-align: justify;\">El proyecto cuenta con una gran labor de investigaci\u00f3n hist\u00f3rica y pretende devolver todo el esplendor a este jard\u00edn y recuperar su forma original de 1929<\/p>\n<p style=\"text-align: justify;\">El Ayuntamiento de Mula renovar\u00e1 y rehabilitar\u00e1 la Glorieta del Paseo, tambi\u00e9n conocida como el Paseo de Mula, mediante un ambicioso proyecto de restauraci\u00f3n integral que le devolver\u00e1 su aspecto original en 1929.<\/p>\n<p style=\"text-align: justify;\">El alcalde de Mula, Juan Jes\u00fas Moreno, acompa\u00f1ado de los concejales de Urbanismo, Francisco J. Llamazares, de Servicios Municipales, Vicente L\u00f3pez, de Cultura, Diego Boluda, y de Hacienda, Alejandra Mart\u00ednez, junto a los t\u00e9cnicos municipales de la Oficina T\u00e9cnica han sido los responsables de presentar este proyecto cuyas obras empezar\u00edan antes de fin de a\u00f1o y cuentan con un presupuesto de aproximadamente 300.000 euros financiado \u00edntegramente por fondos municipales.<\/p>\n<p style=\"text-align: justify;\">As\u00ed, la Glorieta, uno de los espacios m\u00e1s emblem\u00e1ticos de la ciudad, centro de la vida social y cultural del municipio desde su construcci\u00f3n hasta la fecha, retomar\u00e1 su aspecto originario de Jard\u00edn Espa\u00f1ol tal y como se encontraba en 1929 dise\u00f1o, en aquel entonces, del maestro de obras Juan Hu\u00e9scar Egea.<\/p>\n<p style=\"text-align: justify;\">Para llevar a cabo esta restauraci\u00f3n se van a recuperar los alcorques y bancos de azulejos, as\u00ed como las farolas originales. Se recupera tambi\u00e9n el dise\u00f1o de las 4 fuentes con poza baja y se incluir\u00e1 albero estabilizado para el pavimento interior.<\/p>\n<p style=\"text-align: justify;\">Adem\u00e1s, se rebajar\u00e1 la cota del jard\u00edn hasta igualarlo con la calle Paseo adquiriendo un concepto abierto con la eliminaci\u00f3n de la valla para que quede integrado con las calles circundantes.<\/p>\n<p style=\"text-align: justify;\">Se trata de un amplio trabajo de investigaci\u00f3n hist\u00f3rica que permitir\u00e1, no s\u00f3lo devolver el m\u00e1ximo esplendor a esta plaza sino adecuarlo a las nuevas necesidades y haciendo uso de materiales modernos y sostenibles con r\u00e9plicas en sus elementos como los de anta\u00f1o.<\/p>\n<p style=\"text-align: justify;\">El proyecto incluye, entre otros aspectos, la recuperaci\u00f3n de los azulejos originales a trav\u00e9s de catas realizadas que han permitido comprobar la existencia de piezas originales en las partes enterradas de los muretes. Adem\u00e1s, la investigaci\u00f3n hist\u00f3rica realizada ha servido para conocer el viaje realizado por el maestro de obras Juan Hu\u00e9scar a Manises en Valencia donde compr\u00f3 los azulejos de los que todav\u00eda se conserva el modelo de cat\u00e1logo.<\/p>\n<p style=\"text-align: justify;\">Recuperaci\u00f3n del trazado original de los parterres centrales que se vieron modificados con las obras de 1975. Con el proyecto actual, los extremos de estos parterres recuperar\u00e1n su forma poligonal frente a la semicircular que tienen en este momento. Tambi\u00e9n recuperar\u00e1n su revestimiento de azulejer\u00eda decorativa.<\/p>\n<p style=\"text-align: justify;\">Recuperaci\u00f3n de los modelos de farolas originales para el alumbrado del paseo homogeneizando el dise\u00f1o y recuperando la est\u00e9tica original. La conservaci\u00f3n de las columnas de 1929 ha permitido conocer su procedencia que, en este caso, corresponde a la f\u00e1brica de hierros y fundiciones de Francisco Pe\u00f1a establecida en el Barrio del Carmen de Murcia. \u00a0As\u00ed, se conservar\u00e1n las columnas restituyendo el modelo original de los brazos de estilo modernista. Tambi\u00e9n se recupera otro modelo de farola original que exist\u00eda sobre los cuatro ca\u00f1os cuya forma de espiral le confiere tambi\u00e9n un aire modernista.<\/p>\n<p style=\"text-align: justify;\">En el recuerdo de los mule\u00f1os m\u00e1s veteranos quedan aquellos llamativos bancos alicatados con hermosos azulejos de Manises combinando el color azul cobalto con otros decorativos en tonos azulados, amarillentos y verdosos sobre fondo blanco que creaban un contraste de colores muy caracter\u00edstico del estilo espa\u00f1ol propio de la \u00e9poca. Su recuperaci\u00f3n es fundamental para lograr la est\u00e9tica original del jard\u00edn.<\/p>\n<p style=\"text-align: justify;\">Parte de la vegetaci\u00f3n ser\u00e1 redise\u00f1ada para conseguir un jard\u00edn para el deleite de los sentidos, tanto con el cambio y contraste de colores a lo largo de las estaciones del a\u00f1o como con el cultivo de especies que desprenden olor, todo ello sin dejar de conservar las especies arb\u00f3reas de gran inter\u00e9s como los dos ejemplares existentes de Sabina de Cartagena.<\/p>\n<p style=\"text-align: justify;\">Para el alcalde de Mula, Juan Jes\u00fas Moreno, esta actuaci\u00f3n viene a mostrar el compromiso que ha mantenido el Equipo de Gobierno desde el inicio de la legislatura en la recuperaci\u00f3n y puesta en valor del patrimonio mule\u00f1o. \u201cRetomar la forma original de la Glorieta en 1929 nos volver\u00e1 a mostrar esa simbiosis que la ciudad tiene con su historia y ofrecer\u00e1 la oportunidad de volver a disfrutar de este jard\u00edn como uno de los espacios m\u00e1s destacados\u201d, explicaba. \u201cHa sido un proyecto que hemos abanderado desde que llegamos al Gobierno y que muestra el compromiso que tenemos con los ciudadanos\u201d, resaltaba el alcalde.<\/p>\n<\/div><\/div><\/div><\/div><\/div><div class=\"fusion-fullwidth fullwidth-box fusion-builder-row-2 fusion-flex-container nonhundred-percent-fullwidth non-hundred-percent-height-scrolling\" style=\"--awb-border-radius-top-left:0px;--awb-border-radius-top-right:0px;--awb-border-radius-bottom-right:0px;--awb-border-radius-bottom-left:0px;--awb-flex-wrap:wrap;\" ><div class=\"fusion-builder-row fusion-row fusion-flex-align-items-flex-start fusion-flex-content-wrap\" style=\"max-width:1144px;margin-left: calc(-4% \/ 2 );margin-right: calc(-4% \/ 2 );\"><div class=\"fusion-layout-column fusion_builder_column fusion-builder-column-1 fusion_builder_column_1_1 1_1 fusion-flex-column\" style=\"--awb-bg-size:cover;--awb-width-large:100%;--awb-margin-top-large:0px;--awb-spacing-right-large:1.92%;--awb-margin-bottom-large:20px;--awb-spacing-left-large:1.92%;--awb-width-medium:100%;--awb-order-medium:0;--awb-spacing-right-medium:1.92%;--awb-spacing-left-medium:1.92%;--awb-width-small:100%;--awb-order-small:0;--awb-spacing-right-small:1.92%;--awb-spacing-left-small:1.92%;\"><div class=\"fusion-column-wrapper fusion-column-has-shadow fusion-flex-justify-content-flex-start fusion-content-layout-column\"><div class=\"fusion-text fusion-text-2\"><p><a href=\"https:\/\/mula.es\/web\/wp-content\/uploads\/2022\/07\/WhatsApp-Image-2022-07-08-at-12.36.26-PM.jpeg\"><img decoding=\"async\" data-attachment-id=\"45186\" data-permalink=\"https:\/\/mula.es\/web\/urbanismo-presentada-la-restauracion-integral-del-paseo-de-mula\/whatsapp-image-2022-07-08-at-12-36-26-pm\/\" data-orig-file=\"https:\/\/mula.es\/web\/wp-content\/uploads\/2022\/07\/WhatsApp-Image-2022-07-08-at-12.36.26-PM.jpeg\" data-orig-size=\"1600,1131\" data-comments-opened=\"0\" data-image-meta=\"\" data-image-title=\"WhatsApp Image 2022-07-08 at 12.36.26 PM\" data-image-description=\"\" data-image-caption=\"\" data-large-file=\"https:\/\/mula.es\/web\/wp-content\/uploads\/2022\/07\/WhatsApp-Image-2022-07-08-at-12.36.26-PM-1024x724.jpeg\" class=\"size-large wp-image-45186 aligncenter\" src=\"https:\/\/mula.es\/web\/wp-content\/uploads\/2022\/07\/WhatsApp-Image-2022-07-08-at-12.36.26-PM-1024x724.jpeg\" alt=\"\" width=\"1024\" height=\"724\" srcset=\"https:\/\/mula.es\/web\/wp-content\/uploads\/2022\/07\/WhatsApp-Image-2022-07-08-at-12.36.26-PM-200x141.jpeg 200w, https:\/\/mula.es\/web\/wp-content\/uploads\/2022\/07\/WhatsApp-Image-2022-07-08-at-12.36.26-PM-300x212.jpeg 300w, https:\/\/mula.es\/web\/wp-content\/uploads\/2022\/07\/WhatsApp-Image-2022-07-08-at-12.36.26-PM-400x283.jpeg 400w, https:\/\/mula.es\/web\/wp-content\/uploads\/2022\/07\/WhatsApp-Image-2022-07-08-at-12.36.26-PM-600x424.jpeg 600w, https:\/\/mula.es\/web\/wp-content\/uploads\/2022\/07\/WhatsApp-Image-2022-07-08-at-12.36.26-PM-768x543.jpeg 768w, https:\/\/mula.es\/web\/wp-content\/uploads\/2022\/07\/WhatsApp-Image-2022-07-08-at-12.36.26-PM-800x566.jpeg 800w, https:\/\/mula.es\/web\/wp-content\/uploads\/2022\/07\/WhatsApp-Image-2022-07-08-at-12.36.26-PM-1024x724.jpeg 1024w, https:\/\/mula.es\/web\/wp-content\/uploads\/2022\/07\/WhatsApp-Image-2022-07-08-at-12.36.26-PM-1200x848.jpeg 1200w, https:\/\/mula.es\/web\/wp-content\/uploads\/2022\/07\/WhatsApp-Image-2022-07-08-at-12.36.26-PM-1536x1086.jpeg 1536w, https:\/\/mula.es\/web\/wp-content\/uploads\/2022\/07\/WhatsApp-Image-2022-07-08-at-12.36.26-PM.jpeg 1600w\" sizes=\"(max-width: 1024px) 100vw, 1024px\" \/><\/a><\/p>\n<\/div><\/div><\/div><\/div><\/div><div class=\"fusion-fullwidth fullwidth-box fusion-builder-row-3 fusion-flex-container nonhundred-percent-fullwidth non-hundred-percent-height-scrolling\" style=\"--awb-border-radius-top-left:0px;--awb-border-radius-top-right:0px;--awb-border-radius-bottom-right:0px;--awb-border-radius-bottom-left:0px;--awb-flex-wrap:wrap;\" ><div class=\"fusion-builder-row fusion-row fusion-flex-align-items-flex-start fusion-flex-content-wrap\" style=\"max-width:1144px;margin-left: calc(-4% \/ 2 );margin-right: calc(-4% \/ 2 );\"><div class=\"fusion-layout-column fusion_builder_column fusion-builder-column-2 fusion_builder_column_1_2 1_2 fusion-flex-column\" style=\"--awb-bg-size:cover;--awb-width-large:50%;--awb-margin-top-large:0px;--awb-spacing-right-large:3.84%;--awb-margin-bottom-large:20px;--awb-spacing-left-large:3.84%;--awb-width-medium:50%;--awb-order-medium:0;--awb-spacing-right-medium:3.84%;--awb-spacing-left-medium:3.84%;--awb-width-small:100%;--awb-order-small:0;--awb-spacing-right-small:1.92%;--awb-spacing-left-small:1.92%;\"><div class=\"fusion-column-wrapper fusion-column-has-shadow fusion-flex-justify-content-flex-start fusion-content-layout-column\"><div class=\"fusion-text fusion-text-3\"><p><a href=\"https:\/\/mula.es\/web\/wp-content\/uploads\/2022\/07\/WhatsApp-Image-2022-07-08-at-12.36.53-PM.jpeg\"><img decoding=\"async\" data-attachment-id=\"45187\" data-permalink=\"https:\/\/mula.es\/web\/urbanismo-presentada-la-restauracion-integral-del-paseo-de-mula\/whatsapp-image-2022-07-08-at-12-36-53-pm\/\" data-orig-file=\"https:\/\/mula.es\/web\/wp-content\/uploads\/2022\/07\/WhatsApp-Image-2022-07-08-at-12.36.53-PM.jpeg\" data-orig-size=\"2000,1126\" data-comments-opened=\"0\" data-image-meta=\"\" data-image-title=\"WhatsApp Image 2022-07-08 at 12.36.53 PM\" data-image-description=\"\" data-image-caption=\"\" data-large-file=\"https:\/\/mula.es\/web\/wp-content\/uploads\/2022\/07\/WhatsApp-Image-2022-07-08-at-12.36.53-PM-1024x577.jpeg\" class=\"size-large wp-image-45187 aligncenter\" src=\"https:\/\/mula.es\/web\/wp-content\/uploads\/2022\/07\/WhatsApp-Image-2022-07-08-at-12.36.53-PM-1024x577.jpeg\" alt=\"\" width=\"1024\" height=\"577\" srcset=\"https:\/\/mula.es\/web\/wp-content\/uploads\/2022\/07\/WhatsApp-Image-2022-07-08-at-12.36.53-PM-200x113.jpeg 200w, https:\/\/mula.es\/web\/wp-content\/uploads\/2022\/07\/WhatsApp-Image-2022-07-08-at-12.36.53-PM-300x169.jpeg 300w, https:\/\/mula.es\/web\/wp-content\/uploads\/2022\/07\/WhatsApp-Image-2022-07-08-at-12.36.53-PM-400x225.jpeg 400w, https:\/\/mula.es\/web\/wp-content\/uploads\/2022\/07\/WhatsApp-Image-2022-07-08-at-12.36.53-PM-600x338.jpeg 600w, https:\/\/mula.es\/web\/wp-content\/uploads\/2022\/07\/WhatsApp-Image-2022-07-08-at-12.36.53-PM-768x432.jpeg 768w, https:\/\/mula.es\/web\/wp-content\/uploads\/2022\/07\/WhatsApp-Image-2022-07-08-at-12.36.53-PM-800x450.jpeg 800w, https:\/\/mula.es\/web\/wp-content\/uploads\/2022\/07\/WhatsApp-Image-2022-07-08-at-12.36.53-PM-1024x577.jpeg 1024w, https:\/\/mula.es\/web\/wp-content\/uploads\/2022\/07\/WhatsApp-Image-2022-07-08-at-12.36.53-PM-1200x676.jpeg 1200w, https:\/\/mula.es\/web\/wp-content\/uploads\/2022\/07\/WhatsApp-Image-2022-07-08-at-12.36.53-PM-1536x865.jpeg 1536w\" sizes=\"(max-width: 1024px) 100vw, 1024px\" \/><\/a><\/p>\n<\/div><\/div><\/div><div class=\"fusion-layout-column fusion_builder_column fusion-builder-column-3 fusion_builder_column_1_2 1_2 fusion-flex-column\" style=\"--awb-bg-size:cover;--awb-width-large:50%;--awb-margin-top-large:0px;--awb-spacing-right-large:3.84%;--awb-margin-bottom-large:20px;--awb-spacing-left-large:3.84%;--awb-width-medium:50%;--awb-order-medium:0;--awb-spacing-right-medium:3.84%;--awb-spacing-left-medium:3.84%;--awb-width-small:100%;--awb-order-small:0;--awb-spacing-right-small:1.92%;--awb-spacing-left-small:1.92%;\"><div class=\"fusion-column-wrapper fusion-column-has-shadow fusion-flex-justify-content-flex-start fusion-content-layout-column\"><div class=\"fusion-text fusion-text-4\"><p><a href=\"https:\/\/mula.es\/web\/wp-content\/uploads\/2022\/07\/WhatsApp-Image-2022-07-08-at-12.36.53-PM1.jpeg\"><img decoding=\"async\" data-attachment-id=\"45189\" data-permalink=\"https:\/\/mula.es\/web\/urbanismo-presentada-la-restauracion-integral-del-paseo-de-mula\/whatsapp-image-2022-07-08-at-12-36-53-pm1\/\" data-orig-file=\"https:\/\/mula.es\/web\/wp-content\/uploads\/2022\/07\/WhatsApp-Image-2022-07-08-at-12.36.53-PM1.jpeg\" data-orig-size=\"2000,1126\" data-comments-opened=\"0\" data-image-meta=\"\" data-image-title=\"WhatsApp Image 2022-07-08 at 12.36.53 PM(1)\" data-image-description=\"\" data-image-caption=\"\" data-large-file=\"https:\/\/mula.es\/web\/wp-content\/uploads\/2022\/07\/WhatsApp-Image-2022-07-08-at-12.36.53-PM1-1024x577.jpeg\" class=\"size-large wp-image-45189 aligncenter\" src=\"https:\/\/mula.es\/web\/wp-content\/uploads\/2022\/07\/WhatsApp-Image-2022-07-08-at-12.36.53-PM1-1024x577.jpeg\" alt=\"\" width=\"1024\" height=\"577\" srcset=\"https:\/\/mula.es\/web\/wp-content\/uploads\/2022\/07\/WhatsApp-Image-2022-07-08-at-12.36.53-PM1-200x113.jpeg 200w, https:\/\/mula.es\/web\/wp-content\/uploads\/2022\/07\/WhatsApp-Image-2022-07-08-at-12.36.53-PM1-300x169.jpeg 300w, https:\/\/mula.es\/web\/wp-content\/uploads\/2022\/07\/WhatsApp-Image-2022-07-08-at-12.36.53-PM1-400x225.jpeg 400w, https:\/\/mula.es\/web\/wp-content\/uploads\/2022\/07\/WhatsApp-Image-2022-07-08-at-12.36.53-PM1-600x338.jpeg 600w, https:\/\/mula.es\/web\/wp-content\/uploads\/2022\/07\/WhatsApp-Image-2022-07-08-at-12.36.53-PM1-768x432.jpeg 768w, https:\/\/mula.es\/web\/wp-content\/uploads\/2022\/07\/WhatsApp-Image-2022-07-08-at-12.36.53-PM1-800x450.jpeg 800w, https:\/\/mula.es\/web\/wp-content\/uploads\/2022\/07\/WhatsApp-Image-2022-07-08-at-12.36.53-PM1-1024x577.jpeg 1024w, https:\/\/mula.es\/web\/wp-content\/uploads\/2022\/07\/WhatsApp-Image-2022-07-08-at-12.36.53-PM1-1200x676.jpeg 1200w, https:\/\/mula.es\/web\/wp-content\/uploads\/2022\/07\/WhatsApp-Image-2022-07-08-at-12.36.53-PM1-1536x865.jpeg 1536w\" sizes=\"(max-width: 1024px) 100vw, 1024px\" \/><\/a><\/p>\n<\/div><\/div><\/div><\/div><\/div><\/p>\n","protected":false},"excerpt":{"rendered":"","protected":false},"author":9,"featured_media":45185,"comment_status":"closed","ping_status":"closed","sticky":false,"template":"","format":"standard","meta":{"jetpack_post_was_ever_published":false,"_jetpack_newsletter_access":"","_jetpack_dont_email_post_to_subs":false,"_jetpack_newsletter_tier_id":0,"_jetpack_memberships_contains_paywalled_content":false,"_jetpack_memberships_contains_paid_content":false,"footnotes":"","jetpack_publicize_message":"","jetpack_publicize_feature_enabled":true,"jetpack_social_post_already_shared":false,"jetpack_social_options":{"image_generator_settings":{"template":"highway","default_image_id":0,"font":"","enabled":false},"version":2}},"categories":[362],"tags":[],"class_list":["post-45184","post","type-post","status-publish","format-standard","has-post-thumbnail","hentry","category-urbanismo"],"yoast_head":"<!-- This site is optimized with the Yoast SEO plugin v27.5 - https:\/\/yoast.com\/product\/yoast-seo-wordpress\/ -->\n<title>URBANISMO | Presentada la restauraci\u00f3n integral del Paseo de Mula - Ayuntamiento de Mula<\/title>\n<meta name=\"robots\" content=\"index, follow, max-snippet:-1, max-image-preview:large, max-video-preview:-1\" \/>\n<link rel=\"canonical\" href=\"https:\/\/mula.es\/web\/urbanismo-presentada-la-restauracion-integral-del-paseo-de-mula\/\" \/>\n<meta property=\"og:locale\" content=\"es_ES\" \/>\n<meta property=\"og:type\" content=\"article\" \/>\n<meta property=\"og:title\" content=\"URBANISMO | Presentada la restauraci\u00f3n integral del Paseo de Mula - Ayuntamiento de Mula\" \/>\n<meta property=\"og:url\" content=\"https:\/\/mula.es\/web\/urbanismo-presentada-la-restauracion-integral-del-paseo-de-mula\/\" \/>\n<meta property=\"og:site_name\" content=\"Ayuntamiento de Mula\" \/>\n<meta property=\"article:published_time\" content=\"2022-07-08T11:08:16+00:00\" \/>\n<meta property=\"article:modified_time\" content=\"2022-07-08T11:09:39+00:00\" \/>\n<meta property=\"og:image\" content=\"https:\/\/mula.es\/web\/wp-content\/uploads\/2022\/07\/WhatsApp-Image-2022-07-08-at-12.36.27-PM.jpeg\" \/>\n\t<meta property=\"og:image:width\" content=\"1130\" \/>\n\t<meta property=\"og:image:height\" content=\"1600\" \/>\n\t<meta property=\"og:image:type\" content=\"image\/jpeg\" \/>\n<meta name=\"author\" content=\"Rosario Mart\u00ednez\" \/>\n<meta name=\"twitter:card\" content=\"summary_large_image\" \/>\n<meta name=\"twitter:image\" content=\"https:\/\/mula.es\/web\/wp-content\/uploads\/2020\/06\/cropped-escudo-cuadrado.jpg\" \/>\n<meta name=\"twitter:creator\" content=\"@AyuntamientMula\" \/>\n<meta name=\"twitter:site\" content=\"@AyuntamientMula\" \/>\n<meta name=\"twitter:label1\" content=\"Escrito por\" \/>\n\t<meta name=\"twitter:data1\" content=\"Rosario Mart\u00ednez\" \/>\n\t<meta name=\"twitter:label2\" content=\"Tiempo de lectura\" \/>\n\t<meta name=\"twitter:data2\" content=\"7 minutos\" \/>\n<script type=\"application\/ld+json\" class=\"yoast-schema-graph\">{\"@context\":\"https:\\\/\\\/schema.org\",\"@graph\":[{\"@type\":\"Article\",\"@id\":\"https:\\\/\\\/mula.es\\\/web\\\/urbanismo-presentada-la-restauracion-integral-del-paseo-de-mula\\\/#article\",\"isPartOf\":{\"@id\":\"https:\\\/\\\/mula.es\\\/web\\\/urbanismo-presentada-la-restauracion-integral-del-paseo-de-mula\\\/\"},\"author\":{\"name\":\"Rosario Mart\u00ednez\",\"@id\":\"https:\\\/\\\/mula.es\\\/web\\\/#\\\/schema\\\/person\\\/f8d63bd3ab6e7b025268b909b7ab0771\"},\"headline\":\"URBANISMO | Presentada la restauraci\u00f3n integral del Paseo de Mula\",\"datePublished\":\"2022-07-08T11:08:16+00:00\",\"dateModified\":\"2022-07-08T11:09:39+00:00\",\"mainEntityOfPage\":{\"@id\":\"https:\\\/\\\/mula.es\\\/web\\\/urbanismo-presentada-la-restauracion-integral-del-paseo-de-mula\\\/\"},\"wordCount\":2549,\"image\":{\"@id\":\"https:\\\/\\\/mula.es\\\/web\\\/urbanismo-presentada-la-restauracion-integral-del-paseo-de-mula\\\/#primaryimage\"},\"thumbnailUrl\":\"https:\\\/\\\/mula.es\\\/web\\\/wp-content\\\/uploads\\\/2022\\\/07\\\/WhatsApp-Image-2022-07-08-at-12.36.27-PM.jpeg\",\"articleSection\":[\"urbanismo\"],\"inLanguage\":\"es\"},{\"@type\":\"WebPage\",\"@id\":\"https:\\\/\\\/mula.es\\\/web\\\/urbanismo-presentada-la-restauracion-integral-del-paseo-de-mula\\\/\",\"url\":\"https:\\\/\\\/mula.es\\\/web\\\/urbanismo-presentada-la-restauracion-integral-del-paseo-de-mula\\\/\",\"name\":\"URBANISMO | Presentada la restauraci\u00f3n integral del Paseo de Mula - Ayuntamiento de Mula\",\"isPartOf\":{\"@id\":\"https:\\\/\\\/mula.es\\\/web\\\/#website\"},\"primaryImageOfPage\":{\"@id\":\"https:\\\/\\\/mula.es\\\/web\\\/urbanismo-presentada-la-restauracion-integral-del-paseo-de-mula\\\/#primaryimage\"},\"image\":{\"@id\":\"https:\\\/\\\/mula.es\\\/web\\\/urbanismo-presentada-la-restauracion-integral-del-paseo-de-mula\\\/#primaryimage\"},\"thumbnailUrl\":\"https:\\\/\\\/mula.es\\\/web\\\/wp-content\\\/uploads\\\/2022\\\/07\\\/WhatsApp-Image-2022-07-08-at-12.36.27-PM.jpeg\",\"datePublished\":\"2022-07-08T11:08:16+00:00\",\"dateModified\":\"2022-07-08T11:09:39+00:00\",\"author\":{\"@id\":\"https:\\\/\\\/mula.es\\\/web\\\/#\\\/schema\\\/person\\\/f8d63bd3ab6e7b025268b909b7ab0771\"},\"breadcrumb\":{\"@id\":\"https:\\\/\\\/mula.es\\\/web\\\/urbanismo-presentada-la-restauracion-integral-del-paseo-de-mula\\\/#breadcrumb\"},\"inLanguage\":\"es\",\"potentialAction\":[{\"@type\":\"ReadAction\",\"target\":[\"https:\\\/\\\/mula.es\\\/web\\\/urbanismo-presentada-la-restauracion-integral-del-paseo-de-mula\\\/\"]}]},{\"@type\":\"ImageObject\",\"inLanguage\":\"es\",\"@id\":\"https:\\\/\\\/mula.es\\\/web\\\/urbanismo-presentada-la-restauracion-integral-del-paseo-de-mula\\\/#primaryimage\",\"url\":\"https:\\\/\\\/mula.es\\\/web\\\/wp-content\\\/uploads\\\/2022\\\/07\\\/WhatsApp-Image-2022-07-08-at-12.36.27-PM.jpeg\",\"contentUrl\":\"https:\\\/\\\/mula.es\\\/web\\\/wp-content\\\/uploads\\\/2022\\\/07\\\/WhatsApp-Image-2022-07-08-at-12.36.27-PM.jpeg\",\"width\":1130,\"height\":1600,\"caption\":\"Paseo de Mula\"},{\"@type\":\"BreadcrumbList\",\"@id\":\"https:\\\/\\\/mula.es\\\/web\\\/urbanismo-presentada-la-restauracion-integral-del-paseo-de-mula\\\/#breadcrumb\",\"itemListElement\":[{\"@type\":\"ListItem\",\"position\":1,\"name\":\"Portada\",\"item\":\"https:\\\/\\\/mula.es\\\/web\\\/\"},{\"@type\":\"ListItem\",\"position\":2,\"name\":\"URBANISMO | Presentada la restauraci\u00f3n integral del Paseo de Mula\"}]},{\"@type\":\"WebSite\",\"@id\":\"https:\\\/\\\/mula.es\\\/web\\\/#website\",\"url\":\"https:\\\/\\\/mula.es\\\/web\\\/\",\"name\":\"Ayuntamiento de Mula\",\"description\":\"P\u00e1gina web del Ayuntamiento de Mula (Regi\u00f3n de Murcia)\",\"potentialAction\":[{\"@type\":\"SearchAction\",\"target\":{\"@type\":\"EntryPoint\",\"urlTemplate\":\"https:\\\/\\\/mula.es\\\/web\\\/?s={search_term_string}\"},\"query-input\":{\"@type\":\"PropertyValueSpecification\",\"valueRequired\":true,\"valueName\":\"search_term_string\"}}],\"inLanguage\":\"es\"},{\"@type\":\"Person\",\"@id\":\"https:\\\/\\\/mula.es\\\/web\\\/#\\\/schema\\\/person\\\/f8d63bd3ab6e7b025268b909b7ab0771\",\"name\":\"Rosario Mart\u00ednez\",\"image\":{\"@type\":\"ImageObject\",\"inLanguage\":\"es\",\"@id\":\"https:\\\/\\\/secure.gravatar.com\\\/avatar\\\/ce916b980ac93e5b1d36e6068357675d4e089a572ebc8789fcb807c2fb2edfef?s=96&d=mm&r=g\",\"url\":\"https:\\\/\\\/secure.gravatar.com\\\/avatar\\\/ce916b980ac93e5b1d36e6068357675d4e089a572ebc8789fcb807c2fb2edfef?s=96&d=mm&r=g\",\"contentUrl\":\"https:\\\/\\\/secure.gravatar.com\\\/avatar\\\/ce916b980ac93e5b1d36e6068357675d4e089a572ebc8789fcb807c2fb2edfef?s=96&d=mm&r=g\",\"caption\":\"Rosario Mart\u00ednez\"},\"url\":\"https:\\\/\\\/mula.es\\\/web\\\/author\\\/rmartinez\\\/\"}]}<\/script>\n<!-- \/ Yoast SEO plugin. -->","yoast_head_json":{"title":"URBANISMO | Presentada la restauraci\u00f3n integral del Paseo de Mula - Ayuntamiento de Mula","robots":{"index":"index","follow":"follow","max-snippet":"max-snippet:-1","max-image-preview":"max-image-preview:large","max-video-preview":"max-video-preview:-1"},"canonical":"https:\/\/mula.es\/web\/urbanismo-presentada-la-restauracion-integral-del-paseo-de-mula\/","og_locale":"es_ES","og_type":"article","og_title":"URBANISMO | Presentada la restauraci\u00f3n integral del Paseo de Mula - Ayuntamiento de Mula","og_url":"https:\/\/mula.es\/web\/urbanismo-presentada-la-restauracion-integral-del-paseo-de-mula\/","og_site_name":"Ayuntamiento de Mula","article_published_time":"2022-07-08T11:08:16+00:00","article_modified_time":"2022-07-08T11:09:39+00:00","og_image":[{"width":1130,"height":1600,"url":"https:\/\/mula.es\/web\/wp-content\/uploads\/2022\/07\/WhatsApp-Image-2022-07-08-at-12.36.27-PM.jpeg","type":"image\/jpeg"}],"author":"Rosario Mart\u00ednez","twitter_card":"summary_large_image","twitter_image":"https:\/\/mula.es\/web\/wp-content\/uploads\/2020\/06\/cropped-escudo-cuadrado.jpg","twitter_creator":"@AyuntamientMula","twitter_site":"@AyuntamientMula","twitter_misc":{"Escrito por":"Rosario Mart\u00ednez","Tiempo de lectura":"7 minutos"},"schema":{"@context":"https:\/\/schema.org","@graph":[{"@type":"Article","@id":"https:\/\/mula.es\/web\/urbanismo-presentada-la-restauracion-integral-del-paseo-de-mula\/#article","isPartOf":{"@id":"https:\/\/mula.es\/web\/urbanismo-presentada-la-restauracion-integral-del-paseo-de-mula\/"},"author":{"name":"Rosario Mart\u00ednez","@id":"https:\/\/mula.es\/web\/#\/schema\/person\/f8d63bd3ab6e7b025268b909b7ab0771"},"headline":"URBANISMO | Presentada la restauraci\u00f3n integral del Paseo de Mula","datePublished":"2022-07-08T11:08:16+00:00","dateModified":"2022-07-08T11:09:39+00:00","mainEntityOfPage":{"@id":"https:\/\/mula.es\/web\/urbanismo-presentada-la-restauracion-integral-del-paseo-de-mula\/"},"wordCount":2549,"image":{"@id":"https:\/\/mula.es\/web\/urbanismo-presentada-la-restauracion-integral-del-paseo-de-mula\/#primaryimage"},"thumbnailUrl":"https:\/\/mula.es\/web\/wp-content\/uploads\/2022\/07\/WhatsApp-Image-2022-07-08-at-12.36.27-PM.jpeg","articleSection":["urbanismo"],"inLanguage":"es"},{"@type":"WebPage","@id":"https:\/\/mula.es\/web\/urbanismo-presentada-la-restauracion-integral-del-paseo-de-mula\/","url":"https:\/\/mula.es\/web\/urbanismo-presentada-la-restauracion-integral-del-paseo-de-mula\/","name":"URBANISMO | Presentada la restauraci\u00f3n integral del Paseo de Mula - Ayuntamiento de Mula","isPartOf":{"@id":"https:\/\/mula.es\/web\/#website"},"primaryImageOfPage":{"@id":"https:\/\/mula.es\/web\/urbanismo-presentada-la-restauracion-integral-del-paseo-de-mula\/#primaryimage"},"image":{"@id":"https:\/\/mula.es\/web\/urbanismo-presentada-la-restauracion-integral-del-paseo-de-mula\/#primaryimage"},"thumbnailUrl":"https:\/\/mula.es\/web\/wp-content\/uploads\/2022\/07\/WhatsApp-Image-2022-07-08-at-12.36.27-PM.jpeg","datePublished":"2022-07-08T11:08:16+00:00","dateModified":"2022-07-08T11:09:39+00:00","author":{"@id":"https:\/\/mula.es\/web\/#\/schema\/person\/f8d63bd3ab6e7b025268b909b7ab0771"},"breadcrumb":{"@id":"https:\/\/mula.es\/web\/urbanismo-presentada-la-restauracion-integral-del-paseo-de-mula\/#breadcrumb"},"inLanguage":"es","potentialAction":[{"@type":"ReadAction","target":["https:\/\/mula.es\/web\/urbanismo-presentada-la-restauracion-integral-del-paseo-de-mula\/"]}]},{"@type":"ImageObject","inLanguage":"es","@id":"https:\/\/mula.es\/web\/urbanismo-presentada-la-restauracion-integral-del-paseo-de-mula\/#primaryimage","url":"https:\/\/mula.es\/web\/wp-content\/uploads\/2022\/07\/WhatsApp-Image-2022-07-08-at-12.36.27-PM.jpeg","contentUrl":"https:\/\/mula.es\/web\/wp-content\/uploads\/2022\/07\/WhatsApp-Image-2022-07-08-at-12.36.27-PM.jpeg","width":1130,"height":1600,"caption":"Paseo de Mula"},{"@type":"BreadcrumbList","@id":"https:\/\/mula.es\/web\/urbanismo-presentada-la-restauracion-integral-del-paseo-de-mula\/#breadcrumb","itemListElement":[{"@type":"ListItem","position":1,"name":"Portada","item":"https:\/\/mula.es\/web\/"},{"@type":"ListItem","position":2,"name":"URBANISMO | Presentada la restauraci\u00f3n integral del Paseo de Mula"}]},{"@type":"WebSite","@id":"https:\/\/mula.es\/web\/#website","url":"https:\/\/mula.es\/web\/","name":"Ayuntamiento de Mula","description":"P\u00e1gina web del Ayuntamiento de Mula (Regi\u00f3n de Murcia)","potentialAction":[{"@type":"SearchAction","target":{"@type":"EntryPoint","urlTemplate":"https:\/\/mula.es\/web\/?s={search_term_string}"},"query-input":{"@type":"PropertyValueSpecification","valueRequired":true,"valueName":"search_term_string"}}],"inLanguage":"es"},{"@type":"Person","@id":"https:\/\/mula.es\/web\/#\/schema\/person\/f8d63bd3ab6e7b025268b909b7ab0771","name":"Rosario Mart\u00ednez","image":{"@type":"ImageObject","inLanguage":"es","@id":"https:\/\/secure.gravatar.com\/avatar\/ce916b980ac93e5b1d36e6068357675d4e089a572ebc8789fcb807c2fb2edfef?s=96&d=mm&r=g","url":"https:\/\/secure.gravatar.com\/avatar\/ce916b980ac93e5b1d36e6068357675d4e089a572ebc8789fcb807c2fb2edfef?s=96&d=mm&r=g","contentUrl":"https:\/\/secure.gravatar.com\/avatar\/ce916b980ac93e5b1d36e6068357675d4e089a572ebc8789fcb807c2fb2edfef?s=96&d=mm&r=g","caption":"Rosario Mart\u00ednez"},"url":"https:\/\/mula.es\/web\/author\/rmartinez\/"}]}},"jetpack_publicize_connections":[],"jetpack_featured_media_url":"https:\/\/mula.es\/web\/wp-content\/uploads\/2022\/07\/WhatsApp-Image-2022-07-08-at-12.36.27-PM.jpeg","jetpack_sharing_enabled":true,"jetpack_shortlink":"https:\/\/wp.me\/pa9DMY-bKM","jetpack-related-posts":[],"_links":{"self":[{"href":"https:\/\/mula.es\/web\/wp-json\/wp\/v2\/posts\/45184","targetHints":{"allow":["GET"]}}],"collection":[{"href":"https:\/\/mula.es\/web\/wp-json\/wp\/v2\/posts"}],"about":[{"href":"https:\/\/mula.es\/web\/wp-json\/wp\/v2\/types\/post"}],"author":[{"embeddable":true,"href":"https:\/\/mula.es\/web\/wp-json\/wp\/v2\/users\/9"}],"replies":[{"embeddable":true,"href":"https:\/\/mula.es\/web\/wp-json\/wp\/v2\/comments?post=45184"}],"version-history":[{"count":2,"href":"https:\/\/mula.es\/web\/wp-json\/wp\/v2\/posts\/45184\/revisions"}],"predecessor-version":[{"id":45190,"href":"https:\/\/mula.es\/web\/wp-json\/wp\/v2\/posts\/45184\/revisions\/45190"}],"wp:featuredmedia":[{"embeddable":true,"href":"https:\/\/mula.es\/web\/wp-json\/wp\/v2\/media\/45185"}],"wp:attachment":[{"href":"https:\/\/mula.es\/web\/wp-json\/wp\/v2\/media?parent=45184"}],"wp:term":[{"taxonomy":"category","embeddable":true,"href":"https:\/\/mula.es\/web\/wp-json\/wp\/v2\/categories?post=45184"},{"taxonomy":"post_tag","embeddable":true,"href":"https:\/\/mula.es\/web\/wp-json\/wp\/v2\/tags?post=45184"}],"curies":[{"name":"wp","href":"https:\/\/api.w.org\/{rel}","templated":true}]}}