{"id":45316,"date":"2022-07-26T13:41:56","date_gmt":"2022-07-26T11:41:56","guid":{"rendered":"https:\/\/mula.es\/web\/?p=45316"},"modified":"2022-07-26T13:41:56","modified_gmt":"2022-07-26T11:41:56","slug":"sanidad-demandan-una-mayor-planificacion-sanitaria-para-los-nucleos-rurales-afectados-por-la-falta-de-servicios-en-periodo-vacacional","status":"publish","type":"post","link":"https:\/\/mula.es\/web\/sanidad-demandan-una-mayor-planificacion-sanitaria-para-los-nucleos-rurales-afectados-por-la-falta-de-servicios-en-periodo-vacacional\/","title":{"rendered":"SANIDAD | Demandan una mayor planificaci\u00f3n sanitaria para los n\u00facleos rurales afectados por la falta de servicios en periodo vacacional"},"content":{"rendered":"<p style=\"text-align: justify;\">Los consultorios de las pedan\u00edas de Y\u00e9char y La Puebla ven reducido el servicio de enfermer\u00eda teniendo que desplazarse hasta el Centro Comarcal de Mula<\/p>\n<p style=\"text-align: justify;\">El Ayuntamiento de Mula junto a la Junta Vecinal de Y\u00e9char y el ped\u00e1neo de La Puebla de Mula muestran su disconformidad a que ambas pedan\u00edas mule\u00f1as hayan tenido que sufrir falta de atenci\u00f3n de enfermer\u00eda durante dos semanas \u2013s\u00f3lo dos d\u00edas de servicio en ese periodo- obligando a los vecinos a tener que desplazarse hasta el Centro de Salud Comarcal de Mula.<\/p>\n<p style=\"text-align: justify;\">Desde el consistorio piden una mejor planificaci\u00f3n de los servicios sanitarios de cara a pr\u00f3ximas fechas ya que los n\u00facleos rurales siguen siendo los m\u00e1s perjudicados por la falta de personal durante el periodo de vacaciones a pesar de que estas poblaciones duplican el n\u00famero de habitantes.<\/p>\n<p style=\"text-align: justify;\">\u201cAgradecemos enormemente la labor que realizan los sanitarios en su atenci\u00f3n a los vecinos, incluso ellos mismos tambi\u00e9n se ven perjudicados por estos recortes, pero s\u00ed pedimos una mayor planificaci\u00f3n para que ning\u00fan n\u00facleo de poblaci\u00f3n se vea afectado por la falta de recursos\u201d, explican desde el Ayuntamiento.<\/p>\n","protected":false},"excerpt":{"rendered":"<p>Los consultorios de las pedan\u00edas de Y\u00e9char y La Puebla ven reducido el servicio de enfermer\u00eda teniendo que desplazarse hasta el Centro Comarcal de Mula El Ayuntamiento de Mula junto a la Junta Vecinal de Y\u00e9char y el ped\u00e1neo de La Puebla de Mula muestran su disconformidad a que ambas pedan\u00edas mule\u00f1as hayan tenido que  [&#8230;]<\/p>\n","protected":false},"author":9,"featured_media":33514,"comment_status":"closed","ping_status":"closed","sticky":false,"template":"","format":"standard","meta":{"jetpack_post_was_ever_published":false,"_jetpack_newsletter_access":"","_jetpack_dont_email_post_to_subs":false,"_jetpack_newsletter_tier_id":0,"_jetpack_memberships_contains_paywalled_content":false,"_jetpack_memberships_contains_paid_content":false,"footnotes":"","jetpack_publicize_message":"","jetpack_publicize_feature_enabled":true,"jetpack_social_post_already_shared":false,"jetpack_social_options":{"image_generator_settings":{"template":"highway","default_image_id":0,"font":"","enabled":false},"version":2}},"categories":[90],"tags":[],"class_list":["post-45316","post","type-post","status-publish","format-standard","has-post-thumbnail","hentry","category-sanidad"],"yoast_head":"<!-- This site is optimized with the Yoast SEO plugin v27.5 - https:\/\/yoast.com\/product\/yoast-seo-wordpress\/ -->\n<title>SANIDAD | Demandan una mayor planificaci\u00f3n sanitaria para los n\u00facleos rurales afectados por la falta de servicios en periodo vacacional - Ayuntamiento de Mula<\/title>\n<meta name=\"robots\" content=\"index, follow, max-snippet:-1, max-image-preview:large, max-video-preview:-1\" \/>\n<link rel=\"canonical\" href=\"https:\/\/mula.es\/web\/sanidad-demandan-una-mayor-planificacion-sanitaria-para-los-nucleos-rurales-afectados-por-la-falta-de-servicios-en-periodo-vacacional\/\" \/>\n<meta property=\"og:locale\" content=\"es_ES\" \/>\n<meta property=\"og:type\" content=\"article\" \/>\n<meta property=\"og:title\" content=\"SANIDAD | Demandan una mayor planificaci\u00f3n sanitaria para los n\u00facleos rurales afectados por la falta de servicios en periodo vacacional - Ayuntamiento de Mula\" \/>\n<meta property=\"og:description\" content=\"Los consultorios de las pedan\u00edas de Y\u00e9char y La Puebla ven reducido el servicio de enfermer\u00eda teniendo que desplazarse hasta el Centro Comarcal de Mula El Ayuntamiento de Mula junto a la Junta Vecinal de Y\u00e9char y el ped\u00e1neo de La Puebla de Mula muestran su disconformidad a que ambas pedan\u00edas mule\u00f1as hayan tenido que [...]\" \/>\n<meta property=\"og:url\" content=\"https:\/\/mula.es\/web\/sanidad-demandan-una-mayor-planificacion-sanitaria-para-los-nucleos-rurales-afectados-por-la-falta-de-servicios-en-periodo-vacacional\/\" \/>\n<meta property=\"og:site_name\" content=\"Ayuntamiento de Mula\" \/>\n<meta property=\"article:published_time\" content=\"2022-07-26T11:41:56+00:00\" \/>\n<meta property=\"og:image\" content=\"https:\/\/mula.es\/web\/wp-content\/uploads\/2020\/06\/cropped-escudo-cuadrado.jpg\" \/>\n\t<meta property=\"og:image:width\" content=\"512\" \/>\n\t<meta property=\"og:image:height\" content=\"512\" \/>\n\t<meta property=\"og:image:type\" content=\"image\/jpeg\" \/>\n<meta name=\"author\" content=\"Rosario Mart\u00ednez\" \/>\n<meta name=\"twitter:card\" content=\"summary_large_image\" \/>\n<meta name=\"twitter:image\" content=\"https:\/\/mula.es\/web\/wp-content\/uploads\/2020\/06\/cropped-escudo-cuadrado.jpg\" \/>\n<meta name=\"twitter:creator\" content=\"@AyuntamientMula\" \/>\n<meta name=\"twitter:site\" content=\"@AyuntamientMula\" \/>\n<meta name=\"twitter:label1\" content=\"Escrito por\" \/>\n\t<meta name=\"twitter:data1\" content=\"Rosario Mart\u00ednez\" \/>\n\t<meta name=\"twitter:label2\" content=\"Tiempo de lectura\" \/>\n\t<meta name=\"twitter:data2\" content=\"1 minuto\" \/>\n<script type=\"application\/ld+json\" class=\"yoast-schema-graph\">{\"@context\":\"https:\\\/\\\/schema.org\",\"@graph\":[{\"@type\":\"Article\",\"@id\":\"https:\\\/\\\/mula.es\\\/web\\\/sanidad-demandan-una-mayor-planificacion-sanitaria-para-los-nucleos-rurales-afectados-por-la-falta-de-servicios-en-periodo-vacacional\\\/#article\",\"isPartOf\":{\"@id\":\"https:\\\/\\\/mula.es\\\/web\\\/sanidad-demandan-una-mayor-planificacion-sanitaria-para-los-nucleos-rurales-afectados-por-la-falta-de-servicios-en-periodo-vacacional\\\/\"},\"author\":{\"name\":\"Rosario Mart\u00ednez\",\"@id\":\"https:\\\/\\\/mula.es\\\/web\\\/#\\\/schema\\\/person\\\/f8d63bd3ab6e7b025268b909b7ab0771\"},\"headline\":\"SANIDAD | Demandan una mayor planificaci\u00f3n sanitaria para los n\u00facleos rurales afectados por la falta de servicios en periodo vacacional\",\"datePublished\":\"2022-07-26T11:41:56+00:00\",\"mainEntityOfPage\":{\"@id\":\"https:\\\/\\\/mula.es\\\/web\\\/sanidad-demandan-una-mayor-planificacion-sanitaria-para-los-nucleos-rurales-afectados-por-la-falta-de-servicios-en-periodo-vacacional\\\/\"},\"wordCount\":226,\"image\":{\"@id\":\"https:\\\/\\\/mula.es\\\/web\\\/sanidad-demandan-una-mayor-planificacion-sanitaria-para-los-nucleos-rurales-afectados-por-la-falta-de-servicios-en-periodo-vacacional\\\/#primaryimage\"},\"thumbnailUrl\":\"https:\\\/\\\/mula.es\\\/web\\\/wp-content\\\/uploads\\\/2020\\\/06\\\/cropped-escudo-cuadrado.jpg\",\"articleSection\":[\"sanidad\"],\"inLanguage\":\"es\"},{\"@type\":\"WebPage\",\"@id\":\"https:\\\/\\\/mula.es\\\/web\\\/sanidad-demandan-una-mayor-planificacion-sanitaria-para-los-nucleos-rurales-afectados-por-la-falta-de-servicios-en-periodo-vacacional\\\/\",\"url\":\"https:\\\/\\\/mula.es\\\/web\\\/sanidad-demandan-una-mayor-planificacion-sanitaria-para-los-nucleos-rurales-afectados-por-la-falta-de-servicios-en-periodo-vacacional\\\/\",\"name\":\"SANIDAD | Demandan una mayor planificaci\u00f3n sanitaria para los n\u00facleos rurales afectados por la falta de servicios en periodo vacacional - Ayuntamiento de Mula\",\"isPartOf\":{\"@id\":\"https:\\\/\\\/mula.es\\\/web\\\/#website\"},\"primaryImageOfPage\":{\"@id\":\"https:\\\/\\\/mula.es\\\/web\\\/sanidad-demandan-una-mayor-planificacion-sanitaria-para-los-nucleos-rurales-afectados-por-la-falta-de-servicios-en-periodo-vacacional\\\/#primaryimage\"},\"image\":{\"@id\":\"https:\\\/\\\/mula.es\\\/web\\\/sanidad-demandan-una-mayor-planificacion-sanitaria-para-los-nucleos-rurales-afectados-por-la-falta-de-servicios-en-periodo-vacacional\\\/#primaryimage\"},\"thumbnailUrl\":\"https:\\\/\\\/mula.es\\\/web\\\/wp-content\\\/uploads\\\/2020\\\/06\\\/cropped-escudo-cuadrado.jpg\",\"datePublished\":\"2022-07-26T11:41:56+00:00\",\"author\":{\"@id\":\"https:\\\/\\\/mula.es\\\/web\\\/#\\\/schema\\\/person\\\/f8d63bd3ab6e7b025268b909b7ab0771\"},\"breadcrumb\":{\"@id\":\"https:\\\/\\\/mula.es\\\/web\\\/sanidad-demandan-una-mayor-planificacion-sanitaria-para-los-nucleos-rurales-afectados-por-la-falta-de-servicios-en-periodo-vacacional\\\/#breadcrumb\"},\"inLanguage\":\"es\",\"potentialAction\":[{\"@type\":\"ReadAction\",\"target\":[\"https:\\\/\\\/mula.es\\\/web\\\/sanidad-demandan-una-mayor-planificacion-sanitaria-para-los-nucleos-rurales-afectados-por-la-falta-de-servicios-en-periodo-vacacional\\\/\"]}]},{\"@type\":\"ImageObject\",\"inLanguage\":\"es\",\"@id\":\"https:\\\/\\\/mula.es\\\/web\\\/sanidad-demandan-una-mayor-planificacion-sanitaria-para-los-nucleos-rurales-afectados-por-la-falta-de-servicios-en-periodo-vacacional\\\/#primaryimage\",\"url\":\"https:\\\/\\\/mula.es\\\/web\\\/wp-content\\\/uploads\\\/2020\\\/06\\\/cropped-escudo-cuadrado.jpg\",\"contentUrl\":\"https:\\\/\\\/mula.es\\\/web\\\/wp-content\\\/uploads\\\/2020\\\/06\\\/cropped-escudo-cuadrado.jpg\",\"width\":512,\"height\":512},{\"@type\":\"BreadcrumbList\",\"@id\":\"https:\\\/\\\/mula.es\\\/web\\\/sanidad-demandan-una-mayor-planificacion-sanitaria-para-los-nucleos-rurales-afectados-por-la-falta-de-servicios-en-periodo-vacacional\\\/#breadcrumb\",\"itemListElement\":[{\"@type\":\"ListItem\",\"position\":1,\"name\":\"Portada\",\"item\":\"https:\\\/\\\/mula.es\\\/web\\\/\"},{\"@type\":\"ListItem\",\"position\":2,\"name\":\"SANIDAD | Demandan una mayor planificaci\u00f3n sanitaria para los n\u00facleos rurales afectados por la falta de servicios en periodo vacacional\"}]},{\"@type\":\"WebSite\",\"@id\":\"https:\\\/\\\/mula.es\\\/web\\\/#website\",\"url\":\"https:\\\/\\\/mula.es\\\/web\\\/\",\"name\":\"Ayuntamiento de Mula\",\"description\":\"P\u00e1gina web del Ayuntamiento de Mula (Regi\u00f3n de Murcia)\",\"potentialAction\":[{\"@type\":\"SearchAction\",\"target\":{\"@type\":\"EntryPoint\",\"urlTemplate\":\"https:\\\/\\\/mula.es\\\/web\\\/?s={search_term_string}\"},\"query-input\":{\"@type\":\"PropertyValueSpecification\",\"valueRequired\":true,\"valueName\":\"search_term_string\"}}],\"inLanguage\":\"es\"},{\"@type\":\"Person\",\"@id\":\"https:\\\/\\\/mula.es\\\/web\\\/#\\\/schema\\\/person\\\/f8d63bd3ab6e7b025268b909b7ab0771\",\"name\":\"Rosario Mart\u00ednez\",\"image\":{\"@type\":\"ImageObject\",\"inLanguage\":\"es\",\"@id\":\"https:\\\/\\\/secure.gravatar.com\\\/avatar\\\/ce916b980ac93e5b1d36e6068357675d4e089a572ebc8789fcb807c2fb2edfef?s=96&d=mm&r=g\",\"url\":\"https:\\\/\\\/secure.gravatar.com\\\/avatar\\\/ce916b980ac93e5b1d36e6068357675d4e089a572ebc8789fcb807c2fb2edfef?s=96&d=mm&r=g\",\"contentUrl\":\"https:\\\/\\\/secure.gravatar.com\\\/avatar\\\/ce916b980ac93e5b1d36e6068357675d4e089a572ebc8789fcb807c2fb2edfef?s=96&d=mm&r=g\",\"caption\":\"Rosario Mart\u00ednez\"},\"url\":\"https:\\\/\\\/mula.es\\\/web\\\/author\\\/rmartinez\\\/\"}]}<\/script>\n<!-- \/ Yoast SEO plugin. -->","yoast_head_json":{"title":"SANIDAD | Demandan una mayor planificaci\u00f3n sanitaria para los n\u00facleos rurales afectados por la falta de servicios en periodo vacacional - Ayuntamiento de Mula","robots":{"index":"index","follow":"follow","max-snippet":"max-snippet:-1","max-image-preview":"max-image-preview:large","max-video-preview":"max-video-preview:-1"},"canonical":"https:\/\/mula.es\/web\/sanidad-demandan-una-mayor-planificacion-sanitaria-para-los-nucleos-rurales-afectados-por-la-falta-de-servicios-en-periodo-vacacional\/","og_locale":"es_ES","og_type":"article","og_title":"SANIDAD | Demandan una mayor planificaci\u00f3n sanitaria para los n\u00facleos rurales afectados por la falta de servicios en periodo vacacional - Ayuntamiento de Mula","og_description":"Los consultorios de las pedan\u00edas de Y\u00e9char y La Puebla ven reducido el servicio de enfermer\u00eda teniendo que desplazarse hasta el Centro Comarcal de Mula El Ayuntamiento de Mula junto a la Junta Vecinal de Y\u00e9char y el ped\u00e1neo de La Puebla de Mula muestran su disconformidad a que ambas pedan\u00edas mule\u00f1as hayan tenido que [...]","og_url":"https:\/\/mula.es\/web\/sanidad-demandan-una-mayor-planificacion-sanitaria-para-los-nucleos-rurales-afectados-por-la-falta-de-servicios-en-periodo-vacacional\/","og_site_name":"Ayuntamiento de Mula","article_published_time":"2022-07-26T11:41:56+00:00","og_image":[{"width":512,"height":512,"url":"https:\/\/mula.es\/web\/wp-content\/uploads\/2020\/06\/cropped-escudo-cuadrado.jpg","type":"image\/jpeg"}],"author":"Rosario Mart\u00ednez","twitter_card":"summary_large_image","twitter_image":"https:\/\/mula.es\/web\/wp-content\/uploads\/2020\/06\/cropped-escudo-cuadrado.jpg","twitter_creator":"@AyuntamientMula","twitter_site":"@AyuntamientMula","twitter_misc":{"Escrito por":"Rosario Mart\u00ednez","Tiempo de lectura":"1 minuto"},"schema":{"@context":"https:\/\/schema.org","@graph":[{"@type":"Article","@id":"https:\/\/mula.es\/web\/sanidad-demandan-una-mayor-planificacion-sanitaria-para-los-nucleos-rurales-afectados-por-la-falta-de-servicios-en-periodo-vacacional\/#article","isPartOf":{"@id":"https:\/\/mula.es\/web\/sanidad-demandan-una-mayor-planificacion-sanitaria-para-los-nucleos-rurales-afectados-por-la-falta-de-servicios-en-periodo-vacacional\/"},"author":{"name":"Rosario Mart\u00ednez","@id":"https:\/\/mula.es\/web\/#\/schema\/person\/f8d63bd3ab6e7b025268b909b7ab0771"},"headline":"SANIDAD | Demandan una mayor planificaci\u00f3n sanitaria para los n\u00facleos rurales afectados por la falta de servicios en periodo vacacional","datePublished":"2022-07-26T11:41:56+00:00","mainEntityOfPage":{"@id":"https:\/\/mula.es\/web\/sanidad-demandan-una-mayor-planificacion-sanitaria-para-los-nucleos-rurales-afectados-por-la-falta-de-servicios-en-periodo-vacacional\/"},"wordCount":226,"image":{"@id":"https:\/\/mula.es\/web\/sanidad-demandan-una-mayor-planificacion-sanitaria-para-los-nucleos-rurales-afectados-por-la-falta-de-servicios-en-periodo-vacacional\/#primaryimage"},"thumbnailUrl":"https:\/\/mula.es\/web\/wp-content\/uploads\/2020\/06\/cropped-escudo-cuadrado.jpg","articleSection":["sanidad"],"inLanguage":"es"},{"@type":"WebPage","@id":"https:\/\/mula.es\/web\/sanidad-demandan-una-mayor-planificacion-sanitaria-para-los-nucleos-rurales-afectados-por-la-falta-de-servicios-en-periodo-vacacional\/","url":"https:\/\/mula.es\/web\/sanidad-demandan-una-mayor-planificacion-sanitaria-para-los-nucleos-rurales-afectados-por-la-falta-de-servicios-en-periodo-vacacional\/","name":"SANIDAD | Demandan una mayor planificaci\u00f3n sanitaria para los n\u00facleos rurales afectados por la falta de servicios en periodo vacacional - Ayuntamiento de Mula","isPartOf":{"@id":"https:\/\/mula.es\/web\/#website"},"primaryImageOfPage":{"@id":"https:\/\/mula.es\/web\/sanidad-demandan-una-mayor-planificacion-sanitaria-para-los-nucleos-rurales-afectados-por-la-falta-de-servicios-en-periodo-vacacional\/#primaryimage"},"image":{"@id":"https:\/\/mula.es\/web\/sanidad-demandan-una-mayor-planificacion-sanitaria-para-los-nucleos-rurales-afectados-por-la-falta-de-servicios-en-periodo-vacacional\/#primaryimage"},"thumbnailUrl":"https:\/\/mula.es\/web\/wp-content\/uploads\/2020\/06\/cropped-escudo-cuadrado.jpg","datePublished":"2022-07-26T11:41:56+00:00","author":{"@id":"https:\/\/mula.es\/web\/#\/schema\/person\/f8d63bd3ab6e7b025268b909b7ab0771"},"breadcrumb":{"@id":"https:\/\/mula.es\/web\/sanidad-demandan-una-mayor-planificacion-sanitaria-para-los-nucleos-rurales-afectados-por-la-falta-de-servicios-en-periodo-vacacional\/#breadcrumb"},"inLanguage":"es","potentialAction":[{"@type":"ReadAction","target":["https:\/\/mula.es\/web\/sanidad-demandan-una-mayor-planificacion-sanitaria-para-los-nucleos-rurales-afectados-por-la-falta-de-servicios-en-periodo-vacacional\/"]}]},{"@type":"ImageObject","inLanguage":"es","@id":"https:\/\/mula.es\/web\/sanidad-demandan-una-mayor-planificacion-sanitaria-para-los-nucleos-rurales-afectados-por-la-falta-de-servicios-en-periodo-vacacional\/#primaryimage","url":"https:\/\/mula.es\/web\/wp-content\/uploads\/2020\/06\/cropped-escudo-cuadrado.jpg","contentUrl":"https:\/\/mula.es\/web\/wp-content\/uploads\/2020\/06\/cropped-escudo-cuadrado.jpg","width":512,"height":512},{"@type":"BreadcrumbList","@id":"https:\/\/mula.es\/web\/sanidad-demandan-una-mayor-planificacion-sanitaria-para-los-nucleos-rurales-afectados-por-la-falta-de-servicios-en-periodo-vacacional\/#breadcrumb","itemListElement":[{"@type":"ListItem","position":1,"name":"Portada","item":"https:\/\/mula.es\/web\/"},{"@type":"ListItem","position":2,"name":"SANIDAD | Demandan una mayor planificaci\u00f3n sanitaria para los n\u00facleos rurales afectados por la falta de servicios en periodo vacacional"}]},{"@type":"WebSite","@id":"https:\/\/mula.es\/web\/#website","url":"https:\/\/mula.es\/web\/","name":"Ayuntamiento de Mula","description":"P\u00e1gina web del Ayuntamiento de Mula (Regi\u00f3n de Murcia)","potentialAction":[{"@type":"SearchAction","target":{"@type":"EntryPoint","urlTemplate":"https:\/\/mula.es\/web\/?s={search_term_string}"},"query-input":{"@type":"PropertyValueSpecification","valueRequired":true,"valueName":"search_term_string"}}],"inLanguage":"es"},{"@type":"Person","@id":"https:\/\/mula.es\/web\/#\/schema\/person\/f8d63bd3ab6e7b025268b909b7ab0771","name":"Rosario Mart\u00ednez","image":{"@type":"ImageObject","inLanguage":"es","@id":"https:\/\/secure.gravatar.com\/avatar\/ce916b980ac93e5b1d36e6068357675d4e089a572ebc8789fcb807c2fb2edfef?s=96&d=mm&r=g","url":"https:\/\/secure.gravatar.com\/avatar\/ce916b980ac93e5b1d36e6068357675d4e089a572ebc8789fcb807c2fb2edfef?s=96&d=mm&r=g","contentUrl":"https:\/\/secure.gravatar.com\/avatar\/ce916b980ac93e5b1d36e6068357675d4e089a572ebc8789fcb807c2fb2edfef?s=96&d=mm&r=g","caption":"Rosario Mart\u00ednez"},"url":"https:\/\/mula.es\/web\/author\/rmartinez\/"}]}},"jetpack_publicize_connections":[],"jetpack_featured_media_url":"https:\/\/mula.es\/web\/wp-content\/uploads\/2020\/06\/cropped-escudo-cuadrado.jpg","jetpack_sharing_enabled":true,"jetpack_shortlink":"https:\/\/wp.me\/pa9DMY-bMU","jetpack-related-posts":[],"_links":{"self":[{"href":"https:\/\/mula.es\/web\/wp-json\/wp\/v2\/posts\/45316","targetHints":{"allow":["GET"]}}],"collection":[{"href":"https:\/\/mula.es\/web\/wp-json\/wp\/v2\/posts"}],"about":[{"href":"https:\/\/mula.es\/web\/wp-json\/wp\/v2\/types\/post"}],"author":[{"embeddable":true,"href":"https:\/\/mula.es\/web\/wp-json\/wp\/v2\/users\/9"}],"replies":[{"embeddable":true,"href":"https:\/\/mula.es\/web\/wp-json\/wp\/v2\/comments?post=45316"}],"version-history":[{"count":1,"href":"https:\/\/mula.es\/web\/wp-json\/wp\/v2\/posts\/45316\/revisions"}],"predecessor-version":[{"id":45317,"href":"https:\/\/mula.es\/web\/wp-json\/wp\/v2\/posts\/45316\/revisions\/45317"}],"wp:featuredmedia":[{"embeddable":true,"href":"https:\/\/mula.es\/web\/wp-json\/wp\/v2\/media\/33514"}],"wp:attachment":[{"href":"https:\/\/mula.es\/web\/wp-json\/wp\/v2\/media?parent=45316"}],"wp:term":[{"taxonomy":"category","embeddable":true,"href":"https:\/\/mula.es\/web\/wp-json\/wp\/v2\/categories?post=45316"},{"taxonomy":"post_tag","embeddable":true,"href":"https:\/\/mula.es\/web\/wp-json\/wp\/v2\/tags?post=45316"}],"curies":[{"name":"wp","href":"https:\/\/api.w.org\/{rel}","templated":true}]}}