{"id":45353,"date":"2022-07-29T11:41:21","date_gmt":"2022-07-29T09:41:21","guid":{"rendered":"https:\/\/mula.es\/web\/?p=45353"},"modified":"2022-07-29T11:44:01","modified_gmt":"2022-07-29T09:44:01","slug":"deportes-vii-cross-popular-fuente-librilla-4-de-septiembre","status":"publish","type":"post","link":"https:\/\/mula.es\/web\/deportes-vii-cross-popular-fuente-librilla-4-de-septiembre\/","title":{"rendered":"DEPORTES | VII Cross Popular Fuente Librilla &#8211; 4 de septiembre"},"content":{"rendered":"<div class=\"separator\">\n<div class=\"separator\" style=\"text-align: center;\"><strong>\u00a0\u00a1\u00a1\u00a1NUNCA CAMINAR\u00c1S SOLO!!<\/strong><\/div>\n<div><\/div>\n<div style=\"text-align: justify;\">La \u00abAsociaci\u00f3n Plataforma por el Medio Ambiente de Fuente Librilla\u00bb, con la organizaci\u00f3n de\u00a0<a class=\"profileLink\" title=\"Tolin Mayor Romero\" href=\"https:\/\/www.facebook.com\/TOLIN21?__tn__=%2CdK-R-R&amp;eid=ARA6zvpHgkCeS3fCq9kWoqt0WoYmkFOwZNtcrTSaqXZqRkqVk8tGbRWspOjuBOIE2uUC64dAV4qYCsgf&amp;fref=mentions\" data-hovercard-prefer-more-content-show=\"1\" data-hovercard=\"\/ajax\/hovercard\/user.php?id=1321658171&amp;extragetparams=%7B%22__tn__%22%3A%22%2CdK-R-R%22%2C%22eid%22%3A%22ARA6zvpHgkCeS3fCq9kWoqt0WoYmkFOwZNtcrTSaqXZqRkqVk8tGbRWspOjuBOIE2uUC64dAV4qYCsgf%22%2C%22fref%22%3A%22mentions%22%7D\">Tolin Mayor Romero<\/a>\u00a0,\u00a0<a class=\"profileLink\" title=\"Julio Navarro Palma\" href=\"https:\/\/www.facebook.com\/juli.navarropalma?__tn__=%2CdK-R-R&amp;eid=ARDmJd-xwVpElEdY0c7erTa9wJJsJNNgWa0Wf_07yH_7rr2P0ON1qmkWpO9ychZAG01O1Av9HjWsD2FH&amp;fref=mentions\" data-hovercard-prefer-more-content-show=\"1\" data-hovercard=\"\/ajax\/hovercard\/user.php?id=100002055270730&amp;extragetparams=%7B%22__tn__%22%3A%22%2CdK-R-R%22%2C%22eid%22%3A%22ARDmJd-xwVpElEdY0c7erTa9wJJsJNNgWa0Wf_07yH_7rr2P0ON1qmkWpO9ychZAG01O1Av9HjWsD2FH%22%2C%22fref%22%3A%22mentions%22%7D\">Julio Navarro Palma<\/a>\u00a0y la colaboraci\u00f3n del Excmo. Ayuntamiento de Mula, la Junta Vecinal de Fuente Librilla y la Federaci\u00f3n de Atletismo de la Regi\u00f3n de Murcia, os damos la bienvenida al \u201cVII CROSS POPULAR DE FUENTE LIBRILLA 11.5Km\u201d. Desde el mi\u00e9rcoles, 6 de julio, a las 20 horas, quedar\u00e1 abierto el periodo de inscripci\u00f3n (con el premio al 1er inscrito en la gratuidad de la misma).\u00a0La fecha elegida es el domingo, 4 de septiembre de 2022, a las 9:30, queda incluida como la 19\u00aa Jornada del \u201cRunning Challenge Regi\u00f3n de Murcia 2022\u201d y que en esta edici\u00f3n sigue contando con la modalidad de senderismo (08:45h).<\/div>\n<div style=\"text-align: justify;\"><span class=\"text_exposed_show\">Este a\u00f1o la prueba ser\u00e1 ben\u00e9fica a favor de la ASOCIACI\u00d3N ESPA\u00d1OLA DE MASTOCITOSIS Y ENFERMEDADES RELACIONADAS, donando 1 euro por corredor a su labor de atenci\u00f3n a personas con Mastocitosis, a sus familias y cuidadores.. Pudiendo ver su gran trabajo en su p\u00e1gina web:\u00a0<\/span><a href=\"https:\/\/www.mastocitosis.com\/\" target=\"_blank\" rel=\"noopener\">https:\/\/www.mastocitosis.com\/<\/a>.<\/div>\n<div><\/div>\n<div style=\"text-align: justify;\"><span class=\"text_exposed_show\">Os invitamos a todos los atletas que participasteis en las seis ediciones pasadas a que volv\u00e1is y disfrut\u00e9is de una experiencia tan bonita y memorable. Y a los que no pudisteis asistir, animaros a hacerlo.<\/span><\/div>\n<div><\/div>\n<div style=\"text-align: justify;\"><span class=\"text_exposed_show\">En esta edici\u00f3n volvemos a contar con grandes premios, sorteos, animaci\u00f3n\u2026 Toda la informaci\u00f3n de la prueba la ten\u00e9is visitando nuestra web:<a href=\"https:\/\/crossfuentelibrilla.blogspot.com\/?fbclid=IwAR2Qu-OyUK5IuRH3aDC_XPeAFBC9VA-wPRGu4lpsfYwvJE0dyFJuP0tHutY\" target=\"_blank\" rel=\"nofollow noopener\" data-ft=\"{&quot;tn&quot;:&quot;-U&quot;}\" data-lynx-mode=\"asynclazy\" data-lynx-uri=\"https:\/\/l.facebook.com\/l.php?u=https%3A%2F%2Fcrossfuentelibrilla.blogspot.com%2F%3Ffbclid%3DIwAR2Qu-OyUK5IuRH3aDC_XPeAFBC9VA-wPRGu4lpsfYwvJE0dyFJuP0tHutY&amp;h=AT2sDS5SnhIWXm4cgkdk-FdgjoKS62imuewNJFShEaYmU4dThJ-23ShvNSuyUocD5Z0VxdHS_TacbIIYZQLqTdqF7dwNK1njW7oqZZxqENajfggaLJ0v1lt3gALAeTIknt_sLlRyn4uuGXuyc0D4SkbJdbAmWiC99R0c0g\">http:\/\/crossfuentelibrilla.blogspot.com\/<\/a>, as\u00ed como, hacernos llegar todas aquellas dudas o incidencias que os surjan.<\/span><\/div>\n<div><\/div>\n<div style=\"text-align: justify;\"><span class=\"text_exposed_show\">Os seguiremos manteniendo informados de todas las novedades que os preparemos.<\/span><\/div>\n<div><\/div>\n<div style=\"text-align: justify;\"><span class=\"text_exposed_show\">Por \u00faltimo, dar las gracias a todos los colaboradores y patrocinadores que hab\u00e9is hecho posible que volvamos una edici\u00f3n m\u00e1s.<\/span><\/div>\n<div style=\"text-align: justify;\"><span class=\"text_exposed_show\">Inscr\u00edbete a partir del mi\u00e9rcoles, 6 de julio de 2022, en los enlaces de las w<\/span><span class=\"text_exposed_show\">ebs:<a href=\"http:\/\/www.famu.es\/?fbclid=IwAR1HkTbRyQm8hw3uDb22TbAPSbOiR6ZiW3y4jgvqDjEtsSfE9Xho9T-bm9M\" target=\"_blank\" rel=\"nofollow noopener\" data-ft=\"{&quot;tn&quot;:&quot;-U&quot;}\" data-lynx-mode=\"asynclazy\" data-lynx-uri=\"https:\/\/l.facebook.com\/l.php?u=http%3A%2F%2Fwww.famu.es%2F%3Ffbclid%3DIwAR1HkTbRyQm8hw3uDb22TbAPSbOiR6ZiW3y4jgvqDjEtsSfE9Xho9T-bm9M&amp;h=AT3qBaWOHwY34ZAbvO1Ln6BehA44rSCntIf-QzCY0HrbjnnNi5YQ8DLYT_9qjDARwvihNNKooVQY0R3gUwcV56PqixcdprIGdxtpVzrnszQ8TVOUniPjfFb26yhi3ZXtoxB8bptRc3QEbmSw-9UIqE2Sk7o4shy3iqfrig\">www.famu.es<\/a><\/span><\/div>\n<div style=\"text-align: justify;\"><span class=\"text_exposed_show\"><a href=\"http:\/\/www.dorsal21.com\/?fbclid=IwAR0CsWJExG2kWz0dscDtEzEdoPf71IGVEzLM7cuOUybzWDuVylzx7D68Fss\" target=\"_blank\" rel=\"nofollow noopener\" data-ft=\"{&quot;tn&quot;:&quot;-U&quot;}\" data-lynx-mode=\"asynclazy\" data-lynx-uri=\"https:\/\/l.facebook.com\/l.php?u=http%3A%2F%2Fwww.dorsal21.com%2F%3Ffbclid%3DIwAR0CsWJExG2kWz0dscDtEzEdoPf71IGVEzLM7cuOUybzWDuVylzx7D68Fss&amp;h=AT2zAnFH9Rj9BuWCDsN8dnw2StmN4iWnZdcOhplpx-TQl7zHOiClA96NbnVOAr-89YISqWMs9LxLJ6FVtpLbX4REDNe2uFFmLSEXIAIHBmJrovTsYhjsPDXxXVX8JVmClvVnAXDbkT45PL_RxU1NSWUOo3E7DFbTu09GFQ\">www.dorsal21.com<\/a><\/span><\/div>\n<div><\/div>\n<div style=\"text-align: justify;\"><strong><span class=\"text_exposed_show\">Enlace de inscripci\u00f3n: <\/span><a href=\"https:\/\/www.alcanzatumeta.es\/inscripcionp1.php?id=683212\">https:\/\/www.alcanzatumeta.es\/inscripcionp1.php?id=683212<\/a><\/strong><\/div>\n<\/div>\n","protected":false},"excerpt":{"rendered":"<p>\u00a0\u00a1\u00a1\u00a1NUNCA CAMINAR\u00c1S SOLO!! La \u00abAsociaci\u00f3n Plataforma por el Medio Ambiente de Fuente Librilla\u00bb, con la organizaci\u00f3n de\u00a0Tolin Mayor Romero\u00a0,\u00a0Julio Navarro Palma\u00a0y la colaboraci\u00f3n del Excmo. Ayuntamiento de Mula, la Junta Vecinal de Fuente Librilla y la Federaci\u00f3n de Atletismo de la Regi\u00f3n de Murcia, os damos la bienvenida al \u201cVII CROSS POPULAR DE FUENTE LIBRILLA  [&#8230;]<\/p>\n","protected":false},"author":9,"featured_media":45354,"comment_status":"closed","ping_status":"closed","sticky":false,"template":"","format":"standard","meta":{"jetpack_post_was_ever_published":false,"_jetpack_newsletter_access":"","_jetpack_dont_email_post_to_subs":false,"_jetpack_newsletter_tier_id":0,"_jetpack_memberships_contains_paywalled_content":false,"_jetpack_memberships_contains_paid_content":false,"footnotes":"","jetpack_publicize_message":"","jetpack_publicize_feature_enabled":true,"jetpack_social_post_already_shared":false,"jetpack_social_options":{"image_generator_settings":{"template":"highway","default_image_id":0,"font":"","enabled":false},"version":2}},"categories":[88],"tags":[],"class_list":["post-45353","post","type-post","status-publish","format-standard","has-post-thumbnail","hentry","category-deportes"],"yoast_head":"<!-- This site is optimized with the Yoast SEO plugin v27.4 - https:\/\/yoast.com\/product\/yoast-seo-wordpress\/ -->\n<title>DEPORTES | VII Cross Popular Fuente Librilla - 4 de septiembre - Ayuntamiento de Mula<\/title>\n<meta name=\"robots\" content=\"index, follow, max-snippet:-1, max-image-preview:large, max-video-preview:-1\" \/>\n<link rel=\"canonical\" href=\"https:\/\/mula.es\/web\/deportes-vii-cross-popular-fuente-librilla-4-de-septiembre\/\" \/>\n<meta property=\"og:locale\" content=\"es_ES\" \/>\n<meta property=\"og:type\" content=\"article\" \/>\n<meta property=\"og:title\" content=\"DEPORTES | VII Cross Popular Fuente Librilla - 4 de septiembre - Ayuntamiento de Mula\" \/>\n<meta property=\"og:description\" content=\"\u00a0\u00a1\u00a1\u00a1NUNCA CAMINAR\u00c1S SOLO!! La \u00abAsociaci\u00f3n Plataforma por el Medio Ambiente de Fuente Librilla\u00bb, con la organizaci\u00f3n de\u00a0Tolin Mayor Romero\u00a0,\u00a0Julio Navarro Palma\u00a0y la colaboraci\u00f3n del Excmo. Ayuntamiento de Mula, la Junta Vecinal de Fuente Librilla y la Federaci\u00f3n de Atletismo de la Regi\u00f3n de Murcia, os damos la bienvenida al \u201cVII CROSS POPULAR DE FUENTE LIBRILLA [...]\" \/>\n<meta property=\"og:url\" content=\"https:\/\/mula.es\/web\/deportes-vii-cross-popular-fuente-librilla-4-de-septiembre\/\" \/>\n<meta property=\"og:site_name\" content=\"Ayuntamiento de Mula\" \/>\n<meta property=\"article:published_time\" content=\"2022-07-29T09:41:21+00:00\" \/>\n<meta property=\"article:modified_time\" content=\"2022-07-29T09:44:01+00:00\" \/>\n<meta property=\"og:image\" content=\"https:\/\/mula.es\/web\/wp-content\/uploads\/2022\/07\/cross_fuente_librilla_2022.jpg\" \/>\n\t<meta property=\"og:image:width\" content=\"747\" \/>\n\t<meta property=\"og:image:height\" content=\"478\" \/>\n\t<meta property=\"og:image:type\" content=\"image\/jpeg\" \/>\n<meta name=\"author\" content=\"Rosario Mart\u00ednez\" \/>\n<meta name=\"twitter:card\" content=\"summary_large_image\" \/>\n<meta name=\"twitter:image\" content=\"https:\/\/mula.es\/web\/wp-content\/uploads\/2020\/06\/escudo-cuadrado-e1591045058235.jpg\" \/>\n<meta name=\"twitter:creator\" content=\"@AyuntamientMula\" \/>\n<meta name=\"twitter:site\" content=\"@AyuntamientMula\" \/>\n<meta name=\"twitter:label1\" content=\"Escrito por\" \/>\n\t<meta name=\"twitter:data1\" content=\"Rosario Mart\u00ednez\" \/>\n\t<meta name=\"twitter:label2\" content=\"Tiempo de lectura\" \/>\n\t<meta name=\"twitter:data2\" content=\"2 minutos\" \/>\n<script type=\"application\/ld+json\" class=\"yoast-schema-graph\">{\"@context\":\"https:\\\/\\\/schema.org\",\"@graph\":[{\"@type\":\"Article\",\"@id\":\"https:\\\/\\\/mula.es\\\/web\\\/deportes-vii-cross-popular-fuente-librilla-4-de-septiembre\\\/#article\",\"isPartOf\":{\"@id\":\"https:\\\/\\\/mula.es\\\/web\\\/deportes-vii-cross-popular-fuente-librilla-4-de-septiembre\\\/\"},\"author\":{\"name\":\"Rosario Mart\u00ednez\",\"@id\":\"https:\\\/\\\/mula.es\\\/web\\\/#\\\/schema\\\/person\\\/f8d63bd3ab6e7b025268b909b7ab0771\"},\"headline\":\"DEPORTES | VII Cross Popular Fuente Librilla &#8211; 4 de septiembre\",\"datePublished\":\"2022-07-29T09:41:21+00:00\",\"dateModified\":\"2022-07-29T09:44:01+00:00\",\"mainEntityOfPage\":{\"@id\":\"https:\\\/\\\/mula.es\\\/web\\\/deportes-vii-cross-popular-fuente-librilla-4-de-septiembre\\\/\"},\"wordCount\":340,\"image\":{\"@id\":\"https:\\\/\\\/mula.es\\\/web\\\/deportes-vii-cross-popular-fuente-librilla-4-de-septiembre\\\/#primaryimage\"},\"thumbnailUrl\":\"https:\\\/\\\/mula.es\\\/web\\\/wp-content\\\/uploads\\\/2022\\\/07\\\/cross_fuente_librilla_2022.jpg\",\"articleSection\":[\"deportes\"],\"inLanguage\":\"es\"},{\"@type\":\"WebPage\",\"@id\":\"https:\\\/\\\/mula.es\\\/web\\\/deportes-vii-cross-popular-fuente-librilla-4-de-septiembre\\\/\",\"url\":\"https:\\\/\\\/mula.es\\\/web\\\/deportes-vii-cross-popular-fuente-librilla-4-de-septiembre\\\/\",\"name\":\"DEPORTES | VII Cross Popular Fuente Librilla - 4 de septiembre - Ayuntamiento de Mula\",\"isPartOf\":{\"@id\":\"https:\\\/\\\/mula.es\\\/web\\\/#website\"},\"primaryImageOfPage\":{\"@id\":\"https:\\\/\\\/mula.es\\\/web\\\/deportes-vii-cross-popular-fuente-librilla-4-de-septiembre\\\/#primaryimage\"},\"image\":{\"@id\":\"https:\\\/\\\/mula.es\\\/web\\\/deportes-vii-cross-popular-fuente-librilla-4-de-septiembre\\\/#primaryimage\"},\"thumbnailUrl\":\"https:\\\/\\\/mula.es\\\/web\\\/wp-content\\\/uploads\\\/2022\\\/07\\\/cross_fuente_librilla_2022.jpg\",\"datePublished\":\"2022-07-29T09:41:21+00:00\",\"dateModified\":\"2022-07-29T09:44:01+00:00\",\"author\":{\"@id\":\"https:\\\/\\\/mula.es\\\/web\\\/#\\\/schema\\\/person\\\/f8d63bd3ab6e7b025268b909b7ab0771\"},\"breadcrumb\":{\"@id\":\"https:\\\/\\\/mula.es\\\/web\\\/deportes-vii-cross-popular-fuente-librilla-4-de-septiembre\\\/#breadcrumb\"},\"inLanguage\":\"es\",\"potentialAction\":[{\"@type\":\"ReadAction\",\"target\":[\"https:\\\/\\\/mula.es\\\/web\\\/deportes-vii-cross-popular-fuente-librilla-4-de-septiembre\\\/\"]}]},{\"@type\":\"ImageObject\",\"inLanguage\":\"es\",\"@id\":\"https:\\\/\\\/mula.es\\\/web\\\/deportes-vii-cross-popular-fuente-librilla-4-de-septiembre\\\/#primaryimage\",\"url\":\"https:\\\/\\\/mula.es\\\/web\\\/wp-content\\\/uploads\\\/2022\\\/07\\\/cross_fuente_librilla_2022.jpg\",\"contentUrl\":\"https:\\\/\\\/mula.es\\\/web\\\/wp-content\\\/uploads\\\/2022\\\/07\\\/cross_fuente_librilla_2022.jpg\",\"width\":747,\"height\":478},{\"@type\":\"BreadcrumbList\",\"@id\":\"https:\\\/\\\/mula.es\\\/web\\\/deportes-vii-cross-popular-fuente-librilla-4-de-septiembre\\\/#breadcrumb\",\"itemListElement\":[{\"@type\":\"ListItem\",\"position\":1,\"name\":\"Portada\",\"item\":\"https:\\\/\\\/mula.es\\\/web\\\/\"},{\"@type\":\"ListItem\",\"position\":2,\"name\":\"DEPORTES | VII Cross Popular Fuente Librilla &#8211; 4 de septiembre\"}]},{\"@type\":\"WebSite\",\"@id\":\"https:\\\/\\\/mula.es\\\/web\\\/#website\",\"url\":\"https:\\\/\\\/mula.es\\\/web\\\/\",\"name\":\"Ayuntamiento de Mula\",\"description\":\"P\u00e1gina web del Ayuntamiento de Mula (Regi\u00f3n de Murcia)\",\"potentialAction\":[{\"@type\":\"SearchAction\",\"target\":{\"@type\":\"EntryPoint\",\"urlTemplate\":\"https:\\\/\\\/mula.es\\\/web\\\/?s={search_term_string}\"},\"query-input\":{\"@type\":\"PropertyValueSpecification\",\"valueRequired\":true,\"valueName\":\"search_term_string\"}}],\"inLanguage\":\"es\"},{\"@type\":\"Person\",\"@id\":\"https:\\\/\\\/mula.es\\\/web\\\/#\\\/schema\\\/person\\\/f8d63bd3ab6e7b025268b909b7ab0771\",\"name\":\"Rosario Mart\u00ednez\",\"image\":{\"@type\":\"ImageObject\",\"inLanguage\":\"es\",\"@id\":\"https:\\\/\\\/secure.gravatar.com\\\/avatar\\\/ce916b980ac93e5b1d36e6068357675d4e089a572ebc8789fcb807c2fb2edfef?s=96&d=mm&r=g\",\"url\":\"https:\\\/\\\/secure.gravatar.com\\\/avatar\\\/ce916b980ac93e5b1d36e6068357675d4e089a572ebc8789fcb807c2fb2edfef?s=96&d=mm&r=g\",\"contentUrl\":\"https:\\\/\\\/secure.gravatar.com\\\/avatar\\\/ce916b980ac93e5b1d36e6068357675d4e089a572ebc8789fcb807c2fb2edfef?s=96&d=mm&r=g\",\"caption\":\"Rosario Mart\u00ednez\"},\"url\":\"https:\\\/\\\/mula.es\\\/web\\\/author\\\/rmartinez\\\/\"}]}<\/script>\n<!-- \/ Yoast SEO plugin. -->","yoast_head_json":{"title":"DEPORTES | VII Cross Popular Fuente Librilla - 4 de septiembre - Ayuntamiento de Mula","robots":{"index":"index","follow":"follow","max-snippet":"max-snippet:-1","max-image-preview":"max-image-preview:large","max-video-preview":"max-video-preview:-1"},"canonical":"https:\/\/mula.es\/web\/deportes-vii-cross-popular-fuente-librilla-4-de-septiembre\/","og_locale":"es_ES","og_type":"article","og_title":"DEPORTES | VII Cross Popular Fuente Librilla - 4 de septiembre - Ayuntamiento de Mula","og_description":"\u00a0\u00a1\u00a1\u00a1NUNCA CAMINAR\u00c1S SOLO!! La \u00abAsociaci\u00f3n Plataforma por el Medio Ambiente de Fuente Librilla\u00bb, con la organizaci\u00f3n de\u00a0Tolin Mayor Romero\u00a0,\u00a0Julio Navarro Palma\u00a0y la colaboraci\u00f3n del Excmo. Ayuntamiento de Mula, la Junta Vecinal de Fuente Librilla y la Federaci\u00f3n de Atletismo de la Regi\u00f3n de Murcia, os damos la bienvenida al \u201cVII CROSS POPULAR DE FUENTE LIBRILLA [...]","og_url":"https:\/\/mula.es\/web\/deportes-vii-cross-popular-fuente-librilla-4-de-septiembre\/","og_site_name":"Ayuntamiento de Mula","article_published_time":"2022-07-29T09:41:21+00:00","article_modified_time":"2022-07-29T09:44:01+00:00","og_image":[{"width":747,"height":478,"url":"https:\/\/mula.es\/web\/wp-content\/uploads\/2022\/07\/cross_fuente_librilla_2022.jpg","type":"image\/jpeg"}],"author":"Rosario Mart\u00ednez","twitter_card":"summary_large_image","twitter_image":"https:\/\/mula.es\/web\/wp-content\/uploads\/2020\/06\/escudo-cuadrado-e1591045058235.jpg","twitter_creator":"@AyuntamientMula","twitter_site":"@AyuntamientMula","twitter_misc":{"Escrito por":"Rosario Mart\u00ednez","Tiempo de lectura":"2 minutos"},"schema":{"@context":"https:\/\/schema.org","@graph":[{"@type":"Article","@id":"https:\/\/mula.es\/web\/deportes-vii-cross-popular-fuente-librilla-4-de-septiembre\/#article","isPartOf":{"@id":"https:\/\/mula.es\/web\/deportes-vii-cross-popular-fuente-librilla-4-de-septiembre\/"},"author":{"name":"Rosario Mart\u00ednez","@id":"https:\/\/mula.es\/web\/#\/schema\/person\/f8d63bd3ab6e7b025268b909b7ab0771"},"headline":"DEPORTES | VII Cross Popular Fuente Librilla &#8211; 4 de septiembre","datePublished":"2022-07-29T09:41:21+00:00","dateModified":"2022-07-29T09:44:01+00:00","mainEntityOfPage":{"@id":"https:\/\/mula.es\/web\/deportes-vii-cross-popular-fuente-librilla-4-de-septiembre\/"},"wordCount":340,"image":{"@id":"https:\/\/mula.es\/web\/deportes-vii-cross-popular-fuente-librilla-4-de-septiembre\/#primaryimage"},"thumbnailUrl":"https:\/\/mula.es\/web\/wp-content\/uploads\/2022\/07\/cross_fuente_librilla_2022.jpg","articleSection":["deportes"],"inLanguage":"es"},{"@type":"WebPage","@id":"https:\/\/mula.es\/web\/deportes-vii-cross-popular-fuente-librilla-4-de-septiembre\/","url":"https:\/\/mula.es\/web\/deportes-vii-cross-popular-fuente-librilla-4-de-septiembre\/","name":"DEPORTES | VII Cross Popular Fuente Librilla - 4 de septiembre - Ayuntamiento de Mula","isPartOf":{"@id":"https:\/\/mula.es\/web\/#website"},"primaryImageOfPage":{"@id":"https:\/\/mula.es\/web\/deportes-vii-cross-popular-fuente-librilla-4-de-septiembre\/#primaryimage"},"image":{"@id":"https:\/\/mula.es\/web\/deportes-vii-cross-popular-fuente-librilla-4-de-septiembre\/#primaryimage"},"thumbnailUrl":"https:\/\/mula.es\/web\/wp-content\/uploads\/2022\/07\/cross_fuente_librilla_2022.jpg","datePublished":"2022-07-29T09:41:21+00:00","dateModified":"2022-07-29T09:44:01+00:00","author":{"@id":"https:\/\/mula.es\/web\/#\/schema\/person\/f8d63bd3ab6e7b025268b909b7ab0771"},"breadcrumb":{"@id":"https:\/\/mula.es\/web\/deportes-vii-cross-popular-fuente-librilla-4-de-septiembre\/#breadcrumb"},"inLanguage":"es","potentialAction":[{"@type":"ReadAction","target":["https:\/\/mula.es\/web\/deportes-vii-cross-popular-fuente-librilla-4-de-septiembre\/"]}]},{"@type":"ImageObject","inLanguage":"es","@id":"https:\/\/mula.es\/web\/deportes-vii-cross-popular-fuente-librilla-4-de-septiembre\/#primaryimage","url":"https:\/\/mula.es\/web\/wp-content\/uploads\/2022\/07\/cross_fuente_librilla_2022.jpg","contentUrl":"https:\/\/mula.es\/web\/wp-content\/uploads\/2022\/07\/cross_fuente_librilla_2022.jpg","width":747,"height":478},{"@type":"BreadcrumbList","@id":"https:\/\/mula.es\/web\/deportes-vii-cross-popular-fuente-librilla-4-de-septiembre\/#breadcrumb","itemListElement":[{"@type":"ListItem","position":1,"name":"Portada","item":"https:\/\/mula.es\/web\/"},{"@type":"ListItem","position":2,"name":"DEPORTES | VII Cross Popular Fuente Librilla &#8211; 4 de septiembre"}]},{"@type":"WebSite","@id":"https:\/\/mula.es\/web\/#website","url":"https:\/\/mula.es\/web\/","name":"Ayuntamiento de Mula","description":"P\u00e1gina web del Ayuntamiento de Mula (Regi\u00f3n de Murcia)","potentialAction":[{"@type":"SearchAction","target":{"@type":"EntryPoint","urlTemplate":"https:\/\/mula.es\/web\/?s={search_term_string}"},"query-input":{"@type":"PropertyValueSpecification","valueRequired":true,"valueName":"search_term_string"}}],"inLanguage":"es"},{"@type":"Person","@id":"https:\/\/mula.es\/web\/#\/schema\/person\/f8d63bd3ab6e7b025268b909b7ab0771","name":"Rosario Mart\u00ednez","image":{"@type":"ImageObject","inLanguage":"es","@id":"https:\/\/secure.gravatar.com\/avatar\/ce916b980ac93e5b1d36e6068357675d4e089a572ebc8789fcb807c2fb2edfef?s=96&d=mm&r=g","url":"https:\/\/secure.gravatar.com\/avatar\/ce916b980ac93e5b1d36e6068357675d4e089a572ebc8789fcb807c2fb2edfef?s=96&d=mm&r=g","contentUrl":"https:\/\/secure.gravatar.com\/avatar\/ce916b980ac93e5b1d36e6068357675d4e089a572ebc8789fcb807c2fb2edfef?s=96&d=mm&r=g","caption":"Rosario Mart\u00ednez"},"url":"https:\/\/mula.es\/web\/author\/rmartinez\/"}]}},"jetpack_publicize_connections":[],"jetpack_featured_media_url":"https:\/\/mula.es\/web\/wp-content\/uploads\/2022\/07\/cross_fuente_librilla_2022.jpg","jetpack_sharing_enabled":true,"jetpack_shortlink":"https:\/\/wp.me\/pa9DMY-bNv","jetpack-related-posts":[],"_links":{"self":[{"href":"https:\/\/mula.es\/web\/wp-json\/wp\/v2\/posts\/45353","targetHints":{"allow":["GET"]}}],"collection":[{"href":"https:\/\/mula.es\/web\/wp-json\/wp\/v2\/posts"}],"about":[{"href":"https:\/\/mula.es\/web\/wp-json\/wp\/v2\/types\/post"}],"author":[{"embeddable":true,"href":"https:\/\/mula.es\/web\/wp-json\/wp\/v2\/users\/9"}],"replies":[{"embeddable":true,"href":"https:\/\/mula.es\/web\/wp-json\/wp\/v2\/comments?post=45353"}],"version-history":[{"count":3,"href":"https:\/\/mula.es\/web\/wp-json\/wp\/v2\/posts\/45353\/revisions"}],"predecessor-version":[{"id":45357,"href":"https:\/\/mula.es\/web\/wp-json\/wp\/v2\/posts\/45353\/revisions\/45357"}],"wp:featuredmedia":[{"embeddable":true,"href":"https:\/\/mula.es\/web\/wp-json\/wp\/v2\/media\/45354"}],"wp:attachment":[{"href":"https:\/\/mula.es\/web\/wp-json\/wp\/v2\/media?parent=45353"}],"wp:term":[{"taxonomy":"category","embeddable":true,"href":"https:\/\/mula.es\/web\/wp-json\/wp\/v2\/categories?post=45353"},{"taxonomy":"post_tag","embeddable":true,"href":"https:\/\/mula.es\/web\/wp-json\/wp\/v2\/tags?post=45353"}],"curies":[{"name":"wp","href":"https:\/\/api.w.org\/{rel}","templated":true}]}}