{"id":45382,"date":"2022-08-04T13:58:58","date_gmt":"2022-08-04T11:58:58","guid":{"rendered":"https:\/\/mula.es\/web\/?p=45382"},"modified":"2022-08-25T14:24:24","modified_gmt":"2022-08-25T12:24:24","slug":"festejos-musica-ocio-y-diversion-formaran-parte-de-la-feria-y-fiestas-de-mula-2022","status":"publish","type":"post","link":"https:\/\/mula.es\/web\/festejos-musica-ocio-y-diversion-formaran-parte-de-la-feria-y-fiestas-de-mula-2022\/","title":{"rendered":"FESTEJOS | M\u00fasica, ocio y diversi\u00f3n formar\u00e1n parte de la Feria y Fiestas de Mula 2022"},"content":{"rendered":"<p><div class=\"fusion-fullwidth fullwidth-box fusion-builder-row-1 fusion-flex-container nonhundred-percent-fullwidth non-hundred-percent-height-scrolling\" style=\"--awb-border-radius-top-left:0px;--awb-border-radius-top-right:0px;--awb-border-radius-bottom-right:0px;--awb-border-radius-bottom-left:0px;--awb-flex-wrap:wrap;\" ><div class=\"fusion-builder-row fusion-row fusion-flex-align-items-flex-start fusion-flex-content-wrap\" style=\"max-width:1144px;margin-left: calc(-4% \/ 2 );margin-right: calc(-4% \/ 2 );\"><div class=\"fusion-layout-column fusion_builder_column fusion-builder-column-0 fusion_builder_column_1_1 1_1 fusion-flex-column\" style=\"--awb-bg-size:cover;--awb-width-large:100%;--awb-margin-top-large:0px;--awb-spacing-right-large:1.92%;--awb-margin-bottom-large:0px;--awb-spacing-left-large:1.92%;--awb-width-medium:100%;--awb-spacing-right-medium:1.92%;--awb-spacing-left-medium:1.92%;--awb-width-small:100%;--awb-spacing-right-small:1.92%;--awb-spacing-left-small:1.92%;\"><div class=\"fusion-column-wrapper fusion-flex-justify-content-flex-start fusion-content-layout-column\"><div class=\"fusion-text fusion-text-1\"><p style=\"text-align: justify;\">Presentado el programa oficial de festejos para el mes de septiembre<\/p>\n<p style=\"text-align: justify;\">Mula se prepara para vivir unos d\u00edas intensos y llenos de propuestas musicales, culturales y de ocio en torno a la celebraci\u00f3n de la Feria y Fiestas 2022 que tendr\u00e1n lugar durante este mes de septiembre.<\/p>\n<p style=\"text-align: justify;\">El refectorio del Convento San Francisco ha sido el escenario elegido para la presentaci\u00f3n de la programaci\u00f3n oficial de las Fiestas. El alcalde de Mula, Juan Jes\u00fas Moreno, junto a los titulares de Festejos, Alicia Zapata y Cultura, Diego Boluda han sido los responsables de presentar las distintas propuestas organizadas desde el Ayuntamiento de Mula para que mule\u00f1os y visitantes vivan unos d\u00edas intensos en torno a las fiestas patronales.<\/p>\n<p style=\"text-align: justify;\">Actuar\u00e1n durante las fiestas en Mula grandes artistas del panorama musical actual destacando en esta edici\u00f3n la diversidad de estilos musicales adaptados a todos los gustos y, como punto de referencia haber contado con la participaci\u00f3n ciudadana para la elecci\u00f3n de algunos de los artistas que pasar\u00e1n por Mula durante estos d\u00edas.<\/p>\n<p style=\"text-align: justify;\">Se establecen distintos escenarios para la celebraci\u00f3n de los distintos eventos. En el parque Crist\u00f3bal Gabarr\u00f3n se ubicar\u00e1 la Zona Festera con ocho barras en las que los distintos Pubs de la localidad abrir\u00e1n sus puertas desde el mediod\u00eda hasta las 06.00 horas. En el Complejo Deportivo Jos\u00e9 Soriano Chac\u00f3n se celebrar\u00e1n los grandes conciertos con espacio habilitado para acoger a un n\u00famero importante de espectadores y zona de estacionamiento.<\/p>\n<p style=\"text-align: justify;\">Se recupera el espacio de la Gran V\u00eda donde quedar\u00e1n instaladas las casetas de feria y la hosteler\u00eda volviendo a llenar de luces y ambiente festivo uno de los espacios m\u00e1s emblem\u00e1ticos de las Fiestas de Mula.<\/p>\n<p style=\"text-align: justify;\">Entre los principales conciertos: <strong>Tributo a Hombres G<\/strong> en el parque Crist\u00f3bal Gabarr\u00f3n el pr\u00f3ximo 19 de septiembre (concierto gratuito); <strong>Celtas Cortos<\/strong> en Mula Deportiva el 20 de septiembre (10 euros venta anticipada, 12 euros en taquilla); el 21 de septiembre actuar\u00e1 <strong>Omar Montes y Jos\u00e9 de las Heras<\/strong> en Mula Deportiva (20 euros venta anticipada, 25 euros en taquilla); <strong>Antonio Orozco<\/strong> llegar\u00e1 a Mula el 22 de septiembre en Mula Deportiva (25 euros anticipada, 30 euros en taquilla); <strong>Nill Moliner<\/strong> actuar\u00e1 el 23 de septiembre en Mula Deportiva (18 euros anticipada, 20 euros en taquilla), el d\u00eda 24 se celebrar\u00e1 el <strong>Festival de los 90\u00b4<\/strong> en el Complejo Mula Deportiva (12 euros anticipada, 15 euros en taquilla). Adem\u00e1s, para los m\u00e1s peque\u00f1os, el 25 de septiembre a partir de las 18.00 horas se celebra el Festival Kids, en Mula Deportiva, con cantajuegos, animaciones, talleres, juegos de Tik Tok, Gincana e hinchables (entrada gratuita).<\/p>\n<p style=\"text-align: justify;\">La compra de entradas ser\u00e1 a trav\u00e9s de la web \u2018<a href=\"https:\/\/www.compralaentrada.com\/events?search=mula\">compralaentrada.com<\/a>\u2019 y en el Centro Joven de lunes a viernes de 10.00 a 14.00 horas.<\/p>\n<p style=\"text-align: justify;\">Durante los d\u00edas previos a la inauguraci\u00f3n oficial de las Fiestas, Festival Mr. People, Almuerzo Motero, Exhibici\u00f3n de Comparsas, Concierto de la Agrupaci\u00f3n Musical Mule\u00f1a, Festival Nacional de Folclore de la Pe\u00f1a Alegr\u00eda Mule\u00f1a, Festival Taurino, musical El Rey Le\u00f3n, as\u00ed como \u2018La hora local\u2019, un espacio para la actuaci\u00f3n de los grupos mule\u00f1os, y muchas m\u00e1s actividades, entre ellas la extensa programaci\u00f3n deportiva de las Fiestas de Mula. Adem\u00e1s, el 24 de septiembre vuelve la Tradicional y Alegre Diana Floreada de la Agrupaci\u00f3n Musical Mule\u00f1a.<\/p>\n<p style=\"text-align: justify;\">Tambi\u00e9n durante todas las fiestas actividades tur\u00edsticas con visitas guiadas y propuestas diversas para seguir conociendo Mula y sus recursos patrimoniales e hist\u00f3ricos.<\/p>\n<p style=\"text-align: justify;\">Un a\u00f1o m\u00e1s ser\u00e1 el Encuentro Teatral Ciudad de Mula, que este a\u00f1o celebra su XXXVIII edici\u00f3n, quien marque el preludio del inicio de las fiestas. El Encuentro se celebrar\u00e1 en el Teatro Lope de Vega del lunes 12 de septiembre al viernes 16 a partir de las 21.00 horas.<\/p>\n<p style=\"text-align: justify;\">Para esta edici\u00f3n se han organizado las siguientes representaciones teatrales: lunes 12 \u2018<strong>Mi cuerpo ser\u00e1 camino<\/strong>\u2019 de Alquibla Teatro; martes 13 \u2018<strong>Con lo que hemos s\u00edo\u2026<\/strong>\u2019 de C\u00eda Deconn\u00e9; mi\u00e9rcoles 14 de septiembre \u2018<strong>Mentiras inteligentes<\/strong>\u2019 de Descalzos Producciones S.L. con la participaci\u00f3n de la actriz Mar\u00eda Luisa Merlo; jueves 15 \u2018<strong>Celestina, la tragicomedia<\/strong>\u2019 de la Compa\u00f1\u00eda Atalaya; y viernes 16 \u2018<strong>T\u00e9cnicas no convencionales<\/strong>\u2019 del grupo mule\u00f1o Almagra Teatro.<\/p>\n<p style=\"text-align: justify;\">El precio de las representaciones ser\u00e1 de 6 euros y un abono de 20 euros para todas las representaciones. La venta de entradas se realizar\u00e1 en taquilla una hora antes de las representaciones o anticipada a trav\u00e9s de la web <a href=\"https:\/\/mula.es\/web\/cultura-y-festejos\/cine\/\">https:\/\/mula.es\/web\/cultura-y-festejos\/cine\/<\/a><\/p>\n<p style=\"text-align: justify;\">Para el alcalde de Mula, Juan Jes\u00fas Moreno, se trata de unas Fiestas muy esperadas, \u201cson las Fiestas de la vuelta a la normalidad, de disfrutar con los amigos, con la familia y donde se ha trabajado de manera intensa y coordinada entre todas las concejal\u00edas\u201d. El alcalde resaltaba la importancia de la participaci\u00f3n ciudadana en la elecci\u00f3n de algunos de los conciertos y animaba a todos los vecinos, grandes y peque\u00f1os \u201ca salir a la calle durante estos d\u00edas festivo y disfrutar de todas y cada una de las propuestas. Es el momento de recuperar ese ambiente de fiesta y que realmente seamos capaces de disfrutarlo\u201d.<\/p>\n<p style=\"text-align: justify;\">Moreno agradec\u00eda la colaboraci\u00f3n de todas las asociaciones y colectivos que formaban parte de estos festejos, as\u00ed como a t\u00e9cnicos municipales y todos los servicios municipales y de seguridad que velaban por el buen desarrollo de estas fiestas.<\/p>\n<p style=\"text-align: justify;\">El autor del cartel ilustrador de la Feria y Fiestas de Mula 2022 es obra del mule\u00f1o Patricio Gabarr\u00f3n. Durante la presentaci\u00f3n se ha hecho p\u00fablico el cartel en la que el autor ha querido mostrar la vuelta a la normalidad, la alegr\u00eda, diversi\u00f3n, uni\u00f3n y diversidad de las fiestas patronales de Mula.<\/p>\n<\/div><\/div><\/div><\/div><\/div><div class=\"fusion-fullwidth fullwidth-box fusion-builder-row-2 fusion-flex-container has-pattern-background has-mask-background nonhundred-percent-fullwidth non-hundred-percent-height-scrolling\" style=\"--awb-border-radius-top-left:0px;--awb-border-radius-top-right:0px;--awb-border-radius-bottom-right:0px;--awb-border-radius-bottom-left:0px;--awb-flex-wrap:wrap;\" ><div class=\"fusion-builder-row fusion-row fusion-flex-align-items-flex-start fusion-flex-content-wrap\" style=\"max-width:1144px;margin-left: calc(-4% \/ 2 );margin-right: calc(-4% \/ 2 );\"><div class=\"fusion-layout-column fusion_builder_column fusion-builder-column-1 fusion_builder_column_1_1 1_1 fusion-flex-column\" style=\"--awb-bg-size:cover;--awb-width-large:100%;--awb-margin-top-large:0px;--awb-spacing-right-large:1.92%;--awb-margin-bottom-large:20px;--awb-spacing-left-large:1.92%;--awb-width-medium:100%;--awb-order-medium:0;--awb-spacing-right-medium:1.92%;--awb-spacing-left-medium:1.92%;--awb-width-small:100%;--awb-order-small:0;--awb-spacing-right-small:1.92%;--awb-spacing-left-small:1.92%;\"><div class=\"fusion-column-wrapper fusion-column-has-shadow fusion-flex-justify-content-flex-start fusion-content-layout-column\"><div class=\"fusion-video fusion-youtube\" style=\"--awb-max-width:600px;--awb-max-height:360px;--awb-align-self:center;--awb-width:100%;\"><div class=\"video-shortcode\"><div class=\"fluid-width-video-wrapper\" style=\"padding-top:60%;\" ><iframe title=\"YouTube video player 1\" src=\"https:\/\/www.youtube.com\/embed\/3_2tM_u_uts?wmode=transparent&autoplay=0\" width=\"600\" height=\"360\" allowfullscreen allow=\"autoplay; clipboard-write; encrypted-media; gyroscope; picture-in-picture;\"><\/iframe><\/div><\/div><\/div><\/div><\/div><\/div><\/div><div class=\"fusion-fullwidth fullwidth-box fusion-builder-row-3 fusion-flex-container has-pattern-background has-mask-background nonhundred-percent-fullwidth non-hundred-percent-height-scrolling\" style=\"--awb-border-radius-top-left:0px;--awb-border-radius-top-right:0px;--awb-border-radius-bottom-right:0px;--awb-border-radius-bottom-left:0px;--awb-flex-wrap:wrap;\" ><div class=\"fusion-builder-row fusion-row fusion-flex-align-items-flex-start fusion-flex-content-wrap\" style=\"max-width:1144px;margin-left: calc(-4% \/ 2 );margin-right: calc(-4% \/ 2 );\"><div class=\"fusion-layout-column fusion_builder_column fusion-builder-column-2 fusion_builder_column_1_2 1_2 fusion-flex-column\" style=\"--awb-bg-size:cover;--awb-width-large:50%;--awb-margin-top-large:0px;--awb-spacing-right-large:3.84%;--awb-margin-bottom-large:20px;--awb-spacing-left-large:3.84%;--awb-width-medium:50%;--awb-order-medium:0;--awb-spacing-right-medium:3.84%;--awb-spacing-left-medium:3.84%;--awb-width-small:100%;--awb-order-small:0;--awb-spacing-right-small:1.92%;--awb-spacing-left-small:1.92%;\"><div class=\"fusion-column-wrapper fusion-column-has-shadow fusion-flex-justify-content-flex-start fusion-content-layout-column\"><div class=\"fusion-text fusion-text-2\"><p><a href=\"https:\/\/mula.es\/web\/wp-content\/uploads\/2022\/08\/19_voyapasarmelog.jpg\"><img decoding=\"async\" data-attachment-id=\"45383\" data-permalink=\"https:\/\/mula.es\/web\/festejos-musica-ocio-y-diversion-formaran-parte-de-la-feria-y-fiestas-de-mula-2022\/19_voyapasarmelog\/\" data-orig-file=\"https:\/\/mula.es\/web\/wp-content\/uploads\/2022\/08\/19_voyapasarmelog.jpg\" data-orig-size=\"1500,2121\" data-comments-opened=\"0\" data-image-meta=\"\" data-image-title=\"19_voyapasarmelog\" data-image-description=\"\" data-image-caption=\"\" data-large-file=\"https:\/\/mula.es\/web\/wp-content\/uploads\/2022\/08\/19_voyapasarmelog-724x1024.jpg\" class=\"size-large wp-image-45383 aligncenter\" src=\"https:\/\/mula.es\/web\/wp-content\/uploads\/2022\/08\/19_voyapasarmelog-724x1024.jpg\" alt=\"\" width=\"724\" height=\"1024\" srcset=\"https:\/\/mula.es\/web\/wp-content\/uploads\/2022\/08\/19_voyapasarmelog-200x283.jpg 200w, https:\/\/mula.es\/web\/wp-content\/uploads\/2022\/08\/19_voyapasarmelog-212x300.jpg 212w, https:\/\/mula.es\/web\/wp-content\/uploads\/2022\/08\/19_voyapasarmelog-400x566.jpg 400w, https:\/\/mula.es\/web\/wp-content\/uploads\/2022\/08\/19_voyapasarmelog-600x848.jpg 600w, https:\/\/mula.es\/web\/wp-content\/uploads\/2022\/08\/19_voyapasarmelog-724x1024.jpg 724w, https:\/\/mula.es\/web\/wp-content\/uploads\/2022\/08\/19_voyapasarmelog-768x1086.jpg 768w, https:\/\/mula.es\/web\/wp-content\/uploads\/2022\/08\/19_voyapasarmelog-800x1131.jpg 800w, https:\/\/mula.es\/web\/wp-content\/uploads\/2022\/08\/19_voyapasarmelog-1086x1536.jpg 1086w, https:\/\/mula.es\/web\/wp-content\/uploads\/2022\/08\/19_voyapasarmelog-1200x1697.jpg 1200w, https:\/\/mula.es\/web\/wp-content\/uploads\/2022\/08\/19_voyapasarmelog-1448x2048.jpg 1448w, https:\/\/mula.es\/web\/wp-content\/uploads\/2022\/08\/19_voyapasarmelog.jpg 1500w\" sizes=\"(max-width: 724px) 100vw, 724px\" \/><\/a><\/p>\n<\/div><\/div><\/div><div class=\"fusion-layout-column fusion_builder_column fusion-builder-column-3 fusion_builder_column_1_2 1_2 fusion-flex-column\" style=\"--awb-bg-size:cover;--awb-width-large:50%;--awb-margin-top-large:0px;--awb-spacing-right-large:3.84%;--awb-margin-bottom-large:20px;--awb-spacing-left-large:3.84%;--awb-width-medium:50%;--awb-order-medium:0;--awb-spacing-right-medium:3.84%;--awb-spacing-left-medium:3.84%;--awb-width-small:100%;--awb-order-small:0;--awb-spacing-right-small:1.92%;--awb-spacing-left-small:1.92%;\"><div class=\"fusion-column-wrapper fusion-column-has-shadow fusion-flex-justify-content-flex-start fusion-content-layout-column\"><div class=\"fusion-text fusion-text-3\"><p><a href=\"https:\/\/mula.es\/web\/wp-content\/uploads\/2022\/08\/20_celtascortos.jpg\"><img decoding=\"async\" data-attachment-id=\"45384\" data-permalink=\"https:\/\/mula.es\/web\/festejos-musica-ocio-y-diversion-formaran-parte-de-la-feria-y-fiestas-de-mula-2022\/20_celtascortos\/\" data-orig-file=\"https:\/\/mula.es\/web\/wp-content\/uploads\/2022\/08\/20_celtascortos.jpg\" data-orig-size=\"1500,2121\" data-comments-opened=\"0\" data-image-meta=\"\" data-image-title=\"20_celtascortos\" data-image-description=\"\" data-image-caption=\"\" data-large-file=\"https:\/\/mula.es\/web\/wp-content\/uploads\/2022\/08\/20_celtascortos-724x1024.jpg\" class=\"size-large wp-image-45384 aligncenter\" src=\"https:\/\/mula.es\/web\/wp-content\/uploads\/2022\/08\/20_celtascortos-724x1024.jpg\" alt=\"\" width=\"724\" height=\"1024\" srcset=\"https:\/\/mula.es\/web\/wp-content\/uploads\/2022\/08\/20_celtascortos-200x283.jpg 200w, https:\/\/mula.es\/web\/wp-content\/uploads\/2022\/08\/20_celtascortos-212x300.jpg 212w, https:\/\/mula.es\/web\/wp-content\/uploads\/2022\/08\/20_celtascortos-400x566.jpg 400w, https:\/\/mula.es\/web\/wp-content\/uploads\/2022\/08\/20_celtascortos-600x848.jpg 600w, https:\/\/mula.es\/web\/wp-content\/uploads\/2022\/08\/20_celtascortos-724x1024.jpg 724w, https:\/\/mula.es\/web\/wp-content\/uploads\/2022\/08\/20_celtascortos-768x1086.jpg 768w, https:\/\/mula.es\/web\/wp-content\/uploads\/2022\/08\/20_celtascortos-800x1131.jpg 800w, https:\/\/mula.es\/web\/wp-content\/uploads\/2022\/08\/20_celtascortos-1086x1536.jpg 1086w, https:\/\/mula.es\/web\/wp-content\/uploads\/2022\/08\/20_celtascortos-1200x1697.jpg 1200w, https:\/\/mula.es\/web\/wp-content\/uploads\/2022\/08\/20_celtascortos-1448x2048.jpg 1448w, https:\/\/mula.es\/web\/wp-content\/uploads\/2022\/08\/20_celtascortos.jpg 1500w\" sizes=\"(max-width: 724px) 100vw, 724px\" \/><\/a><\/p>\n<\/div><\/div><\/div><\/div><\/div><div class=\"fusion-fullwidth fullwidth-box fusion-builder-row-4 fusion-flex-container has-pattern-background has-mask-background nonhundred-percent-fullwidth non-hundred-percent-height-scrolling\" style=\"--awb-border-radius-top-left:0px;--awb-border-radius-top-right:0px;--awb-border-radius-bottom-right:0px;--awb-border-radius-bottom-left:0px;--awb-flex-wrap:wrap;\" ><div class=\"fusion-builder-row fusion-row fusion-flex-align-items-flex-start fusion-flex-content-wrap\" style=\"max-width:1144px;margin-left: calc(-4% \/ 2 );margin-right: calc(-4% \/ 2 );\"><div class=\"fusion-layout-column fusion_builder_column fusion-builder-column-4 fusion_builder_column_1_2 1_2 fusion-flex-column\" style=\"--awb-bg-size:cover;--awb-width-large:50%;--awb-margin-top-large:0px;--awb-spacing-right-large:3.84%;--awb-margin-bottom-large:20px;--awb-spacing-left-large:3.84%;--awb-width-medium:50%;--awb-order-medium:0;--awb-spacing-right-medium:3.84%;--awb-spacing-left-medium:3.84%;--awb-width-small:100%;--awb-order-small:0;--awb-spacing-right-small:1.92%;--awb-spacing-left-small:1.92%;\"><div class=\"fusion-column-wrapper fusion-column-has-shadow fusion-flex-justify-content-flex-start fusion-content-layout-column\"><div class=\"fusion-text fusion-text-4\"><p><a href=\"https:\/\/mula.es\/web\/wp-content\/uploads\/2022\/08\/21_omarmontes.jpg\"><img decoding=\"async\" data-attachment-id=\"45385\" data-permalink=\"https:\/\/mula.es\/web\/festejos-musica-ocio-y-diversion-formaran-parte-de-la-feria-y-fiestas-de-mula-2022\/21_omarmontes\/\" data-orig-file=\"https:\/\/mula.es\/web\/wp-content\/uploads\/2022\/08\/21_omarmontes.jpg\" data-orig-size=\"1500,2121\" data-comments-opened=\"0\" data-image-meta=\"\" data-image-title=\"21_omarmontes\" data-image-description=\"\" data-image-caption=\"\" data-large-file=\"https:\/\/mula.es\/web\/wp-content\/uploads\/2022\/08\/21_omarmontes-724x1024.jpg\" class=\"size-large wp-image-45385 aligncenter\" src=\"https:\/\/mula.es\/web\/wp-content\/uploads\/2022\/08\/21_omarmontes-724x1024.jpg\" alt=\"\" width=\"724\" height=\"1024\" srcset=\"https:\/\/mula.es\/web\/wp-content\/uploads\/2022\/08\/21_omarmontes-200x283.jpg 200w, https:\/\/mula.es\/web\/wp-content\/uploads\/2022\/08\/21_omarmontes-212x300.jpg 212w, https:\/\/mula.es\/web\/wp-content\/uploads\/2022\/08\/21_omarmontes-400x566.jpg 400w, https:\/\/mula.es\/web\/wp-content\/uploads\/2022\/08\/21_omarmontes-600x848.jpg 600w, https:\/\/mula.es\/web\/wp-content\/uploads\/2022\/08\/21_omarmontes-724x1024.jpg 724w, https:\/\/mula.es\/web\/wp-content\/uploads\/2022\/08\/21_omarmontes-768x1086.jpg 768w, https:\/\/mula.es\/web\/wp-content\/uploads\/2022\/08\/21_omarmontes-800x1131.jpg 800w, https:\/\/mula.es\/web\/wp-content\/uploads\/2022\/08\/21_omarmontes-1086x1536.jpg 1086w, https:\/\/mula.es\/web\/wp-content\/uploads\/2022\/08\/21_omarmontes-1200x1697.jpg 1200w, https:\/\/mula.es\/web\/wp-content\/uploads\/2022\/08\/21_omarmontes-1448x2048.jpg 1448w, https:\/\/mula.es\/web\/wp-content\/uploads\/2022\/08\/21_omarmontes.jpg 1500w\" sizes=\"(max-width: 724px) 100vw, 724px\" \/><\/a><\/p>\n<\/div><\/div><\/div><div class=\"fusion-layout-column fusion_builder_column fusion-builder-column-5 fusion_builder_column_1_2 1_2 fusion-flex-column\" style=\"--awb-bg-size:cover;--awb-width-large:50%;--awb-margin-top-large:0px;--awb-spacing-right-large:3.84%;--awb-margin-bottom-large:20px;--awb-spacing-left-large:3.84%;--awb-width-medium:50%;--awb-order-medium:0;--awb-spacing-right-medium:3.84%;--awb-spacing-left-medium:3.84%;--awb-width-small:100%;--awb-order-small:0;--awb-spacing-right-small:1.92%;--awb-spacing-left-small:1.92%;\"><div class=\"fusion-column-wrapper fusion-column-has-shadow fusion-flex-justify-content-flex-start fusion-content-layout-column\"><div class=\"fusion-text fusion-text-5\"><p><a href=\"https:\/\/mula.es\/web\/wp-content\/uploads\/2022\/08\/22_antonioorozco.jpg\"><img decoding=\"async\" data-attachment-id=\"45386\" data-permalink=\"https:\/\/mula.es\/web\/festejos-musica-ocio-y-diversion-formaran-parte-de-la-feria-y-fiestas-de-mula-2022\/22_antonioorozco\/\" data-orig-file=\"https:\/\/mula.es\/web\/wp-content\/uploads\/2022\/08\/22_antonioorozco.jpg\" data-orig-size=\"1500,2121\" data-comments-opened=\"0\" data-image-meta=\"\" data-image-title=\"22_antonioorozco\" data-image-description=\"\" data-image-caption=\"\" data-large-file=\"https:\/\/mula.es\/web\/wp-content\/uploads\/2022\/08\/22_antonioorozco-724x1024.jpg\" class=\"size-large wp-image-45386 aligncenter\" src=\"https:\/\/mula.es\/web\/wp-content\/uploads\/2022\/08\/22_antonioorozco-724x1024.jpg\" alt=\"\" width=\"724\" height=\"1024\" srcset=\"https:\/\/mula.es\/web\/wp-content\/uploads\/2022\/08\/22_antonioorozco-200x283.jpg 200w, https:\/\/mula.es\/web\/wp-content\/uploads\/2022\/08\/22_antonioorozco-212x300.jpg 212w, https:\/\/mula.es\/web\/wp-content\/uploads\/2022\/08\/22_antonioorozco-400x566.jpg 400w, https:\/\/mula.es\/web\/wp-content\/uploads\/2022\/08\/22_antonioorozco-600x848.jpg 600w, https:\/\/mula.es\/web\/wp-content\/uploads\/2022\/08\/22_antonioorozco-724x1024.jpg 724w, https:\/\/mula.es\/web\/wp-content\/uploads\/2022\/08\/22_antonioorozco-768x1086.jpg 768w, https:\/\/mula.es\/web\/wp-content\/uploads\/2022\/08\/22_antonioorozco-800x1131.jpg 800w, https:\/\/mula.es\/web\/wp-content\/uploads\/2022\/08\/22_antonioorozco-1086x1536.jpg 1086w, https:\/\/mula.es\/web\/wp-content\/uploads\/2022\/08\/22_antonioorozco-1200x1697.jpg 1200w, https:\/\/mula.es\/web\/wp-content\/uploads\/2022\/08\/22_antonioorozco-1448x2048.jpg 1448w, https:\/\/mula.es\/web\/wp-content\/uploads\/2022\/08\/22_antonioorozco.jpg 1500w\" sizes=\"(max-width: 724px) 100vw, 724px\" \/><\/a><\/p>\n<\/div><\/div><\/div><\/div><\/div><div class=\"fusion-fullwidth fullwidth-box fusion-builder-row-5 fusion-flex-container has-pattern-background has-mask-background nonhundred-percent-fullwidth non-hundred-percent-height-scrolling\" style=\"--awb-border-radius-top-left:0px;--awb-border-radius-top-right:0px;--awb-border-radius-bottom-right:0px;--awb-border-radius-bottom-left:0px;--awb-flex-wrap:wrap;\" ><div class=\"fusion-builder-row fusion-row fusion-flex-align-items-flex-start fusion-flex-content-wrap\" style=\"max-width:1144px;margin-left: calc(-4% \/ 2 );margin-right: calc(-4% \/ 2 );\"><div class=\"fusion-layout-column fusion_builder_column fusion-builder-column-6 fusion_builder_column_1_2 1_2 fusion-flex-column\" style=\"--awb-bg-size:cover;--awb-width-large:50%;--awb-margin-top-large:0px;--awb-spacing-right-large:3.84%;--awb-margin-bottom-large:20px;--awb-spacing-left-large:3.84%;--awb-width-medium:50%;--awb-order-medium:0;--awb-spacing-right-medium:3.84%;--awb-spacing-left-medium:3.84%;--awb-width-small:100%;--awb-order-small:0;--awb-spacing-right-small:1.92%;--awb-spacing-left-small:1.92%;\"><div class=\"fusion-column-wrapper fusion-column-has-shadow fusion-flex-justify-content-flex-start fusion-content-layout-column\"><div class=\"fusion-text fusion-text-6\"><p><a href=\"https:\/\/mula.es\/web\/wp-content\/uploads\/2022\/08\/23_nilmoliner.jpg\"><img decoding=\"async\" data-attachment-id=\"45387\" data-permalink=\"https:\/\/mula.es\/web\/festejos-musica-ocio-y-diversion-formaran-parte-de-la-feria-y-fiestas-de-mula-2022\/23_nilmoliner\/\" data-orig-file=\"https:\/\/mula.es\/web\/wp-content\/uploads\/2022\/08\/23_nilmoliner.jpg\" data-orig-size=\"1500,2121\" data-comments-opened=\"0\" data-image-meta=\"\" data-image-title=\"23_nilmoliner\" data-image-description=\"\" data-image-caption=\"\" data-large-file=\"https:\/\/mula.es\/web\/wp-content\/uploads\/2022\/08\/23_nilmoliner-724x1024.jpg\" class=\"size-large wp-image-45387 aligncenter\" src=\"https:\/\/mula.es\/web\/wp-content\/uploads\/2022\/08\/23_nilmoliner-724x1024.jpg\" alt=\"\" width=\"724\" height=\"1024\" srcset=\"https:\/\/mula.es\/web\/wp-content\/uploads\/2022\/08\/23_nilmoliner-200x283.jpg 200w, https:\/\/mula.es\/web\/wp-content\/uploads\/2022\/08\/23_nilmoliner-212x300.jpg 212w, https:\/\/mula.es\/web\/wp-content\/uploads\/2022\/08\/23_nilmoliner-400x566.jpg 400w, https:\/\/mula.es\/web\/wp-content\/uploads\/2022\/08\/23_nilmoliner-600x848.jpg 600w, https:\/\/mula.es\/web\/wp-content\/uploads\/2022\/08\/23_nilmoliner-724x1024.jpg 724w, https:\/\/mula.es\/web\/wp-content\/uploads\/2022\/08\/23_nilmoliner-768x1086.jpg 768w, https:\/\/mula.es\/web\/wp-content\/uploads\/2022\/08\/23_nilmoliner-800x1131.jpg 800w, https:\/\/mula.es\/web\/wp-content\/uploads\/2022\/08\/23_nilmoliner-1086x1536.jpg 1086w, https:\/\/mula.es\/web\/wp-content\/uploads\/2022\/08\/23_nilmoliner-1200x1697.jpg 1200w, https:\/\/mula.es\/web\/wp-content\/uploads\/2022\/08\/23_nilmoliner-1448x2048.jpg 1448w, https:\/\/mula.es\/web\/wp-content\/uploads\/2022\/08\/23_nilmoliner.jpg 1500w\" sizes=\"(max-width: 724px) 100vw, 724px\" \/><\/a><\/p>\n<\/div><\/div><\/div><div class=\"fusion-layout-column fusion_builder_column fusion-builder-column-7 fusion_builder_column_1_2 1_2 fusion-flex-column\" style=\"--awb-bg-size:cover;--awb-width-large:50%;--awb-margin-top-large:0px;--awb-spacing-right-large:3.84%;--awb-margin-bottom-large:20px;--awb-spacing-left-large:3.84%;--awb-width-medium:50%;--awb-order-medium:0;--awb-spacing-right-medium:3.84%;--awb-spacing-left-medium:3.84%;--awb-width-small:100%;--awb-order-small:0;--awb-spacing-right-small:1.92%;--awb-spacing-left-small:1.92%;\"><div class=\"fusion-column-wrapper fusion-column-has-shadow fusion-flex-justify-content-flex-start fusion-content-layout-column\"><div class=\"fusion-text fusion-text-7\"><p><a href=\"https:\/\/mula.es\/web\/wp-content\/uploads\/2022\/08\/24_bandfestival.jpg\"><img decoding=\"async\" data-attachment-id=\"45388\" data-permalink=\"https:\/\/mula.es\/web\/festejos-musica-ocio-y-diversion-formaran-parte-de-la-feria-y-fiestas-de-mula-2022\/24_bandfestival\/\" data-orig-file=\"https:\/\/mula.es\/web\/wp-content\/uploads\/2022\/08\/24_bandfestival.jpg\" data-orig-size=\"1500,2121\" data-comments-opened=\"0\" data-image-meta=\"\" data-image-title=\"24_bandfestival\" data-image-description=\"\" data-image-caption=\"\" data-large-file=\"https:\/\/mula.es\/web\/wp-content\/uploads\/2022\/08\/24_bandfestival-724x1024.jpg\" class=\"size-large wp-image-45388 aligncenter\" src=\"https:\/\/mula.es\/web\/wp-content\/uploads\/2022\/08\/24_bandfestival-724x1024.jpg\" alt=\"\" width=\"724\" height=\"1024\" srcset=\"https:\/\/mula.es\/web\/wp-content\/uploads\/2022\/08\/24_bandfestival-200x283.jpg 200w, https:\/\/mula.es\/web\/wp-content\/uploads\/2022\/08\/24_bandfestival-212x300.jpg 212w, https:\/\/mula.es\/web\/wp-content\/uploads\/2022\/08\/24_bandfestival-400x566.jpg 400w, https:\/\/mula.es\/web\/wp-content\/uploads\/2022\/08\/24_bandfestival-600x848.jpg 600w, https:\/\/mula.es\/web\/wp-content\/uploads\/2022\/08\/24_bandfestival-724x1024.jpg 724w, https:\/\/mula.es\/web\/wp-content\/uploads\/2022\/08\/24_bandfestival-768x1086.jpg 768w, https:\/\/mula.es\/web\/wp-content\/uploads\/2022\/08\/24_bandfestival-800x1131.jpg 800w, https:\/\/mula.es\/web\/wp-content\/uploads\/2022\/08\/24_bandfestival-1086x1536.jpg 1086w, https:\/\/mula.es\/web\/wp-content\/uploads\/2022\/08\/24_bandfestival-1200x1697.jpg 1200w, https:\/\/mula.es\/web\/wp-content\/uploads\/2022\/08\/24_bandfestival-1448x2048.jpg 1448w, https:\/\/mula.es\/web\/wp-content\/uploads\/2022\/08\/24_bandfestival.jpg 1500w\" sizes=\"(max-width: 724px) 100vw, 724px\" \/><\/a><\/p>\n<\/div><\/div><\/div><\/div><\/div><div class=\"fusion-fullwidth fullwidth-box fusion-builder-row-6 fusion-flex-container has-pattern-background has-mask-background nonhundred-percent-fullwidth non-hundred-percent-height-scrolling\" style=\"--awb-border-radius-top-left:0px;--awb-border-radius-top-right:0px;--awb-border-radius-bottom-right:0px;--awb-border-radius-bottom-left:0px;--awb-flex-wrap:wrap;\" ><div class=\"fusion-builder-row fusion-row fusion-flex-align-items-flex-start fusion-flex-content-wrap\" style=\"max-width:1144px;margin-left: calc(-4% \/ 2 );margin-right: calc(-4% \/ 2 );\"><div class=\"fusion-layout-column fusion_builder_column fusion-builder-column-8 fusion_builder_column_1_2 1_2 fusion-flex-column\" style=\"--awb-bg-size:cover;--awb-width-large:50%;--awb-margin-top-large:0px;--awb-spacing-right-large:3.84%;--awb-margin-bottom-large:20px;--awb-spacing-left-large:3.84%;--awb-width-medium:50%;--awb-order-medium:0;--awb-spacing-right-medium:3.84%;--awb-spacing-left-medium:3.84%;--awb-width-small:100%;--awb-order-small:0;--awb-spacing-right-small:1.92%;--awb-spacing-left-small:1.92%;\"><div class=\"fusion-column-wrapper fusion-column-has-shadow fusion-flex-justify-content-flex-start fusion-content-layout-column\"><div class=\"fusion-text fusion-text-8\"><p><a href=\"https:\/\/mula.es\/web\/wp-content\/uploads\/2022\/08\/25_festivalkids.jpg\"><img decoding=\"async\" data-attachment-id=\"45389\" data-permalink=\"https:\/\/mula.es\/web\/festejos-musica-ocio-y-diversion-formaran-parte-de-la-feria-y-fiestas-de-mula-2022\/25_festivalkids\/\" data-orig-file=\"https:\/\/mula.es\/web\/wp-content\/uploads\/2022\/08\/25_festivalkids.jpg\" data-orig-size=\"1500,2121\" data-comments-opened=\"0\" data-image-meta=\"\" data-image-title=\"25_festivalkids\" data-image-description=\"\" data-image-caption=\"\" data-large-file=\"https:\/\/mula.es\/web\/wp-content\/uploads\/2022\/08\/25_festivalkids-724x1024.jpg\" class=\"size-large wp-image-45389 aligncenter\" src=\"https:\/\/mula.es\/web\/wp-content\/uploads\/2022\/08\/25_festivalkids-724x1024.jpg\" alt=\"\" width=\"724\" height=\"1024\" srcset=\"https:\/\/mula.es\/web\/wp-content\/uploads\/2022\/08\/25_festivalkids-200x283.jpg 200w, https:\/\/mula.es\/web\/wp-content\/uploads\/2022\/08\/25_festivalkids-212x300.jpg 212w, https:\/\/mula.es\/web\/wp-content\/uploads\/2022\/08\/25_festivalkids-400x566.jpg 400w, https:\/\/mula.es\/web\/wp-content\/uploads\/2022\/08\/25_festivalkids-600x848.jpg 600w, https:\/\/mula.es\/web\/wp-content\/uploads\/2022\/08\/25_festivalkids-724x1024.jpg 724w, https:\/\/mula.es\/web\/wp-content\/uploads\/2022\/08\/25_festivalkids-768x1086.jpg 768w, https:\/\/mula.es\/web\/wp-content\/uploads\/2022\/08\/25_festivalkids-800x1131.jpg 800w, https:\/\/mula.es\/web\/wp-content\/uploads\/2022\/08\/25_festivalkids-1086x1536.jpg 1086w, https:\/\/mula.es\/web\/wp-content\/uploads\/2022\/08\/25_festivalkids-1200x1697.jpg 1200w, https:\/\/mula.es\/web\/wp-content\/uploads\/2022\/08\/25_festivalkids-1448x2048.jpg 1448w, https:\/\/mula.es\/web\/wp-content\/uploads\/2022\/08\/25_festivalkids.jpg 1500w\" sizes=\"(max-width: 724px) 100vw, 724px\" \/><\/a><\/p>\n<\/div><\/div><\/div><div class=\"fusion-layout-column fusion_builder_column fusion-builder-column-9 fusion_builder_column_1_2 1_2 fusion-flex-column\" style=\"--awb-bg-size:cover;--awb-width-large:50%;--awb-margin-top-large:0px;--awb-spacing-right-large:3.84%;--awb-margin-bottom-large:20px;--awb-spacing-left-large:3.84%;--awb-width-medium:50%;--awb-order-medium:0;--awb-spacing-right-medium:3.84%;--awb-spacing-left-medium:3.84%;--awb-width-small:100%;--awb-order-small:0;--awb-spacing-right-small:1.92%;--awb-spacing-left-small:1.92%;\"><div class=\"fusion-column-wrapper fusion-column-has-shadow fusion-flex-justify-content-flex-start fusion-content-layout-column\"><div class=\"fusion-text fusion-text-9\"><p><a href=\"https:\/\/mula.es\/web\/wp-content\/uploads\/2022\/08\/encuentroteatral2022.jpg\"><img decoding=\"async\" data-attachment-id=\"45413\" data-permalink=\"https:\/\/mula.es\/web\/festejos-musica-ocio-y-diversion-formaran-parte-de-la-feria-y-fiestas-de-mula-2022\/encuentroteatral2022\/\" data-orig-file=\"https:\/\/mula.es\/web\/wp-content\/uploads\/2022\/08\/encuentroteatral2022.jpg\" data-orig-size=\"1457,2048\" data-comments-opened=\"0\" data-image-meta=\"\" data-image-title=\"encuentroteatral2022\" data-image-description=\"\" data-image-caption=\"\" data-large-file=\"https:\/\/mula.es\/web\/wp-content\/uploads\/2022\/08\/encuentroteatral2022-729x1024.jpg\" class=\"size-large wp-image-45413 aligncenter\" src=\"https:\/\/mula.es\/web\/wp-content\/uploads\/2022\/08\/encuentroteatral2022-729x1024.jpg\" alt=\"\" width=\"729\" height=\"1024\" srcset=\"https:\/\/mula.es\/web\/wp-content\/uploads\/2022\/08\/encuentroteatral2022-200x281.jpg 200w, https:\/\/mula.es\/web\/wp-content\/uploads\/2022\/08\/encuentroteatral2022-213x300.jpg 213w, https:\/\/mula.es\/web\/wp-content\/uploads\/2022\/08\/encuentroteatral2022-400x562.jpg 400w, https:\/\/mula.es\/web\/wp-content\/uploads\/2022\/08\/encuentroteatral2022-600x843.jpg 600w, https:\/\/mula.es\/web\/wp-content\/uploads\/2022\/08\/encuentroteatral2022-729x1024.jpg 729w, https:\/\/mula.es\/web\/wp-content\/uploads\/2022\/08\/encuentroteatral2022-768x1080.jpg 768w, https:\/\/mula.es\/web\/wp-content\/uploads\/2022\/08\/encuentroteatral2022-800x1125.jpg 800w, https:\/\/mula.es\/web\/wp-content\/uploads\/2022\/08\/encuentroteatral2022-1093x1536.jpg 1093w, https:\/\/mula.es\/web\/wp-content\/uploads\/2022\/08\/encuentroteatral2022-1200x1687.jpg 1200w, https:\/\/mula.es\/web\/wp-content\/uploads\/2022\/08\/encuentroteatral2022.jpg 1457w\" sizes=\"(max-width: 729px) 100vw, 729px\" \/><\/a><\/p>\n<\/div><\/div><\/div><\/div><\/div><\/p>\n","protected":false},"excerpt":{"rendered":"","protected":false},"author":9,"featured_media":45390,"comment_status":"closed","ping_status":"closed","sticky":false,"template":"","format":"standard","meta":{"jetpack_post_was_ever_published":false,"_jetpack_newsletter_access":"","_jetpack_dont_email_post_to_subs":false,"_jetpack_newsletter_tier_id":0,"_jetpack_memberships_contains_paywalled_content":false,"_jetpack_memberships_contains_paid_content":false,"footnotes":"","jetpack_publicize_message":"","jetpack_publicize_feature_enabled":true,"jetpack_social_post_already_shared":false,"jetpack_social_options":{"image_generator_settings":{"template":"highway","default_image_id":0,"font":"","enabled":false},"version":2}},"categories":[171],"tags":[595],"class_list":["post-45382","post","type-post","status-publish","format-standard","has-post-thumbnail","hentry","category-festejos","tag-feria-y-fiestas-de-septiembre"],"yoast_head":"<!-- This site is optimized with the Yoast SEO plugin v27.5 - https:\/\/yoast.com\/product\/yoast-seo-wordpress\/ -->\n<title>FESTEJOS | M\u00fasica, ocio y diversi\u00f3n formar\u00e1n parte de la Feria y Fiestas de Mula 2022 - Ayuntamiento de Mula<\/title>\n<meta name=\"robots\" content=\"index, follow, max-snippet:-1, max-image-preview:large, max-video-preview:-1\" \/>\n<link rel=\"canonical\" href=\"https:\/\/mula.es\/web\/festejos-musica-ocio-y-diversion-formaran-parte-de-la-feria-y-fiestas-de-mula-2022\/\" \/>\n<meta property=\"og:locale\" content=\"es_ES\" \/>\n<meta property=\"og:type\" content=\"article\" \/>\n<meta property=\"og:title\" content=\"FESTEJOS | M\u00fasica, ocio y diversi\u00f3n formar\u00e1n parte de la Feria y Fiestas de Mula 2022 - Ayuntamiento de Mula\" \/>\n<meta property=\"og:url\" content=\"https:\/\/mula.es\/web\/festejos-musica-ocio-y-diversion-formaran-parte-de-la-feria-y-fiestas-de-mula-2022\/\" \/>\n<meta property=\"og:site_name\" content=\"Ayuntamiento de Mula\" \/>\n<meta property=\"article:published_time\" content=\"2022-08-04T11:58:58+00:00\" \/>\n<meta property=\"article:modified_time\" content=\"2022-08-25T12:24:24+00:00\" \/>\n<meta property=\"og:image\" content=\"https:\/\/mula.es\/web\/wp-content\/uploads\/2022\/08\/cartelfiestasmula2022.jpg\" \/>\n\t<meta property=\"og:image:width\" content=\"1500\" \/>\n\t<meta property=\"og:image:height\" content=\"2100\" \/>\n\t<meta property=\"og:image:type\" content=\"image\/jpeg\" \/>\n<meta name=\"author\" content=\"Rosario Mart\u00ednez\" \/>\n<meta name=\"twitter:card\" content=\"summary_large_image\" \/>\n<meta name=\"twitter:image\" content=\"https:\/\/mula.es\/web\/wp-content\/uploads\/2020\/06\/escudo-cuadrado-e1591045058235.jpg\" \/>\n<meta name=\"twitter:creator\" content=\"@AyuntamientMula\" \/>\n<meta name=\"twitter:site\" content=\"@AyuntamientMula\" \/>\n<meta name=\"twitter:label1\" content=\"Escrito por\" \/>\n\t<meta name=\"twitter:data1\" content=\"Rosario Mart\u00ednez\" \/>\n\t<meta name=\"twitter:label2\" content=\"Tiempo de lectura\" \/>\n\t<meta name=\"twitter:data2\" content=\"15 minutos\" \/>\n<script type=\"application\/ld+json\" class=\"yoast-schema-graph\">{\"@context\":\"https:\\\/\\\/schema.org\",\"@graph\":[{\"@type\":\"Article\",\"@id\":\"https:\\\/\\\/mula.es\\\/web\\\/festejos-musica-ocio-y-diversion-formaran-parte-de-la-feria-y-fiestas-de-mula-2022\\\/#article\",\"isPartOf\":{\"@id\":\"https:\\\/\\\/mula.es\\\/web\\\/festejos-musica-ocio-y-diversion-formaran-parte-de-la-feria-y-fiestas-de-mula-2022\\\/\"},\"author\":{\"name\":\"Rosario Mart\u00ednez\",\"@id\":\"https:\\\/\\\/mula.es\\\/web\\\/#\\\/schema\\\/person\\\/f8d63bd3ab6e7b025268b909b7ab0771\"},\"headline\":\"FESTEJOS | M\u00fasica, ocio y diversi\u00f3n formar\u00e1n parte de la Feria y Fiestas de Mula 2022\",\"datePublished\":\"2022-08-04T11:58:58+00:00\",\"dateModified\":\"2022-08-25T12:24:24+00:00\",\"mainEntityOfPage\":{\"@id\":\"https:\\\/\\\/mula.es\\\/web\\\/festejos-musica-ocio-y-diversion-formaran-parte-de-la-feria-y-fiestas-de-mula-2022\\\/\"},\"wordCount\":6055,\"image\":{\"@id\":\"https:\\\/\\\/mula.es\\\/web\\\/festejos-musica-ocio-y-diversion-formaran-parte-de-la-feria-y-fiestas-de-mula-2022\\\/#primaryimage\"},\"thumbnailUrl\":\"https:\\\/\\\/mula.es\\\/web\\\/wp-content\\\/uploads\\\/2022\\\/08\\\/cartelfiestasmula2022.jpg\",\"keywords\":[\"feria y fiestas de septiembre\"],\"articleSection\":[\"festejos\"],\"inLanguage\":\"es\"},{\"@type\":\"WebPage\",\"@id\":\"https:\\\/\\\/mula.es\\\/web\\\/festejos-musica-ocio-y-diversion-formaran-parte-de-la-feria-y-fiestas-de-mula-2022\\\/\",\"url\":\"https:\\\/\\\/mula.es\\\/web\\\/festejos-musica-ocio-y-diversion-formaran-parte-de-la-feria-y-fiestas-de-mula-2022\\\/\",\"name\":\"FESTEJOS | M\u00fasica, ocio y diversi\u00f3n formar\u00e1n parte de la Feria y Fiestas de Mula 2022 - Ayuntamiento de Mula\",\"isPartOf\":{\"@id\":\"https:\\\/\\\/mula.es\\\/web\\\/#website\"},\"primaryImageOfPage\":{\"@id\":\"https:\\\/\\\/mula.es\\\/web\\\/festejos-musica-ocio-y-diversion-formaran-parte-de-la-feria-y-fiestas-de-mula-2022\\\/#primaryimage\"},\"image\":{\"@id\":\"https:\\\/\\\/mula.es\\\/web\\\/festejos-musica-ocio-y-diversion-formaran-parte-de-la-feria-y-fiestas-de-mula-2022\\\/#primaryimage\"},\"thumbnailUrl\":\"https:\\\/\\\/mula.es\\\/web\\\/wp-content\\\/uploads\\\/2022\\\/08\\\/cartelfiestasmula2022.jpg\",\"datePublished\":\"2022-08-04T11:58:58+00:00\",\"dateModified\":\"2022-08-25T12:24:24+00:00\",\"author\":{\"@id\":\"https:\\\/\\\/mula.es\\\/web\\\/#\\\/schema\\\/person\\\/f8d63bd3ab6e7b025268b909b7ab0771\"},\"breadcrumb\":{\"@id\":\"https:\\\/\\\/mula.es\\\/web\\\/festejos-musica-ocio-y-diversion-formaran-parte-de-la-feria-y-fiestas-de-mula-2022\\\/#breadcrumb\"},\"inLanguage\":\"es\",\"potentialAction\":[{\"@type\":\"ReadAction\",\"target\":[\"https:\\\/\\\/mula.es\\\/web\\\/festejos-musica-ocio-y-diversion-formaran-parte-de-la-feria-y-fiestas-de-mula-2022\\\/\"]}]},{\"@type\":\"ImageObject\",\"inLanguage\":\"es\",\"@id\":\"https:\\\/\\\/mula.es\\\/web\\\/festejos-musica-ocio-y-diversion-formaran-parte-de-la-feria-y-fiestas-de-mula-2022\\\/#primaryimage\",\"url\":\"https:\\\/\\\/mula.es\\\/web\\\/wp-content\\\/uploads\\\/2022\\\/08\\\/cartelfiestasmula2022.jpg\",\"contentUrl\":\"https:\\\/\\\/mula.es\\\/web\\\/wp-content\\\/uploads\\\/2022\\\/08\\\/cartelfiestasmula2022.jpg\",\"width\":1500,\"height\":2100},{\"@type\":\"BreadcrumbList\",\"@id\":\"https:\\\/\\\/mula.es\\\/web\\\/festejos-musica-ocio-y-diversion-formaran-parte-de-la-feria-y-fiestas-de-mula-2022\\\/#breadcrumb\",\"itemListElement\":[{\"@type\":\"ListItem\",\"position\":1,\"name\":\"Portada\",\"item\":\"https:\\\/\\\/mula.es\\\/web\\\/\"},{\"@type\":\"ListItem\",\"position\":2,\"name\":\"FESTEJOS | M\u00fasica, ocio y diversi\u00f3n formar\u00e1n parte de la Feria y Fiestas de Mula 2022\"}]},{\"@type\":\"WebSite\",\"@id\":\"https:\\\/\\\/mula.es\\\/web\\\/#website\",\"url\":\"https:\\\/\\\/mula.es\\\/web\\\/\",\"name\":\"Ayuntamiento de Mula\",\"description\":\"P\u00e1gina web del Ayuntamiento de Mula (Regi\u00f3n de Murcia)\",\"potentialAction\":[{\"@type\":\"SearchAction\",\"target\":{\"@type\":\"EntryPoint\",\"urlTemplate\":\"https:\\\/\\\/mula.es\\\/web\\\/?s={search_term_string}\"},\"query-input\":{\"@type\":\"PropertyValueSpecification\",\"valueRequired\":true,\"valueName\":\"search_term_string\"}}],\"inLanguage\":\"es\"},{\"@type\":\"Person\",\"@id\":\"https:\\\/\\\/mula.es\\\/web\\\/#\\\/schema\\\/person\\\/f8d63bd3ab6e7b025268b909b7ab0771\",\"name\":\"Rosario Mart\u00ednez\",\"image\":{\"@type\":\"ImageObject\",\"inLanguage\":\"es\",\"@id\":\"https:\\\/\\\/secure.gravatar.com\\\/avatar\\\/ce916b980ac93e5b1d36e6068357675d4e089a572ebc8789fcb807c2fb2edfef?s=96&d=mm&r=g\",\"url\":\"https:\\\/\\\/secure.gravatar.com\\\/avatar\\\/ce916b980ac93e5b1d36e6068357675d4e089a572ebc8789fcb807c2fb2edfef?s=96&d=mm&r=g\",\"contentUrl\":\"https:\\\/\\\/secure.gravatar.com\\\/avatar\\\/ce916b980ac93e5b1d36e6068357675d4e089a572ebc8789fcb807c2fb2edfef?s=96&d=mm&r=g\",\"caption\":\"Rosario Mart\u00ednez\"},\"url\":\"https:\\\/\\\/mula.es\\\/web\\\/author\\\/rmartinez\\\/\"}]}<\/script>\n<!-- \/ Yoast SEO plugin. -->","yoast_head_json":{"title":"FESTEJOS | M\u00fasica, ocio y diversi\u00f3n formar\u00e1n parte de la Feria y Fiestas de Mula 2022 - Ayuntamiento de Mula","robots":{"index":"index","follow":"follow","max-snippet":"max-snippet:-1","max-image-preview":"max-image-preview:large","max-video-preview":"max-video-preview:-1"},"canonical":"https:\/\/mula.es\/web\/festejos-musica-ocio-y-diversion-formaran-parte-de-la-feria-y-fiestas-de-mula-2022\/","og_locale":"es_ES","og_type":"article","og_title":"FESTEJOS | M\u00fasica, ocio y diversi\u00f3n formar\u00e1n parte de la Feria y Fiestas de Mula 2022 - Ayuntamiento de Mula","og_url":"https:\/\/mula.es\/web\/festejos-musica-ocio-y-diversion-formaran-parte-de-la-feria-y-fiestas-de-mula-2022\/","og_site_name":"Ayuntamiento de Mula","article_published_time":"2022-08-04T11:58:58+00:00","article_modified_time":"2022-08-25T12:24:24+00:00","og_image":[{"width":1500,"height":2100,"url":"https:\/\/mula.es\/web\/wp-content\/uploads\/2022\/08\/cartelfiestasmula2022.jpg","type":"image\/jpeg"}],"author":"Rosario Mart\u00ednez","twitter_card":"summary_large_image","twitter_image":"https:\/\/mula.es\/web\/wp-content\/uploads\/2020\/06\/escudo-cuadrado-e1591045058235.jpg","twitter_creator":"@AyuntamientMula","twitter_site":"@AyuntamientMula","twitter_misc":{"Escrito por":"Rosario Mart\u00ednez","Tiempo de lectura":"15 minutos"},"schema":{"@context":"https:\/\/schema.org","@graph":[{"@type":"Article","@id":"https:\/\/mula.es\/web\/festejos-musica-ocio-y-diversion-formaran-parte-de-la-feria-y-fiestas-de-mula-2022\/#article","isPartOf":{"@id":"https:\/\/mula.es\/web\/festejos-musica-ocio-y-diversion-formaran-parte-de-la-feria-y-fiestas-de-mula-2022\/"},"author":{"name":"Rosario Mart\u00ednez","@id":"https:\/\/mula.es\/web\/#\/schema\/person\/f8d63bd3ab6e7b025268b909b7ab0771"},"headline":"FESTEJOS | M\u00fasica, ocio y diversi\u00f3n formar\u00e1n parte de la Feria y Fiestas de Mula 2022","datePublished":"2022-08-04T11:58:58+00:00","dateModified":"2022-08-25T12:24:24+00:00","mainEntityOfPage":{"@id":"https:\/\/mula.es\/web\/festejos-musica-ocio-y-diversion-formaran-parte-de-la-feria-y-fiestas-de-mula-2022\/"},"wordCount":6055,"image":{"@id":"https:\/\/mula.es\/web\/festejos-musica-ocio-y-diversion-formaran-parte-de-la-feria-y-fiestas-de-mula-2022\/#primaryimage"},"thumbnailUrl":"https:\/\/mula.es\/web\/wp-content\/uploads\/2022\/08\/cartelfiestasmula2022.jpg","keywords":["feria y fiestas de septiembre"],"articleSection":["festejos"],"inLanguage":"es"},{"@type":"WebPage","@id":"https:\/\/mula.es\/web\/festejos-musica-ocio-y-diversion-formaran-parte-de-la-feria-y-fiestas-de-mula-2022\/","url":"https:\/\/mula.es\/web\/festejos-musica-ocio-y-diversion-formaran-parte-de-la-feria-y-fiestas-de-mula-2022\/","name":"FESTEJOS | M\u00fasica, ocio y diversi\u00f3n formar\u00e1n parte de la Feria y Fiestas de Mula 2022 - Ayuntamiento de Mula","isPartOf":{"@id":"https:\/\/mula.es\/web\/#website"},"primaryImageOfPage":{"@id":"https:\/\/mula.es\/web\/festejos-musica-ocio-y-diversion-formaran-parte-de-la-feria-y-fiestas-de-mula-2022\/#primaryimage"},"image":{"@id":"https:\/\/mula.es\/web\/festejos-musica-ocio-y-diversion-formaran-parte-de-la-feria-y-fiestas-de-mula-2022\/#primaryimage"},"thumbnailUrl":"https:\/\/mula.es\/web\/wp-content\/uploads\/2022\/08\/cartelfiestasmula2022.jpg","datePublished":"2022-08-04T11:58:58+00:00","dateModified":"2022-08-25T12:24:24+00:00","author":{"@id":"https:\/\/mula.es\/web\/#\/schema\/person\/f8d63bd3ab6e7b025268b909b7ab0771"},"breadcrumb":{"@id":"https:\/\/mula.es\/web\/festejos-musica-ocio-y-diversion-formaran-parte-de-la-feria-y-fiestas-de-mula-2022\/#breadcrumb"},"inLanguage":"es","potentialAction":[{"@type":"ReadAction","target":["https:\/\/mula.es\/web\/festejos-musica-ocio-y-diversion-formaran-parte-de-la-feria-y-fiestas-de-mula-2022\/"]}]},{"@type":"ImageObject","inLanguage":"es","@id":"https:\/\/mula.es\/web\/festejos-musica-ocio-y-diversion-formaran-parte-de-la-feria-y-fiestas-de-mula-2022\/#primaryimage","url":"https:\/\/mula.es\/web\/wp-content\/uploads\/2022\/08\/cartelfiestasmula2022.jpg","contentUrl":"https:\/\/mula.es\/web\/wp-content\/uploads\/2022\/08\/cartelfiestasmula2022.jpg","width":1500,"height":2100},{"@type":"BreadcrumbList","@id":"https:\/\/mula.es\/web\/festejos-musica-ocio-y-diversion-formaran-parte-de-la-feria-y-fiestas-de-mula-2022\/#breadcrumb","itemListElement":[{"@type":"ListItem","position":1,"name":"Portada","item":"https:\/\/mula.es\/web\/"},{"@type":"ListItem","position":2,"name":"FESTEJOS | M\u00fasica, ocio y diversi\u00f3n formar\u00e1n parte de la Feria y Fiestas de Mula 2022"}]},{"@type":"WebSite","@id":"https:\/\/mula.es\/web\/#website","url":"https:\/\/mula.es\/web\/","name":"Ayuntamiento de Mula","description":"P\u00e1gina web del Ayuntamiento de Mula (Regi\u00f3n de Murcia)","potentialAction":[{"@type":"SearchAction","target":{"@type":"EntryPoint","urlTemplate":"https:\/\/mula.es\/web\/?s={search_term_string}"},"query-input":{"@type":"PropertyValueSpecification","valueRequired":true,"valueName":"search_term_string"}}],"inLanguage":"es"},{"@type":"Person","@id":"https:\/\/mula.es\/web\/#\/schema\/person\/f8d63bd3ab6e7b025268b909b7ab0771","name":"Rosario Mart\u00ednez","image":{"@type":"ImageObject","inLanguage":"es","@id":"https:\/\/secure.gravatar.com\/avatar\/ce916b980ac93e5b1d36e6068357675d4e089a572ebc8789fcb807c2fb2edfef?s=96&d=mm&r=g","url":"https:\/\/secure.gravatar.com\/avatar\/ce916b980ac93e5b1d36e6068357675d4e089a572ebc8789fcb807c2fb2edfef?s=96&d=mm&r=g","contentUrl":"https:\/\/secure.gravatar.com\/avatar\/ce916b980ac93e5b1d36e6068357675d4e089a572ebc8789fcb807c2fb2edfef?s=96&d=mm&r=g","caption":"Rosario Mart\u00ednez"},"url":"https:\/\/mula.es\/web\/author\/rmartinez\/"}]}},"jetpack_publicize_connections":[],"jetpack_featured_media_url":"https:\/\/mula.es\/web\/wp-content\/uploads\/2022\/08\/cartelfiestasmula2022.jpg","jetpack_sharing_enabled":true,"jetpack_shortlink":"https:\/\/wp.me\/pa9DMY-bNY","jetpack-related-posts":[],"_links":{"self":[{"href":"https:\/\/mula.es\/web\/wp-json\/wp\/v2\/posts\/45382","targetHints":{"allow":["GET"]}}],"collection":[{"href":"https:\/\/mula.es\/web\/wp-json\/wp\/v2\/posts"}],"about":[{"href":"https:\/\/mula.es\/web\/wp-json\/wp\/v2\/types\/post"}],"author":[{"embeddable":true,"href":"https:\/\/mula.es\/web\/wp-json\/wp\/v2\/users\/9"}],"replies":[{"embeddable":true,"href":"https:\/\/mula.es\/web\/wp-json\/wp\/v2\/comments?post=45382"}],"version-history":[{"count":5,"href":"https:\/\/mula.es\/web\/wp-json\/wp\/v2\/posts\/45382\/revisions"}],"predecessor-version":[{"id":45476,"href":"https:\/\/mula.es\/web\/wp-json\/wp\/v2\/posts\/45382\/revisions\/45476"}],"wp:featuredmedia":[{"embeddable":true,"href":"https:\/\/mula.es\/web\/wp-json\/wp\/v2\/media\/45390"}],"wp:attachment":[{"href":"https:\/\/mula.es\/web\/wp-json\/wp\/v2\/media?parent=45382"}],"wp:term":[{"taxonomy":"category","embeddable":true,"href":"https:\/\/mula.es\/web\/wp-json\/wp\/v2\/categories?post=45382"},{"taxonomy":"post_tag","embeddable":true,"href":"https:\/\/mula.es\/web\/wp-json\/wp\/v2\/tags?post=45382"}],"curies":[{"name":"wp","href":"https:\/\/api.w.org\/{rel}","templated":true}]}}