{"id":45490,"date":"2022-08-27T19:26:14","date_gmt":"2022-08-27T17:26:14","guid":{"rendered":"https:\/\/mula.es\/web\/?p=45490"},"modified":"2022-08-27T19:26:14","modified_gmt":"2022-08-27T17:26:14","slug":"deportes-recepcion-oficial-a-mo-katir-tras-lograr-el-subcampeonato-en-el-europeo-en-los-5-000m","status":"publish","type":"post","link":"https:\/\/mula.es\/web\/deportes-recepcion-oficial-a-mo-katir-tras-lograr-el-subcampeonato-en-el-europeo-en-los-5-000m\/","title":{"rendered":"DEPORTES | Recepci\u00f3n oficial a Mo Katir tras lograr el subcampeonato en el europeo en los 5.000m"},"content":{"rendered":"<p style=\"text-align: justify;\">El alcalde de Mula mostraba su agradecimiento por llevar el nombre de la ciudad de Mula por las principales pistas deportivas de todo el mundo.<\/p>\n<p style=\"text-align: justify;\">El Ayuntamiento de Mula recibe al atleta mule\u00f1o Mo Katir tras su \u00faltimo logro deportivo, la Medalla de Plata en los 5.000m en el Campeonato Europeo de M\u00fanich.<\/p>\n<p style=\"text-align: justify;\">El alcalde de Mula, Juan Jes\u00fas Moreno, acompa\u00f1ado de miembros de la Corporaci\u00f3n Municipal, han recibido al joven en el Sal\u00f3n de Plenos del Ayuntamiento donde le han agradecido enormemente ser uno de los principales embajadores de la ciudad de Mula \u201cllevando el nombre de nuestra bella ciudad por las principales pistas del mundo\u201d, expresaba el alcalde que alababa la generosidad y sencillez del joven a pesar de ser una gran figura del atletismo internacional.<\/p>\n<p style=\"text-align: justify;\">A su llegada, decenas de mule\u00f1os esperaban impacientes la llegada del atleta, aclam\u00e1ndole por esta nueva gesta deportiva cuando sal\u00eda al balc\u00f3n a saludar a los asistentes dando las gracias por haber dedicado \u201cun poquito de vuestro tiempo a estar esta tarde aqu\u00ed acompa\u00f1\u00e1ndome\u201d.<\/p>\n<p style=\"text-align: justify;\">Katir reafirmaba las palabras que ya hab\u00eda hecho p\u00fablicas tras lograr la medalla, \u201cesta es una nueva medalla que me traigo para mi tierra, para Mula\u201d.<\/p>\n","protected":false},"excerpt":{"rendered":"<p>El alcalde de Mula mostraba su agradecimiento por llevar el nombre de la ciudad de Mula por las principales pistas deportivas de todo el mundo. El Ayuntamiento de Mula recibe al atleta mule\u00f1o Mo Katir tras su \u00faltimo logro deportivo, la Medalla de Plata en los 5.000m en el Campeonato Europeo de M\u00fanich. El alcalde  [&#8230;]<\/p>\n","protected":false},"author":9,"featured_media":45491,"comment_status":"closed","ping_status":"closed","sticky":false,"template":"","format":"standard","meta":{"jetpack_post_was_ever_published":false,"_jetpack_newsletter_access":"","_jetpack_dont_email_post_to_subs":false,"_jetpack_newsletter_tier_id":0,"_jetpack_memberships_contains_paywalled_content":false,"_jetpack_memberships_contains_paid_content":false,"footnotes":"","jetpack_publicize_message":"","jetpack_publicize_feature_enabled":true,"jetpack_social_post_already_shared":false,"jetpack_social_options":{"image_generator_settings":{"template":"highway","default_image_id":0,"font":"","enabled":false},"version":2}},"categories":[88],"tags":[802],"class_list":["post-45490","post","type-post","status-publish","format-standard","has-post-thumbnail","hentry","category-deportes","tag-mo-katir"],"yoast_head":"<!-- This site is optimized with the Yoast SEO plugin v27.5 - https:\/\/yoast.com\/product\/yoast-seo-wordpress\/ -->\n<title>DEPORTES | Recepci\u00f3n oficial a Mo Katir tras lograr el subcampeonato en el europeo en los 5.000m - Ayuntamiento de Mula<\/title>\n<meta name=\"robots\" content=\"index, follow, max-snippet:-1, max-image-preview:large, max-video-preview:-1\" \/>\n<link rel=\"canonical\" href=\"https:\/\/mula.es\/web\/deportes-recepcion-oficial-a-mo-katir-tras-lograr-el-subcampeonato-en-el-europeo-en-los-5-000m\/\" \/>\n<meta property=\"og:locale\" content=\"es_ES\" \/>\n<meta property=\"og:type\" content=\"article\" \/>\n<meta property=\"og:title\" content=\"DEPORTES | Recepci\u00f3n oficial a Mo Katir tras lograr el subcampeonato en el europeo en los 5.000m - Ayuntamiento de Mula\" \/>\n<meta property=\"og:description\" content=\"El alcalde de Mula mostraba su agradecimiento por llevar el nombre de la ciudad de Mula por las principales pistas deportivas de todo el mundo. El Ayuntamiento de Mula recibe al atleta mule\u00f1o Mo Katir tras su \u00faltimo logro deportivo, la Medalla de Plata en los 5.000m en el Campeonato Europeo de M\u00fanich. El alcalde [...]\" \/>\n<meta property=\"og:url\" content=\"https:\/\/mula.es\/web\/deportes-recepcion-oficial-a-mo-katir-tras-lograr-el-subcampeonato-en-el-europeo-en-los-5-000m\/\" \/>\n<meta property=\"og:site_name\" content=\"Ayuntamiento de Mula\" \/>\n<meta property=\"article:published_time\" content=\"2022-08-27T17:26:14+00:00\" \/>\n<meta property=\"og:image\" content=\"https:\/\/mula.es\/web\/wp-content\/uploads\/2022\/08\/katir.jpeg\" \/>\n\t<meta property=\"og:image:width\" content=\"2048\" \/>\n\t<meta property=\"og:image:height\" content=\"1536\" \/>\n\t<meta property=\"og:image:type\" content=\"image\/jpeg\" \/>\n<meta name=\"author\" content=\"Rosario Mart\u00ednez\" \/>\n<meta name=\"twitter:card\" content=\"summary_large_image\" \/>\n<meta name=\"twitter:image\" content=\"https:\/\/mula.es\/web\/wp-content\/uploads\/2020\/06\/escudo-cuadrado-e1591045058235.jpg\" \/>\n<meta name=\"twitter:creator\" content=\"@AyuntamientMula\" \/>\n<meta name=\"twitter:site\" content=\"@AyuntamientMula\" \/>\n<meta name=\"twitter:label1\" content=\"Escrito por\" \/>\n\t<meta name=\"twitter:data1\" content=\"Rosario Mart\u00ednez\" \/>\n\t<meta name=\"twitter:label2\" content=\"Tiempo de lectura\" \/>\n\t<meta name=\"twitter:data2\" content=\"1 minuto\" \/>\n<script type=\"application\/ld+json\" class=\"yoast-schema-graph\">{\"@context\":\"https:\\\/\\\/schema.org\",\"@graph\":[{\"@type\":\"Article\",\"@id\":\"https:\\\/\\\/mula.es\\\/web\\\/deportes-recepcion-oficial-a-mo-katir-tras-lograr-el-subcampeonato-en-el-europeo-en-los-5-000m\\\/#article\",\"isPartOf\":{\"@id\":\"https:\\\/\\\/mula.es\\\/web\\\/deportes-recepcion-oficial-a-mo-katir-tras-lograr-el-subcampeonato-en-el-europeo-en-los-5-000m\\\/\"},\"author\":{\"name\":\"Rosario Mart\u00ednez\",\"@id\":\"https:\\\/\\\/mula.es\\\/web\\\/#\\\/schema\\\/person\\\/f8d63bd3ab6e7b025268b909b7ab0771\"},\"headline\":\"DEPORTES | Recepci\u00f3n oficial a Mo Katir tras lograr el subcampeonato en el europeo en los 5.000m\",\"datePublished\":\"2022-08-27T17:26:14+00:00\",\"mainEntityOfPage\":{\"@id\":\"https:\\\/\\\/mula.es\\\/web\\\/deportes-recepcion-oficial-a-mo-katir-tras-lograr-el-subcampeonato-en-el-europeo-en-los-5-000m\\\/\"},\"wordCount\":228,\"image\":{\"@id\":\"https:\\\/\\\/mula.es\\\/web\\\/deportes-recepcion-oficial-a-mo-katir-tras-lograr-el-subcampeonato-en-el-europeo-en-los-5-000m\\\/#primaryimage\"},\"thumbnailUrl\":\"https:\\\/\\\/mula.es\\\/web\\\/wp-content\\\/uploads\\\/2022\\\/08\\\/katir.jpeg\",\"keywords\":[\"mo katir\"],\"articleSection\":[\"deportes\"],\"inLanguage\":\"es\"},{\"@type\":\"WebPage\",\"@id\":\"https:\\\/\\\/mula.es\\\/web\\\/deportes-recepcion-oficial-a-mo-katir-tras-lograr-el-subcampeonato-en-el-europeo-en-los-5-000m\\\/\",\"url\":\"https:\\\/\\\/mula.es\\\/web\\\/deportes-recepcion-oficial-a-mo-katir-tras-lograr-el-subcampeonato-en-el-europeo-en-los-5-000m\\\/\",\"name\":\"DEPORTES | Recepci\u00f3n oficial a Mo Katir tras lograr el subcampeonato en el europeo en los 5.000m - Ayuntamiento de Mula\",\"isPartOf\":{\"@id\":\"https:\\\/\\\/mula.es\\\/web\\\/#website\"},\"primaryImageOfPage\":{\"@id\":\"https:\\\/\\\/mula.es\\\/web\\\/deportes-recepcion-oficial-a-mo-katir-tras-lograr-el-subcampeonato-en-el-europeo-en-los-5-000m\\\/#primaryimage\"},\"image\":{\"@id\":\"https:\\\/\\\/mula.es\\\/web\\\/deportes-recepcion-oficial-a-mo-katir-tras-lograr-el-subcampeonato-en-el-europeo-en-los-5-000m\\\/#primaryimage\"},\"thumbnailUrl\":\"https:\\\/\\\/mula.es\\\/web\\\/wp-content\\\/uploads\\\/2022\\\/08\\\/katir.jpeg\",\"datePublished\":\"2022-08-27T17:26:14+00:00\",\"author\":{\"@id\":\"https:\\\/\\\/mula.es\\\/web\\\/#\\\/schema\\\/person\\\/f8d63bd3ab6e7b025268b909b7ab0771\"},\"breadcrumb\":{\"@id\":\"https:\\\/\\\/mula.es\\\/web\\\/deportes-recepcion-oficial-a-mo-katir-tras-lograr-el-subcampeonato-en-el-europeo-en-los-5-000m\\\/#breadcrumb\"},\"inLanguage\":\"es\",\"potentialAction\":[{\"@type\":\"ReadAction\",\"target\":[\"https:\\\/\\\/mula.es\\\/web\\\/deportes-recepcion-oficial-a-mo-katir-tras-lograr-el-subcampeonato-en-el-europeo-en-los-5-000m\\\/\"]}]},{\"@type\":\"ImageObject\",\"inLanguage\":\"es\",\"@id\":\"https:\\\/\\\/mula.es\\\/web\\\/deportes-recepcion-oficial-a-mo-katir-tras-lograr-el-subcampeonato-en-el-europeo-en-los-5-000m\\\/#primaryimage\",\"url\":\"https:\\\/\\\/mula.es\\\/web\\\/wp-content\\\/uploads\\\/2022\\\/08\\\/katir.jpeg\",\"contentUrl\":\"https:\\\/\\\/mula.es\\\/web\\\/wp-content\\\/uploads\\\/2022\\\/08\\\/katir.jpeg\",\"width\":2048,\"height\":1536},{\"@type\":\"BreadcrumbList\",\"@id\":\"https:\\\/\\\/mula.es\\\/web\\\/deportes-recepcion-oficial-a-mo-katir-tras-lograr-el-subcampeonato-en-el-europeo-en-los-5-000m\\\/#breadcrumb\",\"itemListElement\":[{\"@type\":\"ListItem\",\"position\":1,\"name\":\"Portada\",\"item\":\"https:\\\/\\\/mula.es\\\/web\\\/\"},{\"@type\":\"ListItem\",\"position\":2,\"name\":\"DEPORTES | Recepci\u00f3n oficial a Mo Katir tras lograr el subcampeonato en el europeo en los 5.000m\"}]},{\"@type\":\"WebSite\",\"@id\":\"https:\\\/\\\/mula.es\\\/web\\\/#website\",\"url\":\"https:\\\/\\\/mula.es\\\/web\\\/\",\"name\":\"Ayuntamiento de Mula\",\"description\":\"P\u00e1gina web del Ayuntamiento de Mula (Regi\u00f3n de Murcia)\",\"potentialAction\":[{\"@type\":\"SearchAction\",\"target\":{\"@type\":\"EntryPoint\",\"urlTemplate\":\"https:\\\/\\\/mula.es\\\/web\\\/?s={search_term_string}\"},\"query-input\":{\"@type\":\"PropertyValueSpecification\",\"valueRequired\":true,\"valueName\":\"search_term_string\"}}],\"inLanguage\":\"es\"},{\"@type\":\"Person\",\"@id\":\"https:\\\/\\\/mula.es\\\/web\\\/#\\\/schema\\\/person\\\/f8d63bd3ab6e7b025268b909b7ab0771\",\"name\":\"Rosario Mart\u00ednez\",\"image\":{\"@type\":\"ImageObject\",\"inLanguage\":\"es\",\"@id\":\"https:\\\/\\\/secure.gravatar.com\\\/avatar\\\/ce916b980ac93e5b1d36e6068357675d4e089a572ebc8789fcb807c2fb2edfef?s=96&d=mm&r=g\",\"url\":\"https:\\\/\\\/secure.gravatar.com\\\/avatar\\\/ce916b980ac93e5b1d36e6068357675d4e089a572ebc8789fcb807c2fb2edfef?s=96&d=mm&r=g\",\"contentUrl\":\"https:\\\/\\\/secure.gravatar.com\\\/avatar\\\/ce916b980ac93e5b1d36e6068357675d4e089a572ebc8789fcb807c2fb2edfef?s=96&d=mm&r=g\",\"caption\":\"Rosario Mart\u00ednez\"},\"url\":\"https:\\\/\\\/mula.es\\\/web\\\/author\\\/rmartinez\\\/\"}]}<\/script>\n<!-- \/ Yoast SEO plugin. -->","yoast_head_json":{"title":"DEPORTES | Recepci\u00f3n oficial a Mo Katir tras lograr el subcampeonato en el europeo en los 5.000m - Ayuntamiento de Mula","robots":{"index":"index","follow":"follow","max-snippet":"max-snippet:-1","max-image-preview":"max-image-preview:large","max-video-preview":"max-video-preview:-1"},"canonical":"https:\/\/mula.es\/web\/deportes-recepcion-oficial-a-mo-katir-tras-lograr-el-subcampeonato-en-el-europeo-en-los-5-000m\/","og_locale":"es_ES","og_type":"article","og_title":"DEPORTES | Recepci\u00f3n oficial a Mo Katir tras lograr el subcampeonato en el europeo en los 5.000m - Ayuntamiento de Mula","og_description":"El alcalde de Mula mostraba su agradecimiento por llevar el nombre de la ciudad de Mula por las principales pistas deportivas de todo el mundo. El Ayuntamiento de Mula recibe al atleta mule\u00f1o Mo Katir tras su \u00faltimo logro deportivo, la Medalla de Plata en los 5.000m en el Campeonato Europeo de M\u00fanich. El alcalde [...]","og_url":"https:\/\/mula.es\/web\/deportes-recepcion-oficial-a-mo-katir-tras-lograr-el-subcampeonato-en-el-europeo-en-los-5-000m\/","og_site_name":"Ayuntamiento de Mula","article_published_time":"2022-08-27T17:26:14+00:00","og_image":[{"width":2048,"height":1536,"url":"https:\/\/mula.es\/web\/wp-content\/uploads\/2022\/08\/katir.jpeg","type":"image\/jpeg"}],"author":"Rosario Mart\u00ednez","twitter_card":"summary_large_image","twitter_image":"https:\/\/mula.es\/web\/wp-content\/uploads\/2020\/06\/escudo-cuadrado-e1591045058235.jpg","twitter_creator":"@AyuntamientMula","twitter_site":"@AyuntamientMula","twitter_misc":{"Escrito por":"Rosario Mart\u00ednez","Tiempo de lectura":"1 minuto"},"schema":{"@context":"https:\/\/schema.org","@graph":[{"@type":"Article","@id":"https:\/\/mula.es\/web\/deportes-recepcion-oficial-a-mo-katir-tras-lograr-el-subcampeonato-en-el-europeo-en-los-5-000m\/#article","isPartOf":{"@id":"https:\/\/mula.es\/web\/deportes-recepcion-oficial-a-mo-katir-tras-lograr-el-subcampeonato-en-el-europeo-en-los-5-000m\/"},"author":{"name":"Rosario Mart\u00ednez","@id":"https:\/\/mula.es\/web\/#\/schema\/person\/f8d63bd3ab6e7b025268b909b7ab0771"},"headline":"DEPORTES | Recepci\u00f3n oficial a Mo Katir tras lograr el subcampeonato en el europeo en los 5.000m","datePublished":"2022-08-27T17:26:14+00:00","mainEntityOfPage":{"@id":"https:\/\/mula.es\/web\/deportes-recepcion-oficial-a-mo-katir-tras-lograr-el-subcampeonato-en-el-europeo-en-los-5-000m\/"},"wordCount":228,"image":{"@id":"https:\/\/mula.es\/web\/deportes-recepcion-oficial-a-mo-katir-tras-lograr-el-subcampeonato-en-el-europeo-en-los-5-000m\/#primaryimage"},"thumbnailUrl":"https:\/\/mula.es\/web\/wp-content\/uploads\/2022\/08\/katir.jpeg","keywords":["mo katir"],"articleSection":["deportes"],"inLanguage":"es"},{"@type":"WebPage","@id":"https:\/\/mula.es\/web\/deportes-recepcion-oficial-a-mo-katir-tras-lograr-el-subcampeonato-en-el-europeo-en-los-5-000m\/","url":"https:\/\/mula.es\/web\/deportes-recepcion-oficial-a-mo-katir-tras-lograr-el-subcampeonato-en-el-europeo-en-los-5-000m\/","name":"DEPORTES | Recepci\u00f3n oficial a Mo Katir tras lograr el subcampeonato en el europeo en los 5.000m - Ayuntamiento de Mula","isPartOf":{"@id":"https:\/\/mula.es\/web\/#website"},"primaryImageOfPage":{"@id":"https:\/\/mula.es\/web\/deportes-recepcion-oficial-a-mo-katir-tras-lograr-el-subcampeonato-en-el-europeo-en-los-5-000m\/#primaryimage"},"image":{"@id":"https:\/\/mula.es\/web\/deportes-recepcion-oficial-a-mo-katir-tras-lograr-el-subcampeonato-en-el-europeo-en-los-5-000m\/#primaryimage"},"thumbnailUrl":"https:\/\/mula.es\/web\/wp-content\/uploads\/2022\/08\/katir.jpeg","datePublished":"2022-08-27T17:26:14+00:00","author":{"@id":"https:\/\/mula.es\/web\/#\/schema\/person\/f8d63bd3ab6e7b025268b909b7ab0771"},"breadcrumb":{"@id":"https:\/\/mula.es\/web\/deportes-recepcion-oficial-a-mo-katir-tras-lograr-el-subcampeonato-en-el-europeo-en-los-5-000m\/#breadcrumb"},"inLanguage":"es","potentialAction":[{"@type":"ReadAction","target":["https:\/\/mula.es\/web\/deportes-recepcion-oficial-a-mo-katir-tras-lograr-el-subcampeonato-en-el-europeo-en-los-5-000m\/"]}]},{"@type":"ImageObject","inLanguage":"es","@id":"https:\/\/mula.es\/web\/deportes-recepcion-oficial-a-mo-katir-tras-lograr-el-subcampeonato-en-el-europeo-en-los-5-000m\/#primaryimage","url":"https:\/\/mula.es\/web\/wp-content\/uploads\/2022\/08\/katir.jpeg","contentUrl":"https:\/\/mula.es\/web\/wp-content\/uploads\/2022\/08\/katir.jpeg","width":2048,"height":1536},{"@type":"BreadcrumbList","@id":"https:\/\/mula.es\/web\/deportes-recepcion-oficial-a-mo-katir-tras-lograr-el-subcampeonato-en-el-europeo-en-los-5-000m\/#breadcrumb","itemListElement":[{"@type":"ListItem","position":1,"name":"Portada","item":"https:\/\/mula.es\/web\/"},{"@type":"ListItem","position":2,"name":"DEPORTES | Recepci\u00f3n oficial a Mo Katir tras lograr el subcampeonato en el europeo en los 5.000m"}]},{"@type":"WebSite","@id":"https:\/\/mula.es\/web\/#website","url":"https:\/\/mula.es\/web\/","name":"Ayuntamiento de Mula","description":"P\u00e1gina web del Ayuntamiento de Mula (Regi\u00f3n de Murcia)","potentialAction":[{"@type":"SearchAction","target":{"@type":"EntryPoint","urlTemplate":"https:\/\/mula.es\/web\/?s={search_term_string}"},"query-input":{"@type":"PropertyValueSpecification","valueRequired":true,"valueName":"search_term_string"}}],"inLanguage":"es"},{"@type":"Person","@id":"https:\/\/mula.es\/web\/#\/schema\/person\/f8d63bd3ab6e7b025268b909b7ab0771","name":"Rosario Mart\u00ednez","image":{"@type":"ImageObject","inLanguage":"es","@id":"https:\/\/secure.gravatar.com\/avatar\/ce916b980ac93e5b1d36e6068357675d4e089a572ebc8789fcb807c2fb2edfef?s=96&d=mm&r=g","url":"https:\/\/secure.gravatar.com\/avatar\/ce916b980ac93e5b1d36e6068357675d4e089a572ebc8789fcb807c2fb2edfef?s=96&d=mm&r=g","contentUrl":"https:\/\/secure.gravatar.com\/avatar\/ce916b980ac93e5b1d36e6068357675d4e089a572ebc8789fcb807c2fb2edfef?s=96&d=mm&r=g","caption":"Rosario Mart\u00ednez"},"url":"https:\/\/mula.es\/web\/author\/rmartinez\/"}]}},"jetpack_publicize_connections":[],"jetpack_featured_media_url":"https:\/\/mula.es\/web\/wp-content\/uploads\/2022\/08\/katir.jpeg","jetpack_sharing_enabled":true,"jetpack_shortlink":"https:\/\/wp.me\/pa9DMY-bPI","jetpack-related-posts":[],"_links":{"self":[{"href":"https:\/\/mula.es\/web\/wp-json\/wp\/v2\/posts\/45490","targetHints":{"allow":["GET"]}}],"collection":[{"href":"https:\/\/mula.es\/web\/wp-json\/wp\/v2\/posts"}],"about":[{"href":"https:\/\/mula.es\/web\/wp-json\/wp\/v2\/types\/post"}],"author":[{"embeddable":true,"href":"https:\/\/mula.es\/web\/wp-json\/wp\/v2\/users\/9"}],"replies":[{"embeddable":true,"href":"https:\/\/mula.es\/web\/wp-json\/wp\/v2\/comments?post=45490"}],"version-history":[{"count":1,"href":"https:\/\/mula.es\/web\/wp-json\/wp\/v2\/posts\/45490\/revisions"}],"predecessor-version":[{"id":45492,"href":"https:\/\/mula.es\/web\/wp-json\/wp\/v2\/posts\/45490\/revisions\/45492"}],"wp:featuredmedia":[{"embeddable":true,"href":"https:\/\/mula.es\/web\/wp-json\/wp\/v2\/media\/45491"}],"wp:attachment":[{"href":"https:\/\/mula.es\/web\/wp-json\/wp\/v2\/media?parent=45490"}],"wp:term":[{"taxonomy":"category","embeddable":true,"href":"https:\/\/mula.es\/web\/wp-json\/wp\/v2\/categories?post=45490"},{"taxonomy":"post_tag","embeddable":true,"href":"https:\/\/mula.es\/web\/wp-json\/wp\/v2\/tags?post=45490"}],"curies":[{"name":"wp","href":"https:\/\/api.w.org\/{rel}","templated":true}]}}