{"id":45493,"date":"2022-08-27T19:35:06","date_gmt":"2022-08-27T17:35:06","guid":{"rendered":"https:\/\/mula.es\/web\/?p=45493"},"modified":"2022-08-27T19:35:06","modified_gmt":"2022-08-27T17:35:06","slug":"plan-corresponsables-cincuenta-ninos-participan-en-el-i-campus-deportivo-de-mula-plan-corresponsables","status":"publish","type":"post","link":"https:\/\/mula.es\/web\/plan-corresponsables-cincuenta-ninos-participan-en-el-i-campus-deportivo-de-mula-plan-corresponsables\/","title":{"rendered":"PLAN CORRESPONSABLES | Cincuenta ni\u00f1os participan en el I Campus Deportivo de Mula Plan Corresponsables"},"content":{"rendered":"<p><div class=\"fusion-fullwidth fullwidth-box fusion-builder-row-1 fusion-flex-container nonhundred-percent-fullwidth non-hundred-percent-height-scrolling\" style=\"--awb-border-radius-top-left:0px;--awb-border-radius-top-right:0px;--awb-border-radius-bottom-right:0px;--awb-border-radius-bottom-left:0px;--awb-flex-wrap:wrap;\" ><div class=\"fusion-builder-row fusion-row fusion-flex-align-items-flex-start fusion-flex-content-wrap\" style=\"max-width:1144px;margin-left: calc(-4% \/ 2 );margin-right: calc(-4% \/ 2 );\"><div class=\"fusion-layout-column fusion_builder_column fusion-builder-column-0 fusion_builder_column_1_1 1_1 fusion-flex-column\" style=\"--awb-bg-size:cover;--awb-width-large:100%;--awb-margin-top-large:0px;--awb-spacing-right-large:1.92%;--awb-margin-bottom-large:0px;--awb-spacing-left-large:1.92%;--awb-width-medium:100%;--awb-spacing-right-medium:1.92%;--awb-spacing-left-medium:1.92%;--awb-width-small:100%;--awb-spacing-right-small:1.92%;--awb-spacing-left-small:1.92%;\"><div class=\"fusion-column-wrapper fusion-flex-justify-content-flex-start fusion-content-layout-column\"><div class=\"fusion-text fusion-text-1\"><p style=\"text-align: justify;\">El alcalde de Mula, junto a miembros del equipo de Gobierno, ha visitado las instalaciones del pabell\u00f3n municipal donde se est\u00e1n desarrollando las actividades deportivas y de ocio para j\u00f3venes de entre 10 y 16 a\u00f1os<\/p>\n<p style=\"text-align: justify;\">El alcalde de Mula, Juan Jes\u00fas Moreno, acompa\u00f1ado de miembros del equipo de Gobierno, visitaban durante la ma\u00f1ana de este viernes el pabell\u00f3n polideportivo donde tiene lugar la celebraci\u00f3n de un Campus Deportivo para ni\u00f1os de entre 10 a 16 a\u00f1os.<\/p>\n<p style=\"text-align: justify;\">Se trata de uno de los proyectos puestos en marcha este mes de agosto dentro del Programa de Conciliaci\u00f3n Familiar desde la Igualdad de Hombres y Mujeres Mula 2022, enmarcado del Plan Corresponsables puesto en marcha por el Gobierno de Espa\u00f1a.<\/p>\n<p style=\"text-align: justify;\">Han participado en este Campus Deportivo 50 ni\u00f1os del municipio donde han desarrollado actividades diversas en torno a deportes como el f\u00fatbol, balonmano o voleibol, entre otros.<\/p>\n<p style=\"text-align: justify;\">La actividad inclu\u00eda actividades en la piscina municipal de verano y, como fin del campus, el descenso por el r\u00edo Segura en el Ca\u00f1\u00f3n de Almadenes, que se celebra la pr\u00f3xima semana como cierre del Campus.<\/p>\n<p style=\"text-align: justify;\">El alcalde de Mula destacaba la gran acogida de este Campus Deportivo. \u201cCreemos en el valor del deporte entre nuestros j\u00f3venes. El hecho de que este Campus estuviera destinado a j\u00f3venes de entre 10 y 16 a\u00f1os viene a suplir una carencia de actividades en torno a estas edades donde los j\u00f3venes dejan de ser ni\u00f1os y donde son ni\u00f1os para hacer cosas de mayores. Estamos muy satisfechos por la gran participaci\u00f3n y nos lleva a seguir trabajando en favor de la conciliaci\u00f3n laboral y familiar de los vecinos del municipio\u201d.<\/p>\n<\/div><\/div><\/div><\/div><\/div><div class=\"fusion-fullwidth fullwidth-box fusion-builder-row-2 fusion-flex-container has-pattern-background has-mask-background nonhundred-percent-fullwidth non-hundred-percent-height-scrolling\" style=\"--awb-border-radius-top-left:0px;--awb-border-radius-top-right:0px;--awb-border-radius-bottom-right:0px;--awb-border-radius-bottom-left:0px;--awb-flex-wrap:wrap;\" ><div class=\"fusion-builder-row fusion-row fusion-flex-align-items-flex-start fusion-flex-content-wrap\" style=\"max-width:1144px;margin-left: calc(-4% \/ 2 );margin-right: calc(-4% \/ 2 );\"><div class=\"fusion-layout-column fusion_builder_column fusion-builder-column-1 fusion_builder_column_1_2 1_2 fusion-flex-column\" style=\"--awb-bg-size:cover;--awb-width-large:50%;--awb-margin-top-large:0px;--awb-spacing-right-large:3.84%;--awb-margin-bottom-large:20px;--awb-spacing-left-large:3.84%;--awb-width-medium:50%;--awb-order-medium:0;--awb-spacing-right-medium:3.84%;--awb-spacing-left-medium:3.84%;--awb-width-small:100%;--awb-order-small:0;--awb-spacing-right-small:1.92%;--awb-spacing-left-small:1.92%;\"><div class=\"fusion-column-wrapper fusion-column-has-shadow fusion-flex-justify-content-flex-start fusion-content-layout-column\"><div class=\"fusion-text fusion-text-2\"><p><a href=\"https:\/\/mula.es\/web\/wp-content\/uploads\/2022\/08\/campus-deportivo-02.jpeg\"><img decoding=\"async\" data-attachment-id=\"45494\" data-permalink=\"https:\/\/mula.es\/web\/plan-corresponsables-cincuenta-ninos-participan-en-el-i-campus-deportivo-de-mula-plan-corresponsables\/campus-deportivo-02\/\" data-orig-file=\"https:\/\/mula.es\/web\/wp-content\/uploads\/2022\/08\/campus-deportivo-02.jpeg\" data-orig-size=\"1024,768\" data-comments-opened=\"0\" data-image-meta=\"\" data-image-title=\"campus deportivo 02\" data-image-description=\"\" data-image-caption=\"\" data-large-file=\"https:\/\/mula.es\/web\/wp-content\/uploads\/2022\/08\/campus-deportivo-02.jpeg\" class=\"size-full wp-image-45494 aligncenter\" src=\"https:\/\/mula.es\/web\/wp-content\/uploads\/2022\/08\/campus-deportivo-02.jpeg\" alt=\"\" width=\"1024\" height=\"768\" srcset=\"https:\/\/mula.es\/web\/wp-content\/uploads\/2022\/08\/campus-deportivo-02-200x150.jpeg 200w, https:\/\/mula.es\/web\/wp-content\/uploads\/2022\/08\/campus-deportivo-02-300x225.jpeg 300w, https:\/\/mula.es\/web\/wp-content\/uploads\/2022\/08\/campus-deportivo-02-400x300.jpeg 400w, https:\/\/mula.es\/web\/wp-content\/uploads\/2022\/08\/campus-deportivo-02-600x450.jpeg 600w, https:\/\/mula.es\/web\/wp-content\/uploads\/2022\/08\/campus-deportivo-02-768x576.jpeg 768w, https:\/\/mula.es\/web\/wp-content\/uploads\/2022\/08\/campus-deportivo-02-800x600.jpeg 800w, https:\/\/mula.es\/web\/wp-content\/uploads\/2022\/08\/campus-deportivo-02.jpeg 1024w\" sizes=\"(max-width: 1024px) 100vw, 1024px\" \/><\/a><\/p>\n<\/div><\/div><\/div><div class=\"fusion-layout-column fusion_builder_column fusion-builder-column-2 fusion_builder_column_1_2 1_2 fusion-flex-column\" style=\"--awb-bg-size:cover;--awb-width-large:50%;--awb-margin-top-large:0px;--awb-spacing-right-large:3.84%;--awb-margin-bottom-large:20px;--awb-spacing-left-large:3.84%;--awb-width-medium:50%;--awb-order-medium:0;--awb-spacing-right-medium:3.84%;--awb-spacing-left-medium:3.84%;--awb-width-small:100%;--awb-order-small:0;--awb-spacing-right-small:1.92%;--awb-spacing-left-small:1.92%;\"><div class=\"fusion-column-wrapper fusion-column-has-shadow fusion-flex-justify-content-flex-start fusion-content-layout-column\"><div class=\"fusion-text fusion-text-3\"><p><a href=\"https:\/\/mula.es\/web\/wp-content\/uploads\/2022\/08\/campus-deportivo-03.jpeg\"><img decoding=\"async\" data-attachment-id=\"45495\" data-permalink=\"https:\/\/mula.es\/web\/plan-corresponsables-cincuenta-ninos-participan-en-el-i-campus-deportivo-de-mula-plan-corresponsables\/campus-deportivo-03\/\" data-orig-file=\"https:\/\/mula.es\/web\/wp-content\/uploads\/2022\/08\/campus-deportivo-03.jpeg\" data-orig-size=\"1024,769\" data-comments-opened=\"0\" data-image-meta=\"\" data-image-title=\"campus deportivo 03\" data-image-description=\"\" data-image-caption=\"\" data-large-file=\"https:\/\/mula.es\/web\/wp-content\/uploads\/2022\/08\/campus-deportivo-03.jpeg\" class=\"size-full wp-image-45495 aligncenter\" src=\"https:\/\/mula.es\/web\/wp-content\/uploads\/2022\/08\/campus-deportivo-03.jpeg\" alt=\"\" width=\"1024\" height=\"769\" srcset=\"https:\/\/mula.es\/web\/wp-content\/uploads\/2022\/08\/campus-deportivo-03-200x150.jpeg 200w, https:\/\/mula.es\/web\/wp-content\/uploads\/2022\/08\/campus-deportivo-03-300x225.jpeg 300w, https:\/\/mula.es\/web\/wp-content\/uploads\/2022\/08\/campus-deportivo-03-400x300.jpeg 400w, https:\/\/mula.es\/web\/wp-content\/uploads\/2022\/08\/campus-deportivo-03-600x451.jpeg 600w, https:\/\/mula.es\/web\/wp-content\/uploads\/2022\/08\/campus-deportivo-03-768x577.jpeg 768w, https:\/\/mula.es\/web\/wp-content\/uploads\/2022\/08\/campus-deportivo-03-800x601.jpeg 800w, https:\/\/mula.es\/web\/wp-content\/uploads\/2022\/08\/campus-deportivo-03.jpeg 1024w\" sizes=\"(max-width: 1024px) 100vw, 1024px\" \/><\/a><\/p>\n<\/div><\/div><\/div><\/div><\/div><\/p>\n","protected":false},"excerpt":{"rendered":"","protected":false},"author":9,"featured_media":45496,"comment_status":"closed","ping_status":"closed","sticky":false,"template":"","format":"standard","meta":{"jetpack_post_was_ever_published":false,"_jetpack_newsletter_access":"","_jetpack_dont_email_post_to_subs":false,"_jetpack_newsletter_tier_id":0,"_jetpack_memberships_contains_paywalled_content":false,"_jetpack_memberships_contains_paid_content":false,"footnotes":"","jetpack_publicize_message":"","jetpack_publicize_feature_enabled":true,"jetpack_social_post_already_shared":false,"jetpack_social_options":{"image_generator_settings":{"template":"highway","default_image_id":0,"font":"","enabled":false},"version":2}},"categories":[803],"tags":[],"class_list":["post-45493","post","type-post","status-publish","format-standard","has-post-thumbnail","hentry","category-plan-corresponsables"],"yoast_head":"<!-- This site is optimized with the Yoast SEO plugin v27.5 - https:\/\/yoast.com\/product\/yoast-seo-wordpress\/ -->\n<title>PLAN CORRESPONSABLES | Cincuenta ni\u00f1os participan en el I Campus Deportivo de Mula Plan Corresponsables - Ayuntamiento de Mula<\/title>\n<meta name=\"robots\" content=\"index, follow, max-snippet:-1, max-image-preview:large, max-video-preview:-1\" \/>\n<link rel=\"canonical\" href=\"https:\/\/mula.es\/web\/plan-corresponsables-cincuenta-ninos-participan-en-el-i-campus-deportivo-de-mula-plan-corresponsables\/\" \/>\n<meta property=\"og:locale\" content=\"es_ES\" \/>\n<meta property=\"og:type\" content=\"article\" \/>\n<meta property=\"og:title\" content=\"PLAN CORRESPONSABLES | Cincuenta ni\u00f1os participan en el I Campus Deportivo de Mula Plan Corresponsables - Ayuntamiento de Mula\" \/>\n<meta property=\"og:url\" content=\"https:\/\/mula.es\/web\/plan-corresponsables-cincuenta-ninos-participan-en-el-i-campus-deportivo-de-mula-plan-corresponsables\/\" \/>\n<meta property=\"og:site_name\" content=\"Ayuntamiento de Mula\" \/>\n<meta property=\"article:published_time\" content=\"2022-08-27T17:35:06+00:00\" \/>\n<meta property=\"og:image\" content=\"https:\/\/mula.es\/web\/wp-content\/uploads\/2022\/08\/campus-deportivo-01.jpeg\" \/>\n\t<meta property=\"og:image:width\" content=\"1024\" \/>\n\t<meta property=\"og:image:height\" content=\"769\" \/>\n\t<meta property=\"og:image:type\" content=\"image\/jpeg\" \/>\n<meta name=\"author\" content=\"Rosario Mart\u00ednez\" \/>\n<meta name=\"twitter:card\" content=\"summary_large_image\" \/>\n<meta name=\"twitter:image\" content=\"https:\/\/mula.es\/web\/wp-content\/uploads\/2020\/06\/escudo-cuadrado-e1591045058235.jpg\" \/>\n<meta name=\"twitter:creator\" content=\"@AyuntamientMula\" \/>\n<meta name=\"twitter:site\" content=\"@AyuntamientMula\" \/>\n<meta name=\"twitter:label1\" content=\"Escrito por\" \/>\n\t<meta name=\"twitter:data1\" content=\"Rosario Mart\u00ednez\" \/>\n\t<meta name=\"twitter:label2\" content=\"Tiempo de lectura\" \/>\n\t<meta name=\"twitter:data2\" content=\"4 minutos\" \/>\n<script type=\"application\/ld+json\" class=\"yoast-schema-graph\">{\"@context\":\"https:\\\/\\\/schema.org\",\"@graph\":[{\"@type\":\"Article\",\"@id\":\"https:\\\/\\\/mula.es\\\/web\\\/plan-corresponsables-cincuenta-ninos-participan-en-el-i-campus-deportivo-de-mula-plan-corresponsables\\\/#article\",\"isPartOf\":{\"@id\":\"https:\\\/\\\/mula.es\\\/web\\\/plan-corresponsables-cincuenta-ninos-participan-en-el-i-campus-deportivo-de-mula-plan-corresponsables\\\/\"},\"author\":{\"name\":\"Rosario Mart\u00ednez\",\"@id\":\"https:\\\/\\\/mula.es\\\/web\\\/#\\\/schema\\\/person\\\/f8d63bd3ab6e7b025268b909b7ab0771\"},\"headline\":\"PLAN CORRESPONSABLES | Cincuenta ni\u00f1os participan en el I Campus Deportivo de Mula Plan Corresponsables\",\"datePublished\":\"2022-08-27T17:35:06+00:00\",\"mainEntityOfPage\":{\"@id\":\"https:\\\/\\\/mula.es\\\/web\\\/plan-corresponsables-cincuenta-ninos-participan-en-el-i-campus-deportivo-de-mula-plan-corresponsables\\\/\"},\"wordCount\":1607,\"image\":{\"@id\":\"https:\\\/\\\/mula.es\\\/web\\\/plan-corresponsables-cincuenta-ninos-participan-en-el-i-campus-deportivo-de-mula-plan-corresponsables\\\/#primaryimage\"},\"thumbnailUrl\":\"https:\\\/\\\/mula.es\\\/web\\\/wp-content\\\/uploads\\\/2022\\\/08\\\/campus-deportivo-01.jpeg\",\"articleSection\":[\"PLAN CORRESPONSABLES\"],\"inLanguage\":\"es\"},{\"@type\":\"WebPage\",\"@id\":\"https:\\\/\\\/mula.es\\\/web\\\/plan-corresponsables-cincuenta-ninos-participan-en-el-i-campus-deportivo-de-mula-plan-corresponsables\\\/\",\"url\":\"https:\\\/\\\/mula.es\\\/web\\\/plan-corresponsables-cincuenta-ninos-participan-en-el-i-campus-deportivo-de-mula-plan-corresponsables\\\/\",\"name\":\"PLAN CORRESPONSABLES | Cincuenta ni\u00f1os participan en el I Campus Deportivo de Mula Plan Corresponsables - Ayuntamiento de Mula\",\"isPartOf\":{\"@id\":\"https:\\\/\\\/mula.es\\\/web\\\/#website\"},\"primaryImageOfPage\":{\"@id\":\"https:\\\/\\\/mula.es\\\/web\\\/plan-corresponsables-cincuenta-ninos-participan-en-el-i-campus-deportivo-de-mula-plan-corresponsables\\\/#primaryimage\"},\"image\":{\"@id\":\"https:\\\/\\\/mula.es\\\/web\\\/plan-corresponsables-cincuenta-ninos-participan-en-el-i-campus-deportivo-de-mula-plan-corresponsables\\\/#primaryimage\"},\"thumbnailUrl\":\"https:\\\/\\\/mula.es\\\/web\\\/wp-content\\\/uploads\\\/2022\\\/08\\\/campus-deportivo-01.jpeg\",\"datePublished\":\"2022-08-27T17:35:06+00:00\",\"author\":{\"@id\":\"https:\\\/\\\/mula.es\\\/web\\\/#\\\/schema\\\/person\\\/f8d63bd3ab6e7b025268b909b7ab0771\"},\"breadcrumb\":{\"@id\":\"https:\\\/\\\/mula.es\\\/web\\\/plan-corresponsables-cincuenta-ninos-participan-en-el-i-campus-deportivo-de-mula-plan-corresponsables\\\/#breadcrumb\"},\"inLanguage\":\"es\",\"potentialAction\":[{\"@type\":\"ReadAction\",\"target\":[\"https:\\\/\\\/mula.es\\\/web\\\/plan-corresponsables-cincuenta-ninos-participan-en-el-i-campus-deportivo-de-mula-plan-corresponsables\\\/\"]}]},{\"@type\":\"ImageObject\",\"inLanguage\":\"es\",\"@id\":\"https:\\\/\\\/mula.es\\\/web\\\/plan-corresponsables-cincuenta-ninos-participan-en-el-i-campus-deportivo-de-mula-plan-corresponsables\\\/#primaryimage\",\"url\":\"https:\\\/\\\/mula.es\\\/web\\\/wp-content\\\/uploads\\\/2022\\\/08\\\/campus-deportivo-01.jpeg\",\"contentUrl\":\"https:\\\/\\\/mula.es\\\/web\\\/wp-content\\\/uploads\\\/2022\\\/08\\\/campus-deportivo-01.jpeg\",\"width\":1024,\"height\":769},{\"@type\":\"BreadcrumbList\",\"@id\":\"https:\\\/\\\/mula.es\\\/web\\\/plan-corresponsables-cincuenta-ninos-participan-en-el-i-campus-deportivo-de-mula-plan-corresponsables\\\/#breadcrumb\",\"itemListElement\":[{\"@type\":\"ListItem\",\"position\":1,\"name\":\"Portada\",\"item\":\"https:\\\/\\\/mula.es\\\/web\\\/\"},{\"@type\":\"ListItem\",\"position\":2,\"name\":\"PLAN CORRESPONSABLES | Cincuenta ni\u00f1os participan en el I Campus Deportivo de Mula Plan Corresponsables\"}]},{\"@type\":\"WebSite\",\"@id\":\"https:\\\/\\\/mula.es\\\/web\\\/#website\",\"url\":\"https:\\\/\\\/mula.es\\\/web\\\/\",\"name\":\"Ayuntamiento de Mula\",\"description\":\"P\u00e1gina web del Ayuntamiento de Mula (Regi\u00f3n de Murcia)\",\"potentialAction\":[{\"@type\":\"SearchAction\",\"target\":{\"@type\":\"EntryPoint\",\"urlTemplate\":\"https:\\\/\\\/mula.es\\\/web\\\/?s={search_term_string}\"},\"query-input\":{\"@type\":\"PropertyValueSpecification\",\"valueRequired\":true,\"valueName\":\"search_term_string\"}}],\"inLanguage\":\"es\"},{\"@type\":\"Person\",\"@id\":\"https:\\\/\\\/mula.es\\\/web\\\/#\\\/schema\\\/person\\\/f8d63bd3ab6e7b025268b909b7ab0771\",\"name\":\"Rosario Mart\u00ednez\",\"image\":{\"@type\":\"ImageObject\",\"inLanguage\":\"es\",\"@id\":\"https:\\\/\\\/secure.gravatar.com\\\/avatar\\\/ce916b980ac93e5b1d36e6068357675d4e089a572ebc8789fcb807c2fb2edfef?s=96&d=mm&r=g\",\"url\":\"https:\\\/\\\/secure.gravatar.com\\\/avatar\\\/ce916b980ac93e5b1d36e6068357675d4e089a572ebc8789fcb807c2fb2edfef?s=96&d=mm&r=g\",\"contentUrl\":\"https:\\\/\\\/secure.gravatar.com\\\/avatar\\\/ce916b980ac93e5b1d36e6068357675d4e089a572ebc8789fcb807c2fb2edfef?s=96&d=mm&r=g\",\"caption\":\"Rosario Mart\u00ednez\"},\"url\":\"https:\\\/\\\/mula.es\\\/web\\\/author\\\/rmartinez\\\/\"}]}<\/script>\n<!-- \/ Yoast SEO plugin. -->","yoast_head_json":{"title":"PLAN CORRESPONSABLES | Cincuenta ni\u00f1os participan en el I Campus Deportivo de Mula Plan Corresponsables - Ayuntamiento de Mula","robots":{"index":"index","follow":"follow","max-snippet":"max-snippet:-1","max-image-preview":"max-image-preview:large","max-video-preview":"max-video-preview:-1"},"canonical":"https:\/\/mula.es\/web\/plan-corresponsables-cincuenta-ninos-participan-en-el-i-campus-deportivo-de-mula-plan-corresponsables\/","og_locale":"es_ES","og_type":"article","og_title":"PLAN CORRESPONSABLES | Cincuenta ni\u00f1os participan en el I Campus Deportivo de Mula Plan Corresponsables - Ayuntamiento de Mula","og_url":"https:\/\/mula.es\/web\/plan-corresponsables-cincuenta-ninos-participan-en-el-i-campus-deportivo-de-mula-plan-corresponsables\/","og_site_name":"Ayuntamiento de Mula","article_published_time":"2022-08-27T17:35:06+00:00","og_image":[{"width":1024,"height":769,"url":"https:\/\/mula.es\/web\/wp-content\/uploads\/2022\/08\/campus-deportivo-01.jpeg","type":"image\/jpeg"}],"author":"Rosario Mart\u00ednez","twitter_card":"summary_large_image","twitter_image":"https:\/\/mula.es\/web\/wp-content\/uploads\/2020\/06\/escudo-cuadrado-e1591045058235.jpg","twitter_creator":"@AyuntamientMula","twitter_site":"@AyuntamientMula","twitter_misc":{"Escrito por":"Rosario Mart\u00ednez","Tiempo de lectura":"4 minutos"},"schema":{"@context":"https:\/\/schema.org","@graph":[{"@type":"Article","@id":"https:\/\/mula.es\/web\/plan-corresponsables-cincuenta-ninos-participan-en-el-i-campus-deportivo-de-mula-plan-corresponsables\/#article","isPartOf":{"@id":"https:\/\/mula.es\/web\/plan-corresponsables-cincuenta-ninos-participan-en-el-i-campus-deportivo-de-mula-plan-corresponsables\/"},"author":{"name":"Rosario Mart\u00ednez","@id":"https:\/\/mula.es\/web\/#\/schema\/person\/f8d63bd3ab6e7b025268b909b7ab0771"},"headline":"PLAN CORRESPONSABLES | Cincuenta ni\u00f1os participan en el I Campus Deportivo de Mula Plan Corresponsables","datePublished":"2022-08-27T17:35:06+00:00","mainEntityOfPage":{"@id":"https:\/\/mula.es\/web\/plan-corresponsables-cincuenta-ninos-participan-en-el-i-campus-deportivo-de-mula-plan-corresponsables\/"},"wordCount":1607,"image":{"@id":"https:\/\/mula.es\/web\/plan-corresponsables-cincuenta-ninos-participan-en-el-i-campus-deportivo-de-mula-plan-corresponsables\/#primaryimage"},"thumbnailUrl":"https:\/\/mula.es\/web\/wp-content\/uploads\/2022\/08\/campus-deportivo-01.jpeg","articleSection":["PLAN CORRESPONSABLES"],"inLanguage":"es"},{"@type":"WebPage","@id":"https:\/\/mula.es\/web\/plan-corresponsables-cincuenta-ninos-participan-en-el-i-campus-deportivo-de-mula-plan-corresponsables\/","url":"https:\/\/mula.es\/web\/plan-corresponsables-cincuenta-ninos-participan-en-el-i-campus-deportivo-de-mula-plan-corresponsables\/","name":"PLAN CORRESPONSABLES | Cincuenta ni\u00f1os participan en el I Campus Deportivo de Mula Plan Corresponsables - Ayuntamiento de Mula","isPartOf":{"@id":"https:\/\/mula.es\/web\/#website"},"primaryImageOfPage":{"@id":"https:\/\/mula.es\/web\/plan-corresponsables-cincuenta-ninos-participan-en-el-i-campus-deportivo-de-mula-plan-corresponsables\/#primaryimage"},"image":{"@id":"https:\/\/mula.es\/web\/plan-corresponsables-cincuenta-ninos-participan-en-el-i-campus-deportivo-de-mula-plan-corresponsables\/#primaryimage"},"thumbnailUrl":"https:\/\/mula.es\/web\/wp-content\/uploads\/2022\/08\/campus-deportivo-01.jpeg","datePublished":"2022-08-27T17:35:06+00:00","author":{"@id":"https:\/\/mula.es\/web\/#\/schema\/person\/f8d63bd3ab6e7b025268b909b7ab0771"},"breadcrumb":{"@id":"https:\/\/mula.es\/web\/plan-corresponsables-cincuenta-ninos-participan-en-el-i-campus-deportivo-de-mula-plan-corresponsables\/#breadcrumb"},"inLanguage":"es","potentialAction":[{"@type":"ReadAction","target":["https:\/\/mula.es\/web\/plan-corresponsables-cincuenta-ninos-participan-en-el-i-campus-deportivo-de-mula-plan-corresponsables\/"]}]},{"@type":"ImageObject","inLanguage":"es","@id":"https:\/\/mula.es\/web\/plan-corresponsables-cincuenta-ninos-participan-en-el-i-campus-deportivo-de-mula-plan-corresponsables\/#primaryimage","url":"https:\/\/mula.es\/web\/wp-content\/uploads\/2022\/08\/campus-deportivo-01.jpeg","contentUrl":"https:\/\/mula.es\/web\/wp-content\/uploads\/2022\/08\/campus-deportivo-01.jpeg","width":1024,"height":769},{"@type":"BreadcrumbList","@id":"https:\/\/mula.es\/web\/plan-corresponsables-cincuenta-ninos-participan-en-el-i-campus-deportivo-de-mula-plan-corresponsables\/#breadcrumb","itemListElement":[{"@type":"ListItem","position":1,"name":"Portada","item":"https:\/\/mula.es\/web\/"},{"@type":"ListItem","position":2,"name":"PLAN CORRESPONSABLES | Cincuenta ni\u00f1os participan en el I Campus Deportivo de Mula Plan Corresponsables"}]},{"@type":"WebSite","@id":"https:\/\/mula.es\/web\/#website","url":"https:\/\/mula.es\/web\/","name":"Ayuntamiento de Mula","description":"P\u00e1gina web del Ayuntamiento de Mula (Regi\u00f3n de Murcia)","potentialAction":[{"@type":"SearchAction","target":{"@type":"EntryPoint","urlTemplate":"https:\/\/mula.es\/web\/?s={search_term_string}"},"query-input":{"@type":"PropertyValueSpecification","valueRequired":true,"valueName":"search_term_string"}}],"inLanguage":"es"},{"@type":"Person","@id":"https:\/\/mula.es\/web\/#\/schema\/person\/f8d63bd3ab6e7b025268b909b7ab0771","name":"Rosario Mart\u00ednez","image":{"@type":"ImageObject","inLanguage":"es","@id":"https:\/\/secure.gravatar.com\/avatar\/ce916b980ac93e5b1d36e6068357675d4e089a572ebc8789fcb807c2fb2edfef?s=96&d=mm&r=g","url":"https:\/\/secure.gravatar.com\/avatar\/ce916b980ac93e5b1d36e6068357675d4e089a572ebc8789fcb807c2fb2edfef?s=96&d=mm&r=g","contentUrl":"https:\/\/secure.gravatar.com\/avatar\/ce916b980ac93e5b1d36e6068357675d4e089a572ebc8789fcb807c2fb2edfef?s=96&d=mm&r=g","caption":"Rosario Mart\u00ednez"},"url":"https:\/\/mula.es\/web\/author\/rmartinez\/"}]}},"jetpack_publicize_connections":[],"jetpack_featured_media_url":"https:\/\/mula.es\/web\/wp-content\/uploads\/2022\/08\/campus-deportivo-01.jpeg","jetpack_sharing_enabled":true,"jetpack_shortlink":"https:\/\/wp.me\/pa9DMY-bPL","jetpack-related-posts":[],"_links":{"self":[{"href":"https:\/\/mula.es\/web\/wp-json\/wp\/v2\/posts\/45493","targetHints":{"allow":["GET"]}}],"collection":[{"href":"https:\/\/mula.es\/web\/wp-json\/wp\/v2\/posts"}],"about":[{"href":"https:\/\/mula.es\/web\/wp-json\/wp\/v2\/types\/post"}],"author":[{"embeddable":true,"href":"https:\/\/mula.es\/web\/wp-json\/wp\/v2\/users\/9"}],"replies":[{"embeddable":true,"href":"https:\/\/mula.es\/web\/wp-json\/wp\/v2\/comments?post=45493"}],"version-history":[{"count":2,"href":"https:\/\/mula.es\/web\/wp-json\/wp\/v2\/posts\/45493\/revisions"}],"predecessor-version":[{"id":45498,"href":"https:\/\/mula.es\/web\/wp-json\/wp\/v2\/posts\/45493\/revisions\/45498"}],"wp:featuredmedia":[{"embeddable":true,"href":"https:\/\/mula.es\/web\/wp-json\/wp\/v2\/media\/45496"}],"wp:attachment":[{"href":"https:\/\/mula.es\/web\/wp-json\/wp\/v2\/media?parent=45493"}],"wp:term":[{"taxonomy":"category","embeddable":true,"href":"https:\/\/mula.es\/web\/wp-json\/wp\/v2\/categories?post=45493"},{"taxonomy":"post_tag","embeddable":true,"href":"https:\/\/mula.es\/web\/wp-json\/wp\/v2\/tags?post=45493"}],"curies":[{"name":"wp","href":"https:\/\/api.w.org\/{rel}","templated":true}]}}