{"id":45499,"date":"2022-08-27T19:40:47","date_gmt":"2022-08-27T17:40:47","guid":{"rendered":"https:\/\/mula.es\/web\/?p=45499"},"modified":"2022-08-27T19:40:47","modified_gmt":"2022-08-27T17:40:47","slug":"deportes-pedanias-fuente-librilla-presenta-la-vii-edicion-de-la-cross-popular-que-reunira-a-mas-750-corredores","status":"publish","type":"post","link":"https:\/\/mula.es\/web\/deportes-pedanias-fuente-librilla-presenta-la-vii-edicion-de-la-cross-popular-que-reunira-a-mas-750-corredores\/","title":{"rendered":"DEPORTES &#8211; PEDAN\u00cdAS | Fuente Librilla presenta la VII edici\u00f3n de la Cross Popular que reunir\u00e1 a m\u00e1s 750 corredores"},"content":{"rendered":"<p><div class=\"fusion-fullwidth fullwidth-box fusion-builder-row-1 fusion-flex-container nonhundred-percent-fullwidth non-hundred-percent-height-scrolling\" style=\"--awb-border-radius-top-left:0px;--awb-border-radius-top-right:0px;--awb-border-radius-bottom-right:0px;--awb-border-radius-bottom-left:0px;--awb-flex-wrap:wrap;\" ><div class=\"fusion-builder-row fusion-row fusion-flex-align-items-flex-start fusion-flex-content-wrap\" style=\"max-width:1144px;margin-left: calc(-4% \/ 2 );margin-right: calc(-4% \/ 2 );\"><div class=\"fusion-layout-column fusion_builder_column fusion-builder-column-0 fusion_builder_column_1_1 1_1 fusion-flex-column\" style=\"--awb-bg-size:cover;--awb-width-large:100%;--awb-margin-top-large:0px;--awb-spacing-right-large:1.92%;--awb-margin-bottom-large:0px;--awb-spacing-left-large:1.92%;--awb-width-medium:100%;--awb-spacing-right-medium:1.92%;--awb-spacing-left-medium:1.92%;--awb-width-small:100%;--awb-spacing-right-small:1.92%;--awb-spacing-left-small:1.92%;\"><div class=\"fusion-column-wrapper fusion-flex-justify-content-flex-start fusion-content-layout-column\"><div class=\"fusion-text fusion-text-1\"><p>El alcalde de Mula, Juan Jes\u00fas Moreno, acompa\u00f1aba a los organizadores de la prueba durante la presentaci\u00f3n de la misma<\/p>\n<p>Los fondos de la Cross Popular de Fuente Librilla ir\u00e1n destinados en esta edici\u00f3n a los enfermos de Mastocitosis<\/p>\n<p>El alcalde de Mula, Juan Jes\u00fas Moreno, junto a miembros del equipo de Gobierno, y responsables de la organizaci\u00f3n, la Asociaci\u00f3n Plataforma por el Medio Ambiente de Fuente Librilla, han presentado la VII edici\u00f3n del Cross Popular Fuente Librilla 11,5K que tendr\u00e1 lugar el pr\u00f3ximo 4 de septiembre y que en esta ocasi\u00f3n destinar\u00e1 sus fondos a los enfermos de Mastocitosis, una enfermedad que provoca la infiltraci\u00f3n de la piel y otros \u00f3rganos y tejidos por los mastocitos<\/p>\n<p>En un escenario cuidado hasta el detalle y con la ilusi\u00f3n de retomar esta gran actividad se presentaba esta cita que se ha convertido en un imprescindible de los runners de la Regi\u00f3n que participan en el Liga Challenger de la Regi\u00f3n de Murcia.<\/p>\n<p>M\u00e1s de 750 corredores disfrutar\u00e1n de un circuito exigente y divertido en un marco incomparable como Fuente Librilla donde se han previsto multitud de actividades en torno a esta prueba para vecinos, corredores y visitantes.<\/p>\n<p>El alcalde de Mula agradec\u00eda la presencia durante la presentaci\u00f3n de la presidenta de la asociaci\u00f3n de afectados por la Mastocitosis, Luc\u00eda Munuera, y de Julio Navarro y Tol\u00edn Mayor como parte muy implicada en la organizaci\u00f3n, as\u00ed como a todo el pueblo de Fuente Librilla \u201cque se vuelcan con esta prueba donde deporte y solidaridad van de la mano\u201d.<\/p>\n<p>La cita ser\u00e1 el pr\u00f3ximo 4 de septiembre donde conocer Fuente Librilla y disfrutar de la naturaleza y el deporte, as\u00ed como la diversi\u00f3n y las costumbres, a trav\u00e9s de esta Cross Popular.<\/p>\n<p>Toda la informaci\u00f3n sobre la carrera disponible en la web:<br \/>\n<a href=\"http:\/\/crossfuentelibrilla.blogspot.com.es\/\">http:\/\/crossfuentelibrilla.blogspot.com.es\/<\/a><\/p>\n<\/div><\/div><\/div><\/div><\/div><div class=\"fusion-fullwidth fullwidth-box fusion-builder-row-2 fusion-flex-container has-pattern-background has-mask-background nonhundred-percent-fullwidth non-hundred-percent-height-scrolling\" style=\"--awb-border-radius-top-left:0px;--awb-border-radius-top-right:0px;--awb-border-radius-bottom-right:0px;--awb-border-radius-bottom-left:0px;--awb-flex-wrap:wrap;\" ><div class=\"fusion-builder-row fusion-row fusion-flex-align-items-flex-start fusion-flex-content-wrap\" style=\"max-width:1144px;margin-left: calc(-4% \/ 2 );margin-right: calc(-4% \/ 2 );\"><div class=\"fusion-layout-column fusion_builder_column fusion-builder-column-1 fusion_builder_column_1_2 1_2 fusion-flex-column\" style=\"--awb-bg-size:cover;--awb-width-large:50%;--awb-margin-top-large:0px;--awb-spacing-right-large:3.84%;--awb-margin-bottom-large:20px;--awb-spacing-left-large:3.84%;--awb-width-medium:50%;--awb-order-medium:0;--awb-spacing-right-medium:3.84%;--awb-spacing-left-medium:3.84%;--awb-width-small:100%;--awb-order-small:0;--awb-spacing-right-small:1.92%;--awb-spacing-left-small:1.92%;\"><div class=\"fusion-column-wrapper fusion-column-has-shadow fusion-flex-justify-content-flex-start fusion-content-layout-column\"><div class=\"fusion-text fusion-text-2\"><p><a href=\"https:\/\/mula.es\/web\/wp-content\/uploads\/2022\/08\/cross-fuente-librilla-presentacion.jpeg\"><img decoding=\"async\" data-attachment-id=\"45501\" data-permalink=\"https:\/\/mula.es\/web\/deportes-pedanias-fuente-librilla-presenta-la-vii-edicion-de-la-cross-popular-que-reunira-a-mas-750-corredores\/cross-fuente-librilla-presentacion\/\" data-orig-file=\"https:\/\/mula.es\/web\/wp-content\/uploads\/2022\/08\/cross-fuente-librilla-presentacion.jpeg\" data-orig-size=\"1600,1200\" data-comments-opened=\"0\" data-image-meta=\"\" data-image-title=\"cross fuente librilla presentacion\" data-image-description=\"\" data-image-caption=\"\" data-large-file=\"https:\/\/mula.es\/web\/wp-content\/uploads\/2022\/08\/cross-fuente-librilla-presentacion-1024x768.jpeg\" class=\"size-large wp-image-45501 aligncenter\" src=\"https:\/\/mula.es\/web\/wp-content\/uploads\/2022\/08\/cross-fuente-librilla-presentacion-1024x768.jpeg\" alt=\"\" width=\"1024\" height=\"768\" srcset=\"https:\/\/mula.es\/web\/wp-content\/uploads\/2022\/08\/cross-fuente-librilla-presentacion-200x150.jpeg 200w, https:\/\/mula.es\/web\/wp-content\/uploads\/2022\/08\/cross-fuente-librilla-presentacion-300x225.jpeg 300w, https:\/\/mula.es\/web\/wp-content\/uploads\/2022\/08\/cross-fuente-librilla-presentacion-400x300.jpeg 400w, https:\/\/mula.es\/web\/wp-content\/uploads\/2022\/08\/cross-fuente-librilla-presentacion-600x450.jpeg 600w, https:\/\/mula.es\/web\/wp-content\/uploads\/2022\/08\/cross-fuente-librilla-presentacion-768x576.jpeg 768w, https:\/\/mula.es\/web\/wp-content\/uploads\/2022\/08\/cross-fuente-librilla-presentacion-800x600.jpeg 800w, https:\/\/mula.es\/web\/wp-content\/uploads\/2022\/08\/cross-fuente-librilla-presentacion-1024x768.jpeg 1024w, https:\/\/mula.es\/web\/wp-content\/uploads\/2022\/08\/cross-fuente-librilla-presentacion-1200x900.jpeg 1200w, https:\/\/mula.es\/web\/wp-content\/uploads\/2022\/08\/cross-fuente-librilla-presentacion-1536x1152.jpeg 1536w, https:\/\/mula.es\/web\/wp-content\/uploads\/2022\/08\/cross-fuente-librilla-presentacion.jpeg 1600w\" sizes=\"(max-width: 1024px) 100vw, 1024px\" \/><\/a><\/p>\n<\/div><\/div><\/div><div class=\"fusion-layout-column fusion_builder_column fusion-builder-column-2 fusion_builder_column_1_2 1_2 fusion-flex-column\" style=\"--awb-bg-size:cover;--awb-width-large:50%;--awb-margin-top-large:0px;--awb-spacing-right-large:3.84%;--awb-margin-bottom-large:20px;--awb-spacing-left-large:3.84%;--awb-width-medium:50%;--awb-order-medium:0;--awb-spacing-right-medium:3.84%;--awb-spacing-left-medium:3.84%;--awb-width-small:100%;--awb-order-small:0;--awb-spacing-right-small:1.92%;--awb-spacing-left-small:1.92%;\"><div class=\"fusion-column-wrapper fusion-column-has-shadow fusion-flex-justify-content-flex-start fusion-content-layout-column\"><div class=\"fusion-text fusion-text-3\"><p><a href=\"https:\/\/mula.es\/web\/wp-content\/uploads\/2022\/08\/cross-fuente-librilla-cartel.jpg\"><img decoding=\"async\" data-attachment-id=\"45502\" data-permalink=\"https:\/\/mula.es\/web\/deportes-pedanias-fuente-librilla-presenta-la-vii-edicion-de-la-cross-popular-que-reunira-a-mas-750-corredores\/cross-fuente-librilla-cartel\/\" data-orig-file=\"https:\/\/mula.es\/web\/wp-content\/uploads\/2022\/08\/cross-fuente-librilla-cartel.jpg\" data-orig-size=\"758,1075\" data-comments-opened=\"0\" data-image-meta=\"\" data-image-title=\"cross fuente librilla cartel\" data-image-description=\"\" data-image-caption=\"\" data-large-file=\"https:\/\/mula.es\/web\/wp-content\/uploads\/2022\/08\/cross-fuente-librilla-cartel-722x1024.jpg\" class=\"size-large wp-image-45502 aligncenter\" src=\"https:\/\/mula.es\/web\/wp-content\/uploads\/2022\/08\/cross-fuente-librilla-cartel-722x1024.jpg\" alt=\"\" width=\"722\" height=\"1024\" srcset=\"https:\/\/mula.es\/web\/wp-content\/uploads\/2022\/08\/cross-fuente-librilla-cartel-200x284.jpg 200w, https:\/\/mula.es\/web\/wp-content\/uploads\/2022\/08\/cross-fuente-librilla-cartel-212x300.jpg 212w, https:\/\/mula.es\/web\/wp-content\/uploads\/2022\/08\/cross-fuente-librilla-cartel-400x567.jpg 400w, https:\/\/mula.es\/web\/wp-content\/uploads\/2022\/08\/cross-fuente-librilla-cartel-600x851.jpg 600w, https:\/\/mula.es\/web\/wp-content\/uploads\/2022\/08\/cross-fuente-librilla-cartel-722x1024.jpg 722w, https:\/\/mula.es\/web\/wp-content\/uploads\/2022\/08\/cross-fuente-librilla-cartel.jpg 758w\" sizes=\"(max-width: 722px) 100vw, 722px\" \/><\/a><\/p>\n<\/div><\/div><\/div><\/div><\/div><\/p>\n","protected":false},"excerpt":{"rendered":"","protected":false},"author":9,"featured_media":45500,"comment_status":"closed","ping_status":"closed","sticky":false,"template":"","format":"standard","meta":{"jetpack_post_was_ever_published":false,"_jetpack_newsletter_access":"","_jetpack_dont_email_post_to_subs":false,"_jetpack_newsletter_tier_id":0,"_jetpack_memberships_contains_paywalled_content":false,"_jetpack_memberships_contains_paid_content":false,"footnotes":"","jetpack_publicize_message":"","jetpack_publicize_feature_enabled":true,"jetpack_social_post_already_shared":false,"jetpack_social_options":{"image_generator_settings":{"template":"highway","default_image_id":0,"font":"","enabled":false},"version":2}},"categories":[88,333],"tags":[593],"class_list":["post-45499","post","type-post","status-publish","format-standard","has-post-thumbnail","hentry","category-deportes","category-pedanias","tag-cross-fuente-librilla"],"yoast_head":"<!-- This site is optimized with the Yoast SEO plugin v27.5 - https:\/\/yoast.com\/product\/yoast-seo-wordpress\/ -->\n<title>DEPORTES - PEDAN\u00cdAS | Fuente Librilla presenta la VII edici\u00f3n de la Cross Popular que reunir\u00e1 a m\u00e1s 750 corredores - Ayuntamiento de Mula<\/title>\n<meta name=\"robots\" content=\"index, follow, max-snippet:-1, max-image-preview:large, max-video-preview:-1\" \/>\n<link rel=\"canonical\" href=\"https:\/\/mula.es\/web\/deportes-pedanias-fuente-librilla-presenta-la-vii-edicion-de-la-cross-popular-que-reunira-a-mas-750-corredores\/\" \/>\n<meta property=\"og:locale\" content=\"es_ES\" \/>\n<meta property=\"og:type\" content=\"article\" \/>\n<meta property=\"og:title\" content=\"DEPORTES - PEDAN\u00cdAS | Fuente Librilla presenta la VII edici\u00f3n de la Cross Popular que reunir\u00e1 a m\u00e1s 750 corredores - Ayuntamiento de Mula\" \/>\n<meta property=\"og:url\" content=\"https:\/\/mula.es\/web\/deportes-pedanias-fuente-librilla-presenta-la-vii-edicion-de-la-cross-popular-que-reunira-a-mas-750-corredores\/\" \/>\n<meta property=\"og:site_name\" content=\"Ayuntamiento de Mula\" \/>\n<meta property=\"article:published_time\" content=\"2022-08-27T17:40:47+00:00\" \/>\n<meta property=\"og:image\" content=\"https:\/\/mula.es\/web\/wp-content\/uploads\/2022\/08\/cross-fuente-librilla-presentacion-01.jpeg\" \/>\n\t<meta property=\"og:image:width\" content=\"1600\" \/>\n\t<meta property=\"og:image:height\" content=\"1200\" \/>\n\t<meta property=\"og:image:type\" content=\"image\/jpeg\" \/>\n<meta name=\"author\" content=\"Rosario Mart\u00ednez\" \/>\n<meta name=\"twitter:card\" content=\"summary_large_image\" \/>\n<meta name=\"twitter:image\" content=\"https:\/\/mula.es\/web\/wp-content\/uploads\/2020\/06\/cropped-escudo-cuadrado.jpg\" \/>\n<meta name=\"twitter:creator\" content=\"@AyuntamientMula\" \/>\n<meta name=\"twitter:site\" content=\"@AyuntamientMula\" \/>\n<meta name=\"twitter:label1\" content=\"Escrito por\" \/>\n\t<meta name=\"twitter:data1\" content=\"Rosario Mart\u00ednez\" \/>\n\t<meta name=\"twitter:label2\" content=\"Tiempo de lectura\" \/>\n\t<meta name=\"twitter:data2\" content=\"2 minutos\" \/>\n<script type=\"application\/ld+json\" class=\"yoast-schema-graph\">{\"@context\":\"https:\\\/\\\/schema.org\",\"@graph\":[{\"@type\":\"Article\",\"@id\":\"https:\\\/\\\/mula.es\\\/web\\\/deportes-pedanias-fuente-librilla-presenta-la-vii-edicion-de-la-cross-popular-que-reunira-a-mas-750-corredores\\\/#article\",\"isPartOf\":{\"@id\":\"https:\\\/\\\/mula.es\\\/web\\\/deportes-pedanias-fuente-librilla-presenta-la-vii-edicion-de-la-cross-popular-que-reunira-a-mas-750-corredores\\\/\"},\"author\":{\"name\":\"Rosario Mart\u00ednez\",\"@id\":\"https:\\\/\\\/mula.es\\\/web\\\/#\\\/schema\\\/person\\\/f8d63bd3ab6e7b025268b909b7ab0771\"},\"headline\":\"DEPORTES &#8211; PEDAN\u00cdAS | Fuente Librilla presenta la VII edici\u00f3n de la Cross Popular que reunir\u00e1 a m\u00e1s 750 corredores\",\"datePublished\":\"2022-08-27T17:40:47+00:00\",\"mainEntityOfPage\":{\"@id\":\"https:\\\/\\\/mula.es\\\/web\\\/deportes-pedanias-fuente-librilla-presenta-la-vii-edicion-de-la-cross-popular-que-reunira-a-mas-750-corredores\\\/\"},\"wordCount\":1642,\"image\":{\"@id\":\"https:\\\/\\\/mula.es\\\/web\\\/deportes-pedanias-fuente-librilla-presenta-la-vii-edicion-de-la-cross-popular-que-reunira-a-mas-750-corredores\\\/#primaryimage\"},\"thumbnailUrl\":\"https:\\\/\\\/mula.es\\\/web\\\/wp-content\\\/uploads\\\/2022\\\/08\\\/cross-fuente-librilla-presentacion-01.jpeg\",\"keywords\":[\"cross fuente librilla\"],\"articleSection\":[\"deportes\",\"pedan\u00edas\"],\"inLanguage\":\"es\"},{\"@type\":\"WebPage\",\"@id\":\"https:\\\/\\\/mula.es\\\/web\\\/deportes-pedanias-fuente-librilla-presenta-la-vii-edicion-de-la-cross-popular-que-reunira-a-mas-750-corredores\\\/\",\"url\":\"https:\\\/\\\/mula.es\\\/web\\\/deportes-pedanias-fuente-librilla-presenta-la-vii-edicion-de-la-cross-popular-que-reunira-a-mas-750-corredores\\\/\",\"name\":\"DEPORTES - PEDAN\u00cdAS | Fuente Librilla presenta la VII edici\u00f3n de la Cross Popular que reunir\u00e1 a m\u00e1s 750 corredores - Ayuntamiento de Mula\",\"isPartOf\":{\"@id\":\"https:\\\/\\\/mula.es\\\/web\\\/#website\"},\"primaryImageOfPage\":{\"@id\":\"https:\\\/\\\/mula.es\\\/web\\\/deportes-pedanias-fuente-librilla-presenta-la-vii-edicion-de-la-cross-popular-que-reunira-a-mas-750-corredores\\\/#primaryimage\"},\"image\":{\"@id\":\"https:\\\/\\\/mula.es\\\/web\\\/deportes-pedanias-fuente-librilla-presenta-la-vii-edicion-de-la-cross-popular-que-reunira-a-mas-750-corredores\\\/#primaryimage\"},\"thumbnailUrl\":\"https:\\\/\\\/mula.es\\\/web\\\/wp-content\\\/uploads\\\/2022\\\/08\\\/cross-fuente-librilla-presentacion-01.jpeg\",\"datePublished\":\"2022-08-27T17:40:47+00:00\",\"author\":{\"@id\":\"https:\\\/\\\/mula.es\\\/web\\\/#\\\/schema\\\/person\\\/f8d63bd3ab6e7b025268b909b7ab0771\"},\"breadcrumb\":{\"@id\":\"https:\\\/\\\/mula.es\\\/web\\\/deportes-pedanias-fuente-librilla-presenta-la-vii-edicion-de-la-cross-popular-que-reunira-a-mas-750-corredores\\\/#breadcrumb\"},\"inLanguage\":\"es\",\"potentialAction\":[{\"@type\":\"ReadAction\",\"target\":[\"https:\\\/\\\/mula.es\\\/web\\\/deportes-pedanias-fuente-librilla-presenta-la-vii-edicion-de-la-cross-popular-que-reunira-a-mas-750-corredores\\\/\"]}]},{\"@type\":\"ImageObject\",\"inLanguage\":\"es\",\"@id\":\"https:\\\/\\\/mula.es\\\/web\\\/deportes-pedanias-fuente-librilla-presenta-la-vii-edicion-de-la-cross-popular-que-reunira-a-mas-750-corredores\\\/#primaryimage\",\"url\":\"https:\\\/\\\/mula.es\\\/web\\\/wp-content\\\/uploads\\\/2022\\\/08\\\/cross-fuente-librilla-presentacion-01.jpeg\",\"contentUrl\":\"https:\\\/\\\/mula.es\\\/web\\\/wp-content\\\/uploads\\\/2022\\\/08\\\/cross-fuente-librilla-presentacion-01.jpeg\",\"width\":1600,\"height\":1200},{\"@type\":\"BreadcrumbList\",\"@id\":\"https:\\\/\\\/mula.es\\\/web\\\/deportes-pedanias-fuente-librilla-presenta-la-vii-edicion-de-la-cross-popular-que-reunira-a-mas-750-corredores\\\/#breadcrumb\",\"itemListElement\":[{\"@type\":\"ListItem\",\"position\":1,\"name\":\"Portada\",\"item\":\"https:\\\/\\\/mula.es\\\/web\\\/\"},{\"@type\":\"ListItem\",\"position\":2,\"name\":\"DEPORTES &#8211; PEDAN\u00cdAS | Fuente Librilla presenta la VII edici\u00f3n de la Cross Popular que reunir\u00e1 a m\u00e1s 750 corredores\"}]},{\"@type\":\"WebSite\",\"@id\":\"https:\\\/\\\/mula.es\\\/web\\\/#website\",\"url\":\"https:\\\/\\\/mula.es\\\/web\\\/\",\"name\":\"Ayuntamiento de Mula\",\"description\":\"P\u00e1gina web del Ayuntamiento de Mula (Regi\u00f3n de Murcia)\",\"potentialAction\":[{\"@type\":\"SearchAction\",\"target\":{\"@type\":\"EntryPoint\",\"urlTemplate\":\"https:\\\/\\\/mula.es\\\/web\\\/?s={search_term_string}\"},\"query-input\":{\"@type\":\"PropertyValueSpecification\",\"valueRequired\":true,\"valueName\":\"search_term_string\"}}],\"inLanguage\":\"es\"},{\"@type\":\"Person\",\"@id\":\"https:\\\/\\\/mula.es\\\/web\\\/#\\\/schema\\\/person\\\/f8d63bd3ab6e7b025268b909b7ab0771\",\"name\":\"Rosario Mart\u00ednez\",\"image\":{\"@type\":\"ImageObject\",\"inLanguage\":\"es\",\"@id\":\"https:\\\/\\\/secure.gravatar.com\\\/avatar\\\/ce916b980ac93e5b1d36e6068357675d4e089a572ebc8789fcb807c2fb2edfef?s=96&d=mm&r=g\",\"url\":\"https:\\\/\\\/secure.gravatar.com\\\/avatar\\\/ce916b980ac93e5b1d36e6068357675d4e089a572ebc8789fcb807c2fb2edfef?s=96&d=mm&r=g\",\"contentUrl\":\"https:\\\/\\\/secure.gravatar.com\\\/avatar\\\/ce916b980ac93e5b1d36e6068357675d4e089a572ebc8789fcb807c2fb2edfef?s=96&d=mm&r=g\",\"caption\":\"Rosario Mart\u00ednez\"},\"url\":\"https:\\\/\\\/mula.es\\\/web\\\/author\\\/rmartinez\\\/\"}]}<\/script>\n<!-- \/ Yoast SEO plugin. -->","yoast_head_json":{"title":"DEPORTES - PEDAN\u00cdAS | Fuente Librilla presenta la VII edici\u00f3n de la Cross Popular que reunir\u00e1 a m\u00e1s 750 corredores - Ayuntamiento de Mula","robots":{"index":"index","follow":"follow","max-snippet":"max-snippet:-1","max-image-preview":"max-image-preview:large","max-video-preview":"max-video-preview:-1"},"canonical":"https:\/\/mula.es\/web\/deportes-pedanias-fuente-librilla-presenta-la-vii-edicion-de-la-cross-popular-que-reunira-a-mas-750-corredores\/","og_locale":"es_ES","og_type":"article","og_title":"DEPORTES - PEDAN\u00cdAS | Fuente Librilla presenta la VII edici\u00f3n de la Cross Popular que reunir\u00e1 a m\u00e1s 750 corredores - Ayuntamiento de Mula","og_url":"https:\/\/mula.es\/web\/deportes-pedanias-fuente-librilla-presenta-la-vii-edicion-de-la-cross-popular-que-reunira-a-mas-750-corredores\/","og_site_name":"Ayuntamiento de Mula","article_published_time":"2022-08-27T17:40:47+00:00","og_image":[{"width":1600,"height":1200,"url":"https:\/\/mula.es\/web\/wp-content\/uploads\/2022\/08\/cross-fuente-librilla-presentacion-01.jpeg","type":"image\/jpeg"}],"author":"Rosario Mart\u00ednez","twitter_card":"summary_large_image","twitter_image":"https:\/\/mula.es\/web\/wp-content\/uploads\/2020\/06\/cropped-escudo-cuadrado.jpg","twitter_creator":"@AyuntamientMula","twitter_site":"@AyuntamientMula","twitter_misc":{"Escrito por":"Rosario Mart\u00ednez","Tiempo de lectura":"2 minutos"},"schema":{"@context":"https:\/\/schema.org","@graph":[{"@type":"Article","@id":"https:\/\/mula.es\/web\/deportes-pedanias-fuente-librilla-presenta-la-vii-edicion-de-la-cross-popular-que-reunira-a-mas-750-corredores\/#article","isPartOf":{"@id":"https:\/\/mula.es\/web\/deportes-pedanias-fuente-librilla-presenta-la-vii-edicion-de-la-cross-popular-que-reunira-a-mas-750-corredores\/"},"author":{"name":"Rosario Mart\u00ednez","@id":"https:\/\/mula.es\/web\/#\/schema\/person\/f8d63bd3ab6e7b025268b909b7ab0771"},"headline":"DEPORTES &#8211; PEDAN\u00cdAS | Fuente Librilla presenta la VII edici\u00f3n de la Cross Popular que reunir\u00e1 a m\u00e1s 750 corredores","datePublished":"2022-08-27T17:40:47+00:00","mainEntityOfPage":{"@id":"https:\/\/mula.es\/web\/deportes-pedanias-fuente-librilla-presenta-la-vii-edicion-de-la-cross-popular-que-reunira-a-mas-750-corredores\/"},"wordCount":1642,"image":{"@id":"https:\/\/mula.es\/web\/deportes-pedanias-fuente-librilla-presenta-la-vii-edicion-de-la-cross-popular-que-reunira-a-mas-750-corredores\/#primaryimage"},"thumbnailUrl":"https:\/\/mula.es\/web\/wp-content\/uploads\/2022\/08\/cross-fuente-librilla-presentacion-01.jpeg","keywords":["cross fuente librilla"],"articleSection":["deportes","pedan\u00edas"],"inLanguage":"es"},{"@type":"WebPage","@id":"https:\/\/mula.es\/web\/deportes-pedanias-fuente-librilla-presenta-la-vii-edicion-de-la-cross-popular-que-reunira-a-mas-750-corredores\/","url":"https:\/\/mula.es\/web\/deportes-pedanias-fuente-librilla-presenta-la-vii-edicion-de-la-cross-popular-que-reunira-a-mas-750-corredores\/","name":"DEPORTES - PEDAN\u00cdAS | Fuente Librilla presenta la VII edici\u00f3n de la Cross Popular que reunir\u00e1 a m\u00e1s 750 corredores - Ayuntamiento de Mula","isPartOf":{"@id":"https:\/\/mula.es\/web\/#website"},"primaryImageOfPage":{"@id":"https:\/\/mula.es\/web\/deportes-pedanias-fuente-librilla-presenta-la-vii-edicion-de-la-cross-popular-que-reunira-a-mas-750-corredores\/#primaryimage"},"image":{"@id":"https:\/\/mula.es\/web\/deportes-pedanias-fuente-librilla-presenta-la-vii-edicion-de-la-cross-popular-que-reunira-a-mas-750-corredores\/#primaryimage"},"thumbnailUrl":"https:\/\/mula.es\/web\/wp-content\/uploads\/2022\/08\/cross-fuente-librilla-presentacion-01.jpeg","datePublished":"2022-08-27T17:40:47+00:00","author":{"@id":"https:\/\/mula.es\/web\/#\/schema\/person\/f8d63bd3ab6e7b025268b909b7ab0771"},"breadcrumb":{"@id":"https:\/\/mula.es\/web\/deportes-pedanias-fuente-librilla-presenta-la-vii-edicion-de-la-cross-popular-que-reunira-a-mas-750-corredores\/#breadcrumb"},"inLanguage":"es","potentialAction":[{"@type":"ReadAction","target":["https:\/\/mula.es\/web\/deportes-pedanias-fuente-librilla-presenta-la-vii-edicion-de-la-cross-popular-que-reunira-a-mas-750-corredores\/"]}]},{"@type":"ImageObject","inLanguage":"es","@id":"https:\/\/mula.es\/web\/deportes-pedanias-fuente-librilla-presenta-la-vii-edicion-de-la-cross-popular-que-reunira-a-mas-750-corredores\/#primaryimage","url":"https:\/\/mula.es\/web\/wp-content\/uploads\/2022\/08\/cross-fuente-librilla-presentacion-01.jpeg","contentUrl":"https:\/\/mula.es\/web\/wp-content\/uploads\/2022\/08\/cross-fuente-librilla-presentacion-01.jpeg","width":1600,"height":1200},{"@type":"BreadcrumbList","@id":"https:\/\/mula.es\/web\/deportes-pedanias-fuente-librilla-presenta-la-vii-edicion-de-la-cross-popular-que-reunira-a-mas-750-corredores\/#breadcrumb","itemListElement":[{"@type":"ListItem","position":1,"name":"Portada","item":"https:\/\/mula.es\/web\/"},{"@type":"ListItem","position":2,"name":"DEPORTES &#8211; PEDAN\u00cdAS | Fuente Librilla presenta la VII edici\u00f3n de la Cross Popular que reunir\u00e1 a m\u00e1s 750 corredores"}]},{"@type":"WebSite","@id":"https:\/\/mula.es\/web\/#website","url":"https:\/\/mula.es\/web\/","name":"Ayuntamiento de Mula","description":"P\u00e1gina web del Ayuntamiento de Mula (Regi\u00f3n de Murcia)","potentialAction":[{"@type":"SearchAction","target":{"@type":"EntryPoint","urlTemplate":"https:\/\/mula.es\/web\/?s={search_term_string}"},"query-input":{"@type":"PropertyValueSpecification","valueRequired":true,"valueName":"search_term_string"}}],"inLanguage":"es"},{"@type":"Person","@id":"https:\/\/mula.es\/web\/#\/schema\/person\/f8d63bd3ab6e7b025268b909b7ab0771","name":"Rosario Mart\u00ednez","image":{"@type":"ImageObject","inLanguage":"es","@id":"https:\/\/secure.gravatar.com\/avatar\/ce916b980ac93e5b1d36e6068357675d4e089a572ebc8789fcb807c2fb2edfef?s=96&d=mm&r=g","url":"https:\/\/secure.gravatar.com\/avatar\/ce916b980ac93e5b1d36e6068357675d4e089a572ebc8789fcb807c2fb2edfef?s=96&d=mm&r=g","contentUrl":"https:\/\/secure.gravatar.com\/avatar\/ce916b980ac93e5b1d36e6068357675d4e089a572ebc8789fcb807c2fb2edfef?s=96&d=mm&r=g","caption":"Rosario Mart\u00ednez"},"url":"https:\/\/mula.es\/web\/author\/rmartinez\/"}]}},"jetpack_publicize_connections":[],"jetpack_featured_media_url":"https:\/\/mula.es\/web\/wp-content\/uploads\/2022\/08\/cross-fuente-librilla-presentacion-01.jpeg","jetpack_sharing_enabled":true,"jetpack_shortlink":"https:\/\/wp.me\/pa9DMY-bPR","jetpack-related-posts":[],"_links":{"self":[{"href":"https:\/\/mula.es\/web\/wp-json\/wp\/v2\/posts\/45499","targetHints":{"allow":["GET"]}}],"collection":[{"href":"https:\/\/mula.es\/web\/wp-json\/wp\/v2\/posts"}],"about":[{"href":"https:\/\/mula.es\/web\/wp-json\/wp\/v2\/types\/post"}],"author":[{"embeddable":true,"href":"https:\/\/mula.es\/web\/wp-json\/wp\/v2\/users\/9"}],"replies":[{"embeddable":true,"href":"https:\/\/mula.es\/web\/wp-json\/wp\/v2\/comments?post=45499"}],"version-history":[{"count":1,"href":"https:\/\/mula.es\/web\/wp-json\/wp\/v2\/posts\/45499\/revisions"}],"predecessor-version":[{"id":45503,"href":"https:\/\/mula.es\/web\/wp-json\/wp\/v2\/posts\/45499\/revisions\/45503"}],"wp:featuredmedia":[{"embeddable":true,"href":"https:\/\/mula.es\/web\/wp-json\/wp\/v2\/media\/45500"}],"wp:attachment":[{"href":"https:\/\/mula.es\/web\/wp-json\/wp\/v2\/media?parent=45499"}],"wp:term":[{"taxonomy":"category","embeddable":true,"href":"https:\/\/mula.es\/web\/wp-json\/wp\/v2\/categories?post=45499"},{"taxonomy":"post_tag","embeddable":true,"href":"https:\/\/mula.es\/web\/wp-json\/wp\/v2\/tags?post=45499"}],"curies":[{"name":"wp","href":"https:\/\/api.w.org\/{rel}","templated":true}]}}