{"id":45504,"date":"2022-08-27T19:47:08","date_gmt":"2022-08-27T17:47:08","guid":{"rendered":"https:\/\/mula.es\/web\/?p=45504"},"modified":"2022-08-27T19:47:08","modified_gmt":"2022-08-27T17:47:08","slug":"plan-corresponsables-entrega-de-diplomas-de-la-primera-escuela-municipal-de-verano-agosto-2022","status":"publish","type":"post","link":"https:\/\/mula.es\/web\/plan-corresponsables-entrega-de-diplomas-de-la-primera-escuela-municipal-de-verano-agosto-2022\/","title":{"rendered":"PLAN CORRESPONSABLES | Entrega de diplomas de la primera Escuela Municipal de Verano Agosto 2022"},"content":{"rendered":"<p><div class=\"fusion-fullwidth fullwidth-box fusion-builder-row-1 fusion-flex-container nonhundred-percent-fullwidth non-hundred-percent-height-scrolling\" style=\"--awb-border-radius-top-left:0px;--awb-border-radius-top-right:0px;--awb-border-radius-bottom-right:0px;--awb-border-radius-bottom-left:0px;--awb-flex-wrap:wrap;\" ><div class=\"fusion-builder-row fusion-row fusion-flex-align-items-flex-start fusion-flex-content-wrap\" style=\"max-width:1144px;margin-left: calc(-4% \/ 2 );margin-right: calc(-4% \/ 2 );\"><div class=\"fusion-layout-column fusion_builder_column fusion-builder-column-0 fusion_builder_column_1_1 1_1 fusion-flex-column\" style=\"--awb-bg-size:cover;--awb-width-large:100%;--awb-margin-top-large:0px;--awb-spacing-right-large:1.92%;--awb-margin-bottom-large:0px;--awb-spacing-left-large:1.92%;--awb-width-medium:100%;--awb-spacing-right-medium:1.92%;--awb-spacing-left-medium:1.92%;--awb-width-small:100%;--awb-spacing-right-small:1.92%;--awb-spacing-left-small:1.92%;\"><div class=\"fusion-column-wrapper fusion-flex-justify-content-flex-start fusion-content-layout-column\"><div class=\"fusion-text fusion-text-1\"><p style=\"text-align: justify;\">Se trata de una de las propuestas del Ayuntamiento de Mula dentro del Plan Corresponsables del Gobierno de Espa\u00f1a<\/p>\n<p style=\"text-align: justify;\">M\u00e1s de cien ni\u00f1os, de edades comprendidas entre los 4 y 12 a\u00f1os, han participado en la Escuela Municipal de Verano Agosto 2022 en su primera edici\u00f3n.<\/p>\n<p style=\"text-align: justify;\">El alcalde de Mula, Juan Jes\u00fas Moreno, acompa\u00f1ado por los concejales Alejandra Mart\u00ednez, Vicente L\u00f3pez, Pilar Gil y Antonia Gabarr\u00f3n, han participado en la entrega de diplomas a los ni\u00f1os participantes.<\/p>\n<p style=\"text-align: justify;\">Se trata de una de las propuestas del Programa de Conciliaci\u00f3n Familiar desde la Igualdad de Hombres y Mujeres Mula 2022, enmarcado en el Plan Corresponsables puesto en marcha por el Gobierno de Espa\u00f1a.<\/p>\n<p style=\"text-align: justify;\">La Escuela ha contado con multitud de actividades de ocio y tiempo libre, juegos y visitas y excursiones, as\u00ed como un viaje final a un parque acu\u00e1tico entre los participantes.<\/p>\n<p style=\"text-align: justify;\">El alcalde de Mula se mostraba muy ilusionado con esta propuesta que, \u201cno s\u00f3lo contribuye al beneficio de la conciliaci\u00f3n familiar y laboral, sino que ha permitido que el verano est\u00e9 lleno de ilusi\u00f3n, compa\u00f1erismo y diversi\u00f3n para los ni\u00f1os asistentes\u201d.<\/p>\n<\/div><\/div><\/div><\/div><\/div><div class=\"fusion-fullwidth fullwidth-box fusion-builder-row-2 fusion-flex-container has-pattern-background has-mask-background nonhundred-percent-fullwidth non-hundred-percent-height-scrolling\" style=\"--awb-border-radius-top-left:0px;--awb-border-radius-top-right:0px;--awb-border-radius-bottom-right:0px;--awb-border-radius-bottom-left:0px;--awb-flex-wrap:wrap;\" ><div class=\"fusion-builder-row fusion-row fusion-flex-align-items-flex-start fusion-flex-content-wrap\" style=\"max-width:1144px;margin-left: calc(-4% \/ 2 );margin-right: calc(-4% \/ 2 );\"><div class=\"fusion-layout-column fusion_builder_column fusion-builder-column-1 fusion_builder_column_1_2 1_2 fusion-flex-column\" style=\"--awb-bg-size:cover;--awb-width-large:50%;--awb-margin-top-large:0px;--awb-spacing-right-large:3.84%;--awb-margin-bottom-large:20px;--awb-spacing-left-large:3.84%;--awb-width-medium:50%;--awb-order-medium:0;--awb-spacing-right-medium:3.84%;--awb-spacing-left-medium:3.84%;--awb-width-small:100%;--awb-order-small:0;--awb-spacing-right-small:1.92%;--awb-spacing-left-small:1.92%;\"><div class=\"fusion-column-wrapper fusion-column-has-shadow fusion-flex-justify-content-flex-start fusion-content-layout-column\"><div class=\"fusion-text fusion-text-2\"><p><a href=\"https:\/\/mula.es\/web\/wp-content\/uploads\/2022\/08\/escuela-verano-05.jpeg\"><img decoding=\"async\" data-attachment-id=\"45505\" data-permalink=\"https:\/\/mula.es\/web\/plan-corresponsables-entrega-de-diplomas-de-la-primera-escuela-municipal-de-verano-agosto-2022\/escuela-verano-05\/\" data-orig-file=\"https:\/\/mula.es\/web\/wp-content\/uploads\/2022\/08\/escuela-verano-05.jpeg\" data-orig-size=\"1600,1200\" data-comments-opened=\"0\" data-image-meta=\"\" data-image-title=\"escuela verano 05\" data-image-description=\"\" data-image-caption=\"\" data-large-file=\"https:\/\/mula.es\/web\/wp-content\/uploads\/2022\/08\/escuela-verano-05-1024x768.jpeg\" class=\"size-large wp-image-45505 aligncenter\" src=\"https:\/\/mula.es\/web\/wp-content\/uploads\/2022\/08\/escuela-verano-05-1024x768.jpeg\" alt=\"\" width=\"1024\" height=\"768\" srcset=\"https:\/\/mula.es\/web\/wp-content\/uploads\/2022\/08\/escuela-verano-05-200x150.jpeg 200w, https:\/\/mula.es\/web\/wp-content\/uploads\/2022\/08\/escuela-verano-05-300x225.jpeg 300w, https:\/\/mula.es\/web\/wp-content\/uploads\/2022\/08\/escuela-verano-05-400x300.jpeg 400w, https:\/\/mula.es\/web\/wp-content\/uploads\/2022\/08\/escuela-verano-05-600x450.jpeg 600w, https:\/\/mula.es\/web\/wp-content\/uploads\/2022\/08\/escuela-verano-05-768x576.jpeg 768w, https:\/\/mula.es\/web\/wp-content\/uploads\/2022\/08\/escuela-verano-05-800x600.jpeg 800w, https:\/\/mula.es\/web\/wp-content\/uploads\/2022\/08\/escuela-verano-05-1024x768.jpeg 1024w, https:\/\/mula.es\/web\/wp-content\/uploads\/2022\/08\/escuela-verano-05-1200x900.jpeg 1200w, https:\/\/mula.es\/web\/wp-content\/uploads\/2022\/08\/escuela-verano-05-1536x1152.jpeg 1536w, https:\/\/mula.es\/web\/wp-content\/uploads\/2022\/08\/escuela-verano-05.jpeg 1600w\" sizes=\"(max-width: 1024px) 100vw, 1024px\" \/><\/a><\/p>\n<\/div><\/div><\/div><div class=\"fusion-layout-column fusion_builder_column fusion-builder-column-2 fusion_builder_column_1_2 1_2 fusion-flex-column\" style=\"--awb-bg-size:cover;--awb-width-large:50%;--awb-margin-top-large:0px;--awb-spacing-right-large:3.84%;--awb-margin-bottom-large:20px;--awb-spacing-left-large:3.84%;--awb-width-medium:50%;--awb-order-medium:0;--awb-spacing-right-medium:3.84%;--awb-spacing-left-medium:3.84%;--awb-width-small:100%;--awb-order-small:0;--awb-spacing-right-small:1.92%;--awb-spacing-left-small:1.92%;\"><div class=\"fusion-column-wrapper fusion-column-has-shadow fusion-flex-justify-content-flex-start fusion-content-layout-column\"><div class=\"fusion-text fusion-text-3\"><p><a href=\"https:\/\/mula.es\/web\/wp-content\/uploads\/2022\/08\/escuela-verano-04.jpeg\"><img decoding=\"async\" data-attachment-id=\"45506\" data-permalink=\"https:\/\/mula.es\/web\/plan-corresponsables-entrega-de-diplomas-de-la-primera-escuela-municipal-de-verano-agosto-2022\/escuela-verano-04\/\" data-orig-file=\"https:\/\/mula.es\/web\/wp-content\/uploads\/2022\/08\/escuela-verano-04.jpeg\" data-orig-size=\"1600,1200\" data-comments-opened=\"0\" data-image-meta=\"\" data-image-title=\"escuela verano 04\" data-image-description=\"\" data-image-caption=\"\" data-large-file=\"https:\/\/mula.es\/web\/wp-content\/uploads\/2022\/08\/escuela-verano-04-1024x768.jpeg\" class=\"size-large wp-image-45506 aligncenter\" src=\"https:\/\/mula.es\/web\/wp-content\/uploads\/2022\/08\/escuela-verano-04-1024x768.jpeg\" alt=\"\" width=\"1024\" height=\"768\" srcset=\"https:\/\/mula.es\/web\/wp-content\/uploads\/2022\/08\/escuela-verano-04-200x150.jpeg 200w, https:\/\/mula.es\/web\/wp-content\/uploads\/2022\/08\/escuela-verano-04-300x225.jpeg 300w, https:\/\/mula.es\/web\/wp-content\/uploads\/2022\/08\/escuela-verano-04-400x300.jpeg 400w, https:\/\/mula.es\/web\/wp-content\/uploads\/2022\/08\/escuela-verano-04-600x450.jpeg 600w, https:\/\/mula.es\/web\/wp-content\/uploads\/2022\/08\/escuela-verano-04-768x576.jpeg 768w, https:\/\/mula.es\/web\/wp-content\/uploads\/2022\/08\/escuela-verano-04-800x600.jpeg 800w, https:\/\/mula.es\/web\/wp-content\/uploads\/2022\/08\/escuela-verano-04-1024x768.jpeg 1024w, https:\/\/mula.es\/web\/wp-content\/uploads\/2022\/08\/escuela-verano-04-1200x900.jpeg 1200w, https:\/\/mula.es\/web\/wp-content\/uploads\/2022\/08\/escuela-verano-04-1536x1152.jpeg 1536w, https:\/\/mula.es\/web\/wp-content\/uploads\/2022\/08\/escuela-verano-04.jpeg 1600w\" sizes=\"(max-width: 1024px) 100vw, 1024px\" \/><\/a><\/p>\n<\/div><\/div><\/div><\/div><\/div><div class=\"fusion-fullwidth fullwidth-box fusion-builder-row-3 fusion-flex-container has-pattern-background has-mask-background nonhundred-percent-fullwidth non-hundred-percent-height-scrolling\" style=\"--awb-border-radius-top-left:0px;--awb-border-radius-top-right:0px;--awb-border-radius-bottom-right:0px;--awb-border-radius-bottom-left:0px;--awb-flex-wrap:wrap;\" ><div class=\"fusion-builder-row fusion-row fusion-flex-align-items-flex-start fusion-flex-content-wrap\" style=\"max-width:1144px;margin-left: calc(-4% \/ 2 );margin-right: calc(-4% \/ 2 );\"><div class=\"fusion-layout-column fusion_builder_column fusion-builder-column-3 fusion_builder_column_1_2 1_2 fusion-flex-column\" style=\"--awb-bg-size:cover;--awb-width-large:50%;--awb-margin-top-large:0px;--awb-spacing-right-large:3.84%;--awb-margin-bottom-large:20px;--awb-spacing-left-large:3.84%;--awb-width-medium:50%;--awb-order-medium:0;--awb-spacing-right-medium:3.84%;--awb-spacing-left-medium:3.84%;--awb-width-small:100%;--awb-order-small:0;--awb-spacing-right-small:1.92%;--awb-spacing-left-small:1.92%;\"><div class=\"fusion-column-wrapper fusion-column-has-shadow fusion-flex-justify-content-flex-start fusion-content-layout-column\"><div class=\"fusion-text fusion-text-4\"><p><a href=\"https:\/\/mula.es\/web\/wp-content\/uploads\/2022\/08\/escuela-verano-02.jpeg\"><img decoding=\"async\" data-attachment-id=\"45507\" data-permalink=\"https:\/\/mula.es\/web\/plan-corresponsables-entrega-de-diplomas-de-la-primera-escuela-municipal-de-verano-agosto-2022\/escuela-verano-02\/\" data-orig-file=\"https:\/\/mula.es\/web\/wp-content\/uploads\/2022\/08\/escuela-verano-02.jpeg\" data-orig-size=\"1200,1600\" data-comments-opened=\"0\" data-image-meta=\"\" data-image-title=\"escuela verano 02\" data-image-description=\"\" data-image-caption=\"\" data-large-file=\"https:\/\/mula.es\/web\/wp-content\/uploads\/2022\/08\/escuela-verano-02-768x1024.jpeg\" class=\"size-large wp-image-45507 aligncenter\" src=\"https:\/\/mula.es\/web\/wp-content\/uploads\/2022\/08\/escuela-verano-02-768x1024.jpeg\" alt=\"\" width=\"768\" height=\"1024\" srcset=\"https:\/\/mula.es\/web\/wp-content\/uploads\/2022\/08\/escuela-verano-02-200x267.jpeg 200w, https:\/\/mula.es\/web\/wp-content\/uploads\/2022\/08\/escuela-verano-02-225x300.jpeg 225w, https:\/\/mula.es\/web\/wp-content\/uploads\/2022\/08\/escuela-verano-02-400x533.jpeg 400w, https:\/\/mula.es\/web\/wp-content\/uploads\/2022\/08\/escuela-verano-02-600x800.jpeg 600w, https:\/\/mula.es\/web\/wp-content\/uploads\/2022\/08\/escuela-verano-02-768x1024.jpeg 768w, https:\/\/mula.es\/web\/wp-content\/uploads\/2022\/08\/escuela-verano-02-800x1067.jpeg 800w, https:\/\/mula.es\/web\/wp-content\/uploads\/2022\/08\/escuela-verano-02-1152x1536.jpeg 1152w, https:\/\/mula.es\/web\/wp-content\/uploads\/2022\/08\/escuela-verano-02.jpeg 1200w\" sizes=\"(max-width: 768px) 100vw, 768px\" \/><\/a><\/p>\n<\/div><\/div><\/div><div class=\"fusion-layout-column fusion_builder_column fusion-builder-column-4 fusion_builder_column_1_2 1_2 fusion-flex-column\" style=\"--awb-bg-size:cover;--awb-width-large:50%;--awb-margin-top-large:0px;--awb-spacing-right-large:3.84%;--awb-margin-bottom-large:20px;--awb-spacing-left-large:3.84%;--awb-width-medium:50%;--awb-order-medium:0;--awb-spacing-right-medium:3.84%;--awb-spacing-left-medium:3.84%;--awb-width-small:100%;--awb-order-small:0;--awb-spacing-right-small:1.92%;--awb-spacing-left-small:1.92%;\"><div class=\"fusion-column-wrapper fusion-column-has-shadow fusion-flex-justify-content-flex-start fusion-content-layout-column\"><div class=\"fusion-text fusion-text-5\"><p><a href=\"https:\/\/mula.es\/web\/wp-content\/uploads\/2022\/08\/escuela-verano-01.jpeg\"><img decoding=\"async\" data-attachment-id=\"45508\" data-permalink=\"https:\/\/mula.es\/web\/plan-corresponsables-entrega-de-diplomas-de-la-primera-escuela-municipal-de-verano-agosto-2022\/escuela-verano-01\/\" data-orig-file=\"https:\/\/mula.es\/web\/wp-content\/uploads\/2022\/08\/escuela-verano-01.jpeg\" data-orig-size=\"1600,1200\" data-comments-opened=\"0\" data-image-meta=\"\" data-image-title=\"escuela verano 01\" data-image-description=\"\" data-image-caption=\"\" data-large-file=\"https:\/\/mula.es\/web\/wp-content\/uploads\/2022\/08\/escuela-verano-01-1024x768.jpeg\" class=\"size-large wp-image-45508 aligncenter\" src=\"https:\/\/mula.es\/web\/wp-content\/uploads\/2022\/08\/escuela-verano-01-1024x768.jpeg\" alt=\"\" width=\"1024\" height=\"768\" srcset=\"https:\/\/mula.es\/web\/wp-content\/uploads\/2022\/08\/escuela-verano-01-200x150.jpeg 200w, https:\/\/mula.es\/web\/wp-content\/uploads\/2022\/08\/escuela-verano-01-300x225.jpeg 300w, https:\/\/mula.es\/web\/wp-content\/uploads\/2022\/08\/escuela-verano-01-400x300.jpeg 400w, https:\/\/mula.es\/web\/wp-content\/uploads\/2022\/08\/escuela-verano-01-600x450.jpeg 600w, https:\/\/mula.es\/web\/wp-content\/uploads\/2022\/08\/escuela-verano-01-768x576.jpeg 768w, https:\/\/mula.es\/web\/wp-content\/uploads\/2022\/08\/escuela-verano-01-800x600.jpeg 800w, https:\/\/mula.es\/web\/wp-content\/uploads\/2022\/08\/escuela-verano-01-1024x768.jpeg 1024w, https:\/\/mula.es\/web\/wp-content\/uploads\/2022\/08\/escuela-verano-01-1200x900.jpeg 1200w, https:\/\/mula.es\/web\/wp-content\/uploads\/2022\/08\/escuela-verano-01-1536x1152.jpeg 1536w, https:\/\/mula.es\/web\/wp-content\/uploads\/2022\/08\/escuela-verano-01.jpeg 1600w\" sizes=\"(max-width: 1024px) 100vw, 1024px\" \/><\/a><\/p>\n<\/div><\/div><\/div><\/div><\/div><\/p>\n","protected":false},"excerpt":{"rendered":"","protected":false},"author":9,"featured_media":45509,"comment_status":"closed","ping_status":"closed","sticky":false,"template":"","format":"standard","meta":{"jetpack_post_was_ever_published":false,"_jetpack_newsletter_access":"","_jetpack_dont_email_post_to_subs":false,"_jetpack_newsletter_tier_id":0,"_jetpack_memberships_contains_paywalled_content":false,"_jetpack_memberships_contains_paid_content":false,"footnotes":"","jetpack_publicize_message":"","jetpack_publicize_feature_enabled":true,"jetpack_social_post_already_shared":false,"jetpack_social_options":{"image_generator_settings":{"template":"highway","default_image_id":0,"font":"","enabled":false},"version":2}},"categories":[803],"tags":[],"class_list":["post-45504","post","type-post","status-publish","format-standard","has-post-thumbnail","hentry","category-plan-corresponsables"],"yoast_head":"<!-- This site is optimized with the Yoast SEO plugin v27.5 - https:\/\/yoast.com\/product\/yoast-seo-wordpress\/ -->\n<title>PLAN CORRESPONSABLES | Entrega de diplomas de la primera Escuela Municipal de Verano Agosto 2022 - Ayuntamiento de Mula<\/title>\n<meta name=\"robots\" content=\"index, follow, max-snippet:-1, max-image-preview:large, max-video-preview:-1\" \/>\n<link rel=\"canonical\" href=\"https:\/\/mula.es\/web\/plan-corresponsables-entrega-de-diplomas-de-la-primera-escuela-municipal-de-verano-agosto-2022\/\" \/>\n<meta property=\"og:locale\" content=\"es_ES\" \/>\n<meta property=\"og:type\" content=\"article\" \/>\n<meta property=\"og:title\" content=\"PLAN CORRESPONSABLES | Entrega de diplomas de la primera Escuela Municipal de Verano Agosto 2022 - Ayuntamiento de Mula\" \/>\n<meta property=\"og:url\" content=\"https:\/\/mula.es\/web\/plan-corresponsables-entrega-de-diplomas-de-la-primera-escuela-municipal-de-verano-agosto-2022\/\" \/>\n<meta property=\"og:site_name\" content=\"Ayuntamiento de Mula\" \/>\n<meta property=\"article:published_time\" content=\"2022-08-27T17:47:08+00:00\" \/>\n<meta property=\"og:image\" content=\"https:\/\/mula.es\/web\/wp-content\/uploads\/2022\/08\/escuela-verano-03.jpeg\" \/>\n\t<meta property=\"og:image:width\" content=\"1600\" \/>\n\t<meta property=\"og:image:height\" content=\"703\" \/>\n\t<meta property=\"og:image:type\" content=\"image\/jpeg\" \/>\n<meta name=\"author\" content=\"Rosario Mart\u00ednez\" \/>\n<meta name=\"twitter:card\" content=\"summary_large_image\" \/>\n<meta name=\"twitter:image\" content=\"https:\/\/mula.es\/web\/wp-content\/uploads\/2020\/06\/cropped-escudo-cuadrado.jpg\" \/>\n<meta name=\"twitter:creator\" content=\"@AyuntamientMula\" \/>\n<meta name=\"twitter:site\" content=\"@AyuntamientMula\" \/>\n<meta name=\"twitter:label1\" content=\"Escrito por\" \/>\n\t<meta name=\"twitter:data1\" content=\"Rosario Mart\u00ednez\" \/>\n\t<meta name=\"twitter:label2\" content=\"Tiempo de lectura\" \/>\n\t<meta name=\"twitter:data2\" content=\"1 minuto\" \/>\n<script type=\"application\/ld+json\" class=\"yoast-schema-graph\">{\"@context\":\"https:\\\/\\\/schema.org\",\"@graph\":[{\"@type\":\"Article\",\"@id\":\"https:\\\/\\\/mula.es\\\/web\\\/plan-corresponsables-entrega-de-diplomas-de-la-primera-escuela-municipal-de-verano-agosto-2022\\\/#article\",\"isPartOf\":{\"@id\":\"https:\\\/\\\/mula.es\\\/web\\\/plan-corresponsables-entrega-de-diplomas-de-la-primera-escuela-municipal-de-verano-agosto-2022\\\/\"},\"author\":{\"name\":\"Rosario Mart\u00ednez\",\"@id\":\"https:\\\/\\\/mula.es\\\/web\\\/#\\\/schema\\\/person\\\/f8d63bd3ab6e7b025268b909b7ab0771\"},\"headline\":\"PLAN CORRESPONSABLES | Entrega de diplomas de la primera Escuela Municipal de Verano Agosto 2022\",\"datePublished\":\"2022-08-27T17:47:08+00:00\",\"mainEntityOfPage\":{\"@id\":\"https:\\\/\\\/mula.es\\\/web\\\/plan-corresponsables-entrega-de-diplomas-de-la-primera-escuela-municipal-de-verano-agosto-2022\\\/\"},\"wordCount\":2485,\"image\":{\"@id\":\"https:\\\/\\\/mula.es\\\/web\\\/plan-corresponsables-entrega-de-diplomas-de-la-primera-escuela-municipal-de-verano-agosto-2022\\\/#primaryimage\"},\"thumbnailUrl\":\"https:\\\/\\\/mula.es\\\/web\\\/wp-content\\\/uploads\\\/2022\\\/08\\\/escuela-verano-03.jpeg\",\"articleSection\":[\"PLAN CORRESPONSABLES\"],\"inLanguage\":\"es\"},{\"@type\":\"WebPage\",\"@id\":\"https:\\\/\\\/mula.es\\\/web\\\/plan-corresponsables-entrega-de-diplomas-de-la-primera-escuela-municipal-de-verano-agosto-2022\\\/\",\"url\":\"https:\\\/\\\/mula.es\\\/web\\\/plan-corresponsables-entrega-de-diplomas-de-la-primera-escuela-municipal-de-verano-agosto-2022\\\/\",\"name\":\"PLAN CORRESPONSABLES | Entrega de diplomas de la primera Escuela Municipal de Verano Agosto 2022 - Ayuntamiento de Mula\",\"isPartOf\":{\"@id\":\"https:\\\/\\\/mula.es\\\/web\\\/#website\"},\"primaryImageOfPage\":{\"@id\":\"https:\\\/\\\/mula.es\\\/web\\\/plan-corresponsables-entrega-de-diplomas-de-la-primera-escuela-municipal-de-verano-agosto-2022\\\/#primaryimage\"},\"image\":{\"@id\":\"https:\\\/\\\/mula.es\\\/web\\\/plan-corresponsables-entrega-de-diplomas-de-la-primera-escuela-municipal-de-verano-agosto-2022\\\/#primaryimage\"},\"thumbnailUrl\":\"https:\\\/\\\/mula.es\\\/web\\\/wp-content\\\/uploads\\\/2022\\\/08\\\/escuela-verano-03.jpeg\",\"datePublished\":\"2022-08-27T17:47:08+00:00\",\"author\":{\"@id\":\"https:\\\/\\\/mula.es\\\/web\\\/#\\\/schema\\\/person\\\/f8d63bd3ab6e7b025268b909b7ab0771\"},\"breadcrumb\":{\"@id\":\"https:\\\/\\\/mula.es\\\/web\\\/plan-corresponsables-entrega-de-diplomas-de-la-primera-escuela-municipal-de-verano-agosto-2022\\\/#breadcrumb\"},\"inLanguage\":\"es\",\"potentialAction\":[{\"@type\":\"ReadAction\",\"target\":[\"https:\\\/\\\/mula.es\\\/web\\\/plan-corresponsables-entrega-de-diplomas-de-la-primera-escuela-municipal-de-verano-agosto-2022\\\/\"]}]},{\"@type\":\"ImageObject\",\"inLanguage\":\"es\",\"@id\":\"https:\\\/\\\/mula.es\\\/web\\\/plan-corresponsables-entrega-de-diplomas-de-la-primera-escuela-municipal-de-verano-agosto-2022\\\/#primaryimage\",\"url\":\"https:\\\/\\\/mula.es\\\/web\\\/wp-content\\\/uploads\\\/2022\\\/08\\\/escuela-verano-03.jpeg\",\"contentUrl\":\"https:\\\/\\\/mula.es\\\/web\\\/wp-content\\\/uploads\\\/2022\\\/08\\\/escuela-verano-03.jpeg\",\"width\":1600,\"height\":703},{\"@type\":\"BreadcrumbList\",\"@id\":\"https:\\\/\\\/mula.es\\\/web\\\/plan-corresponsables-entrega-de-diplomas-de-la-primera-escuela-municipal-de-verano-agosto-2022\\\/#breadcrumb\",\"itemListElement\":[{\"@type\":\"ListItem\",\"position\":1,\"name\":\"Portada\",\"item\":\"https:\\\/\\\/mula.es\\\/web\\\/\"},{\"@type\":\"ListItem\",\"position\":2,\"name\":\"PLAN CORRESPONSABLES | Entrega de diplomas de la primera Escuela Municipal de Verano Agosto 2022\"}]},{\"@type\":\"WebSite\",\"@id\":\"https:\\\/\\\/mula.es\\\/web\\\/#website\",\"url\":\"https:\\\/\\\/mula.es\\\/web\\\/\",\"name\":\"Ayuntamiento de Mula\",\"description\":\"P\u00e1gina web del Ayuntamiento de Mula (Regi\u00f3n de Murcia)\",\"potentialAction\":[{\"@type\":\"SearchAction\",\"target\":{\"@type\":\"EntryPoint\",\"urlTemplate\":\"https:\\\/\\\/mula.es\\\/web\\\/?s={search_term_string}\"},\"query-input\":{\"@type\":\"PropertyValueSpecification\",\"valueRequired\":true,\"valueName\":\"search_term_string\"}}],\"inLanguage\":\"es\"},{\"@type\":\"Person\",\"@id\":\"https:\\\/\\\/mula.es\\\/web\\\/#\\\/schema\\\/person\\\/f8d63bd3ab6e7b025268b909b7ab0771\",\"name\":\"Rosario Mart\u00ednez\",\"image\":{\"@type\":\"ImageObject\",\"inLanguage\":\"es\",\"@id\":\"https:\\\/\\\/secure.gravatar.com\\\/avatar\\\/ce916b980ac93e5b1d36e6068357675d4e089a572ebc8789fcb807c2fb2edfef?s=96&d=mm&r=g\",\"url\":\"https:\\\/\\\/secure.gravatar.com\\\/avatar\\\/ce916b980ac93e5b1d36e6068357675d4e089a572ebc8789fcb807c2fb2edfef?s=96&d=mm&r=g\",\"contentUrl\":\"https:\\\/\\\/secure.gravatar.com\\\/avatar\\\/ce916b980ac93e5b1d36e6068357675d4e089a572ebc8789fcb807c2fb2edfef?s=96&d=mm&r=g\",\"caption\":\"Rosario Mart\u00ednez\"},\"url\":\"https:\\\/\\\/mula.es\\\/web\\\/author\\\/rmartinez\\\/\"}]}<\/script>\n<!-- \/ Yoast SEO plugin. -->","yoast_head_json":{"title":"PLAN CORRESPONSABLES | Entrega de diplomas de la primera Escuela Municipal de Verano Agosto 2022 - Ayuntamiento de Mula","robots":{"index":"index","follow":"follow","max-snippet":"max-snippet:-1","max-image-preview":"max-image-preview:large","max-video-preview":"max-video-preview:-1"},"canonical":"https:\/\/mula.es\/web\/plan-corresponsables-entrega-de-diplomas-de-la-primera-escuela-municipal-de-verano-agosto-2022\/","og_locale":"es_ES","og_type":"article","og_title":"PLAN CORRESPONSABLES | Entrega de diplomas de la primera Escuela Municipal de Verano Agosto 2022 - Ayuntamiento de Mula","og_url":"https:\/\/mula.es\/web\/plan-corresponsables-entrega-de-diplomas-de-la-primera-escuela-municipal-de-verano-agosto-2022\/","og_site_name":"Ayuntamiento de Mula","article_published_time":"2022-08-27T17:47:08+00:00","og_image":[{"width":1600,"height":703,"url":"https:\/\/mula.es\/web\/wp-content\/uploads\/2022\/08\/escuela-verano-03.jpeg","type":"image\/jpeg"}],"author":"Rosario Mart\u00ednez","twitter_card":"summary_large_image","twitter_image":"https:\/\/mula.es\/web\/wp-content\/uploads\/2020\/06\/cropped-escudo-cuadrado.jpg","twitter_creator":"@AyuntamientMula","twitter_site":"@AyuntamientMula","twitter_misc":{"Escrito por":"Rosario Mart\u00ednez","Tiempo de lectura":"1 minuto"},"schema":{"@context":"https:\/\/schema.org","@graph":[{"@type":"Article","@id":"https:\/\/mula.es\/web\/plan-corresponsables-entrega-de-diplomas-de-la-primera-escuela-municipal-de-verano-agosto-2022\/#article","isPartOf":{"@id":"https:\/\/mula.es\/web\/plan-corresponsables-entrega-de-diplomas-de-la-primera-escuela-municipal-de-verano-agosto-2022\/"},"author":{"name":"Rosario Mart\u00ednez","@id":"https:\/\/mula.es\/web\/#\/schema\/person\/f8d63bd3ab6e7b025268b909b7ab0771"},"headline":"PLAN CORRESPONSABLES | Entrega de diplomas de la primera Escuela Municipal de Verano Agosto 2022","datePublished":"2022-08-27T17:47:08+00:00","mainEntityOfPage":{"@id":"https:\/\/mula.es\/web\/plan-corresponsables-entrega-de-diplomas-de-la-primera-escuela-municipal-de-verano-agosto-2022\/"},"wordCount":2485,"image":{"@id":"https:\/\/mula.es\/web\/plan-corresponsables-entrega-de-diplomas-de-la-primera-escuela-municipal-de-verano-agosto-2022\/#primaryimage"},"thumbnailUrl":"https:\/\/mula.es\/web\/wp-content\/uploads\/2022\/08\/escuela-verano-03.jpeg","articleSection":["PLAN CORRESPONSABLES"],"inLanguage":"es"},{"@type":"WebPage","@id":"https:\/\/mula.es\/web\/plan-corresponsables-entrega-de-diplomas-de-la-primera-escuela-municipal-de-verano-agosto-2022\/","url":"https:\/\/mula.es\/web\/plan-corresponsables-entrega-de-diplomas-de-la-primera-escuela-municipal-de-verano-agosto-2022\/","name":"PLAN CORRESPONSABLES | Entrega de diplomas de la primera Escuela Municipal de Verano Agosto 2022 - Ayuntamiento de Mula","isPartOf":{"@id":"https:\/\/mula.es\/web\/#website"},"primaryImageOfPage":{"@id":"https:\/\/mula.es\/web\/plan-corresponsables-entrega-de-diplomas-de-la-primera-escuela-municipal-de-verano-agosto-2022\/#primaryimage"},"image":{"@id":"https:\/\/mula.es\/web\/plan-corresponsables-entrega-de-diplomas-de-la-primera-escuela-municipal-de-verano-agosto-2022\/#primaryimage"},"thumbnailUrl":"https:\/\/mula.es\/web\/wp-content\/uploads\/2022\/08\/escuela-verano-03.jpeg","datePublished":"2022-08-27T17:47:08+00:00","author":{"@id":"https:\/\/mula.es\/web\/#\/schema\/person\/f8d63bd3ab6e7b025268b909b7ab0771"},"breadcrumb":{"@id":"https:\/\/mula.es\/web\/plan-corresponsables-entrega-de-diplomas-de-la-primera-escuela-municipal-de-verano-agosto-2022\/#breadcrumb"},"inLanguage":"es","potentialAction":[{"@type":"ReadAction","target":["https:\/\/mula.es\/web\/plan-corresponsables-entrega-de-diplomas-de-la-primera-escuela-municipal-de-verano-agosto-2022\/"]}]},{"@type":"ImageObject","inLanguage":"es","@id":"https:\/\/mula.es\/web\/plan-corresponsables-entrega-de-diplomas-de-la-primera-escuela-municipal-de-verano-agosto-2022\/#primaryimage","url":"https:\/\/mula.es\/web\/wp-content\/uploads\/2022\/08\/escuela-verano-03.jpeg","contentUrl":"https:\/\/mula.es\/web\/wp-content\/uploads\/2022\/08\/escuela-verano-03.jpeg","width":1600,"height":703},{"@type":"BreadcrumbList","@id":"https:\/\/mula.es\/web\/plan-corresponsables-entrega-de-diplomas-de-la-primera-escuela-municipal-de-verano-agosto-2022\/#breadcrumb","itemListElement":[{"@type":"ListItem","position":1,"name":"Portada","item":"https:\/\/mula.es\/web\/"},{"@type":"ListItem","position":2,"name":"PLAN CORRESPONSABLES | Entrega de diplomas de la primera Escuela Municipal de Verano Agosto 2022"}]},{"@type":"WebSite","@id":"https:\/\/mula.es\/web\/#website","url":"https:\/\/mula.es\/web\/","name":"Ayuntamiento de Mula","description":"P\u00e1gina web del Ayuntamiento de Mula (Regi\u00f3n de Murcia)","potentialAction":[{"@type":"SearchAction","target":{"@type":"EntryPoint","urlTemplate":"https:\/\/mula.es\/web\/?s={search_term_string}"},"query-input":{"@type":"PropertyValueSpecification","valueRequired":true,"valueName":"search_term_string"}}],"inLanguage":"es"},{"@type":"Person","@id":"https:\/\/mula.es\/web\/#\/schema\/person\/f8d63bd3ab6e7b025268b909b7ab0771","name":"Rosario Mart\u00ednez","image":{"@type":"ImageObject","inLanguage":"es","@id":"https:\/\/secure.gravatar.com\/avatar\/ce916b980ac93e5b1d36e6068357675d4e089a572ebc8789fcb807c2fb2edfef?s=96&d=mm&r=g","url":"https:\/\/secure.gravatar.com\/avatar\/ce916b980ac93e5b1d36e6068357675d4e089a572ebc8789fcb807c2fb2edfef?s=96&d=mm&r=g","contentUrl":"https:\/\/secure.gravatar.com\/avatar\/ce916b980ac93e5b1d36e6068357675d4e089a572ebc8789fcb807c2fb2edfef?s=96&d=mm&r=g","caption":"Rosario Mart\u00ednez"},"url":"https:\/\/mula.es\/web\/author\/rmartinez\/"}]}},"jetpack_publicize_connections":[],"jetpack_featured_media_url":"https:\/\/mula.es\/web\/wp-content\/uploads\/2022\/08\/escuela-verano-03.jpeg","jetpack_sharing_enabled":true,"jetpack_shortlink":"https:\/\/wp.me\/pa9DMY-bPW","jetpack-related-posts":[],"_links":{"self":[{"href":"https:\/\/mula.es\/web\/wp-json\/wp\/v2\/posts\/45504","targetHints":{"allow":["GET"]}}],"collection":[{"href":"https:\/\/mula.es\/web\/wp-json\/wp\/v2\/posts"}],"about":[{"href":"https:\/\/mula.es\/web\/wp-json\/wp\/v2\/types\/post"}],"author":[{"embeddable":true,"href":"https:\/\/mula.es\/web\/wp-json\/wp\/v2\/users\/9"}],"replies":[{"embeddable":true,"href":"https:\/\/mula.es\/web\/wp-json\/wp\/v2\/comments?post=45504"}],"version-history":[{"count":1,"href":"https:\/\/mula.es\/web\/wp-json\/wp\/v2\/posts\/45504\/revisions"}],"predecessor-version":[{"id":45510,"href":"https:\/\/mula.es\/web\/wp-json\/wp\/v2\/posts\/45504\/revisions\/45510"}],"wp:featuredmedia":[{"embeddable":true,"href":"https:\/\/mula.es\/web\/wp-json\/wp\/v2\/media\/45509"}],"wp:attachment":[{"href":"https:\/\/mula.es\/web\/wp-json\/wp\/v2\/media?parent=45504"}],"wp:term":[{"taxonomy":"category","embeddable":true,"href":"https:\/\/mula.es\/web\/wp-json\/wp\/v2\/categories?post=45504"},{"taxonomy":"post_tag","embeddable":true,"href":"https:\/\/mula.es\/web\/wp-json\/wp\/v2\/tags?post=45504"}],"curies":[{"name":"wp","href":"https:\/\/api.w.org\/{rel}","templated":true}]}}