{"id":45647,"date":"2022-09-14T13:46:30","date_gmt":"2022-09-14T11:46:30","guid":{"rendered":"https:\/\/mula.es\/web\/?p=45647"},"modified":"2022-09-15T08:54:42","modified_gmt":"2022-09-15T06:54:42","slug":"festejos-fiestas-de-septiembre-2022-programa-de-fiestas","status":"publish","type":"post","link":"https:\/\/mula.es\/web\/festejos-fiestas-de-septiembre-2022-programa-de-fiestas\/","title":{"rendered":"FESTEJOS | Fiestas de septiembre 2022: Programa de fiestas"},"content":{"rendered":"<p><div class=\"fusion-fullwidth fullwidth-box fusion-builder-row-1 fusion-flex-container has-pattern-background has-mask-background nonhundred-percent-fullwidth non-hundred-percent-height-scrolling\" style=\"--awb-border-radius-top-left:0px;--awb-border-radius-top-right:0px;--awb-border-radius-bottom-right:0px;--awb-border-radius-bottom-left:0px;--awb-flex-wrap:wrap;\" ><div class=\"fusion-builder-row fusion-row fusion-flex-align-items-flex-start fusion-flex-content-wrap\" style=\"max-width:1144px;margin-left: calc(-4% \/ 2 );margin-right: calc(-4% \/ 2 );\"><div class=\"fusion-layout-column fusion_builder_column fusion-builder-column-0 fusion_builder_column_1_1 1_1 fusion-flex-column\" style=\"--awb-bg-size:cover;--awb-width-large:100%;--awb-margin-top-large:0px;--awb-spacing-right-large:1.92%;--awb-margin-bottom-large:20px;--awb-spacing-left-large:1.92%;--awb-width-medium:100%;--awb-order-medium:0;--awb-spacing-right-medium:1.92%;--awb-spacing-left-medium:1.92%;--awb-width-small:100%;--awb-order-small:0;--awb-spacing-right-small:1.92%;--awb-spacing-left-small:1.92%;\"><div class=\"fusion-column-wrapper fusion-column-has-shadow fusion-flex-justify-content-flex-start fusion-content-layout-column\"><div class=\"fusion-text fusion-text-1\"><h2><\/h2>\n<h2 style=\"text-align: center;\"><strong><a href=\"https:\/\/mula.es\/web\/wp-content\/uploads\/2022\/09\/Programa_fiestas_sept_2022.pdf\" target=\"_blank\" rel=\"noopener\">Descarga aqu\u00ed el \u00abPrograma de fiestas de septiembre 2022\u00bb (.pdf)<\/a><\/strong><\/h2>\n<\/div><\/div><\/div><\/div><\/div><div class=\"fusion-fullwidth fullwidth-box fusion-builder-row-2 fusion-flex-container has-pattern-background has-mask-background nonhundred-percent-fullwidth non-hundred-percent-height-scrolling\" style=\"--awb-border-radius-top-left:0px;--awb-border-radius-top-right:0px;--awb-border-radius-bottom-right:0px;--awb-border-radius-bottom-left:0px;--awb-flex-wrap:wrap;\" ><div class=\"fusion-builder-row fusion-row fusion-flex-align-items-flex-start fusion-flex-content-wrap\" style=\"max-width:1144px;margin-left: calc(-4% \/ 2 );margin-right: calc(-4% \/ 2 );\"><div class=\"fusion-layout-column fusion_builder_column fusion-builder-column-1 fusion_builder_column_1_1 1_1 fusion-flex-column\" style=\"--awb-bg-size:cover;--awb-width-large:100%;--awb-margin-top-large:0px;--awb-spacing-right-large:1.92%;--awb-margin-bottom-large:20px;--awb-spacing-left-large:1.92%;--awb-width-medium:100%;--awb-order-medium:0;--awb-spacing-right-medium:1.92%;--awb-spacing-left-medium:1.92%;--awb-width-small:100%;--awb-order-small:0;--awb-spacing-right-small:1.92%;--awb-spacing-left-small:1.92%;\"><div class=\"fusion-column-wrapper fusion-column-has-shadow fusion-flex-justify-content-flex-start fusion-content-layout-column\"><div class=\"fusion-text fusion-text-2\"><p><span style=\"color: #000000;\"><span style=\"font-size: medium;\"><b>PROGRAMACI\u00d3N FERIA Y FIESTAS DE MULA. 2022<\/b><\/span><\/span><\/p>\n<p><span style=\"color: #000000;\"><span style=\"font-size: medium;\"><b>XXXVIII Encuentro Teatral Ciudad de Mula. Septiembre <\/b><\/span><\/span><\/p>\n<p><span style=\"color: #000000;\"><span style=\"font-size: medium;\"><b>Teatro Lope de Vega. 21 horas<\/b><\/span><\/span><\/p>\n<p><span style=\"color: #000000;\"><span style=\"font-size: medium;\">Lunes 12. Mi cuerpo ser\u00e1 camino. Alquibla Teatro<\/span><\/span><\/p>\n<p><span style=\"color: #000000;\"><span style=\"font-size: medium;\">Martes 13. Con lo que hemos s\u00edo. C\u00eda Deconn\u00e9<\/span><\/span><\/p>\n<p><span style=\"color: #000000;\"><span style=\"font-size: medium;\">Mi\u00e9rcoles 14. Mentiras inteligentes. Descalzos Producciones S.L. <\/span><\/span><\/p>\n<p><span style=\"color: #000000;\"><span style=\"font-size: medium;\">Jueves 15. Celestina, la tragicomed\u00eda. Compa\u00f1\u00eda Atalaya<\/span><\/span><\/p>\n<p><span style=\"color: #000000;\"><span style=\"font-size: medium;\">Viernes 16. T\u00e9cnicas no convencionales. Almagra Teatro <\/span><\/span><\/p>\n<p><span style=\"color: #000000;\"><span style=\"font-size: medium;\"><b>Jueves 15 de septiembre<\/b><\/span><\/span><\/p>\n<p><span style=\"color: #000000;\"><span style=\"font-size: medium;\">20 horas. Claustro Alto Convento San Francisco.<\/span><\/span><\/p>\n<p><span style=\"color: #000000;\"><span style=\"font-size: medium;\">Inauguraci\u00f3n exposici\u00f3n del ICA<\/span><\/span><\/p>\n<p><span style=\"color: #000000;\"><span style=\"font-size: medium;\">Artista Ki Hong Chun <\/span><\/span><\/p>\n<p><span style=\"color: #000000;\"><span style=\"font-size: medium;\"><b>Viernes 16 de septiembre<\/b><\/span><\/span><\/p>\n<p><span style=\"color: #000000;\"><span style=\"font-size: medium;\">19.30 horas. Claustro Bajo Convento San Francisco. <\/span><\/span><\/p>\n<p><span style=\"color: #000000;\"><span style=\"font-size: medium;\">Inauguraci\u00f3n exposici\u00f3n <\/span><\/span><\/p>\n<p><span style=\"color: #000000;\"><span style=\"font-size: medium;\">Artista Juan Llorente, mule\u00f1o<\/span><\/span><\/p>\n<p><span style=\"color: #000000;\"><span style=\"font-size: medium;\">Seguidamente, a las 20 horas, concierto de guitarra de su hijo Juan Llorente <\/span><\/span><\/p>\n<p><span style=\"color: #000000;\"><span style=\"font-size: medium;\">20.30 horas. Estudio-Galer\u00eda La Cholepa.<\/span><\/span><\/p>\n<p><span style=\"color: #000000;\"><span style=\"font-size: medium;\">Inauguraci\u00f3n exposici\u00f3n <\/span><\/span><\/p>\n<p><span style=\"color: #000000;\"><span style=\"font-size: medium;\">DESHILAR<\/span><\/span><\/p>\n<p><span style=\"color: #000000;\"><span style=\"font-size: medium;\">Artista Concha Mart\u00ednez Montalvo<\/span><\/span><\/p>\n<p><span style=\"color: #000000;\"><span style=\"font-size: medium;\">21 horas. Plaza de Toros. Entrada 12 euros<\/span><\/span><\/p>\n<p><span style=\"color: #000000;\"><span style=\"font-size: medium;\">Musical EL REY LE\u00d3N, EL TRIBUTO<\/span><\/span><\/p>\n<p><span style=\"color: #000000;\"><span style=\"font-size: medium;\"><b>S\u00e1bado 17 de septiembre<\/b><\/span><\/span><\/p>\n<p><span style=\"color: #000000;\"><span style=\"font-size: medium;\">Visitas guiadas. Informaci\u00f3n Oficina de Turismo<\/span><\/span><\/p>\n<p><span style=\"color: #000000;\"><span style=\"font-size: medium;\">17 horas. Iglesias, patrimonio e historias.<\/span><\/span><\/p>\n<p><span style=\"color: #000000;\"><span style=\"font-size: medium;\">19 horas. Visita al exterior del castillo de los V\u00e9lez <\/span><\/span><\/p>\n<p><span style=\"color: #000000;\"><span style=\"font-size: medium;\">20.30 horas. Recinto Mula Deportiva Jos\u00e9 Soriano Chac\u00f3n. Entrada 3 euros<\/span><\/span><\/p>\n<p><span style=\"color: #000000;\"><span style=\"font-size: medium;\">XVI FESTIVAL MR. PEOPLE <\/span><\/span><\/p>\n<p><span style=\"color: #000000;\"><span style=\"font-size: medium;\">Hablando en plata<\/span><\/span><\/p>\n<p><span style=\"color: #000000;\"><span style=\"font-size: medium;\">Sr. Wilson<\/span><\/span><\/p>\n<p><span style=\"color: #000000;\"><span style=\"font-size: medium;\">Awakate<\/span><\/span><\/p>\n<p><span style=\"color: #000000;\"><span style=\"font-size: medium;\">Dr. Wise<\/span><\/span><\/p>\n<p><span style=\"color: #000000;\"><span style=\"font-size: medium;\">Good Golfos<\/span><\/span><\/p>\n<p><span style=\"color: #000000;\"><span style=\"font-size: medium;\">Matahari Crew<\/span><\/span><\/p>\n<p><span style=\"color: #000000;\"><span style=\"font-size: medium;\">22 horas. Parque Crist\u00f3bal Gabarr\u00f3n. <\/span><\/span><\/p>\n<p><span style=\"color: #000000;\"><span style=\"font-size: medium;\">XXXVIII Muestra Nacional de Folclore<\/span><\/span><\/p>\n<p><span style=\"color: #000000;\"><span style=\"font-size: medium;\">Asociaci\u00f3n Trovera El Repunt\u00edn Grupo El Pati\u00f1ero Cardoso I Cardoso II<\/span><\/span><\/p>\n<p><span style=\"color: #000000;\"><span style=\"font-size: medium;\">Grupo de Danzas Colectores. Calahorra-La Rioja<\/span><\/span><\/p>\n<p><span style=\"color: #000000;\"><span style=\"font-size: medium;\">Grupo de Coros y Danzas \u201cNi\u00f1o Jes\u00fas de Mula\u201d<\/span><\/span><\/p>\n<p><span style=\"color: #000000;\"><span style=\"font-size: medium;\"><b>Domingo <\/b><b>1<\/b><b>8<\/b><b> de septiembre<\/b><\/span><\/span><\/p>\n<p><span style=\"color: #000000;\"><span style=\"font-size: medium;\">10 horas. Parque Crist\u00f3bal Gabarr\u00f3n<\/span><\/span><\/p>\n<p><span style=\"color: #000000;\"><span style=\"font-size: medium;\">VI ALMUEZO MOTERO. Pe\u00f1a Los Esos de Mula <\/span><\/span><\/p>\n<p><span style=\"color: #000000;\"><span style=\"font-size: medium;\">Visitas guiadas. Informaci\u00f3n Oficina de Turismo<\/span><\/span><\/p>\n<p><span style=\"color: #000000;\"><span style=\"font-size: medium;\">10.30 horas. Villa Romana de Los Villaricos<\/span><\/span><\/p>\n<p><span style=\"color: #000000;\"><span style=\"font-size: medium;\"><b>Lunes 19 de septiembre<\/b><\/span><\/span><\/p>\n<p><span style=\"color: #000000;\"><span style=\"font-size: medium;\">Gran V\u00eda. Parque Crist\u00f3bal Gabarr\u00f3n<\/span><\/span><\/p>\n<p><span style=\"color: #000000;\"><span style=\"font-size: medium;\">INAUGURACI\u00d3N FERIA Y FIESTAS 2022<\/span><\/span><\/p>\n<p><span style=\"color: #000000;\"><span style=\"font-size: medium;\">20.30 h. Inauguraci\u00f3n. Traca tradicional puente mercado<\/span><\/span><\/p>\n<p><span style=\"color: #000000;\"><span style=\"font-size: medium;\">21.30 h. Concierto Agrupaci\u00f3n Musical Mule\u00f1a<\/span><\/span><\/p>\n<p><span style=\"color: #000000;\"><span style=\"font-size: medium;\">22.30 h. Exhibici\u00f3n de comparsas<\/span><\/span><\/p>\n<p><span style=\"color: #000000;\"><span style=\"font-size: medium;\">00.00 h. Concierto. VOY A PASARMELO G. Tributo a Hombres G<\/span><\/span><\/p>\n<p><span style=\"color: #000000;\"><span style=\"font-size: medium;\">Al finalizar actuaci\u00f3n Gazebo D\u2019J<\/span><\/span><\/p>\n<p><span style=\"color: #000000;\"><span style=\"font-size: medium;\">Ludoteca Javi Garc\u00eda. De 22.00 a 00.00 h. <\/span><\/span><\/p>\n<p><span style=\"color: #000000;\"><span style=\"font-size: medium;\"><b>Martes 20 de septiembre<\/b><\/span><\/span><\/p>\n<p><span style=\"color: #000000;\"><span style=\"font-size: medium;\">Parque Crist\u00f3bal Gabarr\u00f3n. Carpas del Gabarr\u00f3n<\/span><\/span><\/p>\n<p><span style=\"color: #000000;\"><span style=\"font-size: medium;\">17.00 horas. Iv\u00e1n Marhuenda<\/span><\/span><\/p>\n<p><span style=\"color: #000000;\"><span style=\"font-size: medium;\">18.00 horas. ResaK<\/span><\/span><\/p>\n<p><span style=\"color: #000000;\"><span style=\"font-size: medium;\">19.00 horas. A pelo<\/span><\/span><\/p>\n<p><span style=\"color: #000000;\"><span style=\"font-size: medium;\">00.00 horas. OLeh<\/span><\/span><\/p>\n<p><span style=\"color: #000000;\"><span style=\"font-size: medium;\">03.00 horas. Alex Trebol<\/span><\/span><\/p>\n<p><span style=\"color: #000000;\"><span style=\"font-size: medium;\">S\u00e9 turista en tu ciudad. Informaci\u00f3n Oficina de Turismo<\/span><\/span><\/p>\n<p><span style=\"color: #000000;\"><span style=\"font-size: medium;\">20.00 horas. Visita Teatralizada al Convento de San Francisco<\/span><\/span><\/p>\n<p><span style=\"color: #000000;\"><span style=\"font-size: medium;\">23 horas. Mula Deportiva Jos\u00e9 Soriano Chac\u00f3n<\/span><\/span><\/p>\n<p><span style=\"color: #000000;\"><span style=\"font-size: medium;\">Concierto CELTAS CORTOS. Anticipada 10 euros\/ Taquilla 12 euros<\/span><\/span><\/p>\n<p><span style=\"color: #000000;\"><span style=\"font-size: medium;\">Ludoteca Javi Garc\u00eda. De 22.00 a 02. 30 h. <\/span><\/span><\/p>\n<p><span style=\"color: #000000;\"><span style=\"font-size: medium;\"><b>Mi\u00e9rcoles 21 de septiembre<\/b><\/span><\/span><\/p>\n<p><span style=\"color: #000000;\"><span style=\"font-size: medium;\">Parque Crist\u00f3bal Gabarr\u00f3n. Carpas del Gabarr\u00f3n<\/span><\/span><\/p>\n<p><span style=\"color: #000000;\"><span style=\"font-size: medium;\">17.00 horas. Antonio Sevilla<\/span><\/span><\/p>\n<p><span style=\"color: #000000;\"><span style=\"font-size: medium;\">18.00 horas. Miguel Ba\u00f1on y Santi Campillo<\/span><\/span><\/p>\n<p><span style=\"color: #000000;\"><span style=\"font-size: medium;\">19.30 horas. Grupo Sensaci\u00f3n<\/span><\/span><\/p>\n<p><span style=\"color: #000000;\"><span style=\"font-size: medium;\">00.00 horas. CrisDeLuxe<\/span><\/span><\/p>\n<p><span style=\"color: #000000;\"><span style=\"font-size: medium;\">03.00 horas. Lara Ross<\/span><\/span><\/p>\n<p><span style=\"color: #000000;\"><span style=\"font-size: medium;\">S\u00e9 turista en tu ciudad. Informaci\u00f3n Oficina de Turismo<\/span><\/span><\/p>\n<p><span style=\"color: #000000;\"><span style=\"font-size: medium;\">11.00 horas. Visita cultural a Fuente Caputa<\/span><\/span><\/p>\n<p><span style=\"color: #000000;\"><span style=\"font-size: medium;\">23 horas. Mula Deportiva Jos\u00e9 Soriano Chac\u00f3n <\/span><\/span><\/p>\n<p><span style=\"color: #000000;\"><span style=\"font-size: medium;\">Concierto. RVFV, JOS\u00c9 DE LAS HERAS Y D\u2019J JARO. Entrada 15 euros. <\/span><\/span><\/p>\n<p><span style=\"color: #000000;\"><span style=\"font-size: medium;\">Ludoteca Javi Garc\u00eda. De 17.00 a 20.30 h. y de 22.00 a 02. 30 h. <\/span><\/span><\/p>\n<p><span style=\"color: #000000;\"><span style=\"font-size: medium;\">ACTOS RELIGIOSOS FESTIVIDAD DEL DIVINO NI\u00d1O JES\u00daS DE MULA<\/span><\/span><\/p>\n<p><span style=\"color: #000000;\"><span style=\"font-size: medium;\">Horario de misas. Parroquia de Santo Domingo<\/span><\/span><\/p>\n<p><span style=\"color: #000000;\"><span style=\"font-size: medium;\">0.00 h. Eucaristia del Peregrino. La iglesia permanecer\u00e1 abierta toda la noche<\/span><\/span><\/p>\n<p><span style=\"color: #000000;\"><span style=\"font-size: medium;\">6.00 h.\/ 7.00 h. \/8.00 h. \/9.00 h. \/10.00 h. \/<b>11.30 h. Solemne celebraci\u00f3n Eucar\u00edstica<\/b>. \/13.00 h. 18.00 h. \/ y 19.00 h.<\/span><\/span><\/p>\n<p><span style=\"color: #000000;\"><span style=\"font-size: medium;\">19.30 horas. Solemne procesi\u00f3n por las calles de costumbre<\/span><\/span><\/p>\n<p><span style=\"color: #000000;\"><span style=\"font-size: medium;\">00.30 horas. Castillo de fuegos artificiales <\/span><\/span><\/p>\n<p><span style=\"color: #000000;\"><span style=\"font-size: medium;\"><b>Jueves 22 de septiembre<\/b><\/span><\/span><\/p>\n<p><span style=\"color: #000000;\"><span style=\"font-size: medium;\"><b>D\u00eda de la R<\/b><b>omer\u00eda<\/b>. 8.30 h. Eucarist\u00eda en el Real Monasterio de la Encarnaci\u00f3n. Al finalizar traslado de la imagen del Ni\u00f1o hasta su santuario de El Balate. <\/span><\/span><\/p>\n<p><span style=\"color: #000000;\"><span style=\"font-size: medium;\">Parque Crist\u00f3bal Gabarr\u00f3n. Carpas del Gabarr\u00f3n<\/span><\/span><\/p>\n<p><span style=\"color: #000000;\"><span style=\"font-size: medium;\">17.00 horas. Z\u00e9nega<\/span><\/span><\/p>\n<p><span style=\"color: #000000;\"><span style=\"font-size: medium;\">18.00 horas. Juan Llorente<\/span><\/span><\/p>\n<p><span style=\"color: #000000;\"><span style=\"font-size: medium;\">00.00 horas. D\u2019J Pachucho<\/span><\/span><\/p>\n<p><span style=\"color: #000000;\"><span style=\"font-size: medium;\">03.00 horas. D\u2019J Blaya<\/span><\/span><\/p>\n<p><span style=\"color: #000000;\"><span style=\"font-size: medium;\">22.00. Plaza del Asilo <\/span><\/span><\/p>\n<p><span style=\"color: #000000;\"><span style=\"font-size: medium;\">Verbena para mayores <\/span><\/span><\/p>\n<p><span style=\"color: #000000;\"><span style=\"font-size: medium;\">Actuaci\u00f3n de Miguel \u00c1ngel Ortiz, el hombre de las mil voces<\/span><\/span><\/p>\n<p><span style=\"color: #000000;\"><span style=\"font-size: medium;\">Bingo popular<\/span><\/span><\/p>\n<p><span style=\"color: #000000;\"><span style=\"font-size: medium;\">Actuaci\u00f3n del D\u00fao Belmet<\/span><\/span><\/p>\n<p><span style=\"color: #000000;\"><span style=\"font-size: medium;\">22 horas. Mula Deportiva Jos\u00e9 Soriano Chac\u00f3n<\/span><\/span><\/p>\n<p><span style=\"color: #000000;\"><span style=\"font-size: medium;\">Concierto ANTONIO OROZCO. Anticipada 25 euros\/ Taquilla 30 euros<\/span><\/span><\/p>\n<p><span style=\"color: #000000;\"><span style=\"font-size: medium;\">Ludoteca Javi Garc\u00eda. De 22.00 a 02. 30 h. <\/span><\/span><\/p>\n<p><span style=\"color: #000000;\"><span style=\"font-size: medium;\"><b>Viernes 23 de septiembre<\/b><\/span><\/span><\/p>\n<p><span style=\"color: #000000;\"><span style=\"font-size: medium;\">S\u00e9 turista en tu ciudad. Informaci\u00f3n Oficina de Turismo<\/span><\/span><\/p>\n<p><span style=\"color: #000000;\"><span style=\"font-size: medium;\">10.30 horas. Visita guiada a la villa romana de Los Villaricos para ni\u00f1os<\/span><\/span><\/p>\n<p><span style=\"color: #000000;\"><span style=\"font-size: medium;\">11.00 horas. Parque Crist\u00f3bal Gabarr\u00f3n<\/span><\/span><\/p>\n<p><span style=\"color: #000000;\"><span style=\"font-size: medium;\">D\u00cdA DE LA BICI<\/span><\/span><\/p>\n<p><span style=\"color: #000000;\"><span style=\"font-size: medium;\">Parque Crist\u00f3bal Gabarr\u00f3n. Carpas del Gabarr\u00f3n<\/span><\/span><\/p>\n<p><span style=\"color: #000000;\"><span style=\"font-size: medium;\">18.00 horas. D\u2019J Pachucho y D\u2019J Sixto<\/span><\/span><\/p>\n<p><span style=\"color: #000000;\"><span style=\"font-size: medium;\">21 horas. A la P\u00faa <\/span><\/span><\/p>\n<p><span style=\"color: #000000;\"><span style=\"font-size: medium;\">02.00 horas. D\u2019J Salva Roda <\/span><\/span><\/p>\n<p><span style=\"color: #000000;\"><span style=\"font-size: medium;\">23 horas. Mula Deportiva Jos\u00e9 Soriano Chac\u00f3n<\/span><\/span><\/p>\n<p><span style=\"color: #000000;\"><span style=\"font-size: medium;\">Concierto NEIL MOLINER. Anticipada 15 euros\/ Taquilla 20 euros<\/span><\/span><\/p>\n<p><span style=\"color: #000000;\"><span style=\"font-size: medium;\">Ludoteca Javi Garc\u00eda. De 17.00 a 20.30 h. y de 22.00 a 02. 30 h. <\/span><\/span><\/p>\n<p><span style=\"color: #000000;\"><span style=\"font-size: medium;\">ACTOS RELIGIOSOS FESTIVIDAD DE LA SANT\u00cdSIMA VIRGEN DEL CARMEN PATRONA DE LA CIUDAD DE MULA <\/span><\/span><\/p>\n<p><span style=\"color: #000000;\"><span style=\"font-size: medium;\">Horario de misas. Ermita del Carmen<\/span><\/span><\/p>\n<p><span style=\"color: #000000;\"><span style=\"font-size: medium;\">8.30 h. \/ <b>11.30 h. Solemne Eucarist\u00eda concelebrada<\/b>. \/ y 19.30 h.<\/span><\/span><\/p>\n<p><span style=\"color: #000000;\"><span style=\"font-size: medium;\">20.30 horas. Solemne procesi\u00f3n por las calles de costumbre<\/span><\/span><\/p>\n<p><span style=\"color: #000000;\"><span style=\"font-size: medium;\">23.30 horas. Castillo de fuegos artificiales <\/span><\/span><\/p>\n<p><span style=\"color: #000000;\"><span style=\"font-size: medium;\"><b>S\u00e1bado 24 de septiembre<\/b><\/span><\/span><\/p>\n<p><span style=\"color: #000000;\"><span style=\"font-size: medium;\">9.00 horas. Alegre diana a cargo de la Agrupaci\u00f3n Musical Mule\u00f1a<\/span><\/span><\/p>\n<p><span style=\"color: #000000;\"><span style=\"font-size: medium;\">S\u00e9 turista en tu ciudad. Informaci\u00f3n Oficina de Turismo<\/span><\/span><\/p>\n<p><span style=\"color: #000000;\"><span style=\"font-size: medium;\">9.00 horas. Ruta senderista Embalse de La Cierva<\/span><\/span><\/p>\n<p><span style=\"color: #000000;\"><span style=\"font-size: medium;\">19.00 horas. Mula hist\u00f3rica + productos de la tierra <\/span><\/span><\/p>\n<p><span style=\"color: #000000;\"><span style=\"font-size: medium;\">Parque Crist\u00f3bal Gabarr\u00f3n. Carpas del Gabarr\u00f3n<\/span><\/span><\/p>\n<p><span style=\"color: #000000;\"><span style=\"font-size: medium;\">17.00 horas. Outnamed<\/span><\/span><\/p>\n<p><span style=\"color: #000000;\"><span style=\"font-size: medium;\">18.00 horas. Plaza de Toros<\/span><\/span><\/p>\n<p><span style=\"color: #000000;\"><span style=\"font-size: medium;\">GRAN FESTIVAL TAURINO. J.A. Navarro Orenes, Finito de C\u00f3rdoba, El Cid, J.B. El Cordob\u00e9s, Parrita y Jos\u00e9 Belijar<\/span><\/span><\/p>\n<p><span style=\"color: #000000;\"><span style=\"font-size: medium;\">Parque Crist\u00f3bal Gabarr\u00f3n NOCHE DE DISFRACES <\/span><\/span><\/p>\n<p><span style=\"color: #000000;\"><span style=\"font-size: medium;\">20.00 horas. Posho<\/span><\/span><\/p>\n<p><span style=\"color: #000000;\"><span style=\"font-size: medium;\">23.00 horas. Ros\u00e9e + Jos\u00e9 Garc\u00eda<\/span><\/span><\/p>\n<p><span style=\"color: #000000;\"><span style=\"font-size: medium;\">02.00 horas. D\u2019J Ripoll<\/span><\/span><\/p>\n<p><span style=\"color: #000000;\"><span style=\"font-size: medium;\">CONCURSO DE DISFRACES. Sin inscripci\u00f3n previa. Bases www.mula.es<\/span><\/span><\/p>\n<p><span style=\"color: #000000;\"><span style=\"font-family: Times New Roman, serif;\"><span style=\"font-size: medium;\">PREMIOS: <\/span><\/span><\/span><\/p>\n<p align=\"justify\"><span style=\"color: #000000;\"><span style=\"font-family: Times New Roman, serif;\"><span style=\"font-size: medium;\"> Individuales<\/span><\/span><\/span><\/p>\n<p align=\"justify\"><span style=\"color: #000000;\"><span style=\"font-family: Times New Roman, serif;\"><span style=\"font-size: medium;\"> Primero: 180 \u20ac<\/span><\/span><\/span><\/p>\n<p align=\"justify\"><span style=\"color: #000000;\"><span style=\"font-family: Times New Roman, serif;\"><span style=\"font-size: medium;\"> Segundo: 120 \u20ac<\/span><\/span><\/span><\/p>\n<p align=\"justify\"><span style=\"color: #000000;\"><span style=\"font-family: Times New Roman, serif;\"><span style=\"font-size: medium;\"> Parejas<\/span><\/span><\/span><\/p>\n<p align=\"justify\"><span style=\"color: #000000;\"><span style=\"font-family: Times New Roman, serif;\"><span style=\"font-size: medium;\"> Primero: 360 \u20ac<\/span><\/span><\/span><\/p>\n<p align=\"justify\"><span style=\"color: #000000;\"><span style=\"font-family: Times New Roman, serif;\"><span style=\"font-size: medium;\"> Segundo: 180 \u20ac<\/span><\/span><\/span><\/p>\n<p align=\"justify\"><span style=\"color: #000000;\"><span style=\"font-family: Times New Roman, serif;\"><span style=\"font-size: medium;\"> Grupos<\/span><\/span><\/span><\/p>\n<p align=\"justify\"><span style=\"color: #000000;\"><span style=\"font-family: Times New Roman, serif;\"><span style=\"font-size: medium;\"> Primero: 600 \u20ac<\/span><\/span><\/span><\/p>\n<p align=\"justify\"><span style=\"color: #000000;\"><span style=\"font-family: Times New Roman, serif;\"><span style=\"font-size: medium;\"> Segundo: 300 \u20ac<\/span><\/span><\/span><\/p>\n<p align=\"justify\"><span style=\"color: #000000;\"><span style=\"font-family: Times New Roman, serif;\"><span style=\"font-size: medium;\"> Mejor puesta en escena 200 \u20ac (El Plan del Mono Producciones)<\/span><\/span><\/span><\/p>\n<p><span style=\"color: #000000;\"> <span style=\"font-size: medium;\"><span style=\"font-family: Times New Roman, serif;\"><span lang=\"es-ES\">Premio Joven-Participaci\u00f3n juvenil 100 \u20ac (El Plan del Mono Producciones)<\/span><\/span><\/span><\/span><\/p>\n<p><span style=\"color: #000000;\"><span style=\"font-size: medium;\">22.00. Plaza del Asilo <\/span><\/span><\/p>\n<p><span style=\"color: #000000;\"><span style=\"font-size: medium;\">Verbena para mayores <\/span><\/span><\/p>\n<p><span style=\"color: #000000;\"><span style=\"font-size: medium;\">Orquesta C\u00f3ctel Music <\/span><\/span><\/p>\n<p><span style=\"color: #000000;\"><span style=\"font-size: medium;\">Bingo popular <\/span><\/span><\/p>\n<p><span style=\"color: #000000;\"><span style=\"font-size: medium;\">23 horas. Mula Deportiva Jos\u00e9 Soriano Chac\u00f3n<\/span><\/span><\/p>\n<p><span style=\"color: #000000;\"><span style=\"font-size: medium;\">LAND FESTIVAL LOVE 90\u2019S. Anticipada 12 euros\/ Taquilla 15 euros<\/span><\/span><\/p>\n<p><span style=\"color: #000000;\"><span style=\"font-size: medium;\">Ludoteca Javi Garc\u00eda. De 17.00 a 20.30 h. y de 22.00 a 02. 30 h. <\/span><\/span><\/p>\n<p><span style=\"color: #000000;\"><span style=\"font-size: medium;\"><b>Domingo 25 de septiembre<\/b><\/span><\/span><\/p>\n<p><span style=\"color: #000000;\"><span style=\"font-size: medium;\">10.00 horas. Parque Crist\u00f3bal Gabarr\u00f3n<\/span><\/span><\/p>\n<p><span style=\"color: #000000;\"><span style=\"font-size: medium;\">Exposici\u00f3n de coches antiguos <\/span><\/span><\/p>\n<p><span style=\"color: #000000;\"><span style=\"font-size: medium;\">S\u00e9 turista en tu ciudad. Informaci\u00f3n Oficina de Turismo<\/span><\/span><\/p>\n<p><span style=\"color: #000000;\"><span style=\"font-size: medium;\">10.30 horas. Visita guiada a la villa romana de Los Villaricos<\/span><\/span><\/p>\n<p><span style=\"color: #000000;\"><span style=\"font-size: medium;\">11.30 horas. Visita guiada al Ni\u00f1o de Mula<\/span><\/span><\/p>\n<p><span style=\"color: #000000;\"><span style=\"font-size: medium;\">Parque Crist\u00f3bal Gabarr\u00f3n. Carpas del Gabarr\u00f3n<\/span><\/span><\/p>\n<p><span style=\"color: #000000;\"><span style=\"font-size: medium;\">FERIA DE D\u00cdA. Paella gigante<\/span><\/span><\/p>\n<p><span style=\"color: #000000;\"><span style=\"font-size: medium;\">15.30 horas. D\u2019Caj\u00f3n<\/span><\/span><\/p>\n<p><span style=\"color: #000000;\"><span style=\"font-size: medium;\">17.00 horas. De Norte a Sur<\/span><\/span><\/p>\n<p><span style=\"color: #000000;\"><span style=\"font-size: medium;\">19.00 horas. D`J Jaro <\/span><\/span><\/p>\n<p><span style=\"color: #000000;\"><span style=\"font-size: medium;\">22.00 horas. Luis Gil <\/span><\/span><\/p>\n<p><span style=\"color: #000000;\"><span style=\"font-size: medium;\">18 horas. Mula Deportiva Jos\u00e9 Soriano Chac\u00f3n<\/span><\/span><\/p>\n<p><span style=\"color: #000000;\"><span style=\"font-size: medium;\">FESTIVAL KIDS. FIESTA INFANTIL DE DISFRACES<\/span><\/span><\/p>\n<p><span style=\"color: #000000;\"><span style=\"font-size: medium;\">Entrada gratuita<\/span><\/span><\/p>\n<p><span style=\"color: #000000;\"><span style=\"font-size: medium;\">Cantajuegos, animaciones, talleres, concurso tik tok, gincana, hinchables<\/span><\/span><\/p>\n<p><span style=\"color: #000000;\"><span style=\"font-size: medium;\">Ludoteca Javi Garc\u00eda. De 17.00 a 20.30 h. y de 22.00 a 00.30 h. <\/span><\/span><\/p>\n<p><span style=\"color: #000000;\"><span style=\"font-size: medium;\">ACTOS RELIGIOSOS FESTIVIDAD SAN FELIPE M\u00c1RTIR PATR\u00d3N DE LA CIUDAD DE MULA <\/span><\/span><\/p>\n<p><span style=\"color: #000000;\"><span style=\"font-size: medium;\">Horario de misas. Parroquia de San Miguel. <\/span><\/span><\/p>\n<p><span style=\"color: #000000;\"><span style=\"font-size: medium;\">8.30 h. \/ <b>19.30 h. Solemne celebraci\u00f3n de la Eucarist\u00eda y veneraci\u00f3n de las reliquias.<\/b> <\/span><\/span><\/p>\n<p><span style=\"color: #000000;\"><span style=\"font-size: medium;\">20.30 horas. Solemne procesi\u00f3n por las calles de costumbre<\/span><\/span><\/p>\n<p><span style=\"color: #000000;\"><span style=\"font-size: medium;\">00.00 horas. Castillo de fuegos artificiales<\/span><\/span><\/p>\n<p><span style=\"color: #000000;\"><span style=\"font-size: medium;\">A altas horas de la madrugada se disparar\u00e1 la tradicional Traca Fin de Fiestas <\/span><\/span><\/p>\n<p><span style=\"color: #000000;\"><span style=\"font-size: medium;\"><b>Lunes 26 de septiembre<\/b><\/span><\/span><\/p>\n<p><span style=\"color: #000000;\"><span style=\"font-size: medium;\">REPENSARELTURISMO. Informaci\u00f3n Oficina de Turismo<\/span><\/span><\/p>\n<p><span style=\"color: #000000;\"><span style=\"font-size: medium;\">20.30 horas. Visita guiada Convento de San Francisco<\/span><\/span><\/p>\n<p><span style=\"color: #000000;\"><span style=\"font-size: medium;\"><b>Martes 27 de septiembre<\/b><\/span><\/span><\/p>\n<p><span style=\"color: #000000;\"><span style=\"font-size: medium;\">REPENSARELTURISMO. Informaci\u00f3n Oficina de Turismo<\/span><\/span><\/p>\n<p><span style=\"color: #000000;\"><span style=\"font-size: medium;\">10.30 horas. Visita guiada a la villa romana de Los Villaricos <\/span><\/span><\/p>\n<p align=\"center\"><span style=\"color: #000000;\"><span style=\"font-size: medium;\"><b>PROGRAMACI\u00d3N DEPORTIVA<\/b><\/span><\/span><\/p>\n<p align=\"justify\"><span style=\"color: #000000;\"><span style=\"font-size: medium;\"><b>Jueves, 15 de Septiembre<\/b><\/span><\/span><\/p>\n<p align=\"justify\"><span style=\"color: #000000;\"><span style=\"font-size: medium;\"><b>III Open Ciudad de Mula de Snooker<\/b><\/span><\/span><\/p>\n<p align=\"justify\"><span style=\"color: #000000;\"><span style=\"font-size: medium;\">18:00 horas<\/span><\/span><\/p>\n<p align=\"justify\"><span style=\"color: #000000;\"><span style=\"font-size: medium;\">C\/ Voluntariado 3, bajo (Sede del Club).<\/span><\/span><\/p>\n<p align=\"justify\"><span style=\"color: #000000;\"><span style=\"font-size: medium;\">Organiza: Mula Senator Snooker &amp; Pool Club<\/span><\/span><\/p>\n<p align=\"justify\"><span style=\"color: #000000;\"><span style=\"font-size: medium;\"><b>S\u00e1bado, 17 de Septiembre<\/b><\/span><\/span><\/p>\n<p align=\"justify\"><span style=\"color: #000000;\"><span style=\"font-size: medium;\"><b>II CAMPEONATO CROOSFIT CIUDAD DE MULA<\/b><\/span><\/span><\/p>\n<p align=\"justify\"><span style=\"color: #000000;\"><span style=\"font-size: medium;\">9:00 horas a 12:00 horas y 18:30 a 21:30 horas<\/span><\/span><\/p>\n<p align=\"justify\"><span style=\"color: #000000;\"><span style=\"font-size: medium;\">Complejo Deportivo Jos\u00e9 Soriano \u201cChac\u00f3n\u201d<\/span><\/span><\/p>\n<p align=\"justify\"><span style=\"color: #000000;\"><span style=\"font-size: medium;\">Organiza: Centro Deportivo H2O Crossfit<\/span><\/span><\/p>\n<p align=\"justify\"><span style=\"color: #000000;\"><span style=\"font-size: medium;\"><b>XXVII TORNEO DE PETANCA CIUDAD DE MULA<\/b><\/span><\/span><\/p>\n<p align=\"justify\"><span style=\"color: #000000;\"><span style=\"font-size: medium;\">16:00 horas<\/span><\/span><\/p>\n<p align=\"justify\"><span style=\"color: #000000;\"><span style=\"font-size: medium;\">Sede Club Mule\u00f1o de Petanca<\/span><\/span><\/p>\n<p align=\"justify\"><span style=\"color: #000000;\"><span style=\"font-size: medium;\">Organiza: Club Mule\u00f1o de Petanca<\/span><\/span><\/p>\n<p><span style=\"color: #000000;\"><span style=\"font-size: medium;\"><b>TORNEO DE BALONCESTO(3&#215;3 Sub18) y CAMPEONATO DE TRIPLES<\/b><\/span><\/span><\/p>\n<p><span style=\"color: #000000;\"><span style=\"font-size: medium;\">17:00 horas<\/span><\/span><\/p>\n<p align=\"justify\"><span style=\"color: #000000;\"><span style=\"font-size: medium;\">Pista Verde<\/span><\/span><\/p>\n<p><span style=\"color: #000000;\"><span style=\"font-size: medium;\">Organiza: Club Baloncesto Mula<\/span><\/span><\/p>\n<p align=\"justify\"><span style=\"color: #000000;\"><span style=\"font-size: medium;\"><b>EXHIBICI\u00d3N CANINA DE AGILITY<\/b><\/span><\/span><\/p>\n<p align=\"justify\"><span style=\"color: #000000;\"><span style=\"font-size: medium;\">19:30 horas<\/span><\/span><\/p>\n<p align=\"justify\"><span style=\"color: #000000;\"><span style=\"font-size: medium;\">Parque Cristobal Gabarr\u00f3n <\/span><\/span><\/p>\n<p align=\"justify\"><span style=\"color: #000000;\"><span style=\"font-size: medium;\">Organiza: Club Agility R\u00edo Mula<\/span><\/span><\/p>\n<p align=\"justify\"><span style=\"color: #000000;\"><span style=\"font-size: medium;\"><b>24 HORAS F\u00daTBOL SALA<\/b><\/span><\/span><\/p>\n<p align=\"justify\"><span style=\"color: #000000;\"><span style=\"font-size: medium;\">15:00 horas<\/span><\/span><\/p>\n<p align=\"justify\"><span style=\"color: #000000;\"><span style=\"font-size: medium;\">Pabell\u00f3n Municipal<\/span><\/span><\/p>\n<p align=\"justify\"><span style=\"color: #000000;\"><span style=\"font-size: medium;\">Organiza: Cofrad\u00eda Jes\u00fas Triunfante y Santiago Ap\u00f3stol <\/span><\/span><\/p>\n<p align=\"justify\"><span style=\"color: #000000;\"><span style=\"font-size: medium;\"><b>Domingo, 18 de Septiembre<\/b><\/span><\/span><\/p>\n<p align=\"justify\"><span style=\"color: #000000;\"><span style=\"font-size: medium;\"><b>XXIV CONCURSO DE PESCA CIUDAD DE MULA<\/b><\/span><\/span><\/p>\n<p align=\"justify\"><span style=\"color: #000000;\"><span style=\"font-size: medium;\">9:00 horas<\/span><\/span><\/p>\n<p align=\"justify\"><span style=\"color: #000000;\"><span style=\"font-size: medium;\">Embalse Argos<\/span><\/span><\/p>\n<p align=\"justify\"><span style=\"color: #000000;\"><span style=\"font-size: medium;\">Organiza: Asociaci\u00f3n deportiva de Pescadores de Mula<\/span><\/span><\/p>\n<p align=\"justify\"><span style=\"color: #000000;\"><span style=\"font-size: medium;\"><b>VI ALMUERZO MOTERO<\/b><\/span><\/span><\/p>\n<p align=\"justify\"><span style=\"color: #000000;\"><span style=\"font-size: medium;\">10:00 horas<\/span><\/span><\/p>\n<p align=\"justify\"><span style=\"color: #000000;\"><span style=\"font-size: medium;\">Parque Crist\u00f3bal Gabarr\u00f3n<\/span><\/span><\/p>\n<p align=\"justify\"><span style=\"color: #000000;\"><span style=\"font-size: medium;\">Organiza: Asc. Motera ESOS de Mula<\/span><\/span><\/p>\n<p align=\"justify\"><span style=\"color: #000000;\"><span style=\"font-size: medium;\"><b>CAMPEONATO DE CALICHE CIUDAD DE MULA<\/b><\/span><\/span><\/p>\n<p align=\"justify\"><span style=\"color: #000000;\"><span style=\"font-size: medium;\">16:00 horas<\/span><\/span><\/p>\n<p align=\"justify\"><span style=\"color: #000000;\"><span style=\"font-size: medium;\">Ca\u00f1ada del Hambre<\/span><\/span><\/p>\n<p align=\"justify\"><span style=\"color: #000000;\"><span style=\"font-size: medium;\"><b>Martes, 20 de Septiembre<\/b><\/span><\/span><\/p>\n<p align=\"justify\"><span style=\"color: #000000;\"><span style=\"font-size: medium;\"><b>Partido Amistoso Mule\u00f1o CF \u2013 Real Murcia CF SAD<\/b><\/span><\/span><\/p>\n<p align=\"justify\"><span style=\"color: #000000;\"><span style=\"font-size: medium;\">20:30 horas<\/span><\/span><\/p>\n<p align=\"justify\"><span style=\"color: #000000;\"><span style=\"font-size: medium;\">Campo Municipal de Deportes Curt\u00eds<\/span><\/span><\/p>\n<p align=\"justify\"><span style=\"color: #000000;\"><span style=\"font-size: medium;\">Organiza: Mule\u00f1o CF<\/span><\/span><\/p>\n<p align=\"justify\"><span style=\"color: #000000;\"><span style=\"font-size: medium;\"><b>Viernes, 23 de Septiembre<\/b><\/span><\/span><\/p>\n<p align=\"justify\"><span style=\"color: #000000;\"><span style=\"font-size: medium;\"><b>D\u00cdA DE LA BICI<\/b><\/span><\/span><\/p>\n<p align=\"justify\"><span style=\"color: #000000;\"><span style=\"font-size: medium;\">11:00 horas<\/span><\/span><\/p>\n<p align=\"justify\"><span style=\"color: #000000;\"><span style=\"font-size: medium;\">Salida Parque Crist\u00f3bal Gabarr\u00f3n<\/span><\/span><\/p>\n<p align=\"justify\"><span style=\"color: #000000;\"><span style=\"font-size: medium;\">Organiza: Concejal\u00eda de Deportes<\/span><\/span><\/p>\n<p align=\"justify\"><span style=\"color: #000000;\"><span style=\"font-size: medium;\"><b>S\u00e1bado, 24 de Septiembre<\/b><\/span><\/span><\/p>\n<p align=\"justify\"><span style=\"color: #000000;\"><span style=\"font-size: medium;\"><b>CAMINATA MULASPORT- PANTANO DE LA CIERVA (Actividad S\u00c9 TURISTA EN TU CIUDAD. Informaci\u00f3n Oficina de Turismo) <\/b><\/span><\/span><\/p>\n<p align=\"justify\"><span style=\"color: #000000;\"><span style=\"font-size: medium;\">9:00 horas<\/span><\/span><\/p>\n<p align=\"justify\"><span style=\"color: #000000;\"><span style=\"font-size: medium;\">Parque Crist\u00f3bal Gabarr\u00f3n<\/span><\/span><\/p>\n<p align=\"justify\"><span style=\"color: #000000;\"><span style=\"font-size: medium;\">Organiza: Club Atletismo MulaSport<\/span><\/span><\/p>\n<p align=\"justify\"><span style=\"color: #000000;\"><span style=\"font-size: medium;\"><b>TORNEO AJEDREZ FIESTAS DE MULA<\/b><\/span><\/span><\/p>\n<p align=\"justify\"><span style=\"color: #000000;\"><span style=\"font-size: medium;\">9:30 horas<\/span><\/span><\/p>\n<p align=\"justify\"><span style=\"color: #000000;\"><span style=\"font-size: medium;\">Convento de San Francisco<\/span><\/span><\/p>\n<p align=\"justify\"><span style=\"color: #000000;\"><span style=\"font-size: medium;\">Organiza: Thader Chess Club de Ajedrez<\/span><\/span><\/p>\n<p align=\"justify\"><span style=\"color: #000000;\"><span style=\"font-size: medium;\"><b>Viernes, 30 de Septiembre <\/b><\/span><\/span><\/p>\n<p align=\"justify\"><span style=\"color: #000000;\"><span style=\"font-size: medium;\"><b>Exhibici\u00f3n de Yawara- Jitsu<\/b><\/span><\/span><\/p>\n<p align=\"justify\"><span style=\"color: #000000;\"><span style=\"font-size: medium;\">20:30 horas<\/span><\/span><\/p>\n<p align=\"justify\"><span style=\"color: #000000;\"><span style=\"font-size: medium;\">Pabell\u00f3n Javi Garc\u00eda<\/span><\/span><\/p>\n<p align=\"justify\"><span style=\"color: #000000;\"><span style=\"font-size: medium;\">Organiza: Club Warrios de Mula<\/span><\/span><\/p>\n<p align=\"justify\"><span style=\"color: #000000;\"><span style=\"font-size: medium;\"><b>Viernes, 7 de Octubre<\/b><\/span><\/span><\/p>\n<p align=\"justify\"><span style=\"color: #000000;\"><span style=\"font-size: medium;\"><b>Exhibici\u00f3n de Karate<\/b><\/span><\/span><\/p>\n<p align=\"justify\"><span style=\"color: #000000;\"><span style=\"font-size: medium;\">20:00 horas<\/span><\/span><\/p>\n<p align=\"justify\"><span style=\"color: #000000;\"><span style=\"font-size: medium;\">C\/ Camino San Sebastian (Sede Club K\u00e1rate Kaizen)<\/span><\/span><\/p>\n<p align=\"justify\"><span style=\"color: #000000;\"><span style=\"font-size: medium;\">Organiza: Club K\u00e1rate Kaizen Mula<\/span><\/span><\/p>\n<p align=\"center\"><span style=\"color: #000000;\"><span style=\"font-size: medium;\"><b>INFORMACI\u00d3N GENERAL<\/b><\/span><\/span><\/p>\n<p align=\"center\"><span style=\"font-size: small;\"><a href=\"http:\/\/www.mula.es\/\"><span style=\"color: #000000;\"><span style=\"font-size: medium;\"><b>www.mula.es<\/b><\/span><\/span><\/a><\/span><\/p>\n<p align=\"center\"><span style=\"color: #000000;\"><span style=\"font-size: medium;\"><b>968 637510. Concejal\u00eda de Festejos \/ Concejal\u00eda de Deportes<\/b><\/span><\/span><\/p>\n<p align=\"center\"><span style=\"color: #000000;\"><span style=\"font-size: medium;\"><b>968 661501. Oficina de Turismo <\/b><\/span><\/span><\/p>\n<\/p>\n<p><span style=\"color: #000000;\"><span style=\"font-size: medium;\"><b>+ Horario de las Fiestas Patronales de la Oficina de Turismo de Mula<\/b><\/span><\/span><\/p>\n<p><span style=\"color: #000000;\"><span style=\"font-size: medium;\">De lunes 19 a s\u00e1bado 24 de septiembre de 10 a 14 y de 16:30 a 19:30 horas<\/span><\/span><\/p>\n<p><span style=\"color: #000000;\"><span style=\"font-size: medium;\">Domingo 25 de 10 a 14 horas<\/span><\/span><\/p>\n<p><span style=\"color: #000000;\"><span style=\"font-size: medium;\">*<b>Horario d\u00eda Mundial del Turismo<\/b><\/span><\/span><\/p>\n<p><span style=\"color: #000000;\"><span style=\"font-size: medium;\">Martes 27 abierto de 10 a 14 horas<\/span><\/span><\/p>\n<\/div><\/div><\/div><\/div><\/div><div class=\"fusion-fullwidth fullwidth-box fusion-builder-row-3 fusion-flex-container has-pattern-background has-mask-background nonhundred-percent-fullwidth non-hundred-percent-height-scrolling\" style=\"--awb-border-radius-top-left:0px;--awb-border-radius-top-right:0px;--awb-border-radius-bottom-right:0px;--awb-border-radius-bottom-left:0px;--awb-flex-wrap:wrap;\" ><div class=\"fusion-builder-row fusion-row fusion-flex-align-items-flex-start fusion-flex-content-wrap\" style=\"max-width:1144px;margin-left: calc(-4% \/ 2 );margin-right: calc(-4% \/ 2 );\"><div class=\"fusion-layout-column fusion_builder_column fusion-builder-column-2 fusion_builder_column_1_1 1_1 fusion-flex-column\" style=\"--awb-bg-size:cover;--awb-width-large:100%;--awb-margin-top-large:0px;--awb-spacing-right-large:1.92%;--awb-margin-bottom-large:20px;--awb-spacing-left-large:1.92%;--awb-width-medium:100%;--awb-order-medium:0;--awb-spacing-right-medium:1.92%;--awb-spacing-left-medium:1.92%;--awb-width-small:100%;--awb-order-small:0;--awb-spacing-right-small:1.92%;--awb-spacing-left-small:1.92%;\"><div class=\"fusion-column-wrapper fusion-column-has-shadow fusion-flex-justify-content-flex-start fusion-content-layout-column\"><div class=\"fusion-text fusion-text-3\"><p><a href=\"https:\/\/mula.es\/web\/wp-content\/uploads\/2022\/09\/triptico-redes-1.jpg\" target=\"_blank\" rel=\"noopener\"><img decoding=\"async\" data-attachment-id=\"45648\" data-permalink=\"https:\/\/mula.es\/web\/festejos-fiestas-de-septiembre-2022-programa-de-fiestas\/triptico-redes\/\" data-orig-file=\"https:\/\/mula.es\/web\/wp-content\/uploads\/2022\/09\/triptico-redes-1.jpg\" data-orig-size=\"2504,1248\" data-comments-opened=\"0\" data-image-meta=\"\" data-image-title=\"triptico  redes\" data-image-description=\"\" data-image-caption=\"\" data-large-file=\"https:\/\/mula.es\/web\/wp-content\/uploads\/2022\/09\/triptico-redes-1-1024x510.jpg\" class=\"aligncenter wp-image-45648 size-large\" src=\"https:\/\/mula.es\/web\/wp-content\/uploads\/2022\/09\/triptico-redes-1-1024x510.jpg\" alt=\"\" width=\"1024\" height=\"510\" srcset=\"https:\/\/mula.es\/web\/wp-content\/uploads\/2022\/09\/triptico-redes-1-200x100.jpg 200w, https:\/\/mula.es\/web\/wp-content\/uploads\/2022\/09\/triptico-redes-1-300x150.jpg 300w, https:\/\/mula.es\/web\/wp-content\/uploads\/2022\/09\/triptico-redes-1-400x199.jpg 400w, https:\/\/mula.es\/web\/wp-content\/uploads\/2022\/09\/triptico-redes-1-600x299.jpg 600w, https:\/\/mula.es\/web\/wp-content\/uploads\/2022\/09\/triptico-redes-1-768x383.jpg 768w, https:\/\/mula.es\/web\/wp-content\/uploads\/2022\/09\/triptico-redes-1-800x399.jpg 800w, https:\/\/mula.es\/web\/wp-content\/uploads\/2022\/09\/triptico-redes-1-1024x510.jpg 1024w, https:\/\/mula.es\/web\/wp-content\/uploads\/2022\/09\/triptico-redes-1-1200x598.jpg 1200w, https:\/\/mula.es\/web\/wp-content\/uploads\/2022\/09\/triptico-redes-1-1536x766.jpg 1536w\" sizes=\"(max-width: 1024px) 100vw, 1024px\" \/><\/a><\/p>\n<\/div><\/div><\/div><\/div><\/div><div class=\"fusion-fullwidth fullwidth-box fusion-builder-row-4 fusion-flex-container has-pattern-background has-mask-background nonhundred-percent-fullwidth non-hundred-percent-height-scrolling\" style=\"--awb-border-radius-top-left:0px;--awb-border-radius-top-right:0px;--awb-border-radius-bottom-right:0px;--awb-border-radius-bottom-left:0px;--awb-flex-wrap:wrap;\" ><div class=\"fusion-builder-row fusion-row fusion-flex-align-items-flex-start fusion-flex-content-wrap\" style=\"max-width:1144px;margin-left: calc(-4% \/ 2 );margin-right: calc(-4% \/ 2 );\"><div class=\"fusion-layout-column fusion_builder_column fusion-builder-column-3 fusion_builder_column_1_1 1_1 fusion-flex-column\" style=\"--awb-bg-size:cover;--awb-width-large:100%;--awb-margin-top-large:0px;--awb-spacing-right-large:1.92%;--awb-margin-bottom-large:20px;--awb-spacing-left-large:1.92%;--awb-width-medium:100%;--awb-order-medium:0;--awb-spacing-right-medium:1.92%;--awb-spacing-left-medium:1.92%;--awb-width-small:100%;--awb-order-small:0;--awb-spacing-right-small:1.92%;--awb-spacing-left-small:1.92%;\"><div class=\"fusion-column-wrapper fusion-column-has-shadow fusion-flex-justify-content-flex-start fusion-content-layout-column\"><div class=\"fusion-text fusion-text-4\"><p><a href=\"https:\/\/mula.es\/web\/wp-content\/uploads\/2022\/09\/triptico-redes-2.jpg\"><img decoding=\"async\" data-attachment-id=\"45649\" data-permalink=\"https:\/\/mula.es\/web\/festejos-fiestas-de-septiembre-2022-programa-de-fiestas\/triptico-redes-2\/\" data-orig-file=\"https:\/\/mula.es\/web\/wp-content\/uploads\/2022\/09\/triptico-redes-2.jpg\" data-orig-size=\"2504,1264\" data-comments-opened=\"0\" data-image-meta=\"\" data-image-title=\"triptico  redes\" data-image-description=\"\" data-image-caption=\"\" data-large-file=\"https:\/\/mula.es\/web\/wp-content\/uploads\/2022\/09\/triptico-redes-2-1024x517.jpg\" class=\"size-large wp-image-45649 aligncenter\" src=\"https:\/\/mula.es\/web\/wp-content\/uploads\/2022\/09\/triptico-redes-2-1024x517.jpg\" alt=\"\" width=\"1024\" height=\"517\" srcset=\"https:\/\/mula.es\/web\/wp-content\/uploads\/2022\/09\/triptico-redes-2-200x101.jpg 200w, https:\/\/mula.es\/web\/wp-content\/uploads\/2022\/09\/triptico-redes-2-300x151.jpg 300w, https:\/\/mula.es\/web\/wp-content\/uploads\/2022\/09\/triptico-redes-2-400x202.jpg 400w, https:\/\/mula.es\/web\/wp-content\/uploads\/2022\/09\/triptico-redes-2-540x272.jpg 540w, https:\/\/mula.es\/web\/wp-content\/uploads\/2022\/09\/triptico-redes-2-600x303.jpg 600w, https:\/\/mula.es\/web\/wp-content\/uploads\/2022\/09\/triptico-redes-2-768x388.jpg 768w, https:\/\/mula.es\/web\/wp-content\/uploads\/2022\/09\/triptico-redes-2-800x404.jpg 800w, https:\/\/mula.es\/web\/wp-content\/uploads\/2022\/09\/triptico-redes-2-1024x517.jpg 1024w, https:\/\/mula.es\/web\/wp-content\/uploads\/2022\/09\/triptico-redes-2-1200x606.jpg 1200w, https:\/\/mula.es\/web\/wp-content\/uploads\/2022\/09\/triptico-redes-2-1536x775.jpg 1536w\" sizes=\"(max-width: 1024px) 100vw, 1024px\" \/><\/a><\/p>\n<\/div><\/div><\/div><\/div><\/div><div class=\"fusion-fullwidth fullwidth-box fusion-builder-row-5 fusion-flex-container has-pattern-background has-mask-background nonhundred-percent-fullwidth non-hundred-percent-height-scrolling\" style=\"--awb-border-radius-top-left:0px;--awb-border-radius-top-right:0px;--awb-border-radius-bottom-right:0px;--awb-border-radius-bottom-left:0px;--awb-flex-wrap:wrap;\" ><div class=\"fusion-builder-row fusion-row fusion-flex-align-items-flex-start fusion-flex-content-wrap\" style=\"max-width:1144px;margin-left: calc(-4% \/ 2 );margin-right: calc(-4% \/ 2 );\"><div class=\"fusion-layout-column fusion_builder_column fusion-builder-column-4 fusion_builder_column_1_1 1_1 fusion-flex-column\" style=\"--awb-bg-size:cover;--awb-width-large:100%;--awb-margin-top-large:0px;--awb-spacing-right-large:1.92%;--awb-margin-bottom-large:20px;--awb-spacing-left-large:1.92%;--awb-width-medium:100%;--awb-order-medium:0;--awb-spacing-right-medium:1.92%;--awb-spacing-left-medium:1.92%;--awb-width-small:100%;--awb-order-small:0;--awb-spacing-right-small:1.92%;--awb-spacing-left-small:1.92%;\"><div class=\"fusion-column-wrapper fusion-column-has-shadow fusion-flex-justify-content-flex-start fusion-content-layout-column\"><div class=\"fusion-video fusion-youtube\" style=\"--awb-max-width:600px;--awb-max-height:360px;--awb-align-self:center;--awb-width:100%;\"><div class=\"video-shortcode\"><div class=\"fluid-width-video-wrapper\" style=\"padding-top:60%;\" ><iframe title=\"YouTube video player 1\" src=\"https:\/\/www.youtube.com\/embed\/3_2tM_u_uts?wmode=transparent&autoplay=0\" width=\"600\" height=\"360\" allowfullscreen allow=\"autoplay; clipboard-write; encrypted-media; gyroscope; picture-in-picture;\"><\/iframe><\/div><\/div><\/div><\/div><\/div><\/div><\/div><div class=\"fusion-fullwidth fullwidth-box fusion-builder-row-6 fusion-flex-container has-pattern-background has-mask-background nonhundred-percent-fullwidth non-hundred-percent-height-scrolling\" style=\"--awb-border-radius-top-left:0px;--awb-border-radius-top-right:0px;--awb-border-radius-bottom-right:0px;--awb-border-radius-bottom-left:0px;--awb-flex-wrap:wrap;\" ><div class=\"fusion-builder-row fusion-row fusion-flex-align-items-flex-start fusion-flex-content-wrap\" style=\"max-width:1144px;margin-left: calc(-4% \/ 2 );margin-right: calc(-4% \/ 2 );\"><div class=\"fusion-layout-column fusion_builder_column fusion-builder-column-5 fusion_builder_column_1_2 1_2 fusion-flex-column\" style=\"--awb-bg-size:cover;--awb-width-large:50%;--awb-margin-top-large:0px;--awb-spacing-right-large:3.84%;--awb-margin-bottom-large:20px;--awb-spacing-left-large:3.84%;--awb-width-medium:50%;--awb-order-medium:0;--awb-spacing-right-medium:3.84%;--awb-spacing-left-medium:3.84%;--awb-width-small:100%;--awb-order-small:0;--awb-spacing-right-small:1.92%;--awb-spacing-left-small:1.92%;\"><div class=\"fusion-column-wrapper fusion-column-has-shadow fusion-flex-justify-content-flex-start fusion-content-layout-column\"><div class=\"fusion-text fusion-text-5\"><p><a href=\"https:\/\/mula.es\/web\/wp-content\/uploads\/2022\/08\/19_voyapasarmelog.jpg\"><img decoding=\"async\" data-attachment-id=\"45383\" data-permalink=\"https:\/\/mula.es\/web\/festejos-musica-ocio-y-diversion-formaran-parte-de-la-feria-y-fiestas-de-mula-2022\/19_voyapasarmelog\/\" data-orig-file=\"https:\/\/mula.es\/web\/wp-content\/uploads\/2022\/08\/19_voyapasarmelog.jpg\" data-orig-size=\"1500,2121\" data-comments-opened=\"0\" data-image-meta=\"\" data-image-title=\"19_voyapasarmelog\" data-image-description=\"\" data-image-caption=\"\" data-large-file=\"https:\/\/mula.es\/web\/wp-content\/uploads\/2022\/08\/19_voyapasarmelog-724x1024.jpg\" class=\"size-large wp-image-45383 aligncenter\" src=\"https:\/\/mula.es\/web\/wp-content\/uploads\/2022\/08\/19_voyapasarmelog-724x1024.jpg\" alt=\"\" width=\"724\" height=\"1024\" srcset=\"https:\/\/mula.es\/web\/wp-content\/uploads\/2022\/08\/19_voyapasarmelog-200x283.jpg 200w, https:\/\/mula.es\/web\/wp-content\/uploads\/2022\/08\/19_voyapasarmelog-212x300.jpg 212w, https:\/\/mula.es\/web\/wp-content\/uploads\/2022\/08\/19_voyapasarmelog-400x566.jpg 400w, https:\/\/mula.es\/web\/wp-content\/uploads\/2022\/08\/19_voyapasarmelog-600x848.jpg 600w, https:\/\/mula.es\/web\/wp-content\/uploads\/2022\/08\/19_voyapasarmelog-724x1024.jpg 724w, https:\/\/mula.es\/web\/wp-content\/uploads\/2022\/08\/19_voyapasarmelog-768x1086.jpg 768w, https:\/\/mula.es\/web\/wp-content\/uploads\/2022\/08\/19_voyapasarmelog-800x1131.jpg 800w, https:\/\/mula.es\/web\/wp-content\/uploads\/2022\/08\/19_voyapasarmelog-1086x1536.jpg 1086w, https:\/\/mula.es\/web\/wp-content\/uploads\/2022\/08\/19_voyapasarmelog-1200x1697.jpg 1200w, https:\/\/mula.es\/web\/wp-content\/uploads\/2022\/08\/19_voyapasarmelog-1448x2048.jpg 1448w, https:\/\/mula.es\/web\/wp-content\/uploads\/2022\/08\/19_voyapasarmelog.jpg 1500w\" sizes=\"(max-width: 724px) 100vw, 724px\" \/><\/a><\/p>\n<\/div><\/div><\/div><div class=\"fusion-layout-column fusion_builder_column fusion-builder-column-6 fusion_builder_column_1_2 1_2 fusion-flex-column\" style=\"--awb-bg-size:cover;--awb-width-large:50%;--awb-margin-top-large:0px;--awb-spacing-right-large:3.84%;--awb-margin-bottom-large:20px;--awb-spacing-left-large:3.84%;--awb-width-medium:50%;--awb-order-medium:0;--awb-spacing-right-medium:3.84%;--awb-spacing-left-medium:3.84%;--awb-width-small:100%;--awb-order-small:0;--awb-spacing-right-small:1.92%;--awb-spacing-left-small:1.92%;\"><div class=\"fusion-column-wrapper fusion-column-has-shadow fusion-flex-justify-content-flex-start fusion-content-layout-column\"><div class=\"fusion-text fusion-text-6\"><p><a href=\"https:\/\/mula.es\/web\/wp-content\/uploads\/2022\/08\/20_celtascortos.jpg\"><img decoding=\"async\" data-attachment-id=\"45384\" data-permalink=\"https:\/\/mula.es\/web\/festejos-musica-ocio-y-diversion-formaran-parte-de-la-feria-y-fiestas-de-mula-2022\/20_celtascortos\/\" data-orig-file=\"https:\/\/mula.es\/web\/wp-content\/uploads\/2022\/08\/20_celtascortos.jpg\" data-orig-size=\"1500,2121\" data-comments-opened=\"0\" data-image-meta=\"\" data-image-title=\"20_celtascortos\" data-image-description=\"\" data-image-caption=\"\" data-large-file=\"https:\/\/mula.es\/web\/wp-content\/uploads\/2022\/08\/20_celtascortos-724x1024.jpg\" class=\"size-large wp-image-45384 aligncenter\" src=\"https:\/\/mula.es\/web\/wp-content\/uploads\/2022\/08\/20_celtascortos-724x1024.jpg\" alt=\"\" width=\"724\" height=\"1024\" srcset=\"https:\/\/mula.es\/web\/wp-content\/uploads\/2022\/08\/20_celtascortos-200x283.jpg 200w, https:\/\/mula.es\/web\/wp-content\/uploads\/2022\/08\/20_celtascortos-212x300.jpg 212w, https:\/\/mula.es\/web\/wp-content\/uploads\/2022\/08\/20_celtascortos-400x566.jpg 400w, https:\/\/mula.es\/web\/wp-content\/uploads\/2022\/08\/20_celtascortos-600x848.jpg 600w, https:\/\/mula.es\/web\/wp-content\/uploads\/2022\/08\/20_celtascortos-724x1024.jpg 724w, https:\/\/mula.es\/web\/wp-content\/uploads\/2022\/08\/20_celtascortos-768x1086.jpg 768w, https:\/\/mula.es\/web\/wp-content\/uploads\/2022\/08\/20_celtascortos-800x1131.jpg 800w, https:\/\/mula.es\/web\/wp-content\/uploads\/2022\/08\/20_celtascortos-1086x1536.jpg 1086w, https:\/\/mula.es\/web\/wp-content\/uploads\/2022\/08\/20_celtascortos-1200x1697.jpg 1200w, https:\/\/mula.es\/web\/wp-content\/uploads\/2022\/08\/20_celtascortos-1448x2048.jpg 1448w, https:\/\/mula.es\/web\/wp-content\/uploads\/2022\/08\/20_celtascortos.jpg 1500w\" sizes=\"(max-width: 724px) 100vw, 724px\" \/><\/a><\/p>\n<\/div><\/div><\/div><\/div><\/div><div class=\"fusion-fullwidth fullwidth-box fusion-builder-row-7 fusion-flex-container has-pattern-background has-mask-background nonhundred-percent-fullwidth non-hundred-percent-height-scrolling\" style=\"--awb-border-radius-top-left:0px;--awb-border-radius-top-right:0px;--awb-border-radius-bottom-right:0px;--awb-border-radius-bottom-left:0px;--awb-flex-wrap:wrap;\" ><div class=\"fusion-builder-row fusion-row fusion-flex-align-items-flex-start fusion-flex-content-wrap\" style=\"max-width:1144px;margin-left: calc(-4% \/ 2 );margin-right: calc(-4% \/ 2 );\"><div class=\"fusion-layout-column fusion_builder_column fusion-builder-column-7 fusion_builder_column_1_2 1_2 fusion-flex-column\" style=\"--awb-bg-size:cover;--awb-width-large:50%;--awb-margin-top-large:0px;--awb-spacing-right-large:3.84%;--awb-margin-bottom-large:20px;--awb-spacing-left-large:3.84%;--awb-width-medium:50%;--awb-order-medium:0;--awb-spacing-right-medium:3.84%;--awb-spacing-left-medium:3.84%;--awb-width-small:100%;--awb-order-small:0;--awb-spacing-right-small:1.92%;--awb-spacing-left-small:1.92%;\"><div class=\"fusion-column-wrapper fusion-column-has-shadow fusion-flex-justify-content-flex-start fusion-content-layout-column\"><div class=\"fusion-text fusion-text-7\"><p><a href=\"https:\/\/mula.es\/web\/wp-content\/uploads\/2022\/09\/21_lvfv.jpg\"><img decoding=\"async\" data-attachment-id=\"45695\" data-permalink=\"https:\/\/mula.es\/web\/festejos-fiestas-de-septiembre-2022-programa-de-fiestas\/21_lvfv\/\" data-orig-file=\"https:\/\/mula.es\/web\/wp-content\/uploads\/2022\/09\/21_lvfv.jpg\" data-orig-size=\"1500,1500\" data-comments-opened=\"0\" data-image-meta=\"\" data-image-title=\"21_lvfv\" data-image-description=\"\" data-image-caption=\"\" data-large-file=\"https:\/\/mula.es\/web\/wp-content\/uploads\/2022\/09\/21_lvfv-1024x1024.jpg\" class=\"size-large wp-image-45695 aligncenter\" src=\"https:\/\/mula.es\/web\/wp-content\/uploads\/2022\/09\/21_lvfv-1024x1024.jpg\" alt=\"\" width=\"1024\" height=\"1024\" srcset=\"https:\/\/mula.es\/web\/wp-content\/uploads\/2022\/09\/21_lvfv-66x66.jpg 66w, https:\/\/mula.es\/web\/wp-content\/uploads\/2022\/09\/21_lvfv-150x150.jpg 150w, https:\/\/mula.es\/web\/wp-content\/uploads\/2022\/09\/21_lvfv-200x200.jpg 200w, https:\/\/mula.es\/web\/wp-content\/uploads\/2022\/09\/21_lvfv-300x300.jpg 300w, https:\/\/mula.es\/web\/wp-content\/uploads\/2022\/09\/21_lvfv-400x400.jpg 400w, https:\/\/mula.es\/web\/wp-content\/uploads\/2022\/09\/21_lvfv-600x600.jpg 600w, https:\/\/mula.es\/web\/wp-content\/uploads\/2022\/09\/21_lvfv-768x768.jpg 768w, https:\/\/mula.es\/web\/wp-content\/uploads\/2022\/09\/21_lvfv-800x800.jpg 800w, https:\/\/mula.es\/web\/wp-content\/uploads\/2022\/09\/21_lvfv-1024x1024.jpg 1024w, https:\/\/mula.es\/web\/wp-content\/uploads\/2022\/09\/21_lvfv-1200x1200.jpg 1200w, https:\/\/mula.es\/web\/wp-content\/uploads\/2022\/09\/21_lvfv.jpg 1500w\" sizes=\"(max-width: 1024px) 100vw, 1024px\" \/><\/a><\/p>\n<\/div><\/div><\/div><div class=\"fusion-layout-column fusion_builder_column fusion-builder-column-8 fusion_builder_column_1_2 1_2 fusion-flex-column\" style=\"--awb-bg-size:cover;--awb-width-large:50%;--awb-margin-top-large:0px;--awb-spacing-right-large:3.84%;--awb-margin-bottom-large:20px;--awb-spacing-left-large:3.84%;--awb-width-medium:50%;--awb-order-medium:0;--awb-spacing-right-medium:3.84%;--awb-spacing-left-medium:3.84%;--awb-width-small:100%;--awb-order-small:0;--awb-spacing-right-small:1.92%;--awb-spacing-left-small:1.92%;\"><div class=\"fusion-column-wrapper fusion-column-has-shadow fusion-flex-justify-content-flex-start fusion-content-layout-column\"><div class=\"fusion-text fusion-text-8\"><p><a href=\"https:\/\/mula.es\/web\/wp-content\/uploads\/2022\/08\/22_antonioorozco.jpg\"><img decoding=\"async\" data-attachment-id=\"45386\" data-permalink=\"https:\/\/mula.es\/web\/festejos-musica-ocio-y-diversion-formaran-parte-de-la-feria-y-fiestas-de-mula-2022\/22_antonioorozco\/\" data-orig-file=\"https:\/\/mula.es\/web\/wp-content\/uploads\/2022\/08\/22_antonioorozco.jpg\" data-orig-size=\"1500,2121\" data-comments-opened=\"0\" data-image-meta=\"\" data-image-title=\"22_antonioorozco\" data-image-description=\"\" data-image-caption=\"\" data-large-file=\"https:\/\/mula.es\/web\/wp-content\/uploads\/2022\/08\/22_antonioorozco-724x1024.jpg\" class=\"size-large wp-image-45386 aligncenter\" src=\"https:\/\/mula.es\/web\/wp-content\/uploads\/2022\/08\/22_antonioorozco-724x1024.jpg\" alt=\"\" width=\"724\" height=\"1024\" srcset=\"https:\/\/mula.es\/web\/wp-content\/uploads\/2022\/08\/22_antonioorozco-200x283.jpg 200w, https:\/\/mula.es\/web\/wp-content\/uploads\/2022\/08\/22_antonioorozco-212x300.jpg 212w, https:\/\/mula.es\/web\/wp-content\/uploads\/2022\/08\/22_antonioorozco-400x566.jpg 400w, https:\/\/mula.es\/web\/wp-content\/uploads\/2022\/08\/22_antonioorozco-600x848.jpg 600w, https:\/\/mula.es\/web\/wp-content\/uploads\/2022\/08\/22_antonioorozco-724x1024.jpg 724w, https:\/\/mula.es\/web\/wp-content\/uploads\/2022\/08\/22_antonioorozco-768x1086.jpg 768w, https:\/\/mula.es\/web\/wp-content\/uploads\/2022\/08\/22_antonioorozco-800x1131.jpg 800w, https:\/\/mula.es\/web\/wp-content\/uploads\/2022\/08\/22_antonioorozco-1086x1536.jpg 1086w, https:\/\/mula.es\/web\/wp-content\/uploads\/2022\/08\/22_antonioorozco-1200x1697.jpg 1200w, https:\/\/mula.es\/web\/wp-content\/uploads\/2022\/08\/22_antonioorozco-1448x2048.jpg 1448w, https:\/\/mula.es\/web\/wp-content\/uploads\/2022\/08\/22_antonioorozco.jpg 1500w\" sizes=\"(max-width: 724px) 100vw, 724px\" \/><\/a><\/p>\n<\/div><\/div><\/div><\/div><\/div><div class=\"fusion-fullwidth fullwidth-box fusion-builder-row-8 fusion-flex-container has-pattern-background has-mask-background nonhundred-percent-fullwidth non-hundred-percent-height-scrolling\" style=\"--awb-border-radius-top-left:0px;--awb-border-radius-top-right:0px;--awb-border-radius-bottom-right:0px;--awb-border-radius-bottom-left:0px;--awb-flex-wrap:wrap;\" ><div class=\"fusion-builder-row fusion-row fusion-flex-align-items-flex-start fusion-flex-content-wrap\" style=\"max-width:1144px;margin-left: calc(-4% \/ 2 );margin-right: calc(-4% \/ 2 );\"><div class=\"fusion-layout-column fusion_builder_column fusion-builder-column-9 fusion_builder_column_1_2 1_2 fusion-flex-column\" style=\"--awb-bg-size:cover;--awb-width-large:50%;--awb-margin-top-large:0px;--awb-spacing-right-large:3.84%;--awb-margin-bottom-large:20px;--awb-spacing-left-large:3.84%;--awb-width-medium:50%;--awb-order-medium:0;--awb-spacing-right-medium:3.84%;--awb-spacing-left-medium:3.84%;--awb-width-small:100%;--awb-order-small:0;--awb-spacing-right-small:1.92%;--awb-spacing-left-small:1.92%;\"><div class=\"fusion-column-wrapper fusion-column-has-shadow fusion-flex-justify-content-flex-start fusion-content-layout-column\"><div class=\"fusion-text fusion-text-9\"><p><a href=\"https:\/\/mula.es\/web\/wp-content\/uploads\/2022\/08\/23_nilmoliner.jpg\"><img decoding=\"async\" data-attachment-id=\"45387\" data-permalink=\"https:\/\/mula.es\/web\/festejos-musica-ocio-y-diversion-formaran-parte-de-la-feria-y-fiestas-de-mula-2022\/23_nilmoliner\/\" data-orig-file=\"https:\/\/mula.es\/web\/wp-content\/uploads\/2022\/08\/23_nilmoliner.jpg\" data-orig-size=\"1500,2121\" data-comments-opened=\"0\" data-image-meta=\"\" data-image-title=\"23_nilmoliner\" data-image-description=\"\" data-image-caption=\"\" data-large-file=\"https:\/\/mula.es\/web\/wp-content\/uploads\/2022\/08\/23_nilmoliner-724x1024.jpg\" class=\"size-large wp-image-45387 aligncenter\" src=\"https:\/\/mula.es\/web\/wp-content\/uploads\/2022\/08\/23_nilmoliner-724x1024.jpg\" alt=\"\" width=\"724\" height=\"1024\" srcset=\"https:\/\/mula.es\/web\/wp-content\/uploads\/2022\/08\/23_nilmoliner-200x283.jpg 200w, https:\/\/mula.es\/web\/wp-content\/uploads\/2022\/08\/23_nilmoliner-212x300.jpg 212w, https:\/\/mula.es\/web\/wp-content\/uploads\/2022\/08\/23_nilmoliner-400x566.jpg 400w, https:\/\/mula.es\/web\/wp-content\/uploads\/2022\/08\/23_nilmoliner-600x848.jpg 600w, https:\/\/mula.es\/web\/wp-content\/uploads\/2022\/08\/23_nilmoliner-724x1024.jpg 724w, https:\/\/mula.es\/web\/wp-content\/uploads\/2022\/08\/23_nilmoliner-768x1086.jpg 768w, https:\/\/mula.es\/web\/wp-content\/uploads\/2022\/08\/23_nilmoliner-800x1131.jpg 800w, https:\/\/mula.es\/web\/wp-content\/uploads\/2022\/08\/23_nilmoliner-1086x1536.jpg 1086w, https:\/\/mula.es\/web\/wp-content\/uploads\/2022\/08\/23_nilmoliner-1200x1697.jpg 1200w, https:\/\/mula.es\/web\/wp-content\/uploads\/2022\/08\/23_nilmoliner-1448x2048.jpg 1448w, https:\/\/mula.es\/web\/wp-content\/uploads\/2022\/08\/23_nilmoliner.jpg 1500w\" sizes=\"(max-width: 724px) 100vw, 724px\" \/><\/a><\/p>\n<\/div><\/div><\/div><div class=\"fusion-layout-column fusion_builder_column fusion-builder-column-10 fusion_builder_column_1_2 1_2 fusion-flex-column\" style=\"--awb-bg-size:cover;--awb-width-large:50%;--awb-margin-top-large:0px;--awb-spacing-right-large:3.84%;--awb-margin-bottom-large:20px;--awb-spacing-left-large:3.84%;--awb-width-medium:50%;--awb-order-medium:0;--awb-spacing-right-medium:3.84%;--awb-spacing-left-medium:3.84%;--awb-width-small:100%;--awb-order-small:0;--awb-spacing-right-small:1.92%;--awb-spacing-left-small:1.92%;\"><div class=\"fusion-column-wrapper fusion-column-has-shadow fusion-flex-justify-content-flex-start fusion-content-layout-column\"><div class=\"fusion-text fusion-text-10\"><p><a href=\"https:\/\/mula.es\/web\/wp-content\/uploads\/2022\/08\/24_bandfestival.jpg\"><img decoding=\"async\" data-attachment-id=\"45388\" data-permalink=\"https:\/\/mula.es\/web\/festejos-musica-ocio-y-diversion-formaran-parte-de-la-feria-y-fiestas-de-mula-2022\/24_bandfestival\/\" data-orig-file=\"https:\/\/mula.es\/web\/wp-content\/uploads\/2022\/08\/24_bandfestival.jpg\" data-orig-size=\"1500,2121\" data-comments-opened=\"0\" data-image-meta=\"\" data-image-title=\"24_bandfestival\" data-image-description=\"\" data-image-caption=\"\" data-large-file=\"https:\/\/mula.es\/web\/wp-content\/uploads\/2022\/08\/24_bandfestival-724x1024.jpg\" class=\"size-large wp-image-45388 aligncenter\" src=\"https:\/\/mula.es\/web\/wp-content\/uploads\/2022\/08\/24_bandfestival-724x1024.jpg\" alt=\"\" width=\"724\" height=\"1024\" srcset=\"https:\/\/mula.es\/web\/wp-content\/uploads\/2022\/08\/24_bandfestival-200x283.jpg 200w, https:\/\/mula.es\/web\/wp-content\/uploads\/2022\/08\/24_bandfestival-212x300.jpg 212w, https:\/\/mula.es\/web\/wp-content\/uploads\/2022\/08\/24_bandfestival-400x566.jpg 400w, https:\/\/mula.es\/web\/wp-content\/uploads\/2022\/08\/24_bandfestival-600x848.jpg 600w, https:\/\/mula.es\/web\/wp-content\/uploads\/2022\/08\/24_bandfestival-724x1024.jpg 724w, https:\/\/mula.es\/web\/wp-content\/uploads\/2022\/08\/24_bandfestival-768x1086.jpg 768w, https:\/\/mula.es\/web\/wp-content\/uploads\/2022\/08\/24_bandfestival-800x1131.jpg 800w, https:\/\/mula.es\/web\/wp-content\/uploads\/2022\/08\/24_bandfestival-1086x1536.jpg 1086w, https:\/\/mula.es\/web\/wp-content\/uploads\/2022\/08\/24_bandfestival-1200x1697.jpg 1200w, https:\/\/mula.es\/web\/wp-content\/uploads\/2022\/08\/24_bandfestival-1448x2048.jpg 1448w, https:\/\/mula.es\/web\/wp-content\/uploads\/2022\/08\/24_bandfestival.jpg 1500w\" sizes=\"(max-width: 724px) 100vw, 724px\" \/><\/a><\/p>\n<\/div><\/div><\/div><\/div><\/div><div class=\"fusion-fullwidth fullwidth-box fusion-builder-row-9 fusion-flex-container has-pattern-background has-mask-background nonhundred-percent-fullwidth non-hundred-percent-height-scrolling\" style=\"--awb-border-radius-top-left:0px;--awb-border-radius-top-right:0px;--awb-border-radius-bottom-right:0px;--awb-border-radius-bottom-left:0px;--awb-flex-wrap:wrap;\" ><div class=\"fusion-builder-row fusion-row fusion-flex-align-items-flex-start fusion-flex-content-wrap\" style=\"max-width:1144px;margin-left: calc(-4% \/ 2 );margin-right: calc(-4% \/ 2 );\"><div class=\"fusion-layout-column fusion_builder_column fusion-builder-column-11 fusion_builder_column_1_2 1_2 fusion-flex-column\" style=\"--awb-bg-size:cover;--awb-width-large:50%;--awb-margin-top-large:0px;--awb-spacing-right-large:3.84%;--awb-margin-bottom-large:20px;--awb-spacing-left-large:3.84%;--awb-width-medium:50%;--awb-order-medium:0;--awb-spacing-right-medium:3.84%;--awb-spacing-left-medium:3.84%;--awb-width-small:100%;--awb-order-small:0;--awb-spacing-right-small:1.92%;--awb-spacing-left-small:1.92%;\"><div class=\"fusion-column-wrapper fusion-column-has-shadow fusion-flex-justify-content-flex-start fusion-content-layout-column\"><div class=\"fusion-text fusion-text-11\"><p><a href=\"https:\/\/mula.es\/web\/wp-content\/uploads\/2022\/08\/25_festivalkids.jpg\"><img decoding=\"async\" data-attachment-id=\"45389\" data-permalink=\"https:\/\/mula.es\/web\/festejos-musica-ocio-y-diversion-formaran-parte-de-la-feria-y-fiestas-de-mula-2022\/25_festivalkids\/\" data-orig-file=\"https:\/\/mula.es\/web\/wp-content\/uploads\/2022\/08\/25_festivalkids.jpg\" data-orig-size=\"1500,2121\" data-comments-opened=\"0\" data-image-meta=\"\" data-image-title=\"25_festivalkids\" data-image-description=\"\" data-image-caption=\"\" data-large-file=\"https:\/\/mula.es\/web\/wp-content\/uploads\/2022\/08\/25_festivalkids-724x1024.jpg\" class=\"size-large wp-image-45389 aligncenter\" src=\"https:\/\/mula.es\/web\/wp-content\/uploads\/2022\/08\/25_festivalkids-724x1024.jpg\" alt=\"\" width=\"724\" height=\"1024\" srcset=\"https:\/\/mula.es\/web\/wp-content\/uploads\/2022\/08\/25_festivalkids-200x283.jpg 200w, https:\/\/mula.es\/web\/wp-content\/uploads\/2022\/08\/25_festivalkids-212x300.jpg 212w, https:\/\/mula.es\/web\/wp-content\/uploads\/2022\/08\/25_festivalkids-400x566.jpg 400w, https:\/\/mula.es\/web\/wp-content\/uploads\/2022\/08\/25_festivalkids-600x848.jpg 600w, https:\/\/mula.es\/web\/wp-content\/uploads\/2022\/08\/25_festivalkids-724x1024.jpg 724w, https:\/\/mula.es\/web\/wp-content\/uploads\/2022\/08\/25_festivalkids-768x1086.jpg 768w, https:\/\/mula.es\/web\/wp-content\/uploads\/2022\/08\/25_festivalkids-800x1131.jpg 800w, https:\/\/mula.es\/web\/wp-content\/uploads\/2022\/08\/25_festivalkids-1086x1536.jpg 1086w, https:\/\/mula.es\/web\/wp-content\/uploads\/2022\/08\/25_festivalkids-1200x1697.jpg 1200w, https:\/\/mula.es\/web\/wp-content\/uploads\/2022\/08\/25_festivalkids-1448x2048.jpg 1448w, https:\/\/mula.es\/web\/wp-content\/uploads\/2022\/08\/25_festivalkids.jpg 1500w\" sizes=\"(max-width: 724px) 100vw, 724px\" \/><\/a><\/p>\n<\/div><\/div><\/div><div class=\"fusion-layout-column fusion_builder_column fusion-builder-column-12 fusion_builder_column_1_2 1_2 fusion-flex-column\" style=\"--awb-bg-size:cover;--awb-width-large:50%;--awb-margin-top-large:0px;--awb-spacing-right-large:3.84%;--awb-margin-bottom-large:20px;--awb-spacing-left-large:3.84%;--awb-width-medium:50%;--awb-order-medium:0;--awb-spacing-right-medium:3.84%;--awb-spacing-left-medium:3.84%;--awb-width-small:100%;--awb-order-small:0;--awb-spacing-right-small:1.92%;--awb-spacing-left-small:1.92%;\"><div class=\"fusion-column-wrapper fusion-column-has-shadow fusion-flex-justify-content-flex-start fusion-content-layout-column\"><div class=\"fusion-text fusion-text-12\"><p><a href=\"https:\/\/mula.es\/web\/wp-content\/uploads\/2022\/08\/encuentroteatral2022.jpg\"><img decoding=\"async\" data-attachment-id=\"45413\" data-permalink=\"https:\/\/mula.es\/web\/festejos-musica-ocio-y-diversion-formaran-parte-de-la-feria-y-fiestas-de-mula-2022\/encuentroteatral2022\/\" data-orig-file=\"https:\/\/mula.es\/web\/wp-content\/uploads\/2022\/08\/encuentroteatral2022.jpg\" data-orig-size=\"1457,2048\" data-comments-opened=\"0\" data-image-meta=\"\" data-image-title=\"encuentroteatral2022\" data-image-description=\"\" data-image-caption=\"\" data-large-file=\"https:\/\/mula.es\/web\/wp-content\/uploads\/2022\/08\/encuentroteatral2022-729x1024.jpg\" class=\"size-large wp-image-45413 aligncenter\" src=\"https:\/\/mula.es\/web\/wp-content\/uploads\/2022\/08\/encuentroteatral2022-729x1024.jpg\" alt=\"\" width=\"729\" height=\"1024\" srcset=\"https:\/\/mula.es\/web\/wp-content\/uploads\/2022\/08\/encuentroteatral2022-200x281.jpg 200w, https:\/\/mula.es\/web\/wp-content\/uploads\/2022\/08\/encuentroteatral2022-213x300.jpg 213w, https:\/\/mula.es\/web\/wp-content\/uploads\/2022\/08\/encuentroteatral2022-400x562.jpg 400w, https:\/\/mula.es\/web\/wp-content\/uploads\/2022\/08\/encuentroteatral2022-600x843.jpg 600w, https:\/\/mula.es\/web\/wp-content\/uploads\/2022\/08\/encuentroteatral2022-729x1024.jpg 729w, https:\/\/mula.es\/web\/wp-content\/uploads\/2022\/08\/encuentroteatral2022-768x1080.jpg 768w, https:\/\/mula.es\/web\/wp-content\/uploads\/2022\/08\/encuentroteatral2022-800x1125.jpg 800w, https:\/\/mula.es\/web\/wp-content\/uploads\/2022\/08\/encuentroteatral2022-1093x1536.jpg 1093w, https:\/\/mula.es\/web\/wp-content\/uploads\/2022\/08\/encuentroteatral2022-1200x1687.jpg 1200w, https:\/\/mula.es\/web\/wp-content\/uploads\/2022\/08\/encuentroteatral2022.jpg 1457w\" sizes=\"(max-width: 729px) 100vw, 729px\" \/><\/a><\/p>\n<\/div><\/div><\/div><\/div><\/div><\/p>\n","protected":false},"excerpt":{"rendered":"","protected":false},"author":9,"featured_media":45390,"comment_status":"closed","ping_status":"closed","sticky":false,"template":"","format":"standard","meta":{"jetpack_post_was_ever_published":false,"_jetpack_newsletter_access":"","_jetpack_dont_email_post_to_subs":false,"_jetpack_newsletter_tier_id":0,"_jetpack_memberships_contains_paywalled_content":false,"_jetpack_memberships_contains_paid_content":false,"footnotes":"","jetpack_publicize_message":"","jetpack_publicize_feature_enabled":true,"jetpack_social_post_already_shared":false,"jetpack_social_options":{"image_generator_settings":{"template":"highway","default_image_id":0,"font":"","enabled":false},"version":2}},"categories":[171],"tags":[280],"class_list":["post-45647","post","type-post","status-publish","format-standard","has-post-thumbnail","hentry","category-festejos","tag-fiestas-de-septiembre"],"yoast_head":"<!-- This site is optimized with the Yoast SEO plugin v27.5 - https:\/\/yoast.com\/product\/yoast-seo-wordpress\/ -->\n<title>FESTEJOS | Fiestas de septiembre 2022: Programa de fiestas - Ayuntamiento de Mula<\/title>\n<meta name=\"robots\" content=\"index, follow, max-snippet:-1, max-image-preview:large, max-video-preview:-1\" \/>\n<link rel=\"canonical\" href=\"https:\/\/mula.es\/web\/festejos-fiestas-de-septiembre-2022-programa-de-fiestas\/\" \/>\n<meta property=\"og:locale\" content=\"es_ES\" \/>\n<meta property=\"og:type\" content=\"article\" \/>\n<meta property=\"og:title\" content=\"FESTEJOS | Fiestas de septiembre 2022: Programa de fiestas - Ayuntamiento de Mula\" \/>\n<meta property=\"og:url\" content=\"https:\/\/mula.es\/web\/festejos-fiestas-de-septiembre-2022-programa-de-fiestas\/\" \/>\n<meta property=\"og:site_name\" content=\"Ayuntamiento de Mula\" \/>\n<meta property=\"article:published_time\" content=\"2022-09-14T11:46:30+00:00\" \/>\n<meta property=\"article:modified_time\" content=\"2022-09-15T06:54:42+00:00\" \/>\n<meta property=\"og:image\" content=\"https:\/\/mula.es\/web\/wp-content\/uploads\/2022\/08\/cartelfiestasmula2022.jpg\" \/>\n\t<meta property=\"og:image:width\" content=\"1500\" \/>\n\t<meta property=\"og:image:height\" content=\"2100\" \/>\n\t<meta property=\"og:image:type\" content=\"image\/jpeg\" \/>\n<meta name=\"author\" content=\"Rosario Mart\u00ednez\" \/>\n<meta name=\"twitter:card\" content=\"summary_large_image\" \/>\n<meta name=\"twitter:image\" content=\"https:\/\/mula.es\/web\/wp-content\/uploads\/2020\/06\/cropped-escudo-cuadrado.jpg\" \/>\n<meta name=\"twitter:creator\" content=\"@AyuntamientMula\" \/>\n<meta name=\"twitter:site\" content=\"@AyuntamientMula\" \/>\n<meta name=\"twitter:label1\" content=\"Escrito por\" \/>\n\t<meta name=\"twitter:data1\" content=\"Rosario Mart\u00ednez\" \/>\n\t<meta name=\"twitter:label2\" content=\"Tiempo de lectura\" \/>\n\t<meta name=\"twitter:data2\" content=\"23 minutos\" \/>\n<script type=\"application\/ld+json\" class=\"yoast-schema-graph\">{\"@context\":\"https:\\\/\\\/schema.org\",\"@graph\":[{\"@type\":\"Article\",\"@id\":\"https:\\\/\\\/mula.es\\\/web\\\/festejos-fiestas-de-septiembre-2022-programa-de-fiestas\\\/#article\",\"isPartOf\":{\"@id\":\"https:\\\/\\\/mula.es\\\/web\\\/festejos-fiestas-de-septiembre-2022-programa-de-fiestas\\\/\"},\"author\":{\"name\":\"Rosario Mart\u00ednez\",\"@id\":\"https:\\\/\\\/mula.es\\\/web\\\/#\\\/schema\\\/person\\\/f8d63bd3ab6e7b025268b909b7ab0771\"},\"headline\":\"FESTEJOS | Fiestas de septiembre 2022: Programa de fiestas\",\"datePublished\":\"2022-09-14T11:46:30+00:00\",\"dateModified\":\"2022-09-15T06:54:42+00:00\",\"mainEntityOfPage\":{\"@id\":\"https:\\\/\\\/mula.es\\\/web\\\/festejos-fiestas-de-septiembre-2022-programa-de-fiestas\\\/\"},\"wordCount\":9261,\"image\":{\"@id\":\"https:\\\/\\\/mula.es\\\/web\\\/festejos-fiestas-de-septiembre-2022-programa-de-fiestas\\\/#primaryimage\"},\"thumbnailUrl\":\"https:\\\/\\\/mula.es\\\/web\\\/wp-content\\\/uploads\\\/2022\\\/08\\\/cartelfiestasmula2022.jpg\",\"keywords\":[\"fiestas de septiembre\"],\"articleSection\":[\"festejos\"],\"inLanguage\":\"es\"},{\"@type\":\"WebPage\",\"@id\":\"https:\\\/\\\/mula.es\\\/web\\\/festejos-fiestas-de-septiembre-2022-programa-de-fiestas\\\/\",\"url\":\"https:\\\/\\\/mula.es\\\/web\\\/festejos-fiestas-de-septiembre-2022-programa-de-fiestas\\\/\",\"name\":\"FESTEJOS | Fiestas de septiembre 2022: Programa de fiestas - Ayuntamiento de Mula\",\"isPartOf\":{\"@id\":\"https:\\\/\\\/mula.es\\\/web\\\/#website\"},\"primaryImageOfPage\":{\"@id\":\"https:\\\/\\\/mula.es\\\/web\\\/festejos-fiestas-de-septiembre-2022-programa-de-fiestas\\\/#primaryimage\"},\"image\":{\"@id\":\"https:\\\/\\\/mula.es\\\/web\\\/festejos-fiestas-de-septiembre-2022-programa-de-fiestas\\\/#primaryimage\"},\"thumbnailUrl\":\"https:\\\/\\\/mula.es\\\/web\\\/wp-content\\\/uploads\\\/2022\\\/08\\\/cartelfiestasmula2022.jpg\",\"datePublished\":\"2022-09-14T11:46:30+00:00\",\"dateModified\":\"2022-09-15T06:54:42+00:00\",\"author\":{\"@id\":\"https:\\\/\\\/mula.es\\\/web\\\/#\\\/schema\\\/person\\\/f8d63bd3ab6e7b025268b909b7ab0771\"},\"breadcrumb\":{\"@id\":\"https:\\\/\\\/mula.es\\\/web\\\/festejos-fiestas-de-septiembre-2022-programa-de-fiestas\\\/#breadcrumb\"},\"inLanguage\":\"es\",\"potentialAction\":[{\"@type\":\"ReadAction\",\"target\":[\"https:\\\/\\\/mula.es\\\/web\\\/festejos-fiestas-de-septiembre-2022-programa-de-fiestas\\\/\"]}]},{\"@type\":\"ImageObject\",\"inLanguage\":\"es\",\"@id\":\"https:\\\/\\\/mula.es\\\/web\\\/festejos-fiestas-de-septiembre-2022-programa-de-fiestas\\\/#primaryimage\",\"url\":\"https:\\\/\\\/mula.es\\\/web\\\/wp-content\\\/uploads\\\/2022\\\/08\\\/cartelfiestasmula2022.jpg\",\"contentUrl\":\"https:\\\/\\\/mula.es\\\/web\\\/wp-content\\\/uploads\\\/2022\\\/08\\\/cartelfiestasmula2022.jpg\",\"width\":1500,\"height\":2100},{\"@type\":\"BreadcrumbList\",\"@id\":\"https:\\\/\\\/mula.es\\\/web\\\/festejos-fiestas-de-septiembre-2022-programa-de-fiestas\\\/#breadcrumb\",\"itemListElement\":[{\"@type\":\"ListItem\",\"position\":1,\"name\":\"Portada\",\"item\":\"https:\\\/\\\/mula.es\\\/web\\\/\"},{\"@type\":\"ListItem\",\"position\":2,\"name\":\"FESTEJOS | Fiestas de septiembre 2022: Programa de fiestas\"}]},{\"@type\":\"WebSite\",\"@id\":\"https:\\\/\\\/mula.es\\\/web\\\/#website\",\"url\":\"https:\\\/\\\/mula.es\\\/web\\\/\",\"name\":\"Ayuntamiento de Mula\",\"description\":\"P\u00e1gina web del Ayuntamiento de Mula (Regi\u00f3n de Murcia)\",\"potentialAction\":[{\"@type\":\"SearchAction\",\"target\":{\"@type\":\"EntryPoint\",\"urlTemplate\":\"https:\\\/\\\/mula.es\\\/web\\\/?s={search_term_string}\"},\"query-input\":{\"@type\":\"PropertyValueSpecification\",\"valueRequired\":true,\"valueName\":\"search_term_string\"}}],\"inLanguage\":\"es\"},{\"@type\":\"Person\",\"@id\":\"https:\\\/\\\/mula.es\\\/web\\\/#\\\/schema\\\/person\\\/f8d63bd3ab6e7b025268b909b7ab0771\",\"name\":\"Rosario Mart\u00ednez\",\"image\":{\"@type\":\"ImageObject\",\"inLanguage\":\"es\",\"@id\":\"https:\\\/\\\/secure.gravatar.com\\\/avatar\\\/ce916b980ac93e5b1d36e6068357675d4e089a572ebc8789fcb807c2fb2edfef?s=96&d=mm&r=g\",\"url\":\"https:\\\/\\\/secure.gravatar.com\\\/avatar\\\/ce916b980ac93e5b1d36e6068357675d4e089a572ebc8789fcb807c2fb2edfef?s=96&d=mm&r=g\",\"contentUrl\":\"https:\\\/\\\/secure.gravatar.com\\\/avatar\\\/ce916b980ac93e5b1d36e6068357675d4e089a572ebc8789fcb807c2fb2edfef?s=96&d=mm&r=g\",\"caption\":\"Rosario Mart\u00ednez\"},\"url\":\"https:\\\/\\\/mula.es\\\/web\\\/author\\\/rmartinez\\\/\"}]}<\/script>\n<!-- \/ Yoast SEO plugin. -->","yoast_head_json":{"title":"FESTEJOS | Fiestas de septiembre 2022: Programa de fiestas - Ayuntamiento de Mula","robots":{"index":"index","follow":"follow","max-snippet":"max-snippet:-1","max-image-preview":"max-image-preview:large","max-video-preview":"max-video-preview:-1"},"canonical":"https:\/\/mula.es\/web\/festejos-fiestas-de-septiembre-2022-programa-de-fiestas\/","og_locale":"es_ES","og_type":"article","og_title":"FESTEJOS | Fiestas de septiembre 2022: Programa de fiestas - Ayuntamiento de Mula","og_url":"https:\/\/mula.es\/web\/festejos-fiestas-de-septiembre-2022-programa-de-fiestas\/","og_site_name":"Ayuntamiento de Mula","article_published_time":"2022-09-14T11:46:30+00:00","article_modified_time":"2022-09-15T06:54:42+00:00","og_image":[{"width":1500,"height":2100,"url":"https:\/\/mula.es\/web\/wp-content\/uploads\/2022\/08\/cartelfiestasmula2022.jpg","type":"image\/jpeg"}],"author":"Rosario Mart\u00ednez","twitter_card":"summary_large_image","twitter_image":"https:\/\/mula.es\/web\/wp-content\/uploads\/2020\/06\/cropped-escudo-cuadrado.jpg","twitter_creator":"@AyuntamientMula","twitter_site":"@AyuntamientMula","twitter_misc":{"Escrito por":"Rosario Mart\u00ednez","Tiempo de lectura":"23 minutos"},"schema":{"@context":"https:\/\/schema.org","@graph":[{"@type":"Article","@id":"https:\/\/mula.es\/web\/festejos-fiestas-de-septiembre-2022-programa-de-fiestas\/#article","isPartOf":{"@id":"https:\/\/mula.es\/web\/festejos-fiestas-de-septiembre-2022-programa-de-fiestas\/"},"author":{"name":"Rosario Mart\u00ednez","@id":"https:\/\/mula.es\/web\/#\/schema\/person\/f8d63bd3ab6e7b025268b909b7ab0771"},"headline":"FESTEJOS | Fiestas de septiembre 2022: Programa de fiestas","datePublished":"2022-09-14T11:46:30+00:00","dateModified":"2022-09-15T06:54:42+00:00","mainEntityOfPage":{"@id":"https:\/\/mula.es\/web\/festejos-fiestas-de-septiembre-2022-programa-de-fiestas\/"},"wordCount":9261,"image":{"@id":"https:\/\/mula.es\/web\/festejos-fiestas-de-septiembre-2022-programa-de-fiestas\/#primaryimage"},"thumbnailUrl":"https:\/\/mula.es\/web\/wp-content\/uploads\/2022\/08\/cartelfiestasmula2022.jpg","keywords":["fiestas de septiembre"],"articleSection":["festejos"],"inLanguage":"es"},{"@type":"WebPage","@id":"https:\/\/mula.es\/web\/festejos-fiestas-de-septiembre-2022-programa-de-fiestas\/","url":"https:\/\/mula.es\/web\/festejos-fiestas-de-septiembre-2022-programa-de-fiestas\/","name":"FESTEJOS | Fiestas de septiembre 2022: Programa de fiestas - Ayuntamiento de Mula","isPartOf":{"@id":"https:\/\/mula.es\/web\/#website"},"primaryImageOfPage":{"@id":"https:\/\/mula.es\/web\/festejos-fiestas-de-septiembre-2022-programa-de-fiestas\/#primaryimage"},"image":{"@id":"https:\/\/mula.es\/web\/festejos-fiestas-de-septiembre-2022-programa-de-fiestas\/#primaryimage"},"thumbnailUrl":"https:\/\/mula.es\/web\/wp-content\/uploads\/2022\/08\/cartelfiestasmula2022.jpg","datePublished":"2022-09-14T11:46:30+00:00","dateModified":"2022-09-15T06:54:42+00:00","author":{"@id":"https:\/\/mula.es\/web\/#\/schema\/person\/f8d63bd3ab6e7b025268b909b7ab0771"},"breadcrumb":{"@id":"https:\/\/mula.es\/web\/festejos-fiestas-de-septiembre-2022-programa-de-fiestas\/#breadcrumb"},"inLanguage":"es","potentialAction":[{"@type":"ReadAction","target":["https:\/\/mula.es\/web\/festejos-fiestas-de-septiembre-2022-programa-de-fiestas\/"]}]},{"@type":"ImageObject","inLanguage":"es","@id":"https:\/\/mula.es\/web\/festejos-fiestas-de-septiembre-2022-programa-de-fiestas\/#primaryimage","url":"https:\/\/mula.es\/web\/wp-content\/uploads\/2022\/08\/cartelfiestasmula2022.jpg","contentUrl":"https:\/\/mula.es\/web\/wp-content\/uploads\/2022\/08\/cartelfiestasmula2022.jpg","width":1500,"height":2100},{"@type":"BreadcrumbList","@id":"https:\/\/mula.es\/web\/festejos-fiestas-de-septiembre-2022-programa-de-fiestas\/#breadcrumb","itemListElement":[{"@type":"ListItem","position":1,"name":"Portada","item":"https:\/\/mula.es\/web\/"},{"@type":"ListItem","position":2,"name":"FESTEJOS | Fiestas de septiembre 2022: Programa de fiestas"}]},{"@type":"WebSite","@id":"https:\/\/mula.es\/web\/#website","url":"https:\/\/mula.es\/web\/","name":"Ayuntamiento de Mula","description":"P\u00e1gina web del Ayuntamiento de Mula (Regi\u00f3n de Murcia)","potentialAction":[{"@type":"SearchAction","target":{"@type":"EntryPoint","urlTemplate":"https:\/\/mula.es\/web\/?s={search_term_string}"},"query-input":{"@type":"PropertyValueSpecification","valueRequired":true,"valueName":"search_term_string"}}],"inLanguage":"es"},{"@type":"Person","@id":"https:\/\/mula.es\/web\/#\/schema\/person\/f8d63bd3ab6e7b025268b909b7ab0771","name":"Rosario Mart\u00ednez","image":{"@type":"ImageObject","inLanguage":"es","@id":"https:\/\/secure.gravatar.com\/avatar\/ce916b980ac93e5b1d36e6068357675d4e089a572ebc8789fcb807c2fb2edfef?s=96&d=mm&r=g","url":"https:\/\/secure.gravatar.com\/avatar\/ce916b980ac93e5b1d36e6068357675d4e089a572ebc8789fcb807c2fb2edfef?s=96&d=mm&r=g","contentUrl":"https:\/\/secure.gravatar.com\/avatar\/ce916b980ac93e5b1d36e6068357675d4e089a572ebc8789fcb807c2fb2edfef?s=96&d=mm&r=g","caption":"Rosario Mart\u00ednez"},"url":"https:\/\/mula.es\/web\/author\/rmartinez\/"}]}},"jetpack_publicize_connections":[],"jetpack_featured_media_url":"https:\/\/mula.es\/web\/wp-content\/uploads\/2022\/08\/cartelfiestasmula2022.jpg","jetpack_sharing_enabled":true,"jetpack_shortlink":"https:\/\/wp.me\/pa9DMY-bSf","jetpack-related-posts":[],"_links":{"self":[{"href":"https:\/\/mula.es\/web\/wp-json\/wp\/v2\/posts\/45647","targetHints":{"allow":["GET"]}}],"collection":[{"href":"https:\/\/mula.es\/web\/wp-json\/wp\/v2\/posts"}],"about":[{"href":"https:\/\/mula.es\/web\/wp-json\/wp\/v2\/types\/post"}],"author":[{"embeddable":true,"href":"https:\/\/mula.es\/web\/wp-json\/wp\/v2\/users\/9"}],"replies":[{"embeddable":true,"href":"https:\/\/mula.es\/web\/wp-json\/wp\/v2\/comments?post=45647"}],"version-history":[{"count":7,"href":"https:\/\/mula.es\/web\/wp-json\/wp\/v2\/posts\/45647\/revisions"}],"predecessor-version":[{"id":45699,"href":"https:\/\/mula.es\/web\/wp-json\/wp\/v2\/posts\/45647\/revisions\/45699"}],"wp:featuredmedia":[{"embeddable":true,"href":"https:\/\/mula.es\/web\/wp-json\/wp\/v2\/media\/45390"}],"wp:attachment":[{"href":"https:\/\/mula.es\/web\/wp-json\/wp\/v2\/media?parent=45647"}],"wp:term":[{"taxonomy":"category","embeddable":true,"href":"https:\/\/mula.es\/web\/wp-json\/wp\/v2\/categories?post=45647"},{"taxonomy":"post_tag","embeddable":true,"href":"https:\/\/mula.es\/web\/wp-json\/wp\/v2\/tags?post=45647"}],"curies":[{"name":"wp","href":"https:\/\/api.w.org\/{rel}","templated":true}]}}