{"id":45755,"date":"2022-09-21T11:04:37","date_gmt":"2022-09-21T09:04:37","guid":{"rendered":"https:\/\/mula.es\/web\/?p=45755"},"modified":"2022-09-21T11:06:23","modified_gmt":"2022-09-21T09:06:23","slug":"mayores-y-festejos-jornada-de-convivencia-de-los-mayores-con-motivo-de-la-feria-y-fiestas-de-septiembre-2022","status":"publish","type":"post","link":"https:\/\/mula.es\/web\/mayores-y-festejos-jornada-de-convivencia-de-los-mayores-con-motivo-de-la-feria-y-fiestas-de-septiembre-2022\/","title":{"rendered":"MAYORES Y FESTEJOS | Jornada de convivencia de los mayores con motivo de la Feria y Fiestas de Septiembre 2022"},"content":{"rendered":"<div class=\"fusion-fullwidth fullwidth-box fusion-builder-row-1 fusion-flex-container nonhundred-percent-fullwidth non-hundred-percent-height-scrolling\" style=\"--awb-border-radius-top-left:0px;--awb-border-radius-top-right:0px;--awb-border-radius-bottom-right:0px;--awb-border-radius-bottom-left:0px;--awb-flex-wrap:wrap;\" ><div class=\"fusion-builder-row fusion-row fusion-flex-align-items-flex-start fusion-flex-content-wrap\" style=\"max-width:1144px;margin-left: calc(-4% \/ 2 );margin-right: calc(-4% \/ 2 );\"><div class=\"fusion-layout-column fusion_builder_column fusion-builder-column-0 fusion_builder_column_1_1 1_1 fusion-flex-column\" style=\"--awb-bg-size:cover;--awb-width-large:100%;--awb-margin-top-large:0px;--awb-spacing-right-large:1.92%;--awb-margin-bottom-large:0px;--awb-spacing-left-large:1.92%;--awb-width-medium:100%;--awb-spacing-right-medium:1.92%;--awb-spacing-left-medium:1.92%;--awb-width-small:100%;--awb-spacing-right-small:1.92%;--awb-spacing-left-small:1.92%;\"><div class=\"fusion-column-wrapper fusion-flex-justify-content-flex-start fusion-content-layout-column\"><div class=\"fusion-text fusion-text-1\"><p style=\"text-align: justify;\">El alcalde de Mula, Juan Jes\u00fas Moreno, acompa\u00f1ado por el concejal de Mayores, Pablo Pi\u00f1ero, y miembros de la corporaci\u00f3n municipal ha participado en este acto donde ha recordado a los mayores la inmensa vitalidad e ilusi\u00f3n que demuestran durante todo el a\u00f1o realizando talleres y actividades en beneficio del propio colectivo.<\/p>\n<p style=\"text-align: justify;\">Adem\u00e1s, resaltaba que ellos son parte \u201cde la historia m\u00e1s reciente de la bella ciudad de Mula y por ello tenemos que estar muy agradecidos del legado que nos hab\u00e9is dejado\u201d.<\/p>\n<p style=\"text-align: justify;\">Los mayores contar\u00e1n con dos noches de verbena dedica para ellos en la plaza del Asilo el jueves 22 a partir de las 22.00 horas con las actuaciones de Miguel \u00c1ngel Ortiz, el hombre del mill\u00f3n de voces, un bingo popular y el d\u00fao Belmet. Adem\u00e1s, el s\u00e1bado 24, en el mismo espacio y a partir de la misma hora, Verbena C\u00f3cktel Music y Bingo popular.<\/p>\n<\/div><\/div><\/div><div class=\"fusion-layout-column fusion_builder_column fusion-builder-column-1 fusion_builder_column_1_2 1_2 fusion-flex-column\" style=\"--awb-bg-size:cover;--awb-width-large:50%;--awb-margin-top-large:0px;--awb-spacing-right-large:3.84%;--awb-margin-bottom-large:0px;--awb-spacing-left-large:3.84%;--awb-width-medium:50%;--awb-spacing-right-medium:3.84%;--awb-spacing-left-medium:3.84%;--awb-width-small:100%;--awb-spacing-right-small:1.92%;--awb-spacing-left-small:1.92%;\"><div class=\"fusion-column-wrapper fusion-flex-justify-content-flex-start fusion-content-layout-column\"><div class=\"fusion-image-element \" style=\"--awb-caption-title-font-family:var(--h2_typography-font-family);--awb-caption-title-font-weight:var(--h2_typography-font-weight);--awb-caption-title-font-style:var(--h2_typography-font-style);--awb-caption-title-size:var(--h2_typography-font-size);--awb-caption-title-transform:var(--h2_typography-text-transform);--awb-caption-title-line-height:var(--h2_typography-line-height);--awb-caption-title-letter-spacing:var(--h2_typography-letter-spacing);\"><span class=\" fusion-imageframe imageframe-none imageframe-1 hover-type-none\"><a href=\"https:\/\/mula.es\/web\/wp-content\/uploads\/2022\/09\/Convivencia-mayores-1.jpeg\" class=\"fusion-lightbox\" data-rel=\"iLightbox[a4f652749e3deacdb0c]\" data-title=\"Convivencia mayores 1\" title=\"Convivencia mayores 1\"><img decoding=\"async\" width=\"1500\" height=\"2000\" src=\"https:\/\/mula.es\/web\/wp-content\/uploads\/2022\/09\/Convivencia-mayores-1.jpeg\" alt class=\"img-responsive wp-image-45760\" srcset=\"https:\/\/mula.es\/web\/wp-content\/uploads\/2022\/09\/Convivencia-mayores-1-200x267.jpeg 200w, https:\/\/mula.es\/web\/wp-content\/uploads\/2022\/09\/Convivencia-mayores-1-400x533.jpeg 400w, https:\/\/mula.es\/web\/wp-content\/uploads\/2022\/09\/Convivencia-mayores-1-600x800.jpeg 600w, https:\/\/mula.es\/web\/wp-content\/uploads\/2022\/09\/Convivencia-mayores-1-800x1067.jpeg 800w, https:\/\/mula.es\/web\/wp-content\/uploads\/2022\/09\/Convivencia-mayores-1-1200x1600.jpeg 1200w, https:\/\/mula.es\/web\/wp-content\/uploads\/2022\/09\/Convivencia-mayores-1.jpeg 1500w\" sizes=\"(max-width: 640px) 100vw, 600px\" \/><\/a><\/span><\/div><\/div><\/div><div class=\"fusion-layout-column fusion_builder_column fusion-builder-column-2 fusion_builder_column_1_2 1_2 fusion-flex-column\" style=\"--awb-bg-size:cover;--awb-width-large:50%;--awb-margin-top-large:0px;--awb-spacing-right-large:3.84%;--awb-margin-bottom-large:0px;--awb-spacing-left-large:3.84%;--awb-width-medium:50%;--awb-spacing-right-medium:3.84%;--awb-spacing-left-medium:3.84%;--awb-width-small:100%;--awb-spacing-right-small:1.92%;--awb-spacing-left-small:1.92%;\"><div class=\"fusion-column-wrapper fusion-flex-justify-content-flex-start fusion-content-layout-column\"><div class=\"fusion-image-element \" style=\"--awb-caption-title-font-family:var(--h2_typography-font-family);--awb-caption-title-font-weight:var(--h2_typography-font-weight);--awb-caption-title-font-style:var(--h2_typography-font-style);--awb-caption-title-size:var(--h2_typography-font-size);--awb-caption-title-transform:var(--h2_typography-text-transform);--awb-caption-title-line-height:var(--h2_typography-line-height);--awb-caption-title-letter-spacing:var(--h2_typography-letter-spacing);\"><span class=\" fusion-imageframe imageframe-none imageframe-2 hover-type-none\"><a href=\"https:\/\/mula.es\/web\/wp-content\/uploads\/2022\/09\/Convivencia-mayores-2.jpeg\" class=\"fusion-lightbox\" data-rel=\"iLightbox[1f1e040ab5f1f0d572e]\" data-title=\"Convivencia mayores 2\" title=\"Convivencia mayores 2\"><img decoding=\"async\" width=\"1500\" height=\"2000\" src=\"https:\/\/mula.es\/web\/wp-content\/uploads\/2022\/09\/Convivencia-mayores-2.jpeg\" alt class=\"img-responsive wp-image-45758\" srcset=\"https:\/\/mula.es\/web\/wp-content\/uploads\/2022\/09\/Convivencia-mayores-2-200x267.jpeg 200w, https:\/\/mula.es\/web\/wp-content\/uploads\/2022\/09\/Convivencia-mayores-2-400x533.jpeg 400w, https:\/\/mula.es\/web\/wp-content\/uploads\/2022\/09\/Convivencia-mayores-2-600x800.jpeg 600w, https:\/\/mula.es\/web\/wp-content\/uploads\/2022\/09\/Convivencia-mayores-2-800x1067.jpeg 800w, https:\/\/mula.es\/web\/wp-content\/uploads\/2022\/09\/Convivencia-mayores-2-1200x1600.jpeg 1200w, https:\/\/mula.es\/web\/wp-content\/uploads\/2022\/09\/Convivencia-mayores-2.jpeg 1500w\" sizes=\"(max-width: 640px) 100vw, 600px\" \/><\/a><\/span><\/div><\/div><\/div><\/div><\/div>\n","protected":false},"excerpt":{"rendered":"","protected":false},"author":1,"featured_media":45756,"comment_status":"closed","ping_status":"closed","sticky":false,"template":"","format":"standard","meta":{"jetpack_post_was_ever_published":false,"_jetpack_newsletter_access":"","_jetpack_dont_email_post_to_subs":false,"_jetpack_newsletter_tier_id":0,"_jetpack_memberships_contains_paywalled_content":false,"_jetpack_memberships_contains_paid_content":false,"footnotes":"","jetpack_publicize_message":"","jetpack_publicize_feature_enabled":true,"jetpack_social_post_already_shared":false,"jetpack_social_options":{"image_generator_settings":{"template":"highway","default_image_id":0,"font":"","enabled":false},"version":2}},"categories":[80,100],"tags":[],"class_list":["post-45755","post","type-post","status-publish","format-standard","has-post-thumbnail","hentry","category-fiestas","category-mayores"],"yoast_head":"<!-- This site is optimized with the Yoast SEO plugin v27.4 - https:\/\/yoast.com\/product\/yoast-seo-wordpress\/ -->\n<title>MAYORES Y FESTEJOS | Jornada de convivencia de los mayores con motivo de la Feria y Fiestas de Septiembre 2022 - Ayuntamiento de Mula<\/title>\n<meta name=\"robots\" content=\"index, follow, max-snippet:-1, max-image-preview:large, max-video-preview:-1\" \/>\n<link rel=\"canonical\" href=\"https:\/\/mula.es\/web\/mayores-y-festejos-jornada-de-convivencia-de-los-mayores-con-motivo-de-la-feria-y-fiestas-de-septiembre-2022\/\" \/>\n<meta property=\"og:locale\" content=\"es_ES\" \/>\n<meta property=\"og:type\" content=\"article\" \/>\n<meta property=\"og:title\" content=\"MAYORES Y FESTEJOS | Jornada de convivencia de los mayores con motivo de la Feria y Fiestas de Septiembre 2022 - Ayuntamiento de Mula\" \/>\n<meta property=\"og:url\" content=\"https:\/\/mula.es\/web\/mayores-y-festejos-jornada-de-convivencia-de-los-mayores-con-motivo-de-la-feria-y-fiestas-de-septiembre-2022\/\" \/>\n<meta property=\"og:site_name\" content=\"Ayuntamiento de Mula\" \/>\n<meta property=\"article:published_time\" content=\"2022-09-21T09:04:37+00:00\" \/>\n<meta property=\"article:modified_time\" content=\"2022-09-21T09:06:23+00:00\" \/>\n<meta property=\"og:image\" content=\"https:\/\/mula.es\/web\/wp-content\/uploads\/2022\/09\/cartel-verbena-mayores.jpeg\" \/>\n\t<meta property=\"og:image:width\" content=\"1131\" \/>\n\t<meta property=\"og:image:height\" content=\"1600\" \/>\n\t<meta property=\"og:image:type\" content=\"image\/jpeg\" \/>\n<meta name=\"author\" content=\"admin\" \/>\n<meta name=\"twitter:card\" content=\"summary_large_image\" \/>\n<meta name=\"twitter:creator\" content=\"@AyuntamientMula\" \/>\n<meta name=\"twitter:site\" content=\"@AyuntamientMula\" \/>\n<meta name=\"twitter:label1\" content=\"Escrito por\" \/>\n\t<meta name=\"twitter:data1\" content=\"admin\" \/>\n\t<meta name=\"twitter:label2\" content=\"Tiempo de lectura\" \/>\n\t<meta name=\"twitter:data2\" content=\"1 minuto\" \/>\n<script type=\"application\/ld+json\" class=\"yoast-schema-graph\">{\"@context\":\"https:\\\/\\\/schema.org\",\"@graph\":[{\"@type\":\"Article\",\"@id\":\"https:\\\/\\\/mula.es\\\/web\\\/mayores-y-festejos-jornada-de-convivencia-de-los-mayores-con-motivo-de-la-feria-y-fiestas-de-septiembre-2022\\\/#article\",\"isPartOf\":{\"@id\":\"https:\\\/\\\/mula.es\\\/web\\\/mayores-y-festejos-jornada-de-convivencia-de-los-mayores-con-motivo-de-la-feria-y-fiestas-de-septiembre-2022\\\/\"},\"author\":{\"name\":\"admin\",\"@id\":\"https:\\\/\\\/mula.es\\\/web\\\/#\\\/schema\\\/person\\\/a0dbffe9f4a3ed4aaebedcfef02f71a1\"},\"headline\":\"MAYORES Y FESTEJOS | Jornada de convivencia de los mayores con motivo de la Feria y Fiestas de Septiembre 2022\",\"datePublished\":\"2022-09-21T09:04:37+00:00\",\"dateModified\":\"2022-09-21T09:06:23+00:00\",\"mainEntityOfPage\":{\"@id\":\"https:\\\/\\\/mula.es\\\/web\\\/mayores-y-festejos-jornada-de-convivencia-de-los-mayores-con-motivo-de-la-feria-y-fiestas-de-septiembre-2022\\\/\"},\"wordCount\":1068,\"image\":{\"@id\":\"https:\\\/\\\/mula.es\\\/web\\\/mayores-y-festejos-jornada-de-convivencia-de-los-mayores-con-motivo-de-la-feria-y-fiestas-de-septiembre-2022\\\/#primaryimage\"},\"thumbnailUrl\":\"https:\\\/\\\/mula.es\\\/web\\\/wp-content\\\/uploads\\\/2022\\\/09\\\/cartel-verbena-mayores.jpeg\",\"articleSection\":[\"fiestas\",\"mayores\"],\"inLanguage\":\"es\"},{\"@type\":\"WebPage\",\"@id\":\"https:\\\/\\\/mula.es\\\/web\\\/mayores-y-festejos-jornada-de-convivencia-de-los-mayores-con-motivo-de-la-feria-y-fiestas-de-septiembre-2022\\\/\",\"url\":\"https:\\\/\\\/mula.es\\\/web\\\/mayores-y-festejos-jornada-de-convivencia-de-los-mayores-con-motivo-de-la-feria-y-fiestas-de-septiembre-2022\\\/\",\"name\":\"MAYORES Y FESTEJOS | Jornada de convivencia de los mayores con motivo de la Feria y Fiestas de Septiembre 2022 - Ayuntamiento de Mula\",\"isPartOf\":{\"@id\":\"https:\\\/\\\/mula.es\\\/web\\\/#website\"},\"primaryImageOfPage\":{\"@id\":\"https:\\\/\\\/mula.es\\\/web\\\/mayores-y-festejos-jornada-de-convivencia-de-los-mayores-con-motivo-de-la-feria-y-fiestas-de-septiembre-2022\\\/#primaryimage\"},\"image\":{\"@id\":\"https:\\\/\\\/mula.es\\\/web\\\/mayores-y-festejos-jornada-de-convivencia-de-los-mayores-con-motivo-de-la-feria-y-fiestas-de-septiembre-2022\\\/#primaryimage\"},\"thumbnailUrl\":\"https:\\\/\\\/mula.es\\\/web\\\/wp-content\\\/uploads\\\/2022\\\/09\\\/cartel-verbena-mayores.jpeg\",\"datePublished\":\"2022-09-21T09:04:37+00:00\",\"dateModified\":\"2022-09-21T09:06:23+00:00\",\"author\":{\"@id\":\"https:\\\/\\\/mula.es\\\/web\\\/#\\\/schema\\\/person\\\/a0dbffe9f4a3ed4aaebedcfef02f71a1\"},\"breadcrumb\":{\"@id\":\"https:\\\/\\\/mula.es\\\/web\\\/mayores-y-festejos-jornada-de-convivencia-de-los-mayores-con-motivo-de-la-feria-y-fiestas-de-septiembre-2022\\\/#breadcrumb\"},\"inLanguage\":\"es\",\"potentialAction\":[{\"@type\":\"ReadAction\",\"target\":[\"https:\\\/\\\/mula.es\\\/web\\\/mayores-y-festejos-jornada-de-convivencia-de-los-mayores-con-motivo-de-la-feria-y-fiestas-de-septiembre-2022\\\/\"]}]},{\"@type\":\"ImageObject\",\"inLanguage\":\"es\",\"@id\":\"https:\\\/\\\/mula.es\\\/web\\\/mayores-y-festejos-jornada-de-convivencia-de-los-mayores-con-motivo-de-la-feria-y-fiestas-de-septiembre-2022\\\/#primaryimage\",\"url\":\"https:\\\/\\\/mula.es\\\/web\\\/wp-content\\\/uploads\\\/2022\\\/09\\\/cartel-verbena-mayores.jpeg\",\"contentUrl\":\"https:\\\/\\\/mula.es\\\/web\\\/wp-content\\\/uploads\\\/2022\\\/09\\\/cartel-verbena-mayores.jpeg\",\"width\":1131,\"height\":1600},{\"@type\":\"BreadcrumbList\",\"@id\":\"https:\\\/\\\/mula.es\\\/web\\\/mayores-y-festejos-jornada-de-convivencia-de-los-mayores-con-motivo-de-la-feria-y-fiestas-de-septiembre-2022\\\/#breadcrumb\",\"itemListElement\":[{\"@type\":\"ListItem\",\"position\":1,\"name\":\"Portada\",\"item\":\"https:\\\/\\\/mula.es\\\/web\\\/\"},{\"@type\":\"ListItem\",\"position\":2,\"name\":\"MAYORES Y FESTEJOS | Jornada de convivencia de los mayores con motivo de la Feria y Fiestas de Septiembre 2022\"}]},{\"@type\":\"WebSite\",\"@id\":\"https:\\\/\\\/mula.es\\\/web\\\/#website\",\"url\":\"https:\\\/\\\/mula.es\\\/web\\\/\",\"name\":\"Ayuntamiento de Mula\",\"description\":\"P\u00e1gina web del Ayuntamiento de Mula (Regi\u00f3n de Murcia)\",\"potentialAction\":[{\"@type\":\"SearchAction\",\"target\":{\"@type\":\"EntryPoint\",\"urlTemplate\":\"https:\\\/\\\/mula.es\\\/web\\\/?s={search_term_string}\"},\"query-input\":{\"@type\":\"PropertyValueSpecification\",\"valueRequired\":true,\"valueName\":\"search_term_string\"}}],\"inLanguage\":\"es\"},{\"@type\":\"Person\",\"@id\":\"https:\\\/\\\/mula.es\\\/web\\\/#\\\/schema\\\/person\\\/a0dbffe9f4a3ed4aaebedcfef02f71a1\",\"name\":\"admin\",\"image\":{\"@type\":\"ImageObject\",\"inLanguage\":\"es\",\"@id\":\"https:\\\/\\\/secure.gravatar.com\\\/avatar\\\/5423b9cd77f4c7f89a124365a268866f9dfee038c17fe9e37afd92b5920d810e?s=96&d=mm&r=g\",\"url\":\"https:\\\/\\\/secure.gravatar.com\\\/avatar\\\/5423b9cd77f4c7f89a124365a268866f9dfee038c17fe9e37afd92b5920d810e?s=96&d=mm&r=g\",\"contentUrl\":\"https:\\\/\\\/secure.gravatar.com\\\/avatar\\\/5423b9cd77f4c7f89a124365a268866f9dfee038c17fe9e37afd92b5920d810e?s=96&d=mm&r=g\",\"caption\":\"admin\"},\"description\":\"Lorem ipsum dolor sit amet, consectetur adipiscing elit. Nam viverra euismod odio, gravida pellentesque urna varius vitae. Sed dui lorem, adipiscing in adipiscing et, interdum nec metus. Mauris ultricies, justo eu convallis placerat, felis enim ornare nisi, vitae mattis nulla ante id dui. Ut lectus purus, commodo et tincidunt vel, interdum sed lectus. Vestibulum adipiscing tempor nisi id elementi.\",\"url\":\"https:\\\/\\\/mula.es\\\/web\\\/author\\\/jose-maria-boti\\\/\"}]}<\/script>\n<!-- \/ Yoast SEO plugin. -->","yoast_head_json":{"title":"MAYORES Y FESTEJOS | Jornada de convivencia de los mayores con motivo de la Feria y Fiestas de Septiembre 2022 - Ayuntamiento de Mula","robots":{"index":"index","follow":"follow","max-snippet":"max-snippet:-1","max-image-preview":"max-image-preview:large","max-video-preview":"max-video-preview:-1"},"canonical":"https:\/\/mula.es\/web\/mayores-y-festejos-jornada-de-convivencia-de-los-mayores-con-motivo-de-la-feria-y-fiestas-de-septiembre-2022\/","og_locale":"es_ES","og_type":"article","og_title":"MAYORES Y FESTEJOS | Jornada de convivencia de los mayores con motivo de la Feria y Fiestas de Septiembre 2022 - Ayuntamiento de Mula","og_url":"https:\/\/mula.es\/web\/mayores-y-festejos-jornada-de-convivencia-de-los-mayores-con-motivo-de-la-feria-y-fiestas-de-septiembre-2022\/","og_site_name":"Ayuntamiento de Mula","article_published_time":"2022-09-21T09:04:37+00:00","article_modified_time":"2022-09-21T09:06:23+00:00","og_image":[{"width":1131,"height":1600,"url":"https:\/\/mula.es\/web\/wp-content\/uploads\/2022\/09\/cartel-verbena-mayores.jpeg","type":"image\/jpeg"}],"author":"admin","twitter_card":"summary_large_image","twitter_creator":"@AyuntamientMula","twitter_site":"@AyuntamientMula","twitter_misc":{"Escrito por":"admin","Tiempo de lectura":"1 minuto"},"schema":{"@context":"https:\/\/schema.org","@graph":[{"@type":"Article","@id":"https:\/\/mula.es\/web\/mayores-y-festejos-jornada-de-convivencia-de-los-mayores-con-motivo-de-la-feria-y-fiestas-de-septiembre-2022\/#article","isPartOf":{"@id":"https:\/\/mula.es\/web\/mayores-y-festejos-jornada-de-convivencia-de-los-mayores-con-motivo-de-la-feria-y-fiestas-de-septiembre-2022\/"},"author":{"name":"admin","@id":"https:\/\/mula.es\/web\/#\/schema\/person\/a0dbffe9f4a3ed4aaebedcfef02f71a1"},"headline":"MAYORES Y FESTEJOS | Jornada de convivencia de los mayores con motivo de la Feria y Fiestas de Septiembre 2022","datePublished":"2022-09-21T09:04:37+00:00","dateModified":"2022-09-21T09:06:23+00:00","mainEntityOfPage":{"@id":"https:\/\/mula.es\/web\/mayores-y-festejos-jornada-de-convivencia-de-los-mayores-con-motivo-de-la-feria-y-fiestas-de-septiembre-2022\/"},"wordCount":1068,"image":{"@id":"https:\/\/mula.es\/web\/mayores-y-festejos-jornada-de-convivencia-de-los-mayores-con-motivo-de-la-feria-y-fiestas-de-septiembre-2022\/#primaryimage"},"thumbnailUrl":"https:\/\/mula.es\/web\/wp-content\/uploads\/2022\/09\/cartel-verbena-mayores.jpeg","articleSection":["fiestas","mayores"],"inLanguage":"es"},{"@type":"WebPage","@id":"https:\/\/mula.es\/web\/mayores-y-festejos-jornada-de-convivencia-de-los-mayores-con-motivo-de-la-feria-y-fiestas-de-septiembre-2022\/","url":"https:\/\/mula.es\/web\/mayores-y-festejos-jornada-de-convivencia-de-los-mayores-con-motivo-de-la-feria-y-fiestas-de-septiembre-2022\/","name":"MAYORES Y FESTEJOS | Jornada de convivencia de los mayores con motivo de la Feria y Fiestas de Septiembre 2022 - Ayuntamiento de Mula","isPartOf":{"@id":"https:\/\/mula.es\/web\/#website"},"primaryImageOfPage":{"@id":"https:\/\/mula.es\/web\/mayores-y-festejos-jornada-de-convivencia-de-los-mayores-con-motivo-de-la-feria-y-fiestas-de-septiembre-2022\/#primaryimage"},"image":{"@id":"https:\/\/mula.es\/web\/mayores-y-festejos-jornada-de-convivencia-de-los-mayores-con-motivo-de-la-feria-y-fiestas-de-septiembre-2022\/#primaryimage"},"thumbnailUrl":"https:\/\/mula.es\/web\/wp-content\/uploads\/2022\/09\/cartel-verbena-mayores.jpeg","datePublished":"2022-09-21T09:04:37+00:00","dateModified":"2022-09-21T09:06:23+00:00","author":{"@id":"https:\/\/mula.es\/web\/#\/schema\/person\/a0dbffe9f4a3ed4aaebedcfef02f71a1"},"breadcrumb":{"@id":"https:\/\/mula.es\/web\/mayores-y-festejos-jornada-de-convivencia-de-los-mayores-con-motivo-de-la-feria-y-fiestas-de-septiembre-2022\/#breadcrumb"},"inLanguage":"es","potentialAction":[{"@type":"ReadAction","target":["https:\/\/mula.es\/web\/mayores-y-festejos-jornada-de-convivencia-de-los-mayores-con-motivo-de-la-feria-y-fiestas-de-septiembre-2022\/"]}]},{"@type":"ImageObject","inLanguage":"es","@id":"https:\/\/mula.es\/web\/mayores-y-festejos-jornada-de-convivencia-de-los-mayores-con-motivo-de-la-feria-y-fiestas-de-septiembre-2022\/#primaryimage","url":"https:\/\/mula.es\/web\/wp-content\/uploads\/2022\/09\/cartel-verbena-mayores.jpeg","contentUrl":"https:\/\/mula.es\/web\/wp-content\/uploads\/2022\/09\/cartel-verbena-mayores.jpeg","width":1131,"height":1600},{"@type":"BreadcrumbList","@id":"https:\/\/mula.es\/web\/mayores-y-festejos-jornada-de-convivencia-de-los-mayores-con-motivo-de-la-feria-y-fiestas-de-septiembre-2022\/#breadcrumb","itemListElement":[{"@type":"ListItem","position":1,"name":"Portada","item":"https:\/\/mula.es\/web\/"},{"@type":"ListItem","position":2,"name":"MAYORES Y FESTEJOS | Jornada de convivencia de los mayores con motivo de la Feria y Fiestas de Septiembre 2022"}]},{"@type":"WebSite","@id":"https:\/\/mula.es\/web\/#website","url":"https:\/\/mula.es\/web\/","name":"Ayuntamiento de Mula","description":"P\u00e1gina web del Ayuntamiento de Mula (Regi\u00f3n de Murcia)","potentialAction":[{"@type":"SearchAction","target":{"@type":"EntryPoint","urlTemplate":"https:\/\/mula.es\/web\/?s={search_term_string}"},"query-input":{"@type":"PropertyValueSpecification","valueRequired":true,"valueName":"search_term_string"}}],"inLanguage":"es"},{"@type":"Person","@id":"https:\/\/mula.es\/web\/#\/schema\/person\/a0dbffe9f4a3ed4aaebedcfef02f71a1","name":"admin","image":{"@type":"ImageObject","inLanguage":"es","@id":"https:\/\/secure.gravatar.com\/avatar\/5423b9cd77f4c7f89a124365a268866f9dfee038c17fe9e37afd92b5920d810e?s=96&d=mm&r=g","url":"https:\/\/secure.gravatar.com\/avatar\/5423b9cd77f4c7f89a124365a268866f9dfee038c17fe9e37afd92b5920d810e?s=96&d=mm&r=g","contentUrl":"https:\/\/secure.gravatar.com\/avatar\/5423b9cd77f4c7f89a124365a268866f9dfee038c17fe9e37afd92b5920d810e?s=96&d=mm&r=g","caption":"admin"},"description":"Lorem ipsum dolor sit amet, consectetur adipiscing elit. Nam viverra euismod odio, gravida pellentesque urna varius vitae. Sed dui lorem, adipiscing in adipiscing et, interdum nec metus. Mauris ultricies, justo eu convallis placerat, felis enim ornare nisi, vitae mattis nulla ante id dui. Ut lectus purus, commodo et tincidunt vel, interdum sed lectus. Vestibulum adipiscing tempor nisi id elementi.","url":"https:\/\/mula.es\/web\/author\/jose-maria-boti\/"}]}},"jetpack_publicize_connections":[],"jetpack_featured_media_url":"https:\/\/mula.es\/web\/wp-content\/uploads\/2022\/09\/cartel-verbena-mayores.jpeg","jetpack_sharing_enabled":true,"jetpack_shortlink":"https:\/\/wp.me\/pa9DMY-bTZ","jetpack-related-posts":[],"_links":{"self":[{"href":"https:\/\/mula.es\/web\/wp-json\/wp\/v2\/posts\/45755","targetHints":{"allow":["GET"]}}],"collection":[{"href":"https:\/\/mula.es\/web\/wp-json\/wp\/v2\/posts"}],"about":[{"href":"https:\/\/mula.es\/web\/wp-json\/wp\/v2\/types\/post"}],"author":[{"embeddable":true,"href":"https:\/\/mula.es\/web\/wp-json\/wp\/v2\/users\/1"}],"replies":[{"embeddable":true,"href":"https:\/\/mula.es\/web\/wp-json\/wp\/v2\/comments?post=45755"}],"version-history":[{"count":3,"href":"https:\/\/mula.es\/web\/wp-json\/wp\/v2\/posts\/45755\/revisions"}],"predecessor-version":[{"id":45761,"href":"https:\/\/mula.es\/web\/wp-json\/wp\/v2\/posts\/45755\/revisions\/45761"}],"wp:featuredmedia":[{"embeddable":true,"href":"https:\/\/mula.es\/web\/wp-json\/wp\/v2\/media\/45756"}],"wp:attachment":[{"href":"https:\/\/mula.es\/web\/wp-json\/wp\/v2\/media?parent=45755"}],"wp:term":[{"taxonomy":"category","embeddable":true,"href":"https:\/\/mula.es\/web\/wp-json\/wp\/v2\/categories?post=45755"},{"taxonomy":"post_tag","embeddable":true,"href":"https:\/\/mula.es\/web\/wp-json\/wp\/v2\/tags?post=45755"}],"curies":[{"name":"wp","href":"https:\/\/api.w.org\/{rel}","templated":true}]}}