{"id":45809,"date":"2022-09-29T13:03:49","date_gmt":"2022-09-29T11:03:49","guid":{"rendered":"https:\/\/mula.es\/web\/?p=45809"},"modified":"2022-09-29T13:03:49","modified_gmt":"2022-09-29T11:03:49","slug":"cultura-mula-rinde-homenaje-a-lucas-moreno-chacon-el-lucas-por-su-larga-trayectoria-en-la-difusion-y-promocion-del-folclore-regional","status":"publish","type":"post","link":"https:\/\/mula.es\/web\/cultura-mula-rinde-homenaje-a-lucas-moreno-chacon-el-lucas-por-su-larga-trayectoria-en-la-difusion-y-promocion-del-folclore-regional\/","title":{"rendered":"CULTURA | Mula rinde homenaje a Lucas Moreno Chac\u00f3n \u2018El Lucas\u2019 por su larga trayectoria en la difusi\u00f3n y promoci\u00f3n del folclore regional"},"content":{"rendered":"<p style=\"text-align: justify;\">Participar\u00e1n en la gala las pe\u00f1as Alegr\u00eda Mule\u00f1a y Los Mule\u00f1icos y la Cuadrilla R\u00edo Mula Los Lucas<\/p>\n<p style=\"text-align: justify;\">La concejal\u00eda de Cultura del Ayuntamiento de Mula, en colaboraci\u00f3n con la Cuadrilla R\u00edo Mula Los Lucas organizan para el pr\u00f3ximo s\u00e1bado 1 de octubre a las 19.30 horas en el Teatro Lope de Vega una Gala Homenaje para Lucas Moreno Chac\u00f3n \u2018El Lucas\u2019.<\/p>\n<p style=\"text-align: justify;\">Se trata de un reconocimiento m\u00e1s que merecido a toda una trayectoria dedicada al mundo del folclore, por su trabajo y su tes\u00f3n por cultivar y promocionar el folclore no s\u00f3lo de Mula y su comarca sino de toda la Regi\u00f3n de Murcia, seg\u00fan ha resaltado el concejal de Cultura, Diego Boluda.<\/p>\n<p style=\"text-align: justify;\">Participar\u00e1n en la gala la pe\u00f1a Alegr\u00eda Mule\u00f1a, la pe\u00f1a Los Mule\u00f1icos y la propia Cuadrilla de Los Lucas.<\/p>\n","protected":false},"excerpt":{"rendered":"<p>Participar\u00e1n en la gala las pe\u00f1as Alegr\u00eda Mule\u00f1a y Los Mule\u00f1icos y la Cuadrilla R\u00edo Mula Los Lucas La concejal\u00eda de Cultura del Ayuntamiento de Mula, en colaboraci\u00f3n con la Cuadrilla R\u00edo Mula Los Lucas organizan para el pr\u00f3ximo s\u00e1bado 1 de octubre a las 19.30 horas en el Teatro Lope de Vega una Gala  [&#8230;]<\/p>\n","protected":false},"author":9,"featured_media":45810,"comment_status":"closed","ping_status":"closed","sticky":false,"template":"","format":"standard","meta":{"jetpack_post_was_ever_published":false,"_jetpack_newsletter_access":"","_jetpack_dont_email_post_to_subs":false,"_jetpack_newsletter_tier_id":0,"_jetpack_memberships_contains_paywalled_content":false,"_jetpack_memberships_contains_paid_content":false,"footnotes":"","jetpack_publicize_message":"","jetpack_publicize_feature_enabled":true,"jetpack_social_post_already_shared":false,"jetpack_social_options":{"image_generator_settings":{"template":"highway","default_image_id":0,"font":"","enabled":false},"version":2}},"categories":[97],"tags":[],"class_list":["post-45809","post","type-post","status-publish","format-standard","has-post-thumbnail","hentry","category-cultura"],"yoast_head":"<!-- This site is optimized with the Yoast SEO plugin v27.5 - https:\/\/yoast.com\/product\/yoast-seo-wordpress\/ -->\n<title>CULTURA | Mula rinde homenaje a Lucas Moreno Chac\u00f3n \u2018El Lucas\u2019 por su larga trayectoria en la difusi\u00f3n y promoci\u00f3n del folclore regional - Ayuntamiento de Mula<\/title>\n<meta name=\"robots\" content=\"index, follow, max-snippet:-1, max-image-preview:large, max-video-preview:-1\" \/>\n<link rel=\"canonical\" href=\"https:\/\/mula.es\/web\/cultura-mula-rinde-homenaje-a-lucas-moreno-chacon-el-lucas-por-su-larga-trayectoria-en-la-difusion-y-promocion-del-folclore-regional\/\" \/>\n<meta property=\"og:locale\" content=\"es_ES\" \/>\n<meta property=\"og:type\" content=\"article\" \/>\n<meta property=\"og:title\" content=\"CULTURA | Mula rinde homenaje a Lucas Moreno Chac\u00f3n \u2018El Lucas\u2019 por su larga trayectoria en la difusi\u00f3n y promoci\u00f3n del folclore regional - Ayuntamiento de Mula\" \/>\n<meta property=\"og:description\" content=\"Participar\u00e1n en la gala las pe\u00f1as Alegr\u00eda Mule\u00f1a y Los Mule\u00f1icos y la Cuadrilla R\u00edo Mula Los Lucas La concejal\u00eda de Cultura del Ayuntamiento de Mula, en colaboraci\u00f3n con la Cuadrilla R\u00edo Mula Los Lucas organizan para el pr\u00f3ximo s\u00e1bado 1 de octubre a las 19.30 horas en el Teatro Lope de Vega una Gala [...]\" \/>\n<meta property=\"og:url\" content=\"https:\/\/mula.es\/web\/cultura-mula-rinde-homenaje-a-lucas-moreno-chacon-el-lucas-por-su-larga-trayectoria-en-la-difusion-y-promocion-del-folclore-regional\/\" \/>\n<meta property=\"og:site_name\" content=\"Ayuntamiento de Mula\" \/>\n<meta property=\"article:published_time\" content=\"2022-09-29T11:03:49+00:00\" \/>\n<meta property=\"og:image\" content=\"https:\/\/mula.es\/web\/wp-content\/uploads\/2022\/09\/CARTEL-HOMENAJE-LUCAS_Mesa-de-trabajo-1-1-scaled.jpg\" \/>\n\t<meta property=\"og:image:width\" content=\"1820\" \/>\n\t<meta property=\"og:image:height\" content=\"2560\" \/>\n\t<meta property=\"og:image:type\" content=\"image\/jpeg\" \/>\n<meta name=\"author\" content=\"Rosario Mart\u00ednez\" \/>\n<meta name=\"twitter:card\" content=\"summary_large_image\" \/>\n<meta name=\"twitter:image\" content=\"https:\/\/mula.es\/web\/wp-content\/uploads\/2020\/06\/cropped-escudo-cuadrado.jpg\" \/>\n<meta name=\"twitter:creator\" content=\"@AyuntamientMula\" \/>\n<meta name=\"twitter:site\" content=\"@AyuntamientMula\" \/>\n<meta name=\"twitter:label1\" content=\"Escrito por\" \/>\n\t<meta name=\"twitter:data1\" content=\"Rosario Mart\u00ednez\" \/>\n\t<meta name=\"twitter:label2\" content=\"Tiempo de lectura\" \/>\n\t<meta name=\"twitter:data2\" content=\"1 minuto\" \/>\n<script type=\"application\/ld+json\" class=\"yoast-schema-graph\">{\"@context\":\"https:\\\/\\\/schema.org\",\"@graph\":[{\"@type\":\"Article\",\"@id\":\"https:\\\/\\\/mula.es\\\/web\\\/cultura-mula-rinde-homenaje-a-lucas-moreno-chacon-el-lucas-por-su-larga-trayectoria-en-la-difusion-y-promocion-del-folclore-regional\\\/#article\",\"isPartOf\":{\"@id\":\"https:\\\/\\\/mula.es\\\/web\\\/cultura-mula-rinde-homenaje-a-lucas-moreno-chacon-el-lucas-por-su-larga-trayectoria-en-la-difusion-y-promocion-del-folclore-regional\\\/\"},\"author\":{\"name\":\"Rosario Mart\u00ednez\",\"@id\":\"https:\\\/\\\/mula.es\\\/web\\\/#\\\/schema\\\/person\\\/f8d63bd3ab6e7b025268b909b7ab0771\"},\"headline\":\"CULTURA | Mula rinde homenaje a Lucas Moreno Chac\u00f3n \u2018El Lucas\u2019 por su larga trayectoria en la difusi\u00f3n y promoci\u00f3n del folclore regional\",\"datePublished\":\"2022-09-29T11:03:49+00:00\",\"mainEntityOfPage\":{\"@id\":\"https:\\\/\\\/mula.es\\\/web\\\/cultura-mula-rinde-homenaje-a-lucas-moreno-chacon-el-lucas-por-su-larga-trayectoria-en-la-difusion-y-promocion-del-folclore-regional\\\/\"},\"wordCount\":179,\"image\":{\"@id\":\"https:\\\/\\\/mula.es\\\/web\\\/cultura-mula-rinde-homenaje-a-lucas-moreno-chacon-el-lucas-por-su-larga-trayectoria-en-la-difusion-y-promocion-del-folclore-regional\\\/#primaryimage\"},\"thumbnailUrl\":\"https:\\\/\\\/mula.es\\\/web\\\/wp-content\\\/uploads\\\/2022\\\/09\\\/CARTEL-HOMENAJE-LUCAS_Mesa-de-trabajo-1-1-scaled.jpg\",\"articleSection\":[\"cultura\"],\"inLanguage\":\"es\"},{\"@type\":\"WebPage\",\"@id\":\"https:\\\/\\\/mula.es\\\/web\\\/cultura-mula-rinde-homenaje-a-lucas-moreno-chacon-el-lucas-por-su-larga-trayectoria-en-la-difusion-y-promocion-del-folclore-regional\\\/\",\"url\":\"https:\\\/\\\/mula.es\\\/web\\\/cultura-mula-rinde-homenaje-a-lucas-moreno-chacon-el-lucas-por-su-larga-trayectoria-en-la-difusion-y-promocion-del-folclore-regional\\\/\",\"name\":\"CULTURA | Mula rinde homenaje a Lucas Moreno Chac\u00f3n \u2018El Lucas\u2019 por su larga trayectoria en la difusi\u00f3n y promoci\u00f3n del folclore regional - Ayuntamiento de Mula\",\"isPartOf\":{\"@id\":\"https:\\\/\\\/mula.es\\\/web\\\/#website\"},\"primaryImageOfPage\":{\"@id\":\"https:\\\/\\\/mula.es\\\/web\\\/cultura-mula-rinde-homenaje-a-lucas-moreno-chacon-el-lucas-por-su-larga-trayectoria-en-la-difusion-y-promocion-del-folclore-regional\\\/#primaryimage\"},\"image\":{\"@id\":\"https:\\\/\\\/mula.es\\\/web\\\/cultura-mula-rinde-homenaje-a-lucas-moreno-chacon-el-lucas-por-su-larga-trayectoria-en-la-difusion-y-promocion-del-folclore-regional\\\/#primaryimage\"},\"thumbnailUrl\":\"https:\\\/\\\/mula.es\\\/web\\\/wp-content\\\/uploads\\\/2022\\\/09\\\/CARTEL-HOMENAJE-LUCAS_Mesa-de-trabajo-1-1-scaled.jpg\",\"datePublished\":\"2022-09-29T11:03:49+00:00\",\"author\":{\"@id\":\"https:\\\/\\\/mula.es\\\/web\\\/#\\\/schema\\\/person\\\/f8d63bd3ab6e7b025268b909b7ab0771\"},\"breadcrumb\":{\"@id\":\"https:\\\/\\\/mula.es\\\/web\\\/cultura-mula-rinde-homenaje-a-lucas-moreno-chacon-el-lucas-por-su-larga-trayectoria-en-la-difusion-y-promocion-del-folclore-regional\\\/#breadcrumb\"},\"inLanguage\":\"es\",\"potentialAction\":[{\"@type\":\"ReadAction\",\"target\":[\"https:\\\/\\\/mula.es\\\/web\\\/cultura-mula-rinde-homenaje-a-lucas-moreno-chacon-el-lucas-por-su-larga-trayectoria-en-la-difusion-y-promocion-del-folclore-regional\\\/\"]}]},{\"@type\":\"ImageObject\",\"inLanguage\":\"es\",\"@id\":\"https:\\\/\\\/mula.es\\\/web\\\/cultura-mula-rinde-homenaje-a-lucas-moreno-chacon-el-lucas-por-su-larga-trayectoria-en-la-difusion-y-promocion-del-folclore-regional\\\/#primaryimage\",\"url\":\"https:\\\/\\\/mula.es\\\/web\\\/wp-content\\\/uploads\\\/2022\\\/09\\\/CARTEL-HOMENAJE-LUCAS_Mesa-de-trabajo-1-1-scaled.jpg\",\"contentUrl\":\"https:\\\/\\\/mula.es\\\/web\\\/wp-content\\\/uploads\\\/2022\\\/09\\\/CARTEL-HOMENAJE-LUCAS_Mesa-de-trabajo-1-1-scaled.jpg\",\"width\":1820,\"height\":2560},{\"@type\":\"BreadcrumbList\",\"@id\":\"https:\\\/\\\/mula.es\\\/web\\\/cultura-mula-rinde-homenaje-a-lucas-moreno-chacon-el-lucas-por-su-larga-trayectoria-en-la-difusion-y-promocion-del-folclore-regional\\\/#breadcrumb\",\"itemListElement\":[{\"@type\":\"ListItem\",\"position\":1,\"name\":\"Portada\",\"item\":\"https:\\\/\\\/mula.es\\\/web\\\/\"},{\"@type\":\"ListItem\",\"position\":2,\"name\":\"CULTURA | Mula rinde homenaje a Lucas Moreno Chac\u00f3n \u2018El Lucas\u2019 por su larga trayectoria en la difusi\u00f3n y promoci\u00f3n del folclore regional\"}]},{\"@type\":\"WebSite\",\"@id\":\"https:\\\/\\\/mula.es\\\/web\\\/#website\",\"url\":\"https:\\\/\\\/mula.es\\\/web\\\/\",\"name\":\"Ayuntamiento de Mula\",\"description\":\"P\u00e1gina web del Ayuntamiento de Mula (Regi\u00f3n de Murcia)\",\"potentialAction\":[{\"@type\":\"SearchAction\",\"target\":{\"@type\":\"EntryPoint\",\"urlTemplate\":\"https:\\\/\\\/mula.es\\\/web\\\/?s={search_term_string}\"},\"query-input\":{\"@type\":\"PropertyValueSpecification\",\"valueRequired\":true,\"valueName\":\"search_term_string\"}}],\"inLanguage\":\"es\"},{\"@type\":\"Person\",\"@id\":\"https:\\\/\\\/mula.es\\\/web\\\/#\\\/schema\\\/person\\\/f8d63bd3ab6e7b025268b909b7ab0771\",\"name\":\"Rosario Mart\u00ednez\",\"image\":{\"@type\":\"ImageObject\",\"inLanguage\":\"es\",\"@id\":\"https:\\\/\\\/secure.gravatar.com\\\/avatar\\\/ce916b980ac93e5b1d36e6068357675d4e089a572ebc8789fcb807c2fb2edfef?s=96&d=mm&r=g\",\"url\":\"https:\\\/\\\/secure.gravatar.com\\\/avatar\\\/ce916b980ac93e5b1d36e6068357675d4e089a572ebc8789fcb807c2fb2edfef?s=96&d=mm&r=g\",\"contentUrl\":\"https:\\\/\\\/secure.gravatar.com\\\/avatar\\\/ce916b980ac93e5b1d36e6068357675d4e089a572ebc8789fcb807c2fb2edfef?s=96&d=mm&r=g\",\"caption\":\"Rosario Mart\u00ednez\"},\"url\":\"https:\\\/\\\/mula.es\\\/web\\\/author\\\/rmartinez\\\/\"}]}<\/script>\n<!-- \/ Yoast SEO plugin. -->","yoast_head_json":{"title":"CULTURA | Mula rinde homenaje a Lucas Moreno Chac\u00f3n \u2018El Lucas\u2019 por su larga trayectoria en la difusi\u00f3n y promoci\u00f3n del folclore regional - Ayuntamiento de Mula","robots":{"index":"index","follow":"follow","max-snippet":"max-snippet:-1","max-image-preview":"max-image-preview:large","max-video-preview":"max-video-preview:-1"},"canonical":"https:\/\/mula.es\/web\/cultura-mula-rinde-homenaje-a-lucas-moreno-chacon-el-lucas-por-su-larga-trayectoria-en-la-difusion-y-promocion-del-folclore-regional\/","og_locale":"es_ES","og_type":"article","og_title":"CULTURA | Mula rinde homenaje a Lucas Moreno Chac\u00f3n \u2018El Lucas\u2019 por su larga trayectoria en la difusi\u00f3n y promoci\u00f3n del folclore regional - Ayuntamiento de Mula","og_description":"Participar\u00e1n en la gala las pe\u00f1as Alegr\u00eda Mule\u00f1a y Los Mule\u00f1icos y la Cuadrilla R\u00edo Mula Los Lucas La concejal\u00eda de Cultura del Ayuntamiento de Mula, en colaboraci\u00f3n con la Cuadrilla R\u00edo Mula Los Lucas organizan para el pr\u00f3ximo s\u00e1bado 1 de octubre a las 19.30 horas en el Teatro Lope de Vega una Gala [...]","og_url":"https:\/\/mula.es\/web\/cultura-mula-rinde-homenaje-a-lucas-moreno-chacon-el-lucas-por-su-larga-trayectoria-en-la-difusion-y-promocion-del-folclore-regional\/","og_site_name":"Ayuntamiento de Mula","article_published_time":"2022-09-29T11:03:49+00:00","og_image":[{"width":1820,"height":2560,"url":"https:\/\/mula.es\/web\/wp-content\/uploads\/2022\/09\/CARTEL-HOMENAJE-LUCAS_Mesa-de-trabajo-1-1-scaled.jpg","type":"image\/jpeg"}],"author":"Rosario Mart\u00ednez","twitter_card":"summary_large_image","twitter_image":"https:\/\/mula.es\/web\/wp-content\/uploads\/2020\/06\/cropped-escudo-cuadrado.jpg","twitter_creator":"@AyuntamientMula","twitter_site":"@AyuntamientMula","twitter_misc":{"Escrito por":"Rosario Mart\u00ednez","Tiempo de lectura":"1 minuto"},"schema":{"@context":"https:\/\/schema.org","@graph":[{"@type":"Article","@id":"https:\/\/mula.es\/web\/cultura-mula-rinde-homenaje-a-lucas-moreno-chacon-el-lucas-por-su-larga-trayectoria-en-la-difusion-y-promocion-del-folclore-regional\/#article","isPartOf":{"@id":"https:\/\/mula.es\/web\/cultura-mula-rinde-homenaje-a-lucas-moreno-chacon-el-lucas-por-su-larga-trayectoria-en-la-difusion-y-promocion-del-folclore-regional\/"},"author":{"name":"Rosario Mart\u00ednez","@id":"https:\/\/mula.es\/web\/#\/schema\/person\/f8d63bd3ab6e7b025268b909b7ab0771"},"headline":"CULTURA | Mula rinde homenaje a Lucas Moreno Chac\u00f3n \u2018El Lucas\u2019 por su larga trayectoria en la difusi\u00f3n y promoci\u00f3n del folclore regional","datePublished":"2022-09-29T11:03:49+00:00","mainEntityOfPage":{"@id":"https:\/\/mula.es\/web\/cultura-mula-rinde-homenaje-a-lucas-moreno-chacon-el-lucas-por-su-larga-trayectoria-en-la-difusion-y-promocion-del-folclore-regional\/"},"wordCount":179,"image":{"@id":"https:\/\/mula.es\/web\/cultura-mula-rinde-homenaje-a-lucas-moreno-chacon-el-lucas-por-su-larga-trayectoria-en-la-difusion-y-promocion-del-folclore-regional\/#primaryimage"},"thumbnailUrl":"https:\/\/mula.es\/web\/wp-content\/uploads\/2022\/09\/CARTEL-HOMENAJE-LUCAS_Mesa-de-trabajo-1-1-scaled.jpg","articleSection":["cultura"],"inLanguage":"es"},{"@type":"WebPage","@id":"https:\/\/mula.es\/web\/cultura-mula-rinde-homenaje-a-lucas-moreno-chacon-el-lucas-por-su-larga-trayectoria-en-la-difusion-y-promocion-del-folclore-regional\/","url":"https:\/\/mula.es\/web\/cultura-mula-rinde-homenaje-a-lucas-moreno-chacon-el-lucas-por-su-larga-trayectoria-en-la-difusion-y-promocion-del-folclore-regional\/","name":"CULTURA | Mula rinde homenaje a Lucas Moreno Chac\u00f3n \u2018El Lucas\u2019 por su larga trayectoria en la difusi\u00f3n y promoci\u00f3n del folclore regional - Ayuntamiento de Mula","isPartOf":{"@id":"https:\/\/mula.es\/web\/#website"},"primaryImageOfPage":{"@id":"https:\/\/mula.es\/web\/cultura-mula-rinde-homenaje-a-lucas-moreno-chacon-el-lucas-por-su-larga-trayectoria-en-la-difusion-y-promocion-del-folclore-regional\/#primaryimage"},"image":{"@id":"https:\/\/mula.es\/web\/cultura-mula-rinde-homenaje-a-lucas-moreno-chacon-el-lucas-por-su-larga-trayectoria-en-la-difusion-y-promocion-del-folclore-regional\/#primaryimage"},"thumbnailUrl":"https:\/\/mula.es\/web\/wp-content\/uploads\/2022\/09\/CARTEL-HOMENAJE-LUCAS_Mesa-de-trabajo-1-1-scaled.jpg","datePublished":"2022-09-29T11:03:49+00:00","author":{"@id":"https:\/\/mula.es\/web\/#\/schema\/person\/f8d63bd3ab6e7b025268b909b7ab0771"},"breadcrumb":{"@id":"https:\/\/mula.es\/web\/cultura-mula-rinde-homenaje-a-lucas-moreno-chacon-el-lucas-por-su-larga-trayectoria-en-la-difusion-y-promocion-del-folclore-regional\/#breadcrumb"},"inLanguage":"es","potentialAction":[{"@type":"ReadAction","target":["https:\/\/mula.es\/web\/cultura-mula-rinde-homenaje-a-lucas-moreno-chacon-el-lucas-por-su-larga-trayectoria-en-la-difusion-y-promocion-del-folclore-regional\/"]}]},{"@type":"ImageObject","inLanguage":"es","@id":"https:\/\/mula.es\/web\/cultura-mula-rinde-homenaje-a-lucas-moreno-chacon-el-lucas-por-su-larga-trayectoria-en-la-difusion-y-promocion-del-folclore-regional\/#primaryimage","url":"https:\/\/mula.es\/web\/wp-content\/uploads\/2022\/09\/CARTEL-HOMENAJE-LUCAS_Mesa-de-trabajo-1-1-scaled.jpg","contentUrl":"https:\/\/mula.es\/web\/wp-content\/uploads\/2022\/09\/CARTEL-HOMENAJE-LUCAS_Mesa-de-trabajo-1-1-scaled.jpg","width":1820,"height":2560},{"@type":"BreadcrumbList","@id":"https:\/\/mula.es\/web\/cultura-mula-rinde-homenaje-a-lucas-moreno-chacon-el-lucas-por-su-larga-trayectoria-en-la-difusion-y-promocion-del-folclore-regional\/#breadcrumb","itemListElement":[{"@type":"ListItem","position":1,"name":"Portada","item":"https:\/\/mula.es\/web\/"},{"@type":"ListItem","position":2,"name":"CULTURA | Mula rinde homenaje a Lucas Moreno Chac\u00f3n \u2018El Lucas\u2019 por su larga trayectoria en la difusi\u00f3n y promoci\u00f3n del folclore regional"}]},{"@type":"WebSite","@id":"https:\/\/mula.es\/web\/#website","url":"https:\/\/mula.es\/web\/","name":"Ayuntamiento de Mula","description":"P\u00e1gina web del Ayuntamiento de Mula (Regi\u00f3n de Murcia)","potentialAction":[{"@type":"SearchAction","target":{"@type":"EntryPoint","urlTemplate":"https:\/\/mula.es\/web\/?s={search_term_string}"},"query-input":{"@type":"PropertyValueSpecification","valueRequired":true,"valueName":"search_term_string"}}],"inLanguage":"es"},{"@type":"Person","@id":"https:\/\/mula.es\/web\/#\/schema\/person\/f8d63bd3ab6e7b025268b909b7ab0771","name":"Rosario Mart\u00ednez","image":{"@type":"ImageObject","inLanguage":"es","@id":"https:\/\/secure.gravatar.com\/avatar\/ce916b980ac93e5b1d36e6068357675d4e089a572ebc8789fcb807c2fb2edfef?s=96&d=mm&r=g","url":"https:\/\/secure.gravatar.com\/avatar\/ce916b980ac93e5b1d36e6068357675d4e089a572ebc8789fcb807c2fb2edfef?s=96&d=mm&r=g","contentUrl":"https:\/\/secure.gravatar.com\/avatar\/ce916b980ac93e5b1d36e6068357675d4e089a572ebc8789fcb807c2fb2edfef?s=96&d=mm&r=g","caption":"Rosario Mart\u00ednez"},"url":"https:\/\/mula.es\/web\/author\/rmartinez\/"}]}},"jetpack_publicize_connections":[],"jetpack_featured_media_url":"https:\/\/mula.es\/web\/wp-content\/uploads\/2022\/09\/CARTEL-HOMENAJE-LUCAS_Mesa-de-trabajo-1-1-scaled.jpg","jetpack_sharing_enabled":true,"jetpack_shortlink":"https:\/\/wp.me\/pa9DMY-bUR","jetpack-related-posts":[],"_links":{"self":[{"href":"https:\/\/mula.es\/web\/wp-json\/wp\/v2\/posts\/45809","targetHints":{"allow":["GET"]}}],"collection":[{"href":"https:\/\/mula.es\/web\/wp-json\/wp\/v2\/posts"}],"about":[{"href":"https:\/\/mula.es\/web\/wp-json\/wp\/v2\/types\/post"}],"author":[{"embeddable":true,"href":"https:\/\/mula.es\/web\/wp-json\/wp\/v2\/users\/9"}],"replies":[{"embeddable":true,"href":"https:\/\/mula.es\/web\/wp-json\/wp\/v2\/comments?post=45809"}],"version-history":[{"count":1,"href":"https:\/\/mula.es\/web\/wp-json\/wp\/v2\/posts\/45809\/revisions"}],"predecessor-version":[{"id":45811,"href":"https:\/\/mula.es\/web\/wp-json\/wp\/v2\/posts\/45809\/revisions\/45811"}],"wp:featuredmedia":[{"embeddable":true,"href":"https:\/\/mula.es\/web\/wp-json\/wp\/v2\/media\/45810"}],"wp:attachment":[{"href":"https:\/\/mula.es\/web\/wp-json\/wp\/v2\/media?parent=45809"}],"wp:term":[{"taxonomy":"category","embeddable":true,"href":"https:\/\/mula.es\/web\/wp-json\/wp\/v2\/categories?post=45809"},{"taxonomy":"post_tag","embeddable":true,"href":"https:\/\/mula.es\/web\/wp-json\/wp\/v2\/tags?post=45809"}],"curies":[{"name":"wp","href":"https:\/\/api.w.org\/{rel}","templated":true}]}}