{"id":45828,"date":"2022-09-30T09:38:54","date_gmt":"2022-09-30T07:38:54","guid":{"rendered":"https:\/\/mula.es\/web\/?p=45828"},"modified":"2022-09-30T09:38:54","modified_gmt":"2022-09-30T07:38:54","slug":"cultura-biblioteca-somos-todos-en-mula-y-pedanias","status":"publish","type":"post","link":"https:\/\/mula.es\/web\/cultura-biblioteca-somos-todos-en-mula-y-pedanias\/","title":{"rendered":"CULTURA | Biblioteca somos todos en Mula y pedan\u00edas"},"content":{"rendered":"<p><div class=\"fusion-fullwidth fullwidth-box fusion-builder-row-1 fusion-flex-container nonhundred-percent-fullwidth non-hundred-percent-height-scrolling\" style=\"--awb-border-radius-top-left:0px;--awb-border-radius-top-right:0px;--awb-border-radius-bottom-right:0px;--awb-border-radius-bottom-left:0px;--awb-flex-wrap:wrap;\" ><div class=\"fusion-builder-row fusion-row fusion-flex-align-items-flex-start fusion-flex-content-wrap\" style=\"max-width:1144px;margin-left: calc(-4% \/ 2 );margin-right: calc(-4% \/ 2 );\"><div class=\"fusion-layout-column fusion_builder_column fusion-builder-column-0 fusion_builder_column_1_1 1_1 fusion-flex-column\" style=\"--awb-bg-size:cover;--awb-width-large:100%;--awb-margin-top-large:0px;--awb-spacing-right-large:1.92%;--awb-margin-bottom-large:0px;--awb-spacing-left-large:1.92%;--awb-width-medium:100%;--awb-spacing-right-medium:1.92%;--awb-spacing-left-medium:1.92%;--awb-width-small:100%;--awb-spacing-right-small:1.92%;--awb-spacing-left-small:1.92%;\"><div class=\"fusion-column-wrapper fusion-flex-justify-content-flex-start fusion-content-layout-column\"><div class=\"fusion-text fusion-text-1\"><p style=\"text-align: justify;\">La Biblioteca P\u00fablica Municipal organiza para Mula y las pedan\u00edas de El Ni\u00f1o, La Puebla, Los Ba\u00f1os, Fuente Librilla, Casas Nuevas y Y\u00e9char cuentacuentos y talleres dirigidos para ni\u00f1os de entre 4 y 11 a\u00f1os.<\/p>\n<p style=\"text-align: justify;\">&#x27a1;&#xfe0f;Bajo el lema \u2018Biblioteca Somos Todos\u2019 anima a los ni\u00f1os a conocer la Biblioteca P\u00fablica, fomentar la lectura y pasar una tarde divertida en torno a los cuentos, talleres, juegos y t\u00edteres.<\/p>\n<p style=\"text-align: justify;\">&#x27a1;&#xfe0f;Los viernes \u2018Biblioteca Somos Todos\u2019 se trasladar\u00e1 a las pedan\u00edas de 17 a 18.00 horas y los s\u00e1bados se realizar\u00e1n en la Biblioteca P\u00fablica de 12 a 13.00 horas.<\/p>\n<p style=\"text-align: justify;\">Para poder asistir a estas actividades es necesario inscribirse previamente formalizando la inscripci\u00f3n en la biblioteca hasta el 6 de octubre.<\/p>\n<p style=\"text-align: justify;\">Desde la Concejal\u00eda de Cultura y Patrimonio Hist\u00f3rico de Mula del Ayuntamiento de Mula seguimos trabajando por potenciar y promover la biblioteca a trav\u00e9s de interesantes actividades que puedan llegar a todos los rincones del municipio, de ah\u00ed que los ni\u00f1os de nuestras pedan\u00edas tambi\u00e9n puedan contar con las actividades y servicios l\u00fadicos de la biblioteca.<\/p>\n<p style=\"text-align: justify;\">&#x2705;&#xfe0f;Contamos con una importante secci\u00f3n de literatura y cuentos infantiles que se renueva constantemente adecu\u00e1ndola a los gustos de los m\u00e1s peque\u00f1os y con el apoyo de personal especializado con el fin de potenciar el gusto por la lectura y, lo m\u00e1s importante, al alcance de todos.<br \/>\n\u00a1An\u00edmate a disfrutar con los libros, cuentos y talleres!<\/p>\n<\/div><\/div><\/div><\/div><\/div><div class=\"fusion-fullwidth fullwidth-box fusion-builder-row-2 fusion-flex-container has-pattern-background has-mask-background nonhundred-percent-fullwidth non-hundred-percent-height-scrolling\" style=\"--awb-border-radius-top-left:0px;--awb-border-radius-top-right:0px;--awb-border-radius-bottom-right:0px;--awb-border-radius-bottom-left:0px;--awb-flex-wrap:wrap;\" ><div class=\"fusion-builder-row fusion-row fusion-flex-align-items-flex-start fusion-flex-content-wrap\" style=\"max-width:1144px;margin-left: calc(-4% \/ 2 );margin-right: calc(-4% \/ 2 );\"><div class=\"fusion-layout-column fusion_builder_column fusion-builder-column-1 fusion_builder_column_1_2 1_2 fusion-flex-column\" style=\"--awb-bg-size:cover;--awb-width-large:50%;--awb-margin-top-large:0px;--awb-spacing-right-large:3.84%;--awb-margin-bottom-large:20px;--awb-spacing-left-large:3.84%;--awb-width-medium:50%;--awb-order-medium:0;--awb-spacing-right-medium:3.84%;--awb-spacing-left-medium:3.84%;--awb-width-small:100%;--awb-order-small:0;--awb-spacing-right-small:1.92%;--awb-spacing-left-small:1.92%;\"><div class=\"fusion-column-wrapper fusion-column-has-shadow fusion-flex-justify-content-flex-start fusion-content-layout-column\"><div class=\"fusion-text fusion-text-2\"><p><a href=\"https:\/\/mula.es\/web\/wp-content\/uploads\/2022\/09\/bibliotecatodos1.jpg\"><img decoding=\"async\" data-attachment-id=\"45829\" data-permalink=\"https:\/\/mula.es\/web\/cultura-biblioteca-somos-todos-en-mula-y-pedanias\/bibliotecatodos1\/\" data-orig-file=\"https:\/\/mula.es\/web\/wp-content\/uploads\/2022\/09\/bibliotecatodos1.jpg\" data-orig-size=\"679,960\" data-comments-opened=\"0\" data-image-meta=\"\" data-image-title=\"bibliotecatodos1\" data-image-description=\"\" data-image-caption=\"\" data-large-file=\"https:\/\/mula.es\/web\/wp-content\/uploads\/2022\/09\/bibliotecatodos1.jpg\" class=\"size-full wp-image-45829 aligncenter\" src=\"https:\/\/mula.es\/web\/wp-content\/uploads\/2022\/09\/bibliotecatodos1.jpg\" alt=\"\" width=\"679\" height=\"960\" srcset=\"https:\/\/mula.es\/web\/wp-content\/uploads\/2022\/09\/bibliotecatodos1-200x283.jpg 200w, https:\/\/mula.es\/web\/wp-content\/uploads\/2022\/09\/bibliotecatodos1-212x300.jpg 212w, https:\/\/mula.es\/web\/wp-content\/uploads\/2022\/09\/bibliotecatodos1-400x566.jpg 400w, https:\/\/mula.es\/web\/wp-content\/uploads\/2022\/09\/bibliotecatodos1-600x848.jpg 600w, https:\/\/mula.es\/web\/wp-content\/uploads\/2022\/09\/bibliotecatodos1.jpg 679w\" sizes=\"(max-width: 679px) 100vw, 679px\" \/><\/a><\/p>\n<\/div><\/div><\/div><div class=\"fusion-layout-column fusion_builder_column fusion-builder-column-2 fusion_builder_column_1_2 1_2 fusion-flex-column\" style=\"--awb-bg-size:cover;--awb-width-large:50%;--awb-margin-top-large:0px;--awb-spacing-right-large:3.84%;--awb-margin-bottom-large:20px;--awb-spacing-left-large:3.84%;--awb-width-medium:50%;--awb-order-medium:0;--awb-spacing-right-medium:3.84%;--awb-spacing-left-medium:3.84%;--awb-width-small:100%;--awb-order-small:0;--awb-spacing-right-small:1.92%;--awb-spacing-left-small:1.92%;\"><div class=\"fusion-column-wrapper fusion-column-has-shadow fusion-flex-justify-content-flex-start fusion-content-layout-column\"><div class=\"fusion-text fusion-text-3\"><p><a href=\"https:\/\/mula.es\/web\/wp-content\/uploads\/2022\/09\/bibliotecatodos2.jpg\"><img decoding=\"async\" data-attachment-id=\"45830\" data-permalink=\"https:\/\/mula.es\/web\/cultura-biblioteca-somos-todos-en-mula-y-pedanias\/bibliotecatodos2\/\" data-orig-file=\"https:\/\/mula.es\/web\/wp-content\/uploads\/2022\/09\/bibliotecatodos2.jpg\" data-orig-size=\"1131,1600\" data-comments-opened=\"0\" data-image-meta=\"\" data-image-title=\"bibliotecatodos2\" data-image-description=\"\" data-image-caption=\"\" data-large-file=\"https:\/\/mula.es\/web\/wp-content\/uploads\/2022\/09\/bibliotecatodos2-724x1024.jpg\" class=\"size-large wp-image-45830 aligncenter\" src=\"https:\/\/mula.es\/web\/wp-content\/uploads\/2022\/09\/bibliotecatodos2-724x1024.jpg\" alt=\"\" width=\"724\" height=\"1024\" srcset=\"https:\/\/mula.es\/web\/wp-content\/uploads\/2022\/09\/bibliotecatodos2-200x283.jpg 200w, https:\/\/mula.es\/web\/wp-content\/uploads\/2022\/09\/bibliotecatodos2-212x300.jpg 212w, https:\/\/mula.es\/web\/wp-content\/uploads\/2022\/09\/bibliotecatodos2-400x566.jpg 400w, https:\/\/mula.es\/web\/wp-content\/uploads\/2022\/09\/bibliotecatodos2-600x849.jpg 600w, https:\/\/mula.es\/web\/wp-content\/uploads\/2022\/09\/bibliotecatodos2-724x1024.jpg 724w, https:\/\/mula.es\/web\/wp-content\/uploads\/2022\/09\/bibliotecatodos2-768x1086.jpg 768w, https:\/\/mula.es\/web\/wp-content\/uploads\/2022\/09\/bibliotecatodos2-800x1132.jpg 800w, https:\/\/mula.es\/web\/wp-content\/uploads\/2022\/09\/bibliotecatodos2-1086x1536.jpg 1086w, https:\/\/mula.es\/web\/wp-content\/uploads\/2022\/09\/bibliotecatodos2.jpg 1131w\" sizes=\"(max-width: 724px) 100vw, 724px\" \/><\/a><\/p>\n<\/div><\/div><\/div><\/div><\/div><\/p>\n","protected":false},"excerpt":{"rendered":"","protected":false},"author":9,"featured_media":13494,"comment_status":"closed","ping_status":"closed","sticky":false,"template":"","format":"standard","meta":{"jetpack_post_was_ever_published":false,"_jetpack_newsletter_access":"","_jetpack_dont_email_post_to_subs":false,"_jetpack_newsletter_tier_id":0,"_jetpack_memberships_contains_paywalled_content":false,"_jetpack_memberships_contains_paid_content":false,"footnotes":"","jetpack_publicize_message":"","jetpack_publicize_feature_enabled":true,"jetpack_social_post_already_shared":false,"jetpack_social_options":{"image_generator_settings":{"template":"highway","default_image_id":0,"font":"","enabled":false},"version":2}},"categories":[97],"tags":[813],"class_list":["post-45828","post","type-post","status-publish","format-standard","has-post-thumbnail","hentry","category-cultura","tag-biblioteca-somos-todos"],"yoast_head":"<!-- This site is optimized with the Yoast SEO plugin v27.5 - https:\/\/yoast.com\/product\/yoast-seo-wordpress\/ -->\n<title>CULTURA | Biblioteca somos todos en Mula y pedan\u00edas - Ayuntamiento de Mula<\/title>\n<meta name=\"robots\" content=\"index, follow, max-snippet:-1, max-image-preview:large, max-video-preview:-1\" \/>\n<link rel=\"canonical\" href=\"https:\/\/mula.es\/web\/cultura-biblioteca-somos-todos-en-mula-y-pedanias\/\" \/>\n<meta property=\"og:locale\" content=\"es_ES\" \/>\n<meta property=\"og:type\" content=\"article\" \/>\n<meta property=\"og:title\" content=\"CULTURA | Biblioteca somos todos en Mula y pedan\u00edas - Ayuntamiento de Mula\" \/>\n<meta property=\"og:url\" content=\"https:\/\/mula.es\/web\/cultura-biblioteca-somos-todos-en-mula-y-pedanias\/\" \/>\n<meta property=\"og:site_name\" content=\"Ayuntamiento de Mula\" \/>\n<meta property=\"article:published_time\" content=\"2022-09-30T07:38:54+00:00\" \/>\n<meta property=\"og:image\" content=\"https:\/\/mula.es\/web\/wp-content\/uploads\/2016\/01\/41_.jpg\" \/>\n\t<meta property=\"og:image:width\" content=\"800\" \/>\n\t<meta property=\"og:image:height\" content=\"600\" \/>\n\t<meta property=\"og:image:type\" content=\"image\/jpeg\" \/>\n<meta name=\"author\" content=\"Rosario Mart\u00ednez\" \/>\n<meta name=\"twitter:card\" content=\"summary_large_image\" \/>\n<meta name=\"twitter:image\" content=\"https:\/\/mula.es\/web\/wp-content\/uploads\/2020\/06\/cropped-escudo-cuadrado.jpg\" \/>\n<meta name=\"twitter:creator\" content=\"@AyuntamientMula\" \/>\n<meta name=\"twitter:site\" content=\"@AyuntamientMula\" \/>\n<meta name=\"twitter:label1\" content=\"Escrito por\" \/>\n\t<meta name=\"twitter:data1\" content=\"Rosario Mart\u00ednez\" \/>\n\t<meta name=\"twitter:label2\" content=\"Tiempo de lectura\" \/>\n\t<meta name=\"twitter:data2\" content=\"2 minutos\" \/>\n<script type=\"application\/ld+json\" class=\"yoast-schema-graph\">{\"@context\":\"https:\\\/\\\/schema.org\",\"@graph\":[{\"@type\":\"Article\",\"@id\":\"https:\\\/\\\/mula.es\\\/web\\\/cultura-biblioteca-somos-todos-en-mula-y-pedanias\\\/#article\",\"isPartOf\":{\"@id\":\"https:\\\/\\\/mula.es\\\/web\\\/cultura-biblioteca-somos-todos-en-mula-y-pedanias\\\/\"},\"author\":{\"name\":\"Rosario Mart\u00ednez\",\"@id\":\"https:\\\/\\\/mula.es\\\/web\\\/#\\\/schema\\\/person\\\/f8d63bd3ab6e7b025268b909b7ab0771\"},\"headline\":\"CULTURA | Biblioteca somos todos en Mula y pedan\u00edas\",\"datePublished\":\"2022-09-30T07:38:54+00:00\",\"mainEntityOfPage\":{\"@id\":\"https:\\\/\\\/mula.es\\\/web\\\/cultura-biblioteca-somos-todos-en-mula-y-pedanias\\\/\"},\"wordCount\":1563,\"image\":{\"@id\":\"https:\\\/\\\/mula.es\\\/web\\\/cultura-biblioteca-somos-todos-en-mula-y-pedanias\\\/#primaryimage\"},\"thumbnailUrl\":\"https:\\\/\\\/mula.es\\\/web\\\/wp-content\\\/uploads\\\/2016\\\/01\\\/41_.jpg\",\"keywords\":[\"biblioteca somos todos\"],\"articleSection\":[\"cultura\"],\"inLanguage\":\"es\"},{\"@type\":\"WebPage\",\"@id\":\"https:\\\/\\\/mula.es\\\/web\\\/cultura-biblioteca-somos-todos-en-mula-y-pedanias\\\/\",\"url\":\"https:\\\/\\\/mula.es\\\/web\\\/cultura-biblioteca-somos-todos-en-mula-y-pedanias\\\/\",\"name\":\"CULTURA | Biblioteca somos todos en Mula y pedan\u00edas - Ayuntamiento de Mula\",\"isPartOf\":{\"@id\":\"https:\\\/\\\/mula.es\\\/web\\\/#website\"},\"primaryImageOfPage\":{\"@id\":\"https:\\\/\\\/mula.es\\\/web\\\/cultura-biblioteca-somos-todos-en-mula-y-pedanias\\\/#primaryimage\"},\"image\":{\"@id\":\"https:\\\/\\\/mula.es\\\/web\\\/cultura-biblioteca-somos-todos-en-mula-y-pedanias\\\/#primaryimage\"},\"thumbnailUrl\":\"https:\\\/\\\/mula.es\\\/web\\\/wp-content\\\/uploads\\\/2016\\\/01\\\/41_.jpg\",\"datePublished\":\"2022-09-30T07:38:54+00:00\",\"author\":{\"@id\":\"https:\\\/\\\/mula.es\\\/web\\\/#\\\/schema\\\/person\\\/f8d63bd3ab6e7b025268b909b7ab0771\"},\"breadcrumb\":{\"@id\":\"https:\\\/\\\/mula.es\\\/web\\\/cultura-biblioteca-somos-todos-en-mula-y-pedanias\\\/#breadcrumb\"},\"inLanguage\":\"es\",\"potentialAction\":[{\"@type\":\"ReadAction\",\"target\":[\"https:\\\/\\\/mula.es\\\/web\\\/cultura-biblioteca-somos-todos-en-mula-y-pedanias\\\/\"]}]},{\"@type\":\"ImageObject\",\"inLanguage\":\"es\",\"@id\":\"https:\\\/\\\/mula.es\\\/web\\\/cultura-biblioteca-somos-todos-en-mula-y-pedanias\\\/#primaryimage\",\"url\":\"https:\\\/\\\/mula.es\\\/web\\\/wp-content\\\/uploads\\\/2016\\\/01\\\/41_.jpg\",\"contentUrl\":\"https:\\\/\\\/mula.es\\\/web\\\/wp-content\\\/uploads\\\/2016\\\/01\\\/41_.jpg\",\"width\":800,\"height\":600,\"caption\":\"imagen localizaci\u00f3n biblioteca archivo servicios sociales\"},{\"@type\":\"BreadcrumbList\",\"@id\":\"https:\\\/\\\/mula.es\\\/web\\\/cultura-biblioteca-somos-todos-en-mula-y-pedanias\\\/#breadcrumb\",\"itemListElement\":[{\"@type\":\"ListItem\",\"position\":1,\"name\":\"Portada\",\"item\":\"https:\\\/\\\/mula.es\\\/web\\\/\"},{\"@type\":\"ListItem\",\"position\":2,\"name\":\"CULTURA | Biblioteca somos todos en Mula y pedan\u00edas\"}]},{\"@type\":\"WebSite\",\"@id\":\"https:\\\/\\\/mula.es\\\/web\\\/#website\",\"url\":\"https:\\\/\\\/mula.es\\\/web\\\/\",\"name\":\"Ayuntamiento de Mula\",\"description\":\"P\u00e1gina web del Ayuntamiento de Mula (Regi\u00f3n de Murcia)\",\"potentialAction\":[{\"@type\":\"SearchAction\",\"target\":{\"@type\":\"EntryPoint\",\"urlTemplate\":\"https:\\\/\\\/mula.es\\\/web\\\/?s={search_term_string}\"},\"query-input\":{\"@type\":\"PropertyValueSpecification\",\"valueRequired\":true,\"valueName\":\"search_term_string\"}}],\"inLanguage\":\"es\"},{\"@type\":\"Person\",\"@id\":\"https:\\\/\\\/mula.es\\\/web\\\/#\\\/schema\\\/person\\\/f8d63bd3ab6e7b025268b909b7ab0771\",\"name\":\"Rosario Mart\u00ednez\",\"image\":{\"@type\":\"ImageObject\",\"inLanguage\":\"es\",\"@id\":\"https:\\\/\\\/secure.gravatar.com\\\/avatar\\\/ce916b980ac93e5b1d36e6068357675d4e089a572ebc8789fcb807c2fb2edfef?s=96&d=mm&r=g\",\"url\":\"https:\\\/\\\/secure.gravatar.com\\\/avatar\\\/ce916b980ac93e5b1d36e6068357675d4e089a572ebc8789fcb807c2fb2edfef?s=96&d=mm&r=g\",\"contentUrl\":\"https:\\\/\\\/secure.gravatar.com\\\/avatar\\\/ce916b980ac93e5b1d36e6068357675d4e089a572ebc8789fcb807c2fb2edfef?s=96&d=mm&r=g\",\"caption\":\"Rosario Mart\u00ednez\"},\"url\":\"https:\\\/\\\/mula.es\\\/web\\\/author\\\/rmartinez\\\/\"}]}<\/script>\n<!-- \/ Yoast SEO plugin. -->","yoast_head_json":{"title":"CULTURA | Biblioteca somos todos en Mula y pedan\u00edas - Ayuntamiento de Mula","robots":{"index":"index","follow":"follow","max-snippet":"max-snippet:-1","max-image-preview":"max-image-preview:large","max-video-preview":"max-video-preview:-1"},"canonical":"https:\/\/mula.es\/web\/cultura-biblioteca-somos-todos-en-mula-y-pedanias\/","og_locale":"es_ES","og_type":"article","og_title":"CULTURA | Biblioteca somos todos en Mula y pedan\u00edas - Ayuntamiento de Mula","og_url":"https:\/\/mula.es\/web\/cultura-biblioteca-somos-todos-en-mula-y-pedanias\/","og_site_name":"Ayuntamiento de Mula","article_published_time":"2022-09-30T07:38:54+00:00","og_image":[{"width":800,"height":600,"url":"https:\/\/mula.es\/web\/wp-content\/uploads\/2016\/01\/41_.jpg","type":"image\/jpeg"}],"author":"Rosario Mart\u00ednez","twitter_card":"summary_large_image","twitter_image":"https:\/\/mula.es\/web\/wp-content\/uploads\/2020\/06\/cropped-escudo-cuadrado.jpg","twitter_creator":"@AyuntamientMula","twitter_site":"@AyuntamientMula","twitter_misc":{"Escrito por":"Rosario Mart\u00ednez","Tiempo de lectura":"2 minutos"},"schema":{"@context":"https:\/\/schema.org","@graph":[{"@type":"Article","@id":"https:\/\/mula.es\/web\/cultura-biblioteca-somos-todos-en-mula-y-pedanias\/#article","isPartOf":{"@id":"https:\/\/mula.es\/web\/cultura-biblioteca-somos-todos-en-mula-y-pedanias\/"},"author":{"name":"Rosario Mart\u00ednez","@id":"https:\/\/mula.es\/web\/#\/schema\/person\/f8d63bd3ab6e7b025268b909b7ab0771"},"headline":"CULTURA | Biblioteca somos todos en Mula y pedan\u00edas","datePublished":"2022-09-30T07:38:54+00:00","mainEntityOfPage":{"@id":"https:\/\/mula.es\/web\/cultura-biblioteca-somos-todos-en-mula-y-pedanias\/"},"wordCount":1563,"image":{"@id":"https:\/\/mula.es\/web\/cultura-biblioteca-somos-todos-en-mula-y-pedanias\/#primaryimage"},"thumbnailUrl":"https:\/\/mula.es\/web\/wp-content\/uploads\/2016\/01\/41_.jpg","keywords":["biblioteca somos todos"],"articleSection":["cultura"],"inLanguage":"es"},{"@type":"WebPage","@id":"https:\/\/mula.es\/web\/cultura-biblioteca-somos-todos-en-mula-y-pedanias\/","url":"https:\/\/mula.es\/web\/cultura-biblioteca-somos-todos-en-mula-y-pedanias\/","name":"CULTURA | Biblioteca somos todos en Mula y pedan\u00edas - Ayuntamiento de Mula","isPartOf":{"@id":"https:\/\/mula.es\/web\/#website"},"primaryImageOfPage":{"@id":"https:\/\/mula.es\/web\/cultura-biblioteca-somos-todos-en-mula-y-pedanias\/#primaryimage"},"image":{"@id":"https:\/\/mula.es\/web\/cultura-biblioteca-somos-todos-en-mula-y-pedanias\/#primaryimage"},"thumbnailUrl":"https:\/\/mula.es\/web\/wp-content\/uploads\/2016\/01\/41_.jpg","datePublished":"2022-09-30T07:38:54+00:00","author":{"@id":"https:\/\/mula.es\/web\/#\/schema\/person\/f8d63bd3ab6e7b025268b909b7ab0771"},"breadcrumb":{"@id":"https:\/\/mula.es\/web\/cultura-biblioteca-somos-todos-en-mula-y-pedanias\/#breadcrumb"},"inLanguage":"es","potentialAction":[{"@type":"ReadAction","target":["https:\/\/mula.es\/web\/cultura-biblioteca-somos-todos-en-mula-y-pedanias\/"]}]},{"@type":"ImageObject","inLanguage":"es","@id":"https:\/\/mula.es\/web\/cultura-biblioteca-somos-todos-en-mula-y-pedanias\/#primaryimage","url":"https:\/\/mula.es\/web\/wp-content\/uploads\/2016\/01\/41_.jpg","contentUrl":"https:\/\/mula.es\/web\/wp-content\/uploads\/2016\/01\/41_.jpg","width":800,"height":600,"caption":"imagen localizaci\u00f3n biblioteca archivo servicios sociales"},{"@type":"BreadcrumbList","@id":"https:\/\/mula.es\/web\/cultura-biblioteca-somos-todos-en-mula-y-pedanias\/#breadcrumb","itemListElement":[{"@type":"ListItem","position":1,"name":"Portada","item":"https:\/\/mula.es\/web\/"},{"@type":"ListItem","position":2,"name":"CULTURA | Biblioteca somos todos en Mula y pedan\u00edas"}]},{"@type":"WebSite","@id":"https:\/\/mula.es\/web\/#website","url":"https:\/\/mula.es\/web\/","name":"Ayuntamiento de Mula","description":"P\u00e1gina web del Ayuntamiento de Mula (Regi\u00f3n de Murcia)","potentialAction":[{"@type":"SearchAction","target":{"@type":"EntryPoint","urlTemplate":"https:\/\/mula.es\/web\/?s={search_term_string}"},"query-input":{"@type":"PropertyValueSpecification","valueRequired":true,"valueName":"search_term_string"}}],"inLanguage":"es"},{"@type":"Person","@id":"https:\/\/mula.es\/web\/#\/schema\/person\/f8d63bd3ab6e7b025268b909b7ab0771","name":"Rosario Mart\u00ednez","image":{"@type":"ImageObject","inLanguage":"es","@id":"https:\/\/secure.gravatar.com\/avatar\/ce916b980ac93e5b1d36e6068357675d4e089a572ebc8789fcb807c2fb2edfef?s=96&d=mm&r=g","url":"https:\/\/secure.gravatar.com\/avatar\/ce916b980ac93e5b1d36e6068357675d4e089a572ebc8789fcb807c2fb2edfef?s=96&d=mm&r=g","contentUrl":"https:\/\/secure.gravatar.com\/avatar\/ce916b980ac93e5b1d36e6068357675d4e089a572ebc8789fcb807c2fb2edfef?s=96&d=mm&r=g","caption":"Rosario Mart\u00ednez"},"url":"https:\/\/mula.es\/web\/author\/rmartinez\/"}]}},"jetpack_publicize_connections":[],"jetpack_featured_media_url":"https:\/\/mula.es\/web\/wp-content\/uploads\/2016\/01\/41_.jpg","jetpack_sharing_enabled":true,"jetpack_shortlink":"https:\/\/wp.me\/pa9DMY-bVa","jetpack-related-posts":[],"_links":{"self":[{"href":"https:\/\/mula.es\/web\/wp-json\/wp\/v2\/posts\/45828","targetHints":{"allow":["GET"]}}],"collection":[{"href":"https:\/\/mula.es\/web\/wp-json\/wp\/v2\/posts"}],"about":[{"href":"https:\/\/mula.es\/web\/wp-json\/wp\/v2\/types\/post"}],"author":[{"embeddable":true,"href":"https:\/\/mula.es\/web\/wp-json\/wp\/v2\/users\/9"}],"replies":[{"embeddable":true,"href":"https:\/\/mula.es\/web\/wp-json\/wp\/v2\/comments?post=45828"}],"version-history":[{"count":1,"href":"https:\/\/mula.es\/web\/wp-json\/wp\/v2\/posts\/45828\/revisions"}],"predecessor-version":[{"id":45831,"href":"https:\/\/mula.es\/web\/wp-json\/wp\/v2\/posts\/45828\/revisions\/45831"}],"wp:featuredmedia":[{"embeddable":true,"href":"https:\/\/mula.es\/web\/wp-json\/wp\/v2\/media\/13494"}],"wp:attachment":[{"href":"https:\/\/mula.es\/web\/wp-json\/wp\/v2\/media?parent=45828"}],"wp:term":[{"taxonomy":"category","embeddable":true,"href":"https:\/\/mula.es\/web\/wp-json\/wp\/v2\/categories?post=45828"},{"taxonomy":"post_tag","embeddable":true,"href":"https:\/\/mula.es\/web\/wp-json\/wp\/v2\/tags?post=45828"}],"curies":[{"name":"wp","href":"https:\/\/api.w.org\/{rel}","templated":true}]}}