{"id":46043,"date":"2022-10-24T12:14:48","date_gmt":"2022-10-24T10:14:48","guid":{"rendered":"https:\/\/mula.es\/web\/?p=46043"},"modified":"2022-10-24T12:18:08","modified_gmt":"2022-10-24T10:18:08","slug":"cultura-programacion-otono-cultural-2022","status":"publish","type":"post","link":"https:\/\/mula.es\/web\/cultura-programacion-otono-cultural-2022\/","title":{"rendered":"CULTURA | Programaci\u00f3n OTO\u00d1O CULTURAL 2022"},"content":{"rendered":"<p><div class=\"fusion-fullwidth fullwidth-box fusion-builder-row-1 fusion-flex-container nonhundred-percent-fullwidth non-hundred-percent-height-scrolling\" style=\"--awb-border-radius-top-left:0px;--awb-border-radius-top-right:0px;--awb-border-radius-bottom-right:0px;--awb-border-radius-bottom-left:0px;--awb-flex-wrap:wrap;\" ><div class=\"fusion-builder-row fusion-row fusion-flex-align-items-flex-start fusion-flex-content-wrap\" style=\"max-width:1144px;margin-left: calc(-4% \/ 2 );margin-right: calc(-4% \/ 2 );\"><div class=\"fusion-layout-column fusion_builder_column fusion-builder-column-0 fusion_builder_column_1_1 1_1 fusion-flex-column\" style=\"--awb-bg-size:cover;--awb-width-large:100%;--awb-margin-top-large:0px;--awb-spacing-right-large:1.92%;--awb-margin-bottom-large:0px;--awb-spacing-left-large:1.92%;--awb-width-medium:100%;--awb-spacing-right-medium:1.92%;--awb-spacing-left-medium:1.92%;--awb-width-small:100%;--awb-spacing-right-small:1.92%;--awb-spacing-left-small:1.92%;\"><div class=\"fusion-column-wrapper fusion-flex-justify-content-flex-start fusion-content-layout-column\"><div class=\"fusion-text fusion-text-1\"><p>La Concejal\u00eda de Cultura y Patrimonio Hist\u00f3rico se complace en enviarle la programaci\u00f3n Oto\u00f1o Cultural organizada por esta concejal\u00eda.<\/p>\n<\/div><div class=\"fusion-text fusion-text-2\"><h2 style=\"text-align: center;\"><strong><a href=\"https:\/\/mula.es\/web\/wp-content\/uploads\/2022\/10\/Prog_cultural_otono_2022.pdf\" target=\"_blank\" rel=\"noopener\">Programaci\u00f3n cultural oto\u00f1o 2022 (.pdf)<\/a><\/strong><\/h2>\n<\/div><\/div><\/div><\/div><\/div><div class=\"fusion-fullwidth fullwidth-box fusion-builder-row-2 fusion-flex-container has-pattern-background has-mask-background nonhundred-percent-fullwidth non-hundred-percent-height-scrolling\" style=\"--awb-border-radius-top-left:0px;--awb-border-radius-top-right:0px;--awb-border-radius-bottom-right:0px;--awb-border-radius-bottom-left:0px;--awb-flex-wrap:wrap;\" ><div class=\"fusion-builder-row fusion-row fusion-flex-align-items-flex-start fusion-flex-content-wrap\" style=\"max-width:1144px;margin-left: calc(-4% \/ 2 );margin-right: calc(-4% \/ 2 );\"><div class=\"fusion-layout-column fusion_builder_column fusion-builder-column-1 fusion_builder_column_1_2 1_2 fusion-flex-column\" style=\"--awb-bg-size:cover;--awb-width-large:50%;--awb-margin-top-large:0px;--awb-spacing-right-large:3.84%;--awb-margin-bottom-large:20px;--awb-spacing-left-large:3.84%;--awb-width-medium:50%;--awb-order-medium:0;--awb-spacing-right-medium:3.84%;--awb-spacing-left-medium:3.84%;--awb-width-small:100%;--awb-order-small:0;--awb-spacing-right-small:1.92%;--awb-spacing-left-small:1.92%;\"><div class=\"fusion-column-wrapper fusion-column-has-shadow fusion-flex-justify-content-flex-start fusion-content-layout-column\"><div class=\"fusion-text fusion-text-3\"><p><a href=\"https:\/\/mula.es\/web\/wp-content\/uploads\/2022\/10\/image-5.png\"><img decoding=\"async\" data-attachment-id=\"46044\" data-permalink=\"https:\/\/mula.es\/web\/cultura-programacion-otono-cultural-2022\/image-5-2\/\" data-orig-file=\"https:\/\/mula.es\/web\/wp-content\/uploads\/2022\/10\/image-5.png\" data-orig-size=\"640,1281\" data-comments-opened=\"0\" data-image-meta=\"\" data-image-title=\"Programaci\u00f3n cultural oto\u00f1o 2022\" data-image-description=\"\" data-image-caption=\"\" data-large-file=\"https:\/\/mula.es\/web\/wp-content\/uploads\/2022\/10\/image-5-512x1024.png\" class=\"size-large wp-image-46044 aligncenter\" src=\"https:\/\/mula.es\/web\/wp-content\/uploads\/2022\/10\/image-5-512x1024.png\" alt=\"\" width=\"512\" height=\"1024\" srcset=\"https:\/\/mula.es\/web\/wp-content\/uploads\/2022\/10\/image-5-150x300.png 150w, https:\/\/mula.es\/web\/wp-content\/uploads\/2022\/10\/image-5-200x400.png 200w, https:\/\/mula.es\/web\/wp-content\/uploads\/2022\/10\/image-5-400x801.png 400w, https:\/\/mula.es\/web\/wp-content\/uploads\/2022\/10\/image-5-512x1024.png 512w, https:\/\/mula.es\/web\/wp-content\/uploads\/2022\/10\/image-5-600x1201.png 600w, https:\/\/mula.es\/web\/wp-content\/uploads\/2022\/10\/image-5.png 640w\" sizes=\"(max-width: 512px) 100vw, 512px\" \/><\/a><\/p>\n<\/div><\/div><\/div><div class=\"fusion-layout-column fusion_builder_column fusion-builder-column-2 fusion_builder_column_1_2 1_2 fusion-flex-column\" style=\"--awb-bg-size:cover;--awb-width-large:50%;--awb-margin-top-large:0px;--awb-spacing-right-large:3.84%;--awb-margin-bottom-large:20px;--awb-spacing-left-large:3.84%;--awb-width-medium:50%;--awb-order-medium:0;--awb-spacing-right-medium:3.84%;--awb-spacing-left-medium:3.84%;--awb-width-small:100%;--awb-order-small:0;--awb-spacing-right-small:1.92%;--awb-spacing-left-small:1.92%;\"><div class=\"fusion-column-wrapper fusion-column-has-shadow fusion-flex-justify-content-flex-start fusion-content-layout-column\"><div class=\"fusion-text fusion-text-4\"><p><a href=\"https:\/\/mula.es\/web\/wp-content\/uploads\/2022\/10\/image-10.png\"><img decoding=\"async\" data-attachment-id=\"46045\" data-permalink=\"https:\/\/mula.es\/web\/cultura-programacion-otono-cultural-2022\/image-10\/\" data-orig-file=\"https:\/\/mula.es\/web\/wp-content\/uploads\/2022\/10\/image-10.png\" data-orig-size=\"1949,4134\" data-comments-opened=\"0\" data-image-meta=\"\" data-image-title=\"Taller de teatro Lazarillo de Tormes\" data-image-description=\"\" data-image-caption=\"\" data-large-file=\"https:\/\/mula.es\/web\/wp-content\/uploads\/2022\/10\/image-10-483x1024.png\" class=\"size-large wp-image-46045 aligncenter\" src=\"https:\/\/mula.es\/web\/wp-content\/uploads\/2022\/10\/image-10-483x1024.png\" alt=\"\" width=\"483\" height=\"1024\" srcset=\"https:\/\/mula.es\/web\/wp-content\/uploads\/2022\/10\/image-10-141x300.png 141w, https:\/\/mula.es\/web\/wp-content\/uploads\/2022\/10\/image-10-200x424.png 200w, https:\/\/mula.es\/web\/wp-content\/uploads\/2022\/10\/image-10-400x848.png 400w, https:\/\/mula.es\/web\/wp-content\/uploads\/2022\/10\/image-10-483x1024.png 483w, https:\/\/mula.es\/web\/wp-content\/uploads\/2022\/10\/image-10-600x1273.png 600w, https:\/\/mula.es\/web\/wp-content\/uploads\/2022\/10\/image-10-724x1536.png 724w, https:\/\/mula.es\/web\/wp-content\/uploads\/2022\/10\/image-10-768x1629.png 768w, https:\/\/mula.es\/web\/wp-content\/uploads\/2022\/10\/image-10-800x1697.png 800w, https:\/\/mula.es\/web\/wp-content\/uploads\/2022\/10\/image-10-966x2048.png 966w, https:\/\/mula.es\/web\/wp-content\/uploads\/2022\/10\/image-10-1200x2545.png 1200w\" sizes=\"(max-width: 483px) 100vw, 483px\" \/><\/a><\/p>\n<\/div><\/div><\/div><\/div><\/div><div class=\"fusion-fullwidth fullwidth-box fusion-builder-row-3 fusion-flex-container has-pattern-background has-mask-background nonhundred-percent-fullwidth non-hundred-percent-height-scrolling\" style=\"--awb-border-radius-top-left:0px;--awb-border-radius-top-right:0px;--awb-border-radius-bottom-right:0px;--awb-border-radius-bottom-left:0px;--awb-flex-wrap:wrap;\" ><div class=\"fusion-builder-row fusion-row fusion-flex-align-items-flex-start fusion-flex-content-wrap\" style=\"max-width:1144px;margin-left: calc(-4% \/ 2 );margin-right: calc(-4% \/ 2 );\"><div class=\"fusion-layout-column fusion_builder_column fusion-builder-column-3 fusion_builder_column_1_2 1_2 fusion-flex-column\" style=\"--awb-bg-size:cover;--awb-width-large:50%;--awb-margin-top-large:0px;--awb-spacing-right-large:3.84%;--awb-margin-bottom-large:20px;--awb-spacing-left-large:3.84%;--awb-width-medium:50%;--awb-order-medium:0;--awb-spacing-right-medium:3.84%;--awb-spacing-left-medium:3.84%;--awb-width-small:100%;--awb-order-small:0;--awb-spacing-right-small:1.92%;--awb-spacing-left-small:1.92%;\"><div class=\"fusion-column-wrapper fusion-column-has-shadow fusion-flex-justify-content-flex-start fusion-content-layout-column\"><div class=\"fusion-text fusion-text-5\"><p><a href=\"https:\/\/mula.es\/web\/wp-content\/uploads\/2022\/10\/image-6.png\"><img decoding=\"async\" data-attachment-id=\"46046\" data-permalink=\"https:\/\/mula.es\/web\/cultura-programacion-otono-cultural-2022\/image-6-2\/\" data-orig-file=\"https:\/\/mula.es\/web\/wp-content\/uploads\/2022\/10\/image-6.png\" data-orig-size=\"945,1329\" data-comments-opened=\"0\" data-image-meta=\"\" data-image-title=\"Curso de historia de la comarca del R\u00edo Mula 2022\" data-image-description=\"\" data-image-caption=\"\" data-large-file=\"https:\/\/mula.es\/web\/wp-content\/uploads\/2022\/10\/image-6-728x1024.png\" class=\"size-large wp-image-46046 aligncenter\" src=\"https:\/\/mula.es\/web\/wp-content\/uploads\/2022\/10\/image-6-728x1024.png\" alt=\"\" width=\"728\" height=\"1024\" srcset=\"https:\/\/mula.es\/web\/wp-content\/uploads\/2022\/10\/image-6-200x281.png 200w, https:\/\/mula.es\/web\/wp-content\/uploads\/2022\/10\/image-6-213x300.png 213w, https:\/\/mula.es\/web\/wp-content\/uploads\/2022\/10\/image-6-400x563.png 400w, https:\/\/mula.es\/web\/wp-content\/uploads\/2022\/10\/image-6-600x844.png 600w, https:\/\/mula.es\/web\/wp-content\/uploads\/2022\/10\/image-6-728x1024.png 728w, https:\/\/mula.es\/web\/wp-content\/uploads\/2022\/10\/image-6-768x1080.png 768w, https:\/\/mula.es\/web\/wp-content\/uploads\/2022\/10\/image-6-800x1125.png 800w, https:\/\/mula.es\/web\/wp-content\/uploads\/2022\/10\/image-6.png 945w\" sizes=\"(max-width: 728px) 100vw, 728px\" \/><\/a><\/p>\n<\/div><\/div><\/div><div class=\"fusion-layout-column fusion_builder_column fusion-builder-column-4 fusion_builder_column_1_2 1_2 fusion-flex-column\" style=\"--awb-bg-size:cover;--awb-width-large:50%;--awb-margin-top-large:0px;--awb-spacing-right-large:3.84%;--awb-margin-bottom-large:20px;--awb-spacing-left-large:3.84%;--awb-width-medium:50%;--awb-order-medium:0;--awb-spacing-right-medium:3.84%;--awb-spacing-left-medium:3.84%;--awb-width-small:100%;--awb-order-small:0;--awb-spacing-right-small:1.92%;--awb-spacing-left-small:1.92%;\"><div class=\"fusion-column-wrapper fusion-column-has-shadow fusion-flex-justify-content-flex-start fusion-content-layout-column\"><div class=\"fusion-text fusion-text-6\"><p><a href=\"https:\/\/mula.es\/web\/wp-content\/uploads\/2022\/10\/image-7.png\"><img decoding=\"async\" data-attachment-id=\"46047\" data-permalink=\"https:\/\/mula.es\/web\/cultura-programacion-otono-cultural-2022\/image-7-2\/\" data-orig-file=\"https:\/\/mula.es\/web\/wp-content\/uploads\/2022\/10\/image-7.png\" data-orig-size=\"946,1329\" data-comments-opened=\"0\" data-image-meta=\"\" data-image-title=\"Don Juan Tenorio\" data-image-description=\"\" data-image-caption=\"\" data-large-file=\"https:\/\/mula.es\/web\/wp-content\/uploads\/2022\/10\/image-7-729x1024.png\" class=\"size-large wp-image-46047 aligncenter\" src=\"https:\/\/mula.es\/web\/wp-content\/uploads\/2022\/10\/image-7-729x1024.png\" alt=\"\" width=\"729\" height=\"1024\" srcset=\"https:\/\/mula.es\/web\/wp-content\/uploads\/2022\/10\/image-7-200x281.png 200w, https:\/\/mula.es\/web\/wp-content\/uploads\/2022\/10\/image-7-214x300.png 214w, https:\/\/mula.es\/web\/wp-content\/uploads\/2022\/10\/image-7-400x562.png 400w, https:\/\/mula.es\/web\/wp-content\/uploads\/2022\/10\/image-7-600x843.png 600w, https:\/\/mula.es\/web\/wp-content\/uploads\/2022\/10\/image-7-729x1024.png 729w, https:\/\/mula.es\/web\/wp-content\/uploads\/2022\/10\/image-7-768x1079.png 768w, https:\/\/mula.es\/web\/wp-content\/uploads\/2022\/10\/image-7-800x1124.png 800w, https:\/\/mula.es\/web\/wp-content\/uploads\/2022\/10\/image-7.png 946w\" sizes=\"(max-width: 729px) 100vw, 729px\" \/><\/a><\/p>\n<\/div><\/div><\/div><\/div><\/div><div class=\"fusion-fullwidth fullwidth-box fusion-builder-row-4 fusion-flex-container has-pattern-background has-mask-background nonhundred-percent-fullwidth non-hundred-percent-height-scrolling\" style=\"--awb-border-radius-top-left:0px;--awb-border-radius-top-right:0px;--awb-border-radius-bottom-right:0px;--awb-border-radius-bottom-left:0px;--awb-flex-wrap:wrap;\" ><div class=\"fusion-builder-row fusion-row fusion-flex-align-items-flex-start fusion-flex-content-wrap\" style=\"max-width:1144px;margin-left: calc(-4% \/ 2 );margin-right: calc(-4% \/ 2 );\"><div class=\"fusion-layout-column fusion_builder_column fusion-builder-column-5 fusion_builder_column_1_2 1_2 fusion-flex-column\" style=\"--awb-bg-size:cover;--awb-width-large:50%;--awb-margin-top-large:0px;--awb-spacing-right-large:3.84%;--awb-margin-bottom-large:20px;--awb-spacing-left-large:3.84%;--awb-width-medium:50%;--awb-order-medium:0;--awb-spacing-right-medium:3.84%;--awb-spacing-left-medium:3.84%;--awb-width-small:100%;--awb-order-small:0;--awb-spacing-right-small:1.92%;--awb-spacing-left-small:1.92%;\"><div class=\"fusion-column-wrapper fusion-column-has-shadow fusion-flex-justify-content-flex-start fusion-content-layout-column\"><div class=\"fusion-text fusion-text-7\"><p><a href=\"https:\/\/mula.es\/web\/wp-content\/uploads\/2022\/10\/image-8.png\"><img decoding=\"async\" data-attachment-id=\"46048\" data-permalink=\"https:\/\/mula.es\/web\/cultura-programacion-otono-cultural-2022\/image-8-2\/\" data-orig-file=\"https:\/\/mula.es\/web\/wp-content\/uploads\/2022\/10\/image-8.png\" data-orig-size=\"946,1329\" data-comments-opened=\"0\" data-image-meta=\"\" data-image-title=\"Cantajuegos\" data-image-description=\"\" data-image-caption=\"\" data-large-file=\"https:\/\/mula.es\/web\/wp-content\/uploads\/2022\/10\/image-8-729x1024.png\" class=\"size-large wp-image-46048 aligncenter\" src=\"https:\/\/mula.es\/web\/wp-content\/uploads\/2022\/10\/image-8-729x1024.png\" alt=\"\" width=\"729\" height=\"1024\" srcset=\"https:\/\/mula.es\/web\/wp-content\/uploads\/2022\/10\/image-8-200x281.png 200w, https:\/\/mula.es\/web\/wp-content\/uploads\/2022\/10\/image-8-214x300.png 214w, https:\/\/mula.es\/web\/wp-content\/uploads\/2022\/10\/image-8-400x562.png 400w, https:\/\/mula.es\/web\/wp-content\/uploads\/2022\/10\/image-8-600x843.png 600w, https:\/\/mula.es\/web\/wp-content\/uploads\/2022\/10\/image-8-729x1024.png 729w, https:\/\/mula.es\/web\/wp-content\/uploads\/2022\/10\/image-8-768x1079.png 768w, https:\/\/mula.es\/web\/wp-content\/uploads\/2022\/10\/image-8-800x1124.png 800w, https:\/\/mula.es\/web\/wp-content\/uploads\/2022\/10\/image-8.png 946w\" sizes=\"(max-width: 729px) 100vw, 729px\" \/><\/a><\/p>\n<\/div><\/div><\/div><div class=\"fusion-layout-column fusion_builder_column fusion-builder-column-6 fusion_builder_column_1_2 1_2 fusion-flex-column\" style=\"--awb-bg-size:cover;--awb-width-large:50%;--awb-margin-top-large:0px;--awb-spacing-right-large:3.84%;--awb-margin-bottom-large:20px;--awb-spacing-left-large:3.84%;--awb-width-medium:50%;--awb-order-medium:0;--awb-spacing-right-medium:3.84%;--awb-spacing-left-medium:3.84%;--awb-width-small:100%;--awb-order-small:0;--awb-spacing-right-small:1.92%;--awb-spacing-left-small:1.92%;\"><div class=\"fusion-column-wrapper fusion-column-has-shadow fusion-flex-justify-content-flex-start fusion-content-layout-column\"><div class=\"fusion-text fusion-text-8\"><p><a href=\"https:\/\/mula.es\/web\/wp-content\/uploads\/2022\/10\/image-9.png\"><img decoding=\"async\" data-attachment-id=\"46049\" data-permalink=\"https:\/\/mula.es\/web\/cultura-programacion-otono-cultural-2022\/image-9\/\" data-orig-file=\"https:\/\/mula.es\/web\/wp-content\/uploads\/2022\/10\/image-9.png\" data-orig-size=\"1131,1600\" data-comments-opened=\"0\" data-image-meta=\"\" data-image-title=\"Festival Infantil de Folclore\" data-image-description=\"\" data-image-caption=\"\" data-large-file=\"https:\/\/mula.es\/web\/wp-content\/uploads\/2022\/10\/image-9-724x1024.png\" class=\"size-large wp-image-46049 aligncenter\" src=\"https:\/\/mula.es\/web\/wp-content\/uploads\/2022\/10\/image-9-724x1024.png\" alt=\"\" width=\"724\" height=\"1024\" srcset=\"https:\/\/mula.es\/web\/wp-content\/uploads\/2022\/10\/image-9-200x283.png 200w, https:\/\/mula.es\/web\/wp-content\/uploads\/2022\/10\/image-9-212x300.png 212w, https:\/\/mula.es\/web\/wp-content\/uploads\/2022\/10\/image-9-400x566.png 400w, https:\/\/mula.es\/web\/wp-content\/uploads\/2022\/10\/image-9-600x849.png 600w, https:\/\/mula.es\/web\/wp-content\/uploads\/2022\/10\/image-9-724x1024.png 724w, https:\/\/mula.es\/web\/wp-content\/uploads\/2022\/10\/image-9-768x1086.png 768w, https:\/\/mula.es\/web\/wp-content\/uploads\/2022\/10\/image-9-800x1132.png 800w, https:\/\/mula.es\/web\/wp-content\/uploads\/2022\/10\/image-9-1086x1536.png 1086w, https:\/\/mula.es\/web\/wp-content\/uploads\/2022\/10\/image-9.png 1131w\" sizes=\"(max-width: 724px) 100vw, 724px\" \/><\/a><\/p>\n<\/div><\/div><\/div><\/div><\/div><div class=\"fusion-fullwidth fullwidth-box fusion-builder-row-5 fusion-flex-container has-pattern-background has-mask-background nonhundred-percent-fullwidth non-hundred-percent-height-scrolling\" style=\"--awb-border-radius-top-left:0px;--awb-border-radius-top-right:0px;--awb-border-radius-bottom-right:0px;--awb-border-radius-bottom-left:0px;--awb-flex-wrap:wrap;\" ><div class=\"fusion-builder-row fusion-row fusion-flex-align-items-flex-start fusion-flex-content-wrap\" style=\"max-width:1144px;margin-left: calc(-4% \/ 2 );margin-right: calc(-4% \/ 2 );\"><div class=\"fusion-layout-column fusion_builder_column fusion-builder-column-7 fusion_builder_column_1_2 1_2 fusion-flex-column\" style=\"--awb-bg-size:cover;--awb-width-large:50%;--awb-margin-top-large:0px;--awb-spacing-right-large:3.84%;--awb-margin-bottom-large:20px;--awb-spacing-left-large:3.84%;--awb-width-medium:50%;--awb-order-medium:0;--awb-spacing-right-medium:3.84%;--awb-spacing-left-medium:3.84%;--awb-width-small:100%;--awb-order-small:0;--awb-spacing-right-small:1.92%;--awb-spacing-left-small:1.92%;\"><div class=\"fusion-column-wrapper fusion-column-has-shadow fusion-flex-justify-content-flex-start fusion-content-layout-column\"><div class=\"fusion-text fusion-text-9\"><p><a href=\"https:\/\/mula.es\/web\/wp-content\/uploads\/2022\/10\/image-11.png\"><img decoding=\"async\" data-attachment-id=\"46050\" data-permalink=\"https:\/\/mula.es\/web\/cultura-programacion-otono-cultural-2022\/image-11\/\" data-orig-file=\"https:\/\/mula.es\/web\/wp-content\/uploads\/2022\/10\/image-11.png\" data-orig-size=\"1080,764\" data-comments-opened=\"0\" data-image-meta=\"\" data-image-title=\"Gu\u00eda patrimonio cultural de Y\u00e9char\" data-image-description=\"\" data-image-caption=\"\" data-large-file=\"https:\/\/mula.es\/web\/wp-content\/uploads\/2022\/10\/image-11-1024x724.png\" class=\"size-large wp-image-46050 aligncenter\" src=\"https:\/\/mula.es\/web\/wp-content\/uploads\/2022\/10\/image-11-1024x724.png\" alt=\"\" width=\"1024\" height=\"724\" srcset=\"https:\/\/mula.es\/web\/wp-content\/uploads\/2022\/10\/image-11-200x141.png 200w, https:\/\/mula.es\/web\/wp-content\/uploads\/2022\/10\/image-11-300x212.png 300w, https:\/\/mula.es\/web\/wp-content\/uploads\/2022\/10\/image-11-400x283.png 400w, https:\/\/mula.es\/web\/wp-content\/uploads\/2022\/10\/image-11-600x424.png 600w, https:\/\/mula.es\/web\/wp-content\/uploads\/2022\/10\/image-11-768x543.png 768w, https:\/\/mula.es\/web\/wp-content\/uploads\/2022\/10\/image-11-800x566.png 800w, https:\/\/mula.es\/web\/wp-content\/uploads\/2022\/10\/image-11-1024x724.png 1024w, https:\/\/mula.es\/web\/wp-content\/uploads\/2022\/10\/image-11.png 1080w\" sizes=\"(max-width: 1024px) 100vw, 1024px\" \/><\/a><\/p>\n<\/div><\/div><\/div><div class=\"fusion-layout-column fusion_builder_column fusion-builder-column-8 fusion_builder_column_1_2 1_2 fusion-flex-column\" style=\"--awb-bg-size:cover;--awb-width-large:50%;--awb-margin-top-large:0px;--awb-spacing-right-large:3.84%;--awb-margin-bottom-large:20px;--awb-spacing-left-large:3.84%;--awb-width-medium:50%;--awb-order-medium:0;--awb-spacing-right-medium:3.84%;--awb-spacing-left-medium:3.84%;--awb-width-small:100%;--awb-order-small:0;--awb-spacing-right-small:1.92%;--awb-spacing-left-small:1.92%;\"><div class=\"fusion-column-wrapper fusion-column-has-shadow fusion-flex-justify-content-flex-start fusion-content-layout-column\"><div class=\"fusion-text fusion-text-10\"><p><a href=\"https:\/\/mula.es\/web\/wp-content\/uploads\/2022\/10\/image-12.png\"><img decoding=\"async\" data-attachment-id=\"46051\" data-permalink=\"https:\/\/mula.es\/web\/cultura-programacion-otono-cultural-2022\/image-12\/\" data-orig-file=\"https:\/\/mula.es\/web\/wp-content\/uploads\/2022\/10\/image-12.png\" data-orig-size=\"495,743\" data-comments-opened=\"0\" data-image-meta=\"\" data-image-title=\"50 lugares m\u00e1gicos Regi\u00f3n de Murcia\" data-image-description=\"\" data-image-caption=\"\" data-large-file=\"https:\/\/mula.es\/web\/wp-content\/uploads\/2022\/10\/image-12.png\" class=\"size-full wp-image-46051 aligncenter\" src=\"https:\/\/mula.es\/web\/wp-content\/uploads\/2022\/10\/image-12.png\" alt=\"\" width=\"495\" height=\"743\" srcset=\"https:\/\/mula.es\/web\/wp-content\/uploads\/2022\/10\/image-12-200x300.png 200w, https:\/\/mula.es\/web\/wp-content\/uploads\/2022\/10\/image-12-400x600.png 400w, https:\/\/mula.es\/web\/wp-content\/uploads\/2022\/10\/image-12.png 495w\" sizes=\"(max-width: 495px) 100vw, 495px\" \/><\/a><\/p>\n<\/div><\/div><\/div><\/div><\/div><\/p>\n","protected":false},"excerpt":{"rendered":"","protected":false},"author":9,"featured_media":33350,"comment_status":"closed","ping_status":"closed","sticky":false,"template":"","format":"standard","meta":{"jetpack_post_was_ever_published":false,"_jetpack_newsletter_access":"","_jetpack_dont_email_post_to_subs":false,"_jetpack_newsletter_tier_id":0,"_jetpack_memberships_contains_paywalled_content":false,"_jetpack_memberships_contains_paid_content":false,"footnotes":"","jetpack_publicize_message":"","jetpack_publicize_feature_enabled":true,"jetpack_social_post_already_shared":false,"jetpack_social_options":{"image_generator_settings":{"template":"highway","default_image_id":0,"font":"","enabled":false},"version":2}},"categories":[97],"tags":[653],"class_list":["post-46043","post","type-post","status-publish","format-standard","has-post-thumbnail","hentry","category-cultura","tag-programacion-cultural"],"yoast_head":"<!-- This site is optimized with the Yoast SEO plugin v27.5 - https:\/\/yoast.com\/product\/yoast-seo-wordpress\/ -->\n<title>CULTURA | Programaci\u00f3n OTO\u00d1O CULTURAL 2022 - Ayuntamiento de Mula<\/title>\n<meta name=\"robots\" content=\"index, follow, max-snippet:-1, max-image-preview:large, max-video-preview:-1\" \/>\n<link rel=\"canonical\" href=\"https:\/\/mula.es\/web\/cultura-programacion-otono-cultural-2022\/\" \/>\n<meta property=\"og:locale\" content=\"es_ES\" \/>\n<meta property=\"og:type\" content=\"article\" \/>\n<meta property=\"og:title\" content=\"CULTURA | Programaci\u00f3n OTO\u00d1O CULTURAL 2022 - Ayuntamiento de Mula\" \/>\n<meta property=\"og:url\" content=\"https:\/\/mula.es\/web\/cultura-programacion-otono-cultural-2022\/\" \/>\n<meta property=\"og:site_name\" content=\"Ayuntamiento de Mula\" \/>\n<meta property=\"article:published_time\" content=\"2022-10-24T10:14:48+00:00\" \/>\n<meta property=\"article:modified_time\" content=\"2022-10-24T10:18:08+00:00\" \/>\n<meta property=\"og:image\" content=\"https:\/\/mula.es\/web\/wp-content\/uploads\/2020\/06\/cropped-escudo-cuadrado.jpg\" \/>\n\t<meta property=\"og:image:width\" content=\"512\" \/>\n\t<meta property=\"og:image:height\" content=\"512\" \/>\n\t<meta property=\"og:image:type\" content=\"image\/jpeg\" \/>\n<meta name=\"author\" content=\"Rosario Mart\u00ednez\" \/>\n<meta name=\"twitter:card\" content=\"summary_large_image\" \/>\n<meta name=\"twitter:creator\" content=\"@AyuntamientMula\" \/>\n<meta name=\"twitter:site\" content=\"@AyuntamientMula\" \/>\n<meta name=\"twitter:label1\" content=\"Escrito por\" \/>\n\t<meta name=\"twitter:data1\" content=\"Rosario Mart\u00ednez\" \/>\n\t<meta name=\"twitter:label2\" content=\"Tiempo de lectura\" \/>\n\t<meta name=\"twitter:data2\" content=\"10 minutos\" \/>\n<script type=\"application\/ld+json\" class=\"yoast-schema-graph\">{\"@context\":\"https:\\\/\\\/schema.org\",\"@graph\":[{\"@type\":\"Article\",\"@id\":\"https:\\\/\\\/mula.es\\\/web\\\/cultura-programacion-otono-cultural-2022\\\/#article\",\"isPartOf\":{\"@id\":\"https:\\\/\\\/mula.es\\\/web\\\/cultura-programacion-otono-cultural-2022\\\/\"},\"author\":{\"name\":\"Rosario Mart\u00ednez\",\"@id\":\"https:\\\/\\\/mula.es\\\/web\\\/#\\\/schema\\\/person\\\/f8d63bd3ab6e7b025268b909b7ab0771\"},\"headline\":\"CULTURA | Programaci\u00f3n OTO\u00d1O CULTURAL 2022\",\"datePublished\":\"2022-10-24T10:14:48+00:00\",\"dateModified\":\"2022-10-24T10:18:08+00:00\",\"mainEntityOfPage\":{\"@id\":\"https:\\\/\\\/mula.es\\\/web\\\/cultura-programacion-otono-cultural-2022\\\/\"},\"wordCount\":4804,\"image\":{\"@id\":\"https:\\\/\\\/mula.es\\\/web\\\/cultura-programacion-otono-cultural-2022\\\/#primaryimage\"},\"thumbnailUrl\":\"https:\\\/\\\/mula.es\\\/web\\\/wp-content\\\/uploads\\\/2020\\\/05\\\/ESCUDO-CONSEJO-ESCOLAR-DE-MULA-COLOR.jpeg\",\"keywords\":[\"programaci\u00f3n cultural\"],\"articleSection\":[\"cultura\"],\"inLanguage\":\"es\"},{\"@type\":\"WebPage\",\"@id\":\"https:\\\/\\\/mula.es\\\/web\\\/cultura-programacion-otono-cultural-2022\\\/\",\"url\":\"https:\\\/\\\/mula.es\\\/web\\\/cultura-programacion-otono-cultural-2022\\\/\",\"name\":\"CULTURA | Programaci\u00f3n OTO\u00d1O CULTURAL 2022 - Ayuntamiento de Mula\",\"isPartOf\":{\"@id\":\"https:\\\/\\\/mula.es\\\/web\\\/#website\"},\"primaryImageOfPage\":{\"@id\":\"https:\\\/\\\/mula.es\\\/web\\\/cultura-programacion-otono-cultural-2022\\\/#primaryimage\"},\"image\":{\"@id\":\"https:\\\/\\\/mula.es\\\/web\\\/cultura-programacion-otono-cultural-2022\\\/#primaryimage\"},\"thumbnailUrl\":\"https:\\\/\\\/mula.es\\\/web\\\/wp-content\\\/uploads\\\/2020\\\/05\\\/ESCUDO-CONSEJO-ESCOLAR-DE-MULA-COLOR.jpeg\",\"datePublished\":\"2022-10-24T10:14:48+00:00\",\"dateModified\":\"2022-10-24T10:18:08+00:00\",\"author\":{\"@id\":\"https:\\\/\\\/mula.es\\\/web\\\/#\\\/schema\\\/person\\\/f8d63bd3ab6e7b025268b909b7ab0771\"},\"breadcrumb\":{\"@id\":\"https:\\\/\\\/mula.es\\\/web\\\/cultura-programacion-otono-cultural-2022\\\/#breadcrumb\"},\"inLanguage\":\"es\",\"potentialAction\":[{\"@type\":\"ReadAction\",\"target\":[\"https:\\\/\\\/mula.es\\\/web\\\/cultura-programacion-otono-cultural-2022\\\/\"]}]},{\"@type\":\"ImageObject\",\"inLanguage\":\"es\",\"@id\":\"https:\\\/\\\/mula.es\\\/web\\\/cultura-programacion-otono-cultural-2022\\\/#primaryimage\",\"url\":\"https:\\\/\\\/mula.es\\\/web\\\/wp-content\\\/uploads\\\/2020\\\/05\\\/ESCUDO-CONSEJO-ESCOLAR-DE-MULA-COLOR.jpeg\",\"contentUrl\":\"https:\\\/\\\/mula.es\\\/web\\\/wp-content\\\/uploads\\\/2020\\\/05\\\/ESCUDO-CONSEJO-ESCOLAR-DE-MULA-COLOR.jpeg\",\"width\":128,\"height\":117},{\"@type\":\"BreadcrumbList\",\"@id\":\"https:\\\/\\\/mula.es\\\/web\\\/cultura-programacion-otono-cultural-2022\\\/#breadcrumb\",\"itemListElement\":[{\"@type\":\"ListItem\",\"position\":1,\"name\":\"Portada\",\"item\":\"https:\\\/\\\/mula.es\\\/web\\\/\"},{\"@type\":\"ListItem\",\"position\":2,\"name\":\"CULTURA | Programaci\u00f3n OTO\u00d1O CULTURAL 2022\"}]},{\"@type\":\"WebSite\",\"@id\":\"https:\\\/\\\/mula.es\\\/web\\\/#website\",\"url\":\"https:\\\/\\\/mula.es\\\/web\\\/\",\"name\":\"Ayuntamiento de Mula\",\"description\":\"P\u00e1gina web del Ayuntamiento de Mula (Regi\u00f3n de Murcia)\",\"potentialAction\":[{\"@type\":\"SearchAction\",\"target\":{\"@type\":\"EntryPoint\",\"urlTemplate\":\"https:\\\/\\\/mula.es\\\/web\\\/?s={search_term_string}\"},\"query-input\":{\"@type\":\"PropertyValueSpecification\",\"valueRequired\":true,\"valueName\":\"search_term_string\"}}],\"inLanguage\":\"es\"},{\"@type\":\"Person\",\"@id\":\"https:\\\/\\\/mula.es\\\/web\\\/#\\\/schema\\\/person\\\/f8d63bd3ab6e7b025268b909b7ab0771\",\"name\":\"Rosario Mart\u00ednez\",\"image\":{\"@type\":\"ImageObject\",\"inLanguage\":\"es\",\"@id\":\"https:\\\/\\\/secure.gravatar.com\\\/avatar\\\/ce916b980ac93e5b1d36e6068357675d4e089a572ebc8789fcb807c2fb2edfef?s=96&d=mm&r=g\",\"url\":\"https:\\\/\\\/secure.gravatar.com\\\/avatar\\\/ce916b980ac93e5b1d36e6068357675d4e089a572ebc8789fcb807c2fb2edfef?s=96&d=mm&r=g\",\"contentUrl\":\"https:\\\/\\\/secure.gravatar.com\\\/avatar\\\/ce916b980ac93e5b1d36e6068357675d4e089a572ebc8789fcb807c2fb2edfef?s=96&d=mm&r=g\",\"caption\":\"Rosario Mart\u00ednez\"},\"url\":\"https:\\\/\\\/mula.es\\\/web\\\/author\\\/rmartinez\\\/\"}]}<\/script>\n<!-- \/ Yoast SEO plugin. -->","yoast_head_json":{"title":"CULTURA | Programaci\u00f3n OTO\u00d1O CULTURAL 2022 - Ayuntamiento de Mula","robots":{"index":"index","follow":"follow","max-snippet":"max-snippet:-1","max-image-preview":"max-image-preview:large","max-video-preview":"max-video-preview:-1"},"canonical":"https:\/\/mula.es\/web\/cultura-programacion-otono-cultural-2022\/","og_locale":"es_ES","og_type":"article","og_title":"CULTURA | Programaci\u00f3n OTO\u00d1O CULTURAL 2022 - Ayuntamiento de Mula","og_url":"https:\/\/mula.es\/web\/cultura-programacion-otono-cultural-2022\/","og_site_name":"Ayuntamiento de Mula","article_published_time":"2022-10-24T10:14:48+00:00","article_modified_time":"2022-10-24T10:18:08+00:00","og_image":[{"width":512,"height":512,"url":"https:\/\/mula.es\/web\/wp-content\/uploads\/2020\/06\/cropped-escudo-cuadrado.jpg","type":"image\/jpeg"}],"author":"Rosario Mart\u00ednez","twitter_card":"summary_large_image","twitter_creator":"@AyuntamientMula","twitter_site":"@AyuntamientMula","twitter_misc":{"Escrito por":"Rosario Mart\u00ednez","Tiempo de lectura":"10 minutos"},"schema":{"@context":"https:\/\/schema.org","@graph":[{"@type":"Article","@id":"https:\/\/mula.es\/web\/cultura-programacion-otono-cultural-2022\/#article","isPartOf":{"@id":"https:\/\/mula.es\/web\/cultura-programacion-otono-cultural-2022\/"},"author":{"name":"Rosario Mart\u00ednez","@id":"https:\/\/mula.es\/web\/#\/schema\/person\/f8d63bd3ab6e7b025268b909b7ab0771"},"headline":"CULTURA | Programaci\u00f3n OTO\u00d1O CULTURAL 2022","datePublished":"2022-10-24T10:14:48+00:00","dateModified":"2022-10-24T10:18:08+00:00","mainEntityOfPage":{"@id":"https:\/\/mula.es\/web\/cultura-programacion-otono-cultural-2022\/"},"wordCount":4804,"image":{"@id":"https:\/\/mula.es\/web\/cultura-programacion-otono-cultural-2022\/#primaryimage"},"thumbnailUrl":"https:\/\/mula.es\/web\/wp-content\/uploads\/2020\/05\/ESCUDO-CONSEJO-ESCOLAR-DE-MULA-COLOR.jpeg","keywords":["programaci\u00f3n cultural"],"articleSection":["cultura"],"inLanguage":"es"},{"@type":"WebPage","@id":"https:\/\/mula.es\/web\/cultura-programacion-otono-cultural-2022\/","url":"https:\/\/mula.es\/web\/cultura-programacion-otono-cultural-2022\/","name":"CULTURA | Programaci\u00f3n OTO\u00d1O CULTURAL 2022 - Ayuntamiento de Mula","isPartOf":{"@id":"https:\/\/mula.es\/web\/#website"},"primaryImageOfPage":{"@id":"https:\/\/mula.es\/web\/cultura-programacion-otono-cultural-2022\/#primaryimage"},"image":{"@id":"https:\/\/mula.es\/web\/cultura-programacion-otono-cultural-2022\/#primaryimage"},"thumbnailUrl":"https:\/\/mula.es\/web\/wp-content\/uploads\/2020\/05\/ESCUDO-CONSEJO-ESCOLAR-DE-MULA-COLOR.jpeg","datePublished":"2022-10-24T10:14:48+00:00","dateModified":"2022-10-24T10:18:08+00:00","author":{"@id":"https:\/\/mula.es\/web\/#\/schema\/person\/f8d63bd3ab6e7b025268b909b7ab0771"},"breadcrumb":{"@id":"https:\/\/mula.es\/web\/cultura-programacion-otono-cultural-2022\/#breadcrumb"},"inLanguage":"es","potentialAction":[{"@type":"ReadAction","target":["https:\/\/mula.es\/web\/cultura-programacion-otono-cultural-2022\/"]}]},{"@type":"ImageObject","inLanguage":"es","@id":"https:\/\/mula.es\/web\/cultura-programacion-otono-cultural-2022\/#primaryimage","url":"https:\/\/mula.es\/web\/wp-content\/uploads\/2020\/05\/ESCUDO-CONSEJO-ESCOLAR-DE-MULA-COLOR.jpeg","contentUrl":"https:\/\/mula.es\/web\/wp-content\/uploads\/2020\/05\/ESCUDO-CONSEJO-ESCOLAR-DE-MULA-COLOR.jpeg","width":128,"height":117},{"@type":"BreadcrumbList","@id":"https:\/\/mula.es\/web\/cultura-programacion-otono-cultural-2022\/#breadcrumb","itemListElement":[{"@type":"ListItem","position":1,"name":"Portada","item":"https:\/\/mula.es\/web\/"},{"@type":"ListItem","position":2,"name":"CULTURA | Programaci\u00f3n OTO\u00d1O CULTURAL 2022"}]},{"@type":"WebSite","@id":"https:\/\/mula.es\/web\/#website","url":"https:\/\/mula.es\/web\/","name":"Ayuntamiento de Mula","description":"P\u00e1gina web del Ayuntamiento de Mula (Regi\u00f3n de Murcia)","potentialAction":[{"@type":"SearchAction","target":{"@type":"EntryPoint","urlTemplate":"https:\/\/mula.es\/web\/?s={search_term_string}"},"query-input":{"@type":"PropertyValueSpecification","valueRequired":true,"valueName":"search_term_string"}}],"inLanguage":"es"},{"@type":"Person","@id":"https:\/\/mula.es\/web\/#\/schema\/person\/f8d63bd3ab6e7b025268b909b7ab0771","name":"Rosario Mart\u00ednez","image":{"@type":"ImageObject","inLanguage":"es","@id":"https:\/\/secure.gravatar.com\/avatar\/ce916b980ac93e5b1d36e6068357675d4e089a572ebc8789fcb807c2fb2edfef?s=96&d=mm&r=g","url":"https:\/\/secure.gravatar.com\/avatar\/ce916b980ac93e5b1d36e6068357675d4e089a572ebc8789fcb807c2fb2edfef?s=96&d=mm&r=g","contentUrl":"https:\/\/secure.gravatar.com\/avatar\/ce916b980ac93e5b1d36e6068357675d4e089a572ebc8789fcb807c2fb2edfef?s=96&d=mm&r=g","caption":"Rosario Mart\u00ednez"},"url":"https:\/\/mula.es\/web\/author\/rmartinez\/"}]}},"jetpack_publicize_connections":[],"jetpack_featured_media_url":"https:\/\/mula.es\/web\/wp-content\/uploads\/2020\/05\/ESCUDO-CONSEJO-ESCOLAR-DE-MULA-COLOR.jpeg","jetpack_sharing_enabled":true,"jetpack_shortlink":"https:\/\/wp.me\/pa9DMY-bYD","jetpack-related-posts":[],"_links":{"self":[{"href":"https:\/\/mula.es\/web\/wp-json\/wp\/v2\/posts\/46043","targetHints":{"allow":["GET"]}}],"collection":[{"href":"https:\/\/mula.es\/web\/wp-json\/wp\/v2\/posts"}],"about":[{"href":"https:\/\/mula.es\/web\/wp-json\/wp\/v2\/types\/post"}],"author":[{"embeddable":true,"href":"https:\/\/mula.es\/web\/wp-json\/wp\/v2\/users\/9"}],"replies":[{"embeddable":true,"href":"https:\/\/mula.es\/web\/wp-json\/wp\/v2\/comments?post=46043"}],"version-history":[{"count":2,"href":"https:\/\/mula.es\/web\/wp-json\/wp\/v2\/posts\/46043\/revisions"}],"predecessor-version":[{"id":46054,"href":"https:\/\/mula.es\/web\/wp-json\/wp\/v2\/posts\/46043\/revisions\/46054"}],"wp:featuredmedia":[{"embeddable":true,"href":"https:\/\/mula.es\/web\/wp-json\/wp\/v2\/media\/33350"}],"wp:attachment":[{"href":"https:\/\/mula.es\/web\/wp-json\/wp\/v2\/media?parent=46043"}],"wp:term":[{"taxonomy":"category","embeddable":true,"href":"https:\/\/mula.es\/web\/wp-json\/wp\/v2\/categories?post=46043"},{"taxonomy":"post_tag","embeddable":true,"href":"https:\/\/mula.es\/web\/wp-json\/wp\/v2\/tags?post=46043"}],"curies":[{"name":"wp","href":"https:\/\/api.w.org\/{rel}","templated":true}]}}