{"id":46402,"date":"2022-11-16T17:25:44","date_gmt":"2022-11-16T16:25:44","guid":{"rendered":"https:\/\/mula.es\/web\/?p=46402"},"modified":"2022-11-16T17:25:44","modified_gmt":"2022-11-16T16:25:44","slug":"turismo-el-alcalde-de-mula-visita-el-aparcamiento-de-autocaravanas-de-casas-nuevas","status":"publish","type":"post","link":"https:\/\/mula.es\/web\/turismo-el-alcalde-de-mula-visita-el-aparcamiento-de-autocaravanas-de-casas-nuevas\/","title":{"rendered":"TURISMO| El alcalde de Mula visita el aparcamiento de autocaravanas de Casas Nuevas"},"content":{"rendered":"<p style=\"text-align: justify;\"><strong>Juan Jes\u00fas Moreno, alcalde de Mula, ha visitado el nuevo aparcamiento de autocaravanas y caravanas situado en la pedan\u00eda de Casas Nuevas. Un proyecto promovido por el Ayuntamiento de Mula y que se enmarca en el Plan de Sostenibilidad de la Mancomunidad de Servicios Tur\u00edsticos de Sierra Espu\u00f1a.<\/strong><\/p>\n<p style=\"text-align: justify;\">Juan Jes\u00fas Moreno, acompa\u00f1ado por las concejalas Alejandra Mart\u00ednez y Candelaria Navarro y el concejal Vicente L\u00f3pez, ha realizado un recorrido por la zona, ubicada en la cara norte del Parque Regional de Sierra Espu\u00f1a. Tambi\u00e9n han acudido el t\u00e9cnico del Ayuntamiento Le\u00f3n Saavedra y la presidenta de la Junta Vecinal de Casas Nuevas Rosario Ros, junto a otros miembros de la misma.<\/p>\n<p style=\"text-align: justify;\">El alcalde de Mula ha se\u00f1alado que <strong>\u201ces un acierto poder tener este aparcamiento en Casas Nuevas y poder trabajar para luchar contra la despoblaci\u00f3n mediante zonas como esta\u201d<\/strong>. Asimismo, ha continuado hablando de que estas iniciativas \u201crevitalizan y dan vida a las pedan\u00edas\u201d.<\/p>\n<p style=\"text-align: justify;\">Con la instalaci\u00f3n de este aparcamiento, que ha supuesto una inversi\u00f3n de 40 mil euros provenientes del Plan de Sostenibilidad y del municipio, se busca potenciar el turismo de la pedan\u00eda y activar la vida de los vecinos. Casas Nuevas es un territorio clave para el turismo de monta\u00f1a, ya que su ubicaci\u00f3n en Sierra Espu\u00f1a hace que muchos senderistas y monta\u00f1eros pasen por ah\u00ed. Sin embargo, hasta ahora solamente dispon\u00eda del albergue municipal y del aparcamiento de autocaravanas situado en la ciudad de Mula para que pernocten.<\/p>\n<p style=\"text-align: justify;\">En la actualidad, ya est\u00e1 en funcionamiento y cuenta con grandes parcelas hechas para que puedan extenderse sin ning\u00fan problema los toldos de las autocaravanas. Tiene la capacidad de albergar 20 veh\u00edculos, cuenta con iluminaci\u00f3n, papeleras y cubos de basura, agua para reponer abastecimiento y para eliminar aguas residuales grises y negras.<\/p>\n","protected":false},"excerpt":{"rendered":"<p>Juan Jes\u00fas Moreno, alcalde de Mula, ha visitado el nuevo aparcamiento de autocaravanas y caravanas situado en la pedan\u00eda de Casas Nuevas. Un proyecto promovido por el Ayuntamiento de Mula y que se enmarca en el Plan de Sostenibilidad de la Mancomunidad de Servicios Tur\u00edsticos de Sierra Espu\u00f1a. Juan Jes\u00fas Moreno, acompa\u00f1ado por las concejalas  [&#8230;]<\/p>\n","protected":false},"author":12,"featured_media":46403,"comment_status":"closed","ping_status":"closed","sticky":false,"template":"","format":"standard","meta":{"jetpack_post_was_ever_published":false,"_jetpack_newsletter_access":"","_jetpack_dont_email_post_to_subs":false,"_jetpack_newsletter_tier_id":0,"_jetpack_memberships_contains_paywalled_content":false,"_jetpack_memberships_contains_paid_content":false,"footnotes":"","jetpack_publicize_message":"","jetpack_publicize_feature_enabled":true,"jetpack_social_post_already_shared":false,"jetpack_social_options":{"image_generator_settings":{"template":"highway","default_image_id":0,"font":"","enabled":false},"version":2}},"categories":[75],"tags":[837,821,838,825],"class_list":["post-46402","post","type-post","status-publish","format-standard","has-post-thumbnail","hentry","category-turismo","tag-caravanas","tag-murcia","tag-sierra-espuna","tag-turismo"],"yoast_head":"<!-- This site is optimized with the Yoast SEO plugin v27.4 - https:\/\/yoast.com\/product\/yoast-seo-wordpress\/ -->\n<title>TURISMO| El alcalde de Mula visita el aparcamiento de autocaravanas de Casas Nuevas - Ayuntamiento de Mula<\/title>\n<meta name=\"robots\" content=\"index, follow, max-snippet:-1, max-image-preview:large, max-video-preview:-1\" \/>\n<link rel=\"canonical\" href=\"https:\/\/mula.es\/web\/turismo-el-alcalde-de-mula-visita-el-aparcamiento-de-autocaravanas-de-casas-nuevas\/\" \/>\n<meta property=\"og:locale\" content=\"es_ES\" \/>\n<meta property=\"og:type\" content=\"article\" \/>\n<meta property=\"og:title\" content=\"TURISMO| El alcalde de Mula visita el aparcamiento de autocaravanas de Casas Nuevas - Ayuntamiento de Mula\" \/>\n<meta property=\"og:description\" content=\"Juan Jes\u00fas Moreno, alcalde de Mula, ha visitado el nuevo aparcamiento de autocaravanas y caravanas situado en la pedan\u00eda de Casas Nuevas. Un proyecto promovido por el Ayuntamiento de Mula y que se enmarca en el Plan de Sostenibilidad de la Mancomunidad de Servicios Tur\u00edsticos de Sierra Espu\u00f1a. Juan Jes\u00fas Moreno, acompa\u00f1ado por las concejalas [...]\" \/>\n<meta property=\"og:url\" content=\"https:\/\/mula.es\/web\/turismo-el-alcalde-de-mula-visita-el-aparcamiento-de-autocaravanas-de-casas-nuevas\/\" \/>\n<meta property=\"og:site_name\" content=\"Ayuntamiento de Mula\" \/>\n<meta property=\"article:published_time\" content=\"2022-11-16T16:25:44+00:00\" \/>\n<meta property=\"og:image\" content=\"https:\/\/mula.es\/web\/wp-content\/uploads\/2022\/11\/Visita-al-aparcamiento-de-autocaravanas-de-Casas-Nuevas.jpeg\" \/>\n\t<meta property=\"og:image:width\" content=\"1600\" \/>\n\t<meta property=\"og:image:height\" content=\"1066\" \/>\n\t<meta property=\"og:image:type\" content=\"image\/jpeg\" \/>\n<meta name=\"author\" content=\"Mar\u00eda Bel\u00e9n Sumba Bravo\" \/>\n<meta name=\"twitter:card\" content=\"summary_large_image\" \/>\n<meta name=\"twitter:creator\" content=\"@AyuntamientMula\" \/>\n<meta name=\"twitter:site\" content=\"@AyuntamientMula\" \/>\n<meta name=\"twitter:label1\" content=\"Escrito por\" \/>\n\t<meta name=\"twitter:data1\" content=\"Mar\u00eda Bel\u00e9n Sumba Bravo\" \/>\n\t<meta name=\"twitter:label2\" content=\"Tiempo de lectura\" \/>\n\t<meta name=\"twitter:data2\" content=\"2 minutos\" \/>\n<script type=\"application\/ld+json\" class=\"yoast-schema-graph\">{\"@context\":\"https:\\\/\\\/schema.org\",\"@graph\":[{\"@type\":\"Article\",\"@id\":\"https:\\\/\\\/mula.es\\\/web\\\/turismo-el-alcalde-de-mula-visita-el-aparcamiento-de-autocaravanas-de-casas-nuevas\\\/#article\",\"isPartOf\":{\"@id\":\"https:\\\/\\\/mula.es\\\/web\\\/turismo-el-alcalde-de-mula-visita-el-aparcamiento-de-autocaravanas-de-casas-nuevas\\\/\"},\"author\":{\"name\":\"Mar\u00eda Bel\u00e9n Sumba Bravo\",\"@id\":\"https:\\\/\\\/mula.es\\\/web\\\/#\\\/schema\\\/person\\\/4cc33fc69cd667605e1b6247815ac0c0\"},\"headline\":\"TURISMO| El alcalde de Mula visita el aparcamiento de autocaravanas de Casas Nuevas\",\"datePublished\":\"2022-11-16T16:25:44+00:00\",\"mainEntityOfPage\":{\"@id\":\"https:\\\/\\\/mula.es\\\/web\\\/turismo-el-alcalde-de-mula-visita-el-aparcamiento-de-autocaravanas-de-casas-nuevas\\\/\"},\"wordCount\":332,\"image\":{\"@id\":\"https:\\\/\\\/mula.es\\\/web\\\/turismo-el-alcalde-de-mula-visita-el-aparcamiento-de-autocaravanas-de-casas-nuevas\\\/#primaryimage\"},\"thumbnailUrl\":\"https:\\\/\\\/mula.es\\\/web\\\/wp-content\\\/uploads\\\/2022\\\/11\\\/Visita-al-aparcamiento-de-autocaravanas-de-Casas-Nuevas.jpeg\",\"keywords\":[\"caravanas\",\"murcia\",\"sierra espu\u00f1a\",\"turismo\"],\"articleSection\":[\"turismo\"],\"inLanguage\":\"es\"},{\"@type\":\"WebPage\",\"@id\":\"https:\\\/\\\/mula.es\\\/web\\\/turismo-el-alcalde-de-mula-visita-el-aparcamiento-de-autocaravanas-de-casas-nuevas\\\/\",\"url\":\"https:\\\/\\\/mula.es\\\/web\\\/turismo-el-alcalde-de-mula-visita-el-aparcamiento-de-autocaravanas-de-casas-nuevas\\\/\",\"name\":\"TURISMO| El alcalde de Mula visita el aparcamiento de autocaravanas de Casas Nuevas - Ayuntamiento de Mula\",\"isPartOf\":{\"@id\":\"https:\\\/\\\/mula.es\\\/web\\\/#website\"},\"primaryImageOfPage\":{\"@id\":\"https:\\\/\\\/mula.es\\\/web\\\/turismo-el-alcalde-de-mula-visita-el-aparcamiento-de-autocaravanas-de-casas-nuevas\\\/#primaryimage\"},\"image\":{\"@id\":\"https:\\\/\\\/mula.es\\\/web\\\/turismo-el-alcalde-de-mula-visita-el-aparcamiento-de-autocaravanas-de-casas-nuevas\\\/#primaryimage\"},\"thumbnailUrl\":\"https:\\\/\\\/mula.es\\\/web\\\/wp-content\\\/uploads\\\/2022\\\/11\\\/Visita-al-aparcamiento-de-autocaravanas-de-Casas-Nuevas.jpeg\",\"datePublished\":\"2022-11-16T16:25:44+00:00\",\"author\":{\"@id\":\"https:\\\/\\\/mula.es\\\/web\\\/#\\\/schema\\\/person\\\/4cc33fc69cd667605e1b6247815ac0c0\"},\"breadcrumb\":{\"@id\":\"https:\\\/\\\/mula.es\\\/web\\\/turismo-el-alcalde-de-mula-visita-el-aparcamiento-de-autocaravanas-de-casas-nuevas\\\/#breadcrumb\"},\"inLanguage\":\"es\",\"potentialAction\":[{\"@type\":\"ReadAction\",\"target\":[\"https:\\\/\\\/mula.es\\\/web\\\/turismo-el-alcalde-de-mula-visita-el-aparcamiento-de-autocaravanas-de-casas-nuevas\\\/\"]}]},{\"@type\":\"ImageObject\",\"inLanguage\":\"es\",\"@id\":\"https:\\\/\\\/mula.es\\\/web\\\/turismo-el-alcalde-de-mula-visita-el-aparcamiento-de-autocaravanas-de-casas-nuevas\\\/#primaryimage\",\"url\":\"https:\\\/\\\/mula.es\\\/web\\\/wp-content\\\/uploads\\\/2022\\\/11\\\/Visita-al-aparcamiento-de-autocaravanas-de-Casas-Nuevas.jpeg\",\"contentUrl\":\"https:\\\/\\\/mula.es\\\/web\\\/wp-content\\\/uploads\\\/2022\\\/11\\\/Visita-al-aparcamiento-de-autocaravanas-de-Casas-Nuevas.jpeg\",\"width\":1600,\"height\":1066,\"caption\":\"Visita al aparcamiento de autocaravanas de Casas Nuevas\"},{\"@type\":\"BreadcrumbList\",\"@id\":\"https:\\\/\\\/mula.es\\\/web\\\/turismo-el-alcalde-de-mula-visita-el-aparcamiento-de-autocaravanas-de-casas-nuevas\\\/#breadcrumb\",\"itemListElement\":[{\"@type\":\"ListItem\",\"position\":1,\"name\":\"Portada\",\"item\":\"https:\\\/\\\/mula.es\\\/web\\\/\"},{\"@type\":\"ListItem\",\"position\":2,\"name\":\"TURISMO| El alcalde de Mula visita el aparcamiento de autocaravanas de Casas Nuevas\"}]},{\"@type\":\"WebSite\",\"@id\":\"https:\\\/\\\/mula.es\\\/web\\\/#website\",\"url\":\"https:\\\/\\\/mula.es\\\/web\\\/\",\"name\":\"Ayuntamiento de Mula\",\"description\":\"P\u00e1gina web del Ayuntamiento de Mula (Regi\u00f3n de Murcia)\",\"potentialAction\":[{\"@type\":\"SearchAction\",\"target\":{\"@type\":\"EntryPoint\",\"urlTemplate\":\"https:\\\/\\\/mula.es\\\/web\\\/?s={search_term_string}\"},\"query-input\":{\"@type\":\"PropertyValueSpecification\",\"valueRequired\":true,\"valueName\":\"search_term_string\"}}],\"inLanguage\":\"es\"},{\"@type\":\"Person\",\"@id\":\"https:\\\/\\\/mula.es\\\/web\\\/#\\\/schema\\\/person\\\/4cc33fc69cd667605e1b6247815ac0c0\",\"name\":\"Mar\u00eda Bel\u00e9n Sumba Bravo\",\"image\":{\"@type\":\"ImageObject\",\"inLanguage\":\"es\",\"@id\":\"https:\\\/\\\/secure.gravatar.com\\\/avatar\\\/8f65af12a8d72e866f97bba50325bdf89a5362533b6f2c9db8c88130883986b1?s=96&d=mm&r=g\",\"url\":\"https:\\\/\\\/secure.gravatar.com\\\/avatar\\\/8f65af12a8d72e866f97bba50325bdf89a5362533b6f2c9db8c88130883986b1?s=96&d=mm&r=g\",\"contentUrl\":\"https:\\\/\\\/secure.gravatar.com\\\/avatar\\\/8f65af12a8d72e866f97bba50325bdf89a5362533b6f2c9db8c88130883986b1?s=96&d=mm&r=g\",\"caption\":\"Mar\u00eda Bel\u00e9n Sumba Bravo\"},\"url\":\"https:\\\/\\\/mula.es\\\/web\\\/author\\\/mbsumba\\\/\"}]}<\/script>\n<!-- \/ Yoast SEO plugin. -->","yoast_head_json":{"title":"TURISMO| El alcalde de Mula visita el aparcamiento de autocaravanas de Casas Nuevas - Ayuntamiento de Mula","robots":{"index":"index","follow":"follow","max-snippet":"max-snippet:-1","max-image-preview":"max-image-preview:large","max-video-preview":"max-video-preview:-1"},"canonical":"https:\/\/mula.es\/web\/turismo-el-alcalde-de-mula-visita-el-aparcamiento-de-autocaravanas-de-casas-nuevas\/","og_locale":"es_ES","og_type":"article","og_title":"TURISMO| El alcalde de Mula visita el aparcamiento de autocaravanas de Casas Nuevas - Ayuntamiento de Mula","og_description":"Juan Jes\u00fas Moreno, alcalde de Mula, ha visitado el nuevo aparcamiento de autocaravanas y caravanas situado en la pedan\u00eda de Casas Nuevas. Un proyecto promovido por el Ayuntamiento de Mula y que se enmarca en el Plan de Sostenibilidad de la Mancomunidad de Servicios Tur\u00edsticos de Sierra Espu\u00f1a. Juan Jes\u00fas Moreno, acompa\u00f1ado por las concejalas [...]","og_url":"https:\/\/mula.es\/web\/turismo-el-alcalde-de-mula-visita-el-aparcamiento-de-autocaravanas-de-casas-nuevas\/","og_site_name":"Ayuntamiento de Mula","article_published_time":"2022-11-16T16:25:44+00:00","og_image":[{"width":1600,"height":1066,"url":"https:\/\/mula.es\/web\/wp-content\/uploads\/2022\/11\/Visita-al-aparcamiento-de-autocaravanas-de-Casas-Nuevas.jpeg","type":"image\/jpeg"}],"author":"Mar\u00eda Bel\u00e9n Sumba Bravo","twitter_card":"summary_large_image","twitter_creator":"@AyuntamientMula","twitter_site":"@AyuntamientMula","twitter_misc":{"Escrito por":"Mar\u00eda Bel\u00e9n Sumba Bravo","Tiempo de lectura":"2 minutos"},"schema":{"@context":"https:\/\/schema.org","@graph":[{"@type":"Article","@id":"https:\/\/mula.es\/web\/turismo-el-alcalde-de-mula-visita-el-aparcamiento-de-autocaravanas-de-casas-nuevas\/#article","isPartOf":{"@id":"https:\/\/mula.es\/web\/turismo-el-alcalde-de-mula-visita-el-aparcamiento-de-autocaravanas-de-casas-nuevas\/"},"author":{"name":"Mar\u00eda Bel\u00e9n Sumba Bravo","@id":"https:\/\/mula.es\/web\/#\/schema\/person\/4cc33fc69cd667605e1b6247815ac0c0"},"headline":"TURISMO| El alcalde de Mula visita el aparcamiento de autocaravanas de Casas Nuevas","datePublished":"2022-11-16T16:25:44+00:00","mainEntityOfPage":{"@id":"https:\/\/mula.es\/web\/turismo-el-alcalde-de-mula-visita-el-aparcamiento-de-autocaravanas-de-casas-nuevas\/"},"wordCount":332,"image":{"@id":"https:\/\/mula.es\/web\/turismo-el-alcalde-de-mula-visita-el-aparcamiento-de-autocaravanas-de-casas-nuevas\/#primaryimage"},"thumbnailUrl":"https:\/\/mula.es\/web\/wp-content\/uploads\/2022\/11\/Visita-al-aparcamiento-de-autocaravanas-de-Casas-Nuevas.jpeg","keywords":["caravanas","murcia","sierra espu\u00f1a","turismo"],"articleSection":["turismo"],"inLanguage":"es"},{"@type":"WebPage","@id":"https:\/\/mula.es\/web\/turismo-el-alcalde-de-mula-visita-el-aparcamiento-de-autocaravanas-de-casas-nuevas\/","url":"https:\/\/mula.es\/web\/turismo-el-alcalde-de-mula-visita-el-aparcamiento-de-autocaravanas-de-casas-nuevas\/","name":"TURISMO| El alcalde de Mula visita el aparcamiento de autocaravanas de Casas Nuevas - Ayuntamiento de Mula","isPartOf":{"@id":"https:\/\/mula.es\/web\/#website"},"primaryImageOfPage":{"@id":"https:\/\/mula.es\/web\/turismo-el-alcalde-de-mula-visita-el-aparcamiento-de-autocaravanas-de-casas-nuevas\/#primaryimage"},"image":{"@id":"https:\/\/mula.es\/web\/turismo-el-alcalde-de-mula-visita-el-aparcamiento-de-autocaravanas-de-casas-nuevas\/#primaryimage"},"thumbnailUrl":"https:\/\/mula.es\/web\/wp-content\/uploads\/2022\/11\/Visita-al-aparcamiento-de-autocaravanas-de-Casas-Nuevas.jpeg","datePublished":"2022-11-16T16:25:44+00:00","author":{"@id":"https:\/\/mula.es\/web\/#\/schema\/person\/4cc33fc69cd667605e1b6247815ac0c0"},"breadcrumb":{"@id":"https:\/\/mula.es\/web\/turismo-el-alcalde-de-mula-visita-el-aparcamiento-de-autocaravanas-de-casas-nuevas\/#breadcrumb"},"inLanguage":"es","potentialAction":[{"@type":"ReadAction","target":["https:\/\/mula.es\/web\/turismo-el-alcalde-de-mula-visita-el-aparcamiento-de-autocaravanas-de-casas-nuevas\/"]}]},{"@type":"ImageObject","inLanguage":"es","@id":"https:\/\/mula.es\/web\/turismo-el-alcalde-de-mula-visita-el-aparcamiento-de-autocaravanas-de-casas-nuevas\/#primaryimage","url":"https:\/\/mula.es\/web\/wp-content\/uploads\/2022\/11\/Visita-al-aparcamiento-de-autocaravanas-de-Casas-Nuevas.jpeg","contentUrl":"https:\/\/mula.es\/web\/wp-content\/uploads\/2022\/11\/Visita-al-aparcamiento-de-autocaravanas-de-Casas-Nuevas.jpeg","width":1600,"height":1066,"caption":"Visita al aparcamiento de autocaravanas de Casas Nuevas"},{"@type":"BreadcrumbList","@id":"https:\/\/mula.es\/web\/turismo-el-alcalde-de-mula-visita-el-aparcamiento-de-autocaravanas-de-casas-nuevas\/#breadcrumb","itemListElement":[{"@type":"ListItem","position":1,"name":"Portada","item":"https:\/\/mula.es\/web\/"},{"@type":"ListItem","position":2,"name":"TURISMO| El alcalde de Mula visita el aparcamiento de autocaravanas de Casas Nuevas"}]},{"@type":"WebSite","@id":"https:\/\/mula.es\/web\/#website","url":"https:\/\/mula.es\/web\/","name":"Ayuntamiento de Mula","description":"P\u00e1gina web del Ayuntamiento de Mula (Regi\u00f3n de Murcia)","potentialAction":[{"@type":"SearchAction","target":{"@type":"EntryPoint","urlTemplate":"https:\/\/mula.es\/web\/?s={search_term_string}"},"query-input":{"@type":"PropertyValueSpecification","valueRequired":true,"valueName":"search_term_string"}}],"inLanguage":"es"},{"@type":"Person","@id":"https:\/\/mula.es\/web\/#\/schema\/person\/4cc33fc69cd667605e1b6247815ac0c0","name":"Mar\u00eda Bel\u00e9n Sumba Bravo","image":{"@type":"ImageObject","inLanguage":"es","@id":"https:\/\/secure.gravatar.com\/avatar\/8f65af12a8d72e866f97bba50325bdf89a5362533b6f2c9db8c88130883986b1?s=96&d=mm&r=g","url":"https:\/\/secure.gravatar.com\/avatar\/8f65af12a8d72e866f97bba50325bdf89a5362533b6f2c9db8c88130883986b1?s=96&d=mm&r=g","contentUrl":"https:\/\/secure.gravatar.com\/avatar\/8f65af12a8d72e866f97bba50325bdf89a5362533b6f2c9db8c88130883986b1?s=96&d=mm&r=g","caption":"Mar\u00eda Bel\u00e9n Sumba Bravo"},"url":"https:\/\/mula.es\/web\/author\/mbsumba\/"}]}},"jetpack_publicize_connections":[],"jetpack_featured_media_url":"https:\/\/mula.es\/web\/wp-content\/uploads\/2022\/11\/Visita-al-aparcamiento-de-autocaravanas-de-Casas-Nuevas.jpeg","jetpack_sharing_enabled":true,"jetpack_shortlink":"https:\/\/wp.me\/pa9DMY-c4q","jetpack-related-posts":[],"_links":{"self":[{"href":"https:\/\/mula.es\/web\/wp-json\/wp\/v2\/posts\/46402","targetHints":{"allow":["GET"]}}],"collection":[{"href":"https:\/\/mula.es\/web\/wp-json\/wp\/v2\/posts"}],"about":[{"href":"https:\/\/mula.es\/web\/wp-json\/wp\/v2\/types\/post"}],"author":[{"embeddable":true,"href":"https:\/\/mula.es\/web\/wp-json\/wp\/v2\/users\/12"}],"replies":[{"embeddable":true,"href":"https:\/\/mula.es\/web\/wp-json\/wp\/v2\/comments?post=46402"}],"version-history":[{"count":1,"href":"https:\/\/mula.es\/web\/wp-json\/wp\/v2\/posts\/46402\/revisions"}],"predecessor-version":[{"id":46404,"href":"https:\/\/mula.es\/web\/wp-json\/wp\/v2\/posts\/46402\/revisions\/46404"}],"wp:featuredmedia":[{"embeddable":true,"href":"https:\/\/mula.es\/web\/wp-json\/wp\/v2\/media\/46403"}],"wp:attachment":[{"href":"https:\/\/mula.es\/web\/wp-json\/wp\/v2\/media?parent=46402"}],"wp:term":[{"taxonomy":"category","embeddable":true,"href":"https:\/\/mula.es\/web\/wp-json\/wp\/v2\/categories?post=46402"},{"taxonomy":"post_tag","embeddable":true,"href":"https:\/\/mula.es\/web\/wp-json\/wp\/v2\/tags?post=46402"}],"curies":[{"name":"wp","href":"https:\/\/api.w.org\/{rel}","templated":true}]}}