{"id":46405,"date":"2022-11-16T17:40:54","date_gmt":"2022-11-16T16:40:54","guid":{"rendered":"https:\/\/mula.es\/web\/?p=46405"},"modified":"2022-11-16T17:40:54","modified_gmt":"2022-11-16T16:40:54","slug":"igualdad-el-ayuntamiento-de-mula-programa-actividades-para-concienciar-contra-la-violencia-de-genero-con-motivo-del-25-n","status":"publish","type":"post","link":"https:\/\/mula.es\/web\/igualdad-el-ayuntamiento-de-mula-programa-actividades-para-concienciar-contra-la-violencia-de-genero-con-motivo-del-25-n\/","title":{"rendered":"IGUALDAD| El Ayuntamiento de Mula programa actividades para concienciar contra la violencia de g\u00e9nero con motivo del 25-N"},"content":{"rendered":"<p style=\"text-align: justify;\"><strong>El Ayuntamiento de Mula, a trav\u00e9s de su Concejal\u00eda de Mujer e Igualdad, ha programado una serie de actividades con motivo del 25 de noviembre, D\u00eda Internacional de la Eliminaci\u00f3n de la Violencia contra la Mujer. La programaci\u00f3n se extiende desde el 21 hasta el 26 de noviembre.<\/strong><\/p>\n<p style=\"text-align: justify;\">El acto de presentaci\u00f3n, en el Refectorio del Convento de San Francisco, ha corrido a cargo de Juan Jes\u00fas Moreno, alcalde de Mula, y la concejala de Mujer e Igualdad M.\u00aa Pilar Gil. Bajo el eslogan \u2018Qui\u00e9rete libre, qui\u00e9reme libre\u2019, M.\u00aa Pilar Gil ha animado a todos los mule\u00f1os y mule\u00f1as a participar en las actividades programadas a lo largo de la semana del 21 al 26 de noviembre. Asimismo, ha lanzado un mensaje de apoyo a las mujeres que sufren violencia de g\u00e9nero: \u201cRecordad que todas las mujeres que est\u00e1is sufriendo esta lacra, no est\u00e1is solas\u201d.<\/p>\n<p style=\"text-align: justify;\">Por su parte, Juan Jes\u00fas Moreno ha mencionado la importancia del trabajo conjunto, se\u00f1alando que \u201cdesde las administraciones tenemos que trabajar de la mano\u201d y que \u201ces fundamental hacerlo desde los colegios\u201d, para que los m\u00e1s peque\u00f1os sepan de la existencia de esta problem\u00e1tica social. El alcalde tambi\u00e9n ha hablado de que \u201cel Ayuntamiento ha estado trabajando por traer el CAVI y que cuenta con trabajadoras que lo dan todo por el bien de las mujeres\u201d.<\/p>\n<p style=\"text-align: justify;\">Dentro de la programaci\u00f3n destacan la colocaci\u00f3n del lazo morado en la fachada del Ayuntamiento; el teatro de t\u00edteres entorno al empoderamiento de la mujer, la igualdad y la violencia de g\u00e9nero; la caminata contra la violencia de g\u00e9nero; la lectura del manifiesto institucional; el taller de defensa personal femenina, entre otras iniciativas.<\/p>\n<p>&nbsp;<\/p>\n<p><a href=\"https:\/\/mula.es\/web\/wp-content\/uploads\/2022\/11\/Cartel-programacion-actos-25N-scaled.jpg\"><img decoding=\"async\" data-attachment-id=\"46407\" data-permalink=\"https:\/\/mula.es\/web\/igualdad-el-ayuntamiento-de-mula-programa-actividades-para-concienciar-contra-la-violencia-de-genero-con-motivo-del-25-n\/cartel-programacion-actos-25n\/\" data-orig-file=\"https:\/\/mula.es\/web\/wp-content\/uploads\/2022\/11\/Cartel-programacion-actos-25N-scaled.jpg\" data-orig-size=\"1820,2560\" data-comments-opened=\"0\" data-image-meta=\"{&quot;aperture&quot;:&quot;0&quot;,&quot;credit&quot;:&quot;&quot;,&quot;camera&quot;:&quot;&quot;,&quot;caption&quot;:&quot;&quot;,&quot;created_timestamp&quot;:&quot;0&quot;,&quot;copyright&quot;:&quot;&quot;,&quot;focal_length&quot;:&quot;0&quot;,&quot;iso&quot;:&quot;0&quot;,&quot;shutter_speed&quot;:&quot;0&quot;,&quot;title&quot;:&quot;&quot;,&quot;orientation&quot;:&quot;0&quot;}\" data-image-title=\"Cartel programaci\u00f3n actos 25N\" data-image-description=\"\" data-image-caption=\"\" data-large-file=\"https:\/\/mula.es\/web\/wp-content\/uploads\/2022\/11\/Cartel-programacion-actos-25N-728x1024.jpg\" class=\"aligncenter wp-image-46407 \" src=\"https:\/\/mula.es\/web\/wp-content\/uploads\/2022\/11\/Cartel-programacion-actos-25N-728x1024.jpg\" alt=\"Cartel programaci\u00f3n actos 25N\" width=\"655\" height=\"921\" srcset=\"https:\/\/mula.es\/web\/wp-content\/uploads\/2022\/11\/Cartel-programacion-actos-25N-200x281.jpg 200w, https:\/\/mula.es\/web\/wp-content\/uploads\/2022\/11\/Cartel-programacion-actos-25N-213x300.jpg 213w, https:\/\/mula.es\/web\/wp-content\/uploads\/2022\/11\/Cartel-programacion-actos-25N-400x563.jpg 400w, https:\/\/mula.es\/web\/wp-content\/uploads\/2022\/11\/Cartel-programacion-actos-25N-600x844.jpg 600w, https:\/\/mula.es\/web\/wp-content\/uploads\/2022\/11\/Cartel-programacion-actos-25N-728x1024.jpg 728w, https:\/\/mula.es\/web\/wp-content\/uploads\/2022\/11\/Cartel-programacion-actos-25N-768x1080.jpg 768w, https:\/\/mula.es\/web\/wp-content\/uploads\/2022\/11\/Cartel-programacion-actos-25N-800x1125.jpg 800w, https:\/\/mula.es\/web\/wp-content\/uploads\/2022\/11\/Cartel-programacion-actos-25N-1092x1536.jpg 1092w, https:\/\/mula.es\/web\/wp-content\/uploads\/2022\/11\/Cartel-programacion-actos-25N-1200x1688.jpg 1200w, https:\/\/mula.es\/web\/wp-content\/uploads\/2022\/11\/Cartel-programacion-actos-25N-1456x2048.jpg 1456w, https:\/\/mula.es\/web\/wp-content\/uploads\/2022\/11\/Cartel-programacion-actos-25N-scaled.jpg 1820w\" sizes=\"(max-width: 655px) 100vw, 655px\" \/><\/a><\/p>\n<p>&nbsp;<\/p>\n","protected":false},"excerpt":{"rendered":"<p>El Ayuntamiento de Mula, a trav\u00e9s de su Concejal\u00eda de Mujer e Igualdad, ha programado una serie de actividades con motivo del 25 de noviembre, D\u00eda Internacional de la Eliminaci\u00f3n de la Violencia contra la Mujer. La programaci\u00f3n se extiende desde el 21 hasta el 26 de noviembre. El acto de presentaci\u00f3n, en el Refectorio  [&#8230;]<\/p>\n","protected":false},"author":12,"featured_media":46406,"comment_status":"closed","ping_status":"closed","sticky":false,"template":"","format":"standard","meta":{"jetpack_post_was_ever_published":false,"_jetpack_newsletter_access":"","_jetpack_dont_email_post_to_subs":false,"_jetpack_newsletter_tier_id":0,"_jetpack_memberships_contains_paywalled_content":false,"_jetpack_memberships_contains_paid_content":false,"footnotes":"","jetpack_publicize_message":"","jetpack_publicize_feature_enabled":true,"jetpack_social_post_already_shared":false,"jetpack_social_options":{"image_generator_settings":{"template":"highway","default_image_id":0,"font":"","enabled":false},"version":2}},"categories":[147],"tags":[],"class_list":["post-46405","post","type-post","status-publish","format-standard","has-post-thumbnail","hentry","category-igualdad"],"yoast_head":"<!-- This site is optimized with the Yoast SEO plugin v27.4 - https:\/\/yoast.com\/product\/yoast-seo-wordpress\/ -->\n<title>IGUALDAD| El Ayuntamiento de Mula programa actividades para concienciar contra la violencia de g\u00e9nero con motivo del 25-N - Ayuntamiento de Mula<\/title>\n<meta name=\"robots\" content=\"index, follow, max-snippet:-1, max-image-preview:large, max-video-preview:-1\" \/>\n<link rel=\"canonical\" href=\"https:\/\/mula.es\/web\/igualdad-el-ayuntamiento-de-mula-programa-actividades-para-concienciar-contra-la-violencia-de-genero-con-motivo-del-25-n\/\" \/>\n<meta property=\"og:locale\" content=\"es_ES\" \/>\n<meta property=\"og:type\" content=\"article\" \/>\n<meta property=\"og:title\" content=\"IGUALDAD| El Ayuntamiento de Mula programa actividades para concienciar contra la violencia de g\u00e9nero con motivo del 25-N - Ayuntamiento de Mula\" \/>\n<meta property=\"og:description\" content=\"El Ayuntamiento de Mula, a trav\u00e9s de su Concejal\u00eda de Mujer e Igualdad, ha programado una serie de actividades con motivo del 25 de noviembre, D\u00eda Internacional de la Eliminaci\u00f3n de la Violencia contra la Mujer. La programaci\u00f3n se extiende desde el 21 hasta el 26 de noviembre. El acto de presentaci\u00f3n, en el Refectorio [...]\" \/>\n<meta property=\"og:url\" content=\"https:\/\/mula.es\/web\/igualdad-el-ayuntamiento-de-mula-programa-actividades-para-concienciar-contra-la-violencia-de-genero-con-motivo-del-25-n\/\" \/>\n<meta property=\"og:site_name\" content=\"Ayuntamiento de Mula\" \/>\n<meta property=\"article:published_time\" content=\"2022-11-16T16:40:54+00:00\" \/>\n<meta property=\"og:image\" content=\"https:\/\/mula.es\/web\/wp-content\/uploads\/2022\/11\/Presentacion-Programacion-25N.jpeg\" \/>\n\t<meta property=\"og:image:width\" content=\"1600\" \/>\n\t<meta property=\"og:image:height\" content=\"1066\" \/>\n\t<meta property=\"og:image:type\" content=\"image\/jpeg\" \/>\n<meta name=\"author\" content=\"Mar\u00eda Bel\u00e9n Sumba Bravo\" \/>\n<meta name=\"twitter:card\" content=\"summary_large_image\" \/>\n<meta name=\"twitter:creator\" content=\"@AyuntamientMula\" \/>\n<meta name=\"twitter:site\" content=\"@AyuntamientMula\" \/>\n<meta name=\"twitter:label1\" content=\"Escrito por\" \/>\n\t<meta name=\"twitter:data1\" content=\"Mar\u00eda Bel\u00e9n Sumba Bravo\" \/>\n\t<meta name=\"twitter:label2\" content=\"Tiempo de lectura\" \/>\n\t<meta name=\"twitter:data2\" content=\"2 minutos\" \/>\n<script type=\"application\/ld+json\" class=\"yoast-schema-graph\">{\"@context\":\"https:\\\/\\\/schema.org\",\"@graph\":[{\"@type\":\"Article\",\"@id\":\"https:\\\/\\\/mula.es\\\/web\\\/igualdad-el-ayuntamiento-de-mula-programa-actividades-para-concienciar-contra-la-violencia-de-genero-con-motivo-del-25-n\\\/#article\",\"isPartOf\":{\"@id\":\"https:\\\/\\\/mula.es\\\/web\\\/igualdad-el-ayuntamiento-de-mula-programa-actividades-para-concienciar-contra-la-violencia-de-genero-con-motivo-del-25-n\\\/\"},\"author\":{\"name\":\"Mar\u00eda Bel\u00e9n Sumba Bravo\",\"@id\":\"https:\\\/\\\/mula.es\\\/web\\\/#\\\/schema\\\/person\\\/4cc33fc69cd667605e1b6247815ac0c0\"},\"headline\":\"IGUALDAD| El Ayuntamiento de Mula programa actividades para concienciar contra la violencia de g\u00e9nero con motivo del 25-N\",\"datePublished\":\"2022-11-16T16:40:54+00:00\",\"mainEntityOfPage\":{\"@id\":\"https:\\\/\\\/mula.es\\\/web\\\/igualdad-el-ayuntamiento-de-mula-programa-actividades-para-concienciar-contra-la-violencia-de-genero-con-motivo-del-25-n\\\/\"},\"wordCount\":315,\"image\":{\"@id\":\"https:\\\/\\\/mula.es\\\/web\\\/igualdad-el-ayuntamiento-de-mula-programa-actividades-para-concienciar-contra-la-violencia-de-genero-con-motivo-del-25-n\\\/#primaryimage\"},\"thumbnailUrl\":\"https:\\\/\\\/mula.es\\\/web\\\/wp-content\\\/uploads\\\/2022\\\/11\\\/Presentacion-Programacion-25N.jpeg\",\"articleSection\":[\"igualdad\"],\"inLanguage\":\"es\"},{\"@type\":\"WebPage\",\"@id\":\"https:\\\/\\\/mula.es\\\/web\\\/igualdad-el-ayuntamiento-de-mula-programa-actividades-para-concienciar-contra-la-violencia-de-genero-con-motivo-del-25-n\\\/\",\"url\":\"https:\\\/\\\/mula.es\\\/web\\\/igualdad-el-ayuntamiento-de-mula-programa-actividades-para-concienciar-contra-la-violencia-de-genero-con-motivo-del-25-n\\\/\",\"name\":\"IGUALDAD| El Ayuntamiento de Mula programa actividades para concienciar contra la violencia de g\u00e9nero con motivo del 25-N - Ayuntamiento de Mula\",\"isPartOf\":{\"@id\":\"https:\\\/\\\/mula.es\\\/web\\\/#website\"},\"primaryImageOfPage\":{\"@id\":\"https:\\\/\\\/mula.es\\\/web\\\/igualdad-el-ayuntamiento-de-mula-programa-actividades-para-concienciar-contra-la-violencia-de-genero-con-motivo-del-25-n\\\/#primaryimage\"},\"image\":{\"@id\":\"https:\\\/\\\/mula.es\\\/web\\\/igualdad-el-ayuntamiento-de-mula-programa-actividades-para-concienciar-contra-la-violencia-de-genero-con-motivo-del-25-n\\\/#primaryimage\"},\"thumbnailUrl\":\"https:\\\/\\\/mula.es\\\/web\\\/wp-content\\\/uploads\\\/2022\\\/11\\\/Presentacion-Programacion-25N.jpeg\",\"datePublished\":\"2022-11-16T16:40:54+00:00\",\"author\":{\"@id\":\"https:\\\/\\\/mula.es\\\/web\\\/#\\\/schema\\\/person\\\/4cc33fc69cd667605e1b6247815ac0c0\"},\"breadcrumb\":{\"@id\":\"https:\\\/\\\/mula.es\\\/web\\\/igualdad-el-ayuntamiento-de-mula-programa-actividades-para-concienciar-contra-la-violencia-de-genero-con-motivo-del-25-n\\\/#breadcrumb\"},\"inLanguage\":\"es\",\"potentialAction\":[{\"@type\":\"ReadAction\",\"target\":[\"https:\\\/\\\/mula.es\\\/web\\\/igualdad-el-ayuntamiento-de-mula-programa-actividades-para-concienciar-contra-la-violencia-de-genero-con-motivo-del-25-n\\\/\"]}]},{\"@type\":\"ImageObject\",\"inLanguage\":\"es\",\"@id\":\"https:\\\/\\\/mula.es\\\/web\\\/igualdad-el-ayuntamiento-de-mula-programa-actividades-para-concienciar-contra-la-violencia-de-genero-con-motivo-del-25-n\\\/#primaryimage\",\"url\":\"https:\\\/\\\/mula.es\\\/web\\\/wp-content\\\/uploads\\\/2022\\\/11\\\/Presentacion-Programacion-25N.jpeg\",\"contentUrl\":\"https:\\\/\\\/mula.es\\\/web\\\/wp-content\\\/uploads\\\/2022\\\/11\\\/Presentacion-Programacion-25N.jpeg\",\"width\":1600,\"height\":1066,\"caption\":\"Presentaci\u00f3n Programaci\u00f3n 25N\"},{\"@type\":\"BreadcrumbList\",\"@id\":\"https:\\\/\\\/mula.es\\\/web\\\/igualdad-el-ayuntamiento-de-mula-programa-actividades-para-concienciar-contra-la-violencia-de-genero-con-motivo-del-25-n\\\/#breadcrumb\",\"itemListElement\":[{\"@type\":\"ListItem\",\"position\":1,\"name\":\"Portada\",\"item\":\"https:\\\/\\\/mula.es\\\/web\\\/\"},{\"@type\":\"ListItem\",\"position\":2,\"name\":\"IGUALDAD| El Ayuntamiento de Mula programa actividades para concienciar contra la violencia de g\u00e9nero con motivo del 25-N\"}]},{\"@type\":\"WebSite\",\"@id\":\"https:\\\/\\\/mula.es\\\/web\\\/#website\",\"url\":\"https:\\\/\\\/mula.es\\\/web\\\/\",\"name\":\"Ayuntamiento de Mula\",\"description\":\"P\u00e1gina web del Ayuntamiento de Mula (Regi\u00f3n de Murcia)\",\"potentialAction\":[{\"@type\":\"SearchAction\",\"target\":{\"@type\":\"EntryPoint\",\"urlTemplate\":\"https:\\\/\\\/mula.es\\\/web\\\/?s={search_term_string}\"},\"query-input\":{\"@type\":\"PropertyValueSpecification\",\"valueRequired\":true,\"valueName\":\"search_term_string\"}}],\"inLanguage\":\"es\"},{\"@type\":\"Person\",\"@id\":\"https:\\\/\\\/mula.es\\\/web\\\/#\\\/schema\\\/person\\\/4cc33fc69cd667605e1b6247815ac0c0\",\"name\":\"Mar\u00eda Bel\u00e9n Sumba Bravo\",\"image\":{\"@type\":\"ImageObject\",\"inLanguage\":\"es\",\"@id\":\"https:\\\/\\\/secure.gravatar.com\\\/avatar\\\/8f65af12a8d72e866f97bba50325bdf89a5362533b6f2c9db8c88130883986b1?s=96&d=mm&r=g\",\"url\":\"https:\\\/\\\/secure.gravatar.com\\\/avatar\\\/8f65af12a8d72e866f97bba50325bdf89a5362533b6f2c9db8c88130883986b1?s=96&d=mm&r=g\",\"contentUrl\":\"https:\\\/\\\/secure.gravatar.com\\\/avatar\\\/8f65af12a8d72e866f97bba50325bdf89a5362533b6f2c9db8c88130883986b1?s=96&d=mm&r=g\",\"caption\":\"Mar\u00eda Bel\u00e9n Sumba Bravo\"},\"url\":\"https:\\\/\\\/mula.es\\\/web\\\/author\\\/mbsumba\\\/\"}]}<\/script>\n<!-- \/ Yoast SEO plugin. -->","yoast_head_json":{"title":"IGUALDAD| El Ayuntamiento de Mula programa actividades para concienciar contra la violencia de g\u00e9nero con motivo del 25-N - Ayuntamiento de Mula","robots":{"index":"index","follow":"follow","max-snippet":"max-snippet:-1","max-image-preview":"max-image-preview:large","max-video-preview":"max-video-preview:-1"},"canonical":"https:\/\/mula.es\/web\/igualdad-el-ayuntamiento-de-mula-programa-actividades-para-concienciar-contra-la-violencia-de-genero-con-motivo-del-25-n\/","og_locale":"es_ES","og_type":"article","og_title":"IGUALDAD| El Ayuntamiento de Mula programa actividades para concienciar contra la violencia de g\u00e9nero con motivo del 25-N - Ayuntamiento de Mula","og_description":"El Ayuntamiento de Mula, a trav\u00e9s de su Concejal\u00eda de Mujer e Igualdad, ha programado una serie de actividades con motivo del 25 de noviembre, D\u00eda Internacional de la Eliminaci\u00f3n de la Violencia contra la Mujer. La programaci\u00f3n se extiende desde el 21 hasta el 26 de noviembre. El acto de presentaci\u00f3n, en el Refectorio [...]","og_url":"https:\/\/mula.es\/web\/igualdad-el-ayuntamiento-de-mula-programa-actividades-para-concienciar-contra-la-violencia-de-genero-con-motivo-del-25-n\/","og_site_name":"Ayuntamiento de Mula","article_published_time":"2022-11-16T16:40:54+00:00","og_image":[{"width":1600,"height":1066,"url":"https:\/\/mula.es\/web\/wp-content\/uploads\/2022\/11\/Presentacion-Programacion-25N.jpeg","type":"image\/jpeg"}],"author":"Mar\u00eda Bel\u00e9n Sumba Bravo","twitter_card":"summary_large_image","twitter_creator":"@AyuntamientMula","twitter_site":"@AyuntamientMula","twitter_misc":{"Escrito por":"Mar\u00eda Bel\u00e9n Sumba Bravo","Tiempo de lectura":"2 minutos"},"schema":{"@context":"https:\/\/schema.org","@graph":[{"@type":"Article","@id":"https:\/\/mula.es\/web\/igualdad-el-ayuntamiento-de-mula-programa-actividades-para-concienciar-contra-la-violencia-de-genero-con-motivo-del-25-n\/#article","isPartOf":{"@id":"https:\/\/mula.es\/web\/igualdad-el-ayuntamiento-de-mula-programa-actividades-para-concienciar-contra-la-violencia-de-genero-con-motivo-del-25-n\/"},"author":{"name":"Mar\u00eda Bel\u00e9n Sumba Bravo","@id":"https:\/\/mula.es\/web\/#\/schema\/person\/4cc33fc69cd667605e1b6247815ac0c0"},"headline":"IGUALDAD| El Ayuntamiento de Mula programa actividades para concienciar contra la violencia de g\u00e9nero con motivo del 25-N","datePublished":"2022-11-16T16:40:54+00:00","mainEntityOfPage":{"@id":"https:\/\/mula.es\/web\/igualdad-el-ayuntamiento-de-mula-programa-actividades-para-concienciar-contra-la-violencia-de-genero-con-motivo-del-25-n\/"},"wordCount":315,"image":{"@id":"https:\/\/mula.es\/web\/igualdad-el-ayuntamiento-de-mula-programa-actividades-para-concienciar-contra-la-violencia-de-genero-con-motivo-del-25-n\/#primaryimage"},"thumbnailUrl":"https:\/\/mula.es\/web\/wp-content\/uploads\/2022\/11\/Presentacion-Programacion-25N.jpeg","articleSection":["igualdad"],"inLanguage":"es"},{"@type":"WebPage","@id":"https:\/\/mula.es\/web\/igualdad-el-ayuntamiento-de-mula-programa-actividades-para-concienciar-contra-la-violencia-de-genero-con-motivo-del-25-n\/","url":"https:\/\/mula.es\/web\/igualdad-el-ayuntamiento-de-mula-programa-actividades-para-concienciar-contra-la-violencia-de-genero-con-motivo-del-25-n\/","name":"IGUALDAD| El Ayuntamiento de Mula programa actividades para concienciar contra la violencia de g\u00e9nero con motivo del 25-N - Ayuntamiento de Mula","isPartOf":{"@id":"https:\/\/mula.es\/web\/#website"},"primaryImageOfPage":{"@id":"https:\/\/mula.es\/web\/igualdad-el-ayuntamiento-de-mula-programa-actividades-para-concienciar-contra-la-violencia-de-genero-con-motivo-del-25-n\/#primaryimage"},"image":{"@id":"https:\/\/mula.es\/web\/igualdad-el-ayuntamiento-de-mula-programa-actividades-para-concienciar-contra-la-violencia-de-genero-con-motivo-del-25-n\/#primaryimage"},"thumbnailUrl":"https:\/\/mula.es\/web\/wp-content\/uploads\/2022\/11\/Presentacion-Programacion-25N.jpeg","datePublished":"2022-11-16T16:40:54+00:00","author":{"@id":"https:\/\/mula.es\/web\/#\/schema\/person\/4cc33fc69cd667605e1b6247815ac0c0"},"breadcrumb":{"@id":"https:\/\/mula.es\/web\/igualdad-el-ayuntamiento-de-mula-programa-actividades-para-concienciar-contra-la-violencia-de-genero-con-motivo-del-25-n\/#breadcrumb"},"inLanguage":"es","potentialAction":[{"@type":"ReadAction","target":["https:\/\/mula.es\/web\/igualdad-el-ayuntamiento-de-mula-programa-actividades-para-concienciar-contra-la-violencia-de-genero-con-motivo-del-25-n\/"]}]},{"@type":"ImageObject","inLanguage":"es","@id":"https:\/\/mula.es\/web\/igualdad-el-ayuntamiento-de-mula-programa-actividades-para-concienciar-contra-la-violencia-de-genero-con-motivo-del-25-n\/#primaryimage","url":"https:\/\/mula.es\/web\/wp-content\/uploads\/2022\/11\/Presentacion-Programacion-25N.jpeg","contentUrl":"https:\/\/mula.es\/web\/wp-content\/uploads\/2022\/11\/Presentacion-Programacion-25N.jpeg","width":1600,"height":1066,"caption":"Presentaci\u00f3n Programaci\u00f3n 25N"},{"@type":"BreadcrumbList","@id":"https:\/\/mula.es\/web\/igualdad-el-ayuntamiento-de-mula-programa-actividades-para-concienciar-contra-la-violencia-de-genero-con-motivo-del-25-n\/#breadcrumb","itemListElement":[{"@type":"ListItem","position":1,"name":"Portada","item":"https:\/\/mula.es\/web\/"},{"@type":"ListItem","position":2,"name":"IGUALDAD| El Ayuntamiento de Mula programa actividades para concienciar contra la violencia de g\u00e9nero con motivo del 25-N"}]},{"@type":"WebSite","@id":"https:\/\/mula.es\/web\/#website","url":"https:\/\/mula.es\/web\/","name":"Ayuntamiento de Mula","description":"P\u00e1gina web del Ayuntamiento de Mula (Regi\u00f3n de Murcia)","potentialAction":[{"@type":"SearchAction","target":{"@type":"EntryPoint","urlTemplate":"https:\/\/mula.es\/web\/?s={search_term_string}"},"query-input":{"@type":"PropertyValueSpecification","valueRequired":true,"valueName":"search_term_string"}}],"inLanguage":"es"},{"@type":"Person","@id":"https:\/\/mula.es\/web\/#\/schema\/person\/4cc33fc69cd667605e1b6247815ac0c0","name":"Mar\u00eda Bel\u00e9n Sumba Bravo","image":{"@type":"ImageObject","inLanguage":"es","@id":"https:\/\/secure.gravatar.com\/avatar\/8f65af12a8d72e866f97bba50325bdf89a5362533b6f2c9db8c88130883986b1?s=96&d=mm&r=g","url":"https:\/\/secure.gravatar.com\/avatar\/8f65af12a8d72e866f97bba50325bdf89a5362533b6f2c9db8c88130883986b1?s=96&d=mm&r=g","contentUrl":"https:\/\/secure.gravatar.com\/avatar\/8f65af12a8d72e866f97bba50325bdf89a5362533b6f2c9db8c88130883986b1?s=96&d=mm&r=g","caption":"Mar\u00eda Bel\u00e9n Sumba Bravo"},"url":"https:\/\/mula.es\/web\/author\/mbsumba\/"}]}},"jetpack_publicize_connections":[],"jetpack_featured_media_url":"https:\/\/mula.es\/web\/wp-content\/uploads\/2022\/11\/Presentacion-Programacion-25N.jpeg","jetpack_sharing_enabled":true,"jetpack_shortlink":"https:\/\/wp.me\/pa9DMY-c4t","jetpack-related-posts":[],"_links":{"self":[{"href":"https:\/\/mula.es\/web\/wp-json\/wp\/v2\/posts\/46405","targetHints":{"allow":["GET"]}}],"collection":[{"href":"https:\/\/mula.es\/web\/wp-json\/wp\/v2\/posts"}],"about":[{"href":"https:\/\/mula.es\/web\/wp-json\/wp\/v2\/types\/post"}],"author":[{"embeddable":true,"href":"https:\/\/mula.es\/web\/wp-json\/wp\/v2\/users\/12"}],"replies":[{"embeddable":true,"href":"https:\/\/mula.es\/web\/wp-json\/wp\/v2\/comments?post=46405"}],"version-history":[{"count":1,"href":"https:\/\/mula.es\/web\/wp-json\/wp\/v2\/posts\/46405\/revisions"}],"predecessor-version":[{"id":46408,"href":"https:\/\/mula.es\/web\/wp-json\/wp\/v2\/posts\/46405\/revisions\/46408"}],"wp:featuredmedia":[{"embeddable":true,"href":"https:\/\/mula.es\/web\/wp-json\/wp\/v2\/media\/46406"}],"wp:attachment":[{"href":"https:\/\/mula.es\/web\/wp-json\/wp\/v2\/media?parent=46405"}],"wp:term":[{"taxonomy":"category","embeddable":true,"href":"https:\/\/mula.es\/web\/wp-json\/wp\/v2\/categories?post=46405"},{"taxonomy":"post_tag","embeddable":true,"href":"https:\/\/mula.es\/web\/wp-json\/wp\/v2\/tags?post=46405"}],"curies":[{"name":"wp","href":"https:\/\/api.w.org\/{rel}","templated":true}]}}