{"id":46409,"date":"2022-11-17T13:58:22","date_gmt":"2022-11-17T12:58:22","guid":{"rendered":"https:\/\/mula.es\/web\/?p=46409"},"modified":"2022-11-17T14:03:02","modified_gmt":"2022-11-17T13:03:02","slug":"patrimonio-el-ayuntamiento-de-mula-acude-a-la-inauguracion-del-ii-simposio-de-patrimonio-cultural-del-consejo-internacional-de-monumentos-y-sitios","status":"publish","type":"post","link":"https:\/\/mula.es\/web\/patrimonio-el-ayuntamiento-de-mula-acude-a-la-inauguracion-del-ii-simposio-de-patrimonio-cultural-del-consejo-internacional-de-monumentos-y-sitios\/","title":{"rendered":"PATRIMONIO| El Ayuntamiento de Mula acude a la inauguraci\u00f3n del II Simposio de Patrimonio Cultural del Consejo Internacional de Monumentos y Sitios"},"content":{"rendered":"<p style=\"text-align: justify;\"><strong>El Ayuntamiento de Mula ha acudido a la inauguraci\u00f3n del II Simposio de Patrimonio Cultural celebrado en Cartagena por el Consejo Internacional de Monumentos y Sitios (ICOMOS). Las ponencias han dado comienzo este jueves, 16 de noviembre y se extienden hasta el viernes, 17 de noviembre en la Universidad Polit\u00e9cnica de Cartagena.<\/strong><\/p>\n<p style=\"text-align: justify;\">Este evento se consolida como un punto de encuentro de profesionales provenientes de distintos \u00e1mbitos como la historia, la arqueolog\u00eda, la ingenier\u00eda, el turismo, el urbanismo, entre otros. Por ello, el Ayuntamiento de Mula, en su apuesta por mejorar y conservar el patrimonio hist\u00f3rico del municipio, colabora continuamente en acciones encaminadas a este fin.<\/p>\n<p style=\"text-align: justify;\">En el simposio, cuyo secretario acad\u00e9mico es Jos\u00e9 Antonio Zapata Parra, arque\u00f3logo municipal de Mula, se abordan diversos temas entorno a las \u00faltimas investigaciones y desarrollos en \u00e1mbitos como la conservaci\u00f3n, restauraci\u00f3n, documentaci\u00f3n, protecci\u00f3n, gesti\u00f3n y difusi\u00f3n de los monumentos, conjuntos, sitios y manifestaciones del patrimonio cultural. Entre las ponencias que se van a desarrollar, donde participan 250 expertos, destaca <em>\u00c9xito de la participaci\u00f3n ciudadana en la defensa y conservaci\u00f3n del patrimonio: el castillo de los V\u00e9lez de Mula<\/em>, por Mar\u00eda del Carmen Riquelme Garc\u00eda, licenciada en Historia del Arte y gestora cultural.<\/p>\n<p>&nbsp;<\/p>\n<p><a href=\"https:\/\/mula.es\/web\/wp-content\/uploads\/2022\/11\/Inauguracion-ICOMOS.jpeg\"><img decoding=\"async\" data-attachment-id=\"46411\" data-permalink=\"https:\/\/mula.es\/web\/patrimonio-el-ayuntamiento-de-mula-acude-a-la-inauguracion-del-ii-simposio-de-patrimonio-cultural-del-consejo-internacional-de-monumentos-y-sitios\/inauguracion-icomos\/\" data-orig-file=\"https:\/\/mula.es\/web\/wp-content\/uploads\/2022\/11\/Inauguracion-ICOMOS.jpeg\" data-orig-size=\"2048,1152\" data-comments-opened=\"0\" data-image-meta=\"{&quot;aperture&quot;:&quot;0&quot;,&quot;credit&quot;:&quot;&quot;,&quot;camera&quot;:&quot;&quot;,&quot;caption&quot;:&quot;&quot;,&quot;created_timestamp&quot;:&quot;0&quot;,&quot;copyright&quot;:&quot;&quot;,&quot;focal_length&quot;:&quot;0&quot;,&quot;iso&quot;:&quot;0&quot;,&quot;shutter_speed&quot;:&quot;0&quot;,&quot;title&quot;:&quot;&quot;,&quot;orientation&quot;:&quot;0&quot;}\" data-image-title=\"Inauguraci\u00f3n ICOMOS\" data-image-description=\"\" data-image-caption=\"\" data-large-file=\"https:\/\/mula.es\/web\/wp-content\/uploads\/2022\/11\/Inauguracion-ICOMOS-1024x576.jpeg\" class=\"wp-image-46411 aligncenter\" src=\"https:\/\/mula.es\/web\/wp-content\/uploads\/2022\/11\/Inauguracion-ICOMOS-1024x576.jpeg\" alt=\"Inauguraci\u00f3n ICOMOS\" width=\"563\" height=\"317\" srcset=\"https:\/\/mula.es\/web\/wp-content\/uploads\/2022\/11\/Inauguracion-ICOMOS-200x113.jpeg 200w, https:\/\/mula.es\/web\/wp-content\/uploads\/2022\/11\/Inauguracion-ICOMOS-300x169.jpeg 300w, https:\/\/mula.es\/web\/wp-content\/uploads\/2022\/11\/Inauguracion-ICOMOS-400x225.jpeg 400w, https:\/\/mula.es\/web\/wp-content\/uploads\/2022\/11\/Inauguracion-ICOMOS-600x338.jpeg 600w, https:\/\/mula.es\/web\/wp-content\/uploads\/2022\/11\/Inauguracion-ICOMOS-768x432.jpeg 768w, https:\/\/mula.es\/web\/wp-content\/uploads\/2022\/11\/Inauguracion-ICOMOS-800x450.jpeg 800w, https:\/\/mula.es\/web\/wp-content\/uploads\/2022\/11\/Inauguracion-ICOMOS-1024x576.jpeg 1024w, https:\/\/mula.es\/web\/wp-content\/uploads\/2022\/11\/Inauguracion-ICOMOS-1200x675.jpeg 1200w, https:\/\/mula.es\/web\/wp-content\/uploads\/2022\/11\/Inauguracion-ICOMOS-1536x864.jpeg 1536w\" sizes=\"(max-width: 563px) 100vw, 563px\" \/><\/a><\/p>\n","protected":false},"excerpt":{"rendered":"<p>El Ayuntamiento de Mula ha acudido a la inauguraci\u00f3n del II Simposio de Patrimonio Cultural celebrado en Cartagena por el Consejo Internacional de Monumentos y Sitios (ICOMOS). Las ponencias han dado comienzo este jueves, 16 de noviembre y se extienden hasta el viernes, 17 de noviembre en la Universidad Polit\u00e9cnica de Cartagena. Este evento se  [&#8230;]<\/p>\n","protected":false},"author":12,"featured_media":46410,"comment_status":"closed","ping_status":"closed","sticky":false,"template":"","format":"standard","meta":{"jetpack_post_was_ever_published":false,"_jetpack_newsletter_access":"","_jetpack_dont_email_post_to_subs":false,"_jetpack_newsletter_tier_id":0,"_jetpack_memberships_contains_paywalled_content":false,"_jetpack_memberships_contains_paid_content":false,"footnotes":"","jetpack_publicize_message":"","jetpack_publicize_feature_enabled":true,"jetpack_social_post_already_shared":false,"jetpack_social_options":{"image_generator_settings":{"template":"highway","default_image_id":0,"font":"","enabled":false},"version":2}},"categories":[180,357],"tags":[],"class_list":["post-46409","post","type-post","status-publish","format-standard","has-post-thumbnail","hentry","category-patrimonio-cultural","category-patrimonio-historico"],"yoast_head":"<!-- This site is optimized with the Yoast SEO plugin v27.4 - https:\/\/yoast.com\/product\/yoast-seo-wordpress\/ -->\n<title>PATRIMONIO| El Ayuntamiento de Mula acude a la inauguraci\u00f3n del II Simposio de Patrimonio Cultural del Consejo Internacional de Monumentos y Sitios - Ayuntamiento de Mula<\/title>\n<meta name=\"robots\" content=\"index, follow, max-snippet:-1, max-image-preview:large, max-video-preview:-1\" \/>\n<link rel=\"canonical\" href=\"https:\/\/mula.es\/web\/patrimonio-el-ayuntamiento-de-mula-acude-a-la-inauguracion-del-ii-simposio-de-patrimonio-cultural-del-consejo-internacional-de-monumentos-y-sitios\/\" \/>\n<meta property=\"og:locale\" content=\"es_ES\" \/>\n<meta property=\"og:type\" content=\"article\" \/>\n<meta property=\"og:title\" content=\"PATRIMONIO| El Ayuntamiento de Mula acude a la inauguraci\u00f3n del II Simposio de Patrimonio Cultural del Consejo Internacional de Monumentos y Sitios - Ayuntamiento de Mula\" \/>\n<meta property=\"og:description\" content=\"El Ayuntamiento de Mula ha acudido a la inauguraci\u00f3n del II Simposio de Patrimonio Cultural celebrado en Cartagena por el Consejo Internacional de Monumentos y Sitios (ICOMOS). Las ponencias han dado comienzo este jueves, 16 de noviembre y se extienden hasta el viernes, 17 de noviembre en la Universidad Polit\u00e9cnica de Cartagena. Este evento se [...]\" \/>\n<meta property=\"og:url\" content=\"https:\/\/mula.es\/web\/patrimonio-el-ayuntamiento-de-mula-acude-a-la-inauguracion-del-ii-simposio-de-patrimonio-cultural-del-consejo-internacional-de-monumentos-y-sitios\/\" \/>\n<meta property=\"og:site_name\" content=\"Ayuntamiento de Mula\" \/>\n<meta property=\"article:published_time\" content=\"2022-11-17T12:58:22+00:00\" \/>\n<meta property=\"article:modified_time\" content=\"2022-11-17T13:03:02+00:00\" \/>\n<meta property=\"og:image\" content=\"https:\/\/mula.es\/web\/wp-content\/uploads\/2022\/11\/Inauguracion-simposio-ICOMOS.jpeg\" \/>\n\t<meta property=\"og:image:width\" content=\"2048\" \/>\n\t<meta property=\"og:image:height\" content=\"1152\" \/>\n\t<meta property=\"og:image:type\" content=\"image\/jpeg\" \/>\n<meta name=\"author\" content=\"Mar\u00eda Bel\u00e9n Sumba Bravo\" \/>\n<meta name=\"twitter:card\" content=\"summary_large_image\" \/>\n<meta name=\"twitter:creator\" content=\"@AyuntamientMula\" \/>\n<meta name=\"twitter:site\" content=\"@AyuntamientMula\" \/>\n<meta name=\"twitter:label1\" content=\"Escrito por\" \/>\n\t<meta name=\"twitter:data1\" content=\"Mar\u00eda Bel\u00e9n Sumba Bravo\" \/>\n\t<meta name=\"twitter:label2\" content=\"Tiempo de lectura\" \/>\n\t<meta name=\"twitter:data2\" content=\"2 minutos\" \/>\n<script type=\"application\/ld+json\" class=\"yoast-schema-graph\">{\"@context\":\"https:\\\/\\\/schema.org\",\"@graph\":[{\"@type\":\"Article\",\"@id\":\"https:\\\/\\\/mula.es\\\/web\\\/patrimonio-el-ayuntamiento-de-mula-acude-a-la-inauguracion-del-ii-simposio-de-patrimonio-cultural-del-consejo-internacional-de-monumentos-y-sitios\\\/#article\",\"isPartOf\":{\"@id\":\"https:\\\/\\\/mula.es\\\/web\\\/patrimonio-el-ayuntamiento-de-mula-acude-a-la-inauguracion-del-ii-simposio-de-patrimonio-cultural-del-consejo-internacional-de-monumentos-y-sitios\\\/\"},\"author\":{\"name\":\"Mar\u00eda Bel\u00e9n Sumba Bravo\",\"@id\":\"https:\\\/\\\/mula.es\\\/web\\\/#\\\/schema\\\/person\\\/4cc33fc69cd667605e1b6247815ac0c0\"},\"headline\":\"PATRIMONIO| El Ayuntamiento de Mula acude a la inauguraci\u00f3n del II Simposio de Patrimonio Cultural del Consejo Internacional de Monumentos y Sitios\",\"datePublished\":\"2022-11-17T12:58:22+00:00\",\"dateModified\":\"2022-11-17T13:03:02+00:00\",\"mainEntityOfPage\":{\"@id\":\"https:\\\/\\\/mula.es\\\/web\\\/patrimonio-el-ayuntamiento-de-mula-acude-a-la-inauguracion-del-ii-simposio-de-patrimonio-cultural-del-consejo-internacional-de-monumentos-y-sitios\\\/\"},\"wordCount\":238,\"image\":{\"@id\":\"https:\\\/\\\/mula.es\\\/web\\\/patrimonio-el-ayuntamiento-de-mula-acude-a-la-inauguracion-del-ii-simposio-de-patrimonio-cultural-del-consejo-internacional-de-monumentos-y-sitios\\\/#primaryimage\"},\"thumbnailUrl\":\"https:\\\/\\\/mula.es\\\/web\\\/wp-content\\\/uploads\\\/2022\\\/11\\\/Inauguracion-simposio-ICOMOS.jpeg\",\"articleSection\":[\"patrimonio cultural\",\"patrimonio hist\u00f3rico\"],\"inLanguage\":\"es\"},{\"@type\":\"WebPage\",\"@id\":\"https:\\\/\\\/mula.es\\\/web\\\/patrimonio-el-ayuntamiento-de-mula-acude-a-la-inauguracion-del-ii-simposio-de-patrimonio-cultural-del-consejo-internacional-de-monumentos-y-sitios\\\/\",\"url\":\"https:\\\/\\\/mula.es\\\/web\\\/patrimonio-el-ayuntamiento-de-mula-acude-a-la-inauguracion-del-ii-simposio-de-patrimonio-cultural-del-consejo-internacional-de-monumentos-y-sitios\\\/\",\"name\":\"PATRIMONIO| El Ayuntamiento de Mula acude a la inauguraci\u00f3n del II Simposio de Patrimonio Cultural del Consejo Internacional de Monumentos y Sitios - Ayuntamiento de Mula\",\"isPartOf\":{\"@id\":\"https:\\\/\\\/mula.es\\\/web\\\/#website\"},\"primaryImageOfPage\":{\"@id\":\"https:\\\/\\\/mula.es\\\/web\\\/patrimonio-el-ayuntamiento-de-mula-acude-a-la-inauguracion-del-ii-simposio-de-patrimonio-cultural-del-consejo-internacional-de-monumentos-y-sitios\\\/#primaryimage\"},\"image\":{\"@id\":\"https:\\\/\\\/mula.es\\\/web\\\/patrimonio-el-ayuntamiento-de-mula-acude-a-la-inauguracion-del-ii-simposio-de-patrimonio-cultural-del-consejo-internacional-de-monumentos-y-sitios\\\/#primaryimage\"},\"thumbnailUrl\":\"https:\\\/\\\/mula.es\\\/web\\\/wp-content\\\/uploads\\\/2022\\\/11\\\/Inauguracion-simposio-ICOMOS.jpeg\",\"datePublished\":\"2022-11-17T12:58:22+00:00\",\"dateModified\":\"2022-11-17T13:03:02+00:00\",\"author\":{\"@id\":\"https:\\\/\\\/mula.es\\\/web\\\/#\\\/schema\\\/person\\\/4cc33fc69cd667605e1b6247815ac0c0\"},\"breadcrumb\":{\"@id\":\"https:\\\/\\\/mula.es\\\/web\\\/patrimonio-el-ayuntamiento-de-mula-acude-a-la-inauguracion-del-ii-simposio-de-patrimonio-cultural-del-consejo-internacional-de-monumentos-y-sitios\\\/#breadcrumb\"},\"inLanguage\":\"es\",\"potentialAction\":[{\"@type\":\"ReadAction\",\"target\":[\"https:\\\/\\\/mula.es\\\/web\\\/patrimonio-el-ayuntamiento-de-mula-acude-a-la-inauguracion-del-ii-simposio-de-patrimonio-cultural-del-consejo-internacional-de-monumentos-y-sitios\\\/\"]}]},{\"@type\":\"ImageObject\",\"inLanguage\":\"es\",\"@id\":\"https:\\\/\\\/mula.es\\\/web\\\/patrimonio-el-ayuntamiento-de-mula-acude-a-la-inauguracion-del-ii-simposio-de-patrimonio-cultural-del-consejo-internacional-de-monumentos-y-sitios\\\/#primaryimage\",\"url\":\"https:\\\/\\\/mula.es\\\/web\\\/wp-content\\\/uploads\\\/2022\\\/11\\\/Inauguracion-simposio-ICOMOS.jpeg\",\"contentUrl\":\"https:\\\/\\\/mula.es\\\/web\\\/wp-content\\\/uploads\\\/2022\\\/11\\\/Inauguracion-simposio-ICOMOS.jpeg\",\"width\":2048,\"height\":1152,\"caption\":\"Inauguraci\u00f3n simposio ICOMOS\"},{\"@type\":\"BreadcrumbList\",\"@id\":\"https:\\\/\\\/mula.es\\\/web\\\/patrimonio-el-ayuntamiento-de-mula-acude-a-la-inauguracion-del-ii-simposio-de-patrimonio-cultural-del-consejo-internacional-de-monumentos-y-sitios\\\/#breadcrumb\",\"itemListElement\":[{\"@type\":\"ListItem\",\"position\":1,\"name\":\"Portada\",\"item\":\"https:\\\/\\\/mula.es\\\/web\\\/\"},{\"@type\":\"ListItem\",\"position\":2,\"name\":\"PATRIMONIO| El Ayuntamiento de Mula acude a la inauguraci\u00f3n del II Simposio de Patrimonio Cultural del Consejo Internacional de Monumentos y Sitios\"}]},{\"@type\":\"WebSite\",\"@id\":\"https:\\\/\\\/mula.es\\\/web\\\/#website\",\"url\":\"https:\\\/\\\/mula.es\\\/web\\\/\",\"name\":\"Ayuntamiento de Mula\",\"description\":\"P\u00e1gina web del Ayuntamiento de Mula (Regi\u00f3n de Murcia)\",\"potentialAction\":[{\"@type\":\"SearchAction\",\"target\":{\"@type\":\"EntryPoint\",\"urlTemplate\":\"https:\\\/\\\/mula.es\\\/web\\\/?s={search_term_string}\"},\"query-input\":{\"@type\":\"PropertyValueSpecification\",\"valueRequired\":true,\"valueName\":\"search_term_string\"}}],\"inLanguage\":\"es\"},{\"@type\":\"Person\",\"@id\":\"https:\\\/\\\/mula.es\\\/web\\\/#\\\/schema\\\/person\\\/4cc33fc69cd667605e1b6247815ac0c0\",\"name\":\"Mar\u00eda Bel\u00e9n Sumba Bravo\",\"image\":{\"@type\":\"ImageObject\",\"inLanguage\":\"es\",\"@id\":\"https:\\\/\\\/secure.gravatar.com\\\/avatar\\\/8f65af12a8d72e866f97bba50325bdf89a5362533b6f2c9db8c88130883986b1?s=96&d=mm&r=g\",\"url\":\"https:\\\/\\\/secure.gravatar.com\\\/avatar\\\/8f65af12a8d72e866f97bba50325bdf89a5362533b6f2c9db8c88130883986b1?s=96&d=mm&r=g\",\"contentUrl\":\"https:\\\/\\\/secure.gravatar.com\\\/avatar\\\/8f65af12a8d72e866f97bba50325bdf89a5362533b6f2c9db8c88130883986b1?s=96&d=mm&r=g\",\"caption\":\"Mar\u00eda Bel\u00e9n Sumba Bravo\"},\"url\":\"https:\\\/\\\/mula.es\\\/web\\\/author\\\/mbsumba\\\/\"}]}<\/script>\n<!-- \/ Yoast SEO plugin. -->","yoast_head_json":{"title":"PATRIMONIO| El Ayuntamiento de Mula acude a la inauguraci\u00f3n del II Simposio de Patrimonio Cultural del Consejo Internacional de Monumentos y Sitios - Ayuntamiento de Mula","robots":{"index":"index","follow":"follow","max-snippet":"max-snippet:-1","max-image-preview":"max-image-preview:large","max-video-preview":"max-video-preview:-1"},"canonical":"https:\/\/mula.es\/web\/patrimonio-el-ayuntamiento-de-mula-acude-a-la-inauguracion-del-ii-simposio-de-patrimonio-cultural-del-consejo-internacional-de-monumentos-y-sitios\/","og_locale":"es_ES","og_type":"article","og_title":"PATRIMONIO| El Ayuntamiento de Mula acude a la inauguraci\u00f3n del II Simposio de Patrimonio Cultural del Consejo Internacional de Monumentos y Sitios - Ayuntamiento de Mula","og_description":"El Ayuntamiento de Mula ha acudido a la inauguraci\u00f3n del II Simposio de Patrimonio Cultural celebrado en Cartagena por el Consejo Internacional de Monumentos y Sitios (ICOMOS). Las ponencias han dado comienzo este jueves, 16 de noviembre y se extienden hasta el viernes, 17 de noviembre en la Universidad Polit\u00e9cnica de Cartagena. Este evento se [...]","og_url":"https:\/\/mula.es\/web\/patrimonio-el-ayuntamiento-de-mula-acude-a-la-inauguracion-del-ii-simposio-de-patrimonio-cultural-del-consejo-internacional-de-monumentos-y-sitios\/","og_site_name":"Ayuntamiento de Mula","article_published_time":"2022-11-17T12:58:22+00:00","article_modified_time":"2022-11-17T13:03:02+00:00","og_image":[{"width":2048,"height":1152,"url":"https:\/\/mula.es\/web\/wp-content\/uploads\/2022\/11\/Inauguracion-simposio-ICOMOS.jpeg","type":"image\/jpeg"}],"author":"Mar\u00eda Bel\u00e9n Sumba Bravo","twitter_card":"summary_large_image","twitter_creator":"@AyuntamientMula","twitter_site":"@AyuntamientMula","twitter_misc":{"Escrito por":"Mar\u00eda Bel\u00e9n Sumba Bravo","Tiempo de lectura":"2 minutos"},"schema":{"@context":"https:\/\/schema.org","@graph":[{"@type":"Article","@id":"https:\/\/mula.es\/web\/patrimonio-el-ayuntamiento-de-mula-acude-a-la-inauguracion-del-ii-simposio-de-patrimonio-cultural-del-consejo-internacional-de-monumentos-y-sitios\/#article","isPartOf":{"@id":"https:\/\/mula.es\/web\/patrimonio-el-ayuntamiento-de-mula-acude-a-la-inauguracion-del-ii-simposio-de-patrimonio-cultural-del-consejo-internacional-de-monumentos-y-sitios\/"},"author":{"name":"Mar\u00eda Bel\u00e9n Sumba Bravo","@id":"https:\/\/mula.es\/web\/#\/schema\/person\/4cc33fc69cd667605e1b6247815ac0c0"},"headline":"PATRIMONIO| El Ayuntamiento de Mula acude a la inauguraci\u00f3n del II Simposio de Patrimonio Cultural del Consejo Internacional de Monumentos y Sitios","datePublished":"2022-11-17T12:58:22+00:00","dateModified":"2022-11-17T13:03:02+00:00","mainEntityOfPage":{"@id":"https:\/\/mula.es\/web\/patrimonio-el-ayuntamiento-de-mula-acude-a-la-inauguracion-del-ii-simposio-de-patrimonio-cultural-del-consejo-internacional-de-monumentos-y-sitios\/"},"wordCount":238,"image":{"@id":"https:\/\/mula.es\/web\/patrimonio-el-ayuntamiento-de-mula-acude-a-la-inauguracion-del-ii-simposio-de-patrimonio-cultural-del-consejo-internacional-de-monumentos-y-sitios\/#primaryimage"},"thumbnailUrl":"https:\/\/mula.es\/web\/wp-content\/uploads\/2022\/11\/Inauguracion-simposio-ICOMOS.jpeg","articleSection":["patrimonio cultural","patrimonio hist\u00f3rico"],"inLanguage":"es"},{"@type":"WebPage","@id":"https:\/\/mula.es\/web\/patrimonio-el-ayuntamiento-de-mula-acude-a-la-inauguracion-del-ii-simposio-de-patrimonio-cultural-del-consejo-internacional-de-monumentos-y-sitios\/","url":"https:\/\/mula.es\/web\/patrimonio-el-ayuntamiento-de-mula-acude-a-la-inauguracion-del-ii-simposio-de-patrimonio-cultural-del-consejo-internacional-de-monumentos-y-sitios\/","name":"PATRIMONIO| El Ayuntamiento de Mula acude a la inauguraci\u00f3n del II Simposio de Patrimonio Cultural del Consejo Internacional de Monumentos y Sitios - Ayuntamiento de Mula","isPartOf":{"@id":"https:\/\/mula.es\/web\/#website"},"primaryImageOfPage":{"@id":"https:\/\/mula.es\/web\/patrimonio-el-ayuntamiento-de-mula-acude-a-la-inauguracion-del-ii-simposio-de-patrimonio-cultural-del-consejo-internacional-de-monumentos-y-sitios\/#primaryimage"},"image":{"@id":"https:\/\/mula.es\/web\/patrimonio-el-ayuntamiento-de-mula-acude-a-la-inauguracion-del-ii-simposio-de-patrimonio-cultural-del-consejo-internacional-de-monumentos-y-sitios\/#primaryimage"},"thumbnailUrl":"https:\/\/mula.es\/web\/wp-content\/uploads\/2022\/11\/Inauguracion-simposio-ICOMOS.jpeg","datePublished":"2022-11-17T12:58:22+00:00","dateModified":"2022-11-17T13:03:02+00:00","author":{"@id":"https:\/\/mula.es\/web\/#\/schema\/person\/4cc33fc69cd667605e1b6247815ac0c0"},"breadcrumb":{"@id":"https:\/\/mula.es\/web\/patrimonio-el-ayuntamiento-de-mula-acude-a-la-inauguracion-del-ii-simposio-de-patrimonio-cultural-del-consejo-internacional-de-monumentos-y-sitios\/#breadcrumb"},"inLanguage":"es","potentialAction":[{"@type":"ReadAction","target":["https:\/\/mula.es\/web\/patrimonio-el-ayuntamiento-de-mula-acude-a-la-inauguracion-del-ii-simposio-de-patrimonio-cultural-del-consejo-internacional-de-monumentos-y-sitios\/"]}]},{"@type":"ImageObject","inLanguage":"es","@id":"https:\/\/mula.es\/web\/patrimonio-el-ayuntamiento-de-mula-acude-a-la-inauguracion-del-ii-simposio-de-patrimonio-cultural-del-consejo-internacional-de-monumentos-y-sitios\/#primaryimage","url":"https:\/\/mula.es\/web\/wp-content\/uploads\/2022\/11\/Inauguracion-simposio-ICOMOS.jpeg","contentUrl":"https:\/\/mula.es\/web\/wp-content\/uploads\/2022\/11\/Inauguracion-simposio-ICOMOS.jpeg","width":2048,"height":1152,"caption":"Inauguraci\u00f3n simposio ICOMOS"},{"@type":"BreadcrumbList","@id":"https:\/\/mula.es\/web\/patrimonio-el-ayuntamiento-de-mula-acude-a-la-inauguracion-del-ii-simposio-de-patrimonio-cultural-del-consejo-internacional-de-monumentos-y-sitios\/#breadcrumb","itemListElement":[{"@type":"ListItem","position":1,"name":"Portada","item":"https:\/\/mula.es\/web\/"},{"@type":"ListItem","position":2,"name":"PATRIMONIO| El Ayuntamiento de Mula acude a la inauguraci\u00f3n del II Simposio de Patrimonio Cultural del Consejo Internacional de Monumentos y Sitios"}]},{"@type":"WebSite","@id":"https:\/\/mula.es\/web\/#website","url":"https:\/\/mula.es\/web\/","name":"Ayuntamiento de Mula","description":"P\u00e1gina web del Ayuntamiento de Mula (Regi\u00f3n de Murcia)","potentialAction":[{"@type":"SearchAction","target":{"@type":"EntryPoint","urlTemplate":"https:\/\/mula.es\/web\/?s={search_term_string}"},"query-input":{"@type":"PropertyValueSpecification","valueRequired":true,"valueName":"search_term_string"}}],"inLanguage":"es"},{"@type":"Person","@id":"https:\/\/mula.es\/web\/#\/schema\/person\/4cc33fc69cd667605e1b6247815ac0c0","name":"Mar\u00eda Bel\u00e9n Sumba Bravo","image":{"@type":"ImageObject","inLanguage":"es","@id":"https:\/\/secure.gravatar.com\/avatar\/8f65af12a8d72e866f97bba50325bdf89a5362533b6f2c9db8c88130883986b1?s=96&d=mm&r=g","url":"https:\/\/secure.gravatar.com\/avatar\/8f65af12a8d72e866f97bba50325bdf89a5362533b6f2c9db8c88130883986b1?s=96&d=mm&r=g","contentUrl":"https:\/\/secure.gravatar.com\/avatar\/8f65af12a8d72e866f97bba50325bdf89a5362533b6f2c9db8c88130883986b1?s=96&d=mm&r=g","caption":"Mar\u00eda Bel\u00e9n Sumba Bravo"},"url":"https:\/\/mula.es\/web\/author\/mbsumba\/"}]}},"jetpack_publicize_connections":[],"jetpack_featured_media_url":"https:\/\/mula.es\/web\/wp-content\/uploads\/2022\/11\/Inauguracion-simposio-ICOMOS.jpeg","jetpack_sharing_enabled":true,"jetpack_shortlink":"https:\/\/wp.me\/pa9DMY-c4x","jetpack-related-posts":[],"_links":{"self":[{"href":"https:\/\/mula.es\/web\/wp-json\/wp\/v2\/posts\/46409","targetHints":{"allow":["GET"]}}],"collection":[{"href":"https:\/\/mula.es\/web\/wp-json\/wp\/v2\/posts"}],"about":[{"href":"https:\/\/mula.es\/web\/wp-json\/wp\/v2\/types\/post"}],"author":[{"embeddable":true,"href":"https:\/\/mula.es\/web\/wp-json\/wp\/v2\/users\/12"}],"replies":[{"embeddable":true,"href":"https:\/\/mula.es\/web\/wp-json\/wp\/v2\/comments?post=46409"}],"version-history":[{"count":5,"href":"https:\/\/mula.es\/web\/wp-json\/wp\/v2\/posts\/46409\/revisions"}],"predecessor-version":[{"id":46416,"href":"https:\/\/mula.es\/web\/wp-json\/wp\/v2\/posts\/46409\/revisions\/46416"}],"wp:featuredmedia":[{"embeddable":true,"href":"https:\/\/mula.es\/web\/wp-json\/wp\/v2\/media\/46410"}],"wp:attachment":[{"href":"https:\/\/mula.es\/web\/wp-json\/wp\/v2\/media?parent=46409"}],"wp:term":[{"taxonomy":"category","embeddable":true,"href":"https:\/\/mula.es\/web\/wp-json\/wp\/v2\/categories?post=46409"},{"taxonomy":"post_tag","embeddable":true,"href":"https:\/\/mula.es\/web\/wp-json\/wp\/v2\/tags?post=46409"}],"curies":[{"name":"wp","href":"https:\/\/api.w.org\/{rel}","templated":true}]}}