{"id":46457,"date":"2022-11-22T13:34:42","date_gmt":"2022-11-22T12:34:42","guid":{"rendered":"https:\/\/mula.es\/web\/?p=46457"},"modified":"2022-11-22T13:36:20","modified_gmt":"2022-11-22T12:36:20","slug":"turismo-el-ayuntamiento-de-mula-esta-presente-en-el-iii-congreso-mundial-de-destinos-turisticos-inteligentes","status":"publish","type":"post","link":"https:\/\/mula.es\/web\/turismo-el-ayuntamiento-de-mula-esta-presente-en-el-iii-congreso-mundial-de-destinos-turisticos-inteligentes\/","title":{"rendered":"TURISMO| El Ayuntamiento de Mula est\u00e1 presente en el III Congreso Mundial de Destinos Tur\u00edsticos Inteligentes"},"content":{"rendered":"<p style=\"text-align: justify;\"><strong>El Ayuntamiento de Mula ha estado presente en el III Congreso Mundial de Destinos Tur\u00edsticos Inteligentes, que se celebra en Valencia desde el 21 al 23 de noviembre, con el objetivo de seguir avanzando en medidas para que Mula pueda ser un Destino Tur\u00edstico Inteligente (DTI).<\/strong><\/p>\n<p style=\"text-align: justify;\">Mula forma parte de la Red de Destinos Tur\u00edsticos Inteligentes, donde se sigue trabajando para poner en marcha medidas que lleven al municipio a convertirse en un DTI. Este congreso en Valencia, nombrada Capital Europea del Turismo Inteligente 2022, re\u00fane a expertos de turismo de todo el mundo y se centra en tratar cinco ejes de acci\u00f3n para establecerse como DTI: gobernanza, sostenibilidad, innovaci\u00f3n, tecnolog\u00eda y accesibilidad.<\/p>\n<p style=\"text-align: justify;\">Juan Jes\u00fas Moreno, alcalde de Mula, y Alejandra Mart\u00ednez, concejala de Turismo, han acudido a este encuentro, al que tambi\u00e9n han asistido el secretario de Estado de Turismo Fernando Vald\u00e9s y la coordinadora del \u00e1rea de Innovaci\u00f3n del Instituto de Turismo de la Regi\u00f3n Bel\u00e9n Hidalgo, con quienes el alcalde y la concejala han intercambiado impresiones. Asimismo, han estado presentes investigadores, agentes locales, administraciones p\u00fablicas, universidades y empresas para crear sinergias que lleven a la construcci\u00f3n de este innovador modelo tur\u00edstico.<\/p>\n<p style=\"text-align: justify;\">El alcalde de Mula ha resaltado que <strong>\u201cacudir a este tipo de encuentros es una muestra m\u00e1s del esfuerzo del Ayuntamiento por situar a Mula como un destino tur\u00edstico innovador e imprescindible dentro de la Regi\u00f3n\u201d<\/strong>. Y por ello, ha a\u00f1adido, \u201cseguimos trabajando para la consecuci\u00f3n de proyectos importantes a trav\u00e9s de los planes de sostenibilidad tur\u00edsticos\u201d.<\/p>\n<p><a href=\"https:\/\/mula.es\/web\/wp-content\/uploads\/2022\/11\/De-izq.-a-drcha.-Alejandra-Martinez-concejala-de-Turismo-Fernando-Valdes-secretario-de-Estado-de-Turismo-Juan-Jesus-Moreno-alcalde-de-Mula..jpeg\"><img decoding=\"async\" data-attachment-id=\"46458\" data-permalink=\"https:\/\/mula.es\/web\/turismo-el-ayuntamiento-de-mula-esta-presente-en-el-iii-congreso-mundial-de-destinos-turisticos-inteligentes\/de-izq-a-drcha-alejandra-martinez-concejala-de-turismo-fernando-valdes-secretario-de-estado-de-turismo-juan-jesus-moreno-alcalde-de-mula\/\" data-orig-file=\"https:\/\/mula.es\/web\/wp-content\/uploads\/2022\/11\/De-izq.-a-drcha.-Alejandra-Martinez-concejala-de-Turismo-Fernando-Valdes-secretario-de-Estado-de-Turismo-Juan-Jesus-Moreno-alcalde-de-Mula..jpeg\" data-orig-size=\"1600,1200\" data-comments-opened=\"0\" data-image-meta=\"{&quot;aperture&quot;:&quot;0&quot;,&quot;credit&quot;:&quot;&quot;,&quot;camera&quot;:&quot;&quot;,&quot;caption&quot;:&quot;&quot;,&quot;created_timestamp&quot;:&quot;0&quot;,&quot;copyright&quot;:&quot;&quot;,&quot;focal_length&quot;:&quot;0&quot;,&quot;iso&quot;:&quot;0&quot;,&quot;shutter_speed&quot;:&quot;0&quot;,&quot;title&quot;:&quot;&quot;,&quot;orientation&quot;:&quot;0&quot;}\" data-image-title=\"De izq. a drcha. Alejandra Mart\u00ednez, concejala de Turismo; Fernando Vald\u00e9s, secretario de Estado de Turismo; Juan Jes\u00fas Moreno, alcalde de Mula.\" data-image-description=\"\" data-image-caption=\"\" data-large-file=\"https:\/\/mula.es\/web\/wp-content\/uploads\/2022\/11\/De-izq.-a-drcha.-Alejandra-Martinez-concejala-de-Turismo-Fernando-Valdes-secretario-de-Estado-de-Turismo-Juan-Jesus-Moreno-alcalde-de-Mula.-1024x768.jpeg\" class=\"aligncenter wp-image-46458 \" src=\"https:\/\/mula.es\/web\/wp-content\/uploads\/2022\/11\/De-izq.-a-drcha.-Alejandra-Martinez-concejala-de-Turismo-Fernando-Valdes-secretario-de-Estado-de-Turismo-Juan-Jesus-Moreno-alcalde-de-Mula.-1024x768.jpeg\" alt=\"De izq. a drcha. Alejandra Mart\u00ednez, concejala de Turismo; Fernando Vald\u00e9s, secretario de Estado de Turismo; Juan Jes\u00fas Moreno, alcalde de Mula.\" width=\"597\" height=\"448\" srcset=\"https:\/\/mula.es\/web\/wp-content\/uploads\/2022\/11\/De-izq.-a-drcha.-Alejandra-Martinez-concejala-de-Turismo-Fernando-Valdes-secretario-de-Estado-de-Turismo-Juan-Jesus-Moreno-alcalde-de-Mula.-200x150.jpeg 200w, https:\/\/mula.es\/web\/wp-content\/uploads\/2022\/11\/De-izq.-a-drcha.-Alejandra-Martinez-concejala-de-Turismo-Fernando-Valdes-secretario-de-Estado-de-Turismo-Juan-Jesus-Moreno-alcalde-de-Mula.-300x225.jpeg 300w, https:\/\/mula.es\/web\/wp-content\/uploads\/2022\/11\/De-izq.-a-drcha.-Alejandra-Martinez-concejala-de-Turismo-Fernando-Valdes-secretario-de-Estado-de-Turismo-Juan-Jesus-Moreno-alcalde-de-Mula.-400x300.jpeg 400w, https:\/\/mula.es\/web\/wp-content\/uploads\/2022\/11\/De-izq.-a-drcha.-Alejandra-Martinez-concejala-de-Turismo-Fernando-Valdes-secretario-de-Estado-de-Turismo-Juan-Jesus-Moreno-alcalde-de-Mula.-600x450.jpeg 600w, https:\/\/mula.es\/web\/wp-content\/uploads\/2022\/11\/De-izq.-a-drcha.-Alejandra-Martinez-concejala-de-Turismo-Fernando-Valdes-secretario-de-Estado-de-Turismo-Juan-Jesus-Moreno-alcalde-de-Mula.-768x576.jpeg 768w, https:\/\/mula.es\/web\/wp-content\/uploads\/2022\/11\/De-izq.-a-drcha.-Alejandra-Martinez-concejala-de-Turismo-Fernando-Valdes-secretario-de-Estado-de-Turismo-Juan-Jesus-Moreno-alcalde-de-Mula.-800x600.jpeg 800w, https:\/\/mula.es\/web\/wp-content\/uploads\/2022\/11\/De-izq.-a-drcha.-Alejandra-Martinez-concejala-de-Turismo-Fernando-Valdes-secretario-de-Estado-de-Turismo-Juan-Jesus-Moreno-alcalde-de-Mula.-1024x768.jpeg 1024w, https:\/\/mula.es\/web\/wp-content\/uploads\/2022\/11\/De-izq.-a-drcha.-Alejandra-Martinez-concejala-de-Turismo-Fernando-Valdes-secretario-de-Estado-de-Turismo-Juan-Jesus-Moreno-alcalde-de-Mula.-1200x900.jpeg 1200w, https:\/\/mula.es\/web\/wp-content\/uploads\/2022\/11\/De-izq.-a-drcha.-Alejandra-Martinez-concejala-de-Turismo-Fernando-Valdes-secretario-de-Estado-de-Turismo-Juan-Jesus-Moreno-alcalde-de-Mula.-1536x1152.jpeg 1536w, https:\/\/mula.es\/web\/wp-content\/uploads\/2022\/11\/De-izq.-a-drcha.-Alejandra-Martinez-concejala-de-Turismo-Fernando-Valdes-secretario-de-Estado-de-Turismo-Juan-Jesus-Moreno-alcalde-de-Mula..jpeg 1600w\" sizes=\"(max-width: 597px) 100vw, 597px\" \/><\/a><\/p>\n","protected":false},"excerpt":{"rendered":"<p>El Ayuntamiento de Mula ha estado presente en el III Congreso Mundial de Destinos Tur\u00edsticos Inteligentes, que se celebra en Valencia desde el 21 al 23 de noviembre, con el objetivo de seguir avanzando en medidas para que Mula pueda ser un Destino Tur\u00edstico Inteligente (DTI). Mula forma parte de la Red de Destinos Tur\u00edsticos  [&#8230;]<\/p>\n","protected":false},"author":12,"featured_media":46459,"comment_status":"closed","ping_status":"closed","sticky":false,"template":"","format":"standard","meta":{"jetpack_post_was_ever_published":false,"_jetpack_newsletter_access":"","_jetpack_dont_email_post_to_subs":false,"_jetpack_newsletter_tier_id":0,"_jetpack_memberships_contains_paywalled_content":false,"_jetpack_memberships_contains_paid_content":false,"footnotes":"","jetpack_publicize_message":"","jetpack_publicize_feature_enabled":true,"jetpack_social_post_already_shared":false,"jetpack_social_options":{"image_generator_settings":{"template":"highway","default_image_id":0,"font":"","enabled":false},"version":2}},"categories":[75],"tags":[841,842,198,821,825,840],"class_list":["post-46457","post","type-post","status-publish","format-standard","has-post-thumbnail","hentry","category-turismo","tag-congreso","tag-dti","tag-mula","tag-murcia","tag-turismo","tag-valencia"],"yoast_head":"<!-- This site is optimized with the Yoast SEO plugin v27.5 - https:\/\/yoast.com\/product\/yoast-seo-wordpress\/ -->\n<title>TURISMO| El Ayuntamiento de Mula est\u00e1 presente en el III Congreso Mundial de Destinos Tur\u00edsticos Inteligentes - Ayuntamiento de Mula<\/title>\n<meta name=\"robots\" content=\"index, follow, max-snippet:-1, max-image-preview:large, max-video-preview:-1\" \/>\n<link rel=\"canonical\" href=\"https:\/\/mula.es\/web\/turismo-el-ayuntamiento-de-mula-esta-presente-en-el-iii-congreso-mundial-de-destinos-turisticos-inteligentes\/\" \/>\n<meta property=\"og:locale\" content=\"es_ES\" \/>\n<meta property=\"og:type\" content=\"article\" \/>\n<meta property=\"og:title\" content=\"TURISMO| El Ayuntamiento de Mula est\u00e1 presente en el III Congreso Mundial de Destinos Tur\u00edsticos Inteligentes - Ayuntamiento de Mula\" \/>\n<meta property=\"og:description\" content=\"El Ayuntamiento de Mula ha estado presente en el III Congreso Mundial de Destinos Tur\u00edsticos Inteligentes, que se celebra en Valencia desde el 21 al 23 de noviembre, con el objetivo de seguir avanzando en medidas para que Mula pueda ser un Destino Tur\u00edstico Inteligente (DTI). Mula forma parte de la Red de Destinos Tur\u00edsticos [...]\" \/>\n<meta property=\"og:url\" content=\"https:\/\/mula.es\/web\/turismo-el-ayuntamiento-de-mula-esta-presente-en-el-iii-congreso-mundial-de-destinos-turisticos-inteligentes\/\" \/>\n<meta property=\"og:site_name\" content=\"Ayuntamiento de Mula\" \/>\n<meta property=\"article:published_time\" content=\"2022-11-22T12:34:42+00:00\" \/>\n<meta property=\"article:modified_time\" content=\"2022-11-22T12:36:20+00:00\" \/>\n<meta property=\"og:image\" content=\"https:\/\/mula.es\/web\/wp-content\/uploads\/2022\/11\/Foto-Grupal-III-Congreso-Mundial-de-Destinos-Turisticos-Inteligentes.jpeg\" \/>\n\t<meta property=\"og:image:width\" content=\"2048\" \/>\n\t<meta property=\"og:image:height\" content=\"1536\" \/>\n\t<meta property=\"og:image:type\" content=\"image\/jpeg\" \/>\n<meta name=\"author\" content=\"Mar\u00eda Bel\u00e9n Sumba Bravo\" \/>\n<meta name=\"twitter:card\" content=\"summary_large_image\" \/>\n<meta name=\"twitter:creator\" content=\"@AyuntamientMula\" \/>\n<meta name=\"twitter:site\" content=\"@AyuntamientMula\" \/>\n<meta name=\"twitter:label1\" content=\"Escrito por\" \/>\n\t<meta name=\"twitter:data1\" content=\"Mar\u00eda Bel\u00e9n Sumba Bravo\" \/>\n\t<meta name=\"twitter:label2\" content=\"Tiempo de lectura\" \/>\n\t<meta name=\"twitter:data2\" content=\"2 minutos\" \/>\n<script type=\"application\/ld+json\" class=\"yoast-schema-graph\">{\"@context\":\"https:\\\/\\\/schema.org\",\"@graph\":[{\"@type\":\"Article\",\"@id\":\"https:\\\/\\\/mula.es\\\/web\\\/turismo-el-ayuntamiento-de-mula-esta-presente-en-el-iii-congreso-mundial-de-destinos-turisticos-inteligentes\\\/#article\",\"isPartOf\":{\"@id\":\"https:\\\/\\\/mula.es\\\/web\\\/turismo-el-ayuntamiento-de-mula-esta-presente-en-el-iii-congreso-mundial-de-destinos-turisticos-inteligentes\\\/\"},\"author\":{\"name\":\"Mar\u00eda Bel\u00e9n Sumba Bravo\",\"@id\":\"https:\\\/\\\/mula.es\\\/web\\\/#\\\/schema\\\/person\\\/4cc33fc69cd667605e1b6247815ac0c0\"},\"headline\":\"TURISMO| El Ayuntamiento de Mula est\u00e1 presente en el III Congreso Mundial de Destinos Tur\u00edsticos Inteligentes\",\"datePublished\":\"2022-11-22T12:34:42+00:00\",\"dateModified\":\"2022-11-22T12:36:20+00:00\",\"mainEntityOfPage\":{\"@id\":\"https:\\\/\\\/mula.es\\\/web\\\/turismo-el-ayuntamiento-de-mula-esta-presente-en-el-iii-congreso-mundial-de-destinos-turisticos-inteligentes\\\/\"},\"wordCount\":289,\"image\":{\"@id\":\"https:\\\/\\\/mula.es\\\/web\\\/turismo-el-ayuntamiento-de-mula-esta-presente-en-el-iii-congreso-mundial-de-destinos-turisticos-inteligentes\\\/#primaryimage\"},\"thumbnailUrl\":\"https:\\\/\\\/mula.es\\\/web\\\/wp-content\\\/uploads\\\/2022\\\/11\\\/Foto-Grupal-III-Congreso-Mundial-de-Destinos-Turisticos-Inteligentes.jpeg\",\"keywords\":[\"congreso\",\"dti\",\"mula\",\"murcia\",\"turismo\",\"valencia\"],\"articleSection\":[\"turismo\"],\"inLanguage\":\"es\"},{\"@type\":\"WebPage\",\"@id\":\"https:\\\/\\\/mula.es\\\/web\\\/turismo-el-ayuntamiento-de-mula-esta-presente-en-el-iii-congreso-mundial-de-destinos-turisticos-inteligentes\\\/\",\"url\":\"https:\\\/\\\/mula.es\\\/web\\\/turismo-el-ayuntamiento-de-mula-esta-presente-en-el-iii-congreso-mundial-de-destinos-turisticos-inteligentes\\\/\",\"name\":\"TURISMO| El Ayuntamiento de Mula est\u00e1 presente en el III Congreso Mundial de Destinos Tur\u00edsticos Inteligentes - Ayuntamiento de Mula\",\"isPartOf\":{\"@id\":\"https:\\\/\\\/mula.es\\\/web\\\/#website\"},\"primaryImageOfPage\":{\"@id\":\"https:\\\/\\\/mula.es\\\/web\\\/turismo-el-ayuntamiento-de-mula-esta-presente-en-el-iii-congreso-mundial-de-destinos-turisticos-inteligentes\\\/#primaryimage\"},\"image\":{\"@id\":\"https:\\\/\\\/mula.es\\\/web\\\/turismo-el-ayuntamiento-de-mula-esta-presente-en-el-iii-congreso-mundial-de-destinos-turisticos-inteligentes\\\/#primaryimage\"},\"thumbnailUrl\":\"https:\\\/\\\/mula.es\\\/web\\\/wp-content\\\/uploads\\\/2022\\\/11\\\/Foto-Grupal-III-Congreso-Mundial-de-Destinos-Turisticos-Inteligentes.jpeg\",\"datePublished\":\"2022-11-22T12:34:42+00:00\",\"dateModified\":\"2022-11-22T12:36:20+00:00\",\"author\":{\"@id\":\"https:\\\/\\\/mula.es\\\/web\\\/#\\\/schema\\\/person\\\/4cc33fc69cd667605e1b6247815ac0c0\"},\"breadcrumb\":{\"@id\":\"https:\\\/\\\/mula.es\\\/web\\\/turismo-el-ayuntamiento-de-mula-esta-presente-en-el-iii-congreso-mundial-de-destinos-turisticos-inteligentes\\\/#breadcrumb\"},\"inLanguage\":\"es\",\"potentialAction\":[{\"@type\":\"ReadAction\",\"target\":[\"https:\\\/\\\/mula.es\\\/web\\\/turismo-el-ayuntamiento-de-mula-esta-presente-en-el-iii-congreso-mundial-de-destinos-turisticos-inteligentes\\\/\"]}]},{\"@type\":\"ImageObject\",\"inLanguage\":\"es\",\"@id\":\"https:\\\/\\\/mula.es\\\/web\\\/turismo-el-ayuntamiento-de-mula-esta-presente-en-el-iii-congreso-mundial-de-destinos-turisticos-inteligentes\\\/#primaryimage\",\"url\":\"https:\\\/\\\/mula.es\\\/web\\\/wp-content\\\/uploads\\\/2022\\\/11\\\/Foto-Grupal-III-Congreso-Mundial-de-Destinos-Turisticos-Inteligentes.jpeg\",\"contentUrl\":\"https:\\\/\\\/mula.es\\\/web\\\/wp-content\\\/uploads\\\/2022\\\/11\\\/Foto-Grupal-III-Congreso-Mundial-de-Destinos-Turisticos-Inteligentes.jpeg\",\"width\":2048,\"height\":1536,\"caption\":\"Foto Grupal III Congreso Mundial de Destinos Tur\u00edsticos Inteligentes\"},{\"@type\":\"BreadcrumbList\",\"@id\":\"https:\\\/\\\/mula.es\\\/web\\\/turismo-el-ayuntamiento-de-mula-esta-presente-en-el-iii-congreso-mundial-de-destinos-turisticos-inteligentes\\\/#breadcrumb\",\"itemListElement\":[{\"@type\":\"ListItem\",\"position\":1,\"name\":\"Portada\",\"item\":\"https:\\\/\\\/mula.es\\\/web\\\/\"},{\"@type\":\"ListItem\",\"position\":2,\"name\":\"TURISMO| El Ayuntamiento de Mula est\u00e1 presente en el III Congreso Mundial de Destinos Tur\u00edsticos Inteligentes\"}]},{\"@type\":\"WebSite\",\"@id\":\"https:\\\/\\\/mula.es\\\/web\\\/#website\",\"url\":\"https:\\\/\\\/mula.es\\\/web\\\/\",\"name\":\"Ayuntamiento de Mula\",\"description\":\"P\u00e1gina web del Ayuntamiento de Mula (Regi\u00f3n de Murcia)\",\"potentialAction\":[{\"@type\":\"SearchAction\",\"target\":{\"@type\":\"EntryPoint\",\"urlTemplate\":\"https:\\\/\\\/mula.es\\\/web\\\/?s={search_term_string}\"},\"query-input\":{\"@type\":\"PropertyValueSpecification\",\"valueRequired\":true,\"valueName\":\"search_term_string\"}}],\"inLanguage\":\"es\"},{\"@type\":\"Person\",\"@id\":\"https:\\\/\\\/mula.es\\\/web\\\/#\\\/schema\\\/person\\\/4cc33fc69cd667605e1b6247815ac0c0\",\"name\":\"Mar\u00eda Bel\u00e9n Sumba Bravo\",\"image\":{\"@type\":\"ImageObject\",\"inLanguage\":\"es\",\"@id\":\"https:\\\/\\\/secure.gravatar.com\\\/avatar\\\/8f65af12a8d72e866f97bba50325bdf89a5362533b6f2c9db8c88130883986b1?s=96&d=mm&r=g\",\"url\":\"https:\\\/\\\/secure.gravatar.com\\\/avatar\\\/8f65af12a8d72e866f97bba50325bdf89a5362533b6f2c9db8c88130883986b1?s=96&d=mm&r=g\",\"contentUrl\":\"https:\\\/\\\/secure.gravatar.com\\\/avatar\\\/8f65af12a8d72e866f97bba50325bdf89a5362533b6f2c9db8c88130883986b1?s=96&d=mm&r=g\",\"caption\":\"Mar\u00eda Bel\u00e9n Sumba Bravo\"},\"url\":\"https:\\\/\\\/mula.es\\\/web\\\/author\\\/mbsumba\\\/\"}]}<\/script>\n<!-- \/ Yoast SEO plugin. -->","yoast_head_json":{"title":"TURISMO| El Ayuntamiento de Mula est\u00e1 presente en el III Congreso Mundial de Destinos Tur\u00edsticos Inteligentes - Ayuntamiento de Mula","robots":{"index":"index","follow":"follow","max-snippet":"max-snippet:-1","max-image-preview":"max-image-preview:large","max-video-preview":"max-video-preview:-1"},"canonical":"https:\/\/mula.es\/web\/turismo-el-ayuntamiento-de-mula-esta-presente-en-el-iii-congreso-mundial-de-destinos-turisticos-inteligentes\/","og_locale":"es_ES","og_type":"article","og_title":"TURISMO| El Ayuntamiento de Mula est\u00e1 presente en el III Congreso Mundial de Destinos Tur\u00edsticos Inteligentes - Ayuntamiento de Mula","og_description":"El Ayuntamiento de Mula ha estado presente en el III Congreso Mundial de Destinos Tur\u00edsticos Inteligentes, que se celebra en Valencia desde el 21 al 23 de noviembre, con el objetivo de seguir avanzando en medidas para que Mula pueda ser un Destino Tur\u00edstico Inteligente (DTI). Mula forma parte de la Red de Destinos Tur\u00edsticos [...]","og_url":"https:\/\/mula.es\/web\/turismo-el-ayuntamiento-de-mula-esta-presente-en-el-iii-congreso-mundial-de-destinos-turisticos-inteligentes\/","og_site_name":"Ayuntamiento de Mula","article_published_time":"2022-11-22T12:34:42+00:00","article_modified_time":"2022-11-22T12:36:20+00:00","og_image":[{"width":2048,"height":1536,"url":"https:\/\/mula.es\/web\/wp-content\/uploads\/2022\/11\/Foto-Grupal-III-Congreso-Mundial-de-Destinos-Turisticos-Inteligentes.jpeg","type":"image\/jpeg"}],"author":"Mar\u00eda Bel\u00e9n Sumba Bravo","twitter_card":"summary_large_image","twitter_creator":"@AyuntamientMula","twitter_site":"@AyuntamientMula","twitter_misc":{"Escrito por":"Mar\u00eda Bel\u00e9n Sumba Bravo","Tiempo de lectura":"2 minutos"},"schema":{"@context":"https:\/\/schema.org","@graph":[{"@type":"Article","@id":"https:\/\/mula.es\/web\/turismo-el-ayuntamiento-de-mula-esta-presente-en-el-iii-congreso-mundial-de-destinos-turisticos-inteligentes\/#article","isPartOf":{"@id":"https:\/\/mula.es\/web\/turismo-el-ayuntamiento-de-mula-esta-presente-en-el-iii-congreso-mundial-de-destinos-turisticos-inteligentes\/"},"author":{"name":"Mar\u00eda Bel\u00e9n Sumba Bravo","@id":"https:\/\/mula.es\/web\/#\/schema\/person\/4cc33fc69cd667605e1b6247815ac0c0"},"headline":"TURISMO| El Ayuntamiento de Mula est\u00e1 presente en el III Congreso Mundial de Destinos Tur\u00edsticos Inteligentes","datePublished":"2022-11-22T12:34:42+00:00","dateModified":"2022-11-22T12:36:20+00:00","mainEntityOfPage":{"@id":"https:\/\/mula.es\/web\/turismo-el-ayuntamiento-de-mula-esta-presente-en-el-iii-congreso-mundial-de-destinos-turisticos-inteligentes\/"},"wordCount":289,"image":{"@id":"https:\/\/mula.es\/web\/turismo-el-ayuntamiento-de-mula-esta-presente-en-el-iii-congreso-mundial-de-destinos-turisticos-inteligentes\/#primaryimage"},"thumbnailUrl":"https:\/\/mula.es\/web\/wp-content\/uploads\/2022\/11\/Foto-Grupal-III-Congreso-Mundial-de-Destinos-Turisticos-Inteligentes.jpeg","keywords":["congreso","dti","mula","murcia","turismo","valencia"],"articleSection":["turismo"],"inLanguage":"es"},{"@type":"WebPage","@id":"https:\/\/mula.es\/web\/turismo-el-ayuntamiento-de-mula-esta-presente-en-el-iii-congreso-mundial-de-destinos-turisticos-inteligentes\/","url":"https:\/\/mula.es\/web\/turismo-el-ayuntamiento-de-mula-esta-presente-en-el-iii-congreso-mundial-de-destinos-turisticos-inteligentes\/","name":"TURISMO| El Ayuntamiento de Mula est\u00e1 presente en el III Congreso Mundial de Destinos Tur\u00edsticos Inteligentes - Ayuntamiento de Mula","isPartOf":{"@id":"https:\/\/mula.es\/web\/#website"},"primaryImageOfPage":{"@id":"https:\/\/mula.es\/web\/turismo-el-ayuntamiento-de-mula-esta-presente-en-el-iii-congreso-mundial-de-destinos-turisticos-inteligentes\/#primaryimage"},"image":{"@id":"https:\/\/mula.es\/web\/turismo-el-ayuntamiento-de-mula-esta-presente-en-el-iii-congreso-mundial-de-destinos-turisticos-inteligentes\/#primaryimage"},"thumbnailUrl":"https:\/\/mula.es\/web\/wp-content\/uploads\/2022\/11\/Foto-Grupal-III-Congreso-Mundial-de-Destinos-Turisticos-Inteligentes.jpeg","datePublished":"2022-11-22T12:34:42+00:00","dateModified":"2022-11-22T12:36:20+00:00","author":{"@id":"https:\/\/mula.es\/web\/#\/schema\/person\/4cc33fc69cd667605e1b6247815ac0c0"},"breadcrumb":{"@id":"https:\/\/mula.es\/web\/turismo-el-ayuntamiento-de-mula-esta-presente-en-el-iii-congreso-mundial-de-destinos-turisticos-inteligentes\/#breadcrumb"},"inLanguage":"es","potentialAction":[{"@type":"ReadAction","target":["https:\/\/mula.es\/web\/turismo-el-ayuntamiento-de-mula-esta-presente-en-el-iii-congreso-mundial-de-destinos-turisticos-inteligentes\/"]}]},{"@type":"ImageObject","inLanguage":"es","@id":"https:\/\/mula.es\/web\/turismo-el-ayuntamiento-de-mula-esta-presente-en-el-iii-congreso-mundial-de-destinos-turisticos-inteligentes\/#primaryimage","url":"https:\/\/mula.es\/web\/wp-content\/uploads\/2022\/11\/Foto-Grupal-III-Congreso-Mundial-de-Destinos-Turisticos-Inteligentes.jpeg","contentUrl":"https:\/\/mula.es\/web\/wp-content\/uploads\/2022\/11\/Foto-Grupal-III-Congreso-Mundial-de-Destinos-Turisticos-Inteligentes.jpeg","width":2048,"height":1536,"caption":"Foto Grupal III Congreso Mundial de Destinos Tur\u00edsticos Inteligentes"},{"@type":"BreadcrumbList","@id":"https:\/\/mula.es\/web\/turismo-el-ayuntamiento-de-mula-esta-presente-en-el-iii-congreso-mundial-de-destinos-turisticos-inteligentes\/#breadcrumb","itemListElement":[{"@type":"ListItem","position":1,"name":"Portada","item":"https:\/\/mula.es\/web\/"},{"@type":"ListItem","position":2,"name":"TURISMO| El Ayuntamiento de Mula est\u00e1 presente en el III Congreso Mundial de Destinos Tur\u00edsticos Inteligentes"}]},{"@type":"WebSite","@id":"https:\/\/mula.es\/web\/#website","url":"https:\/\/mula.es\/web\/","name":"Ayuntamiento de Mula","description":"P\u00e1gina web del Ayuntamiento de Mula (Regi\u00f3n de Murcia)","potentialAction":[{"@type":"SearchAction","target":{"@type":"EntryPoint","urlTemplate":"https:\/\/mula.es\/web\/?s={search_term_string}"},"query-input":{"@type":"PropertyValueSpecification","valueRequired":true,"valueName":"search_term_string"}}],"inLanguage":"es"},{"@type":"Person","@id":"https:\/\/mula.es\/web\/#\/schema\/person\/4cc33fc69cd667605e1b6247815ac0c0","name":"Mar\u00eda Bel\u00e9n Sumba Bravo","image":{"@type":"ImageObject","inLanguage":"es","@id":"https:\/\/secure.gravatar.com\/avatar\/8f65af12a8d72e866f97bba50325bdf89a5362533b6f2c9db8c88130883986b1?s=96&d=mm&r=g","url":"https:\/\/secure.gravatar.com\/avatar\/8f65af12a8d72e866f97bba50325bdf89a5362533b6f2c9db8c88130883986b1?s=96&d=mm&r=g","contentUrl":"https:\/\/secure.gravatar.com\/avatar\/8f65af12a8d72e866f97bba50325bdf89a5362533b6f2c9db8c88130883986b1?s=96&d=mm&r=g","caption":"Mar\u00eda Bel\u00e9n Sumba Bravo"},"url":"https:\/\/mula.es\/web\/author\/mbsumba\/"}]}},"jetpack_publicize_connections":[],"jetpack_featured_media_url":"https:\/\/mula.es\/web\/wp-content\/uploads\/2022\/11\/Foto-Grupal-III-Congreso-Mundial-de-Destinos-Turisticos-Inteligentes.jpeg","jetpack_sharing_enabled":true,"jetpack_shortlink":"https:\/\/wp.me\/pa9DMY-c5j","jetpack-related-posts":[],"_links":{"self":[{"href":"https:\/\/mula.es\/web\/wp-json\/wp\/v2\/posts\/46457","targetHints":{"allow":["GET"]}}],"collection":[{"href":"https:\/\/mula.es\/web\/wp-json\/wp\/v2\/posts"}],"about":[{"href":"https:\/\/mula.es\/web\/wp-json\/wp\/v2\/types\/post"}],"author":[{"embeddable":true,"href":"https:\/\/mula.es\/web\/wp-json\/wp\/v2\/users\/12"}],"replies":[{"embeddable":true,"href":"https:\/\/mula.es\/web\/wp-json\/wp\/v2\/comments?post=46457"}],"version-history":[{"count":3,"href":"https:\/\/mula.es\/web\/wp-json\/wp\/v2\/posts\/46457\/revisions"}],"predecessor-version":[{"id":46462,"href":"https:\/\/mula.es\/web\/wp-json\/wp\/v2\/posts\/46457\/revisions\/46462"}],"wp:featuredmedia":[{"embeddable":true,"href":"https:\/\/mula.es\/web\/wp-json\/wp\/v2\/media\/46459"}],"wp:attachment":[{"href":"https:\/\/mula.es\/web\/wp-json\/wp\/v2\/media?parent=46457"}],"wp:term":[{"taxonomy":"category","embeddable":true,"href":"https:\/\/mula.es\/web\/wp-json\/wp\/v2\/categories?post=46457"},{"taxonomy":"post_tag","embeddable":true,"href":"https:\/\/mula.es\/web\/wp-json\/wp\/v2\/tags?post=46457"}],"curies":[{"name":"wp","href":"https:\/\/api.w.org\/{rel}","templated":true}]}}