{"id":46722,"date":"2022-12-12T09:33:22","date_gmt":"2022-12-12T08:33:22","guid":{"rendered":"https:\/\/mula.es\/web\/?p=46722"},"modified":"2022-12-12T09:33:43","modified_gmt":"2022-12-12T08:33:43","slug":"ganadores-del-concurso-de-decoracion-de-puestos-del-poblado-navideno","status":"publish","type":"post","link":"https:\/\/mula.es\/web\/ganadores-del-concurso-de-decoracion-de-puestos-del-poblado-navideno\/","title":{"rendered":"Ganadores del Concurso de Decoraci\u00f3n de Puestos del Poblado Navide\u00f1o"},"content":{"rendered":"<p style=\"text-align: justify;\">El Ayuntamiento de Mula convoc\u00f3, dentro del Poblado Navide\u00f1o, el <em>Concurso de Decoraci\u00f3n de Puestos<\/em>, en el que participaron todos los comerciantes que formaron parte de este mercado navide\u00f1o que tuvo lugar del 8 al 11 de diciembre. En el certamen se establecieron dos premios, Primero y Segundo, cuya dotaci\u00f3n econ\u00f3mica la aportaron los propios participantes, dando cada puesto 5 euros.<\/p>\n<p style=\"text-align: justify;\">A trav\u00e9s de este concurso se quiso incentivar a los puesto a crear un ambiente propio de estas fechas, para hacer del Poblado Navide\u00f1o un entorno id\u00edlico donde disfrutar del colorido de las luces, respirar el aroma de las casta\u00f1as asadas y de los dulces navide\u00f1os, cantar al son de los villancicos&#8230;Es decir, que el Poblado fuese sin\u00f3nimo de Navidad.<\/p>\n<p style=\"text-align: justify;\">Los comercios ganadores han sido:<\/p>\n<ul style=\"text-align: justify;\">\n<li><strong>Panader\u00eda El Ni\u00f1o de Mula<\/strong> &#8211; Primer Premio, dotado de 125 euros.<\/li>\n<li><strong>Serigraf\u00eda Juanfe<\/strong> &#8211; Segundo Premio, dotado de 75 euros.<\/li>\n<\/ul>\n<p style=\"text-align: justify;\">El jurado estuvo conformado por Julia Serrano S\u00e1nchez, Mar\u00eda Gracia Jim\u00e9nez, Mar\u00eda Gabarr\u00f3n Pascual y Javier Gabarr\u00f3n Pascual, miembros del Consejo Local de la Juventud.<\/p>\n<p>&nbsp;<\/p>\n","protected":false},"excerpt":{"rendered":"<p>El Ayuntamiento de Mula convoc\u00f3, dentro del Poblado Navide\u00f1o, el Concurso de Decoraci\u00f3n de Puestos, en el que participaron todos los comerciantes que formaron parte de este mercado navide\u00f1o que tuvo lugar del 8 al 11 de diciembre. En el certamen se establecieron dos premios, Primero y Segundo, cuya dotaci\u00f3n econ\u00f3mica la aportaron los propios  [&#8230;]<\/p>\n","protected":false},"author":12,"featured_media":46723,"comment_status":"closed","ping_status":"closed","sticky":false,"template":"","format":"standard","meta":{"jetpack_post_was_ever_published":false,"_jetpack_newsletter_access":"","_jetpack_dont_email_post_to_subs":false,"_jetpack_newsletter_tier_id":0,"_jetpack_memberships_contains_paywalled_content":false,"_jetpack_memberships_contains_paid_content":false,"footnotes":"","jetpack_publicize_message":"","jetpack_publicize_feature_enabled":true,"jetpack_social_post_already_shared":false,"jetpack_social_options":{"image_generator_settings":{"template":"highway","default_image_id":0,"font":"","enabled":false},"version":2}},"categories":[336],"tags":[],"class_list":["post-46722","post","type-post","status-publish","format-standard","has-post-thumbnail","hentry","category-navidad"],"yoast_head":"<!-- This site is optimized with the Yoast SEO plugin v27.5 - https:\/\/yoast.com\/product\/yoast-seo-wordpress\/ -->\n<title>Ganadores del Concurso de Decoraci\u00f3n de Puestos del Poblado Navide\u00f1o - Ayuntamiento de Mula<\/title>\n<meta name=\"robots\" content=\"index, follow, max-snippet:-1, max-image-preview:large, max-video-preview:-1\" \/>\n<link rel=\"canonical\" href=\"https:\/\/mula.es\/web\/ganadores-del-concurso-de-decoracion-de-puestos-del-poblado-navideno\/\" \/>\n<meta property=\"og:locale\" content=\"es_ES\" \/>\n<meta property=\"og:type\" content=\"article\" \/>\n<meta property=\"og:title\" content=\"Ganadores del Concurso de Decoraci\u00f3n de Puestos del Poblado Navide\u00f1o - Ayuntamiento de Mula\" \/>\n<meta property=\"og:description\" content=\"El Ayuntamiento de Mula convoc\u00f3, dentro del Poblado Navide\u00f1o, el Concurso de Decoraci\u00f3n de Puestos, en el que participaron todos los comerciantes que formaron parte de este mercado navide\u00f1o que tuvo lugar del 8 al 11 de diciembre. En el certamen se establecieron dos premios, Primero y Segundo, cuya dotaci\u00f3n econ\u00f3mica la aportaron los propios [...]\" \/>\n<meta property=\"og:url\" content=\"https:\/\/mula.es\/web\/ganadores-del-concurso-de-decoracion-de-puestos-del-poblado-navideno\/\" \/>\n<meta property=\"og:site_name\" content=\"Ayuntamiento de Mula\" \/>\n<meta property=\"article:published_time\" content=\"2022-12-12T08:33:22+00:00\" \/>\n<meta property=\"article:modified_time\" content=\"2022-12-12T08:33:43+00:00\" \/>\n<meta property=\"og:image\" content=\"https:\/\/mula.es\/web\/wp-content\/uploads\/2022\/12\/Panaderia-El-Nino-de-Mula.jpeg\" \/>\n\t<meta property=\"og:image:width\" content=\"1185\" \/>\n\t<meta property=\"og:image:height\" content=\"1193\" \/>\n\t<meta property=\"og:image:type\" content=\"image\/jpeg\" \/>\n<meta name=\"author\" content=\"Mar\u00eda Bel\u00e9n Sumba Bravo\" \/>\n<meta name=\"twitter:card\" content=\"summary_large_image\" \/>\n<meta name=\"twitter:creator\" content=\"@AyuntamientMula\" \/>\n<meta name=\"twitter:site\" content=\"@AyuntamientMula\" \/>\n<meta name=\"twitter:label1\" content=\"Escrito por\" \/>\n\t<meta name=\"twitter:data1\" content=\"Mar\u00eda Bel\u00e9n Sumba Bravo\" \/>\n\t<meta name=\"twitter:label2\" content=\"Tiempo de lectura\" \/>\n\t<meta name=\"twitter:data2\" content=\"1 minuto\" \/>\n<script type=\"application\/ld+json\" class=\"yoast-schema-graph\">{\"@context\":\"https:\\\/\\\/schema.org\",\"@graph\":[{\"@type\":\"Article\",\"@id\":\"https:\\\/\\\/mula.es\\\/web\\\/ganadores-del-concurso-de-decoracion-de-puestos-del-poblado-navideno\\\/#article\",\"isPartOf\":{\"@id\":\"https:\\\/\\\/mula.es\\\/web\\\/ganadores-del-concurso-de-decoracion-de-puestos-del-poblado-navideno\\\/\"},\"author\":{\"name\":\"Mar\u00eda Bel\u00e9n Sumba Bravo\",\"@id\":\"https:\\\/\\\/mula.es\\\/web\\\/#\\\/schema\\\/person\\\/4cc33fc69cd667605e1b6247815ac0c0\"},\"headline\":\"Ganadores del Concurso de Decoraci\u00f3n de Puestos del Poblado Navide\u00f1o\",\"datePublished\":\"2022-12-12T08:33:22+00:00\",\"dateModified\":\"2022-12-12T08:33:43+00:00\",\"mainEntityOfPage\":{\"@id\":\"https:\\\/\\\/mula.es\\\/web\\\/ganadores-del-concurso-de-decoracion-de-puestos-del-poblado-navideno\\\/\"},\"wordCount\":201,\"image\":{\"@id\":\"https:\\\/\\\/mula.es\\\/web\\\/ganadores-del-concurso-de-decoracion-de-puestos-del-poblado-navideno\\\/#primaryimage\"},\"thumbnailUrl\":\"https:\\\/\\\/mula.es\\\/web\\\/wp-content\\\/uploads\\\/2022\\\/12\\\/Panaderia-El-Nino-de-Mula.jpeg\",\"articleSection\":[\"navidad\"],\"inLanguage\":\"es\"},{\"@type\":\"WebPage\",\"@id\":\"https:\\\/\\\/mula.es\\\/web\\\/ganadores-del-concurso-de-decoracion-de-puestos-del-poblado-navideno\\\/\",\"url\":\"https:\\\/\\\/mula.es\\\/web\\\/ganadores-del-concurso-de-decoracion-de-puestos-del-poblado-navideno\\\/\",\"name\":\"Ganadores del Concurso de Decoraci\u00f3n de Puestos del Poblado Navide\u00f1o - Ayuntamiento de Mula\",\"isPartOf\":{\"@id\":\"https:\\\/\\\/mula.es\\\/web\\\/#website\"},\"primaryImageOfPage\":{\"@id\":\"https:\\\/\\\/mula.es\\\/web\\\/ganadores-del-concurso-de-decoracion-de-puestos-del-poblado-navideno\\\/#primaryimage\"},\"image\":{\"@id\":\"https:\\\/\\\/mula.es\\\/web\\\/ganadores-del-concurso-de-decoracion-de-puestos-del-poblado-navideno\\\/#primaryimage\"},\"thumbnailUrl\":\"https:\\\/\\\/mula.es\\\/web\\\/wp-content\\\/uploads\\\/2022\\\/12\\\/Panaderia-El-Nino-de-Mula.jpeg\",\"datePublished\":\"2022-12-12T08:33:22+00:00\",\"dateModified\":\"2022-12-12T08:33:43+00:00\",\"author\":{\"@id\":\"https:\\\/\\\/mula.es\\\/web\\\/#\\\/schema\\\/person\\\/4cc33fc69cd667605e1b6247815ac0c0\"},\"breadcrumb\":{\"@id\":\"https:\\\/\\\/mula.es\\\/web\\\/ganadores-del-concurso-de-decoracion-de-puestos-del-poblado-navideno\\\/#breadcrumb\"},\"inLanguage\":\"es\",\"potentialAction\":[{\"@type\":\"ReadAction\",\"target\":[\"https:\\\/\\\/mula.es\\\/web\\\/ganadores-del-concurso-de-decoracion-de-puestos-del-poblado-navideno\\\/\"]}]},{\"@type\":\"ImageObject\",\"inLanguage\":\"es\",\"@id\":\"https:\\\/\\\/mula.es\\\/web\\\/ganadores-del-concurso-de-decoracion-de-puestos-del-poblado-navideno\\\/#primaryimage\",\"url\":\"https:\\\/\\\/mula.es\\\/web\\\/wp-content\\\/uploads\\\/2022\\\/12\\\/Panaderia-El-Nino-de-Mula.jpeg\",\"contentUrl\":\"https:\\\/\\\/mula.es\\\/web\\\/wp-content\\\/uploads\\\/2022\\\/12\\\/Panaderia-El-Nino-de-Mula.jpeg\",\"width\":1185,\"height\":1193,\"caption\":\"Panader\u00eda El Ni\u00f1o de Mula\"},{\"@type\":\"BreadcrumbList\",\"@id\":\"https:\\\/\\\/mula.es\\\/web\\\/ganadores-del-concurso-de-decoracion-de-puestos-del-poblado-navideno\\\/#breadcrumb\",\"itemListElement\":[{\"@type\":\"ListItem\",\"position\":1,\"name\":\"Portada\",\"item\":\"https:\\\/\\\/mula.es\\\/web\\\/\"},{\"@type\":\"ListItem\",\"position\":2,\"name\":\"Ganadores del Concurso de Decoraci\u00f3n de Puestos del Poblado Navide\u00f1o\"}]},{\"@type\":\"WebSite\",\"@id\":\"https:\\\/\\\/mula.es\\\/web\\\/#website\",\"url\":\"https:\\\/\\\/mula.es\\\/web\\\/\",\"name\":\"Ayuntamiento de Mula\",\"description\":\"P\u00e1gina web del Ayuntamiento de Mula (Regi\u00f3n de Murcia)\",\"potentialAction\":[{\"@type\":\"SearchAction\",\"target\":{\"@type\":\"EntryPoint\",\"urlTemplate\":\"https:\\\/\\\/mula.es\\\/web\\\/?s={search_term_string}\"},\"query-input\":{\"@type\":\"PropertyValueSpecification\",\"valueRequired\":true,\"valueName\":\"search_term_string\"}}],\"inLanguage\":\"es\"},{\"@type\":\"Person\",\"@id\":\"https:\\\/\\\/mula.es\\\/web\\\/#\\\/schema\\\/person\\\/4cc33fc69cd667605e1b6247815ac0c0\",\"name\":\"Mar\u00eda Bel\u00e9n Sumba Bravo\",\"image\":{\"@type\":\"ImageObject\",\"inLanguage\":\"es\",\"@id\":\"https:\\\/\\\/secure.gravatar.com\\\/avatar\\\/8f65af12a8d72e866f97bba50325bdf89a5362533b6f2c9db8c88130883986b1?s=96&d=mm&r=g\",\"url\":\"https:\\\/\\\/secure.gravatar.com\\\/avatar\\\/8f65af12a8d72e866f97bba50325bdf89a5362533b6f2c9db8c88130883986b1?s=96&d=mm&r=g\",\"contentUrl\":\"https:\\\/\\\/secure.gravatar.com\\\/avatar\\\/8f65af12a8d72e866f97bba50325bdf89a5362533b6f2c9db8c88130883986b1?s=96&d=mm&r=g\",\"caption\":\"Mar\u00eda Bel\u00e9n Sumba Bravo\"},\"url\":\"https:\\\/\\\/mula.es\\\/web\\\/author\\\/mbsumba\\\/\"}]}<\/script>\n<!-- \/ Yoast SEO plugin. -->","yoast_head_json":{"title":"Ganadores del Concurso de Decoraci\u00f3n de Puestos del Poblado Navide\u00f1o - Ayuntamiento de Mula","robots":{"index":"index","follow":"follow","max-snippet":"max-snippet:-1","max-image-preview":"max-image-preview:large","max-video-preview":"max-video-preview:-1"},"canonical":"https:\/\/mula.es\/web\/ganadores-del-concurso-de-decoracion-de-puestos-del-poblado-navideno\/","og_locale":"es_ES","og_type":"article","og_title":"Ganadores del Concurso de Decoraci\u00f3n de Puestos del Poblado Navide\u00f1o - Ayuntamiento de Mula","og_description":"El Ayuntamiento de Mula convoc\u00f3, dentro del Poblado Navide\u00f1o, el Concurso de Decoraci\u00f3n de Puestos, en el que participaron todos los comerciantes que formaron parte de este mercado navide\u00f1o que tuvo lugar del 8 al 11 de diciembre. En el certamen se establecieron dos premios, Primero y Segundo, cuya dotaci\u00f3n econ\u00f3mica la aportaron los propios [...]","og_url":"https:\/\/mula.es\/web\/ganadores-del-concurso-de-decoracion-de-puestos-del-poblado-navideno\/","og_site_name":"Ayuntamiento de Mula","article_published_time":"2022-12-12T08:33:22+00:00","article_modified_time":"2022-12-12T08:33:43+00:00","og_image":[{"width":1185,"height":1193,"url":"https:\/\/mula.es\/web\/wp-content\/uploads\/2022\/12\/Panaderia-El-Nino-de-Mula.jpeg","type":"image\/jpeg"}],"author":"Mar\u00eda Bel\u00e9n Sumba Bravo","twitter_card":"summary_large_image","twitter_creator":"@AyuntamientMula","twitter_site":"@AyuntamientMula","twitter_misc":{"Escrito por":"Mar\u00eda Bel\u00e9n Sumba Bravo","Tiempo de lectura":"1 minuto"},"schema":{"@context":"https:\/\/schema.org","@graph":[{"@type":"Article","@id":"https:\/\/mula.es\/web\/ganadores-del-concurso-de-decoracion-de-puestos-del-poblado-navideno\/#article","isPartOf":{"@id":"https:\/\/mula.es\/web\/ganadores-del-concurso-de-decoracion-de-puestos-del-poblado-navideno\/"},"author":{"name":"Mar\u00eda Bel\u00e9n Sumba Bravo","@id":"https:\/\/mula.es\/web\/#\/schema\/person\/4cc33fc69cd667605e1b6247815ac0c0"},"headline":"Ganadores del Concurso de Decoraci\u00f3n de Puestos del Poblado Navide\u00f1o","datePublished":"2022-12-12T08:33:22+00:00","dateModified":"2022-12-12T08:33:43+00:00","mainEntityOfPage":{"@id":"https:\/\/mula.es\/web\/ganadores-del-concurso-de-decoracion-de-puestos-del-poblado-navideno\/"},"wordCount":201,"image":{"@id":"https:\/\/mula.es\/web\/ganadores-del-concurso-de-decoracion-de-puestos-del-poblado-navideno\/#primaryimage"},"thumbnailUrl":"https:\/\/mula.es\/web\/wp-content\/uploads\/2022\/12\/Panaderia-El-Nino-de-Mula.jpeg","articleSection":["navidad"],"inLanguage":"es"},{"@type":"WebPage","@id":"https:\/\/mula.es\/web\/ganadores-del-concurso-de-decoracion-de-puestos-del-poblado-navideno\/","url":"https:\/\/mula.es\/web\/ganadores-del-concurso-de-decoracion-de-puestos-del-poblado-navideno\/","name":"Ganadores del Concurso de Decoraci\u00f3n de Puestos del Poblado Navide\u00f1o - Ayuntamiento de Mula","isPartOf":{"@id":"https:\/\/mula.es\/web\/#website"},"primaryImageOfPage":{"@id":"https:\/\/mula.es\/web\/ganadores-del-concurso-de-decoracion-de-puestos-del-poblado-navideno\/#primaryimage"},"image":{"@id":"https:\/\/mula.es\/web\/ganadores-del-concurso-de-decoracion-de-puestos-del-poblado-navideno\/#primaryimage"},"thumbnailUrl":"https:\/\/mula.es\/web\/wp-content\/uploads\/2022\/12\/Panaderia-El-Nino-de-Mula.jpeg","datePublished":"2022-12-12T08:33:22+00:00","dateModified":"2022-12-12T08:33:43+00:00","author":{"@id":"https:\/\/mula.es\/web\/#\/schema\/person\/4cc33fc69cd667605e1b6247815ac0c0"},"breadcrumb":{"@id":"https:\/\/mula.es\/web\/ganadores-del-concurso-de-decoracion-de-puestos-del-poblado-navideno\/#breadcrumb"},"inLanguage":"es","potentialAction":[{"@type":"ReadAction","target":["https:\/\/mula.es\/web\/ganadores-del-concurso-de-decoracion-de-puestos-del-poblado-navideno\/"]}]},{"@type":"ImageObject","inLanguage":"es","@id":"https:\/\/mula.es\/web\/ganadores-del-concurso-de-decoracion-de-puestos-del-poblado-navideno\/#primaryimage","url":"https:\/\/mula.es\/web\/wp-content\/uploads\/2022\/12\/Panaderia-El-Nino-de-Mula.jpeg","contentUrl":"https:\/\/mula.es\/web\/wp-content\/uploads\/2022\/12\/Panaderia-El-Nino-de-Mula.jpeg","width":1185,"height":1193,"caption":"Panader\u00eda El Ni\u00f1o de Mula"},{"@type":"BreadcrumbList","@id":"https:\/\/mula.es\/web\/ganadores-del-concurso-de-decoracion-de-puestos-del-poblado-navideno\/#breadcrumb","itemListElement":[{"@type":"ListItem","position":1,"name":"Portada","item":"https:\/\/mula.es\/web\/"},{"@type":"ListItem","position":2,"name":"Ganadores del Concurso de Decoraci\u00f3n de Puestos del Poblado Navide\u00f1o"}]},{"@type":"WebSite","@id":"https:\/\/mula.es\/web\/#website","url":"https:\/\/mula.es\/web\/","name":"Ayuntamiento de Mula","description":"P\u00e1gina web del Ayuntamiento de Mula (Regi\u00f3n de Murcia)","potentialAction":[{"@type":"SearchAction","target":{"@type":"EntryPoint","urlTemplate":"https:\/\/mula.es\/web\/?s={search_term_string}"},"query-input":{"@type":"PropertyValueSpecification","valueRequired":true,"valueName":"search_term_string"}}],"inLanguage":"es"},{"@type":"Person","@id":"https:\/\/mula.es\/web\/#\/schema\/person\/4cc33fc69cd667605e1b6247815ac0c0","name":"Mar\u00eda Bel\u00e9n Sumba Bravo","image":{"@type":"ImageObject","inLanguage":"es","@id":"https:\/\/secure.gravatar.com\/avatar\/8f65af12a8d72e866f97bba50325bdf89a5362533b6f2c9db8c88130883986b1?s=96&d=mm&r=g","url":"https:\/\/secure.gravatar.com\/avatar\/8f65af12a8d72e866f97bba50325bdf89a5362533b6f2c9db8c88130883986b1?s=96&d=mm&r=g","contentUrl":"https:\/\/secure.gravatar.com\/avatar\/8f65af12a8d72e866f97bba50325bdf89a5362533b6f2c9db8c88130883986b1?s=96&d=mm&r=g","caption":"Mar\u00eda Bel\u00e9n Sumba Bravo"},"url":"https:\/\/mula.es\/web\/author\/mbsumba\/"}]}},"jetpack_publicize_connections":[],"jetpack_featured_media_url":"https:\/\/mula.es\/web\/wp-content\/uploads\/2022\/12\/Panaderia-El-Nino-de-Mula.jpeg","jetpack_sharing_enabled":true,"jetpack_shortlink":"https:\/\/wp.me\/pa9DMY-c9A","jetpack-related-posts":[],"_links":{"self":[{"href":"https:\/\/mula.es\/web\/wp-json\/wp\/v2\/posts\/46722","targetHints":{"allow":["GET"]}}],"collection":[{"href":"https:\/\/mula.es\/web\/wp-json\/wp\/v2\/posts"}],"about":[{"href":"https:\/\/mula.es\/web\/wp-json\/wp\/v2\/types\/post"}],"author":[{"embeddable":true,"href":"https:\/\/mula.es\/web\/wp-json\/wp\/v2\/users\/12"}],"replies":[{"embeddable":true,"href":"https:\/\/mula.es\/web\/wp-json\/wp\/v2\/comments?post=46722"}],"version-history":[{"count":4,"href":"https:\/\/mula.es\/web\/wp-json\/wp\/v2\/posts\/46722\/revisions"}],"predecessor-version":[{"id":46727,"href":"https:\/\/mula.es\/web\/wp-json\/wp\/v2\/posts\/46722\/revisions\/46727"}],"wp:featuredmedia":[{"embeddable":true,"href":"https:\/\/mula.es\/web\/wp-json\/wp\/v2\/media\/46723"}],"wp:attachment":[{"href":"https:\/\/mula.es\/web\/wp-json\/wp\/v2\/media?parent=46722"}],"wp:term":[{"taxonomy":"category","embeddable":true,"href":"https:\/\/mula.es\/web\/wp-json\/wp\/v2\/categories?post=46722"},{"taxonomy":"post_tag","embeddable":true,"href":"https:\/\/mula.es\/web\/wp-json\/wp\/v2\/tags?post=46722"}],"curies":[{"name":"wp","href":"https:\/\/api.w.org\/{rel}","templated":true}]}}