{"id":46728,"date":"2022-12-12T14:42:04","date_gmt":"2022-12-12T13:42:04","guid":{"rendered":"https:\/\/mula.es\/web\/?p=46728"},"modified":"2022-12-12T14:44:26","modified_gmt":"2022-12-12T13:44:26","slug":"turismo-el-poblado-navideno-impulsa-el-comercio-local-en-el-inicio-de-la-navidad","status":"publish","type":"post","link":"https:\/\/mula.es\/web\/turismo-el-poblado-navideno-impulsa-el-comercio-local-en-el-inicio-de-la-navidad\/","title":{"rendered":"TURISMO| El Poblado Navide\u00f1o impulsa el comercio local en el inicio de la Navidad"},"content":{"rendered":"<p style=\"text-align: justify;\"><strong>El Poblado Navide\u00f1o, instalado en Mula del 8 al 11 de diciembre, ha atra\u00eddo a numerosos turistas provenientes de distintas partes de la Regi\u00f3n, del resto del pa\u00eds y del extranjero, suponiendo un impulso para el comercio local del municipio.<\/strong><\/p>\n<p style=\"text-align: justify;\">Durante estos d\u00edas, la Oficina de Turismo y el punto de informaci\u00f3n instalado en la plaza del Ayuntamiento atendieron a m\u00e1s de 2 mil personas. Entre ellas, las procedentes de la Regi\u00f3n han venido mayormente desde Cartagena, Murcia, San Javier y Molina de Segura. A nivel nacional, Madrid, Alicante y Barcelona han sido las ciudades que m\u00e1s turistas han tra\u00eddo. Asimismo, Mula tambi\u00e9n ha recibido a turistas procedentes de Francia, B\u00e9lgica, Alemania y Pa\u00edses Bajos principalmente. Adem\u00e1s, las visitas guiadas programadas diariamente por distintos lugares de inter\u00e9s cultural y patrimonial de Mula contaron con un gran n\u00famero de participantes.<\/p>\n<p style=\"text-align: justify;\">El Poblado Navide\u00f1o ha querido poner en valor la artesan\u00eda y el comercio local de Mula, dando as\u00ed tambi\u00e9n un impulso a la econom\u00eda del municipio desde el inicio de la campa\u00f1a navide\u00f1a y apostando por el turismo como punto de partida.<\/p>\n<p>&nbsp;<\/p>\n<div id=\"attachment_46730\" style=\"width: 640px\" class=\"wp-caption aligncenter\"><a href=\"https:\/\/mula.es\/web\/wp-content\/uploads\/2022\/12\/Una-de-las-visitas-guiadas-realizadas-dentro-de-la-programacion-del-Poblado-Navideno..jpg\"><img decoding=\"async\" aria-describedby=\"caption-attachment-46730\" data-attachment-id=\"46730\" data-permalink=\"https:\/\/mula.es\/web\/turismo-el-poblado-navideno-impulsa-el-comercio-local-en-el-inicio-de-la-navidad\/una-de-las-visitas-guiadas-realizadas-dentro-de-la-programacion-del-poblado-navideno\/\" data-orig-file=\"https:\/\/mula.es\/web\/wp-content\/uploads\/2022\/12\/Una-de-las-visitas-guiadas-realizadas-dentro-de-la-programacion-del-Poblado-Navideno..jpg\" data-orig-size=\"2000,1500\" data-comments-opened=\"0\" data-image-meta=\"{&quot;aperture&quot;:&quot;0&quot;,&quot;credit&quot;:&quot;&quot;,&quot;camera&quot;:&quot;&quot;,&quot;caption&quot;:&quot;&quot;,&quot;created_timestamp&quot;:&quot;0&quot;,&quot;copyright&quot;:&quot;&quot;,&quot;focal_length&quot;:&quot;0&quot;,&quot;iso&quot;:&quot;0&quot;,&quot;shutter_speed&quot;:&quot;0&quot;,&quot;title&quot;:&quot;&quot;,&quot;orientation&quot;:&quot;0&quot;}\" data-image-title=\"Una de las visitas guiadas realizadas dentro de la programaci\u00f3n del Poblado Navide\u00f1o.\" data-image-description=\"&lt;p&gt;Una de las visitas guiadas realizadas dentro de la programaci\u00f3n del Poblado Navide\u00f1o.&lt;\/p&gt;\n\" data-image-caption=\"\" data-large-file=\"https:\/\/mula.es\/web\/wp-content\/uploads\/2022\/12\/Una-de-las-visitas-guiadas-realizadas-dentro-de-la-programacion-del-Poblado-Navideno.-1024x768.jpg\" class=\"wp-image-46730 \" src=\"https:\/\/mula.es\/web\/wp-content\/uploads\/2022\/12\/Una-de-las-visitas-guiadas-realizadas-dentro-de-la-programacion-del-Poblado-Navideno.-1024x768.jpg\" alt=\"Una de las visitas guiadas realizadas dentro de la programaci\u00f3n del Poblado Navide\u00f1o.\" width=\"630\" height=\"472\" srcset=\"https:\/\/mula.es\/web\/wp-content\/uploads\/2022\/12\/Una-de-las-visitas-guiadas-realizadas-dentro-de-la-programacion-del-Poblado-Navideno.-200x150.jpg 200w, https:\/\/mula.es\/web\/wp-content\/uploads\/2022\/12\/Una-de-las-visitas-guiadas-realizadas-dentro-de-la-programacion-del-Poblado-Navideno.-300x225.jpg 300w, https:\/\/mula.es\/web\/wp-content\/uploads\/2022\/12\/Una-de-las-visitas-guiadas-realizadas-dentro-de-la-programacion-del-Poblado-Navideno.-400x300.jpg 400w, https:\/\/mula.es\/web\/wp-content\/uploads\/2022\/12\/Una-de-las-visitas-guiadas-realizadas-dentro-de-la-programacion-del-Poblado-Navideno.-600x450.jpg 600w, https:\/\/mula.es\/web\/wp-content\/uploads\/2022\/12\/Una-de-las-visitas-guiadas-realizadas-dentro-de-la-programacion-del-Poblado-Navideno.-768x576.jpg 768w, https:\/\/mula.es\/web\/wp-content\/uploads\/2022\/12\/Una-de-las-visitas-guiadas-realizadas-dentro-de-la-programacion-del-Poblado-Navideno.-800x600.jpg 800w, https:\/\/mula.es\/web\/wp-content\/uploads\/2022\/12\/Una-de-las-visitas-guiadas-realizadas-dentro-de-la-programacion-del-Poblado-Navideno.-1024x768.jpg 1024w, https:\/\/mula.es\/web\/wp-content\/uploads\/2022\/12\/Una-de-las-visitas-guiadas-realizadas-dentro-de-la-programacion-del-Poblado-Navideno.-1200x900.jpg 1200w, https:\/\/mula.es\/web\/wp-content\/uploads\/2022\/12\/Una-de-las-visitas-guiadas-realizadas-dentro-de-la-programacion-del-Poblado-Navideno.-1536x1152.jpg 1536w\" sizes=\"(max-width: 630px) 100vw, 630px\" \/><\/a><p id=\"caption-attachment-46730\" class=\"wp-caption-text\"><em>Una de las visitas guiadas realizadas dentro de la programaci\u00f3n del Poblado Navide\u00f1o.<\/em><\/p><\/div>\n","protected":false},"excerpt":{"rendered":"<p>El Poblado Navide\u00f1o, instalado en Mula del 8 al 11 de diciembre, ha atra\u00eddo a numerosos turistas provenientes de distintas partes de la Regi\u00f3n, del resto del pa\u00eds y del extranjero, suponiendo un impulso para el comercio local del municipio. Durante estos d\u00edas, la Oficina de Turismo y el punto de informaci\u00f3n instalado en la  [&#8230;]<\/p>\n","protected":false},"author":12,"featured_media":46729,"comment_status":"closed","ping_status":"closed","sticky":false,"template":"","format":"standard","meta":{"jetpack_post_was_ever_published":false,"_jetpack_newsletter_access":"","_jetpack_dont_email_post_to_subs":false,"_jetpack_newsletter_tier_id":0,"_jetpack_memberships_contains_paywalled_content":false,"_jetpack_memberships_contains_paid_content":false,"footnotes":"","jetpack_publicize_message":"","jetpack_publicize_feature_enabled":true,"jetpack_social_post_already_shared":false,"jetpack_social_options":{"image_generator_settings":{"template":"highway","default_image_id":0,"font":"","enabled":false},"version":2}},"categories":[336,75],"tags":[],"class_list":["post-46728","post","type-post","status-publish","format-standard","has-post-thumbnail","hentry","category-navidad","category-turismo"],"yoast_head":"<!-- This site is optimized with the Yoast SEO plugin v27.5 - https:\/\/yoast.com\/product\/yoast-seo-wordpress\/ -->\n<title>TURISMO| El Poblado Navide\u00f1o impulsa el comercio local en el inicio de la Navidad - Ayuntamiento de Mula<\/title>\n<meta name=\"robots\" content=\"index, follow, max-snippet:-1, max-image-preview:large, max-video-preview:-1\" \/>\n<link rel=\"canonical\" href=\"https:\/\/mula.es\/web\/turismo-el-poblado-navideno-impulsa-el-comercio-local-en-el-inicio-de-la-navidad\/\" \/>\n<meta property=\"og:locale\" content=\"es_ES\" \/>\n<meta property=\"og:type\" content=\"article\" \/>\n<meta property=\"og:title\" content=\"TURISMO| El Poblado Navide\u00f1o impulsa el comercio local en el inicio de la Navidad - Ayuntamiento de Mula\" \/>\n<meta property=\"og:description\" content=\"El Poblado Navide\u00f1o, instalado en Mula del 8 al 11 de diciembre, ha atra\u00eddo a numerosos turistas provenientes de distintas partes de la Regi\u00f3n, del resto del pa\u00eds y del extranjero, suponiendo un impulso para el comercio local del municipio. Durante estos d\u00edas, la Oficina de Turismo y el punto de informaci\u00f3n instalado en la [...]\" \/>\n<meta property=\"og:url\" content=\"https:\/\/mula.es\/web\/turismo-el-poblado-navideno-impulsa-el-comercio-local-en-el-inicio-de-la-navidad\/\" \/>\n<meta property=\"og:site_name\" content=\"Ayuntamiento de Mula\" \/>\n<meta property=\"article:published_time\" content=\"2022-12-12T13:42:04+00:00\" \/>\n<meta property=\"article:modified_time\" content=\"2022-12-12T13:44:26+00:00\" \/>\n<meta property=\"og:image\" content=\"https:\/\/mula.es\/web\/wp-content\/uploads\/2022\/12\/Poblado-Navideno.jpeg\" \/>\n\t<meta property=\"og:image:width\" content=\"1890\" \/>\n\t<meta property=\"og:image:height\" content=\"1407\" \/>\n\t<meta property=\"og:image:type\" content=\"image\/jpeg\" \/>\n<meta name=\"author\" content=\"Mar\u00eda Bel\u00e9n Sumba Bravo\" \/>\n<meta name=\"twitter:card\" content=\"summary_large_image\" \/>\n<meta name=\"twitter:creator\" content=\"@AyuntamientMula\" \/>\n<meta name=\"twitter:site\" content=\"@AyuntamientMula\" \/>\n<meta name=\"twitter:label1\" content=\"Escrito por\" \/>\n\t<meta name=\"twitter:data1\" content=\"Mar\u00eda Bel\u00e9n Sumba Bravo\" \/>\n\t<meta name=\"twitter:label2\" content=\"Tiempo de lectura\" \/>\n\t<meta name=\"twitter:data2\" content=\"2 minutos\" \/>\n<script type=\"application\/ld+json\" class=\"yoast-schema-graph\">{\"@context\":\"https:\\\/\\\/schema.org\",\"@graph\":[{\"@type\":\"Article\",\"@id\":\"https:\\\/\\\/mula.es\\\/web\\\/turismo-el-poblado-navideno-impulsa-el-comercio-local-en-el-inicio-de-la-navidad\\\/#article\",\"isPartOf\":{\"@id\":\"https:\\\/\\\/mula.es\\\/web\\\/turismo-el-poblado-navideno-impulsa-el-comercio-local-en-el-inicio-de-la-navidad\\\/\"},\"author\":{\"name\":\"Mar\u00eda Bel\u00e9n Sumba Bravo\",\"@id\":\"https:\\\/\\\/mula.es\\\/web\\\/#\\\/schema\\\/person\\\/4cc33fc69cd667605e1b6247815ac0c0\"},\"headline\":\"TURISMO| El Poblado Navide\u00f1o impulsa el comercio local en el inicio de la Navidad\",\"datePublished\":\"2022-12-12T13:42:04+00:00\",\"dateModified\":\"2022-12-12T13:44:26+00:00\",\"mainEntityOfPage\":{\"@id\":\"https:\\\/\\\/mula.es\\\/web\\\/turismo-el-poblado-navideno-impulsa-el-comercio-local-en-el-inicio-de-la-navidad\\\/\"},\"wordCount\":238,\"image\":{\"@id\":\"https:\\\/\\\/mula.es\\\/web\\\/turismo-el-poblado-navideno-impulsa-el-comercio-local-en-el-inicio-de-la-navidad\\\/#primaryimage\"},\"thumbnailUrl\":\"https:\\\/\\\/mula.es\\\/web\\\/wp-content\\\/uploads\\\/2022\\\/12\\\/Poblado-Navideno.jpeg\",\"articleSection\":[\"navidad\",\"turismo\"],\"inLanguage\":\"es\"},{\"@type\":\"WebPage\",\"@id\":\"https:\\\/\\\/mula.es\\\/web\\\/turismo-el-poblado-navideno-impulsa-el-comercio-local-en-el-inicio-de-la-navidad\\\/\",\"url\":\"https:\\\/\\\/mula.es\\\/web\\\/turismo-el-poblado-navideno-impulsa-el-comercio-local-en-el-inicio-de-la-navidad\\\/\",\"name\":\"TURISMO| El Poblado Navide\u00f1o impulsa el comercio local en el inicio de la Navidad - Ayuntamiento de Mula\",\"isPartOf\":{\"@id\":\"https:\\\/\\\/mula.es\\\/web\\\/#website\"},\"primaryImageOfPage\":{\"@id\":\"https:\\\/\\\/mula.es\\\/web\\\/turismo-el-poblado-navideno-impulsa-el-comercio-local-en-el-inicio-de-la-navidad\\\/#primaryimage\"},\"image\":{\"@id\":\"https:\\\/\\\/mula.es\\\/web\\\/turismo-el-poblado-navideno-impulsa-el-comercio-local-en-el-inicio-de-la-navidad\\\/#primaryimage\"},\"thumbnailUrl\":\"https:\\\/\\\/mula.es\\\/web\\\/wp-content\\\/uploads\\\/2022\\\/12\\\/Poblado-Navideno.jpeg\",\"datePublished\":\"2022-12-12T13:42:04+00:00\",\"dateModified\":\"2022-12-12T13:44:26+00:00\",\"author\":{\"@id\":\"https:\\\/\\\/mula.es\\\/web\\\/#\\\/schema\\\/person\\\/4cc33fc69cd667605e1b6247815ac0c0\"},\"breadcrumb\":{\"@id\":\"https:\\\/\\\/mula.es\\\/web\\\/turismo-el-poblado-navideno-impulsa-el-comercio-local-en-el-inicio-de-la-navidad\\\/#breadcrumb\"},\"inLanguage\":\"es\",\"potentialAction\":[{\"@type\":\"ReadAction\",\"target\":[\"https:\\\/\\\/mula.es\\\/web\\\/turismo-el-poblado-navideno-impulsa-el-comercio-local-en-el-inicio-de-la-navidad\\\/\"]}]},{\"@type\":\"ImageObject\",\"inLanguage\":\"es\",\"@id\":\"https:\\\/\\\/mula.es\\\/web\\\/turismo-el-poblado-navideno-impulsa-el-comercio-local-en-el-inicio-de-la-navidad\\\/#primaryimage\",\"url\":\"https:\\\/\\\/mula.es\\\/web\\\/wp-content\\\/uploads\\\/2022\\\/12\\\/Poblado-Navideno.jpeg\",\"contentUrl\":\"https:\\\/\\\/mula.es\\\/web\\\/wp-content\\\/uploads\\\/2022\\\/12\\\/Poblado-Navideno.jpeg\",\"width\":1890,\"height\":1407,\"caption\":\"Poblado Navide\u00f1o\"},{\"@type\":\"BreadcrumbList\",\"@id\":\"https:\\\/\\\/mula.es\\\/web\\\/turismo-el-poblado-navideno-impulsa-el-comercio-local-en-el-inicio-de-la-navidad\\\/#breadcrumb\",\"itemListElement\":[{\"@type\":\"ListItem\",\"position\":1,\"name\":\"Portada\",\"item\":\"https:\\\/\\\/mula.es\\\/web\\\/\"},{\"@type\":\"ListItem\",\"position\":2,\"name\":\"TURISMO| El Poblado Navide\u00f1o impulsa el comercio local en el inicio de la Navidad\"}]},{\"@type\":\"WebSite\",\"@id\":\"https:\\\/\\\/mula.es\\\/web\\\/#website\",\"url\":\"https:\\\/\\\/mula.es\\\/web\\\/\",\"name\":\"Ayuntamiento de Mula\",\"description\":\"P\u00e1gina web del Ayuntamiento de Mula (Regi\u00f3n de Murcia)\",\"potentialAction\":[{\"@type\":\"SearchAction\",\"target\":{\"@type\":\"EntryPoint\",\"urlTemplate\":\"https:\\\/\\\/mula.es\\\/web\\\/?s={search_term_string}\"},\"query-input\":{\"@type\":\"PropertyValueSpecification\",\"valueRequired\":true,\"valueName\":\"search_term_string\"}}],\"inLanguage\":\"es\"},{\"@type\":\"Person\",\"@id\":\"https:\\\/\\\/mula.es\\\/web\\\/#\\\/schema\\\/person\\\/4cc33fc69cd667605e1b6247815ac0c0\",\"name\":\"Mar\u00eda Bel\u00e9n Sumba Bravo\",\"image\":{\"@type\":\"ImageObject\",\"inLanguage\":\"es\",\"@id\":\"https:\\\/\\\/secure.gravatar.com\\\/avatar\\\/8f65af12a8d72e866f97bba50325bdf89a5362533b6f2c9db8c88130883986b1?s=96&d=mm&r=g\",\"url\":\"https:\\\/\\\/secure.gravatar.com\\\/avatar\\\/8f65af12a8d72e866f97bba50325bdf89a5362533b6f2c9db8c88130883986b1?s=96&d=mm&r=g\",\"contentUrl\":\"https:\\\/\\\/secure.gravatar.com\\\/avatar\\\/8f65af12a8d72e866f97bba50325bdf89a5362533b6f2c9db8c88130883986b1?s=96&d=mm&r=g\",\"caption\":\"Mar\u00eda Bel\u00e9n Sumba Bravo\"},\"url\":\"https:\\\/\\\/mula.es\\\/web\\\/author\\\/mbsumba\\\/\"}]}<\/script>\n<!-- \/ Yoast SEO plugin. -->","yoast_head_json":{"title":"TURISMO| El Poblado Navide\u00f1o impulsa el comercio local en el inicio de la Navidad - Ayuntamiento de Mula","robots":{"index":"index","follow":"follow","max-snippet":"max-snippet:-1","max-image-preview":"max-image-preview:large","max-video-preview":"max-video-preview:-1"},"canonical":"https:\/\/mula.es\/web\/turismo-el-poblado-navideno-impulsa-el-comercio-local-en-el-inicio-de-la-navidad\/","og_locale":"es_ES","og_type":"article","og_title":"TURISMO| El Poblado Navide\u00f1o impulsa el comercio local en el inicio de la Navidad - Ayuntamiento de Mula","og_description":"El Poblado Navide\u00f1o, instalado en Mula del 8 al 11 de diciembre, ha atra\u00eddo a numerosos turistas provenientes de distintas partes de la Regi\u00f3n, del resto del pa\u00eds y del extranjero, suponiendo un impulso para el comercio local del municipio. Durante estos d\u00edas, la Oficina de Turismo y el punto de informaci\u00f3n instalado en la [...]","og_url":"https:\/\/mula.es\/web\/turismo-el-poblado-navideno-impulsa-el-comercio-local-en-el-inicio-de-la-navidad\/","og_site_name":"Ayuntamiento de Mula","article_published_time":"2022-12-12T13:42:04+00:00","article_modified_time":"2022-12-12T13:44:26+00:00","og_image":[{"width":1890,"height":1407,"url":"https:\/\/mula.es\/web\/wp-content\/uploads\/2022\/12\/Poblado-Navideno.jpeg","type":"image\/jpeg"}],"author":"Mar\u00eda Bel\u00e9n Sumba Bravo","twitter_card":"summary_large_image","twitter_creator":"@AyuntamientMula","twitter_site":"@AyuntamientMula","twitter_misc":{"Escrito por":"Mar\u00eda Bel\u00e9n Sumba Bravo","Tiempo de lectura":"2 minutos"},"schema":{"@context":"https:\/\/schema.org","@graph":[{"@type":"Article","@id":"https:\/\/mula.es\/web\/turismo-el-poblado-navideno-impulsa-el-comercio-local-en-el-inicio-de-la-navidad\/#article","isPartOf":{"@id":"https:\/\/mula.es\/web\/turismo-el-poblado-navideno-impulsa-el-comercio-local-en-el-inicio-de-la-navidad\/"},"author":{"name":"Mar\u00eda Bel\u00e9n Sumba Bravo","@id":"https:\/\/mula.es\/web\/#\/schema\/person\/4cc33fc69cd667605e1b6247815ac0c0"},"headline":"TURISMO| El Poblado Navide\u00f1o impulsa el comercio local en el inicio de la Navidad","datePublished":"2022-12-12T13:42:04+00:00","dateModified":"2022-12-12T13:44:26+00:00","mainEntityOfPage":{"@id":"https:\/\/mula.es\/web\/turismo-el-poblado-navideno-impulsa-el-comercio-local-en-el-inicio-de-la-navidad\/"},"wordCount":238,"image":{"@id":"https:\/\/mula.es\/web\/turismo-el-poblado-navideno-impulsa-el-comercio-local-en-el-inicio-de-la-navidad\/#primaryimage"},"thumbnailUrl":"https:\/\/mula.es\/web\/wp-content\/uploads\/2022\/12\/Poblado-Navideno.jpeg","articleSection":["navidad","turismo"],"inLanguage":"es"},{"@type":"WebPage","@id":"https:\/\/mula.es\/web\/turismo-el-poblado-navideno-impulsa-el-comercio-local-en-el-inicio-de-la-navidad\/","url":"https:\/\/mula.es\/web\/turismo-el-poblado-navideno-impulsa-el-comercio-local-en-el-inicio-de-la-navidad\/","name":"TURISMO| El Poblado Navide\u00f1o impulsa el comercio local en el inicio de la Navidad - Ayuntamiento de Mula","isPartOf":{"@id":"https:\/\/mula.es\/web\/#website"},"primaryImageOfPage":{"@id":"https:\/\/mula.es\/web\/turismo-el-poblado-navideno-impulsa-el-comercio-local-en-el-inicio-de-la-navidad\/#primaryimage"},"image":{"@id":"https:\/\/mula.es\/web\/turismo-el-poblado-navideno-impulsa-el-comercio-local-en-el-inicio-de-la-navidad\/#primaryimage"},"thumbnailUrl":"https:\/\/mula.es\/web\/wp-content\/uploads\/2022\/12\/Poblado-Navideno.jpeg","datePublished":"2022-12-12T13:42:04+00:00","dateModified":"2022-12-12T13:44:26+00:00","author":{"@id":"https:\/\/mula.es\/web\/#\/schema\/person\/4cc33fc69cd667605e1b6247815ac0c0"},"breadcrumb":{"@id":"https:\/\/mula.es\/web\/turismo-el-poblado-navideno-impulsa-el-comercio-local-en-el-inicio-de-la-navidad\/#breadcrumb"},"inLanguage":"es","potentialAction":[{"@type":"ReadAction","target":["https:\/\/mula.es\/web\/turismo-el-poblado-navideno-impulsa-el-comercio-local-en-el-inicio-de-la-navidad\/"]}]},{"@type":"ImageObject","inLanguage":"es","@id":"https:\/\/mula.es\/web\/turismo-el-poblado-navideno-impulsa-el-comercio-local-en-el-inicio-de-la-navidad\/#primaryimage","url":"https:\/\/mula.es\/web\/wp-content\/uploads\/2022\/12\/Poblado-Navideno.jpeg","contentUrl":"https:\/\/mula.es\/web\/wp-content\/uploads\/2022\/12\/Poblado-Navideno.jpeg","width":1890,"height":1407,"caption":"Poblado Navide\u00f1o"},{"@type":"BreadcrumbList","@id":"https:\/\/mula.es\/web\/turismo-el-poblado-navideno-impulsa-el-comercio-local-en-el-inicio-de-la-navidad\/#breadcrumb","itemListElement":[{"@type":"ListItem","position":1,"name":"Portada","item":"https:\/\/mula.es\/web\/"},{"@type":"ListItem","position":2,"name":"TURISMO| El Poblado Navide\u00f1o impulsa el comercio local en el inicio de la Navidad"}]},{"@type":"WebSite","@id":"https:\/\/mula.es\/web\/#website","url":"https:\/\/mula.es\/web\/","name":"Ayuntamiento de Mula","description":"P\u00e1gina web del Ayuntamiento de Mula (Regi\u00f3n de Murcia)","potentialAction":[{"@type":"SearchAction","target":{"@type":"EntryPoint","urlTemplate":"https:\/\/mula.es\/web\/?s={search_term_string}"},"query-input":{"@type":"PropertyValueSpecification","valueRequired":true,"valueName":"search_term_string"}}],"inLanguage":"es"},{"@type":"Person","@id":"https:\/\/mula.es\/web\/#\/schema\/person\/4cc33fc69cd667605e1b6247815ac0c0","name":"Mar\u00eda Bel\u00e9n Sumba Bravo","image":{"@type":"ImageObject","inLanguage":"es","@id":"https:\/\/secure.gravatar.com\/avatar\/8f65af12a8d72e866f97bba50325bdf89a5362533b6f2c9db8c88130883986b1?s=96&d=mm&r=g","url":"https:\/\/secure.gravatar.com\/avatar\/8f65af12a8d72e866f97bba50325bdf89a5362533b6f2c9db8c88130883986b1?s=96&d=mm&r=g","contentUrl":"https:\/\/secure.gravatar.com\/avatar\/8f65af12a8d72e866f97bba50325bdf89a5362533b6f2c9db8c88130883986b1?s=96&d=mm&r=g","caption":"Mar\u00eda Bel\u00e9n Sumba Bravo"},"url":"https:\/\/mula.es\/web\/author\/mbsumba\/"}]}},"jetpack_publicize_connections":[],"jetpack_featured_media_url":"https:\/\/mula.es\/web\/wp-content\/uploads\/2022\/12\/Poblado-Navideno.jpeg","jetpack_sharing_enabled":true,"jetpack_shortlink":"https:\/\/wp.me\/pa9DMY-c9G","jetpack-related-posts":[],"_links":{"self":[{"href":"https:\/\/mula.es\/web\/wp-json\/wp\/v2\/posts\/46728","targetHints":{"allow":["GET"]}}],"collection":[{"href":"https:\/\/mula.es\/web\/wp-json\/wp\/v2\/posts"}],"about":[{"href":"https:\/\/mula.es\/web\/wp-json\/wp\/v2\/types\/post"}],"author":[{"embeddable":true,"href":"https:\/\/mula.es\/web\/wp-json\/wp\/v2\/users\/12"}],"replies":[{"embeddable":true,"href":"https:\/\/mula.es\/web\/wp-json\/wp\/v2\/comments?post=46728"}],"version-history":[{"count":2,"href":"https:\/\/mula.es\/web\/wp-json\/wp\/v2\/posts\/46728\/revisions"}],"predecessor-version":[{"id":46732,"href":"https:\/\/mula.es\/web\/wp-json\/wp\/v2\/posts\/46728\/revisions\/46732"}],"wp:featuredmedia":[{"embeddable":true,"href":"https:\/\/mula.es\/web\/wp-json\/wp\/v2\/media\/46729"}],"wp:attachment":[{"href":"https:\/\/mula.es\/web\/wp-json\/wp\/v2\/media?parent=46728"}],"wp:term":[{"taxonomy":"category","embeddable":true,"href":"https:\/\/mula.es\/web\/wp-json\/wp\/v2\/categories?post=46728"},{"taxonomy":"post_tag","embeddable":true,"href":"https:\/\/mula.es\/web\/wp-json\/wp\/v2\/tags?post=46728"}],"curies":[{"name":"wp","href":"https:\/\/api.w.org\/{rel}","templated":true}]}}