{"id":46821,"date":"2022-12-19T14:55:33","date_gmt":"2022-12-19T13:55:33","guid":{"rendered":"https:\/\/mula.es\/web\/?p=46821"},"modified":"2022-12-19T15:00:44","modified_gmt":"2022-12-19T14:00:44","slug":"en-2023-se-realizaran-obras-de-mejora-en-el-tramo-de-la-via-verde-mula-caravaca","status":"publish","type":"post","link":"https:\/\/mula.es\/web\/en-2023-se-realizaran-obras-de-mejora-en-el-tramo-de-la-via-verde-mula-caravaca\/","title":{"rendered":"En 2023 se realizar\u00e1n obras de mejora en el tramo de la V\u00eda Verde Mula-Caravaca"},"content":{"rendered":"<p style=\"text-align: justify;\"><strong>La concejala de Turismo del Ayuntamiento de Mula Alejandra Mart\u00ednez ha acudido a la Junta de Gobierno del Consorcio de V\u00edas Verdes de la Regi\u00f3n de Murcia, donde se ha hablado de la mejora del tramo Mula-Caravaca de la Cruz dentro del Plan de Sostenibilidad Tur\u00edstica en Destinos que se realizar\u00e1 en 2023.<\/strong><\/p>\n<p style=\"text-align: justify;\">En la Junta de Gobierno del Consorcio, celebrada en el Instituto de Turismo de la Regi\u00f3n de Murcia, se ha hablado de la puesta en marcha de distintas medidas para mejorar la calidad de las V\u00edas Verdes de la Regi\u00f3n, mediante el Plan de Sostenibilidad Tur\u00edstica en Destinos. Este plan cuenta con un presupuesto de 2 millones 600 mil euros, del que se prev\u00e9 destinar gran parte a actuaciones de mejora en el firme del tramo Mula\u2013Caravaca de la Cruz, para que pueda ser utilizado por peregrinos en el A\u00f1o Jubilar.<\/p>\n<p style=\"text-align: justify;\">Dentro de las actuaciones del Plan en las V\u00edas Verdes de la Regi\u00f3n se encuentran las destinadas a la canalizaci\u00f3n y recogida de agua, la conservaci\u00f3n de la fauna silvestre, la reforestaci\u00f3n, la digitalizaci\u00f3n de los tramos, la adaptaci\u00f3n para personas con deficiencia visual, la mejora de la iluminaci\u00f3n, entre otras.<\/p>\n","protected":false},"excerpt":{"rendered":"<p>La concejala de Turismo del Ayuntamiento de Mula Alejandra Mart\u00ednez ha acudido a la Junta de Gobierno del Consorcio de V\u00edas Verdes de la Regi\u00f3n de Murcia, donde se ha hablado de la mejora del tramo Mula-Caravaca de la Cruz dentro del Plan de Sostenibilidad Tur\u00edstica en Destinos que se realizar\u00e1 en 2023. En la  [&#8230;]<\/p>\n","protected":false},"author":12,"featured_media":46822,"comment_status":"closed","ping_status":"closed","sticky":false,"template":"","format":"standard","meta":{"jetpack_post_was_ever_published":false,"_jetpack_newsletter_access":"","_jetpack_dont_email_post_to_subs":false,"_jetpack_newsletter_tier_id":0,"_jetpack_memberships_contains_paywalled_content":false,"_jetpack_memberships_contains_paid_content":false,"footnotes":"","jetpack_publicize_message":"","jetpack_publicize_feature_enabled":true,"jetpack_social_post_already_shared":false,"jetpack_social_options":{"image_generator_settings":{"template":"highway","default_image_id":0,"font":"","enabled":false},"version":2}},"categories":[203],"tags":[],"class_list":["post-46821","post","type-post","status-publish","format-standard","has-post-thumbnail","hentry","category-vias-verdes"],"yoast_head":"<!-- This site is optimized with the Yoast SEO plugin v27.5 - https:\/\/yoast.com\/product\/yoast-seo-wordpress\/ -->\n<title>En 2023 se realizar\u00e1n obras de mejora en el tramo de la V\u00eda Verde Mula-Caravaca - Ayuntamiento de Mula<\/title>\n<meta name=\"robots\" content=\"index, follow, max-snippet:-1, max-image-preview:large, max-video-preview:-1\" \/>\n<link rel=\"canonical\" href=\"https:\/\/mula.es\/web\/en-2023-se-realizaran-obras-de-mejora-en-el-tramo-de-la-via-verde-mula-caravaca\/\" \/>\n<meta property=\"og:locale\" content=\"es_ES\" \/>\n<meta property=\"og:type\" content=\"article\" \/>\n<meta property=\"og:title\" content=\"En 2023 se realizar\u00e1n obras de mejora en el tramo de la V\u00eda Verde Mula-Caravaca - Ayuntamiento de Mula\" \/>\n<meta property=\"og:description\" content=\"La concejala de Turismo del Ayuntamiento de Mula Alejandra Mart\u00ednez ha acudido a la Junta de Gobierno del Consorcio de V\u00edas Verdes de la Regi\u00f3n de Murcia, donde se ha hablado de la mejora del tramo Mula-Caravaca de la Cruz dentro del Plan de Sostenibilidad Tur\u00edstica en Destinos que se realizar\u00e1 en 2023. En la [...]\" \/>\n<meta property=\"og:url\" content=\"https:\/\/mula.es\/web\/en-2023-se-realizaran-obras-de-mejora-en-el-tramo-de-la-via-verde-mula-caravaca\/\" \/>\n<meta property=\"og:site_name\" content=\"Ayuntamiento de Mula\" \/>\n<meta property=\"article:published_time\" content=\"2022-12-19T13:55:33+00:00\" \/>\n<meta property=\"article:modified_time\" content=\"2022-12-19T14:00:44+00:00\" \/>\n<meta property=\"og:image\" content=\"https:\/\/mula.es\/web\/wp-content\/uploads\/2022\/12\/Junta-de-Gobierno-Consorcio-Vias-Verdes.jpeg\" \/>\n\t<meta property=\"og:image:width\" content=\"2048\" \/>\n\t<meta property=\"og:image:height\" content=\"1536\" \/>\n\t<meta property=\"og:image:type\" content=\"image\/jpeg\" \/>\n<meta name=\"author\" content=\"Mar\u00eda Bel\u00e9n Sumba Bravo\" \/>\n<meta name=\"twitter:card\" content=\"summary_large_image\" \/>\n<meta name=\"twitter:creator\" content=\"@AyuntamientMula\" \/>\n<meta name=\"twitter:site\" content=\"@AyuntamientMula\" \/>\n<meta name=\"twitter:label1\" content=\"Escrito por\" \/>\n\t<meta name=\"twitter:data1\" content=\"Mar\u00eda Bel\u00e9n Sumba Bravo\" \/>\n\t<meta name=\"twitter:label2\" content=\"Tiempo de lectura\" \/>\n\t<meta name=\"twitter:data2\" content=\"1 minuto\" \/>\n<script type=\"application\/ld+json\" class=\"yoast-schema-graph\">{\"@context\":\"https:\\\/\\\/schema.org\",\"@graph\":[{\"@type\":\"Article\",\"@id\":\"https:\\\/\\\/mula.es\\\/web\\\/en-2023-se-realizaran-obras-de-mejora-en-el-tramo-de-la-via-verde-mula-caravaca\\\/#article\",\"isPartOf\":{\"@id\":\"https:\\\/\\\/mula.es\\\/web\\\/en-2023-se-realizaran-obras-de-mejora-en-el-tramo-de-la-via-verde-mula-caravaca\\\/\"},\"author\":{\"name\":\"Mar\u00eda Bel\u00e9n Sumba Bravo\",\"@id\":\"https:\\\/\\\/mula.es\\\/web\\\/#\\\/schema\\\/person\\\/4cc33fc69cd667605e1b6247815ac0c0\"},\"headline\":\"En 2023 se realizar\u00e1n obras de mejora en el tramo de la V\u00eda Verde Mula-Caravaca\",\"datePublished\":\"2022-12-19T13:55:33+00:00\",\"dateModified\":\"2022-12-19T14:00:44+00:00\",\"mainEntityOfPage\":{\"@id\":\"https:\\\/\\\/mula.es\\\/web\\\/en-2023-se-realizaran-obras-de-mejora-en-el-tramo-de-la-via-verde-mula-caravaca\\\/\"},\"wordCount\":226,\"image\":{\"@id\":\"https:\\\/\\\/mula.es\\\/web\\\/en-2023-se-realizaran-obras-de-mejora-en-el-tramo-de-la-via-verde-mula-caravaca\\\/#primaryimage\"},\"thumbnailUrl\":\"https:\\\/\\\/mula.es\\\/web\\\/wp-content\\\/uploads\\\/2022\\\/12\\\/Junta-de-Gobierno-Consorcio-Vias-Verdes.jpeg\",\"articleSection\":[\"v\u00edas verdes\"],\"inLanguage\":\"es\"},{\"@type\":\"WebPage\",\"@id\":\"https:\\\/\\\/mula.es\\\/web\\\/en-2023-se-realizaran-obras-de-mejora-en-el-tramo-de-la-via-verde-mula-caravaca\\\/\",\"url\":\"https:\\\/\\\/mula.es\\\/web\\\/en-2023-se-realizaran-obras-de-mejora-en-el-tramo-de-la-via-verde-mula-caravaca\\\/\",\"name\":\"En 2023 se realizar\u00e1n obras de mejora en el tramo de la V\u00eda Verde Mula-Caravaca - Ayuntamiento de Mula\",\"isPartOf\":{\"@id\":\"https:\\\/\\\/mula.es\\\/web\\\/#website\"},\"primaryImageOfPage\":{\"@id\":\"https:\\\/\\\/mula.es\\\/web\\\/en-2023-se-realizaran-obras-de-mejora-en-el-tramo-de-la-via-verde-mula-caravaca\\\/#primaryimage\"},\"image\":{\"@id\":\"https:\\\/\\\/mula.es\\\/web\\\/en-2023-se-realizaran-obras-de-mejora-en-el-tramo-de-la-via-verde-mula-caravaca\\\/#primaryimage\"},\"thumbnailUrl\":\"https:\\\/\\\/mula.es\\\/web\\\/wp-content\\\/uploads\\\/2022\\\/12\\\/Junta-de-Gobierno-Consorcio-Vias-Verdes.jpeg\",\"datePublished\":\"2022-12-19T13:55:33+00:00\",\"dateModified\":\"2022-12-19T14:00:44+00:00\",\"author\":{\"@id\":\"https:\\\/\\\/mula.es\\\/web\\\/#\\\/schema\\\/person\\\/4cc33fc69cd667605e1b6247815ac0c0\"},\"breadcrumb\":{\"@id\":\"https:\\\/\\\/mula.es\\\/web\\\/en-2023-se-realizaran-obras-de-mejora-en-el-tramo-de-la-via-verde-mula-caravaca\\\/#breadcrumb\"},\"inLanguage\":\"es\",\"potentialAction\":[{\"@type\":\"ReadAction\",\"target\":[\"https:\\\/\\\/mula.es\\\/web\\\/en-2023-se-realizaran-obras-de-mejora-en-el-tramo-de-la-via-verde-mula-caravaca\\\/\"]}]},{\"@type\":\"ImageObject\",\"inLanguage\":\"es\",\"@id\":\"https:\\\/\\\/mula.es\\\/web\\\/en-2023-se-realizaran-obras-de-mejora-en-el-tramo-de-la-via-verde-mula-caravaca\\\/#primaryimage\",\"url\":\"https:\\\/\\\/mula.es\\\/web\\\/wp-content\\\/uploads\\\/2022\\\/12\\\/Junta-de-Gobierno-Consorcio-Vias-Verdes.jpeg\",\"contentUrl\":\"https:\\\/\\\/mula.es\\\/web\\\/wp-content\\\/uploads\\\/2022\\\/12\\\/Junta-de-Gobierno-Consorcio-Vias-Verdes.jpeg\",\"width\":2048,\"height\":1536,\"caption\":\"Junta de Gobierno Consorcio V\u00edas Verdes\"},{\"@type\":\"BreadcrumbList\",\"@id\":\"https:\\\/\\\/mula.es\\\/web\\\/en-2023-se-realizaran-obras-de-mejora-en-el-tramo-de-la-via-verde-mula-caravaca\\\/#breadcrumb\",\"itemListElement\":[{\"@type\":\"ListItem\",\"position\":1,\"name\":\"Portada\",\"item\":\"https:\\\/\\\/mula.es\\\/web\\\/\"},{\"@type\":\"ListItem\",\"position\":2,\"name\":\"En 2023 se realizar\u00e1n obras de mejora en el tramo de la V\u00eda Verde Mula-Caravaca\"}]},{\"@type\":\"WebSite\",\"@id\":\"https:\\\/\\\/mula.es\\\/web\\\/#website\",\"url\":\"https:\\\/\\\/mula.es\\\/web\\\/\",\"name\":\"Ayuntamiento de Mula\",\"description\":\"P\u00e1gina web del Ayuntamiento de Mula (Regi\u00f3n de Murcia)\",\"potentialAction\":[{\"@type\":\"SearchAction\",\"target\":{\"@type\":\"EntryPoint\",\"urlTemplate\":\"https:\\\/\\\/mula.es\\\/web\\\/?s={search_term_string}\"},\"query-input\":{\"@type\":\"PropertyValueSpecification\",\"valueRequired\":true,\"valueName\":\"search_term_string\"}}],\"inLanguage\":\"es\"},{\"@type\":\"Person\",\"@id\":\"https:\\\/\\\/mula.es\\\/web\\\/#\\\/schema\\\/person\\\/4cc33fc69cd667605e1b6247815ac0c0\",\"name\":\"Mar\u00eda Bel\u00e9n Sumba Bravo\",\"image\":{\"@type\":\"ImageObject\",\"inLanguage\":\"es\",\"@id\":\"https:\\\/\\\/secure.gravatar.com\\\/avatar\\\/8f65af12a8d72e866f97bba50325bdf89a5362533b6f2c9db8c88130883986b1?s=96&d=mm&r=g\",\"url\":\"https:\\\/\\\/secure.gravatar.com\\\/avatar\\\/8f65af12a8d72e866f97bba50325bdf89a5362533b6f2c9db8c88130883986b1?s=96&d=mm&r=g\",\"contentUrl\":\"https:\\\/\\\/secure.gravatar.com\\\/avatar\\\/8f65af12a8d72e866f97bba50325bdf89a5362533b6f2c9db8c88130883986b1?s=96&d=mm&r=g\",\"caption\":\"Mar\u00eda Bel\u00e9n Sumba Bravo\"},\"url\":\"https:\\\/\\\/mula.es\\\/web\\\/author\\\/mbsumba\\\/\"}]}<\/script>\n<!-- \/ Yoast SEO plugin. -->","yoast_head_json":{"title":"En 2023 se realizar\u00e1n obras de mejora en el tramo de la V\u00eda Verde Mula-Caravaca - Ayuntamiento de Mula","robots":{"index":"index","follow":"follow","max-snippet":"max-snippet:-1","max-image-preview":"max-image-preview:large","max-video-preview":"max-video-preview:-1"},"canonical":"https:\/\/mula.es\/web\/en-2023-se-realizaran-obras-de-mejora-en-el-tramo-de-la-via-verde-mula-caravaca\/","og_locale":"es_ES","og_type":"article","og_title":"En 2023 se realizar\u00e1n obras de mejora en el tramo de la V\u00eda Verde Mula-Caravaca - Ayuntamiento de Mula","og_description":"La concejala de Turismo del Ayuntamiento de Mula Alejandra Mart\u00ednez ha acudido a la Junta de Gobierno del Consorcio de V\u00edas Verdes de la Regi\u00f3n de Murcia, donde se ha hablado de la mejora del tramo Mula-Caravaca de la Cruz dentro del Plan de Sostenibilidad Tur\u00edstica en Destinos que se realizar\u00e1 en 2023. En la [...]","og_url":"https:\/\/mula.es\/web\/en-2023-se-realizaran-obras-de-mejora-en-el-tramo-de-la-via-verde-mula-caravaca\/","og_site_name":"Ayuntamiento de Mula","article_published_time":"2022-12-19T13:55:33+00:00","article_modified_time":"2022-12-19T14:00:44+00:00","og_image":[{"width":2048,"height":1536,"url":"https:\/\/mula.es\/web\/wp-content\/uploads\/2022\/12\/Junta-de-Gobierno-Consorcio-Vias-Verdes.jpeg","type":"image\/jpeg"}],"author":"Mar\u00eda Bel\u00e9n Sumba Bravo","twitter_card":"summary_large_image","twitter_creator":"@AyuntamientMula","twitter_site":"@AyuntamientMula","twitter_misc":{"Escrito por":"Mar\u00eda Bel\u00e9n Sumba Bravo","Tiempo de lectura":"1 minuto"},"schema":{"@context":"https:\/\/schema.org","@graph":[{"@type":"Article","@id":"https:\/\/mula.es\/web\/en-2023-se-realizaran-obras-de-mejora-en-el-tramo-de-la-via-verde-mula-caravaca\/#article","isPartOf":{"@id":"https:\/\/mula.es\/web\/en-2023-se-realizaran-obras-de-mejora-en-el-tramo-de-la-via-verde-mula-caravaca\/"},"author":{"name":"Mar\u00eda Bel\u00e9n Sumba Bravo","@id":"https:\/\/mula.es\/web\/#\/schema\/person\/4cc33fc69cd667605e1b6247815ac0c0"},"headline":"En 2023 se realizar\u00e1n obras de mejora en el tramo de la V\u00eda Verde Mula-Caravaca","datePublished":"2022-12-19T13:55:33+00:00","dateModified":"2022-12-19T14:00:44+00:00","mainEntityOfPage":{"@id":"https:\/\/mula.es\/web\/en-2023-se-realizaran-obras-de-mejora-en-el-tramo-de-la-via-verde-mula-caravaca\/"},"wordCount":226,"image":{"@id":"https:\/\/mula.es\/web\/en-2023-se-realizaran-obras-de-mejora-en-el-tramo-de-la-via-verde-mula-caravaca\/#primaryimage"},"thumbnailUrl":"https:\/\/mula.es\/web\/wp-content\/uploads\/2022\/12\/Junta-de-Gobierno-Consorcio-Vias-Verdes.jpeg","articleSection":["v\u00edas verdes"],"inLanguage":"es"},{"@type":"WebPage","@id":"https:\/\/mula.es\/web\/en-2023-se-realizaran-obras-de-mejora-en-el-tramo-de-la-via-verde-mula-caravaca\/","url":"https:\/\/mula.es\/web\/en-2023-se-realizaran-obras-de-mejora-en-el-tramo-de-la-via-verde-mula-caravaca\/","name":"En 2023 se realizar\u00e1n obras de mejora en el tramo de la V\u00eda Verde Mula-Caravaca - Ayuntamiento de Mula","isPartOf":{"@id":"https:\/\/mula.es\/web\/#website"},"primaryImageOfPage":{"@id":"https:\/\/mula.es\/web\/en-2023-se-realizaran-obras-de-mejora-en-el-tramo-de-la-via-verde-mula-caravaca\/#primaryimage"},"image":{"@id":"https:\/\/mula.es\/web\/en-2023-se-realizaran-obras-de-mejora-en-el-tramo-de-la-via-verde-mula-caravaca\/#primaryimage"},"thumbnailUrl":"https:\/\/mula.es\/web\/wp-content\/uploads\/2022\/12\/Junta-de-Gobierno-Consorcio-Vias-Verdes.jpeg","datePublished":"2022-12-19T13:55:33+00:00","dateModified":"2022-12-19T14:00:44+00:00","author":{"@id":"https:\/\/mula.es\/web\/#\/schema\/person\/4cc33fc69cd667605e1b6247815ac0c0"},"breadcrumb":{"@id":"https:\/\/mula.es\/web\/en-2023-se-realizaran-obras-de-mejora-en-el-tramo-de-la-via-verde-mula-caravaca\/#breadcrumb"},"inLanguage":"es","potentialAction":[{"@type":"ReadAction","target":["https:\/\/mula.es\/web\/en-2023-se-realizaran-obras-de-mejora-en-el-tramo-de-la-via-verde-mula-caravaca\/"]}]},{"@type":"ImageObject","inLanguage":"es","@id":"https:\/\/mula.es\/web\/en-2023-se-realizaran-obras-de-mejora-en-el-tramo-de-la-via-verde-mula-caravaca\/#primaryimage","url":"https:\/\/mula.es\/web\/wp-content\/uploads\/2022\/12\/Junta-de-Gobierno-Consorcio-Vias-Verdes.jpeg","contentUrl":"https:\/\/mula.es\/web\/wp-content\/uploads\/2022\/12\/Junta-de-Gobierno-Consorcio-Vias-Verdes.jpeg","width":2048,"height":1536,"caption":"Junta de Gobierno Consorcio V\u00edas Verdes"},{"@type":"BreadcrumbList","@id":"https:\/\/mula.es\/web\/en-2023-se-realizaran-obras-de-mejora-en-el-tramo-de-la-via-verde-mula-caravaca\/#breadcrumb","itemListElement":[{"@type":"ListItem","position":1,"name":"Portada","item":"https:\/\/mula.es\/web\/"},{"@type":"ListItem","position":2,"name":"En 2023 se realizar\u00e1n obras de mejora en el tramo de la V\u00eda Verde Mula-Caravaca"}]},{"@type":"WebSite","@id":"https:\/\/mula.es\/web\/#website","url":"https:\/\/mula.es\/web\/","name":"Ayuntamiento de Mula","description":"P\u00e1gina web del Ayuntamiento de Mula (Regi\u00f3n de Murcia)","potentialAction":[{"@type":"SearchAction","target":{"@type":"EntryPoint","urlTemplate":"https:\/\/mula.es\/web\/?s={search_term_string}"},"query-input":{"@type":"PropertyValueSpecification","valueRequired":true,"valueName":"search_term_string"}}],"inLanguage":"es"},{"@type":"Person","@id":"https:\/\/mula.es\/web\/#\/schema\/person\/4cc33fc69cd667605e1b6247815ac0c0","name":"Mar\u00eda Bel\u00e9n Sumba Bravo","image":{"@type":"ImageObject","inLanguage":"es","@id":"https:\/\/secure.gravatar.com\/avatar\/8f65af12a8d72e866f97bba50325bdf89a5362533b6f2c9db8c88130883986b1?s=96&d=mm&r=g","url":"https:\/\/secure.gravatar.com\/avatar\/8f65af12a8d72e866f97bba50325bdf89a5362533b6f2c9db8c88130883986b1?s=96&d=mm&r=g","contentUrl":"https:\/\/secure.gravatar.com\/avatar\/8f65af12a8d72e866f97bba50325bdf89a5362533b6f2c9db8c88130883986b1?s=96&d=mm&r=g","caption":"Mar\u00eda Bel\u00e9n Sumba Bravo"},"url":"https:\/\/mula.es\/web\/author\/mbsumba\/"}]}},"jetpack_publicize_connections":[],"jetpack_featured_media_url":"https:\/\/mula.es\/web\/wp-content\/uploads\/2022\/12\/Junta-de-Gobierno-Consorcio-Vias-Verdes.jpeg","jetpack_sharing_enabled":true,"jetpack_shortlink":"https:\/\/wp.me\/pa9DMY-cbb","jetpack-related-posts":[],"_links":{"self":[{"href":"https:\/\/mula.es\/web\/wp-json\/wp\/v2\/posts\/46821","targetHints":{"allow":["GET"]}}],"collection":[{"href":"https:\/\/mula.es\/web\/wp-json\/wp\/v2\/posts"}],"about":[{"href":"https:\/\/mula.es\/web\/wp-json\/wp\/v2\/types\/post"}],"author":[{"embeddable":true,"href":"https:\/\/mula.es\/web\/wp-json\/wp\/v2\/users\/12"}],"replies":[{"embeddable":true,"href":"https:\/\/mula.es\/web\/wp-json\/wp\/v2\/comments?post=46821"}],"version-history":[{"count":5,"href":"https:\/\/mula.es\/web\/wp-json\/wp\/v2\/posts\/46821\/revisions"}],"predecessor-version":[{"id":46827,"href":"https:\/\/mula.es\/web\/wp-json\/wp\/v2\/posts\/46821\/revisions\/46827"}],"wp:featuredmedia":[{"embeddable":true,"href":"https:\/\/mula.es\/web\/wp-json\/wp\/v2\/media\/46822"}],"wp:attachment":[{"href":"https:\/\/mula.es\/web\/wp-json\/wp\/v2\/media?parent=46821"}],"wp:term":[{"taxonomy":"category","embeddable":true,"href":"https:\/\/mula.es\/web\/wp-json\/wp\/v2\/categories?post=46821"},{"taxonomy":"post_tag","embeddable":true,"href":"https:\/\/mula.es\/web\/wp-json\/wp\/v2\/tags?post=46821"}],"curies":[{"name":"wp","href":"https:\/\/api.w.org\/{rel}","templated":true}]}}