{"id":46833,"date":"2022-12-22T12:02:27","date_gmt":"2022-12-22T11:02:27","guid":{"rendered":"https:\/\/mula.es\/web\/?p=46833"},"modified":"2022-12-22T12:22:10","modified_gmt":"2022-12-22T11:22:10","slug":"servicios-sociales-la-comunidad-autonoma-no-aporta-financiacion-a-la-mancomunidad-de-servicios-sociales-del-rio-mula","status":"publish","type":"post","link":"https:\/\/mula.es\/web\/servicios-sociales-la-comunidad-autonoma-no-aporta-financiacion-a-la-mancomunidad-de-servicios-sociales-del-rio-mula\/","title":{"rendered":"SERVICIOS SOCIALES| La comunidad aut\u00f3noma no aporta financiaci\u00f3n a la Mancomunidad de Servicios Sociales del R\u00edo Mula"},"content":{"rendered":"<p style=\"text-align: justify;\"><strong>Los Servicios Sociales de Atenci\u00f3n Primaria de la Mancomunidad del R\u00edo Mula se mantienen sin financiaci\u00f3n e ingresos por parte de la Consejer\u00eda de Pol\u00edtica Social, entidad a quien corresponde hacerse cargo de su mantenimiento.<\/strong><\/p>\n<p style=\"text-align: justify;\">Esta falta de ingresos de la partida presupuestaria correspondiente a la Mancomunidad, formada por los ayuntamientos de Mula, Albudeite, Bullas y Pliego, est\u00e1 ocasionando dificultades a la hora de cubrir todas las necesidades de los ciudadanos y en el pago de las n\u00f3minas de los trabajadores. Asimismo, son los ayuntamientos quienes han tenido que hacerse cargo del total del presupuesto correspondiente a los Servicios Sociales.<\/p>\n<p style=\"text-align: justify;\">Juan Jes\u00fas Moreno, presidente de la Mancomunidad de Servicios Sociales del R\u00edo Mula y alcalde de Mula, ha resaltado que <strong>\u201cla comunidad aut\u00f3noma deber\u00eda ser consciente de que esta no es la forma de gestionar la pol\u00edtica social y m\u00e1s a\u00fan cuando sabe los problemas que se est\u00e1n ocasionando por la falta de pagos\u201d.<\/strong><\/p>\n<p><a href=\"https:\/\/mula.es\/web\/wp-content\/uploads\/2022\/12\/Logo-Mancomunidad-Servicios-Sociales-Rio-Mula.png\"><img decoding=\"async\" data-attachment-id=\"46829\" data-permalink=\"https:\/\/mula.es\/web\/logo-mancomunidad-servicios-sociales-rio-mula\/\" data-orig-file=\"https:\/\/mula.es\/web\/wp-content\/uploads\/2022\/12\/Logo-Mancomunidad-Servicios-Sociales-Rio-Mula.png\" data-orig-size=\"300,75\" data-comments-opened=\"0\" data-image-meta=\"{&quot;aperture&quot;:&quot;0&quot;,&quot;credit&quot;:&quot;&quot;,&quot;camera&quot;:&quot;&quot;,&quot;caption&quot;:&quot;&quot;,&quot;created_timestamp&quot;:&quot;0&quot;,&quot;copyright&quot;:&quot;&quot;,&quot;focal_length&quot;:&quot;0&quot;,&quot;iso&quot;:&quot;0&quot;,&quot;shutter_speed&quot;:&quot;0&quot;,&quot;title&quot;:&quot;&quot;,&quot;orientation&quot;:&quot;0&quot;}\" data-image-title=\"Logo Mancomunidad Servicios Sociales R\u00edo Mula\" data-image-description=\"\" data-image-caption=\"\" data-large-file=\"https:\/\/mula.es\/web\/wp-content\/uploads\/2022\/12\/Logo-Mancomunidad-Servicios-Sociales-Rio-Mula.png\" class=\"aligncenter wp-image-46829 size-full\" src=\"https:\/\/mula.es\/web\/wp-content\/uploads\/2022\/12\/Logo-Mancomunidad-Servicios-Sociales-Rio-Mula.png\" alt=\"Logo Mancomunidad Servicios Sociales R\u00edo Mula\" width=\"300\" height=\"75\" srcset=\"https:\/\/mula.es\/web\/wp-content\/uploads\/2022\/12\/Logo-Mancomunidad-Servicios-Sociales-Rio-Mula-200x50.png 200w, https:\/\/mula.es\/web\/wp-content\/uploads\/2022\/12\/Logo-Mancomunidad-Servicios-Sociales-Rio-Mula.png 300w\" sizes=\"(max-width: 300px) 100vw, 300px\" \/><\/a><\/p>\n","protected":false},"excerpt":{"rendered":"<p>Los Servicios Sociales de Atenci\u00f3n Primaria de la Mancomunidad del R\u00edo Mula se mantienen sin financiaci\u00f3n e ingresos por parte de la Consejer\u00eda de Pol\u00edtica Social, entidad a quien corresponde hacerse cargo de su mantenimiento. Esta falta de ingresos de la partida presupuestaria correspondiente a la Mancomunidad, formada por los ayuntamientos de Mula, Albudeite, Bullas  [&#8230;]<\/p>\n","protected":false},"author":12,"featured_media":46831,"comment_status":"closed","ping_status":"closed","sticky":false,"template":"","format":"standard","meta":{"jetpack_post_was_ever_published":false,"_jetpack_newsletter_access":"","_jetpack_dont_email_post_to_subs":false,"_jetpack_newsletter_tier_id":0,"_jetpack_memberships_contains_paywalled_content":false,"_jetpack_memberships_contains_paid_content":false,"footnotes":"","jetpack_publicize_message":"","jetpack_publicize_feature_enabled":true,"jetpack_social_post_already_shared":false,"jetpack_social_options":{"image_generator_settings":{"template":"highway","default_image_id":0,"font":"","enabled":false},"version":2}},"categories":[790,93,1],"tags":[],"class_list":["post-46833","post","type-post","status-publish","format-standard","has-post-thumbnail","hentry","category-mancomunidad-rio-mula","category-servicios-sociales","category-uncategorized"],"yoast_head":"<!-- This site is optimized with the Yoast SEO plugin v27.4 - https:\/\/yoast.com\/product\/yoast-seo-wordpress\/ -->\n<title>SERVICIOS SOCIALES| La comunidad aut\u00f3noma no aporta financiaci\u00f3n a la Mancomunidad de Servicios Sociales del R\u00edo Mula - Ayuntamiento de Mula<\/title>\n<meta name=\"robots\" content=\"index, follow, max-snippet:-1, max-image-preview:large, max-video-preview:-1\" \/>\n<link rel=\"canonical\" href=\"https:\/\/mula.es\/web\/servicios-sociales-la-comunidad-autonoma-no-aporta-financiacion-a-la-mancomunidad-de-servicios-sociales-del-rio-mula\/\" \/>\n<meta property=\"og:locale\" content=\"es_ES\" \/>\n<meta property=\"og:type\" content=\"article\" \/>\n<meta property=\"og:title\" content=\"SERVICIOS SOCIALES| La comunidad aut\u00f3noma no aporta financiaci\u00f3n a la Mancomunidad de Servicios Sociales del R\u00edo Mula - Ayuntamiento de Mula\" \/>\n<meta property=\"og:description\" content=\"Los Servicios Sociales de Atenci\u00f3n Primaria de la Mancomunidad del R\u00edo Mula se mantienen sin financiaci\u00f3n e ingresos por parte de la Consejer\u00eda de Pol\u00edtica Social, entidad a quien corresponde hacerse cargo de su mantenimiento. Esta falta de ingresos de la partida presupuestaria correspondiente a la Mancomunidad, formada por los ayuntamientos de Mula, Albudeite, Bullas [...]\" \/>\n<meta property=\"og:url\" content=\"https:\/\/mula.es\/web\/servicios-sociales-la-comunidad-autonoma-no-aporta-financiacion-a-la-mancomunidad-de-servicios-sociales-del-rio-mula\/\" \/>\n<meta property=\"og:site_name\" content=\"Ayuntamiento de Mula\" \/>\n<meta property=\"article:published_time\" content=\"2022-12-22T11:02:27+00:00\" \/>\n<meta property=\"article:modified_time\" content=\"2022-12-22T11:22:10+00:00\" \/>\n<meta property=\"og:image\" content=\"https:\/\/mula.es\/web\/wp-content\/uploads\/2022\/12\/Mancomunidad-Servicios-Sociales.jpg\" \/>\n\t<meta property=\"og:image:width\" content=\"1471\" \/>\n\t<meta property=\"og:image:height\" content=\"605\" \/>\n\t<meta property=\"og:image:type\" content=\"image\/jpeg\" \/>\n<meta name=\"author\" content=\"Mar\u00eda Bel\u00e9n Sumba Bravo\" \/>\n<meta name=\"twitter:card\" content=\"summary_large_image\" \/>\n<meta name=\"twitter:creator\" content=\"@AyuntamientMula\" \/>\n<meta name=\"twitter:site\" content=\"@AyuntamientMula\" \/>\n<meta name=\"twitter:label1\" content=\"Escrito por\" \/>\n\t<meta name=\"twitter:data1\" content=\"Mar\u00eda Bel\u00e9n Sumba Bravo\" \/>\n\t<meta name=\"twitter:label2\" content=\"Tiempo de lectura\" \/>\n\t<meta name=\"twitter:data2\" content=\"1 minuto\" \/>\n<script type=\"application\/ld+json\" class=\"yoast-schema-graph\">{\"@context\":\"https:\\\/\\\/schema.org\",\"@graph\":[{\"@type\":\"Article\",\"@id\":\"https:\\\/\\\/mula.es\\\/web\\\/servicios-sociales-la-comunidad-autonoma-no-aporta-financiacion-a-la-mancomunidad-de-servicios-sociales-del-rio-mula\\\/#article\",\"isPartOf\":{\"@id\":\"https:\\\/\\\/mula.es\\\/web\\\/servicios-sociales-la-comunidad-autonoma-no-aporta-financiacion-a-la-mancomunidad-de-servicios-sociales-del-rio-mula\\\/\"},\"author\":{\"name\":\"Mar\u00eda Bel\u00e9n Sumba Bravo\",\"@id\":\"https:\\\/\\\/mula.es\\\/web\\\/#\\\/schema\\\/person\\\/4cc33fc69cd667605e1b6247815ac0c0\"},\"headline\":\"SERVICIOS SOCIALES| La comunidad aut\u00f3noma no aporta financiaci\u00f3n a la Mancomunidad de Servicios Sociales del R\u00edo Mula\",\"datePublished\":\"2022-12-22T11:02:27+00:00\",\"dateModified\":\"2022-12-22T11:22:10+00:00\",\"mainEntityOfPage\":{\"@id\":\"https:\\\/\\\/mula.es\\\/web\\\/servicios-sociales-la-comunidad-autonoma-no-aporta-financiacion-a-la-mancomunidad-de-servicios-sociales-del-rio-mula\\\/\"},\"wordCount\":188,\"image\":{\"@id\":\"https:\\\/\\\/mula.es\\\/web\\\/servicios-sociales-la-comunidad-autonoma-no-aporta-financiacion-a-la-mancomunidad-de-servicios-sociales-del-rio-mula\\\/#primaryimage\"},\"thumbnailUrl\":\"https:\\\/\\\/mula.es\\\/web\\\/wp-content\\\/uploads\\\/2022\\\/12\\\/Mancomunidad-Servicios-Sociales.jpg\",\"articleSection\":[\"mancomunidad r\u00edo mula\",\"servicios sociales\",\"Uncategorized\"],\"inLanguage\":\"es\"},{\"@type\":\"WebPage\",\"@id\":\"https:\\\/\\\/mula.es\\\/web\\\/servicios-sociales-la-comunidad-autonoma-no-aporta-financiacion-a-la-mancomunidad-de-servicios-sociales-del-rio-mula\\\/\",\"url\":\"https:\\\/\\\/mula.es\\\/web\\\/servicios-sociales-la-comunidad-autonoma-no-aporta-financiacion-a-la-mancomunidad-de-servicios-sociales-del-rio-mula\\\/\",\"name\":\"SERVICIOS SOCIALES| La comunidad aut\u00f3noma no aporta financiaci\u00f3n a la Mancomunidad de Servicios Sociales del R\u00edo Mula - Ayuntamiento de Mula\",\"isPartOf\":{\"@id\":\"https:\\\/\\\/mula.es\\\/web\\\/#website\"},\"primaryImageOfPage\":{\"@id\":\"https:\\\/\\\/mula.es\\\/web\\\/servicios-sociales-la-comunidad-autonoma-no-aporta-financiacion-a-la-mancomunidad-de-servicios-sociales-del-rio-mula\\\/#primaryimage\"},\"image\":{\"@id\":\"https:\\\/\\\/mula.es\\\/web\\\/servicios-sociales-la-comunidad-autonoma-no-aporta-financiacion-a-la-mancomunidad-de-servicios-sociales-del-rio-mula\\\/#primaryimage\"},\"thumbnailUrl\":\"https:\\\/\\\/mula.es\\\/web\\\/wp-content\\\/uploads\\\/2022\\\/12\\\/Mancomunidad-Servicios-Sociales.jpg\",\"datePublished\":\"2022-12-22T11:02:27+00:00\",\"dateModified\":\"2022-12-22T11:22:10+00:00\",\"author\":{\"@id\":\"https:\\\/\\\/mula.es\\\/web\\\/#\\\/schema\\\/person\\\/4cc33fc69cd667605e1b6247815ac0c0\"},\"breadcrumb\":{\"@id\":\"https:\\\/\\\/mula.es\\\/web\\\/servicios-sociales-la-comunidad-autonoma-no-aporta-financiacion-a-la-mancomunidad-de-servicios-sociales-del-rio-mula\\\/#breadcrumb\"},\"inLanguage\":\"es\",\"potentialAction\":[{\"@type\":\"ReadAction\",\"target\":[\"https:\\\/\\\/mula.es\\\/web\\\/servicios-sociales-la-comunidad-autonoma-no-aporta-financiacion-a-la-mancomunidad-de-servicios-sociales-del-rio-mula\\\/\"]}]},{\"@type\":\"ImageObject\",\"inLanguage\":\"es\",\"@id\":\"https:\\\/\\\/mula.es\\\/web\\\/servicios-sociales-la-comunidad-autonoma-no-aporta-financiacion-a-la-mancomunidad-de-servicios-sociales-del-rio-mula\\\/#primaryimage\",\"url\":\"https:\\\/\\\/mula.es\\\/web\\\/wp-content\\\/uploads\\\/2022\\\/12\\\/Mancomunidad-Servicios-Sociales.jpg\",\"contentUrl\":\"https:\\\/\\\/mula.es\\\/web\\\/wp-content\\\/uploads\\\/2022\\\/12\\\/Mancomunidad-Servicios-Sociales.jpg\",\"width\":1471,\"height\":605,\"caption\":\"Mancomunidad Servicios Sociales\"},{\"@type\":\"BreadcrumbList\",\"@id\":\"https:\\\/\\\/mula.es\\\/web\\\/servicios-sociales-la-comunidad-autonoma-no-aporta-financiacion-a-la-mancomunidad-de-servicios-sociales-del-rio-mula\\\/#breadcrumb\",\"itemListElement\":[{\"@type\":\"ListItem\",\"position\":1,\"name\":\"Portada\",\"item\":\"https:\\\/\\\/mula.es\\\/web\\\/\"},{\"@type\":\"ListItem\",\"position\":2,\"name\":\"SERVICIOS SOCIALES| La comunidad aut\u00f3noma no aporta financiaci\u00f3n a la Mancomunidad de Servicios Sociales del R\u00edo Mula\"}]},{\"@type\":\"WebSite\",\"@id\":\"https:\\\/\\\/mula.es\\\/web\\\/#website\",\"url\":\"https:\\\/\\\/mula.es\\\/web\\\/\",\"name\":\"Ayuntamiento de Mula\",\"description\":\"P\u00e1gina web del Ayuntamiento de Mula (Regi\u00f3n de Murcia)\",\"potentialAction\":[{\"@type\":\"SearchAction\",\"target\":{\"@type\":\"EntryPoint\",\"urlTemplate\":\"https:\\\/\\\/mula.es\\\/web\\\/?s={search_term_string}\"},\"query-input\":{\"@type\":\"PropertyValueSpecification\",\"valueRequired\":true,\"valueName\":\"search_term_string\"}}],\"inLanguage\":\"es\"},{\"@type\":\"Person\",\"@id\":\"https:\\\/\\\/mula.es\\\/web\\\/#\\\/schema\\\/person\\\/4cc33fc69cd667605e1b6247815ac0c0\",\"name\":\"Mar\u00eda Bel\u00e9n Sumba Bravo\",\"image\":{\"@type\":\"ImageObject\",\"inLanguage\":\"es\",\"@id\":\"https:\\\/\\\/secure.gravatar.com\\\/avatar\\\/8f65af12a8d72e866f97bba50325bdf89a5362533b6f2c9db8c88130883986b1?s=96&d=mm&r=g\",\"url\":\"https:\\\/\\\/secure.gravatar.com\\\/avatar\\\/8f65af12a8d72e866f97bba50325bdf89a5362533b6f2c9db8c88130883986b1?s=96&d=mm&r=g\",\"contentUrl\":\"https:\\\/\\\/secure.gravatar.com\\\/avatar\\\/8f65af12a8d72e866f97bba50325bdf89a5362533b6f2c9db8c88130883986b1?s=96&d=mm&r=g\",\"caption\":\"Mar\u00eda Bel\u00e9n Sumba Bravo\"},\"url\":\"https:\\\/\\\/mula.es\\\/web\\\/author\\\/mbsumba\\\/\"}]}<\/script>\n<!-- \/ Yoast SEO plugin. -->","yoast_head_json":{"title":"SERVICIOS SOCIALES| La comunidad aut\u00f3noma no aporta financiaci\u00f3n a la Mancomunidad de Servicios Sociales del R\u00edo Mula - Ayuntamiento de Mula","robots":{"index":"index","follow":"follow","max-snippet":"max-snippet:-1","max-image-preview":"max-image-preview:large","max-video-preview":"max-video-preview:-1"},"canonical":"https:\/\/mula.es\/web\/servicios-sociales-la-comunidad-autonoma-no-aporta-financiacion-a-la-mancomunidad-de-servicios-sociales-del-rio-mula\/","og_locale":"es_ES","og_type":"article","og_title":"SERVICIOS SOCIALES| La comunidad aut\u00f3noma no aporta financiaci\u00f3n a la Mancomunidad de Servicios Sociales del R\u00edo Mula - Ayuntamiento de Mula","og_description":"Los Servicios Sociales de Atenci\u00f3n Primaria de la Mancomunidad del R\u00edo Mula se mantienen sin financiaci\u00f3n e ingresos por parte de la Consejer\u00eda de Pol\u00edtica Social, entidad a quien corresponde hacerse cargo de su mantenimiento. Esta falta de ingresos de la partida presupuestaria correspondiente a la Mancomunidad, formada por los ayuntamientos de Mula, Albudeite, Bullas [...]","og_url":"https:\/\/mula.es\/web\/servicios-sociales-la-comunidad-autonoma-no-aporta-financiacion-a-la-mancomunidad-de-servicios-sociales-del-rio-mula\/","og_site_name":"Ayuntamiento de Mula","article_published_time":"2022-12-22T11:02:27+00:00","article_modified_time":"2022-12-22T11:22:10+00:00","og_image":[{"width":1471,"height":605,"url":"https:\/\/mula.es\/web\/wp-content\/uploads\/2022\/12\/Mancomunidad-Servicios-Sociales.jpg","type":"image\/jpeg"}],"author":"Mar\u00eda Bel\u00e9n Sumba Bravo","twitter_card":"summary_large_image","twitter_creator":"@AyuntamientMula","twitter_site":"@AyuntamientMula","twitter_misc":{"Escrito por":"Mar\u00eda Bel\u00e9n Sumba Bravo","Tiempo de lectura":"1 minuto"},"schema":{"@context":"https:\/\/schema.org","@graph":[{"@type":"Article","@id":"https:\/\/mula.es\/web\/servicios-sociales-la-comunidad-autonoma-no-aporta-financiacion-a-la-mancomunidad-de-servicios-sociales-del-rio-mula\/#article","isPartOf":{"@id":"https:\/\/mula.es\/web\/servicios-sociales-la-comunidad-autonoma-no-aporta-financiacion-a-la-mancomunidad-de-servicios-sociales-del-rio-mula\/"},"author":{"name":"Mar\u00eda Bel\u00e9n Sumba Bravo","@id":"https:\/\/mula.es\/web\/#\/schema\/person\/4cc33fc69cd667605e1b6247815ac0c0"},"headline":"SERVICIOS SOCIALES| La comunidad aut\u00f3noma no aporta financiaci\u00f3n a la Mancomunidad de Servicios Sociales del R\u00edo Mula","datePublished":"2022-12-22T11:02:27+00:00","dateModified":"2022-12-22T11:22:10+00:00","mainEntityOfPage":{"@id":"https:\/\/mula.es\/web\/servicios-sociales-la-comunidad-autonoma-no-aporta-financiacion-a-la-mancomunidad-de-servicios-sociales-del-rio-mula\/"},"wordCount":188,"image":{"@id":"https:\/\/mula.es\/web\/servicios-sociales-la-comunidad-autonoma-no-aporta-financiacion-a-la-mancomunidad-de-servicios-sociales-del-rio-mula\/#primaryimage"},"thumbnailUrl":"https:\/\/mula.es\/web\/wp-content\/uploads\/2022\/12\/Mancomunidad-Servicios-Sociales.jpg","articleSection":["mancomunidad r\u00edo mula","servicios sociales","Uncategorized"],"inLanguage":"es"},{"@type":"WebPage","@id":"https:\/\/mula.es\/web\/servicios-sociales-la-comunidad-autonoma-no-aporta-financiacion-a-la-mancomunidad-de-servicios-sociales-del-rio-mula\/","url":"https:\/\/mula.es\/web\/servicios-sociales-la-comunidad-autonoma-no-aporta-financiacion-a-la-mancomunidad-de-servicios-sociales-del-rio-mula\/","name":"SERVICIOS SOCIALES| La comunidad aut\u00f3noma no aporta financiaci\u00f3n a la Mancomunidad de Servicios Sociales del R\u00edo Mula - Ayuntamiento de Mula","isPartOf":{"@id":"https:\/\/mula.es\/web\/#website"},"primaryImageOfPage":{"@id":"https:\/\/mula.es\/web\/servicios-sociales-la-comunidad-autonoma-no-aporta-financiacion-a-la-mancomunidad-de-servicios-sociales-del-rio-mula\/#primaryimage"},"image":{"@id":"https:\/\/mula.es\/web\/servicios-sociales-la-comunidad-autonoma-no-aporta-financiacion-a-la-mancomunidad-de-servicios-sociales-del-rio-mula\/#primaryimage"},"thumbnailUrl":"https:\/\/mula.es\/web\/wp-content\/uploads\/2022\/12\/Mancomunidad-Servicios-Sociales.jpg","datePublished":"2022-12-22T11:02:27+00:00","dateModified":"2022-12-22T11:22:10+00:00","author":{"@id":"https:\/\/mula.es\/web\/#\/schema\/person\/4cc33fc69cd667605e1b6247815ac0c0"},"breadcrumb":{"@id":"https:\/\/mula.es\/web\/servicios-sociales-la-comunidad-autonoma-no-aporta-financiacion-a-la-mancomunidad-de-servicios-sociales-del-rio-mula\/#breadcrumb"},"inLanguage":"es","potentialAction":[{"@type":"ReadAction","target":["https:\/\/mula.es\/web\/servicios-sociales-la-comunidad-autonoma-no-aporta-financiacion-a-la-mancomunidad-de-servicios-sociales-del-rio-mula\/"]}]},{"@type":"ImageObject","inLanguage":"es","@id":"https:\/\/mula.es\/web\/servicios-sociales-la-comunidad-autonoma-no-aporta-financiacion-a-la-mancomunidad-de-servicios-sociales-del-rio-mula\/#primaryimage","url":"https:\/\/mula.es\/web\/wp-content\/uploads\/2022\/12\/Mancomunidad-Servicios-Sociales.jpg","contentUrl":"https:\/\/mula.es\/web\/wp-content\/uploads\/2022\/12\/Mancomunidad-Servicios-Sociales.jpg","width":1471,"height":605,"caption":"Mancomunidad Servicios Sociales"},{"@type":"BreadcrumbList","@id":"https:\/\/mula.es\/web\/servicios-sociales-la-comunidad-autonoma-no-aporta-financiacion-a-la-mancomunidad-de-servicios-sociales-del-rio-mula\/#breadcrumb","itemListElement":[{"@type":"ListItem","position":1,"name":"Portada","item":"https:\/\/mula.es\/web\/"},{"@type":"ListItem","position":2,"name":"SERVICIOS SOCIALES| La comunidad aut\u00f3noma no aporta financiaci\u00f3n a la Mancomunidad de Servicios Sociales del R\u00edo Mula"}]},{"@type":"WebSite","@id":"https:\/\/mula.es\/web\/#website","url":"https:\/\/mula.es\/web\/","name":"Ayuntamiento de Mula","description":"P\u00e1gina web del Ayuntamiento de Mula (Regi\u00f3n de Murcia)","potentialAction":[{"@type":"SearchAction","target":{"@type":"EntryPoint","urlTemplate":"https:\/\/mula.es\/web\/?s={search_term_string}"},"query-input":{"@type":"PropertyValueSpecification","valueRequired":true,"valueName":"search_term_string"}}],"inLanguage":"es"},{"@type":"Person","@id":"https:\/\/mula.es\/web\/#\/schema\/person\/4cc33fc69cd667605e1b6247815ac0c0","name":"Mar\u00eda Bel\u00e9n Sumba Bravo","image":{"@type":"ImageObject","inLanguage":"es","@id":"https:\/\/secure.gravatar.com\/avatar\/8f65af12a8d72e866f97bba50325bdf89a5362533b6f2c9db8c88130883986b1?s=96&d=mm&r=g","url":"https:\/\/secure.gravatar.com\/avatar\/8f65af12a8d72e866f97bba50325bdf89a5362533b6f2c9db8c88130883986b1?s=96&d=mm&r=g","contentUrl":"https:\/\/secure.gravatar.com\/avatar\/8f65af12a8d72e866f97bba50325bdf89a5362533b6f2c9db8c88130883986b1?s=96&d=mm&r=g","caption":"Mar\u00eda Bel\u00e9n Sumba Bravo"},"url":"https:\/\/mula.es\/web\/author\/mbsumba\/"}]}},"jetpack_publicize_connections":[],"jetpack_featured_media_url":"https:\/\/mula.es\/web\/wp-content\/uploads\/2022\/12\/Mancomunidad-Servicios-Sociales.jpg","jetpack_sharing_enabled":true,"jetpack_shortlink":"https:\/\/wp.me\/pa9DMY-cbn","jetpack-related-posts":[],"_links":{"self":[{"href":"https:\/\/mula.es\/web\/wp-json\/wp\/v2\/posts\/46833","targetHints":{"allow":["GET"]}}],"collection":[{"href":"https:\/\/mula.es\/web\/wp-json\/wp\/v2\/posts"}],"about":[{"href":"https:\/\/mula.es\/web\/wp-json\/wp\/v2\/types\/post"}],"author":[{"embeddable":true,"href":"https:\/\/mula.es\/web\/wp-json\/wp\/v2\/users\/12"}],"replies":[{"embeddable":true,"href":"https:\/\/mula.es\/web\/wp-json\/wp\/v2\/comments?post=46833"}],"version-history":[{"count":1,"href":"https:\/\/mula.es\/web\/wp-json\/wp\/v2\/posts\/46833\/revisions"}],"predecessor-version":[{"id":46834,"href":"https:\/\/mula.es\/web\/wp-json\/wp\/v2\/posts\/46833\/revisions\/46834"}],"wp:featuredmedia":[{"embeddable":true,"href":"https:\/\/mula.es\/web\/wp-json\/wp\/v2\/media\/46831"}],"wp:attachment":[{"href":"https:\/\/mula.es\/web\/wp-json\/wp\/v2\/media?parent=46833"}],"wp:term":[{"taxonomy":"category","embeddable":true,"href":"https:\/\/mula.es\/web\/wp-json\/wp\/v2\/categories?post=46833"},{"taxonomy":"post_tag","embeddable":true,"href":"https:\/\/mula.es\/web\/wp-json\/wp\/v2\/tags?post=46833"}],"curies":[{"name":"wp","href":"https:\/\/api.w.org\/{rel}","templated":true}]}}