{"id":46854,"date":"2022-12-23T12:04:02","date_gmt":"2022-12-23T11:04:02","guid":{"rendered":"https:\/\/mula.es\/web\/?p=46854"},"modified":"2022-12-23T12:30:07","modified_gmt":"2022-12-23T11:30:07","slug":"medio-ambiente-envuelve-tus-regalos-de-manera-ecologica","status":"publish","type":"post","link":"https:\/\/mula.es\/web\/medio-ambiente-envuelve-tus-regalos-de-manera-ecologica\/","title":{"rendered":"MEDIO AMBIENTE| \u00a1Envuelve tus regalos de manera ecol\u00f3gica!"},"content":{"rendered":"<p style=\"text-align: justify;\"><strong>La Concejal\u00eda de Medio Ambiente busca contribuir en la disminuci\u00f3n de residuos durante estas fiestas navide\u00f1as. Con este objetivo, instalar\u00e1 un stand para que puedas envolver tus regalos de forma ecol\u00f3gica este viernes, 23 de diciembre, en la calle Emeterio Cuadrado, de 17 a 20 horas. Asimismo, tambi\u00e9n se instalar\u00e1 el mi\u00e9rcoles, 4 de enero, en la calle Senda de la Morera con Fray Pedro Bot\u00eda, de 17 a 20 horas.\u00a0<\/strong><\/p>\n<p style=\"text-align: justify;\">Esta iniciativa se enmarca dentro de la campa\u00f1a <em>En Navidad envuelve ecol\u00f3gico<\/em>, realizada junto a la Asociaci\u00f3n de Comerciantes y Hosteleros de Mula (Acohomul), con el fin de promover el consumo responsable en los comercios locales y minimizar los residuos y posterior contaminaci\u00f3n generada por la cantidad de papel, adornos y pl\u00e1sticos utilizados para envolver nuestros regalos. Por ello y para disfrutar de unas navidades sostenibles, se instalar\u00e1 un stand cerca de la zona comercial, donde <strong>podr\u00e1s envolver tus regalos de forma totalmente gratuita<\/strong> siguiendo un criterio sostenible. Adem\u00e1s, te daremos ideas para realizarlo en casa, as\u00ed como te haremos entrega de un peque\u00f1o obsequio.<\/p>\n<p style=\"text-align: justify;\"><a href=\"https:\/\/mula.es\/web\/wp-content\/uploads\/2022\/12\/En-Navidad-envuelve-ecologico.jpeg\"><img decoding=\"async\" data-attachment-id=\"46855\" data-permalink=\"https:\/\/mula.es\/web\/medio-ambiente-envuelve-tus-regalos-de-manera-ecologica\/en-navidad-envuelve-ecologico\/\" data-orig-file=\"https:\/\/mula.es\/web\/wp-content\/uploads\/2022\/12\/En-Navidad-envuelve-ecologico.jpeg\" data-orig-size=\"2048,1536\" data-comments-opened=\"0\" data-image-meta=\"{&quot;aperture&quot;:&quot;0&quot;,&quot;credit&quot;:&quot;&quot;,&quot;camera&quot;:&quot;&quot;,&quot;caption&quot;:&quot;&quot;,&quot;created_timestamp&quot;:&quot;0&quot;,&quot;copyright&quot;:&quot;&quot;,&quot;focal_length&quot;:&quot;0&quot;,&quot;iso&quot;:&quot;0&quot;,&quot;shutter_speed&quot;:&quot;0&quot;,&quot;title&quot;:&quot;&quot;,&quot;orientation&quot;:&quot;0&quot;}\" data-image-title=\"En Navidad envuelve ecol\u00f3gico\" data-image-description=\"\" data-image-caption=\"\" data-large-file=\"https:\/\/mula.es\/web\/wp-content\/uploads\/2022\/12\/En-Navidad-envuelve-ecologico-1024x768.jpeg\" class=\"aligncenter wp-image-46855 \" src=\"https:\/\/mula.es\/web\/wp-content\/uploads\/2022\/12\/En-Navidad-envuelve-ecologico.jpeg\" alt=\"En Navidad envuelve ecol\u00f3gico\" width=\"429\" height=\"322\" srcset=\"https:\/\/mula.es\/web\/wp-content\/uploads\/2022\/12\/En-Navidad-envuelve-ecologico-200x150.jpeg 200w, https:\/\/mula.es\/web\/wp-content\/uploads\/2022\/12\/En-Navidad-envuelve-ecologico-300x225.jpeg 300w, https:\/\/mula.es\/web\/wp-content\/uploads\/2022\/12\/En-Navidad-envuelve-ecologico-400x300.jpeg 400w, https:\/\/mula.es\/web\/wp-content\/uploads\/2022\/12\/En-Navidad-envuelve-ecologico-600x450.jpeg 600w, https:\/\/mula.es\/web\/wp-content\/uploads\/2022\/12\/En-Navidad-envuelve-ecologico-768x576.jpeg 768w, https:\/\/mula.es\/web\/wp-content\/uploads\/2022\/12\/En-Navidad-envuelve-ecologico-800x600.jpeg 800w, https:\/\/mula.es\/web\/wp-content\/uploads\/2022\/12\/En-Navidad-envuelve-ecologico-1024x768.jpeg 1024w, https:\/\/mula.es\/web\/wp-content\/uploads\/2022\/12\/En-Navidad-envuelve-ecologico-1200x900.jpeg 1200w, https:\/\/mula.es\/web\/wp-content\/uploads\/2022\/12\/En-Navidad-envuelve-ecologico-1536x1152.jpeg 1536w, https:\/\/mula.es\/web\/wp-content\/uploads\/2022\/12\/En-Navidad-envuelve-ecologico.jpeg 2048w\" sizes=\"(max-width: 429px) 100vw, 429px\" \/><\/a><\/p>\n<p style=\"text-align: center;\">Stand <em>En Navidad envuelve ecol\u00f3gico<\/em><\/p>\n<p style=\"text-align: center;\"><strong>Viernes, 23 de diciembre.<\/strong> Calle Emeterio Cuadrado, de 17 a 20 horas.<\/p>\n<p style=\"text-align: center;\"><strong>Mi\u00e9rcoles, 4 de enero.<\/strong> Calle Senda de la Morera con Fray Pedro Bot\u00eda, de 17 a 20 horas.<\/p>\n<p>&nbsp;<\/p>\n<p>&nbsp;<\/p>\n","protected":false},"excerpt":{"rendered":"<p>La Concejal\u00eda de Medio Ambiente busca contribuir en la disminuci\u00f3n de residuos durante estas fiestas navide\u00f1as. Con este objetivo, instalar\u00e1 un stand para que puedas envolver tus regalos de forma ecol\u00f3gica este viernes, 23 de diciembre, en la calle Emeterio Cuadrado, de 17 a 20 horas. Asimismo, tambi\u00e9n se instalar\u00e1 el mi\u00e9rcoles, 4 de enero,  [&#8230;]<\/p>\n","protected":false},"author":12,"featured_media":46856,"comment_status":"closed","ping_status":"closed","sticky":false,"template":"","format":"standard","meta":{"jetpack_post_was_ever_published":false,"_jetpack_newsletter_access":"","_jetpack_dont_email_post_to_subs":false,"_jetpack_newsletter_tier_id":0,"_jetpack_memberships_contains_paywalled_content":false,"_jetpack_memberships_contains_paid_content":false,"footnotes":"","jetpack_publicize_message":"","jetpack_publicize_feature_enabled":true,"jetpack_social_post_already_shared":false,"jetpack_social_options":{"image_generator_settings":{"template":"highway","default_image_id":0,"font":"","enabled":false},"version":2}},"categories":[153],"tags":[],"class_list":["post-46854","post","type-post","status-publish","format-standard","has-post-thumbnail","hentry","category-medio-ambiente"],"yoast_head":"<!-- This site is optimized with the Yoast SEO plugin v27.4 - https:\/\/yoast.com\/product\/yoast-seo-wordpress\/ -->\n<title>MEDIO AMBIENTE| \u00a1Envuelve tus regalos de manera ecol\u00f3gica! - Ayuntamiento de Mula<\/title>\n<meta name=\"robots\" content=\"index, follow, max-snippet:-1, max-image-preview:large, max-video-preview:-1\" \/>\n<link rel=\"canonical\" href=\"https:\/\/mula.es\/web\/medio-ambiente-envuelve-tus-regalos-de-manera-ecologica\/\" \/>\n<meta property=\"og:locale\" content=\"es_ES\" \/>\n<meta property=\"og:type\" content=\"article\" \/>\n<meta property=\"og:title\" content=\"MEDIO AMBIENTE| \u00a1Envuelve tus regalos de manera ecol\u00f3gica! - Ayuntamiento de Mula\" \/>\n<meta property=\"og:description\" content=\"La Concejal\u00eda de Medio Ambiente busca contribuir en la disminuci\u00f3n de residuos durante estas fiestas navide\u00f1as. Con este objetivo, instalar\u00e1 un stand para que puedas envolver tus regalos de forma ecol\u00f3gica este viernes, 23 de diciembre, en la calle Emeterio Cuadrado, de 17 a 20 horas. Asimismo, tambi\u00e9n se instalar\u00e1 el mi\u00e9rcoles, 4 de enero, [...]\" \/>\n<meta property=\"og:url\" content=\"https:\/\/mula.es\/web\/medio-ambiente-envuelve-tus-regalos-de-manera-ecologica\/\" \/>\n<meta property=\"og:site_name\" content=\"Ayuntamiento de Mula\" \/>\n<meta property=\"article:published_time\" content=\"2022-12-23T11:04:02+00:00\" \/>\n<meta property=\"article:modified_time\" content=\"2022-12-23T11:30:07+00:00\" \/>\n<meta property=\"og:image\" content=\"https:\/\/mula.es\/web\/wp-content\/uploads\/2022\/12\/Stand-En-Navidad-envuelve-ecologico.jpeg\" \/>\n\t<meta property=\"og:image:width\" content=\"2048\" \/>\n\t<meta property=\"og:image:height\" content=\"1536\" \/>\n\t<meta property=\"og:image:type\" content=\"image\/jpeg\" \/>\n<meta name=\"author\" content=\"Mar\u00eda Bel\u00e9n Sumba Bravo\" \/>\n<meta name=\"twitter:card\" content=\"summary_large_image\" \/>\n<meta name=\"twitter:creator\" content=\"@AyuntamientMula\" \/>\n<meta name=\"twitter:site\" content=\"@AyuntamientMula\" \/>\n<meta name=\"twitter:label1\" content=\"Escrito por\" \/>\n\t<meta name=\"twitter:data1\" content=\"Mar\u00eda Bel\u00e9n Sumba Bravo\" \/>\n\t<meta name=\"twitter:label2\" content=\"Tiempo de lectura\" \/>\n\t<meta name=\"twitter:data2\" content=\"2 minutos\" \/>\n<script type=\"application\/ld+json\" class=\"yoast-schema-graph\">{\"@context\":\"https:\\\/\\\/schema.org\",\"@graph\":[{\"@type\":\"Article\",\"@id\":\"https:\\\/\\\/mula.es\\\/web\\\/medio-ambiente-envuelve-tus-regalos-de-manera-ecologica\\\/#article\",\"isPartOf\":{\"@id\":\"https:\\\/\\\/mula.es\\\/web\\\/medio-ambiente-envuelve-tus-regalos-de-manera-ecologica\\\/\"},\"author\":{\"name\":\"Mar\u00eda Bel\u00e9n Sumba Bravo\",\"@id\":\"https:\\\/\\\/mula.es\\\/web\\\/#\\\/schema\\\/person\\\/4cc33fc69cd667605e1b6247815ac0c0\"},\"headline\":\"MEDIO AMBIENTE| \u00a1Envuelve tus regalos de manera ecol\u00f3gica!\",\"datePublished\":\"2022-12-23T11:04:02+00:00\",\"dateModified\":\"2022-12-23T11:30:07+00:00\",\"mainEntityOfPage\":{\"@id\":\"https:\\\/\\\/mula.es\\\/web\\\/medio-ambiente-envuelve-tus-regalos-de-manera-ecologica\\\/\"},\"wordCount\":228,\"image\":{\"@id\":\"https:\\\/\\\/mula.es\\\/web\\\/medio-ambiente-envuelve-tus-regalos-de-manera-ecologica\\\/#primaryimage\"},\"thumbnailUrl\":\"https:\\\/\\\/mula.es\\\/web\\\/wp-content\\\/uploads\\\/2022\\\/12\\\/Stand-En-Navidad-envuelve-ecologico.jpeg\",\"articleSection\":[\"medio ambiente\"],\"inLanguage\":\"es\"},{\"@type\":\"WebPage\",\"@id\":\"https:\\\/\\\/mula.es\\\/web\\\/medio-ambiente-envuelve-tus-regalos-de-manera-ecologica\\\/\",\"url\":\"https:\\\/\\\/mula.es\\\/web\\\/medio-ambiente-envuelve-tus-regalos-de-manera-ecologica\\\/\",\"name\":\"MEDIO AMBIENTE| \u00a1Envuelve tus regalos de manera ecol\u00f3gica! - Ayuntamiento de Mula\",\"isPartOf\":{\"@id\":\"https:\\\/\\\/mula.es\\\/web\\\/#website\"},\"primaryImageOfPage\":{\"@id\":\"https:\\\/\\\/mula.es\\\/web\\\/medio-ambiente-envuelve-tus-regalos-de-manera-ecologica\\\/#primaryimage\"},\"image\":{\"@id\":\"https:\\\/\\\/mula.es\\\/web\\\/medio-ambiente-envuelve-tus-regalos-de-manera-ecologica\\\/#primaryimage\"},\"thumbnailUrl\":\"https:\\\/\\\/mula.es\\\/web\\\/wp-content\\\/uploads\\\/2022\\\/12\\\/Stand-En-Navidad-envuelve-ecologico.jpeg\",\"datePublished\":\"2022-12-23T11:04:02+00:00\",\"dateModified\":\"2022-12-23T11:30:07+00:00\",\"author\":{\"@id\":\"https:\\\/\\\/mula.es\\\/web\\\/#\\\/schema\\\/person\\\/4cc33fc69cd667605e1b6247815ac0c0\"},\"breadcrumb\":{\"@id\":\"https:\\\/\\\/mula.es\\\/web\\\/medio-ambiente-envuelve-tus-regalos-de-manera-ecologica\\\/#breadcrumb\"},\"inLanguage\":\"es\",\"potentialAction\":[{\"@type\":\"ReadAction\",\"target\":[\"https:\\\/\\\/mula.es\\\/web\\\/medio-ambiente-envuelve-tus-regalos-de-manera-ecologica\\\/\"]}]},{\"@type\":\"ImageObject\",\"inLanguage\":\"es\",\"@id\":\"https:\\\/\\\/mula.es\\\/web\\\/medio-ambiente-envuelve-tus-regalos-de-manera-ecologica\\\/#primaryimage\",\"url\":\"https:\\\/\\\/mula.es\\\/web\\\/wp-content\\\/uploads\\\/2022\\\/12\\\/Stand-En-Navidad-envuelve-ecologico.jpeg\",\"contentUrl\":\"https:\\\/\\\/mula.es\\\/web\\\/wp-content\\\/uploads\\\/2022\\\/12\\\/Stand-En-Navidad-envuelve-ecologico.jpeg\",\"width\":2048,\"height\":1536},{\"@type\":\"BreadcrumbList\",\"@id\":\"https:\\\/\\\/mula.es\\\/web\\\/medio-ambiente-envuelve-tus-regalos-de-manera-ecologica\\\/#breadcrumb\",\"itemListElement\":[{\"@type\":\"ListItem\",\"position\":1,\"name\":\"Portada\",\"item\":\"https:\\\/\\\/mula.es\\\/web\\\/\"},{\"@type\":\"ListItem\",\"position\":2,\"name\":\"MEDIO AMBIENTE| \u00a1Envuelve tus regalos de manera ecol\u00f3gica!\"}]},{\"@type\":\"WebSite\",\"@id\":\"https:\\\/\\\/mula.es\\\/web\\\/#website\",\"url\":\"https:\\\/\\\/mula.es\\\/web\\\/\",\"name\":\"Ayuntamiento de Mula\",\"description\":\"P\u00e1gina web del Ayuntamiento de Mula (Regi\u00f3n de Murcia)\",\"potentialAction\":[{\"@type\":\"SearchAction\",\"target\":{\"@type\":\"EntryPoint\",\"urlTemplate\":\"https:\\\/\\\/mula.es\\\/web\\\/?s={search_term_string}\"},\"query-input\":{\"@type\":\"PropertyValueSpecification\",\"valueRequired\":true,\"valueName\":\"search_term_string\"}}],\"inLanguage\":\"es\"},{\"@type\":\"Person\",\"@id\":\"https:\\\/\\\/mula.es\\\/web\\\/#\\\/schema\\\/person\\\/4cc33fc69cd667605e1b6247815ac0c0\",\"name\":\"Mar\u00eda Bel\u00e9n Sumba Bravo\",\"image\":{\"@type\":\"ImageObject\",\"inLanguage\":\"es\",\"@id\":\"https:\\\/\\\/secure.gravatar.com\\\/avatar\\\/8f65af12a8d72e866f97bba50325bdf89a5362533b6f2c9db8c88130883986b1?s=96&d=mm&r=g\",\"url\":\"https:\\\/\\\/secure.gravatar.com\\\/avatar\\\/8f65af12a8d72e866f97bba50325bdf89a5362533b6f2c9db8c88130883986b1?s=96&d=mm&r=g\",\"contentUrl\":\"https:\\\/\\\/secure.gravatar.com\\\/avatar\\\/8f65af12a8d72e866f97bba50325bdf89a5362533b6f2c9db8c88130883986b1?s=96&d=mm&r=g\",\"caption\":\"Mar\u00eda Bel\u00e9n Sumba Bravo\"},\"url\":\"https:\\\/\\\/mula.es\\\/web\\\/author\\\/mbsumba\\\/\"}]}<\/script>\n<!-- \/ Yoast SEO plugin. -->","yoast_head_json":{"title":"MEDIO AMBIENTE| \u00a1Envuelve tus regalos de manera ecol\u00f3gica! - Ayuntamiento de Mula","robots":{"index":"index","follow":"follow","max-snippet":"max-snippet:-1","max-image-preview":"max-image-preview:large","max-video-preview":"max-video-preview:-1"},"canonical":"https:\/\/mula.es\/web\/medio-ambiente-envuelve-tus-regalos-de-manera-ecologica\/","og_locale":"es_ES","og_type":"article","og_title":"MEDIO AMBIENTE| \u00a1Envuelve tus regalos de manera ecol\u00f3gica! - Ayuntamiento de Mula","og_description":"La Concejal\u00eda de Medio Ambiente busca contribuir en la disminuci\u00f3n de residuos durante estas fiestas navide\u00f1as. Con este objetivo, instalar\u00e1 un stand para que puedas envolver tus regalos de forma ecol\u00f3gica este viernes, 23 de diciembre, en la calle Emeterio Cuadrado, de 17 a 20 horas. Asimismo, tambi\u00e9n se instalar\u00e1 el mi\u00e9rcoles, 4 de enero, [...]","og_url":"https:\/\/mula.es\/web\/medio-ambiente-envuelve-tus-regalos-de-manera-ecologica\/","og_site_name":"Ayuntamiento de Mula","article_published_time":"2022-12-23T11:04:02+00:00","article_modified_time":"2022-12-23T11:30:07+00:00","og_image":[{"width":2048,"height":1536,"url":"https:\/\/mula.es\/web\/wp-content\/uploads\/2022\/12\/Stand-En-Navidad-envuelve-ecologico.jpeg","type":"image\/jpeg"}],"author":"Mar\u00eda Bel\u00e9n Sumba Bravo","twitter_card":"summary_large_image","twitter_creator":"@AyuntamientMula","twitter_site":"@AyuntamientMula","twitter_misc":{"Escrito por":"Mar\u00eda Bel\u00e9n Sumba Bravo","Tiempo de lectura":"2 minutos"},"schema":{"@context":"https:\/\/schema.org","@graph":[{"@type":"Article","@id":"https:\/\/mula.es\/web\/medio-ambiente-envuelve-tus-regalos-de-manera-ecologica\/#article","isPartOf":{"@id":"https:\/\/mula.es\/web\/medio-ambiente-envuelve-tus-regalos-de-manera-ecologica\/"},"author":{"name":"Mar\u00eda Bel\u00e9n Sumba Bravo","@id":"https:\/\/mula.es\/web\/#\/schema\/person\/4cc33fc69cd667605e1b6247815ac0c0"},"headline":"MEDIO AMBIENTE| \u00a1Envuelve tus regalos de manera ecol\u00f3gica!","datePublished":"2022-12-23T11:04:02+00:00","dateModified":"2022-12-23T11:30:07+00:00","mainEntityOfPage":{"@id":"https:\/\/mula.es\/web\/medio-ambiente-envuelve-tus-regalos-de-manera-ecologica\/"},"wordCount":228,"image":{"@id":"https:\/\/mula.es\/web\/medio-ambiente-envuelve-tus-regalos-de-manera-ecologica\/#primaryimage"},"thumbnailUrl":"https:\/\/mula.es\/web\/wp-content\/uploads\/2022\/12\/Stand-En-Navidad-envuelve-ecologico.jpeg","articleSection":["medio ambiente"],"inLanguage":"es"},{"@type":"WebPage","@id":"https:\/\/mula.es\/web\/medio-ambiente-envuelve-tus-regalos-de-manera-ecologica\/","url":"https:\/\/mula.es\/web\/medio-ambiente-envuelve-tus-regalos-de-manera-ecologica\/","name":"MEDIO AMBIENTE| \u00a1Envuelve tus regalos de manera ecol\u00f3gica! - Ayuntamiento de Mula","isPartOf":{"@id":"https:\/\/mula.es\/web\/#website"},"primaryImageOfPage":{"@id":"https:\/\/mula.es\/web\/medio-ambiente-envuelve-tus-regalos-de-manera-ecologica\/#primaryimage"},"image":{"@id":"https:\/\/mula.es\/web\/medio-ambiente-envuelve-tus-regalos-de-manera-ecologica\/#primaryimage"},"thumbnailUrl":"https:\/\/mula.es\/web\/wp-content\/uploads\/2022\/12\/Stand-En-Navidad-envuelve-ecologico.jpeg","datePublished":"2022-12-23T11:04:02+00:00","dateModified":"2022-12-23T11:30:07+00:00","author":{"@id":"https:\/\/mula.es\/web\/#\/schema\/person\/4cc33fc69cd667605e1b6247815ac0c0"},"breadcrumb":{"@id":"https:\/\/mula.es\/web\/medio-ambiente-envuelve-tus-regalos-de-manera-ecologica\/#breadcrumb"},"inLanguage":"es","potentialAction":[{"@type":"ReadAction","target":["https:\/\/mula.es\/web\/medio-ambiente-envuelve-tus-regalos-de-manera-ecologica\/"]}]},{"@type":"ImageObject","inLanguage":"es","@id":"https:\/\/mula.es\/web\/medio-ambiente-envuelve-tus-regalos-de-manera-ecologica\/#primaryimage","url":"https:\/\/mula.es\/web\/wp-content\/uploads\/2022\/12\/Stand-En-Navidad-envuelve-ecologico.jpeg","contentUrl":"https:\/\/mula.es\/web\/wp-content\/uploads\/2022\/12\/Stand-En-Navidad-envuelve-ecologico.jpeg","width":2048,"height":1536},{"@type":"BreadcrumbList","@id":"https:\/\/mula.es\/web\/medio-ambiente-envuelve-tus-regalos-de-manera-ecologica\/#breadcrumb","itemListElement":[{"@type":"ListItem","position":1,"name":"Portada","item":"https:\/\/mula.es\/web\/"},{"@type":"ListItem","position":2,"name":"MEDIO AMBIENTE| \u00a1Envuelve tus regalos de manera ecol\u00f3gica!"}]},{"@type":"WebSite","@id":"https:\/\/mula.es\/web\/#website","url":"https:\/\/mula.es\/web\/","name":"Ayuntamiento de Mula","description":"P\u00e1gina web del Ayuntamiento de Mula (Regi\u00f3n de Murcia)","potentialAction":[{"@type":"SearchAction","target":{"@type":"EntryPoint","urlTemplate":"https:\/\/mula.es\/web\/?s={search_term_string}"},"query-input":{"@type":"PropertyValueSpecification","valueRequired":true,"valueName":"search_term_string"}}],"inLanguage":"es"},{"@type":"Person","@id":"https:\/\/mula.es\/web\/#\/schema\/person\/4cc33fc69cd667605e1b6247815ac0c0","name":"Mar\u00eda Bel\u00e9n Sumba Bravo","image":{"@type":"ImageObject","inLanguage":"es","@id":"https:\/\/secure.gravatar.com\/avatar\/8f65af12a8d72e866f97bba50325bdf89a5362533b6f2c9db8c88130883986b1?s=96&d=mm&r=g","url":"https:\/\/secure.gravatar.com\/avatar\/8f65af12a8d72e866f97bba50325bdf89a5362533b6f2c9db8c88130883986b1?s=96&d=mm&r=g","contentUrl":"https:\/\/secure.gravatar.com\/avatar\/8f65af12a8d72e866f97bba50325bdf89a5362533b6f2c9db8c88130883986b1?s=96&d=mm&r=g","caption":"Mar\u00eda Bel\u00e9n Sumba Bravo"},"url":"https:\/\/mula.es\/web\/author\/mbsumba\/"}]}},"jetpack_publicize_connections":[],"jetpack_featured_media_url":"https:\/\/mula.es\/web\/wp-content\/uploads\/2022\/12\/Stand-En-Navidad-envuelve-ecologico.jpeg","jetpack_sharing_enabled":true,"jetpack_shortlink":"https:\/\/wp.me\/pa9DMY-cbI","jetpack-related-posts":[],"_links":{"self":[{"href":"https:\/\/mula.es\/web\/wp-json\/wp\/v2\/posts\/46854","targetHints":{"allow":["GET"]}}],"collection":[{"href":"https:\/\/mula.es\/web\/wp-json\/wp\/v2\/posts"}],"about":[{"href":"https:\/\/mula.es\/web\/wp-json\/wp\/v2\/types\/post"}],"author":[{"embeddable":true,"href":"https:\/\/mula.es\/web\/wp-json\/wp\/v2\/users\/12"}],"replies":[{"embeddable":true,"href":"https:\/\/mula.es\/web\/wp-json\/wp\/v2\/comments?post=46854"}],"version-history":[{"count":5,"href":"https:\/\/mula.es\/web\/wp-json\/wp\/v2\/posts\/46854\/revisions"}],"predecessor-version":[{"id":46861,"href":"https:\/\/mula.es\/web\/wp-json\/wp\/v2\/posts\/46854\/revisions\/46861"}],"wp:featuredmedia":[{"embeddable":true,"href":"https:\/\/mula.es\/web\/wp-json\/wp\/v2\/media\/46856"}],"wp:attachment":[{"href":"https:\/\/mula.es\/web\/wp-json\/wp\/v2\/media?parent=46854"}],"wp:term":[{"taxonomy":"category","embeddable":true,"href":"https:\/\/mula.es\/web\/wp-json\/wp\/v2\/categories?post=46854"},{"taxonomy":"post_tag","embeddable":true,"href":"https:\/\/mula.es\/web\/wp-json\/wp\/v2\/tags?post=46854"}],"curies":[{"name":"wp","href":"https:\/\/api.w.org\/{rel}","templated":true}]}}