{"id":46900,"date":"2022-12-30T13:23:24","date_gmt":"2022-12-30T12:23:24","guid":{"rendered":"https:\/\/mula.es\/web\/?p=46900"},"modified":"2022-12-30T17:43:45","modified_gmt":"2022-12-30T16:43:45","slug":"el-artista-juan-alvarez-realiza-el-cartel-de-la-noche-de-los-tambores-2023","status":"publish","type":"post","link":"https:\/\/mula.es\/web\/el-artista-juan-alvarez-realiza-el-cartel-de-la-noche-de-los-tambores-2023\/","title":{"rendered":"El artista Juan \u00c1lvarez realiza el cartel de la Noche de los Tambores 2023"},"content":{"rendered":"<p style=\"text-align: justify;\"><strong>El Ayuntamiento de Mula ha presentado el cartel de la Noche de los Tambores 2023, realizado por el artista mule\u00f1o Juan \u00c1lvarez. La presentaci\u00f3n la han realizado el alcalde de Mula Juan Jes\u00fas Moreno, el concejal de Tambores Pablo Pi\u00f1ero, el artista y autor del cartel Juan \u00c1lvarez y el presidente de la Asociaci\u00f3n de Tamboristas Pedro Manuel Ruiz.<\/strong><\/p>\n<p style=\"text-align: justify;\">Juan Jes\u00fas Moreno ha dado la enhorabuena a Juan \u00c1lvarez, as\u00ed como ha hablado de que <strong>\u00abhoy es un gran d\u00eda para todos los tamboristas, para el pueblo de Mula y para la Regi\u00f3n\u00bb<\/strong>. En este sentido,\u00a0 ha resaltado que la Noche de los Tambores \u00abnos identifica a los mule\u00f1os y mule\u00f1as y podemos presumir orgullosamente de que somos una fiesta declarada de Inter\u00e9s Tur\u00edstico Internacional y Patrimonio Cultural Inmanterial de la Humanidad\u00bb.<\/p>\n<p style=\"text-align: justify;\"><strong>\u00abLo que refleja el cartel es lo que yo he sentido desde mi ni\u00f1ez hasta ahora\u00bb<\/strong>, ha declarado Juan \u00c1lvarez, autor del cartel de la Noche de los Tambores 2023 junto a Jorge G\u00f3mez, artista que se ha encargado de colorear el dise\u00f1o. Asimismo, \u00c1lvarez ha explicado que, como dibujante de c\u00f3mics que es, ha querido \u00abrealizar un resumen en varias vi\u00f1etas de lo que es la Noche de los Tambores\u00bb. Reflejando, de esta manera, \u00abc\u00f3mo se cruzan los palillos de los tambores con las manos en la plaza, la torre del reloj picando las doce, el cornet\u00edn, a los tamboristas&#8230;\u00bb. Si bien, ha afirmado que en el dise\u00f1o tambi\u00e9n se ha inspirado en el pasado de la fiesta, dibujando un tradicional tambor de cuerda.<\/p>\n<p style=\"text-align: justify;\">La Noche de los Tambores de Mula es una festividad declarada de Inter\u00e9s Tur\u00edstico Internacional y Patrimonio Cultural Inmaterial de la Humanidad por la UNESCO. El cartel de Juan \u00c1lvarez estar\u00e1 promocionando esta fiesta mule\u00f1a en la Feria Internacional de Turismo 2023 (FITUR).<\/p>\n<p><a href=\"https:\/\/mula.es\/web\/wp-content\/uploads\/2022\/12\/Juan-Alvarez-junto-al-diseno-del-cartel-de-la-Noche-de-los-Tambores-2023-Copy.jpg\"><img decoding=\"async\" data-attachment-id=\"46913\" data-permalink=\"https:\/\/mula.es\/web\/el-artista-juan-alvarez-realiza-el-cartel-de-la-noche-de-los-tambores-2023\/juan-alvarez-junto-al-diseno-del-cartel-de-la-noche-de-los-tambores-2023-copy\/\" data-orig-file=\"https:\/\/mula.es\/web\/wp-content\/uploads\/2022\/12\/Juan-Alvarez-junto-al-diseno-del-cartel-de-la-Noche-de-los-Tambores-2023-Copy.jpg\" data-orig-size=\"1600,1068\" data-comments-opened=\"0\" data-image-meta=\"{&quot;aperture&quot;:&quot;0&quot;,&quot;credit&quot;:&quot;&quot;,&quot;camera&quot;:&quot;&quot;,&quot;caption&quot;:&quot;&quot;,&quot;created_timestamp&quot;:&quot;0&quot;,&quot;copyright&quot;:&quot;&quot;,&quot;focal_length&quot;:&quot;0&quot;,&quot;iso&quot;:&quot;0&quot;,&quot;shutter_speed&quot;:&quot;0&quot;,&quot;title&quot;:&quot;&quot;,&quot;orientation&quot;:&quot;0&quot;}\" data-image-title=\"Juan \u00c1lvarez junto al dise\u00f1o del cartel de la Noche de los Tambores 2023 (Copy)\" data-image-description=\"\" data-image-caption=\"\" data-large-file=\"https:\/\/mula.es\/web\/wp-content\/uploads\/2022\/12\/Juan-Alvarez-junto-al-diseno-del-cartel-de-la-Noche-de-los-Tambores-2023-Copy-1024x684.jpg\" class=\"aligncenter wp-image-46913 \" src=\"https:\/\/mula.es\/web\/wp-content\/uploads\/2022\/12\/Juan-Alvarez-junto-al-diseno-del-cartel-de-la-Noche-de-los-Tambores-2023-Copy.jpg\" alt=\"Juan \u00c1lvarez junto al dise\u00f1o del cartel de la Noche de los Tambores 2023 \" width=\"577\" height=\"385\" srcset=\"https:\/\/mula.es\/web\/wp-content\/uploads\/2022\/12\/Juan-Alvarez-junto-al-diseno-del-cartel-de-la-Noche-de-los-Tambores-2023-Copy-200x134.jpg 200w, https:\/\/mula.es\/web\/wp-content\/uploads\/2022\/12\/Juan-Alvarez-junto-al-diseno-del-cartel-de-la-Noche-de-los-Tambores-2023-Copy-300x200.jpg 300w, https:\/\/mula.es\/web\/wp-content\/uploads\/2022\/12\/Juan-Alvarez-junto-al-diseno-del-cartel-de-la-Noche-de-los-Tambores-2023-Copy-400x267.jpg 400w, https:\/\/mula.es\/web\/wp-content\/uploads\/2022\/12\/Juan-Alvarez-junto-al-diseno-del-cartel-de-la-Noche-de-los-Tambores-2023-Copy-600x401.jpg 600w, https:\/\/mula.es\/web\/wp-content\/uploads\/2022\/12\/Juan-Alvarez-junto-al-diseno-del-cartel-de-la-Noche-de-los-Tambores-2023-Copy-768x513.jpg 768w, https:\/\/mula.es\/web\/wp-content\/uploads\/2022\/12\/Juan-Alvarez-junto-al-diseno-del-cartel-de-la-Noche-de-los-Tambores-2023-Copy-800x534.jpg 800w, https:\/\/mula.es\/web\/wp-content\/uploads\/2022\/12\/Juan-Alvarez-junto-al-diseno-del-cartel-de-la-Noche-de-los-Tambores-2023-Copy-1024x684.jpg 1024w, https:\/\/mula.es\/web\/wp-content\/uploads\/2022\/12\/Juan-Alvarez-junto-al-diseno-del-cartel-de-la-Noche-de-los-Tambores-2023-Copy-1200x801.jpg 1200w, https:\/\/mula.es\/web\/wp-content\/uploads\/2022\/12\/Juan-Alvarez-junto-al-diseno-del-cartel-de-la-Noche-de-los-Tambores-2023-Copy-1536x1025.jpg 1536w, https:\/\/mula.es\/web\/wp-content\/uploads\/2022\/12\/Juan-Alvarez-junto-al-diseno-del-cartel-de-la-Noche-de-los-Tambores-2023-Copy.jpg 1600w\" sizes=\"(max-width: 577px) 100vw, 577px\" \/><\/a><\/p>\n<p><a href=\"https:\/\/mula.es\/web\/wp-content\/uploads\/2022\/12\/CartelNochedelosTambores2023-scaled.jpg\"><img decoding=\"async\" data-attachment-id=\"46911\" data-permalink=\"https:\/\/mula.es\/web\/el-artista-juan-alvarez-realiza-el-cartel-de-la-noche-de-los-tambores-2023\/cartelnochedelostambores2023\/\" data-orig-file=\"https:\/\/mula.es\/web\/wp-content\/uploads\/2022\/12\/CartelNochedelosTambores2023-scaled.jpg\" data-orig-size=\"1829,2560\" data-comments-opened=\"0\" data-image-meta=\"{&quot;aperture&quot;:&quot;0&quot;,&quot;credit&quot;:&quot;&quot;,&quot;camera&quot;:&quot;&quot;,&quot;caption&quot;:&quot;&quot;,&quot;created_timestamp&quot;:&quot;0&quot;,&quot;copyright&quot;:&quot;&quot;,&quot;focal_length&quot;:&quot;0&quot;,&quot;iso&quot;:&quot;0&quot;,&quot;shutter_speed&quot;:&quot;0&quot;,&quot;title&quot;:&quot;&quot;,&quot;orientation&quot;:&quot;1&quot;}\" data-image-title=\"CartelNochedelosTambores2023\" data-image-description=\"\" data-image-caption=\"\" data-large-file=\"https:\/\/mula.es\/web\/wp-content\/uploads\/2022\/12\/CartelNochedelosTambores2023-731x1024.jpg\" class=\"aligncenter wp-image-46911 \" src=\"https:\/\/mula.es\/web\/wp-content\/uploads\/2022\/12\/CartelNochedelosTambores2023-scaled.jpg\" alt=\"\" width=\"475\" height=\"665\" srcset=\"https:\/\/mula.es\/web\/wp-content\/uploads\/2022\/12\/CartelNochedelosTambores2023-200x280.jpg 200w, https:\/\/mula.es\/web\/wp-content\/uploads\/2022\/12\/CartelNochedelosTambores2023-214x300.jpg 214w, https:\/\/mula.es\/web\/wp-content\/uploads\/2022\/12\/CartelNochedelosTambores2023-400x560.jpg 400w, https:\/\/mula.es\/web\/wp-content\/uploads\/2022\/12\/CartelNochedelosTambores2023-600x840.jpg 600w, https:\/\/mula.es\/web\/wp-content\/uploads\/2022\/12\/CartelNochedelosTambores2023-731x1024.jpg 731w, https:\/\/mula.es\/web\/wp-content\/uploads\/2022\/12\/CartelNochedelosTambores2023-768x1075.jpg 768w, https:\/\/mula.es\/web\/wp-content\/uploads\/2022\/12\/CartelNochedelosTambores2023-800x1120.jpg 800w, https:\/\/mula.es\/web\/wp-content\/uploads\/2022\/12\/CartelNochedelosTambores2023-1097x1536.jpg 1097w, https:\/\/mula.es\/web\/wp-content\/uploads\/2022\/12\/CartelNochedelosTambores2023-1200x1680.jpg 1200w, https:\/\/mula.es\/web\/wp-content\/uploads\/2022\/12\/CartelNochedelosTambores2023-1463x2048.jpg 1463w, https:\/\/mula.es\/web\/wp-content\/uploads\/2022\/12\/CartelNochedelosTambores2023-scaled.jpg 1829w\" sizes=\"(max-width: 475px) 100vw, 475px\" \/><\/a><\/p>\n<p>&nbsp;<\/p>\n<p>&nbsp;<\/p>\n<p>&nbsp;<\/p>\n<p>&nbsp;<\/p>\n<p>&nbsp;<\/p>\n","protected":false},"excerpt":{"rendered":"<p>El Ayuntamiento de Mula ha presentado el cartel de la Noche de los Tambores 2023, realizado por el artista mule\u00f1o Juan \u00c1lvarez. La presentaci\u00f3n la han realizado el alcalde de Mula Juan Jes\u00fas Moreno, el concejal de Tambores Pablo Pi\u00f1ero, el artista y autor del cartel Juan \u00c1lvarez y el presidente de la Asociaci\u00f3n de  [&#8230;]<\/p>\n","protected":false},"author":12,"featured_media":46912,"comment_status":"closed","ping_status":"closed","sticky":false,"template":"","format":"standard","meta":{"jetpack_post_was_ever_published":false,"_jetpack_newsletter_access":"","_jetpack_dont_email_post_to_subs":false,"_jetpack_newsletter_tier_id":0,"_jetpack_memberships_contains_paywalled_content":false,"_jetpack_memberships_contains_paid_content":false,"footnotes":"","jetpack_publicize_message":"","jetpack_publicize_feature_enabled":true,"jetpack_social_post_already_shared":false,"jetpack_social_options":{"image_generator_settings":{"template":"highway","default_image_id":0,"font":"","enabled":false},"version":2}},"categories":[123],"tags":[],"class_list":["post-46900","post","type-post","status-publish","format-standard","has-post-thumbnail","hentry","category-tambores"],"yoast_head":"<!-- This site is optimized with the Yoast SEO plugin v27.5 - https:\/\/yoast.com\/product\/yoast-seo-wordpress\/ -->\n<title>El artista Juan \u00c1lvarez realiza el cartel de la Noche de los Tambores 2023 - Ayuntamiento de Mula<\/title>\n<meta name=\"robots\" content=\"index, follow, max-snippet:-1, max-image-preview:large, max-video-preview:-1\" \/>\n<link rel=\"canonical\" href=\"https:\/\/mula.es\/web\/el-artista-juan-alvarez-realiza-el-cartel-de-la-noche-de-los-tambores-2023\/\" \/>\n<meta property=\"og:locale\" content=\"es_ES\" \/>\n<meta property=\"og:type\" content=\"article\" \/>\n<meta property=\"og:title\" content=\"El artista Juan \u00c1lvarez realiza el cartel de la Noche de los Tambores 2023 - Ayuntamiento de Mula\" \/>\n<meta property=\"og:description\" content=\"El Ayuntamiento de Mula ha presentado el cartel de la Noche de los Tambores 2023, realizado por el artista mule\u00f1o Juan \u00c1lvarez. La presentaci\u00f3n la han realizado el alcalde de Mula Juan Jes\u00fas Moreno, el concejal de Tambores Pablo Pi\u00f1ero, el artista y autor del cartel Juan \u00c1lvarez y el presidente de la Asociaci\u00f3n de [...]\" \/>\n<meta property=\"og:url\" content=\"https:\/\/mula.es\/web\/el-artista-juan-alvarez-realiza-el-cartel-de-la-noche-de-los-tambores-2023\/\" \/>\n<meta property=\"og:site_name\" content=\"Ayuntamiento de Mula\" \/>\n<meta property=\"article:published_time\" content=\"2022-12-30T12:23:24+00:00\" \/>\n<meta property=\"article:modified_time\" content=\"2022-12-30T16:43:45+00:00\" \/>\n<meta property=\"og:image\" content=\"https:\/\/mula.es\/web\/wp-content\/uploads\/2022\/12\/Presentacion-Cartel-La-Noche-de-los-Tambores-2023-Copy.jpg\" \/>\n\t<meta property=\"og:image:width\" content=\"1600\" \/>\n\t<meta property=\"og:image:height\" content=\"1067\" \/>\n\t<meta property=\"og:image:type\" content=\"image\/jpeg\" \/>\n<meta name=\"author\" content=\"Mar\u00eda Bel\u00e9n Sumba Bravo\" \/>\n<meta name=\"twitter:card\" content=\"summary_large_image\" \/>\n<meta name=\"twitter:creator\" content=\"@AyuntamientMula\" \/>\n<meta name=\"twitter:site\" content=\"@AyuntamientMula\" \/>\n<meta name=\"twitter:label1\" content=\"Escrito por\" \/>\n\t<meta name=\"twitter:data1\" content=\"Mar\u00eda Bel\u00e9n Sumba Bravo\" \/>\n\t<meta name=\"twitter:label2\" content=\"Tiempo de lectura\" \/>\n\t<meta name=\"twitter:data2\" content=\"2 minutos\" \/>\n<script type=\"application\/ld+json\" class=\"yoast-schema-graph\">{\"@context\":\"https:\\\/\\\/schema.org\",\"@graph\":[{\"@type\":\"Article\",\"@id\":\"https:\\\/\\\/mula.es\\\/web\\\/el-artista-juan-alvarez-realiza-el-cartel-de-la-noche-de-los-tambores-2023\\\/#article\",\"isPartOf\":{\"@id\":\"https:\\\/\\\/mula.es\\\/web\\\/el-artista-juan-alvarez-realiza-el-cartel-de-la-noche-de-los-tambores-2023\\\/\"},\"author\":{\"name\":\"Mar\u00eda Bel\u00e9n Sumba Bravo\",\"@id\":\"https:\\\/\\\/mula.es\\\/web\\\/#\\\/schema\\\/person\\\/4cc33fc69cd667605e1b6247815ac0c0\"},\"headline\":\"El artista Juan \u00c1lvarez realiza el cartel de la Noche de los Tambores 2023\",\"datePublished\":\"2022-12-30T12:23:24+00:00\",\"dateModified\":\"2022-12-30T16:43:45+00:00\",\"mainEntityOfPage\":{\"@id\":\"https:\\\/\\\/mula.es\\\/web\\\/el-artista-juan-alvarez-realiza-el-cartel-de-la-noche-de-los-tambores-2023\\\/\"},\"wordCount\":339,\"image\":{\"@id\":\"https:\\\/\\\/mula.es\\\/web\\\/el-artista-juan-alvarez-realiza-el-cartel-de-la-noche-de-los-tambores-2023\\\/#primaryimage\"},\"thumbnailUrl\":\"https:\\\/\\\/mula.es\\\/web\\\/wp-content\\\/uploads\\\/2022\\\/12\\\/Presentacion-Cartel-La-Noche-de-los-Tambores-2023-Copy.jpg\",\"articleSection\":[\"tambores\"],\"inLanguage\":\"es\"},{\"@type\":\"WebPage\",\"@id\":\"https:\\\/\\\/mula.es\\\/web\\\/el-artista-juan-alvarez-realiza-el-cartel-de-la-noche-de-los-tambores-2023\\\/\",\"url\":\"https:\\\/\\\/mula.es\\\/web\\\/el-artista-juan-alvarez-realiza-el-cartel-de-la-noche-de-los-tambores-2023\\\/\",\"name\":\"El artista Juan \u00c1lvarez realiza el cartel de la Noche de los Tambores 2023 - Ayuntamiento de Mula\",\"isPartOf\":{\"@id\":\"https:\\\/\\\/mula.es\\\/web\\\/#website\"},\"primaryImageOfPage\":{\"@id\":\"https:\\\/\\\/mula.es\\\/web\\\/el-artista-juan-alvarez-realiza-el-cartel-de-la-noche-de-los-tambores-2023\\\/#primaryimage\"},\"image\":{\"@id\":\"https:\\\/\\\/mula.es\\\/web\\\/el-artista-juan-alvarez-realiza-el-cartel-de-la-noche-de-los-tambores-2023\\\/#primaryimage\"},\"thumbnailUrl\":\"https:\\\/\\\/mula.es\\\/web\\\/wp-content\\\/uploads\\\/2022\\\/12\\\/Presentacion-Cartel-La-Noche-de-los-Tambores-2023-Copy.jpg\",\"datePublished\":\"2022-12-30T12:23:24+00:00\",\"dateModified\":\"2022-12-30T16:43:45+00:00\",\"author\":{\"@id\":\"https:\\\/\\\/mula.es\\\/web\\\/#\\\/schema\\\/person\\\/4cc33fc69cd667605e1b6247815ac0c0\"},\"breadcrumb\":{\"@id\":\"https:\\\/\\\/mula.es\\\/web\\\/el-artista-juan-alvarez-realiza-el-cartel-de-la-noche-de-los-tambores-2023\\\/#breadcrumb\"},\"inLanguage\":\"es\",\"potentialAction\":[{\"@type\":\"ReadAction\",\"target\":[\"https:\\\/\\\/mula.es\\\/web\\\/el-artista-juan-alvarez-realiza-el-cartel-de-la-noche-de-los-tambores-2023\\\/\"]}]},{\"@type\":\"ImageObject\",\"inLanguage\":\"es\",\"@id\":\"https:\\\/\\\/mula.es\\\/web\\\/el-artista-juan-alvarez-realiza-el-cartel-de-la-noche-de-los-tambores-2023\\\/#primaryimage\",\"url\":\"https:\\\/\\\/mula.es\\\/web\\\/wp-content\\\/uploads\\\/2022\\\/12\\\/Presentacion-Cartel-La-Noche-de-los-Tambores-2023-Copy.jpg\",\"contentUrl\":\"https:\\\/\\\/mula.es\\\/web\\\/wp-content\\\/uploads\\\/2022\\\/12\\\/Presentacion-Cartel-La-Noche-de-los-Tambores-2023-Copy.jpg\",\"width\":1600,\"height\":1067,\"caption\":\"Presentaci\u00f3n Cartel La Noche de los Tambores 2023\"},{\"@type\":\"BreadcrumbList\",\"@id\":\"https:\\\/\\\/mula.es\\\/web\\\/el-artista-juan-alvarez-realiza-el-cartel-de-la-noche-de-los-tambores-2023\\\/#breadcrumb\",\"itemListElement\":[{\"@type\":\"ListItem\",\"position\":1,\"name\":\"Portada\",\"item\":\"https:\\\/\\\/mula.es\\\/web\\\/\"},{\"@type\":\"ListItem\",\"position\":2,\"name\":\"El artista Juan \u00c1lvarez realiza el cartel de la Noche de los Tambores 2023\"}]},{\"@type\":\"WebSite\",\"@id\":\"https:\\\/\\\/mula.es\\\/web\\\/#website\",\"url\":\"https:\\\/\\\/mula.es\\\/web\\\/\",\"name\":\"Ayuntamiento de Mula\",\"description\":\"P\u00e1gina web del Ayuntamiento de Mula (Regi\u00f3n de Murcia)\",\"potentialAction\":[{\"@type\":\"SearchAction\",\"target\":{\"@type\":\"EntryPoint\",\"urlTemplate\":\"https:\\\/\\\/mula.es\\\/web\\\/?s={search_term_string}\"},\"query-input\":{\"@type\":\"PropertyValueSpecification\",\"valueRequired\":true,\"valueName\":\"search_term_string\"}}],\"inLanguage\":\"es\"},{\"@type\":\"Person\",\"@id\":\"https:\\\/\\\/mula.es\\\/web\\\/#\\\/schema\\\/person\\\/4cc33fc69cd667605e1b6247815ac0c0\",\"name\":\"Mar\u00eda Bel\u00e9n Sumba Bravo\",\"image\":{\"@type\":\"ImageObject\",\"inLanguage\":\"es\",\"@id\":\"https:\\\/\\\/secure.gravatar.com\\\/avatar\\\/8f65af12a8d72e866f97bba50325bdf89a5362533b6f2c9db8c88130883986b1?s=96&d=mm&r=g\",\"url\":\"https:\\\/\\\/secure.gravatar.com\\\/avatar\\\/8f65af12a8d72e866f97bba50325bdf89a5362533b6f2c9db8c88130883986b1?s=96&d=mm&r=g\",\"contentUrl\":\"https:\\\/\\\/secure.gravatar.com\\\/avatar\\\/8f65af12a8d72e866f97bba50325bdf89a5362533b6f2c9db8c88130883986b1?s=96&d=mm&r=g\",\"caption\":\"Mar\u00eda Bel\u00e9n Sumba Bravo\"},\"url\":\"https:\\\/\\\/mula.es\\\/web\\\/author\\\/mbsumba\\\/\"}]}<\/script>\n<!-- \/ Yoast SEO plugin. -->","yoast_head_json":{"title":"El artista Juan \u00c1lvarez realiza el cartel de la Noche de los Tambores 2023 - Ayuntamiento de Mula","robots":{"index":"index","follow":"follow","max-snippet":"max-snippet:-1","max-image-preview":"max-image-preview:large","max-video-preview":"max-video-preview:-1"},"canonical":"https:\/\/mula.es\/web\/el-artista-juan-alvarez-realiza-el-cartel-de-la-noche-de-los-tambores-2023\/","og_locale":"es_ES","og_type":"article","og_title":"El artista Juan \u00c1lvarez realiza el cartel de la Noche de los Tambores 2023 - Ayuntamiento de Mula","og_description":"El Ayuntamiento de Mula ha presentado el cartel de la Noche de los Tambores 2023, realizado por el artista mule\u00f1o Juan \u00c1lvarez. La presentaci\u00f3n la han realizado el alcalde de Mula Juan Jes\u00fas Moreno, el concejal de Tambores Pablo Pi\u00f1ero, el artista y autor del cartel Juan \u00c1lvarez y el presidente de la Asociaci\u00f3n de [...]","og_url":"https:\/\/mula.es\/web\/el-artista-juan-alvarez-realiza-el-cartel-de-la-noche-de-los-tambores-2023\/","og_site_name":"Ayuntamiento de Mula","article_published_time":"2022-12-30T12:23:24+00:00","article_modified_time":"2022-12-30T16:43:45+00:00","og_image":[{"width":1600,"height":1067,"url":"https:\/\/mula.es\/web\/wp-content\/uploads\/2022\/12\/Presentacion-Cartel-La-Noche-de-los-Tambores-2023-Copy.jpg","type":"image\/jpeg"}],"author":"Mar\u00eda Bel\u00e9n Sumba Bravo","twitter_card":"summary_large_image","twitter_creator":"@AyuntamientMula","twitter_site":"@AyuntamientMula","twitter_misc":{"Escrito por":"Mar\u00eda Bel\u00e9n Sumba Bravo","Tiempo de lectura":"2 minutos"},"schema":{"@context":"https:\/\/schema.org","@graph":[{"@type":"Article","@id":"https:\/\/mula.es\/web\/el-artista-juan-alvarez-realiza-el-cartel-de-la-noche-de-los-tambores-2023\/#article","isPartOf":{"@id":"https:\/\/mula.es\/web\/el-artista-juan-alvarez-realiza-el-cartel-de-la-noche-de-los-tambores-2023\/"},"author":{"name":"Mar\u00eda Bel\u00e9n Sumba Bravo","@id":"https:\/\/mula.es\/web\/#\/schema\/person\/4cc33fc69cd667605e1b6247815ac0c0"},"headline":"El artista Juan \u00c1lvarez realiza el cartel de la Noche de los Tambores 2023","datePublished":"2022-12-30T12:23:24+00:00","dateModified":"2022-12-30T16:43:45+00:00","mainEntityOfPage":{"@id":"https:\/\/mula.es\/web\/el-artista-juan-alvarez-realiza-el-cartel-de-la-noche-de-los-tambores-2023\/"},"wordCount":339,"image":{"@id":"https:\/\/mula.es\/web\/el-artista-juan-alvarez-realiza-el-cartel-de-la-noche-de-los-tambores-2023\/#primaryimage"},"thumbnailUrl":"https:\/\/mula.es\/web\/wp-content\/uploads\/2022\/12\/Presentacion-Cartel-La-Noche-de-los-Tambores-2023-Copy.jpg","articleSection":["tambores"],"inLanguage":"es"},{"@type":"WebPage","@id":"https:\/\/mula.es\/web\/el-artista-juan-alvarez-realiza-el-cartel-de-la-noche-de-los-tambores-2023\/","url":"https:\/\/mula.es\/web\/el-artista-juan-alvarez-realiza-el-cartel-de-la-noche-de-los-tambores-2023\/","name":"El artista Juan \u00c1lvarez realiza el cartel de la Noche de los Tambores 2023 - Ayuntamiento de Mula","isPartOf":{"@id":"https:\/\/mula.es\/web\/#website"},"primaryImageOfPage":{"@id":"https:\/\/mula.es\/web\/el-artista-juan-alvarez-realiza-el-cartel-de-la-noche-de-los-tambores-2023\/#primaryimage"},"image":{"@id":"https:\/\/mula.es\/web\/el-artista-juan-alvarez-realiza-el-cartel-de-la-noche-de-los-tambores-2023\/#primaryimage"},"thumbnailUrl":"https:\/\/mula.es\/web\/wp-content\/uploads\/2022\/12\/Presentacion-Cartel-La-Noche-de-los-Tambores-2023-Copy.jpg","datePublished":"2022-12-30T12:23:24+00:00","dateModified":"2022-12-30T16:43:45+00:00","author":{"@id":"https:\/\/mula.es\/web\/#\/schema\/person\/4cc33fc69cd667605e1b6247815ac0c0"},"breadcrumb":{"@id":"https:\/\/mula.es\/web\/el-artista-juan-alvarez-realiza-el-cartel-de-la-noche-de-los-tambores-2023\/#breadcrumb"},"inLanguage":"es","potentialAction":[{"@type":"ReadAction","target":["https:\/\/mula.es\/web\/el-artista-juan-alvarez-realiza-el-cartel-de-la-noche-de-los-tambores-2023\/"]}]},{"@type":"ImageObject","inLanguage":"es","@id":"https:\/\/mula.es\/web\/el-artista-juan-alvarez-realiza-el-cartel-de-la-noche-de-los-tambores-2023\/#primaryimage","url":"https:\/\/mula.es\/web\/wp-content\/uploads\/2022\/12\/Presentacion-Cartel-La-Noche-de-los-Tambores-2023-Copy.jpg","contentUrl":"https:\/\/mula.es\/web\/wp-content\/uploads\/2022\/12\/Presentacion-Cartel-La-Noche-de-los-Tambores-2023-Copy.jpg","width":1600,"height":1067,"caption":"Presentaci\u00f3n Cartel La Noche de los Tambores 2023"},{"@type":"BreadcrumbList","@id":"https:\/\/mula.es\/web\/el-artista-juan-alvarez-realiza-el-cartel-de-la-noche-de-los-tambores-2023\/#breadcrumb","itemListElement":[{"@type":"ListItem","position":1,"name":"Portada","item":"https:\/\/mula.es\/web\/"},{"@type":"ListItem","position":2,"name":"El artista Juan \u00c1lvarez realiza el cartel de la Noche de los Tambores 2023"}]},{"@type":"WebSite","@id":"https:\/\/mula.es\/web\/#website","url":"https:\/\/mula.es\/web\/","name":"Ayuntamiento de Mula","description":"P\u00e1gina web del Ayuntamiento de Mula (Regi\u00f3n de Murcia)","potentialAction":[{"@type":"SearchAction","target":{"@type":"EntryPoint","urlTemplate":"https:\/\/mula.es\/web\/?s={search_term_string}"},"query-input":{"@type":"PropertyValueSpecification","valueRequired":true,"valueName":"search_term_string"}}],"inLanguage":"es"},{"@type":"Person","@id":"https:\/\/mula.es\/web\/#\/schema\/person\/4cc33fc69cd667605e1b6247815ac0c0","name":"Mar\u00eda Bel\u00e9n Sumba Bravo","image":{"@type":"ImageObject","inLanguage":"es","@id":"https:\/\/secure.gravatar.com\/avatar\/8f65af12a8d72e866f97bba50325bdf89a5362533b6f2c9db8c88130883986b1?s=96&d=mm&r=g","url":"https:\/\/secure.gravatar.com\/avatar\/8f65af12a8d72e866f97bba50325bdf89a5362533b6f2c9db8c88130883986b1?s=96&d=mm&r=g","contentUrl":"https:\/\/secure.gravatar.com\/avatar\/8f65af12a8d72e866f97bba50325bdf89a5362533b6f2c9db8c88130883986b1?s=96&d=mm&r=g","caption":"Mar\u00eda Bel\u00e9n Sumba Bravo"},"url":"https:\/\/mula.es\/web\/author\/mbsumba\/"}]}},"jetpack_publicize_connections":[],"jetpack_featured_media_url":"https:\/\/mula.es\/web\/wp-content\/uploads\/2022\/12\/Presentacion-Cartel-La-Noche-de-los-Tambores-2023-Copy.jpg","jetpack_sharing_enabled":true,"jetpack_shortlink":"https:\/\/wp.me\/pa9DMY-ccs","jetpack-related-posts":[],"_links":{"self":[{"href":"https:\/\/mula.es\/web\/wp-json\/wp\/v2\/posts\/46900","targetHints":{"allow":["GET"]}}],"collection":[{"href":"https:\/\/mula.es\/web\/wp-json\/wp\/v2\/posts"}],"about":[{"href":"https:\/\/mula.es\/web\/wp-json\/wp\/v2\/types\/post"}],"author":[{"embeddable":true,"href":"https:\/\/mula.es\/web\/wp-json\/wp\/v2\/users\/12"}],"replies":[{"embeddable":true,"href":"https:\/\/mula.es\/web\/wp-json\/wp\/v2\/comments?post=46900"}],"version-history":[{"count":5,"href":"https:\/\/mula.es\/web\/wp-json\/wp\/v2\/posts\/46900\/revisions"}],"predecessor-version":[{"id":46930,"href":"https:\/\/mula.es\/web\/wp-json\/wp\/v2\/posts\/46900\/revisions\/46930"}],"wp:featuredmedia":[{"embeddable":true,"href":"https:\/\/mula.es\/web\/wp-json\/wp\/v2\/media\/46912"}],"wp:attachment":[{"href":"https:\/\/mula.es\/web\/wp-json\/wp\/v2\/media?parent=46900"}],"wp:term":[{"taxonomy":"category","embeddable":true,"href":"https:\/\/mula.es\/web\/wp-json\/wp\/v2\/categories?post=46900"},{"taxonomy":"post_tag","embeddable":true,"href":"https:\/\/mula.es\/web\/wp-json\/wp\/v2\/tags?post=46900"}],"curies":[{"name":"wp","href":"https:\/\/api.w.org\/{rel}","templated":true}]}}