{"id":46978,"date":"2023-01-11T12:22:18","date_gmt":"2023-01-11T11:22:18","guid":{"rendered":"https:\/\/mula.es\/web\/?p=46978"},"modified":"2023-01-11T12:27:43","modified_gmt":"2023-01-11T11:27:43","slug":"el-alcalde-de-mula-acude-a-la-manifestacion-de-regantes-en-madrid","status":"publish","type":"post","link":"https:\/\/mula.es\/web\/el-alcalde-de-mula-acude-a-la-manifestacion-de-regantes-en-madrid\/","title":{"rendered":"El alcalde de Mula acude a la manifestaci\u00f3n de regantes en Madrid"},"content":{"rendered":"<p style=\"text-align: justify;\"><strong>El alcalde de Mula Juan Jes\u00fas Moreno Garc\u00eda, acompa\u00f1ado por miembros del equipo de Gobierno, ha acudido a la manifestaci\u00f3n convocada por los regantes en Madrid.\u00a0<\/strong><\/p>\n<p style=\"text-align: justify;\">\u201cSiempre hemos apoyado y apoyaremos a nuestros regantes\u201d, ha se\u00f1alado el alcalde de Mula, quien ha acompa\u00f1ado durante la concentraci\u00f3n a los trabajadores agr\u00edcolas de la Regi\u00f3n de Murcia. Asimismo, el primer edil ha manifestado que <strong>\u201cMula es una ciudad donde la agricultura tiene un papel primordial y siempre estaremos de su lado\u201d<\/strong>.<\/p>\n<p style=\"text-align: justify;\"><strong>\u201cNo acudo en contra de nadie en particular, sino al lado de las demandas de los trabajadores para llegar a un consenso y defender el acuerdo alcanzado con el Ministerio y aprobado por el Consejo Nacional del Agua\u201d<\/strong>, ha resaltado Juan Jes\u00fas Moreno, quien adem\u00e1s ha se\u00f1alado que \u00abtenemos el convencimiento de que ese acuerdo beneficia a todas las partes y es la soluci\u00f3n para garantizar a los regantes el agua que necesitan\u00bb.<\/p>\n<p style=\"text-align: justify;\">Moreno tambi\u00e9n ha afirmado que reclamar\u00e1 \u201cdelante de quien haga falta\u201d, los intereses de los trabajadores del campo. Y, en este sentido, ha afirmado que <strong>\u201cdesde el Ayuntamiento de Mula siempre hemos trabajado en conjunto con los regantes y agricultores para brindarle lo mejor a nuestra bella ciudad y su gente. Y as\u00ed es como seguiremos trabajando\u201d<\/strong>.<\/p>\n","protected":false},"excerpt":{"rendered":"<p>El alcalde de Mula Juan Jes\u00fas Moreno Garc\u00eda, acompa\u00f1ado por miembros del equipo de Gobierno, ha acudido a la manifestaci\u00f3n convocada por los regantes en Madrid.\u00a0 \u201cSiempre hemos apoyado y apoyaremos a nuestros regantes\u201d, ha se\u00f1alado el alcalde de Mula, quien ha acompa\u00f1ado durante la concentraci\u00f3n a los trabajadores agr\u00edcolas de la Regi\u00f3n de Murcia.  [&#8230;]<\/p>\n","protected":false},"author":12,"featured_media":46980,"comment_status":"closed","ping_status":"closed","sticky":false,"template":"","format":"standard","meta":{"jetpack_post_was_ever_published":false,"_jetpack_newsletter_access":"","_jetpack_dont_email_post_to_subs":false,"_jetpack_newsletter_tier_id":0,"_jetpack_memberships_contains_paywalled_content":false,"_jetpack_memberships_contains_paid_content":false,"footnotes":"","jetpack_publicize_message":"","jetpack_publicize_feature_enabled":true,"jetpack_social_post_already_shared":false,"jetpack_social_options":{"image_generator_settings":{"template":"highway","default_image_id":0,"font":"","enabled":false},"version":2}},"categories":[134,441,127],"tags":[],"class_list":["post-46978","post","type-post","status-publish","format-standard","has-post-thumbnail","hentry","category-agricultura","category-agua","category-alcalde"],"yoast_head":"<!-- This site is optimized with the Yoast SEO plugin v27.5 - https:\/\/yoast.com\/product\/yoast-seo-wordpress\/ -->\n<title>El alcalde de Mula acude a la manifestaci\u00f3n de regantes en Madrid - Ayuntamiento de Mula<\/title>\n<meta name=\"robots\" content=\"index, follow, max-snippet:-1, max-image-preview:large, max-video-preview:-1\" \/>\n<link rel=\"canonical\" href=\"https:\/\/mula.es\/web\/el-alcalde-de-mula-acude-a-la-manifestacion-de-regantes-en-madrid\/\" \/>\n<meta property=\"og:locale\" content=\"es_ES\" \/>\n<meta property=\"og:type\" content=\"article\" \/>\n<meta property=\"og:title\" content=\"El alcalde de Mula acude a la manifestaci\u00f3n de regantes en Madrid - Ayuntamiento de Mula\" \/>\n<meta property=\"og:description\" content=\"El alcalde de Mula Juan Jes\u00fas Moreno Garc\u00eda, acompa\u00f1ado por miembros del equipo de Gobierno, ha acudido a la manifestaci\u00f3n convocada por los regantes en Madrid.\u00a0 \u201cSiempre hemos apoyado y apoyaremos a nuestros regantes\u201d, ha se\u00f1alado el alcalde de Mula, quien ha acompa\u00f1ado durante la concentraci\u00f3n a los trabajadores agr\u00edcolas de la Regi\u00f3n de Murcia. [...]\" \/>\n<meta property=\"og:url\" content=\"https:\/\/mula.es\/web\/el-alcalde-de-mula-acude-a-la-manifestacion-de-regantes-en-madrid\/\" \/>\n<meta property=\"og:site_name\" content=\"Ayuntamiento de Mula\" \/>\n<meta property=\"article:published_time\" content=\"2023-01-11T11:22:18+00:00\" \/>\n<meta property=\"article:modified_time\" content=\"2023-01-11T11:27:43+00:00\" \/>\n<meta property=\"og:image\" content=\"https:\/\/mula.es\/web\/wp-content\/uploads\/2023\/01\/El-alcalde-de-Mula-y-miembros-del-equipo-de-Gobierno-en-la-manifestacion-de-regantes-en-Madrid.-1024x768.jpeg\" \/>\n\t<meta property=\"og:image:width\" content=\"1024\" \/>\n\t<meta property=\"og:image:height\" content=\"768\" \/>\n\t<meta property=\"og:image:type\" content=\"image\/jpeg\" \/>\n<meta name=\"author\" content=\"Mar\u00eda Bel\u00e9n Sumba Bravo\" \/>\n<meta name=\"twitter:card\" content=\"summary_large_image\" \/>\n<meta name=\"twitter:creator\" content=\"@AyuntamientMula\" \/>\n<meta name=\"twitter:site\" content=\"@AyuntamientMula\" \/>\n<meta name=\"twitter:label1\" content=\"Escrito por\" \/>\n\t<meta name=\"twitter:data1\" content=\"Mar\u00eda Bel\u00e9n Sumba Bravo\" \/>\n\t<meta name=\"twitter:label2\" content=\"Tiempo de lectura\" \/>\n\t<meta name=\"twitter:data2\" content=\"1 minuto\" \/>\n<script type=\"application\/ld+json\" class=\"yoast-schema-graph\">{\"@context\":\"https:\\\/\\\/schema.org\",\"@graph\":[{\"@type\":\"Article\",\"@id\":\"https:\\\/\\\/mula.es\\\/web\\\/el-alcalde-de-mula-acude-a-la-manifestacion-de-regantes-en-madrid\\\/#article\",\"isPartOf\":{\"@id\":\"https:\\\/\\\/mula.es\\\/web\\\/el-alcalde-de-mula-acude-a-la-manifestacion-de-regantes-en-madrid\\\/\"},\"author\":{\"name\":\"Mar\u00eda Bel\u00e9n Sumba Bravo\",\"@id\":\"https:\\\/\\\/mula.es\\\/web\\\/#\\\/schema\\\/person\\\/4cc33fc69cd667605e1b6247815ac0c0\"},\"headline\":\"El alcalde de Mula acude a la manifestaci\u00f3n de regantes en Madrid\",\"datePublished\":\"2023-01-11T11:22:18+00:00\",\"dateModified\":\"2023-01-11T11:27:43+00:00\",\"mainEntityOfPage\":{\"@id\":\"https:\\\/\\\/mula.es\\\/web\\\/el-alcalde-de-mula-acude-a-la-manifestacion-de-regantes-en-madrid\\\/\"},\"wordCount\":236,\"image\":{\"@id\":\"https:\\\/\\\/mula.es\\\/web\\\/el-alcalde-de-mula-acude-a-la-manifestacion-de-regantes-en-madrid\\\/#primaryimage\"},\"thumbnailUrl\":\"https:\\\/\\\/mula.es\\\/web\\\/wp-content\\\/uploads\\\/2023\\\/01\\\/El-alcalde-de-Mula-y-miembros-del-equipo-de-Gobierno-en-la-manifestacion-de-regantes-en-Madrid..jpeg\",\"articleSection\":[\"agricultura\",\"agua\",\"alcalde\"],\"inLanguage\":\"es\"},{\"@type\":\"WebPage\",\"@id\":\"https:\\\/\\\/mula.es\\\/web\\\/el-alcalde-de-mula-acude-a-la-manifestacion-de-regantes-en-madrid\\\/\",\"url\":\"https:\\\/\\\/mula.es\\\/web\\\/el-alcalde-de-mula-acude-a-la-manifestacion-de-regantes-en-madrid\\\/\",\"name\":\"El alcalde de Mula acude a la manifestaci\u00f3n de regantes en Madrid - Ayuntamiento de Mula\",\"isPartOf\":{\"@id\":\"https:\\\/\\\/mula.es\\\/web\\\/#website\"},\"primaryImageOfPage\":{\"@id\":\"https:\\\/\\\/mula.es\\\/web\\\/el-alcalde-de-mula-acude-a-la-manifestacion-de-regantes-en-madrid\\\/#primaryimage\"},\"image\":{\"@id\":\"https:\\\/\\\/mula.es\\\/web\\\/el-alcalde-de-mula-acude-a-la-manifestacion-de-regantes-en-madrid\\\/#primaryimage\"},\"thumbnailUrl\":\"https:\\\/\\\/mula.es\\\/web\\\/wp-content\\\/uploads\\\/2023\\\/01\\\/El-alcalde-de-Mula-y-miembros-del-equipo-de-Gobierno-en-la-manifestacion-de-regantes-en-Madrid..jpeg\",\"datePublished\":\"2023-01-11T11:22:18+00:00\",\"dateModified\":\"2023-01-11T11:27:43+00:00\",\"author\":{\"@id\":\"https:\\\/\\\/mula.es\\\/web\\\/#\\\/schema\\\/person\\\/4cc33fc69cd667605e1b6247815ac0c0\"},\"breadcrumb\":{\"@id\":\"https:\\\/\\\/mula.es\\\/web\\\/el-alcalde-de-mula-acude-a-la-manifestacion-de-regantes-en-madrid\\\/#breadcrumb\"},\"inLanguage\":\"es\",\"potentialAction\":[{\"@type\":\"ReadAction\",\"target\":[\"https:\\\/\\\/mula.es\\\/web\\\/el-alcalde-de-mula-acude-a-la-manifestacion-de-regantes-en-madrid\\\/\"]}]},{\"@type\":\"ImageObject\",\"inLanguage\":\"es\",\"@id\":\"https:\\\/\\\/mula.es\\\/web\\\/el-alcalde-de-mula-acude-a-la-manifestacion-de-regantes-en-madrid\\\/#primaryimage\",\"url\":\"https:\\\/\\\/mula.es\\\/web\\\/wp-content\\\/uploads\\\/2023\\\/01\\\/El-alcalde-de-Mula-y-miembros-del-equipo-de-Gobierno-en-la-manifestacion-de-regantes-en-Madrid..jpeg\",\"contentUrl\":\"https:\\\/\\\/mula.es\\\/web\\\/wp-content\\\/uploads\\\/2023\\\/01\\\/El-alcalde-de-Mula-y-miembros-del-equipo-de-Gobierno-en-la-manifestacion-de-regantes-en-Madrid..jpeg\",\"width\":2048,\"height\":1536,\"caption\":\"El alcalde de Mula y miembros del equipo de Gobierno en la manifestaci\u00f3n de regantes en Madrid.\"},{\"@type\":\"BreadcrumbList\",\"@id\":\"https:\\\/\\\/mula.es\\\/web\\\/el-alcalde-de-mula-acude-a-la-manifestacion-de-regantes-en-madrid\\\/#breadcrumb\",\"itemListElement\":[{\"@type\":\"ListItem\",\"position\":1,\"name\":\"Portada\",\"item\":\"https:\\\/\\\/mula.es\\\/web\\\/\"},{\"@type\":\"ListItem\",\"position\":2,\"name\":\"El alcalde de Mula acude a la manifestaci\u00f3n de regantes en Madrid\"}]},{\"@type\":\"WebSite\",\"@id\":\"https:\\\/\\\/mula.es\\\/web\\\/#website\",\"url\":\"https:\\\/\\\/mula.es\\\/web\\\/\",\"name\":\"Ayuntamiento de Mula\",\"description\":\"P\u00e1gina web del Ayuntamiento de Mula (Regi\u00f3n de Murcia)\",\"potentialAction\":[{\"@type\":\"SearchAction\",\"target\":{\"@type\":\"EntryPoint\",\"urlTemplate\":\"https:\\\/\\\/mula.es\\\/web\\\/?s={search_term_string}\"},\"query-input\":{\"@type\":\"PropertyValueSpecification\",\"valueRequired\":true,\"valueName\":\"search_term_string\"}}],\"inLanguage\":\"es\"},{\"@type\":\"Person\",\"@id\":\"https:\\\/\\\/mula.es\\\/web\\\/#\\\/schema\\\/person\\\/4cc33fc69cd667605e1b6247815ac0c0\",\"name\":\"Mar\u00eda Bel\u00e9n Sumba Bravo\",\"image\":{\"@type\":\"ImageObject\",\"inLanguage\":\"es\",\"@id\":\"https:\\\/\\\/secure.gravatar.com\\\/avatar\\\/8f65af12a8d72e866f97bba50325bdf89a5362533b6f2c9db8c88130883986b1?s=96&d=mm&r=g\",\"url\":\"https:\\\/\\\/secure.gravatar.com\\\/avatar\\\/8f65af12a8d72e866f97bba50325bdf89a5362533b6f2c9db8c88130883986b1?s=96&d=mm&r=g\",\"contentUrl\":\"https:\\\/\\\/secure.gravatar.com\\\/avatar\\\/8f65af12a8d72e866f97bba50325bdf89a5362533b6f2c9db8c88130883986b1?s=96&d=mm&r=g\",\"caption\":\"Mar\u00eda Bel\u00e9n Sumba Bravo\"},\"url\":\"https:\\\/\\\/mula.es\\\/web\\\/author\\\/mbsumba\\\/\"}]}<\/script>\n<!-- \/ Yoast SEO plugin. -->","yoast_head_json":{"title":"El alcalde de Mula acude a la manifestaci\u00f3n de regantes en Madrid - Ayuntamiento de Mula","robots":{"index":"index","follow":"follow","max-snippet":"max-snippet:-1","max-image-preview":"max-image-preview:large","max-video-preview":"max-video-preview:-1"},"canonical":"https:\/\/mula.es\/web\/el-alcalde-de-mula-acude-a-la-manifestacion-de-regantes-en-madrid\/","og_locale":"es_ES","og_type":"article","og_title":"El alcalde de Mula acude a la manifestaci\u00f3n de regantes en Madrid - Ayuntamiento de Mula","og_description":"El alcalde de Mula Juan Jes\u00fas Moreno Garc\u00eda, acompa\u00f1ado por miembros del equipo de Gobierno, ha acudido a la manifestaci\u00f3n convocada por los regantes en Madrid.\u00a0 \u201cSiempre hemos apoyado y apoyaremos a nuestros regantes\u201d, ha se\u00f1alado el alcalde de Mula, quien ha acompa\u00f1ado durante la concentraci\u00f3n a los trabajadores agr\u00edcolas de la Regi\u00f3n de Murcia. [...]","og_url":"https:\/\/mula.es\/web\/el-alcalde-de-mula-acude-a-la-manifestacion-de-regantes-en-madrid\/","og_site_name":"Ayuntamiento de Mula","article_published_time":"2023-01-11T11:22:18+00:00","article_modified_time":"2023-01-11T11:27:43+00:00","og_image":[{"width":1024,"height":768,"url":"https:\/\/mula.es\/web\/wp-content\/uploads\/2023\/01\/El-alcalde-de-Mula-y-miembros-del-equipo-de-Gobierno-en-la-manifestacion-de-regantes-en-Madrid.-1024x768.jpeg","type":"image\/jpeg"}],"author":"Mar\u00eda Bel\u00e9n Sumba Bravo","twitter_card":"summary_large_image","twitter_creator":"@AyuntamientMula","twitter_site":"@AyuntamientMula","twitter_misc":{"Escrito por":"Mar\u00eda Bel\u00e9n Sumba Bravo","Tiempo de lectura":"1 minuto"},"schema":{"@context":"https:\/\/schema.org","@graph":[{"@type":"Article","@id":"https:\/\/mula.es\/web\/el-alcalde-de-mula-acude-a-la-manifestacion-de-regantes-en-madrid\/#article","isPartOf":{"@id":"https:\/\/mula.es\/web\/el-alcalde-de-mula-acude-a-la-manifestacion-de-regantes-en-madrid\/"},"author":{"name":"Mar\u00eda Bel\u00e9n Sumba Bravo","@id":"https:\/\/mula.es\/web\/#\/schema\/person\/4cc33fc69cd667605e1b6247815ac0c0"},"headline":"El alcalde de Mula acude a la manifestaci\u00f3n de regantes en Madrid","datePublished":"2023-01-11T11:22:18+00:00","dateModified":"2023-01-11T11:27:43+00:00","mainEntityOfPage":{"@id":"https:\/\/mula.es\/web\/el-alcalde-de-mula-acude-a-la-manifestacion-de-regantes-en-madrid\/"},"wordCount":236,"image":{"@id":"https:\/\/mula.es\/web\/el-alcalde-de-mula-acude-a-la-manifestacion-de-regantes-en-madrid\/#primaryimage"},"thumbnailUrl":"https:\/\/mula.es\/web\/wp-content\/uploads\/2023\/01\/El-alcalde-de-Mula-y-miembros-del-equipo-de-Gobierno-en-la-manifestacion-de-regantes-en-Madrid..jpeg","articleSection":["agricultura","agua","alcalde"],"inLanguage":"es"},{"@type":"WebPage","@id":"https:\/\/mula.es\/web\/el-alcalde-de-mula-acude-a-la-manifestacion-de-regantes-en-madrid\/","url":"https:\/\/mula.es\/web\/el-alcalde-de-mula-acude-a-la-manifestacion-de-regantes-en-madrid\/","name":"El alcalde de Mula acude a la manifestaci\u00f3n de regantes en Madrid - Ayuntamiento de Mula","isPartOf":{"@id":"https:\/\/mula.es\/web\/#website"},"primaryImageOfPage":{"@id":"https:\/\/mula.es\/web\/el-alcalde-de-mula-acude-a-la-manifestacion-de-regantes-en-madrid\/#primaryimage"},"image":{"@id":"https:\/\/mula.es\/web\/el-alcalde-de-mula-acude-a-la-manifestacion-de-regantes-en-madrid\/#primaryimage"},"thumbnailUrl":"https:\/\/mula.es\/web\/wp-content\/uploads\/2023\/01\/El-alcalde-de-Mula-y-miembros-del-equipo-de-Gobierno-en-la-manifestacion-de-regantes-en-Madrid..jpeg","datePublished":"2023-01-11T11:22:18+00:00","dateModified":"2023-01-11T11:27:43+00:00","author":{"@id":"https:\/\/mula.es\/web\/#\/schema\/person\/4cc33fc69cd667605e1b6247815ac0c0"},"breadcrumb":{"@id":"https:\/\/mula.es\/web\/el-alcalde-de-mula-acude-a-la-manifestacion-de-regantes-en-madrid\/#breadcrumb"},"inLanguage":"es","potentialAction":[{"@type":"ReadAction","target":["https:\/\/mula.es\/web\/el-alcalde-de-mula-acude-a-la-manifestacion-de-regantes-en-madrid\/"]}]},{"@type":"ImageObject","inLanguage":"es","@id":"https:\/\/mula.es\/web\/el-alcalde-de-mula-acude-a-la-manifestacion-de-regantes-en-madrid\/#primaryimage","url":"https:\/\/mula.es\/web\/wp-content\/uploads\/2023\/01\/El-alcalde-de-Mula-y-miembros-del-equipo-de-Gobierno-en-la-manifestacion-de-regantes-en-Madrid..jpeg","contentUrl":"https:\/\/mula.es\/web\/wp-content\/uploads\/2023\/01\/El-alcalde-de-Mula-y-miembros-del-equipo-de-Gobierno-en-la-manifestacion-de-regantes-en-Madrid..jpeg","width":2048,"height":1536,"caption":"El alcalde de Mula y miembros del equipo de Gobierno en la manifestaci\u00f3n de regantes en Madrid."},{"@type":"BreadcrumbList","@id":"https:\/\/mula.es\/web\/el-alcalde-de-mula-acude-a-la-manifestacion-de-regantes-en-madrid\/#breadcrumb","itemListElement":[{"@type":"ListItem","position":1,"name":"Portada","item":"https:\/\/mula.es\/web\/"},{"@type":"ListItem","position":2,"name":"El alcalde de Mula acude a la manifestaci\u00f3n de regantes en Madrid"}]},{"@type":"WebSite","@id":"https:\/\/mula.es\/web\/#website","url":"https:\/\/mula.es\/web\/","name":"Ayuntamiento de Mula","description":"P\u00e1gina web del Ayuntamiento de Mula (Regi\u00f3n de Murcia)","potentialAction":[{"@type":"SearchAction","target":{"@type":"EntryPoint","urlTemplate":"https:\/\/mula.es\/web\/?s={search_term_string}"},"query-input":{"@type":"PropertyValueSpecification","valueRequired":true,"valueName":"search_term_string"}}],"inLanguage":"es"},{"@type":"Person","@id":"https:\/\/mula.es\/web\/#\/schema\/person\/4cc33fc69cd667605e1b6247815ac0c0","name":"Mar\u00eda Bel\u00e9n Sumba Bravo","image":{"@type":"ImageObject","inLanguage":"es","@id":"https:\/\/secure.gravatar.com\/avatar\/8f65af12a8d72e866f97bba50325bdf89a5362533b6f2c9db8c88130883986b1?s=96&d=mm&r=g","url":"https:\/\/secure.gravatar.com\/avatar\/8f65af12a8d72e866f97bba50325bdf89a5362533b6f2c9db8c88130883986b1?s=96&d=mm&r=g","contentUrl":"https:\/\/secure.gravatar.com\/avatar\/8f65af12a8d72e866f97bba50325bdf89a5362533b6f2c9db8c88130883986b1?s=96&d=mm&r=g","caption":"Mar\u00eda Bel\u00e9n Sumba Bravo"},"url":"https:\/\/mula.es\/web\/author\/mbsumba\/"}]}},"jetpack_publicize_connections":[],"jetpack_featured_media_url":"https:\/\/mula.es\/web\/wp-content\/uploads\/2023\/01\/El-alcalde-de-Mula-y-miembros-del-equipo-de-Gobierno-en-la-manifestacion-de-regantes-en-Madrid..jpeg","jetpack_sharing_enabled":true,"jetpack_shortlink":"https:\/\/wp.me\/pa9DMY-cdI","jetpack-related-posts":[],"_links":{"self":[{"href":"https:\/\/mula.es\/web\/wp-json\/wp\/v2\/posts\/46978","targetHints":{"allow":["GET"]}}],"collection":[{"href":"https:\/\/mula.es\/web\/wp-json\/wp\/v2\/posts"}],"about":[{"href":"https:\/\/mula.es\/web\/wp-json\/wp\/v2\/types\/post"}],"author":[{"embeddable":true,"href":"https:\/\/mula.es\/web\/wp-json\/wp\/v2\/users\/12"}],"replies":[{"embeddable":true,"href":"https:\/\/mula.es\/web\/wp-json\/wp\/v2\/comments?post=46978"}],"version-history":[{"count":4,"href":"https:\/\/mula.es\/web\/wp-json\/wp\/v2\/posts\/46978\/revisions"}],"predecessor-version":[{"id":46983,"href":"https:\/\/mula.es\/web\/wp-json\/wp\/v2\/posts\/46978\/revisions\/46983"}],"wp:featuredmedia":[{"embeddable":true,"href":"https:\/\/mula.es\/web\/wp-json\/wp\/v2\/media\/46980"}],"wp:attachment":[{"href":"https:\/\/mula.es\/web\/wp-json\/wp\/v2\/media?parent=46978"}],"wp:term":[{"taxonomy":"category","embeddable":true,"href":"https:\/\/mula.es\/web\/wp-json\/wp\/v2\/categories?post=46978"},{"taxonomy":"post_tag","embeddable":true,"href":"https:\/\/mula.es\/web\/wp-json\/wp\/v2\/tags?post=46978"}],"curies":[{"name":"wp","href":"https:\/\/api.w.org\/{rel}","templated":true}]}}