{"id":47030,"date":"2023-01-13T09:15:54","date_gmt":"2023-01-13T08:15:54","guid":{"rendered":"https:\/\/mula.es\/web\/?p=47030"},"modified":"2023-01-13T09:15:54","modified_gmt":"2023-01-13T08:15:54","slug":"ganadores-ii-concurso-de-belenes-2022","status":"publish","type":"post","link":"https:\/\/mula.es\/web\/ganadores-ii-concurso-de-belenes-2022\/","title":{"rendered":"Ganadores II Concurso de belenes 2022"},"content":{"rendered":"<p style=\"text-align: justify;\"><strong>La Concejal\u00eda de Turismo del Ayuntamiento de Mula tiene el placer de anunciar los ganadores II Concurso de belenes, convocado con motivo de las fiestas navide\u00f1as.<\/strong><\/p>\n<p style=\"text-align: justify;\">En la <span style=\"text-decoration: underline;\">categor\u00eda de entidades<\/span>, se han establecido los siguientes ganadores:<\/p>\n<ul style=\"text-align: justify;\">\n<li>El<strong> Primer Premio<\/strong>, dotado de 300 euros y un diploma, es para la<strong> Asociaci\u00f3n de Vecinos del Barrio de los Molinos<\/strong>, por su bel\u00e9n situado en la calle Molino Primero de Mula.<\/li>\n<li>El <strong>Segundo Premio<\/strong>, dotado de 200 euros y un diploma, es para la <strong>Parroquia de San Miguel<\/strong>, situado en la iglesia de San Miguel.<\/li>\n<\/ul>\n<p style=\"text-align: justify;\">Dado que no se ha presentado ning\u00fan otro candidato en esta modalidad, quedan desiertos los dos Acc\u00e9sits.<\/p>\n<p>&nbsp;<\/p>\n<div id=\"attachment_47031\" style=\"width: 319px\" class=\"wp-caption aligncenter\"><a href=\"https:\/\/mula.es\/web\/wp-content\/uploads\/2023\/01\/Belen-Asociacion-Barrio-de-los-Molinos-scaled.jpeg\"><img decoding=\"async\" aria-describedby=\"caption-attachment-47031\" data-attachment-id=\"47031\" data-permalink=\"https:\/\/mula.es\/web\/ganadores-ii-concurso-de-belenes-2022\/belen-asociacion-barrio-de-los-molinos\/\" data-orig-file=\"https:\/\/mula.es\/web\/wp-content\/uploads\/2023\/01\/Belen-Asociacion-Barrio-de-los-Molinos-scaled.jpeg\" data-orig-size=\"2156,2560\" data-comments-opened=\"0\" data-image-meta=\"{&quot;aperture&quot;:&quot;0&quot;,&quot;credit&quot;:&quot;&quot;,&quot;camera&quot;:&quot;&quot;,&quot;caption&quot;:&quot;&quot;,&quot;created_timestamp&quot;:&quot;0&quot;,&quot;copyright&quot;:&quot;&quot;,&quot;focal_length&quot;:&quot;0&quot;,&quot;iso&quot;:&quot;0&quot;,&quot;shutter_speed&quot;:&quot;0&quot;,&quot;title&quot;:&quot;&quot;,&quot;orientation&quot;:&quot;0&quot;}\" data-image-title=\"Belen Asociaci\u00f3n Barrio de los Molinos\" data-image-description=\"\" data-image-caption=\"\" data-large-file=\"https:\/\/mula.es\/web\/wp-content\/uploads\/2023\/01\/Belen-Asociacion-Barrio-de-los-Molinos-862x1024.jpeg\" class=\"wp-image-47031 \" src=\"https:\/\/mula.es\/web\/wp-content\/uploads\/2023\/01\/Belen-Asociacion-Barrio-de-los-Molinos-862x1024.jpeg\" alt=\"Belen Asociaci\u00f3n Barrio de los Molinos\" width=\"309\" height=\"367\" srcset=\"https:\/\/mula.es\/web\/wp-content\/uploads\/2023\/01\/Belen-Asociacion-Barrio-de-los-Molinos-200x237.jpeg 200w, https:\/\/mula.es\/web\/wp-content\/uploads\/2023\/01\/Belen-Asociacion-Barrio-de-los-Molinos-253x300.jpeg 253w, https:\/\/mula.es\/web\/wp-content\/uploads\/2023\/01\/Belen-Asociacion-Barrio-de-los-Molinos-400x475.jpeg 400w, https:\/\/mula.es\/web\/wp-content\/uploads\/2023\/01\/Belen-Asociacion-Barrio-de-los-Molinos-600x712.jpeg 600w, https:\/\/mula.es\/web\/wp-content\/uploads\/2023\/01\/Belen-Asociacion-Barrio-de-los-Molinos-768x912.jpeg 768w, https:\/\/mula.es\/web\/wp-content\/uploads\/2023\/01\/Belen-Asociacion-Barrio-de-los-Molinos-800x950.jpeg 800w, https:\/\/mula.es\/web\/wp-content\/uploads\/2023\/01\/Belen-Asociacion-Barrio-de-los-Molinos-862x1024.jpeg 862w, https:\/\/mula.es\/web\/wp-content\/uploads\/2023\/01\/Belen-Asociacion-Barrio-de-los-Molinos-1200x1425.jpeg 1200w, https:\/\/mula.es\/web\/wp-content\/uploads\/2023\/01\/Belen-Asociacion-Barrio-de-los-Molinos-1294x1536.jpeg 1294w, https:\/\/mula.es\/web\/wp-content\/uploads\/2023\/01\/Belen-Asociacion-Barrio-de-los-Molinos-1725x2048.jpeg 1725w\" sizes=\"(max-width: 309px) 100vw, 309px\" \/><\/a><p id=\"caption-attachment-47031\" class=\"wp-caption-text\"><em>Primer Premio de la categor\u00eda entidades.<\/em><\/p><\/div>\n<p style=\"text-align: justify;\">En la <span style=\"text-decoration: underline;\">categor\u00eda de familiares<\/span>, se han establecido los siguientes ganadores:<\/p>\n<ul style=\"text-align: justify;\">\n<li>El <strong>Primero Premio<\/strong> dotado de 300 euros y un diploma, es para Juana Paez L\u00f3pez.<\/li>\n<li>El <strong>Segundo Premio<\/strong>, dotado de 200 euros y un diploma, es para Jos\u00e9 Ponce Sevilla.<\/li>\n<li>Los dos <strong>Acc\u00e9sits<\/strong> y su correspondiente diploma son para Josefa Boluda Ledesma y Manuel Moreno Mart\u00ednez.<\/li>\n<\/ul>\n<div id=\"attachment_47032\" style=\"width: 455px\" class=\"wp-caption aligncenter\"><a href=\"https:\/\/mula.es\/web\/wp-content\/uploads\/2023\/01\/1er-premio-Juana-Lopez-Paez-scaled.jpg\"><img decoding=\"async\" aria-describedby=\"caption-attachment-47032\" data-attachment-id=\"47032\" data-permalink=\"https:\/\/mula.es\/web\/ganadores-ii-concurso-de-belenes-2022\/1er-premio-juana-lopez-paez\/\" data-orig-file=\"https:\/\/mula.es\/web\/wp-content\/uploads\/2023\/01\/1er-premio-Juana-Lopez-Paez-scaled.jpg\" data-orig-size=\"2560,1920\" data-comments-opened=\"0\" data-image-meta=\"{&quot;aperture&quot;:&quot;0&quot;,&quot;credit&quot;:&quot;&quot;,&quot;camera&quot;:&quot;--&quot;,&quot;caption&quot;:&quot;&quot;,&quot;created_timestamp&quot;:&quot;1671113489&quot;,&quot;copyright&quot;:&quot;&quot;,&quot;focal_length&quot;:&quot;0&quot;,&quot;iso&quot;:&quot;0&quot;,&quot;shutter_speed&quot;:&quot;1&quot;,&quot;title&quot;:&quot;&quot;,&quot;orientation&quot;:&quot;1&quot;}\" data-image-title=\"1er premio Juana L\u00f3pez Paez\" data-image-description=\"\" data-image-caption=\"\" data-large-file=\"https:\/\/mula.es\/web\/wp-content\/uploads\/2023\/01\/1er-premio-Juana-Lopez-Paez-1024x768.jpg\" class=\"wp-image-47032 \" src=\"https:\/\/mula.es\/web\/wp-content\/uploads\/2023\/01\/1er-premio-Juana-Lopez-Paez-scaled.jpg\" alt=\"Primer premio: Juana Paez L\u00f3pez\" width=\"445\" height=\"334\" srcset=\"https:\/\/mula.es\/web\/wp-content\/uploads\/2023\/01\/1er-premio-Juana-Lopez-Paez-200x150.jpg 200w, https:\/\/mula.es\/web\/wp-content\/uploads\/2023\/01\/1er-premio-Juana-Lopez-Paez-300x225.jpg 300w, https:\/\/mula.es\/web\/wp-content\/uploads\/2023\/01\/1er-premio-Juana-Lopez-Paez-400x300.jpg 400w, https:\/\/mula.es\/web\/wp-content\/uploads\/2023\/01\/1er-premio-Juana-Lopez-Paez-600x450.jpg 600w, https:\/\/mula.es\/web\/wp-content\/uploads\/2023\/01\/1er-premio-Juana-Lopez-Paez-768x576.jpg 768w, https:\/\/mula.es\/web\/wp-content\/uploads\/2023\/01\/1er-premio-Juana-Lopez-Paez-800x600.jpg 800w, https:\/\/mula.es\/web\/wp-content\/uploads\/2023\/01\/1er-premio-Juana-Lopez-Paez-1024x768.jpg 1024w, https:\/\/mula.es\/web\/wp-content\/uploads\/2023\/01\/1er-premio-Juana-Lopez-Paez-1200x900.jpg 1200w, https:\/\/mula.es\/web\/wp-content\/uploads\/2023\/01\/1er-premio-Juana-Lopez-Paez-1536x1152.jpg 1536w, https:\/\/mula.es\/web\/wp-content\/uploads\/2023\/01\/1er-premio-Juana-Lopez-Paez-scaled.jpg 2560w\" sizes=\"(max-width: 445px) 100vw, 445px\" \/><\/a><p id=\"caption-attachment-47032\" class=\"wp-caption-text\"><em>Primer Premio de la categor\u00eda familiares.<\/em><\/p><\/div>\n<p style=\"text-align: justify;\">La Concejal\u00eda de Turismo y el jurado felicitan a todos los participantes por su inter\u00e9s y motivaci\u00f3n en este concurso y por la calidad y nivel de detalle de los belenes presentados.<\/p>\n<p>&nbsp;<\/p>\n<p>&nbsp;<\/p>\n<p>&nbsp;<\/p>\n","protected":false},"excerpt":{"rendered":"<p>La Concejal\u00eda de Turismo del Ayuntamiento de Mula tiene el placer de anunciar los ganadores II Concurso de belenes, convocado con motivo de las fiestas navide\u00f1as. En la categor\u00eda de entidades, se han establecido los siguientes ganadores: El Primer Premio, dotado de 300 euros y un diploma, es para la Asociaci\u00f3n de Vecinos del Barrio  [&#8230;]<\/p>\n","protected":false},"author":12,"featured_media":47034,"comment_status":"closed","ping_status":"closed","sticky":false,"template":"","format":"standard","meta":{"jetpack_post_was_ever_published":false,"_jetpack_newsletter_access":"","_jetpack_dont_email_post_to_subs":false,"_jetpack_newsletter_tier_id":0,"_jetpack_memberships_contains_paywalled_content":false,"_jetpack_memberships_contains_paid_content":false,"footnotes":"","jetpack_publicize_message":"","jetpack_publicize_feature_enabled":true,"jetpack_social_post_already_shared":false,"jetpack_social_options":{"image_generator_settings":{"template":"highway","default_image_id":0,"font":"","enabled":false},"version":2}},"categories":[199,75],"tags":[],"class_list":["post-47030","post","type-post","status-publish","format-standard","has-post-thumbnail","hentry","category-concurso","category-turismo"],"yoast_head":"<!-- This site is optimized with the Yoast SEO plugin v27.4 - https:\/\/yoast.com\/product\/yoast-seo-wordpress\/ -->\n<title>Ganadores II Concurso de belenes 2022 - Ayuntamiento de Mula<\/title>\n<meta name=\"robots\" content=\"index, follow, max-snippet:-1, max-image-preview:large, max-video-preview:-1\" \/>\n<link rel=\"canonical\" href=\"https:\/\/mula.es\/web\/ganadores-ii-concurso-de-belenes-2022\/\" \/>\n<meta property=\"og:locale\" content=\"es_ES\" \/>\n<meta property=\"og:type\" content=\"article\" \/>\n<meta property=\"og:title\" content=\"Ganadores II Concurso de belenes 2022 - Ayuntamiento de Mula\" \/>\n<meta property=\"og:description\" content=\"La Concejal\u00eda de Turismo del Ayuntamiento de Mula tiene el placer de anunciar los ganadores II Concurso de belenes, convocado con motivo de las fiestas navide\u00f1as. En la categor\u00eda de entidades, se han establecido los siguientes ganadores: El Primer Premio, dotado de 300 euros y un diploma, es para la Asociaci\u00f3n de Vecinos del Barrio [...]\" \/>\n<meta property=\"og:url\" content=\"https:\/\/mula.es\/web\/ganadores-ii-concurso-de-belenes-2022\/\" \/>\n<meta property=\"og:site_name\" content=\"Ayuntamiento de Mula\" \/>\n<meta property=\"article:published_time\" content=\"2023-01-13T08:15:54+00:00\" \/>\n<meta property=\"og:image\" content=\"https:\/\/mula.es\/web\/wp-content\/uploads\/2023\/01\/Imagen-de-stock-de-un-belen-Copy.jpg\" \/>\n\t<meta property=\"og:image:width\" content=\"1600\" \/>\n\t<meta property=\"og:image:height\" content=\"1067\" \/>\n\t<meta property=\"og:image:type\" content=\"image\/jpeg\" \/>\n<meta name=\"author\" content=\"Mar\u00eda Bel\u00e9n Sumba Bravo\" \/>\n<meta name=\"twitter:card\" content=\"summary_large_image\" \/>\n<meta name=\"twitter:creator\" content=\"@AyuntamientMula\" \/>\n<meta name=\"twitter:site\" content=\"@AyuntamientMula\" \/>\n<meta name=\"twitter:label1\" content=\"Escrito por\" \/>\n\t<meta name=\"twitter:data1\" content=\"Mar\u00eda Bel\u00e9n Sumba Bravo\" \/>\n\t<meta name=\"twitter:label2\" content=\"Tiempo de lectura\" \/>\n\t<meta name=\"twitter:data2\" content=\"2 minutos\" \/>\n<script type=\"application\/ld+json\" class=\"yoast-schema-graph\">{\"@context\":\"https:\\\/\\\/schema.org\",\"@graph\":[{\"@type\":\"Article\",\"@id\":\"https:\\\/\\\/mula.es\\\/web\\\/ganadores-ii-concurso-de-belenes-2022\\\/#article\",\"isPartOf\":{\"@id\":\"https:\\\/\\\/mula.es\\\/web\\\/ganadores-ii-concurso-de-belenes-2022\\\/\"},\"author\":{\"name\":\"Mar\u00eda Bel\u00e9n Sumba Bravo\",\"@id\":\"https:\\\/\\\/mula.es\\\/web\\\/#\\\/schema\\\/person\\\/4cc33fc69cd667605e1b6247815ac0c0\"},\"headline\":\"Ganadores II Concurso de belenes 2022\",\"datePublished\":\"2023-01-13T08:15:54+00:00\",\"mainEntityOfPage\":{\"@id\":\"https:\\\/\\\/mula.es\\\/web\\\/ganadores-ii-concurso-de-belenes-2022\\\/\"},\"wordCount\":246,\"image\":{\"@id\":\"https:\\\/\\\/mula.es\\\/web\\\/ganadores-ii-concurso-de-belenes-2022\\\/#primaryimage\"},\"thumbnailUrl\":\"https:\\\/\\\/mula.es\\\/web\\\/wp-content\\\/uploads\\\/2023\\\/01\\\/Imagen-de-stock-de-un-belen-Copy.jpg\",\"articleSection\":[\"concurso\",\"turismo\"],\"inLanguage\":\"es\"},{\"@type\":\"WebPage\",\"@id\":\"https:\\\/\\\/mula.es\\\/web\\\/ganadores-ii-concurso-de-belenes-2022\\\/\",\"url\":\"https:\\\/\\\/mula.es\\\/web\\\/ganadores-ii-concurso-de-belenes-2022\\\/\",\"name\":\"Ganadores II Concurso de belenes 2022 - Ayuntamiento de Mula\",\"isPartOf\":{\"@id\":\"https:\\\/\\\/mula.es\\\/web\\\/#website\"},\"primaryImageOfPage\":{\"@id\":\"https:\\\/\\\/mula.es\\\/web\\\/ganadores-ii-concurso-de-belenes-2022\\\/#primaryimage\"},\"image\":{\"@id\":\"https:\\\/\\\/mula.es\\\/web\\\/ganadores-ii-concurso-de-belenes-2022\\\/#primaryimage\"},\"thumbnailUrl\":\"https:\\\/\\\/mula.es\\\/web\\\/wp-content\\\/uploads\\\/2023\\\/01\\\/Imagen-de-stock-de-un-belen-Copy.jpg\",\"datePublished\":\"2023-01-13T08:15:54+00:00\",\"author\":{\"@id\":\"https:\\\/\\\/mula.es\\\/web\\\/#\\\/schema\\\/person\\\/4cc33fc69cd667605e1b6247815ac0c0\"},\"breadcrumb\":{\"@id\":\"https:\\\/\\\/mula.es\\\/web\\\/ganadores-ii-concurso-de-belenes-2022\\\/#breadcrumb\"},\"inLanguage\":\"es\",\"potentialAction\":[{\"@type\":\"ReadAction\",\"target\":[\"https:\\\/\\\/mula.es\\\/web\\\/ganadores-ii-concurso-de-belenes-2022\\\/\"]}]},{\"@type\":\"ImageObject\",\"inLanguage\":\"es\",\"@id\":\"https:\\\/\\\/mula.es\\\/web\\\/ganadores-ii-concurso-de-belenes-2022\\\/#primaryimage\",\"url\":\"https:\\\/\\\/mula.es\\\/web\\\/wp-content\\\/uploads\\\/2023\\\/01\\\/Imagen-de-stock-de-un-belen-Copy.jpg\",\"contentUrl\":\"https:\\\/\\\/mula.es\\\/web\\\/wp-content\\\/uploads\\\/2023\\\/01\\\/Imagen-de-stock-de-un-belen-Copy.jpg\",\"width\":1600,\"height\":1067,\"caption\":\"Imagen de stock de un bel\u00e9n\"},{\"@type\":\"BreadcrumbList\",\"@id\":\"https:\\\/\\\/mula.es\\\/web\\\/ganadores-ii-concurso-de-belenes-2022\\\/#breadcrumb\",\"itemListElement\":[{\"@type\":\"ListItem\",\"position\":1,\"name\":\"Portada\",\"item\":\"https:\\\/\\\/mula.es\\\/web\\\/\"},{\"@type\":\"ListItem\",\"position\":2,\"name\":\"Ganadores II Concurso de belenes 2022\"}]},{\"@type\":\"WebSite\",\"@id\":\"https:\\\/\\\/mula.es\\\/web\\\/#website\",\"url\":\"https:\\\/\\\/mula.es\\\/web\\\/\",\"name\":\"Ayuntamiento de Mula\",\"description\":\"P\u00e1gina web del Ayuntamiento de Mula (Regi\u00f3n de Murcia)\",\"potentialAction\":[{\"@type\":\"SearchAction\",\"target\":{\"@type\":\"EntryPoint\",\"urlTemplate\":\"https:\\\/\\\/mula.es\\\/web\\\/?s={search_term_string}\"},\"query-input\":{\"@type\":\"PropertyValueSpecification\",\"valueRequired\":true,\"valueName\":\"search_term_string\"}}],\"inLanguage\":\"es\"},{\"@type\":\"Person\",\"@id\":\"https:\\\/\\\/mula.es\\\/web\\\/#\\\/schema\\\/person\\\/4cc33fc69cd667605e1b6247815ac0c0\",\"name\":\"Mar\u00eda Bel\u00e9n Sumba Bravo\",\"image\":{\"@type\":\"ImageObject\",\"inLanguage\":\"es\",\"@id\":\"https:\\\/\\\/secure.gravatar.com\\\/avatar\\\/8f65af12a8d72e866f97bba50325bdf89a5362533b6f2c9db8c88130883986b1?s=96&d=mm&r=g\",\"url\":\"https:\\\/\\\/secure.gravatar.com\\\/avatar\\\/8f65af12a8d72e866f97bba50325bdf89a5362533b6f2c9db8c88130883986b1?s=96&d=mm&r=g\",\"contentUrl\":\"https:\\\/\\\/secure.gravatar.com\\\/avatar\\\/8f65af12a8d72e866f97bba50325bdf89a5362533b6f2c9db8c88130883986b1?s=96&d=mm&r=g\",\"caption\":\"Mar\u00eda Bel\u00e9n Sumba Bravo\"},\"url\":\"https:\\\/\\\/mula.es\\\/web\\\/author\\\/mbsumba\\\/\"}]}<\/script>\n<!-- \/ Yoast SEO plugin. -->","yoast_head_json":{"title":"Ganadores II Concurso de belenes 2022 - Ayuntamiento de Mula","robots":{"index":"index","follow":"follow","max-snippet":"max-snippet:-1","max-image-preview":"max-image-preview:large","max-video-preview":"max-video-preview:-1"},"canonical":"https:\/\/mula.es\/web\/ganadores-ii-concurso-de-belenes-2022\/","og_locale":"es_ES","og_type":"article","og_title":"Ganadores II Concurso de belenes 2022 - Ayuntamiento de Mula","og_description":"La Concejal\u00eda de Turismo del Ayuntamiento de Mula tiene el placer de anunciar los ganadores II Concurso de belenes, convocado con motivo de las fiestas navide\u00f1as. En la categor\u00eda de entidades, se han establecido los siguientes ganadores: El Primer Premio, dotado de 300 euros y un diploma, es para la Asociaci\u00f3n de Vecinos del Barrio [...]","og_url":"https:\/\/mula.es\/web\/ganadores-ii-concurso-de-belenes-2022\/","og_site_name":"Ayuntamiento de Mula","article_published_time":"2023-01-13T08:15:54+00:00","og_image":[{"width":1600,"height":1067,"url":"https:\/\/mula.es\/web\/wp-content\/uploads\/2023\/01\/Imagen-de-stock-de-un-belen-Copy.jpg","type":"image\/jpeg"}],"author":"Mar\u00eda Bel\u00e9n Sumba Bravo","twitter_card":"summary_large_image","twitter_creator":"@AyuntamientMula","twitter_site":"@AyuntamientMula","twitter_misc":{"Escrito por":"Mar\u00eda Bel\u00e9n Sumba Bravo","Tiempo de lectura":"2 minutos"},"schema":{"@context":"https:\/\/schema.org","@graph":[{"@type":"Article","@id":"https:\/\/mula.es\/web\/ganadores-ii-concurso-de-belenes-2022\/#article","isPartOf":{"@id":"https:\/\/mula.es\/web\/ganadores-ii-concurso-de-belenes-2022\/"},"author":{"name":"Mar\u00eda Bel\u00e9n Sumba Bravo","@id":"https:\/\/mula.es\/web\/#\/schema\/person\/4cc33fc69cd667605e1b6247815ac0c0"},"headline":"Ganadores II Concurso de belenes 2022","datePublished":"2023-01-13T08:15:54+00:00","mainEntityOfPage":{"@id":"https:\/\/mula.es\/web\/ganadores-ii-concurso-de-belenes-2022\/"},"wordCount":246,"image":{"@id":"https:\/\/mula.es\/web\/ganadores-ii-concurso-de-belenes-2022\/#primaryimage"},"thumbnailUrl":"https:\/\/mula.es\/web\/wp-content\/uploads\/2023\/01\/Imagen-de-stock-de-un-belen-Copy.jpg","articleSection":["concurso","turismo"],"inLanguage":"es"},{"@type":"WebPage","@id":"https:\/\/mula.es\/web\/ganadores-ii-concurso-de-belenes-2022\/","url":"https:\/\/mula.es\/web\/ganadores-ii-concurso-de-belenes-2022\/","name":"Ganadores II Concurso de belenes 2022 - Ayuntamiento de Mula","isPartOf":{"@id":"https:\/\/mula.es\/web\/#website"},"primaryImageOfPage":{"@id":"https:\/\/mula.es\/web\/ganadores-ii-concurso-de-belenes-2022\/#primaryimage"},"image":{"@id":"https:\/\/mula.es\/web\/ganadores-ii-concurso-de-belenes-2022\/#primaryimage"},"thumbnailUrl":"https:\/\/mula.es\/web\/wp-content\/uploads\/2023\/01\/Imagen-de-stock-de-un-belen-Copy.jpg","datePublished":"2023-01-13T08:15:54+00:00","author":{"@id":"https:\/\/mula.es\/web\/#\/schema\/person\/4cc33fc69cd667605e1b6247815ac0c0"},"breadcrumb":{"@id":"https:\/\/mula.es\/web\/ganadores-ii-concurso-de-belenes-2022\/#breadcrumb"},"inLanguage":"es","potentialAction":[{"@type":"ReadAction","target":["https:\/\/mula.es\/web\/ganadores-ii-concurso-de-belenes-2022\/"]}]},{"@type":"ImageObject","inLanguage":"es","@id":"https:\/\/mula.es\/web\/ganadores-ii-concurso-de-belenes-2022\/#primaryimage","url":"https:\/\/mula.es\/web\/wp-content\/uploads\/2023\/01\/Imagen-de-stock-de-un-belen-Copy.jpg","contentUrl":"https:\/\/mula.es\/web\/wp-content\/uploads\/2023\/01\/Imagen-de-stock-de-un-belen-Copy.jpg","width":1600,"height":1067,"caption":"Imagen de stock de un bel\u00e9n"},{"@type":"BreadcrumbList","@id":"https:\/\/mula.es\/web\/ganadores-ii-concurso-de-belenes-2022\/#breadcrumb","itemListElement":[{"@type":"ListItem","position":1,"name":"Portada","item":"https:\/\/mula.es\/web\/"},{"@type":"ListItem","position":2,"name":"Ganadores II Concurso de belenes 2022"}]},{"@type":"WebSite","@id":"https:\/\/mula.es\/web\/#website","url":"https:\/\/mula.es\/web\/","name":"Ayuntamiento de Mula","description":"P\u00e1gina web del Ayuntamiento de Mula (Regi\u00f3n de Murcia)","potentialAction":[{"@type":"SearchAction","target":{"@type":"EntryPoint","urlTemplate":"https:\/\/mula.es\/web\/?s={search_term_string}"},"query-input":{"@type":"PropertyValueSpecification","valueRequired":true,"valueName":"search_term_string"}}],"inLanguage":"es"},{"@type":"Person","@id":"https:\/\/mula.es\/web\/#\/schema\/person\/4cc33fc69cd667605e1b6247815ac0c0","name":"Mar\u00eda Bel\u00e9n Sumba Bravo","image":{"@type":"ImageObject","inLanguage":"es","@id":"https:\/\/secure.gravatar.com\/avatar\/8f65af12a8d72e866f97bba50325bdf89a5362533b6f2c9db8c88130883986b1?s=96&d=mm&r=g","url":"https:\/\/secure.gravatar.com\/avatar\/8f65af12a8d72e866f97bba50325bdf89a5362533b6f2c9db8c88130883986b1?s=96&d=mm&r=g","contentUrl":"https:\/\/secure.gravatar.com\/avatar\/8f65af12a8d72e866f97bba50325bdf89a5362533b6f2c9db8c88130883986b1?s=96&d=mm&r=g","caption":"Mar\u00eda Bel\u00e9n Sumba Bravo"},"url":"https:\/\/mula.es\/web\/author\/mbsumba\/"}]}},"jetpack_publicize_connections":[],"jetpack_featured_media_url":"https:\/\/mula.es\/web\/wp-content\/uploads\/2023\/01\/Imagen-de-stock-de-un-belen-Copy.jpg","jetpack_sharing_enabled":true,"jetpack_shortlink":"https:\/\/wp.me\/pa9DMY-cey","jetpack-related-posts":[],"_links":{"self":[{"href":"https:\/\/mula.es\/web\/wp-json\/wp\/v2\/posts\/47030","targetHints":{"allow":["GET"]}}],"collection":[{"href":"https:\/\/mula.es\/web\/wp-json\/wp\/v2\/posts"}],"about":[{"href":"https:\/\/mula.es\/web\/wp-json\/wp\/v2\/types\/post"}],"author":[{"embeddable":true,"href":"https:\/\/mula.es\/web\/wp-json\/wp\/v2\/users\/12"}],"replies":[{"embeddable":true,"href":"https:\/\/mula.es\/web\/wp-json\/wp\/v2\/comments?post=47030"}],"version-history":[{"count":2,"href":"https:\/\/mula.es\/web\/wp-json\/wp\/v2\/posts\/47030\/revisions"}],"predecessor-version":[{"id":47035,"href":"https:\/\/mula.es\/web\/wp-json\/wp\/v2\/posts\/47030\/revisions\/47035"}],"wp:featuredmedia":[{"embeddable":true,"href":"https:\/\/mula.es\/web\/wp-json\/wp\/v2\/media\/47034"}],"wp:attachment":[{"href":"https:\/\/mula.es\/web\/wp-json\/wp\/v2\/media?parent=47030"}],"wp:term":[{"taxonomy":"category","embeddable":true,"href":"https:\/\/mula.es\/web\/wp-json\/wp\/v2\/categories?post=47030"},{"taxonomy":"post_tag","embeddable":true,"href":"https:\/\/mula.es\/web\/wp-json\/wp\/v2\/tags?post=47030"}],"curies":[{"name":"wp","href":"https:\/\/api.w.org\/{rel}","templated":true}]}}