{"id":47036,"date":"2023-01-13T13:02:50","date_gmt":"2023-01-13T12:02:50","guid":{"rendered":"https:\/\/mula.es\/web\/?p=47036"},"modified":"2023-01-13T13:02:50","modified_gmt":"2023-01-13T12:02:50","slug":"obras-publicas-el-ayuntamiento-de-mula-renueva-la-calle-fuensoriana","status":"publish","type":"post","link":"https:\/\/mula.es\/web\/obras-publicas-el-ayuntamiento-de-mula-renueva-la-calle-fuensoriana\/","title":{"rendered":"OBRAS P\u00daBLICAS| El Ayuntamiento de Mula renueva la calle Fuensoriana"},"content":{"rendered":"<p style=\"text-align: justify;\"><strong>El alcalde de Mula Juan Jes\u00fas Moreno ha dado a conocer la renovaci\u00f3n de la calle Fuensoriana de Mula, cuyas obras dar\u00e1n inicio a finales de este mes.<\/strong><\/p>\n<p style=\"text-align: justify;\">Juan Jes\u00fas Moreno, acompa\u00f1ado del concejal de Urbanismo y Obras P\u00fablicas Francisco J. Llamazares, el concejal de Servicios Municipales Vicente L\u00f3pez y el t\u00e9cnico del Ayuntamiento Le\u00f3n Saavedra, ha presentado esta iniciativa, enmarcada dentro del Plan de Obras y Servicios 2022-2023 y que cuenta con un presupuesto de 215 mil euros.<\/p>\n<p style=\"text-align: justify;\"><strong>\u201cCon el Plan de Obras y Servicios queremos remodelar zonas de la ciudad que necesitan atenci\u00f3n de forma inmediata, para mejorar las condiciones de vida de los vecinos y vecinas\u201d<\/strong>, ha declarado el alcalde de Mula. Y es que, a trav\u00e9s de la remodelaci\u00f3n de la v\u00eda, se pretenden solventar los problemas de deterioro que afectan tanto a los viandantes como al tr\u00e1fico rodado. Por ello, en la calle Fuensoriana se realizar\u00e1n trabajos de renovaci\u00f3n del pavimento, de los sistemas de saneamiento y de las aceras.<\/p>\n<p><a href=\"https:\/\/mula.es\/web\/wp-content\/uploads\/2023\/01\/Presentacion-obras-Fuensoriana.jpg\"><img decoding=\"async\" data-attachment-id=\"47038\" data-permalink=\"https:\/\/mula.es\/web\/obras-publicas-el-ayuntamiento-de-mula-renueva-la-calle-fuensoriana\/presentacion-obras-fuensoriana\/\" data-orig-file=\"https:\/\/mula.es\/web\/wp-content\/uploads\/2023\/01\/Presentacion-obras-Fuensoriana.jpg\" data-orig-size=\"1600,1067\" data-comments-opened=\"0\" data-image-meta=\"{&quot;aperture&quot;:&quot;0&quot;,&quot;credit&quot;:&quot;&quot;,&quot;camera&quot;:&quot;&quot;,&quot;caption&quot;:&quot;&quot;,&quot;created_timestamp&quot;:&quot;0&quot;,&quot;copyright&quot;:&quot;&quot;,&quot;focal_length&quot;:&quot;0&quot;,&quot;iso&quot;:&quot;0&quot;,&quot;shutter_speed&quot;:&quot;0&quot;,&quot;title&quot;:&quot;&quot;,&quot;orientation&quot;:&quot;0&quot;}\" data-image-title=\"Presentaci\u00f3n obras Fuensoriana\" data-image-description=\"\" data-image-caption=\"\" data-large-file=\"https:\/\/mula.es\/web\/wp-content\/uploads\/2023\/01\/Presentacion-obras-Fuensoriana-1024x683.jpg\" class=\"aligncenter wp-image-47038 \" src=\"https:\/\/mula.es\/web\/wp-content\/uploads\/2023\/01\/Presentacion-obras-Fuensoriana.jpg\" alt=\"Presentaci\u00f3n obras Fuensoriana\" width=\"705\" height=\"470\" srcset=\"https:\/\/mula.es\/web\/wp-content\/uploads\/2023\/01\/Presentacion-obras-Fuensoriana-200x133.jpg 200w, https:\/\/mula.es\/web\/wp-content\/uploads\/2023\/01\/Presentacion-obras-Fuensoriana-300x200.jpg 300w, https:\/\/mula.es\/web\/wp-content\/uploads\/2023\/01\/Presentacion-obras-Fuensoriana-400x267.jpg 400w, https:\/\/mula.es\/web\/wp-content\/uploads\/2023\/01\/Presentacion-obras-Fuensoriana-600x400.jpg 600w, https:\/\/mula.es\/web\/wp-content\/uploads\/2023\/01\/Presentacion-obras-Fuensoriana-768x512.jpg 768w, https:\/\/mula.es\/web\/wp-content\/uploads\/2023\/01\/Presentacion-obras-Fuensoriana-800x534.jpg 800w, https:\/\/mula.es\/web\/wp-content\/uploads\/2023\/01\/Presentacion-obras-Fuensoriana-1024x683.jpg 1024w, https:\/\/mula.es\/web\/wp-content\/uploads\/2023\/01\/Presentacion-obras-Fuensoriana-1200x800.jpg 1200w, https:\/\/mula.es\/web\/wp-content\/uploads\/2023\/01\/Presentacion-obras-Fuensoriana-1536x1024.jpg 1536w, https:\/\/mula.es\/web\/wp-content\/uploads\/2023\/01\/Presentacion-obras-Fuensoriana.jpg 1600w\" sizes=\"(max-width: 705px) 100vw, 705px\" \/><\/a><\/p>\n<p><a href=\"https:\/\/mula.es\/web\/wp-content\/uploads\/2023\/01\/Fuensoriana.jpg\"><img decoding=\"async\" data-attachment-id=\"47039\" data-permalink=\"https:\/\/mula.es\/web\/obras-publicas-el-ayuntamiento-de-mula-renueva-la-calle-fuensoriana\/fuensoriana\/\" data-orig-file=\"https:\/\/mula.es\/web\/wp-content\/uploads\/2023\/01\/Fuensoriana.jpg\" data-orig-size=\"1600,1067\" data-comments-opened=\"0\" data-image-meta=\"{&quot;aperture&quot;:&quot;0&quot;,&quot;credit&quot;:&quot;&quot;,&quot;camera&quot;:&quot;&quot;,&quot;caption&quot;:&quot;&quot;,&quot;created_timestamp&quot;:&quot;0&quot;,&quot;copyright&quot;:&quot;&quot;,&quot;focal_length&quot;:&quot;0&quot;,&quot;iso&quot;:&quot;0&quot;,&quot;shutter_speed&quot;:&quot;0&quot;,&quot;title&quot;:&quot;&quot;,&quot;orientation&quot;:&quot;0&quot;}\" data-image-title=\"Fuensoriana\" data-image-description=\"\" data-image-caption=\"\" data-large-file=\"https:\/\/mula.es\/web\/wp-content\/uploads\/2023\/01\/Fuensoriana-1024x683.jpg\" class=\"aligncenter wp-image-47039 \" src=\"https:\/\/mula.es\/web\/wp-content\/uploads\/2023\/01\/Fuensoriana.jpg\" alt=\"Fuensoriana\" width=\"707\" height=\"471\" srcset=\"https:\/\/mula.es\/web\/wp-content\/uploads\/2023\/01\/Fuensoriana-200x133.jpg 200w, https:\/\/mula.es\/web\/wp-content\/uploads\/2023\/01\/Fuensoriana-300x200.jpg 300w, https:\/\/mula.es\/web\/wp-content\/uploads\/2023\/01\/Fuensoriana-400x267.jpg 400w, https:\/\/mula.es\/web\/wp-content\/uploads\/2023\/01\/Fuensoriana-600x400.jpg 600w, https:\/\/mula.es\/web\/wp-content\/uploads\/2023\/01\/Fuensoriana-768x512.jpg 768w, https:\/\/mula.es\/web\/wp-content\/uploads\/2023\/01\/Fuensoriana-800x534.jpg 800w, https:\/\/mula.es\/web\/wp-content\/uploads\/2023\/01\/Fuensoriana-1024x683.jpg 1024w, https:\/\/mula.es\/web\/wp-content\/uploads\/2023\/01\/Fuensoriana-1200x800.jpg 1200w, https:\/\/mula.es\/web\/wp-content\/uploads\/2023\/01\/Fuensoriana-1536x1024.jpg 1536w, https:\/\/mula.es\/web\/wp-content\/uploads\/2023\/01\/Fuensoriana.jpg 1600w\" sizes=\"(max-width: 707px) 100vw, 707px\" \/><\/a><\/p>\n<p><a href=\"https:\/\/mula.es\/web\/wp-content\/uploads\/2023\/01\/Calle-Fuensoriana.png\"><img decoding=\"async\" data-attachment-id=\"47042\" data-permalink=\"https:\/\/mula.es\/web\/obras-publicas-el-ayuntamiento-de-mula-renueva-la-calle-fuensoriana\/calle-fuensoriana\/\" data-orig-file=\"https:\/\/mula.es\/web\/wp-content\/uploads\/2023\/01\/Calle-Fuensoriana.png\" data-orig-size=\"1600,1067\" data-comments-opened=\"0\" data-image-meta=\"{&quot;aperture&quot;:&quot;0&quot;,&quot;credit&quot;:&quot;&quot;,&quot;camera&quot;:&quot;&quot;,&quot;caption&quot;:&quot;&quot;,&quot;created_timestamp&quot;:&quot;0&quot;,&quot;copyright&quot;:&quot;&quot;,&quot;focal_length&quot;:&quot;0&quot;,&quot;iso&quot;:&quot;0&quot;,&quot;shutter_speed&quot;:&quot;0&quot;,&quot;title&quot;:&quot;&quot;,&quot;orientation&quot;:&quot;0&quot;}\" data-image-title=\"Calle Fuensoriana\" data-image-description=\"\" data-image-caption=\"\" data-large-file=\"https:\/\/mula.es\/web\/wp-content\/uploads\/2023\/01\/Calle-Fuensoriana-1024x683.png\" class=\"aligncenter wp-image-47042 \" src=\"https:\/\/mula.es\/web\/wp-content\/uploads\/2023\/01\/Calle-Fuensoriana.png\" alt=\"Calle Fuensoriana\" width=\"706\" height=\"470\" srcset=\"https:\/\/mula.es\/web\/wp-content\/uploads\/2023\/01\/Calle-Fuensoriana-200x133.png 200w, https:\/\/mula.es\/web\/wp-content\/uploads\/2023\/01\/Calle-Fuensoriana-300x200.png 300w, https:\/\/mula.es\/web\/wp-content\/uploads\/2023\/01\/Calle-Fuensoriana-400x267.png 400w, https:\/\/mula.es\/web\/wp-content\/uploads\/2023\/01\/Calle-Fuensoriana-600x400.png 600w, https:\/\/mula.es\/web\/wp-content\/uploads\/2023\/01\/Calle-Fuensoriana-768x512.png 768w, https:\/\/mula.es\/web\/wp-content\/uploads\/2023\/01\/Calle-Fuensoriana-800x534.png 800w, https:\/\/mula.es\/web\/wp-content\/uploads\/2023\/01\/Calle-Fuensoriana-1024x683.png 1024w, https:\/\/mula.es\/web\/wp-content\/uploads\/2023\/01\/Calle-Fuensoriana-1200x800.png 1200w, https:\/\/mula.es\/web\/wp-content\/uploads\/2023\/01\/Calle-Fuensoriana-1536x1024.png 1536w, https:\/\/mula.es\/web\/wp-content\/uploads\/2023\/01\/Calle-Fuensoriana.png 1600w\" sizes=\"(max-width: 706px) 100vw, 706px\" \/><\/a><\/p>\n","protected":false},"excerpt":{"rendered":"<p>El alcalde de Mula Juan Jes\u00fas Moreno ha dado a conocer la renovaci\u00f3n de la calle Fuensoriana de Mula, cuyas obras dar\u00e1n inicio a finales de este mes. Juan Jes\u00fas Moreno, acompa\u00f1ado del concejal de Urbanismo y Obras P\u00fablicas Francisco J. Llamazares, el concejal de Servicios Municipales Vicente L\u00f3pez y el t\u00e9cnico del Ayuntamiento Le\u00f3n  [&#8230;]<\/p>\n","protected":false},"author":12,"featured_media":47037,"comment_status":"closed","ping_status":"closed","sticky":false,"template":"","format":"standard","meta":{"jetpack_post_was_ever_published":false,"_jetpack_newsletter_access":"","_jetpack_dont_email_post_to_subs":false,"_jetpack_newsletter_tier_id":0,"_jetpack_memberships_contains_paywalled_content":false,"_jetpack_memberships_contains_paid_content":false,"footnotes":"","jetpack_publicize_message":"","jetpack_publicize_feature_enabled":true,"jetpack_social_post_already_shared":false,"jetpack_social_options":{"image_generator_settings":{"template":"highway","default_image_id":0,"font":"","enabled":false},"version":2}},"categories":[634],"tags":[],"class_list":["post-47036","post","type-post","status-publish","format-standard","has-post-thumbnail","hentry","category-obras-publicas"],"yoast_head":"<!-- This site is optimized with the Yoast SEO plugin v27.4 - https:\/\/yoast.com\/product\/yoast-seo-wordpress\/ -->\n<title>OBRAS P\u00daBLICAS| El Ayuntamiento de Mula renueva la calle Fuensoriana - Ayuntamiento de Mula<\/title>\n<meta name=\"robots\" content=\"index, follow, max-snippet:-1, max-image-preview:large, max-video-preview:-1\" \/>\n<link rel=\"canonical\" href=\"https:\/\/mula.es\/web\/obras-publicas-el-ayuntamiento-de-mula-renueva-la-calle-fuensoriana\/\" \/>\n<meta property=\"og:locale\" content=\"es_ES\" \/>\n<meta property=\"og:type\" content=\"article\" \/>\n<meta property=\"og:title\" content=\"OBRAS P\u00daBLICAS| El Ayuntamiento de Mula renueva la calle Fuensoriana - Ayuntamiento de Mula\" \/>\n<meta property=\"og:description\" content=\"El alcalde de Mula Juan Jes\u00fas Moreno ha dado a conocer la renovaci\u00f3n de la calle Fuensoriana de Mula, cuyas obras dar\u00e1n inicio a finales de este mes. Juan Jes\u00fas Moreno, acompa\u00f1ado del concejal de Urbanismo y Obras P\u00fablicas Francisco J. Llamazares, el concejal de Servicios Municipales Vicente L\u00f3pez y el t\u00e9cnico del Ayuntamiento Le\u00f3n [...]\" \/>\n<meta property=\"og:url\" content=\"https:\/\/mula.es\/web\/obras-publicas-el-ayuntamiento-de-mula-renueva-la-calle-fuensoriana\/\" \/>\n<meta property=\"og:site_name\" content=\"Ayuntamiento de Mula\" \/>\n<meta property=\"article:published_time\" content=\"2023-01-13T12:02:50+00:00\" \/>\n<meta property=\"og:image\" content=\"https:\/\/mula.es\/web\/wp-content\/uploads\/2023\/01\/Plano-Fuensoriana-scaled.jpg\" \/>\n\t<meta property=\"og:image:width\" content=\"2560\" \/>\n\t<meta property=\"og:image:height\" content=\"1792\" \/>\n\t<meta property=\"og:image:type\" content=\"image\/jpeg\" \/>\n<meta name=\"author\" content=\"Mar\u00eda Bel\u00e9n Sumba Bravo\" \/>\n<meta name=\"twitter:card\" content=\"summary_large_image\" \/>\n<meta name=\"twitter:creator\" content=\"@AyuntamientMula\" \/>\n<meta name=\"twitter:site\" content=\"@AyuntamientMula\" \/>\n<meta name=\"twitter:label1\" content=\"Escrito por\" \/>\n\t<meta name=\"twitter:data1\" content=\"Mar\u00eda Bel\u00e9n Sumba Bravo\" \/>\n\t<meta name=\"twitter:label2\" content=\"Tiempo de lectura\" \/>\n\t<meta name=\"twitter:data2\" content=\"2 minutos\" \/>\n<script type=\"application\/ld+json\" class=\"yoast-schema-graph\">{\"@context\":\"https:\\\/\\\/schema.org\",\"@graph\":[{\"@type\":\"Article\",\"@id\":\"https:\\\/\\\/mula.es\\\/web\\\/obras-publicas-el-ayuntamiento-de-mula-renueva-la-calle-fuensoriana\\\/#article\",\"isPartOf\":{\"@id\":\"https:\\\/\\\/mula.es\\\/web\\\/obras-publicas-el-ayuntamiento-de-mula-renueva-la-calle-fuensoriana\\\/\"},\"author\":{\"name\":\"Mar\u00eda Bel\u00e9n Sumba Bravo\",\"@id\":\"https:\\\/\\\/mula.es\\\/web\\\/#\\\/schema\\\/person\\\/4cc33fc69cd667605e1b6247815ac0c0\"},\"headline\":\"OBRAS P\u00daBLICAS| El Ayuntamiento de Mula renueva la calle Fuensoriana\",\"datePublished\":\"2023-01-13T12:02:50+00:00\",\"mainEntityOfPage\":{\"@id\":\"https:\\\/\\\/mula.es\\\/web\\\/obras-publicas-el-ayuntamiento-de-mula-renueva-la-calle-fuensoriana\\\/\"},\"wordCount\":191,\"image\":{\"@id\":\"https:\\\/\\\/mula.es\\\/web\\\/obras-publicas-el-ayuntamiento-de-mula-renueva-la-calle-fuensoriana\\\/#primaryimage\"},\"thumbnailUrl\":\"https:\\\/\\\/mula.es\\\/web\\\/wp-content\\\/uploads\\\/2023\\\/01\\\/Plano-Fuensoriana-scaled.jpg\",\"articleSection\":[\"obras p\u00fablicas\"],\"inLanguage\":\"es\"},{\"@type\":\"WebPage\",\"@id\":\"https:\\\/\\\/mula.es\\\/web\\\/obras-publicas-el-ayuntamiento-de-mula-renueva-la-calle-fuensoriana\\\/\",\"url\":\"https:\\\/\\\/mula.es\\\/web\\\/obras-publicas-el-ayuntamiento-de-mula-renueva-la-calle-fuensoriana\\\/\",\"name\":\"OBRAS P\u00daBLICAS| El Ayuntamiento de Mula renueva la calle Fuensoriana - Ayuntamiento de Mula\",\"isPartOf\":{\"@id\":\"https:\\\/\\\/mula.es\\\/web\\\/#website\"},\"primaryImageOfPage\":{\"@id\":\"https:\\\/\\\/mula.es\\\/web\\\/obras-publicas-el-ayuntamiento-de-mula-renueva-la-calle-fuensoriana\\\/#primaryimage\"},\"image\":{\"@id\":\"https:\\\/\\\/mula.es\\\/web\\\/obras-publicas-el-ayuntamiento-de-mula-renueva-la-calle-fuensoriana\\\/#primaryimage\"},\"thumbnailUrl\":\"https:\\\/\\\/mula.es\\\/web\\\/wp-content\\\/uploads\\\/2023\\\/01\\\/Plano-Fuensoriana-scaled.jpg\",\"datePublished\":\"2023-01-13T12:02:50+00:00\",\"author\":{\"@id\":\"https:\\\/\\\/mula.es\\\/web\\\/#\\\/schema\\\/person\\\/4cc33fc69cd667605e1b6247815ac0c0\"},\"breadcrumb\":{\"@id\":\"https:\\\/\\\/mula.es\\\/web\\\/obras-publicas-el-ayuntamiento-de-mula-renueva-la-calle-fuensoriana\\\/#breadcrumb\"},\"inLanguage\":\"es\",\"potentialAction\":[{\"@type\":\"ReadAction\",\"target\":[\"https:\\\/\\\/mula.es\\\/web\\\/obras-publicas-el-ayuntamiento-de-mula-renueva-la-calle-fuensoriana\\\/\"]}]},{\"@type\":\"ImageObject\",\"inLanguage\":\"es\",\"@id\":\"https:\\\/\\\/mula.es\\\/web\\\/obras-publicas-el-ayuntamiento-de-mula-renueva-la-calle-fuensoriana\\\/#primaryimage\",\"url\":\"https:\\\/\\\/mula.es\\\/web\\\/wp-content\\\/uploads\\\/2023\\\/01\\\/Plano-Fuensoriana-scaled.jpg\",\"contentUrl\":\"https:\\\/\\\/mula.es\\\/web\\\/wp-content\\\/uploads\\\/2023\\\/01\\\/Plano-Fuensoriana-scaled.jpg\",\"width\":2560,\"height\":1792,\"caption\":\"Plano Fuensoriana\"},{\"@type\":\"BreadcrumbList\",\"@id\":\"https:\\\/\\\/mula.es\\\/web\\\/obras-publicas-el-ayuntamiento-de-mula-renueva-la-calle-fuensoriana\\\/#breadcrumb\",\"itemListElement\":[{\"@type\":\"ListItem\",\"position\":1,\"name\":\"Portada\",\"item\":\"https:\\\/\\\/mula.es\\\/web\\\/\"},{\"@type\":\"ListItem\",\"position\":2,\"name\":\"OBRAS P\u00daBLICAS| El Ayuntamiento de Mula renueva la calle Fuensoriana\"}]},{\"@type\":\"WebSite\",\"@id\":\"https:\\\/\\\/mula.es\\\/web\\\/#website\",\"url\":\"https:\\\/\\\/mula.es\\\/web\\\/\",\"name\":\"Ayuntamiento de Mula\",\"description\":\"P\u00e1gina web del Ayuntamiento de Mula (Regi\u00f3n de Murcia)\",\"potentialAction\":[{\"@type\":\"SearchAction\",\"target\":{\"@type\":\"EntryPoint\",\"urlTemplate\":\"https:\\\/\\\/mula.es\\\/web\\\/?s={search_term_string}\"},\"query-input\":{\"@type\":\"PropertyValueSpecification\",\"valueRequired\":true,\"valueName\":\"search_term_string\"}}],\"inLanguage\":\"es\"},{\"@type\":\"Person\",\"@id\":\"https:\\\/\\\/mula.es\\\/web\\\/#\\\/schema\\\/person\\\/4cc33fc69cd667605e1b6247815ac0c0\",\"name\":\"Mar\u00eda Bel\u00e9n Sumba Bravo\",\"image\":{\"@type\":\"ImageObject\",\"inLanguage\":\"es\",\"@id\":\"https:\\\/\\\/secure.gravatar.com\\\/avatar\\\/8f65af12a8d72e866f97bba50325bdf89a5362533b6f2c9db8c88130883986b1?s=96&d=mm&r=g\",\"url\":\"https:\\\/\\\/secure.gravatar.com\\\/avatar\\\/8f65af12a8d72e866f97bba50325bdf89a5362533b6f2c9db8c88130883986b1?s=96&d=mm&r=g\",\"contentUrl\":\"https:\\\/\\\/secure.gravatar.com\\\/avatar\\\/8f65af12a8d72e866f97bba50325bdf89a5362533b6f2c9db8c88130883986b1?s=96&d=mm&r=g\",\"caption\":\"Mar\u00eda Bel\u00e9n Sumba Bravo\"},\"url\":\"https:\\\/\\\/mula.es\\\/web\\\/author\\\/mbsumba\\\/\"}]}<\/script>\n<!-- \/ Yoast SEO plugin. -->","yoast_head_json":{"title":"OBRAS P\u00daBLICAS| El Ayuntamiento de Mula renueva la calle Fuensoriana - Ayuntamiento de Mula","robots":{"index":"index","follow":"follow","max-snippet":"max-snippet:-1","max-image-preview":"max-image-preview:large","max-video-preview":"max-video-preview:-1"},"canonical":"https:\/\/mula.es\/web\/obras-publicas-el-ayuntamiento-de-mula-renueva-la-calle-fuensoriana\/","og_locale":"es_ES","og_type":"article","og_title":"OBRAS P\u00daBLICAS| El Ayuntamiento de Mula renueva la calle Fuensoriana - Ayuntamiento de Mula","og_description":"El alcalde de Mula Juan Jes\u00fas Moreno ha dado a conocer la renovaci\u00f3n de la calle Fuensoriana de Mula, cuyas obras dar\u00e1n inicio a finales de este mes. Juan Jes\u00fas Moreno, acompa\u00f1ado del concejal de Urbanismo y Obras P\u00fablicas Francisco J. Llamazares, el concejal de Servicios Municipales Vicente L\u00f3pez y el t\u00e9cnico del Ayuntamiento Le\u00f3n [...]","og_url":"https:\/\/mula.es\/web\/obras-publicas-el-ayuntamiento-de-mula-renueva-la-calle-fuensoriana\/","og_site_name":"Ayuntamiento de Mula","article_published_time":"2023-01-13T12:02:50+00:00","og_image":[{"width":2560,"height":1792,"url":"https:\/\/mula.es\/web\/wp-content\/uploads\/2023\/01\/Plano-Fuensoriana-scaled.jpg","type":"image\/jpeg"}],"author":"Mar\u00eda Bel\u00e9n Sumba Bravo","twitter_card":"summary_large_image","twitter_creator":"@AyuntamientMula","twitter_site":"@AyuntamientMula","twitter_misc":{"Escrito por":"Mar\u00eda Bel\u00e9n Sumba Bravo","Tiempo de lectura":"2 minutos"},"schema":{"@context":"https:\/\/schema.org","@graph":[{"@type":"Article","@id":"https:\/\/mula.es\/web\/obras-publicas-el-ayuntamiento-de-mula-renueva-la-calle-fuensoriana\/#article","isPartOf":{"@id":"https:\/\/mula.es\/web\/obras-publicas-el-ayuntamiento-de-mula-renueva-la-calle-fuensoriana\/"},"author":{"name":"Mar\u00eda Bel\u00e9n Sumba Bravo","@id":"https:\/\/mula.es\/web\/#\/schema\/person\/4cc33fc69cd667605e1b6247815ac0c0"},"headline":"OBRAS P\u00daBLICAS| El Ayuntamiento de Mula renueva la calle Fuensoriana","datePublished":"2023-01-13T12:02:50+00:00","mainEntityOfPage":{"@id":"https:\/\/mula.es\/web\/obras-publicas-el-ayuntamiento-de-mula-renueva-la-calle-fuensoriana\/"},"wordCount":191,"image":{"@id":"https:\/\/mula.es\/web\/obras-publicas-el-ayuntamiento-de-mula-renueva-la-calle-fuensoriana\/#primaryimage"},"thumbnailUrl":"https:\/\/mula.es\/web\/wp-content\/uploads\/2023\/01\/Plano-Fuensoriana-scaled.jpg","articleSection":["obras p\u00fablicas"],"inLanguage":"es"},{"@type":"WebPage","@id":"https:\/\/mula.es\/web\/obras-publicas-el-ayuntamiento-de-mula-renueva-la-calle-fuensoriana\/","url":"https:\/\/mula.es\/web\/obras-publicas-el-ayuntamiento-de-mula-renueva-la-calle-fuensoriana\/","name":"OBRAS P\u00daBLICAS| El Ayuntamiento de Mula renueva la calle Fuensoriana - Ayuntamiento de Mula","isPartOf":{"@id":"https:\/\/mula.es\/web\/#website"},"primaryImageOfPage":{"@id":"https:\/\/mula.es\/web\/obras-publicas-el-ayuntamiento-de-mula-renueva-la-calle-fuensoriana\/#primaryimage"},"image":{"@id":"https:\/\/mula.es\/web\/obras-publicas-el-ayuntamiento-de-mula-renueva-la-calle-fuensoriana\/#primaryimage"},"thumbnailUrl":"https:\/\/mula.es\/web\/wp-content\/uploads\/2023\/01\/Plano-Fuensoriana-scaled.jpg","datePublished":"2023-01-13T12:02:50+00:00","author":{"@id":"https:\/\/mula.es\/web\/#\/schema\/person\/4cc33fc69cd667605e1b6247815ac0c0"},"breadcrumb":{"@id":"https:\/\/mula.es\/web\/obras-publicas-el-ayuntamiento-de-mula-renueva-la-calle-fuensoriana\/#breadcrumb"},"inLanguage":"es","potentialAction":[{"@type":"ReadAction","target":["https:\/\/mula.es\/web\/obras-publicas-el-ayuntamiento-de-mula-renueva-la-calle-fuensoriana\/"]}]},{"@type":"ImageObject","inLanguage":"es","@id":"https:\/\/mula.es\/web\/obras-publicas-el-ayuntamiento-de-mula-renueva-la-calle-fuensoriana\/#primaryimage","url":"https:\/\/mula.es\/web\/wp-content\/uploads\/2023\/01\/Plano-Fuensoriana-scaled.jpg","contentUrl":"https:\/\/mula.es\/web\/wp-content\/uploads\/2023\/01\/Plano-Fuensoriana-scaled.jpg","width":2560,"height":1792,"caption":"Plano Fuensoriana"},{"@type":"BreadcrumbList","@id":"https:\/\/mula.es\/web\/obras-publicas-el-ayuntamiento-de-mula-renueva-la-calle-fuensoriana\/#breadcrumb","itemListElement":[{"@type":"ListItem","position":1,"name":"Portada","item":"https:\/\/mula.es\/web\/"},{"@type":"ListItem","position":2,"name":"OBRAS P\u00daBLICAS| El Ayuntamiento de Mula renueva la calle Fuensoriana"}]},{"@type":"WebSite","@id":"https:\/\/mula.es\/web\/#website","url":"https:\/\/mula.es\/web\/","name":"Ayuntamiento de Mula","description":"P\u00e1gina web del Ayuntamiento de Mula (Regi\u00f3n de Murcia)","potentialAction":[{"@type":"SearchAction","target":{"@type":"EntryPoint","urlTemplate":"https:\/\/mula.es\/web\/?s={search_term_string}"},"query-input":{"@type":"PropertyValueSpecification","valueRequired":true,"valueName":"search_term_string"}}],"inLanguage":"es"},{"@type":"Person","@id":"https:\/\/mula.es\/web\/#\/schema\/person\/4cc33fc69cd667605e1b6247815ac0c0","name":"Mar\u00eda Bel\u00e9n Sumba Bravo","image":{"@type":"ImageObject","inLanguage":"es","@id":"https:\/\/secure.gravatar.com\/avatar\/8f65af12a8d72e866f97bba50325bdf89a5362533b6f2c9db8c88130883986b1?s=96&d=mm&r=g","url":"https:\/\/secure.gravatar.com\/avatar\/8f65af12a8d72e866f97bba50325bdf89a5362533b6f2c9db8c88130883986b1?s=96&d=mm&r=g","contentUrl":"https:\/\/secure.gravatar.com\/avatar\/8f65af12a8d72e866f97bba50325bdf89a5362533b6f2c9db8c88130883986b1?s=96&d=mm&r=g","caption":"Mar\u00eda Bel\u00e9n Sumba Bravo"},"url":"https:\/\/mula.es\/web\/author\/mbsumba\/"}]}},"jetpack_publicize_connections":[],"jetpack_featured_media_url":"https:\/\/mula.es\/web\/wp-content\/uploads\/2023\/01\/Plano-Fuensoriana-scaled.jpg","jetpack_sharing_enabled":true,"jetpack_shortlink":"https:\/\/wp.me\/pa9DMY-ceE","jetpack-related-posts":[],"_links":{"self":[{"href":"https:\/\/mula.es\/web\/wp-json\/wp\/v2\/posts\/47036","targetHints":{"allow":["GET"]}}],"collection":[{"href":"https:\/\/mula.es\/web\/wp-json\/wp\/v2\/posts"}],"about":[{"href":"https:\/\/mula.es\/web\/wp-json\/wp\/v2\/types\/post"}],"author":[{"embeddable":true,"href":"https:\/\/mula.es\/web\/wp-json\/wp\/v2\/users\/12"}],"replies":[{"embeddable":true,"href":"https:\/\/mula.es\/web\/wp-json\/wp\/v2\/comments?post=47036"}],"version-history":[{"count":2,"href":"https:\/\/mula.es\/web\/wp-json\/wp\/v2\/posts\/47036\/revisions"}],"predecessor-version":[{"id":47044,"href":"https:\/\/mula.es\/web\/wp-json\/wp\/v2\/posts\/47036\/revisions\/47044"}],"wp:featuredmedia":[{"embeddable":true,"href":"https:\/\/mula.es\/web\/wp-json\/wp\/v2\/media\/47037"}],"wp:attachment":[{"href":"https:\/\/mula.es\/web\/wp-json\/wp\/v2\/media?parent=47036"}],"wp:term":[{"taxonomy":"category","embeddable":true,"href":"https:\/\/mula.es\/web\/wp-json\/wp\/v2\/categories?post=47036"},{"taxonomy":"post_tag","embeddable":true,"href":"https:\/\/mula.es\/web\/wp-json\/wp\/v2\/tags?post=47036"}],"curies":[{"name":"wp","href":"https:\/\/api.w.org\/{rel}","templated":true}]}}