{"id":47063,"date":"2023-01-16T16:11:51","date_gmt":"2023-01-16T15:11:51","guid":{"rendered":"https:\/\/mula.es\/web\/?p=47063"},"modified":"2023-01-16T16:11:51","modified_gmt":"2023-01-16T15:11:51","slug":"comercio-se-abren-dos-nuevos-comercios-en-la-plaza-de-abastos-de-mula","status":"publish","type":"post","link":"https:\/\/mula.es\/web\/comercio-se-abren-dos-nuevos-comercios-en-la-plaza-de-abastos-de-mula\/","title":{"rendered":"COMERCIO| Se abren dos nuevos comercios en la Plaza de Abastos de Mula"},"content":{"rendered":"<p style=\"text-align: justify;\"><strong>El alcalde de Mula Juan Jes\u00fas Moreno, acompa\u00f1ado por miembros del equipo de Gobierno, ha visitado la Plaza de Abastos del municipio, donde se han creado recientemente dos nuevos comercios locales.<\/strong><\/p>\n<p style=\"text-align: justify;\"><strong>\u201cHemos invertido y seguiremos invirtiendo en la Plaza de Abastos, ya que creemos firmemente que es de vital importancia para hacer crecer nuestro comercio y nuestro municipio\u201d<\/strong>, ha declarado Juan Jes\u00fas Moreno durante la visita. Y es que, la plaza, construida en 1947, se configura como un entorno clave para la dinamizaci\u00f3n del comercio local del municipio por su privilegiada ubicaci\u00f3n.<\/p>\n<p style=\"text-align: justify;\">En la actualidad, la plaza sigue creciendo y se han creado dos nuevos comercios: Eco Noe, un local de productos de limpieza e higiene ecol\u00f3gicos y a granel; y Comidas para llevar Plaza de Abastos, donde los mule\u00f1os y mule\u00f1as pueden adquirir platos preparados. A ellos, se suman los ya existentes, como son una fruter\u00eda, un caf\u00e9-bar, una pescader\u00eda y una carnicer\u00eda, que llenan de vida este espacio.<\/p>\n<p><a href=\"https:\/\/mula.es\/web\/wp-content\/uploads\/2023\/01\/Visita-Plaza-de-Abastos-1..jpeg\"><img decoding=\"async\" data-attachment-id=\"47064\" data-permalink=\"https:\/\/mula.es\/web\/comercio-se-abren-dos-nuevos-comercios-en-la-plaza-de-abastos-de-mula\/visita-plaza-de-abastos-1\/\" data-orig-file=\"https:\/\/mula.es\/web\/wp-content\/uploads\/2023\/01\/Visita-Plaza-de-Abastos-1..jpeg\" data-orig-size=\"768,1024\" data-comments-opened=\"0\" data-image-meta=\"{&quot;aperture&quot;:&quot;0&quot;,&quot;credit&quot;:&quot;&quot;,&quot;camera&quot;:&quot;&quot;,&quot;caption&quot;:&quot;&quot;,&quot;created_timestamp&quot;:&quot;0&quot;,&quot;copyright&quot;:&quot;&quot;,&quot;focal_length&quot;:&quot;0&quot;,&quot;iso&quot;:&quot;0&quot;,&quot;shutter_speed&quot;:&quot;0&quot;,&quot;title&quot;:&quot;&quot;,&quot;orientation&quot;:&quot;0&quot;}\" data-image-title=\"Visita Plaza de Abastos (1).\" data-image-description=\"\" data-image-caption=\"\" data-large-file=\"https:\/\/mula.es\/web\/wp-content\/uploads\/2023\/01\/Visita-Plaza-de-Abastos-1..jpeg\" class=\"aligncenter wp-image-47064 \" src=\"https:\/\/mula.es\/web\/wp-content\/uploads\/2023\/01\/Visita-Plaza-de-Abastos-1..jpeg\" alt=\"Visita Plaza de Abastos.\" width=\"421\" height=\"561\" srcset=\"https:\/\/mula.es\/web\/wp-content\/uploads\/2023\/01\/Visita-Plaza-de-Abastos-1.-200x267.jpeg 200w, https:\/\/mula.es\/web\/wp-content\/uploads\/2023\/01\/Visita-Plaza-de-Abastos-1.-225x300.jpeg 225w, https:\/\/mula.es\/web\/wp-content\/uploads\/2023\/01\/Visita-Plaza-de-Abastos-1.-400x533.jpeg 400w, https:\/\/mula.es\/web\/wp-content\/uploads\/2023\/01\/Visita-Plaza-de-Abastos-1.-600x800.jpeg 600w, https:\/\/mula.es\/web\/wp-content\/uploads\/2023\/01\/Visita-Plaza-de-Abastos-1..jpeg 768w\" sizes=\"(max-width: 421px) 100vw, 421px\" \/><\/a><\/p>\n","protected":false},"excerpt":{"rendered":"<p>El alcalde de Mula Juan Jes\u00fas Moreno, acompa\u00f1ado por miembros del equipo de Gobierno, ha visitado la Plaza de Abastos del municipio, donde se han creado recientemente dos nuevos comercios locales. \u201cHemos invertido y seguiremos invirtiendo en la Plaza de Abastos, ya que creemos firmemente que es de vital importancia para hacer crecer nuestro comercio  [&#8230;]<\/p>\n","protected":false},"author":12,"featured_media":47065,"comment_status":"closed","ping_status":"closed","sticky":false,"template":"","format":"standard","meta":{"jetpack_post_was_ever_published":false,"_jetpack_newsletter_access":"","_jetpack_dont_email_post_to_subs":false,"_jetpack_newsletter_tier_id":0,"_jetpack_memberships_contains_paywalled_content":false,"_jetpack_memberships_contains_paid_content":false,"footnotes":"","jetpack_publicize_message":"","jetpack_publicize_feature_enabled":true,"jetpack_social_post_already_shared":false,"jetpack_social_options":{"image_generator_settings":{"template":"highway","default_image_id":0,"font":"","enabled":false},"version":2}},"categories":[164],"tags":[],"class_list":["post-47063","post","type-post","status-publish","format-standard","has-post-thumbnail","hentry","category-comercio"],"yoast_head":"<!-- This site is optimized with the Yoast SEO plugin v27.4 - https:\/\/yoast.com\/product\/yoast-seo-wordpress\/ -->\n<title>COMERCIO| Se abren dos nuevos comercios en la Plaza de Abastos de Mula - Ayuntamiento de Mula<\/title>\n<meta name=\"robots\" content=\"index, follow, max-snippet:-1, max-image-preview:large, max-video-preview:-1\" \/>\n<link rel=\"canonical\" href=\"https:\/\/mula.es\/web\/comercio-se-abren-dos-nuevos-comercios-en-la-plaza-de-abastos-de-mula\/\" \/>\n<meta property=\"og:locale\" content=\"es_ES\" \/>\n<meta property=\"og:type\" content=\"article\" \/>\n<meta property=\"og:title\" content=\"COMERCIO| Se abren dos nuevos comercios en la Plaza de Abastos de Mula - Ayuntamiento de Mula\" \/>\n<meta property=\"og:description\" content=\"El alcalde de Mula Juan Jes\u00fas Moreno, acompa\u00f1ado por miembros del equipo de Gobierno, ha visitado la Plaza de Abastos del municipio, donde se han creado recientemente dos nuevos comercios locales. \u201cHemos invertido y seguiremos invirtiendo en la Plaza de Abastos, ya que creemos firmemente que es de vital importancia para hacer crecer nuestro comercio [...]\" \/>\n<meta property=\"og:url\" content=\"https:\/\/mula.es\/web\/comercio-se-abren-dos-nuevos-comercios-en-la-plaza-de-abastos-de-mula\/\" \/>\n<meta property=\"og:site_name\" content=\"Ayuntamiento de Mula\" \/>\n<meta property=\"article:published_time\" content=\"2023-01-16T15:11:51+00:00\" \/>\n<meta property=\"og:image\" content=\"https:\/\/mula.es\/web\/wp-content\/uploads\/2023\/01\/Visita-Plaza-de-Abastos.jpeg\" \/>\n\t<meta property=\"og:image:width\" content=\"1024\" \/>\n\t<meta property=\"og:image:height\" content=\"768\" \/>\n\t<meta property=\"og:image:type\" content=\"image\/jpeg\" \/>\n<meta name=\"author\" content=\"Mar\u00eda Bel\u00e9n Sumba Bravo\" \/>\n<meta name=\"twitter:card\" content=\"summary_large_image\" \/>\n<meta name=\"twitter:creator\" content=\"@AyuntamientMula\" \/>\n<meta name=\"twitter:site\" content=\"@AyuntamientMula\" \/>\n<meta name=\"twitter:label1\" content=\"Escrito por\" \/>\n\t<meta name=\"twitter:data1\" content=\"Mar\u00eda Bel\u00e9n Sumba Bravo\" \/>\n\t<meta name=\"twitter:label2\" content=\"Tiempo de lectura\" \/>\n\t<meta name=\"twitter:data2\" content=\"1 minuto\" \/>\n<script type=\"application\/ld+json\" class=\"yoast-schema-graph\">{\"@context\":\"https:\\\/\\\/schema.org\",\"@graph\":[{\"@type\":\"Article\",\"@id\":\"https:\\\/\\\/mula.es\\\/web\\\/comercio-se-abren-dos-nuevos-comercios-en-la-plaza-de-abastos-de-mula\\\/#article\",\"isPartOf\":{\"@id\":\"https:\\\/\\\/mula.es\\\/web\\\/comercio-se-abren-dos-nuevos-comercios-en-la-plaza-de-abastos-de-mula\\\/\"},\"author\":{\"name\":\"Mar\u00eda Bel\u00e9n Sumba Bravo\",\"@id\":\"https:\\\/\\\/mula.es\\\/web\\\/#\\\/schema\\\/person\\\/4cc33fc69cd667605e1b6247815ac0c0\"},\"headline\":\"COMERCIO| Se abren dos nuevos comercios en la Plaza de Abastos de Mula\",\"datePublished\":\"2023-01-16T15:11:51+00:00\",\"mainEntityOfPage\":{\"@id\":\"https:\\\/\\\/mula.es\\\/web\\\/comercio-se-abren-dos-nuevos-comercios-en-la-plaza-de-abastos-de-mula\\\/\"},\"wordCount\":184,\"image\":{\"@id\":\"https:\\\/\\\/mula.es\\\/web\\\/comercio-se-abren-dos-nuevos-comercios-en-la-plaza-de-abastos-de-mula\\\/#primaryimage\"},\"thumbnailUrl\":\"https:\\\/\\\/mula.es\\\/web\\\/wp-content\\\/uploads\\\/2023\\\/01\\\/Visita-Plaza-de-Abastos.jpeg\",\"articleSection\":[\"comercio\"],\"inLanguage\":\"es\"},{\"@type\":\"WebPage\",\"@id\":\"https:\\\/\\\/mula.es\\\/web\\\/comercio-se-abren-dos-nuevos-comercios-en-la-plaza-de-abastos-de-mula\\\/\",\"url\":\"https:\\\/\\\/mula.es\\\/web\\\/comercio-se-abren-dos-nuevos-comercios-en-la-plaza-de-abastos-de-mula\\\/\",\"name\":\"COMERCIO| Se abren dos nuevos comercios en la Plaza de Abastos de Mula - Ayuntamiento de Mula\",\"isPartOf\":{\"@id\":\"https:\\\/\\\/mula.es\\\/web\\\/#website\"},\"primaryImageOfPage\":{\"@id\":\"https:\\\/\\\/mula.es\\\/web\\\/comercio-se-abren-dos-nuevos-comercios-en-la-plaza-de-abastos-de-mula\\\/#primaryimage\"},\"image\":{\"@id\":\"https:\\\/\\\/mula.es\\\/web\\\/comercio-se-abren-dos-nuevos-comercios-en-la-plaza-de-abastos-de-mula\\\/#primaryimage\"},\"thumbnailUrl\":\"https:\\\/\\\/mula.es\\\/web\\\/wp-content\\\/uploads\\\/2023\\\/01\\\/Visita-Plaza-de-Abastos.jpeg\",\"datePublished\":\"2023-01-16T15:11:51+00:00\",\"author\":{\"@id\":\"https:\\\/\\\/mula.es\\\/web\\\/#\\\/schema\\\/person\\\/4cc33fc69cd667605e1b6247815ac0c0\"},\"breadcrumb\":{\"@id\":\"https:\\\/\\\/mula.es\\\/web\\\/comercio-se-abren-dos-nuevos-comercios-en-la-plaza-de-abastos-de-mula\\\/#breadcrumb\"},\"inLanguage\":\"es\",\"potentialAction\":[{\"@type\":\"ReadAction\",\"target\":[\"https:\\\/\\\/mula.es\\\/web\\\/comercio-se-abren-dos-nuevos-comercios-en-la-plaza-de-abastos-de-mula\\\/\"]}]},{\"@type\":\"ImageObject\",\"inLanguage\":\"es\",\"@id\":\"https:\\\/\\\/mula.es\\\/web\\\/comercio-se-abren-dos-nuevos-comercios-en-la-plaza-de-abastos-de-mula\\\/#primaryimage\",\"url\":\"https:\\\/\\\/mula.es\\\/web\\\/wp-content\\\/uploads\\\/2023\\\/01\\\/Visita-Plaza-de-Abastos.jpeg\",\"contentUrl\":\"https:\\\/\\\/mula.es\\\/web\\\/wp-content\\\/uploads\\\/2023\\\/01\\\/Visita-Plaza-de-Abastos.jpeg\",\"width\":1024,\"height\":768,\"caption\":\"Visita Plaza de Abastos.\"},{\"@type\":\"BreadcrumbList\",\"@id\":\"https:\\\/\\\/mula.es\\\/web\\\/comercio-se-abren-dos-nuevos-comercios-en-la-plaza-de-abastos-de-mula\\\/#breadcrumb\",\"itemListElement\":[{\"@type\":\"ListItem\",\"position\":1,\"name\":\"Portada\",\"item\":\"https:\\\/\\\/mula.es\\\/web\\\/\"},{\"@type\":\"ListItem\",\"position\":2,\"name\":\"COMERCIO| Se abren dos nuevos comercios en la Plaza de Abastos de Mula\"}]},{\"@type\":\"WebSite\",\"@id\":\"https:\\\/\\\/mula.es\\\/web\\\/#website\",\"url\":\"https:\\\/\\\/mula.es\\\/web\\\/\",\"name\":\"Ayuntamiento de Mula\",\"description\":\"P\u00e1gina web del Ayuntamiento de Mula (Regi\u00f3n de Murcia)\",\"potentialAction\":[{\"@type\":\"SearchAction\",\"target\":{\"@type\":\"EntryPoint\",\"urlTemplate\":\"https:\\\/\\\/mula.es\\\/web\\\/?s={search_term_string}\"},\"query-input\":{\"@type\":\"PropertyValueSpecification\",\"valueRequired\":true,\"valueName\":\"search_term_string\"}}],\"inLanguage\":\"es\"},{\"@type\":\"Person\",\"@id\":\"https:\\\/\\\/mula.es\\\/web\\\/#\\\/schema\\\/person\\\/4cc33fc69cd667605e1b6247815ac0c0\",\"name\":\"Mar\u00eda Bel\u00e9n Sumba Bravo\",\"image\":{\"@type\":\"ImageObject\",\"inLanguage\":\"es\",\"@id\":\"https:\\\/\\\/secure.gravatar.com\\\/avatar\\\/8f65af12a8d72e866f97bba50325bdf89a5362533b6f2c9db8c88130883986b1?s=96&d=mm&r=g\",\"url\":\"https:\\\/\\\/secure.gravatar.com\\\/avatar\\\/8f65af12a8d72e866f97bba50325bdf89a5362533b6f2c9db8c88130883986b1?s=96&d=mm&r=g\",\"contentUrl\":\"https:\\\/\\\/secure.gravatar.com\\\/avatar\\\/8f65af12a8d72e866f97bba50325bdf89a5362533b6f2c9db8c88130883986b1?s=96&d=mm&r=g\",\"caption\":\"Mar\u00eda Bel\u00e9n Sumba Bravo\"},\"url\":\"https:\\\/\\\/mula.es\\\/web\\\/author\\\/mbsumba\\\/\"}]}<\/script>\n<!-- \/ Yoast SEO plugin. -->","yoast_head_json":{"title":"COMERCIO| Se abren dos nuevos comercios en la Plaza de Abastos de Mula - Ayuntamiento de Mula","robots":{"index":"index","follow":"follow","max-snippet":"max-snippet:-1","max-image-preview":"max-image-preview:large","max-video-preview":"max-video-preview:-1"},"canonical":"https:\/\/mula.es\/web\/comercio-se-abren-dos-nuevos-comercios-en-la-plaza-de-abastos-de-mula\/","og_locale":"es_ES","og_type":"article","og_title":"COMERCIO| Se abren dos nuevos comercios en la Plaza de Abastos de Mula - Ayuntamiento de Mula","og_description":"El alcalde de Mula Juan Jes\u00fas Moreno, acompa\u00f1ado por miembros del equipo de Gobierno, ha visitado la Plaza de Abastos del municipio, donde se han creado recientemente dos nuevos comercios locales. \u201cHemos invertido y seguiremos invirtiendo en la Plaza de Abastos, ya que creemos firmemente que es de vital importancia para hacer crecer nuestro comercio [...]","og_url":"https:\/\/mula.es\/web\/comercio-se-abren-dos-nuevos-comercios-en-la-plaza-de-abastos-de-mula\/","og_site_name":"Ayuntamiento de Mula","article_published_time":"2023-01-16T15:11:51+00:00","og_image":[{"width":1024,"height":768,"url":"https:\/\/mula.es\/web\/wp-content\/uploads\/2023\/01\/Visita-Plaza-de-Abastos.jpeg","type":"image\/jpeg"}],"author":"Mar\u00eda Bel\u00e9n Sumba Bravo","twitter_card":"summary_large_image","twitter_creator":"@AyuntamientMula","twitter_site":"@AyuntamientMula","twitter_misc":{"Escrito por":"Mar\u00eda Bel\u00e9n Sumba Bravo","Tiempo de lectura":"1 minuto"},"schema":{"@context":"https:\/\/schema.org","@graph":[{"@type":"Article","@id":"https:\/\/mula.es\/web\/comercio-se-abren-dos-nuevos-comercios-en-la-plaza-de-abastos-de-mula\/#article","isPartOf":{"@id":"https:\/\/mula.es\/web\/comercio-se-abren-dos-nuevos-comercios-en-la-plaza-de-abastos-de-mula\/"},"author":{"name":"Mar\u00eda Bel\u00e9n Sumba Bravo","@id":"https:\/\/mula.es\/web\/#\/schema\/person\/4cc33fc69cd667605e1b6247815ac0c0"},"headline":"COMERCIO| Se abren dos nuevos comercios en la Plaza de Abastos de Mula","datePublished":"2023-01-16T15:11:51+00:00","mainEntityOfPage":{"@id":"https:\/\/mula.es\/web\/comercio-se-abren-dos-nuevos-comercios-en-la-plaza-de-abastos-de-mula\/"},"wordCount":184,"image":{"@id":"https:\/\/mula.es\/web\/comercio-se-abren-dos-nuevos-comercios-en-la-plaza-de-abastos-de-mula\/#primaryimage"},"thumbnailUrl":"https:\/\/mula.es\/web\/wp-content\/uploads\/2023\/01\/Visita-Plaza-de-Abastos.jpeg","articleSection":["comercio"],"inLanguage":"es"},{"@type":"WebPage","@id":"https:\/\/mula.es\/web\/comercio-se-abren-dos-nuevos-comercios-en-la-plaza-de-abastos-de-mula\/","url":"https:\/\/mula.es\/web\/comercio-se-abren-dos-nuevos-comercios-en-la-plaza-de-abastos-de-mula\/","name":"COMERCIO| Se abren dos nuevos comercios en la Plaza de Abastos de Mula - Ayuntamiento de Mula","isPartOf":{"@id":"https:\/\/mula.es\/web\/#website"},"primaryImageOfPage":{"@id":"https:\/\/mula.es\/web\/comercio-se-abren-dos-nuevos-comercios-en-la-plaza-de-abastos-de-mula\/#primaryimage"},"image":{"@id":"https:\/\/mula.es\/web\/comercio-se-abren-dos-nuevos-comercios-en-la-plaza-de-abastos-de-mula\/#primaryimage"},"thumbnailUrl":"https:\/\/mula.es\/web\/wp-content\/uploads\/2023\/01\/Visita-Plaza-de-Abastos.jpeg","datePublished":"2023-01-16T15:11:51+00:00","author":{"@id":"https:\/\/mula.es\/web\/#\/schema\/person\/4cc33fc69cd667605e1b6247815ac0c0"},"breadcrumb":{"@id":"https:\/\/mula.es\/web\/comercio-se-abren-dos-nuevos-comercios-en-la-plaza-de-abastos-de-mula\/#breadcrumb"},"inLanguage":"es","potentialAction":[{"@type":"ReadAction","target":["https:\/\/mula.es\/web\/comercio-se-abren-dos-nuevos-comercios-en-la-plaza-de-abastos-de-mula\/"]}]},{"@type":"ImageObject","inLanguage":"es","@id":"https:\/\/mula.es\/web\/comercio-se-abren-dos-nuevos-comercios-en-la-plaza-de-abastos-de-mula\/#primaryimage","url":"https:\/\/mula.es\/web\/wp-content\/uploads\/2023\/01\/Visita-Plaza-de-Abastos.jpeg","contentUrl":"https:\/\/mula.es\/web\/wp-content\/uploads\/2023\/01\/Visita-Plaza-de-Abastos.jpeg","width":1024,"height":768,"caption":"Visita Plaza de Abastos."},{"@type":"BreadcrumbList","@id":"https:\/\/mula.es\/web\/comercio-se-abren-dos-nuevos-comercios-en-la-plaza-de-abastos-de-mula\/#breadcrumb","itemListElement":[{"@type":"ListItem","position":1,"name":"Portada","item":"https:\/\/mula.es\/web\/"},{"@type":"ListItem","position":2,"name":"COMERCIO| Se abren dos nuevos comercios en la Plaza de Abastos de Mula"}]},{"@type":"WebSite","@id":"https:\/\/mula.es\/web\/#website","url":"https:\/\/mula.es\/web\/","name":"Ayuntamiento de Mula","description":"P\u00e1gina web del Ayuntamiento de Mula (Regi\u00f3n de Murcia)","potentialAction":[{"@type":"SearchAction","target":{"@type":"EntryPoint","urlTemplate":"https:\/\/mula.es\/web\/?s={search_term_string}"},"query-input":{"@type":"PropertyValueSpecification","valueRequired":true,"valueName":"search_term_string"}}],"inLanguage":"es"},{"@type":"Person","@id":"https:\/\/mula.es\/web\/#\/schema\/person\/4cc33fc69cd667605e1b6247815ac0c0","name":"Mar\u00eda Bel\u00e9n Sumba Bravo","image":{"@type":"ImageObject","inLanguage":"es","@id":"https:\/\/secure.gravatar.com\/avatar\/8f65af12a8d72e866f97bba50325bdf89a5362533b6f2c9db8c88130883986b1?s=96&d=mm&r=g","url":"https:\/\/secure.gravatar.com\/avatar\/8f65af12a8d72e866f97bba50325bdf89a5362533b6f2c9db8c88130883986b1?s=96&d=mm&r=g","contentUrl":"https:\/\/secure.gravatar.com\/avatar\/8f65af12a8d72e866f97bba50325bdf89a5362533b6f2c9db8c88130883986b1?s=96&d=mm&r=g","caption":"Mar\u00eda Bel\u00e9n Sumba Bravo"},"url":"https:\/\/mula.es\/web\/author\/mbsumba\/"}]}},"jetpack_publicize_connections":[],"jetpack_featured_media_url":"https:\/\/mula.es\/web\/wp-content\/uploads\/2023\/01\/Visita-Plaza-de-Abastos.jpeg","jetpack_sharing_enabled":true,"jetpack_shortlink":"https:\/\/wp.me\/pa9DMY-cf5","jetpack-related-posts":[],"_links":{"self":[{"href":"https:\/\/mula.es\/web\/wp-json\/wp\/v2\/posts\/47063","targetHints":{"allow":["GET"]}}],"collection":[{"href":"https:\/\/mula.es\/web\/wp-json\/wp\/v2\/posts"}],"about":[{"href":"https:\/\/mula.es\/web\/wp-json\/wp\/v2\/types\/post"}],"author":[{"embeddable":true,"href":"https:\/\/mula.es\/web\/wp-json\/wp\/v2\/users\/12"}],"replies":[{"embeddable":true,"href":"https:\/\/mula.es\/web\/wp-json\/wp\/v2\/comments?post=47063"}],"version-history":[{"count":2,"href":"https:\/\/mula.es\/web\/wp-json\/wp\/v2\/posts\/47063\/revisions"}],"predecessor-version":[{"id":47067,"href":"https:\/\/mula.es\/web\/wp-json\/wp\/v2\/posts\/47063\/revisions\/47067"}],"wp:featuredmedia":[{"embeddable":true,"href":"https:\/\/mula.es\/web\/wp-json\/wp\/v2\/media\/47065"}],"wp:attachment":[{"href":"https:\/\/mula.es\/web\/wp-json\/wp\/v2\/media?parent=47063"}],"wp:term":[{"taxonomy":"category","embeddable":true,"href":"https:\/\/mula.es\/web\/wp-json\/wp\/v2\/categories?post=47063"},{"taxonomy":"post_tag","embeddable":true,"href":"https:\/\/mula.es\/web\/wp-json\/wp\/v2\/tags?post=47063"}],"curies":[{"name":"wp","href":"https:\/\/api.w.org\/{rel}","templated":true}]}}