{"id":47073,"date":"2023-01-17T09:42:18","date_gmt":"2023-01-17T08:42:18","guid":{"rendered":"https:\/\/mula.es\/web\/?p=47073"},"modified":"2023-01-17T09:42:18","modified_gmt":"2023-01-17T08:42:18","slug":"patrimonio-reunion-del-consejo-de-patrimonio-historico-artistico-de-mula","status":"publish","type":"post","link":"https:\/\/mula.es\/web\/patrimonio-reunion-del-consejo-de-patrimonio-historico-artistico-de-mula\/","title":{"rendered":"PATRIMONIO| Reuni\u00f3n del Consejo de Patrimonio Hist\u00f3rico-Art\u00edstico de Mula"},"content":{"rendered":"<p style=\"text-align: justify;\"><strong>A finales de 2022 se reuni\u00f3 el Consejo Municipal de Patrimonio Hist\u00f3rico-Art\u00edstico de Mula, presidido por el concejal de Cultura y Patrimonio Hist\u00f3rico Diego Boluda, donde participaron miembros de la corporaci\u00f3n municipal, t\u00e9cnicos de la Concejal\u00eda de Cultura y Patrimonio, as\u00ed como representantes de asociaciones culturales como son la Asociaci\u00f3n de Amigos Museo del Cigarralejo (ASAMIC), el Foro Cultural y la plataforma ciudadana Mula Por Su Castillo.<\/strong><\/p>\n<p style=\"text-align: justify;\">En este encuentro, Diego Boluda manifest\u00f3 que 2022 \u201cha sido un gran a\u00f1o en cuanto a la recuperaci\u00f3n de importantes adquisiciones para el patrimonio del municipio\u201d. Asimismo, afirm\u00f3 que<strong> \u201cen 2023 ver\u00e1n la luz importantes proyectos que vienen desarroll\u00e1ndose en los \u00faltimos meses, como es la exposici\u00f3n del sarc\u00f3fago de Villaricos y la culminaci\u00f3n de la expropiaci\u00f3n del castillo de Mula, pasando el hist\u00f3rico edificio a titularidad p\u00fablica tras a\u00f1os de trabajo para culminarlo\u201d.<\/strong><\/p>\n<p style=\"text-align: justify;\">Uno de los temas principales fue la exposici\u00f3n, por parte del arque\u00f3logo municipal Jos\u00e9 Antonio Zapata, del <strong>proyecto de rehabilitaci\u00f3n y puesta en valor de la torre-ermita de La Puebla de Mula<\/strong>. Una iniciativa con la que se realizar\u00e1 una regeneraci\u00f3n urbana del entorno, as\u00ed como se contribuir\u00e1 a la creaci\u00f3n de un valioso atractivo tur\u00edstico y cultural.<\/p>\n<p style=\"text-align: justify;\">El concejal de Cultura, por su parte, dio a conocer la situaci\u00f3n actual del <strong>proceso de expropiaci\u00f3n del castillo de Mula<\/strong>. Diego Boluda expuso que ya est\u00e1 finalizando la formaci\u00f3n del tribunal que determinar\u00e1 el justiprecio, dando paso a la recta final de la expropiaci\u00f3n.<\/p>\n<p style=\"text-align: justify;\">Durante la reuni\u00f3n tambi\u00e9n se habl\u00f3 sobre la <strong>oller\u00eda Mariano Artero y la Torre Medieval de La Puebla de Mula<\/strong>, dos de las \u00faltimas adquisiciones del Ayuntamiento de Mula. As\u00ed como del impacto en el patrimonio cultural de las obras efectuadas en el municipio, como son las realizadas en la ermita del Carmen, en el castillo, en Villaricos y en el abrigo de El Milano -Patrimonio de la Humanidad por la UNESCO-.<\/p>\n<p style=\"text-align: justify;\">Las asociaciones presentes en el Consejo pudieron realizar observaciones, apreciaciones y ruegos ante el Consejo, que fueron recogidas por el concejal de Cultura y que contribuyen al trabajo que se viene desarrollando en la materia.<\/p>\n","protected":false},"excerpt":{"rendered":"<p>A finales de 2022 se reuni\u00f3 el Consejo Municipal de Patrimonio Hist\u00f3rico-Art\u00edstico de Mula, presidido por el concejal de Cultura y Patrimonio Hist\u00f3rico Diego Boluda, donde participaron miembros de la corporaci\u00f3n municipal, t\u00e9cnicos de la Concejal\u00eda de Cultura y Patrimonio, as\u00ed como representantes de asociaciones culturales como son la Asociaci\u00f3n de Amigos Museo del Cigarralejo  [&#8230;]<\/p>\n","protected":false},"author":12,"featured_media":47074,"comment_status":"closed","ping_status":"closed","sticky":false,"template":"","format":"standard","meta":{"jetpack_post_was_ever_published":false,"_jetpack_newsletter_access":"","_jetpack_dont_email_post_to_subs":false,"_jetpack_newsletter_tier_id":0,"_jetpack_memberships_contains_paywalled_content":false,"_jetpack_memberships_contains_paid_content":false,"footnotes":"","jetpack_publicize_message":"","jetpack_publicize_feature_enabled":true,"jetpack_social_post_already_shared":false,"jetpack_social_options":{"image_generator_settings":{"template":"highway","default_image_id":0,"font":"","enabled":false},"version":2}},"categories":[180,357],"tags":[],"class_list":["post-47073","post","type-post","status-publish","format-standard","has-post-thumbnail","hentry","category-patrimonio-cultural","category-patrimonio-historico"],"yoast_head":"<!-- This site is optimized with the Yoast SEO plugin v27.4 - https:\/\/yoast.com\/product\/yoast-seo-wordpress\/ -->\n<title>PATRIMONIO| Reuni\u00f3n del Consejo de Patrimonio Hist\u00f3rico-Art\u00edstico de Mula - Ayuntamiento de Mula<\/title>\n<meta name=\"robots\" content=\"index, follow, max-snippet:-1, max-image-preview:large, max-video-preview:-1\" \/>\n<link rel=\"canonical\" href=\"https:\/\/mula.es\/web\/patrimonio-reunion-del-consejo-de-patrimonio-historico-artistico-de-mula\/\" \/>\n<meta property=\"og:locale\" content=\"es_ES\" \/>\n<meta property=\"og:type\" content=\"article\" \/>\n<meta property=\"og:title\" content=\"PATRIMONIO| Reuni\u00f3n del Consejo de Patrimonio Hist\u00f3rico-Art\u00edstico de Mula - Ayuntamiento de Mula\" \/>\n<meta property=\"og:description\" content=\"A finales de 2022 se reuni\u00f3 el Consejo Municipal de Patrimonio Hist\u00f3rico-Art\u00edstico de Mula, presidido por el concejal de Cultura y Patrimonio Hist\u00f3rico Diego Boluda, donde participaron miembros de la corporaci\u00f3n municipal, t\u00e9cnicos de la Concejal\u00eda de Cultura y Patrimonio, as\u00ed como representantes de asociaciones culturales como son la Asociaci\u00f3n de Amigos Museo del Cigarralejo [...]\" \/>\n<meta property=\"og:url\" content=\"https:\/\/mula.es\/web\/patrimonio-reunion-del-consejo-de-patrimonio-historico-artistico-de-mula\/\" \/>\n<meta property=\"og:site_name\" content=\"Ayuntamiento de Mula\" \/>\n<meta property=\"article:published_time\" content=\"2023-01-17T08:42:18+00:00\" \/>\n<meta property=\"og:image\" content=\"https:\/\/mula.es\/web\/wp-content\/uploads\/2023\/01\/Reunion-Consejo-Patrimonio-Historico-Mula.jpeg\" \/>\n\t<meta property=\"og:image:width\" content=\"980\" \/>\n\t<meta property=\"og:image:height\" content=\"552\" \/>\n\t<meta property=\"og:image:type\" content=\"image\/jpeg\" \/>\n<meta name=\"author\" content=\"Mar\u00eda Bel\u00e9n Sumba Bravo\" \/>\n<meta name=\"twitter:card\" content=\"summary_large_image\" \/>\n<meta name=\"twitter:creator\" content=\"@AyuntamientMula\" \/>\n<meta name=\"twitter:site\" content=\"@AyuntamientMula\" \/>\n<meta name=\"twitter:label1\" content=\"Escrito por\" \/>\n\t<meta name=\"twitter:data1\" content=\"Mar\u00eda Bel\u00e9n Sumba Bravo\" \/>\n\t<meta name=\"twitter:label2\" content=\"Tiempo de lectura\" \/>\n\t<meta name=\"twitter:data2\" content=\"2 minutos\" \/>\n<script type=\"application\/ld+json\" class=\"yoast-schema-graph\">{\"@context\":\"https:\\\/\\\/schema.org\",\"@graph\":[{\"@type\":\"Article\",\"@id\":\"https:\\\/\\\/mula.es\\\/web\\\/patrimonio-reunion-del-consejo-de-patrimonio-historico-artistico-de-mula\\\/#article\",\"isPartOf\":{\"@id\":\"https:\\\/\\\/mula.es\\\/web\\\/patrimonio-reunion-del-consejo-de-patrimonio-historico-artistico-de-mula\\\/\"},\"author\":{\"name\":\"Mar\u00eda Bel\u00e9n Sumba Bravo\",\"@id\":\"https:\\\/\\\/mula.es\\\/web\\\/#\\\/schema\\\/person\\\/4cc33fc69cd667605e1b6247815ac0c0\"},\"headline\":\"PATRIMONIO| Reuni\u00f3n del Consejo de Patrimonio Hist\u00f3rico-Art\u00edstico de Mula\",\"datePublished\":\"2023-01-17T08:42:18+00:00\",\"mainEntityOfPage\":{\"@id\":\"https:\\\/\\\/mula.es\\\/web\\\/patrimonio-reunion-del-consejo-de-patrimonio-historico-artistico-de-mula\\\/\"},\"wordCount\":391,\"image\":{\"@id\":\"https:\\\/\\\/mula.es\\\/web\\\/patrimonio-reunion-del-consejo-de-patrimonio-historico-artistico-de-mula\\\/#primaryimage\"},\"thumbnailUrl\":\"https:\\\/\\\/mula.es\\\/web\\\/wp-content\\\/uploads\\\/2023\\\/01\\\/Reunion-Consejo-Patrimonio-Historico-Mula.jpeg\",\"articleSection\":[\"patrimonio cultural\",\"patrimonio hist\u00f3rico\"],\"inLanguage\":\"es\"},{\"@type\":\"WebPage\",\"@id\":\"https:\\\/\\\/mula.es\\\/web\\\/patrimonio-reunion-del-consejo-de-patrimonio-historico-artistico-de-mula\\\/\",\"url\":\"https:\\\/\\\/mula.es\\\/web\\\/patrimonio-reunion-del-consejo-de-patrimonio-historico-artistico-de-mula\\\/\",\"name\":\"PATRIMONIO| Reuni\u00f3n del Consejo de Patrimonio Hist\u00f3rico-Art\u00edstico de Mula - Ayuntamiento de Mula\",\"isPartOf\":{\"@id\":\"https:\\\/\\\/mula.es\\\/web\\\/#website\"},\"primaryImageOfPage\":{\"@id\":\"https:\\\/\\\/mula.es\\\/web\\\/patrimonio-reunion-del-consejo-de-patrimonio-historico-artistico-de-mula\\\/#primaryimage\"},\"image\":{\"@id\":\"https:\\\/\\\/mula.es\\\/web\\\/patrimonio-reunion-del-consejo-de-patrimonio-historico-artistico-de-mula\\\/#primaryimage\"},\"thumbnailUrl\":\"https:\\\/\\\/mula.es\\\/web\\\/wp-content\\\/uploads\\\/2023\\\/01\\\/Reunion-Consejo-Patrimonio-Historico-Mula.jpeg\",\"datePublished\":\"2023-01-17T08:42:18+00:00\",\"author\":{\"@id\":\"https:\\\/\\\/mula.es\\\/web\\\/#\\\/schema\\\/person\\\/4cc33fc69cd667605e1b6247815ac0c0\"},\"breadcrumb\":{\"@id\":\"https:\\\/\\\/mula.es\\\/web\\\/patrimonio-reunion-del-consejo-de-patrimonio-historico-artistico-de-mula\\\/#breadcrumb\"},\"inLanguage\":\"es\",\"potentialAction\":[{\"@type\":\"ReadAction\",\"target\":[\"https:\\\/\\\/mula.es\\\/web\\\/patrimonio-reunion-del-consejo-de-patrimonio-historico-artistico-de-mula\\\/\"]}]},{\"@type\":\"ImageObject\",\"inLanguage\":\"es\",\"@id\":\"https:\\\/\\\/mula.es\\\/web\\\/patrimonio-reunion-del-consejo-de-patrimonio-historico-artistico-de-mula\\\/#primaryimage\",\"url\":\"https:\\\/\\\/mula.es\\\/web\\\/wp-content\\\/uploads\\\/2023\\\/01\\\/Reunion-Consejo-Patrimonio-Historico-Mula.jpeg\",\"contentUrl\":\"https:\\\/\\\/mula.es\\\/web\\\/wp-content\\\/uploads\\\/2023\\\/01\\\/Reunion-Consejo-Patrimonio-Historico-Mula.jpeg\",\"width\":980,\"height\":552,\"caption\":\"Reuni\u00f3n Consejo Patrimonio-Hist\u00f3rico Mula\"},{\"@type\":\"BreadcrumbList\",\"@id\":\"https:\\\/\\\/mula.es\\\/web\\\/patrimonio-reunion-del-consejo-de-patrimonio-historico-artistico-de-mula\\\/#breadcrumb\",\"itemListElement\":[{\"@type\":\"ListItem\",\"position\":1,\"name\":\"Portada\",\"item\":\"https:\\\/\\\/mula.es\\\/web\\\/\"},{\"@type\":\"ListItem\",\"position\":2,\"name\":\"PATRIMONIO| Reuni\u00f3n del Consejo de Patrimonio Hist\u00f3rico-Art\u00edstico de Mula\"}]},{\"@type\":\"WebSite\",\"@id\":\"https:\\\/\\\/mula.es\\\/web\\\/#website\",\"url\":\"https:\\\/\\\/mula.es\\\/web\\\/\",\"name\":\"Ayuntamiento de Mula\",\"description\":\"P\u00e1gina web del Ayuntamiento de Mula (Regi\u00f3n de Murcia)\",\"potentialAction\":[{\"@type\":\"SearchAction\",\"target\":{\"@type\":\"EntryPoint\",\"urlTemplate\":\"https:\\\/\\\/mula.es\\\/web\\\/?s={search_term_string}\"},\"query-input\":{\"@type\":\"PropertyValueSpecification\",\"valueRequired\":true,\"valueName\":\"search_term_string\"}}],\"inLanguage\":\"es\"},{\"@type\":\"Person\",\"@id\":\"https:\\\/\\\/mula.es\\\/web\\\/#\\\/schema\\\/person\\\/4cc33fc69cd667605e1b6247815ac0c0\",\"name\":\"Mar\u00eda Bel\u00e9n Sumba Bravo\",\"image\":{\"@type\":\"ImageObject\",\"inLanguage\":\"es\",\"@id\":\"https:\\\/\\\/secure.gravatar.com\\\/avatar\\\/8f65af12a8d72e866f97bba50325bdf89a5362533b6f2c9db8c88130883986b1?s=96&d=mm&r=g\",\"url\":\"https:\\\/\\\/secure.gravatar.com\\\/avatar\\\/8f65af12a8d72e866f97bba50325bdf89a5362533b6f2c9db8c88130883986b1?s=96&d=mm&r=g\",\"contentUrl\":\"https:\\\/\\\/secure.gravatar.com\\\/avatar\\\/8f65af12a8d72e866f97bba50325bdf89a5362533b6f2c9db8c88130883986b1?s=96&d=mm&r=g\",\"caption\":\"Mar\u00eda Bel\u00e9n Sumba Bravo\"},\"url\":\"https:\\\/\\\/mula.es\\\/web\\\/author\\\/mbsumba\\\/\"}]}<\/script>\n<!-- \/ Yoast SEO plugin. -->","yoast_head_json":{"title":"PATRIMONIO| Reuni\u00f3n del Consejo de Patrimonio Hist\u00f3rico-Art\u00edstico de Mula - Ayuntamiento de Mula","robots":{"index":"index","follow":"follow","max-snippet":"max-snippet:-1","max-image-preview":"max-image-preview:large","max-video-preview":"max-video-preview:-1"},"canonical":"https:\/\/mula.es\/web\/patrimonio-reunion-del-consejo-de-patrimonio-historico-artistico-de-mula\/","og_locale":"es_ES","og_type":"article","og_title":"PATRIMONIO| Reuni\u00f3n del Consejo de Patrimonio Hist\u00f3rico-Art\u00edstico de Mula - Ayuntamiento de Mula","og_description":"A finales de 2022 se reuni\u00f3 el Consejo Municipal de Patrimonio Hist\u00f3rico-Art\u00edstico de Mula, presidido por el concejal de Cultura y Patrimonio Hist\u00f3rico Diego Boluda, donde participaron miembros de la corporaci\u00f3n municipal, t\u00e9cnicos de la Concejal\u00eda de Cultura y Patrimonio, as\u00ed como representantes de asociaciones culturales como son la Asociaci\u00f3n de Amigos Museo del Cigarralejo [...]","og_url":"https:\/\/mula.es\/web\/patrimonio-reunion-del-consejo-de-patrimonio-historico-artistico-de-mula\/","og_site_name":"Ayuntamiento de Mula","article_published_time":"2023-01-17T08:42:18+00:00","og_image":[{"width":980,"height":552,"url":"https:\/\/mula.es\/web\/wp-content\/uploads\/2023\/01\/Reunion-Consejo-Patrimonio-Historico-Mula.jpeg","type":"image\/jpeg"}],"author":"Mar\u00eda Bel\u00e9n Sumba Bravo","twitter_card":"summary_large_image","twitter_creator":"@AyuntamientMula","twitter_site":"@AyuntamientMula","twitter_misc":{"Escrito por":"Mar\u00eda Bel\u00e9n Sumba Bravo","Tiempo de lectura":"2 minutos"},"schema":{"@context":"https:\/\/schema.org","@graph":[{"@type":"Article","@id":"https:\/\/mula.es\/web\/patrimonio-reunion-del-consejo-de-patrimonio-historico-artistico-de-mula\/#article","isPartOf":{"@id":"https:\/\/mula.es\/web\/patrimonio-reunion-del-consejo-de-patrimonio-historico-artistico-de-mula\/"},"author":{"name":"Mar\u00eda Bel\u00e9n Sumba Bravo","@id":"https:\/\/mula.es\/web\/#\/schema\/person\/4cc33fc69cd667605e1b6247815ac0c0"},"headline":"PATRIMONIO| Reuni\u00f3n del Consejo de Patrimonio Hist\u00f3rico-Art\u00edstico de Mula","datePublished":"2023-01-17T08:42:18+00:00","mainEntityOfPage":{"@id":"https:\/\/mula.es\/web\/patrimonio-reunion-del-consejo-de-patrimonio-historico-artistico-de-mula\/"},"wordCount":391,"image":{"@id":"https:\/\/mula.es\/web\/patrimonio-reunion-del-consejo-de-patrimonio-historico-artistico-de-mula\/#primaryimage"},"thumbnailUrl":"https:\/\/mula.es\/web\/wp-content\/uploads\/2023\/01\/Reunion-Consejo-Patrimonio-Historico-Mula.jpeg","articleSection":["patrimonio cultural","patrimonio hist\u00f3rico"],"inLanguage":"es"},{"@type":"WebPage","@id":"https:\/\/mula.es\/web\/patrimonio-reunion-del-consejo-de-patrimonio-historico-artistico-de-mula\/","url":"https:\/\/mula.es\/web\/patrimonio-reunion-del-consejo-de-patrimonio-historico-artistico-de-mula\/","name":"PATRIMONIO| Reuni\u00f3n del Consejo de Patrimonio Hist\u00f3rico-Art\u00edstico de Mula - Ayuntamiento de Mula","isPartOf":{"@id":"https:\/\/mula.es\/web\/#website"},"primaryImageOfPage":{"@id":"https:\/\/mula.es\/web\/patrimonio-reunion-del-consejo-de-patrimonio-historico-artistico-de-mula\/#primaryimage"},"image":{"@id":"https:\/\/mula.es\/web\/patrimonio-reunion-del-consejo-de-patrimonio-historico-artistico-de-mula\/#primaryimage"},"thumbnailUrl":"https:\/\/mula.es\/web\/wp-content\/uploads\/2023\/01\/Reunion-Consejo-Patrimonio-Historico-Mula.jpeg","datePublished":"2023-01-17T08:42:18+00:00","author":{"@id":"https:\/\/mula.es\/web\/#\/schema\/person\/4cc33fc69cd667605e1b6247815ac0c0"},"breadcrumb":{"@id":"https:\/\/mula.es\/web\/patrimonio-reunion-del-consejo-de-patrimonio-historico-artistico-de-mula\/#breadcrumb"},"inLanguage":"es","potentialAction":[{"@type":"ReadAction","target":["https:\/\/mula.es\/web\/patrimonio-reunion-del-consejo-de-patrimonio-historico-artistico-de-mula\/"]}]},{"@type":"ImageObject","inLanguage":"es","@id":"https:\/\/mula.es\/web\/patrimonio-reunion-del-consejo-de-patrimonio-historico-artistico-de-mula\/#primaryimage","url":"https:\/\/mula.es\/web\/wp-content\/uploads\/2023\/01\/Reunion-Consejo-Patrimonio-Historico-Mula.jpeg","contentUrl":"https:\/\/mula.es\/web\/wp-content\/uploads\/2023\/01\/Reunion-Consejo-Patrimonio-Historico-Mula.jpeg","width":980,"height":552,"caption":"Reuni\u00f3n Consejo Patrimonio-Hist\u00f3rico Mula"},{"@type":"BreadcrumbList","@id":"https:\/\/mula.es\/web\/patrimonio-reunion-del-consejo-de-patrimonio-historico-artistico-de-mula\/#breadcrumb","itemListElement":[{"@type":"ListItem","position":1,"name":"Portada","item":"https:\/\/mula.es\/web\/"},{"@type":"ListItem","position":2,"name":"PATRIMONIO| Reuni\u00f3n del Consejo de Patrimonio Hist\u00f3rico-Art\u00edstico de Mula"}]},{"@type":"WebSite","@id":"https:\/\/mula.es\/web\/#website","url":"https:\/\/mula.es\/web\/","name":"Ayuntamiento de Mula","description":"P\u00e1gina web del Ayuntamiento de Mula (Regi\u00f3n de Murcia)","potentialAction":[{"@type":"SearchAction","target":{"@type":"EntryPoint","urlTemplate":"https:\/\/mula.es\/web\/?s={search_term_string}"},"query-input":{"@type":"PropertyValueSpecification","valueRequired":true,"valueName":"search_term_string"}}],"inLanguage":"es"},{"@type":"Person","@id":"https:\/\/mula.es\/web\/#\/schema\/person\/4cc33fc69cd667605e1b6247815ac0c0","name":"Mar\u00eda Bel\u00e9n Sumba Bravo","image":{"@type":"ImageObject","inLanguage":"es","@id":"https:\/\/secure.gravatar.com\/avatar\/8f65af12a8d72e866f97bba50325bdf89a5362533b6f2c9db8c88130883986b1?s=96&d=mm&r=g","url":"https:\/\/secure.gravatar.com\/avatar\/8f65af12a8d72e866f97bba50325bdf89a5362533b6f2c9db8c88130883986b1?s=96&d=mm&r=g","contentUrl":"https:\/\/secure.gravatar.com\/avatar\/8f65af12a8d72e866f97bba50325bdf89a5362533b6f2c9db8c88130883986b1?s=96&d=mm&r=g","caption":"Mar\u00eda Bel\u00e9n Sumba Bravo"},"url":"https:\/\/mula.es\/web\/author\/mbsumba\/"}]}},"jetpack_publicize_connections":[],"jetpack_featured_media_url":"https:\/\/mula.es\/web\/wp-content\/uploads\/2023\/01\/Reunion-Consejo-Patrimonio-Historico-Mula.jpeg","jetpack_sharing_enabled":true,"jetpack_shortlink":"https:\/\/wp.me\/pa9DMY-cff","jetpack-related-posts":[],"_links":{"self":[{"href":"https:\/\/mula.es\/web\/wp-json\/wp\/v2\/posts\/47073","targetHints":{"allow":["GET"]}}],"collection":[{"href":"https:\/\/mula.es\/web\/wp-json\/wp\/v2\/posts"}],"about":[{"href":"https:\/\/mula.es\/web\/wp-json\/wp\/v2\/types\/post"}],"author":[{"embeddable":true,"href":"https:\/\/mula.es\/web\/wp-json\/wp\/v2\/users\/12"}],"replies":[{"embeddable":true,"href":"https:\/\/mula.es\/web\/wp-json\/wp\/v2\/comments?post=47073"}],"version-history":[{"count":5,"href":"https:\/\/mula.es\/web\/wp-json\/wp\/v2\/posts\/47073\/revisions"}],"predecessor-version":[{"id":47079,"href":"https:\/\/mula.es\/web\/wp-json\/wp\/v2\/posts\/47073\/revisions\/47079"}],"wp:featuredmedia":[{"embeddable":true,"href":"https:\/\/mula.es\/web\/wp-json\/wp\/v2\/media\/47074"}],"wp:attachment":[{"href":"https:\/\/mula.es\/web\/wp-json\/wp\/v2\/media?parent=47073"}],"wp:term":[{"taxonomy":"category","embeddable":true,"href":"https:\/\/mula.es\/web\/wp-json\/wp\/v2\/categories?post=47073"},{"taxonomy":"post_tag","embeddable":true,"href":"https:\/\/mula.es\/web\/wp-json\/wp\/v2\/tags?post=47073"}],"curies":[{"name":"wp","href":"https:\/\/api.w.org\/{rel}","templated":true}]}}