{"id":47081,"date":"2023-01-17T11:47:25","date_gmt":"2023-01-17T10:47:25","guid":{"rendered":"https:\/\/mula.es\/web\/?p=47081"},"modified":"2023-01-17T11:47:25","modified_gmt":"2023-01-17T10:47:25","slug":"obras-publicas-el-ayuntamiento-de-mula-remodela-por-completo-la-calle-fuensanta","status":"publish","type":"post","link":"https:\/\/mula.es\/web\/obras-publicas-el-ayuntamiento-de-mula-remodela-por-completo-la-calle-fuensanta\/","title":{"rendered":"OBRAS P\u00daBLICAS| El Ayuntamiento de Mula remodela por completo la calle Fuensanta"},"content":{"rendered":"<p style=\"text-align: justify;\"><strong>El alcalde de Mula Juan Jes\u00fas Moreno ha dado a conocer la remodelaci\u00f3n de la calle Fuensanta de Mula, cuyas obras empezar\u00e1n a finales de este mes de enero.<\/strong><\/p>\n<p style=\"text-align: justify;\">Juan Jes\u00fas Moreno, acompa\u00f1ado por el concejal de Urbanismo y Obras P\u00fablicas Francisco J. Llamazares, el concejal de Servicios Municipales Vicente L\u00f3pez y el t\u00e9cnico del Ayuntamiento Le\u00f3n Saavedra, ha presentado esta renovaci\u00f3n incluida dentro del Plan de Obras y Servicios 2022-2023 y cuyo presupuesto es de 177 mil euros.<\/p>\n<p style=\"text-align: justify;\">Mediante estos trabajos, se busca mejorar la calidad de vida de los vecinos de la zona, ya que el pavimento, en la actualidad, se encuentra en avanzado estado de deterioro. Para ello, se realizar\u00e1 una renovaci\u00f3n completa del mismo y del sistema de saneamiento, teniendo en cuenta las demandas de los vecinos.<\/p>\n<p style=\"text-align: justify;\"><strong>\u201cCon esta remodelaci\u00f3n queremos seguir mejorando la calidad de vida de los mule\u00f1os y mule\u00f1as, a la vez que cuidamos de nuestro casco antiguo\u201d<\/strong>, ha declarado el alcalde de Mula.<\/p>\n<p><a href=\"https:\/\/mula.es\/web\/wp-content\/uploads\/2023\/01\/Plano-Calle-Fuensanta-Plan-de-Obras-y-Servicios..jpeg\"><img decoding=\"async\" data-attachment-id=\"47084\" data-permalink=\"https:\/\/mula.es\/web\/obras-publicas-el-ayuntamiento-de-mula-remodela-por-completo-la-calle-fuensanta\/plano-calle-fuensanta-plan-de-obras-y-servicios\/\" data-orig-file=\"https:\/\/mula.es\/web\/wp-content\/uploads\/2023\/01\/Plano-Calle-Fuensanta-Plan-de-Obras-y-Servicios..jpeg\" data-orig-size=\"2048,1490\" data-comments-opened=\"0\" data-image-meta=\"{&quot;aperture&quot;:&quot;0&quot;,&quot;credit&quot;:&quot;&quot;,&quot;camera&quot;:&quot;&quot;,&quot;caption&quot;:&quot;&quot;,&quot;created_timestamp&quot;:&quot;0&quot;,&quot;copyright&quot;:&quot;&quot;,&quot;focal_length&quot;:&quot;0&quot;,&quot;iso&quot;:&quot;0&quot;,&quot;shutter_speed&quot;:&quot;0&quot;,&quot;title&quot;:&quot;&quot;,&quot;orientation&quot;:&quot;0&quot;}\" data-image-title=\"Plano Calle Fuensanta &amp;#8211; Plan de Obras y Servicios.\" data-image-description=\"\" data-image-caption=\"\" data-large-file=\"https:\/\/mula.es\/web\/wp-content\/uploads\/2023\/01\/Plano-Calle-Fuensanta-Plan-de-Obras-y-Servicios.-1024x745.jpeg\" class=\"aligncenter wp-image-47084 \" src=\"https:\/\/mula.es\/web\/wp-content\/uploads\/2023\/01\/Plano-Calle-Fuensanta-Plan-de-Obras-y-Servicios..jpeg\" alt=\"Plano Calle Fuensanta - Plan de Obras y Servicios.\" width=\"712\" height=\"518\" srcset=\"https:\/\/mula.es\/web\/wp-content\/uploads\/2023\/01\/Plano-Calle-Fuensanta-Plan-de-Obras-y-Servicios.-200x146.jpeg 200w, https:\/\/mula.es\/web\/wp-content\/uploads\/2023\/01\/Plano-Calle-Fuensanta-Plan-de-Obras-y-Servicios.-300x218.jpeg 300w, https:\/\/mula.es\/web\/wp-content\/uploads\/2023\/01\/Plano-Calle-Fuensanta-Plan-de-Obras-y-Servicios.-400x291.jpeg 400w, https:\/\/mula.es\/web\/wp-content\/uploads\/2023\/01\/Plano-Calle-Fuensanta-Plan-de-Obras-y-Servicios.-600x437.jpeg 600w, https:\/\/mula.es\/web\/wp-content\/uploads\/2023\/01\/Plano-Calle-Fuensanta-Plan-de-Obras-y-Servicios.-768x559.jpeg 768w, https:\/\/mula.es\/web\/wp-content\/uploads\/2023\/01\/Plano-Calle-Fuensanta-Plan-de-Obras-y-Servicios.-800x582.jpeg 800w, https:\/\/mula.es\/web\/wp-content\/uploads\/2023\/01\/Plano-Calle-Fuensanta-Plan-de-Obras-y-Servicios.-1024x745.jpeg 1024w, https:\/\/mula.es\/web\/wp-content\/uploads\/2023\/01\/Plano-Calle-Fuensanta-Plan-de-Obras-y-Servicios.-1200x873.jpeg 1200w, https:\/\/mula.es\/web\/wp-content\/uploads\/2023\/01\/Plano-Calle-Fuensanta-Plan-de-Obras-y-Servicios.-1536x1118.jpeg 1536w, https:\/\/mula.es\/web\/wp-content\/uploads\/2023\/01\/Plano-Calle-Fuensanta-Plan-de-Obras-y-Servicios..jpeg 2048w\" sizes=\"(max-width: 712px) 100vw, 712px\" \/><\/a><\/p>\n<p><a href=\"https:\/\/mula.es\/web\/wp-content\/uploads\/2023\/01\/Calle-Fuensanta..jpeg\"><img decoding=\"async\" data-attachment-id=\"47085\" data-permalink=\"https:\/\/mula.es\/web\/obras-publicas-el-ayuntamiento-de-mula-remodela-por-completo-la-calle-fuensanta\/calle-fuensanta\/\" data-orig-file=\"https:\/\/mula.es\/web\/wp-content\/uploads\/2023\/01\/Calle-Fuensanta..jpeg\" data-orig-size=\"2048,1536\" data-comments-opened=\"0\" data-image-meta=\"{&quot;aperture&quot;:&quot;0&quot;,&quot;credit&quot;:&quot;&quot;,&quot;camera&quot;:&quot;&quot;,&quot;caption&quot;:&quot;&quot;,&quot;created_timestamp&quot;:&quot;0&quot;,&quot;copyright&quot;:&quot;&quot;,&quot;focal_length&quot;:&quot;0&quot;,&quot;iso&quot;:&quot;0&quot;,&quot;shutter_speed&quot;:&quot;0&quot;,&quot;title&quot;:&quot;&quot;,&quot;orientation&quot;:&quot;0&quot;}\" data-image-title=\"Calle Fuensanta.\" data-image-description=\"\" data-image-caption=\"\" data-large-file=\"https:\/\/mula.es\/web\/wp-content\/uploads\/2023\/01\/Calle-Fuensanta.-1024x768.jpeg\" class=\"aligncenter wp-image-47085 \" src=\"https:\/\/mula.es\/web\/wp-content\/uploads\/2023\/01\/Calle-Fuensanta..jpeg\" alt=\"Calle Fuensanta.\" width=\"713\" height=\"535\" srcset=\"https:\/\/mula.es\/web\/wp-content\/uploads\/2023\/01\/Calle-Fuensanta.-200x150.jpeg 200w, https:\/\/mula.es\/web\/wp-content\/uploads\/2023\/01\/Calle-Fuensanta.-300x225.jpeg 300w, https:\/\/mula.es\/web\/wp-content\/uploads\/2023\/01\/Calle-Fuensanta.-400x300.jpeg 400w, https:\/\/mula.es\/web\/wp-content\/uploads\/2023\/01\/Calle-Fuensanta.-600x450.jpeg 600w, https:\/\/mula.es\/web\/wp-content\/uploads\/2023\/01\/Calle-Fuensanta.-768x576.jpeg 768w, https:\/\/mula.es\/web\/wp-content\/uploads\/2023\/01\/Calle-Fuensanta.-800x600.jpeg 800w, https:\/\/mula.es\/web\/wp-content\/uploads\/2023\/01\/Calle-Fuensanta.-1024x768.jpeg 1024w, https:\/\/mula.es\/web\/wp-content\/uploads\/2023\/01\/Calle-Fuensanta.-1200x900.jpeg 1200w, https:\/\/mula.es\/web\/wp-content\/uploads\/2023\/01\/Calle-Fuensanta.-1536x1152.jpeg 1536w, https:\/\/mula.es\/web\/wp-content\/uploads\/2023\/01\/Calle-Fuensanta..jpeg 2048w\" sizes=\"(max-width: 713px) 100vw, 713px\" \/><\/a><\/p>\n<p><a href=\"https:\/\/mula.es\/web\/wp-content\/uploads\/2023\/01\/Calle-Fuensanta-1..jpeg\"><img decoding=\"async\" data-attachment-id=\"47086\" data-permalink=\"https:\/\/mula.es\/web\/obras-publicas-el-ayuntamiento-de-mula-remodela-por-completo-la-calle-fuensanta\/calle-fuensanta-1\/\" data-orig-file=\"https:\/\/mula.es\/web\/wp-content\/uploads\/2023\/01\/Calle-Fuensanta-1..jpeg\" data-orig-size=\"2048,1536\" data-comments-opened=\"0\" data-image-meta=\"{&quot;aperture&quot;:&quot;0&quot;,&quot;credit&quot;:&quot;&quot;,&quot;camera&quot;:&quot;&quot;,&quot;caption&quot;:&quot;&quot;,&quot;created_timestamp&quot;:&quot;0&quot;,&quot;copyright&quot;:&quot;&quot;,&quot;focal_length&quot;:&quot;0&quot;,&quot;iso&quot;:&quot;0&quot;,&quot;shutter_speed&quot;:&quot;0&quot;,&quot;title&quot;:&quot;&quot;,&quot;orientation&quot;:&quot;0&quot;}\" data-image-title=\"Calle Fuensanta (1).\" data-image-description=\"\" data-image-caption=\"\" data-large-file=\"https:\/\/mula.es\/web\/wp-content\/uploads\/2023\/01\/Calle-Fuensanta-1.-1024x768.jpeg\" class=\"aligncenter wp-image-47086 \" src=\"https:\/\/mula.es\/web\/wp-content\/uploads\/2023\/01\/Calle-Fuensanta-1..jpeg\" alt=\"Calle Fuensanta (1).\" width=\"713\" height=\"535\" srcset=\"https:\/\/mula.es\/web\/wp-content\/uploads\/2023\/01\/Calle-Fuensanta-1.-200x150.jpeg 200w, https:\/\/mula.es\/web\/wp-content\/uploads\/2023\/01\/Calle-Fuensanta-1.-300x225.jpeg 300w, https:\/\/mula.es\/web\/wp-content\/uploads\/2023\/01\/Calle-Fuensanta-1.-400x300.jpeg 400w, https:\/\/mula.es\/web\/wp-content\/uploads\/2023\/01\/Calle-Fuensanta-1.-600x450.jpeg 600w, https:\/\/mula.es\/web\/wp-content\/uploads\/2023\/01\/Calle-Fuensanta-1.-768x576.jpeg 768w, https:\/\/mula.es\/web\/wp-content\/uploads\/2023\/01\/Calle-Fuensanta-1.-800x600.jpeg 800w, https:\/\/mula.es\/web\/wp-content\/uploads\/2023\/01\/Calle-Fuensanta-1.-1024x768.jpeg 1024w, https:\/\/mula.es\/web\/wp-content\/uploads\/2023\/01\/Calle-Fuensanta-1.-1200x900.jpeg 1200w, https:\/\/mula.es\/web\/wp-content\/uploads\/2023\/01\/Calle-Fuensanta-1.-1536x1152.jpeg 1536w, https:\/\/mula.es\/web\/wp-content\/uploads\/2023\/01\/Calle-Fuensanta-1..jpeg 2048w\" sizes=\"(max-width: 713px) 100vw, 713px\" \/><\/a><\/p>\n","protected":false},"excerpt":{"rendered":"<p>El alcalde de Mula Juan Jes\u00fas Moreno ha dado a conocer la remodelaci\u00f3n de la calle Fuensanta de Mula, cuyas obras empezar\u00e1n a finales de este mes de enero. Juan Jes\u00fas Moreno, acompa\u00f1ado por el concejal de Urbanismo y Obras P\u00fablicas Francisco J. Llamazares, el concejal de Servicios Municipales Vicente L\u00f3pez y el t\u00e9cnico del  [&#8230;]<\/p>\n","protected":false},"author":12,"featured_media":47082,"comment_status":"closed","ping_status":"closed","sticky":false,"template":"","format":"standard","meta":{"jetpack_post_was_ever_published":false,"_jetpack_newsletter_access":"","_jetpack_dont_email_post_to_subs":false,"_jetpack_newsletter_tier_id":0,"_jetpack_memberships_contains_paywalled_content":false,"_jetpack_memberships_contains_paid_content":false,"footnotes":"","jetpack_publicize_message":"","jetpack_publicize_feature_enabled":true,"jetpack_social_post_already_shared":false,"jetpack_social_options":{"image_generator_settings":{"template":"highway","default_image_id":0,"font":"","enabled":false},"version":2}},"categories":[634],"tags":[],"class_list":["post-47081","post","type-post","status-publish","format-standard","has-post-thumbnail","hentry","category-obras-publicas"],"yoast_head":"<!-- This site is optimized with the Yoast SEO plugin v27.4 - https:\/\/yoast.com\/product\/yoast-seo-wordpress\/ -->\n<title>OBRAS P\u00daBLICAS| El Ayuntamiento de Mula remodela por completo la calle Fuensanta - Ayuntamiento de Mula<\/title>\n<meta name=\"robots\" content=\"index, follow, max-snippet:-1, max-image-preview:large, max-video-preview:-1\" \/>\n<link rel=\"canonical\" href=\"https:\/\/mula.es\/web\/obras-publicas-el-ayuntamiento-de-mula-remodela-por-completo-la-calle-fuensanta\/\" \/>\n<meta property=\"og:locale\" content=\"es_ES\" \/>\n<meta property=\"og:type\" content=\"article\" \/>\n<meta property=\"og:title\" content=\"OBRAS P\u00daBLICAS| El Ayuntamiento de Mula remodela por completo la calle Fuensanta - Ayuntamiento de Mula\" \/>\n<meta property=\"og:description\" content=\"El alcalde de Mula Juan Jes\u00fas Moreno ha dado a conocer la remodelaci\u00f3n de la calle Fuensanta de Mula, cuyas obras empezar\u00e1n a finales de este mes de enero. Juan Jes\u00fas Moreno, acompa\u00f1ado por el concejal de Urbanismo y Obras P\u00fablicas Francisco J. Llamazares, el concejal de Servicios Municipales Vicente L\u00f3pez y el t\u00e9cnico del [...]\" \/>\n<meta property=\"og:url\" content=\"https:\/\/mula.es\/web\/obras-publicas-el-ayuntamiento-de-mula-remodela-por-completo-la-calle-fuensanta\/\" \/>\n<meta property=\"og:site_name\" content=\"Ayuntamiento de Mula\" \/>\n<meta property=\"article:published_time\" content=\"2023-01-17T10:47:25+00:00\" \/>\n<meta property=\"og:image\" content=\"https:\/\/mula.es\/web\/wp-content\/uploads\/2023\/01\/Remodelacion-Calle-Fuensanta.jpeg\" \/>\n\t<meta property=\"og:image:width\" content=\"2048\" \/>\n\t<meta property=\"og:image:height\" content=\"1536\" \/>\n\t<meta property=\"og:image:type\" content=\"image\/jpeg\" \/>\n<meta name=\"author\" content=\"Mar\u00eda Bel\u00e9n Sumba Bravo\" \/>\n<meta name=\"twitter:card\" content=\"summary_large_image\" \/>\n<meta name=\"twitter:creator\" content=\"@AyuntamientMula\" \/>\n<meta name=\"twitter:site\" content=\"@AyuntamientMula\" \/>\n<meta name=\"twitter:label1\" content=\"Escrito por\" \/>\n\t<meta name=\"twitter:data1\" content=\"Mar\u00eda Bel\u00e9n Sumba Bravo\" \/>\n\t<meta name=\"twitter:label2\" content=\"Tiempo de lectura\" \/>\n\t<meta name=\"twitter:data2\" content=\"2 minutos\" \/>\n<script type=\"application\/ld+json\" class=\"yoast-schema-graph\">{\"@context\":\"https:\\\/\\\/schema.org\",\"@graph\":[{\"@type\":\"Article\",\"@id\":\"https:\\\/\\\/mula.es\\\/web\\\/obras-publicas-el-ayuntamiento-de-mula-remodela-por-completo-la-calle-fuensanta\\\/#article\",\"isPartOf\":{\"@id\":\"https:\\\/\\\/mula.es\\\/web\\\/obras-publicas-el-ayuntamiento-de-mula-remodela-por-completo-la-calle-fuensanta\\\/\"},\"author\":{\"name\":\"Mar\u00eda Bel\u00e9n Sumba Bravo\",\"@id\":\"https:\\\/\\\/mula.es\\\/web\\\/#\\\/schema\\\/person\\\/4cc33fc69cd667605e1b6247815ac0c0\"},\"headline\":\"OBRAS P\u00daBLICAS| El Ayuntamiento de Mula remodela por completo la calle Fuensanta\",\"datePublished\":\"2023-01-17T10:47:25+00:00\",\"mainEntityOfPage\":{\"@id\":\"https:\\\/\\\/mula.es\\\/web\\\/obras-publicas-el-ayuntamiento-de-mula-remodela-por-completo-la-calle-fuensanta\\\/\"},\"wordCount\":187,\"image\":{\"@id\":\"https:\\\/\\\/mula.es\\\/web\\\/obras-publicas-el-ayuntamiento-de-mula-remodela-por-completo-la-calle-fuensanta\\\/#primaryimage\"},\"thumbnailUrl\":\"https:\\\/\\\/mula.es\\\/web\\\/wp-content\\\/uploads\\\/2023\\\/01\\\/Remodelacion-Calle-Fuensanta.jpeg\",\"articleSection\":[\"obras p\u00fablicas\"],\"inLanguage\":\"es\"},{\"@type\":\"WebPage\",\"@id\":\"https:\\\/\\\/mula.es\\\/web\\\/obras-publicas-el-ayuntamiento-de-mula-remodela-por-completo-la-calle-fuensanta\\\/\",\"url\":\"https:\\\/\\\/mula.es\\\/web\\\/obras-publicas-el-ayuntamiento-de-mula-remodela-por-completo-la-calle-fuensanta\\\/\",\"name\":\"OBRAS P\u00daBLICAS| El Ayuntamiento de Mula remodela por completo la calle Fuensanta - Ayuntamiento de Mula\",\"isPartOf\":{\"@id\":\"https:\\\/\\\/mula.es\\\/web\\\/#website\"},\"primaryImageOfPage\":{\"@id\":\"https:\\\/\\\/mula.es\\\/web\\\/obras-publicas-el-ayuntamiento-de-mula-remodela-por-completo-la-calle-fuensanta\\\/#primaryimage\"},\"image\":{\"@id\":\"https:\\\/\\\/mula.es\\\/web\\\/obras-publicas-el-ayuntamiento-de-mula-remodela-por-completo-la-calle-fuensanta\\\/#primaryimage\"},\"thumbnailUrl\":\"https:\\\/\\\/mula.es\\\/web\\\/wp-content\\\/uploads\\\/2023\\\/01\\\/Remodelacion-Calle-Fuensanta.jpeg\",\"datePublished\":\"2023-01-17T10:47:25+00:00\",\"author\":{\"@id\":\"https:\\\/\\\/mula.es\\\/web\\\/#\\\/schema\\\/person\\\/4cc33fc69cd667605e1b6247815ac0c0\"},\"breadcrumb\":{\"@id\":\"https:\\\/\\\/mula.es\\\/web\\\/obras-publicas-el-ayuntamiento-de-mula-remodela-por-completo-la-calle-fuensanta\\\/#breadcrumb\"},\"inLanguage\":\"es\",\"potentialAction\":[{\"@type\":\"ReadAction\",\"target\":[\"https:\\\/\\\/mula.es\\\/web\\\/obras-publicas-el-ayuntamiento-de-mula-remodela-por-completo-la-calle-fuensanta\\\/\"]}]},{\"@type\":\"ImageObject\",\"inLanguage\":\"es\",\"@id\":\"https:\\\/\\\/mula.es\\\/web\\\/obras-publicas-el-ayuntamiento-de-mula-remodela-por-completo-la-calle-fuensanta\\\/#primaryimage\",\"url\":\"https:\\\/\\\/mula.es\\\/web\\\/wp-content\\\/uploads\\\/2023\\\/01\\\/Remodelacion-Calle-Fuensanta.jpeg\",\"contentUrl\":\"https:\\\/\\\/mula.es\\\/web\\\/wp-content\\\/uploads\\\/2023\\\/01\\\/Remodelacion-Calle-Fuensanta.jpeg\",\"width\":2048,\"height\":1536,\"caption\":\"Juan Jes\u00fas Moreno, acompa\u00f1ado por el concejal de Urbanismo y Obras P\u00fablicas Francisco J. Llamazares, el concejal de Servicios Municipales Vicente L\u00f3pez y el t\u00e9cnico del Ayuntamiento Le\u00f3n Saavedra.\"},{\"@type\":\"BreadcrumbList\",\"@id\":\"https:\\\/\\\/mula.es\\\/web\\\/obras-publicas-el-ayuntamiento-de-mula-remodela-por-completo-la-calle-fuensanta\\\/#breadcrumb\",\"itemListElement\":[{\"@type\":\"ListItem\",\"position\":1,\"name\":\"Portada\",\"item\":\"https:\\\/\\\/mula.es\\\/web\\\/\"},{\"@type\":\"ListItem\",\"position\":2,\"name\":\"OBRAS P\u00daBLICAS| El Ayuntamiento de Mula remodela por completo la calle Fuensanta\"}]},{\"@type\":\"WebSite\",\"@id\":\"https:\\\/\\\/mula.es\\\/web\\\/#website\",\"url\":\"https:\\\/\\\/mula.es\\\/web\\\/\",\"name\":\"Ayuntamiento de Mula\",\"description\":\"P\u00e1gina web del Ayuntamiento de Mula (Regi\u00f3n de Murcia)\",\"potentialAction\":[{\"@type\":\"SearchAction\",\"target\":{\"@type\":\"EntryPoint\",\"urlTemplate\":\"https:\\\/\\\/mula.es\\\/web\\\/?s={search_term_string}\"},\"query-input\":{\"@type\":\"PropertyValueSpecification\",\"valueRequired\":true,\"valueName\":\"search_term_string\"}}],\"inLanguage\":\"es\"},{\"@type\":\"Person\",\"@id\":\"https:\\\/\\\/mula.es\\\/web\\\/#\\\/schema\\\/person\\\/4cc33fc69cd667605e1b6247815ac0c0\",\"name\":\"Mar\u00eda Bel\u00e9n Sumba Bravo\",\"image\":{\"@type\":\"ImageObject\",\"inLanguage\":\"es\",\"@id\":\"https:\\\/\\\/secure.gravatar.com\\\/avatar\\\/8f65af12a8d72e866f97bba50325bdf89a5362533b6f2c9db8c88130883986b1?s=96&d=mm&r=g\",\"url\":\"https:\\\/\\\/secure.gravatar.com\\\/avatar\\\/8f65af12a8d72e866f97bba50325bdf89a5362533b6f2c9db8c88130883986b1?s=96&d=mm&r=g\",\"contentUrl\":\"https:\\\/\\\/secure.gravatar.com\\\/avatar\\\/8f65af12a8d72e866f97bba50325bdf89a5362533b6f2c9db8c88130883986b1?s=96&d=mm&r=g\",\"caption\":\"Mar\u00eda Bel\u00e9n Sumba Bravo\"},\"url\":\"https:\\\/\\\/mula.es\\\/web\\\/author\\\/mbsumba\\\/\"}]}<\/script>\n<!-- \/ Yoast SEO plugin. -->","yoast_head_json":{"title":"OBRAS P\u00daBLICAS| El Ayuntamiento de Mula remodela por completo la calle Fuensanta - Ayuntamiento de Mula","robots":{"index":"index","follow":"follow","max-snippet":"max-snippet:-1","max-image-preview":"max-image-preview:large","max-video-preview":"max-video-preview:-1"},"canonical":"https:\/\/mula.es\/web\/obras-publicas-el-ayuntamiento-de-mula-remodela-por-completo-la-calle-fuensanta\/","og_locale":"es_ES","og_type":"article","og_title":"OBRAS P\u00daBLICAS| El Ayuntamiento de Mula remodela por completo la calle Fuensanta - Ayuntamiento de Mula","og_description":"El alcalde de Mula Juan Jes\u00fas Moreno ha dado a conocer la remodelaci\u00f3n de la calle Fuensanta de Mula, cuyas obras empezar\u00e1n a finales de este mes de enero. Juan Jes\u00fas Moreno, acompa\u00f1ado por el concejal de Urbanismo y Obras P\u00fablicas Francisco J. Llamazares, el concejal de Servicios Municipales Vicente L\u00f3pez y el t\u00e9cnico del [...]","og_url":"https:\/\/mula.es\/web\/obras-publicas-el-ayuntamiento-de-mula-remodela-por-completo-la-calle-fuensanta\/","og_site_name":"Ayuntamiento de Mula","article_published_time":"2023-01-17T10:47:25+00:00","og_image":[{"width":2048,"height":1536,"url":"https:\/\/mula.es\/web\/wp-content\/uploads\/2023\/01\/Remodelacion-Calle-Fuensanta.jpeg","type":"image\/jpeg"}],"author":"Mar\u00eda Bel\u00e9n Sumba Bravo","twitter_card":"summary_large_image","twitter_creator":"@AyuntamientMula","twitter_site":"@AyuntamientMula","twitter_misc":{"Escrito por":"Mar\u00eda Bel\u00e9n Sumba Bravo","Tiempo de lectura":"2 minutos"},"schema":{"@context":"https:\/\/schema.org","@graph":[{"@type":"Article","@id":"https:\/\/mula.es\/web\/obras-publicas-el-ayuntamiento-de-mula-remodela-por-completo-la-calle-fuensanta\/#article","isPartOf":{"@id":"https:\/\/mula.es\/web\/obras-publicas-el-ayuntamiento-de-mula-remodela-por-completo-la-calle-fuensanta\/"},"author":{"name":"Mar\u00eda Bel\u00e9n Sumba Bravo","@id":"https:\/\/mula.es\/web\/#\/schema\/person\/4cc33fc69cd667605e1b6247815ac0c0"},"headline":"OBRAS P\u00daBLICAS| El Ayuntamiento de Mula remodela por completo la calle Fuensanta","datePublished":"2023-01-17T10:47:25+00:00","mainEntityOfPage":{"@id":"https:\/\/mula.es\/web\/obras-publicas-el-ayuntamiento-de-mula-remodela-por-completo-la-calle-fuensanta\/"},"wordCount":187,"image":{"@id":"https:\/\/mula.es\/web\/obras-publicas-el-ayuntamiento-de-mula-remodela-por-completo-la-calle-fuensanta\/#primaryimage"},"thumbnailUrl":"https:\/\/mula.es\/web\/wp-content\/uploads\/2023\/01\/Remodelacion-Calle-Fuensanta.jpeg","articleSection":["obras p\u00fablicas"],"inLanguage":"es"},{"@type":"WebPage","@id":"https:\/\/mula.es\/web\/obras-publicas-el-ayuntamiento-de-mula-remodela-por-completo-la-calle-fuensanta\/","url":"https:\/\/mula.es\/web\/obras-publicas-el-ayuntamiento-de-mula-remodela-por-completo-la-calle-fuensanta\/","name":"OBRAS P\u00daBLICAS| El Ayuntamiento de Mula remodela por completo la calle Fuensanta - Ayuntamiento de Mula","isPartOf":{"@id":"https:\/\/mula.es\/web\/#website"},"primaryImageOfPage":{"@id":"https:\/\/mula.es\/web\/obras-publicas-el-ayuntamiento-de-mula-remodela-por-completo-la-calle-fuensanta\/#primaryimage"},"image":{"@id":"https:\/\/mula.es\/web\/obras-publicas-el-ayuntamiento-de-mula-remodela-por-completo-la-calle-fuensanta\/#primaryimage"},"thumbnailUrl":"https:\/\/mula.es\/web\/wp-content\/uploads\/2023\/01\/Remodelacion-Calle-Fuensanta.jpeg","datePublished":"2023-01-17T10:47:25+00:00","author":{"@id":"https:\/\/mula.es\/web\/#\/schema\/person\/4cc33fc69cd667605e1b6247815ac0c0"},"breadcrumb":{"@id":"https:\/\/mula.es\/web\/obras-publicas-el-ayuntamiento-de-mula-remodela-por-completo-la-calle-fuensanta\/#breadcrumb"},"inLanguage":"es","potentialAction":[{"@type":"ReadAction","target":["https:\/\/mula.es\/web\/obras-publicas-el-ayuntamiento-de-mula-remodela-por-completo-la-calle-fuensanta\/"]}]},{"@type":"ImageObject","inLanguage":"es","@id":"https:\/\/mula.es\/web\/obras-publicas-el-ayuntamiento-de-mula-remodela-por-completo-la-calle-fuensanta\/#primaryimage","url":"https:\/\/mula.es\/web\/wp-content\/uploads\/2023\/01\/Remodelacion-Calle-Fuensanta.jpeg","contentUrl":"https:\/\/mula.es\/web\/wp-content\/uploads\/2023\/01\/Remodelacion-Calle-Fuensanta.jpeg","width":2048,"height":1536,"caption":"Juan Jes\u00fas Moreno, acompa\u00f1ado por el concejal de Urbanismo y Obras P\u00fablicas Francisco J. Llamazares, el concejal de Servicios Municipales Vicente L\u00f3pez y el t\u00e9cnico del Ayuntamiento Le\u00f3n Saavedra."},{"@type":"BreadcrumbList","@id":"https:\/\/mula.es\/web\/obras-publicas-el-ayuntamiento-de-mula-remodela-por-completo-la-calle-fuensanta\/#breadcrumb","itemListElement":[{"@type":"ListItem","position":1,"name":"Portada","item":"https:\/\/mula.es\/web\/"},{"@type":"ListItem","position":2,"name":"OBRAS P\u00daBLICAS| El Ayuntamiento de Mula remodela por completo la calle Fuensanta"}]},{"@type":"WebSite","@id":"https:\/\/mula.es\/web\/#website","url":"https:\/\/mula.es\/web\/","name":"Ayuntamiento de Mula","description":"P\u00e1gina web del Ayuntamiento de Mula (Regi\u00f3n de Murcia)","potentialAction":[{"@type":"SearchAction","target":{"@type":"EntryPoint","urlTemplate":"https:\/\/mula.es\/web\/?s={search_term_string}"},"query-input":{"@type":"PropertyValueSpecification","valueRequired":true,"valueName":"search_term_string"}}],"inLanguage":"es"},{"@type":"Person","@id":"https:\/\/mula.es\/web\/#\/schema\/person\/4cc33fc69cd667605e1b6247815ac0c0","name":"Mar\u00eda Bel\u00e9n Sumba Bravo","image":{"@type":"ImageObject","inLanguage":"es","@id":"https:\/\/secure.gravatar.com\/avatar\/8f65af12a8d72e866f97bba50325bdf89a5362533b6f2c9db8c88130883986b1?s=96&d=mm&r=g","url":"https:\/\/secure.gravatar.com\/avatar\/8f65af12a8d72e866f97bba50325bdf89a5362533b6f2c9db8c88130883986b1?s=96&d=mm&r=g","contentUrl":"https:\/\/secure.gravatar.com\/avatar\/8f65af12a8d72e866f97bba50325bdf89a5362533b6f2c9db8c88130883986b1?s=96&d=mm&r=g","caption":"Mar\u00eda Bel\u00e9n Sumba Bravo"},"url":"https:\/\/mula.es\/web\/author\/mbsumba\/"}]}},"jetpack_publicize_connections":[],"jetpack_featured_media_url":"https:\/\/mula.es\/web\/wp-content\/uploads\/2023\/01\/Remodelacion-Calle-Fuensanta.jpeg","jetpack_sharing_enabled":true,"jetpack_shortlink":"https:\/\/wp.me\/pa9DMY-cfn","jetpack-related-posts":[],"_links":{"self":[{"href":"https:\/\/mula.es\/web\/wp-json\/wp\/v2\/posts\/47081","targetHints":{"allow":["GET"]}}],"collection":[{"href":"https:\/\/mula.es\/web\/wp-json\/wp\/v2\/posts"}],"about":[{"href":"https:\/\/mula.es\/web\/wp-json\/wp\/v2\/types\/post"}],"author":[{"embeddable":true,"href":"https:\/\/mula.es\/web\/wp-json\/wp\/v2\/users\/12"}],"replies":[{"embeddable":true,"href":"https:\/\/mula.es\/web\/wp-json\/wp\/v2\/comments?post=47081"}],"version-history":[{"count":3,"href":"https:\/\/mula.es\/web\/wp-json\/wp\/v2\/posts\/47081\/revisions"}],"predecessor-version":[{"id":47088,"href":"https:\/\/mula.es\/web\/wp-json\/wp\/v2\/posts\/47081\/revisions\/47088"}],"wp:featuredmedia":[{"embeddable":true,"href":"https:\/\/mula.es\/web\/wp-json\/wp\/v2\/media\/47082"}],"wp:attachment":[{"href":"https:\/\/mula.es\/web\/wp-json\/wp\/v2\/media?parent=47081"}],"wp:term":[{"taxonomy":"category","embeddable":true,"href":"https:\/\/mula.es\/web\/wp-json\/wp\/v2\/categories?post=47081"},{"taxonomy":"post_tag","embeddable":true,"href":"https:\/\/mula.es\/web\/wp-json\/wp\/v2\/tags?post=47081"}],"curies":[{"name":"wp","href":"https:\/\/api.w.org\/{rel}","templated":true}]}}