{"id":47514,"date":"2023-02-16T12:03:29","date_gmt":"2023-02-16T11:03:29","guid":{"rendered":"https:\/\/mula.es\/web\/?p=47514"},"modified":"2023-09-04T09:00:04","modified_gmt":"2023-09-04T07:00:04","slug":"el-ayuntamiento-de-mula-pone-en-marcha-la-i-feria-agricola-en-el-municipio","status":"publish","type":"post","link":"https:\/\/mula.es\/web\/el-ayuntamiento-de-mula-pone-en-marcha-la-i-feria-agricola-en-el-municipio\/","title":{"rendered":"El Ayuntamiento de Mula pone en marcha la I Feria Agr\u00edcola en el municipio"},"content":{"rendered":"<ul>\n<li style=\"text-align: justify;\"><strong>El consistorio mule\u00f1o busca poner en valor el trabajo de los agricultores y las empresas del sector dentro del municipio y toda la Regi\u00f3n mediante la celebraci\u00f3n de la I Feria Agr\u00edcola, con la que se pretende atraer a miles de personas<\/strong><\/li>\n<li style=\"text-align: justify;\"><strong>La presentaci\u00f3n de la feria, que se celebra el 25 y 26 de febrero, la ha realizado el alcalde de Mula Juan Jes\u00fas Moreno, junto a miembros del equipo de Gobierno, en la Sala de Prensa del Ayuntamiento de Mula, situada en la Oficina de Turismo del municipio<\/strong><\/li>\n<\/ul>\n<p style=\"text-align: justify;\">Enmarcada dentro de la II Feria del Almendro el Flor de Mula, esta Feria Agr\u00edcola se celebrar\u00e1 los d\u00edas 25 y 26 de febrero en el parque Crist\u00f3bal Gabarr\u00f3n del municipio. Ser\u00e1 en este espacio donde los visitantes podr\u00e1n ver una gran exposici\u00f3n de maquinaria puntera en el sector de la agricultura tra\u00edda por <strong>m\u00e1s de 20 empresas mule\u00f1as y del resto de la Regi\u00f3n.<\/strong> Tractores, cosechadoras, segadoras, recolectoras, entre otras, formar\u00e1n parte de la muestra que busca acercar el trabajo agr\u00edcola a la poblaci\u00f3n en general. Adem\u00e1s, los turistas podr\u00e1n vivir esta Feria Agr\u00edcola a trav\u00e9s del <strong>mercado de productos locales y artesan\u00eda<\/strong>, donde degustar distintos manjares elaborados en Mula;<strong> rutas y visitas guiadas<\/strong> por el casco hist\u00f3rico del municipio; y talleres y juegos hinchables para los m\u00e1s peque\u00f1os.<\/p>\n<p style=\"text-align: justify;\">Esta feria se consolida como un <strong>punto de encuentro para poner en valor el sector agr\u00edcola<\/strong>, destacando su importancia como motor dinamizador de la econom\u00eda mule\u00f1a junto con el turismo. Ejemplo de ello es la propia celebraci\u00f3n de la Feria del Almendro en Flor, gracias a la que el municipio est\u00e1 recibiendo la visita de cientos de personas que, atra\u00eddas por los parajes naturales, se han movilizado hasta Mula para disfrutar de las distintas rutas y actividades puestas en marcha por el consistorio. Y es que Mula, con m\u00e1s de 20 mil hect\u00e1reas, se consolida como<strong> el municipio espa\u00f1ol con mayor superficie dedicada al cultivo del almendro.<\/strong><\/p>\n<p style=\"text-align: justify;\"><strong>\u201cEsta feria busca dar a conocer a la Regi\u00f3n la importancia que tiene Mula en la agricultura. No s\u00f3lo por su producci\u00f3n, sino por contar con empresas punteras en el sector a nivel nacional e internacional\u201d<\/strong>, ha destacado el alcalde de Mula Juan Jes\u00fas Moreno, durante la presentaci\u00f3n del evento.<\/p>\n<p style=\"text-align: justify;\">Asimismo, el primer edil ha hablado de que \u201cdesde el Ayuntamiento de Mula siempre hemos trabajado y seguiremos trabajando para situar el turismo como uno de los principales impulsores de la econom\u00eda de nuestra ciudad\u201d. \u201cContamos con un inmenso patrimonio hist\u00f3rico, cultural y natural que nos avala para convertirnos en un territorio que crezca gracias al turismo y su producci\u00f3n agr\u00edcola\u201d, ha concluido.<\/p>\n<h3 style=\"text-align: center;\"><span style=\"text-decoration: underline;\"><a href=\"https:\/\/mula.es\/web\/wp-content\/uploads\/2023\/02\/Programacion-I-Feria-Agricola-Mula.pdf\"><strong>PROGRAMACI\u00d3N COMPLETA (PDF)<\/strong><\/a><\/span><\/h3>\n<p>&nbsp;<\/p>\n<div id=\"attachment_47519\" style=\"width: 631px\" class=\"wp-caption aligncenter\"><a href=\"https:\/\/mula.es\/web\/wp-content\/uploads\/2023\/02\/El-alcalde-de-Mula-Juan-Jesus-Moreno-acompanado-por-miembros-del-equipo-de-Gobierno-durante-la-presentacion-de-la-I-Feria-Agricola-del-municipio..jpeg\"><img decoding=\"async\" aria-describedby=\"caption-attachment-47519\" data-attachment-id=\"47519\" data-permalink=\"https:\/\/mula.es\/web\/el-ayuntamiento-de-mula-pone-en-marcha-la-i-feria-agricola-en-el-municipio\/el-alcalde-de-mula-juan-jesus-moreno-acompanado-por-miembros-del-equipo-de-gobierno-durante-la-presentacion-de-la-i-feria-agricola-del-municipio\/\" data-orig-file=\"https:\/\/mula.es\/web\/wp-content\/uploads\/2023\/02\/El-alcalde-de-Mula-Juan-Jesus-Moreno-acompanado-por-miembros-del-equipo-de-Gobierno-durante-la-presentacion-de-la-I-Feria-Agricola-del-municipio..jpeg\" data-orig-size=\"1600,1200\" data-comments-opened=\"0\" data-image-meta=\"{&quot;aperture&quot;:&quot;0&quot;,&quot;credit&quot;:&quot;&quot;,&quot;camera&quot;:&quot;&quot;,&quot;caption&quot;:&quot;&quot;,&quot;created_timestamp&quot;:&quot;0&quot;,&quot;copyright&quot;:&quot;&quot;,&quot;focal_length&quot;:&quot;0&quot;,&quot;iso&quot;:&quot;0&quot;,&quot;shutter_speed&quot;:&quot;0&quot;,&quot;title&quot;:&quot;&quot;,&quot;orientation&quot;:&quot;0&quot;}\" data-image-title=\"El alcalde de Mula Juan Jes\u00fas Moreno acompa\u00f1ado por miembros del equipo de Gobierno durante la presentaci\u00f3n de la I Feria Agr\u00edcola del municipio.\" data-image-description=\"\" data-image-caption=\"\" data-large-file=\"https:\/\/mula.es\/web\/wp-content\/uploads\/2023\/02\/El-alcalde-de-Mula-Juan-Jesus-Moreno-acompanado-por-miembros-del-equipo-de-Gobierno-durante-la-presentacion-de-la-I-Feria-Agricola-del-municipio.-1024x768.jpeg\" class=\"wp-image-47519 \" src=\"https:\/\/mula.es\/web\/wp-content\/uploads\/2023\/02\/El-alcalde-de-Mula-Juan-Jesus-Moreno-acompanado-por-miembros-del-equipo-de-Gobierno-durante-la-presentacion-de-la-I-Feria-Agricola-del-municipio..jpeg\" alt=\"El alcalde de Mula Juan Jes\u00fas Moreno acompa\u00f1ado por miembros del equipo de Gobierno durante la presentaci\u00f3n de la I Feria Agr\u00edcola del municipio.\" width=\"621\" height=\"466\" srcset=\"https:\/\/mula.es\/web\/wp-content\/uploads\/2023\/02\/El-alcalde-de-Mula-Juan-Jesus-Moreno-acompanado-por-miembros-del-equipo-de-Gobierno-durante-la-presentacion-de-la-I-Feria-Agricola-del-municipio.-200x150.jpeg 200w, https:\/\/mula.es\/web\/wp-content\/uploads\/2023\/02\/El-alcalde-de-Mula-Juan-Jesus-Moreno-acompanado-por-miembros-del-equipo-de-Gobierno-durante-la-presentacion-de-la-I-Feria-Agricola-del-municipio.-300x225.jpeg 300w, https:\/\/mula.es\/web\/wp-content\/uploads\/2023\/02\/El-alcalde-de-Mula-Juan-Jesus-Moreno-acompanado-por-miembros-del-equipo-de-Gobierno-durante-la-presentacion-de-la-I-Feria-Agricola-del-municipio.-400x300.jpeg 400w, https:\/\/mula.es\/web\/wp-content\/uploads\/2023\/02\/El-alcalde-de-Mula-Juan-Jesus-Moreno-acompanado-por-miembros-del-equipo-de-Gobierno-durante-la-presentacion-de-la-I-Feria-Agricola-del-municipio.-600x450.jpeg 600w, https:\/\/mula.es\/web\/wp-content\/uploads\/2023\/02\/El-alcalde-de-Mula-Juan-Jesus-Moreno-acompanado-por-miembros-del-equipo-de-Gobierno-durante-la-presentacion-de-la-I-Feria-Agricola-del-municipio.-768x576.jpeg 768w, https:\/\/mula.es\/web\/wp-content\/uploads\/2023\/02\/El-alcalde-de-Mula-Juan-Jesus-Moreno-acompanado-por-miembros-del-equipo-de-Gobierno-durante-la-presentacion-de-la-I-Feria-Agricola-del-municipio.-800x600.jpeg 800w, https:\/\/mula.es\/web\/wp-content\/uploads\/2023\/02\/El-alcalde-de-Mula-Juan-Jesus-Moreno-acompanado-por-miembros-del-equipo-de-Gobierno-durante-la-presentacion-de-la-I-Feria-Agricola-del-municipio.-1024x768.jpeg 1024w, https:\/\/mula.es\/web\/wp-content\/uploads\/2023\/02\/El-alcalde-de-Mula-Juan-Jesus-Moreno-acompanado-por-miembros-del-equipo-de-Gobierno-durante-la-presentacion-de-la-I-Feria-Agricola-del-municipio.-1200x900.jpeg 1200w, https:\/\/mula.es\/web\/wp-content\/uploads\/2023\/02\/El-alcalde-de-Mula-Juan-Jesus-Moreno-acompanado-por-miembros-del-equipo-de-Gobierno-durante-la-presentacion-de-la-I-Feria-Agricola-del-municipio.-1536x1152.jpeg 1536w, https:\/\/mula.es\/web\/wp-content\/uploads\/2023\/02\/El-alcalde-de-Mula-Juan-Jesus-Moreno-acompanado-por-miembros-del-equipo-de-Gobierno-durante-la-presentacion-de-la-I-Feria-Agricola-del-municipio..jpeg 1600w\" sizes=\"(max-width: 621px) 100vw, 621px\" \/><\/a><p id=\"caption-attachment-47519\" class=\"wp-caption-text\"><em>El alcalde de Mula y miembros del equipo de Gobierno durante la presentaci\u00f3n de la I Feria Agr\u00edcola.<\/em><\/p><\/div>\n","protected":false},"excerpt":{"rendered":"<p>El consistorio mule\u00f1o busca poner en valor el trabajo de los agricultores y las empresas del sector dentro del municipio y toda la Regi\u00f3n mediante la celebraci\u00f3n de la I Feria Agr\u00edcola, con la que se pretende atraer a miles de personas La presentaci\u00f3n de la feria, que se celebra el 25 y 26 de  [&#8230;]<\/p>\n","protected":false},"author":12,"featured_media":47523,"comment_status":"closed","ping_status":"closed","sticky":false,"template":"","format":"standard","meta":{"jetpack_post_was_ever_published":false,"_jetpack_newsletter_access":"","_jetpack_dont_email_post_to_subs":false,"_jetpack_newsletter_tier_id":0,"_jetpack_memberships_contains_paywalled_content":false,"_jetpack_memberships_contains_paid_content":false,"footnotes":"","jetpack_publicize_message":"","jetpack_publicize_feature_enabled":true,"jetpack_social_post_already_shared":false,"jetpack_social_options":{"image_generator_settings":{"template":"highway","default_image_id":0,"font":"","enabled":false},"version":2}},"categories":[134,184],"tags":[],"class_list":["post-47514","post","type-post","status-publish","format-standard","has-post-thumbnail","hentry","category-agricultura","category-feria"],"yoast_head":"<!-- This site is optimized with the Yoast SEO plugin v27.4 - https:\/\/yoast.com\/product\/yoast-seo-wordpress\/ -->\n<title>El Ayuntamiento de Mula pone en marcha la I Feria Agr\u00edcola en el municipio - Ayuntamiento de Mula<\/title>\n<meta name=\"robots\" content=\"index, follow, max-snippet:-1, max-image-preview:large, max-video-preview:-1\" \/>\n<link rel=\"canonical\" href=\"https:\/\/mula.es\/web\/el-ayuntamiento-de-mula-pone-en-marcha-la-i-feria-agricola-en-el-municipio\/\" \/>\n<meta property=\"og:locale\" content=\"es_ES\" \/>\n<meta property=\"og:type\" content=\"article\" \/>\n<meta property=\"og:title\" content=\"El Ayuntamiento de Mula pone en marcha la I Feria Agr\u00edcola en el municipio - Ayuntamiento de Mula\" \/>\n<meta property=\"og:description\" content=\"El consistorio mule\u00f1o busca poner en valor el trabajo de los agricultores y las empresas del sector dentro del municipio y toda la Regi\u00f3n mediante la celebraci\u00f3n de la I Feria Agr\u00edcola, con la que se pretende atraer a miles de personas La presentaci\u00f3n de la feria, que se celebra el 25 y 26 de [...]\" \/>\n<meta property=\"og:url\" content=\"https:\/\/mula.es\/web\/el-ayuntamiento-de-mula-pone-en-marcha-la-i-feria-agricola-en-el-municipio\/\" \/>\n<meta property=\"og:site_name\" content=\"Ayuntamiento de Mula\" \/>\n<meta property=\"article:published_time\" content=\"2023-02-16T11:03:29+00:00\" \/>\n<meta property=\"article:modified_time\" content=\"2023-09-04T07:00:04+00:00\" \/>\n<meta property=\"og:image\" content=\"https:\/\/mula.es\/web\/wp-content\/uploads\/2023\/02\/El-alcalde-de-Mula-Juan-Jesus-Moreno-presentando-la-I-Feria-Agricola..jpg\" \/>\n\t<meta property=\"og:image:width\" content=\"1600\" \/>\n\t<meta property=\"og:image:height\" content=\"1067\" \/>\n\t<meta property=\"og:image:type\" content=\"image\/jpeg\" \/>\n<meta name=\"author\" content=\"Mar\u00eda Bel\u00e9n Sumba Bravo\" \/>\n<meta name=\"twitter:card\" content=\"summary_large_image\" \/>\n<meta name=\"twitter:creator\" content=\"@AyuntamientMula\" \/>\n<meta name=\"twitter:site\" content=\"@AyuntamientMula\" \/>\n<meta name=\"twitter:label1\" content=\"Escrito por\" \/>\n\t<meta name=\"twitter:data1\" content=\"Mar\u00eda Bel\u00e9n Sumba Bravo\" \/>\n\t<meta name=\"twitter:label2\" content=\"Tiempo de lectura\" \/>\n\t<meta name=\"twitter:data2\" content=\"3 minutos\" \/>\n<script type=\"application\/ld+json\" class=\"yoast-schema-graph\">{\"@context\":\"https:\\\/\\\/schema.org\",\"@graph\":[{\"@type\":\"Article\",\"@id\":\"https:\\\/\\\/mula.es\\\/web\\\/el-ayuntamiento-de-mula-pone-en-marcha-la-i-feria-agricola-en-el-municipio\\\/#article\",\"isPartOf\":{\"@id\":\"https:\\\/\\\/mula.es\\\/web\\\/el-ayuntamiento-de-mula-pone-en-marcha-la-i-feria-agricola-en-el-municipio\\\/\"},\"author\":{\"name\":\"Mar\u00eda Bel\u00e9n Sumba Bravo\",\"@id\":\"https:\\\/\\\/mula.es\\\/web\\\/#\\\/schema\\\/person\\\/4cc33fc69cd667605e1b6247815ac0c0\"},\"headline\":\"El Ayuntamiento de Mula pone en marcha la I Feria Agr\u00edcola en el municipio\",\"datePublished\":\"2023-02-16T11:03:29+00:00\",\"dateModified\":\"2023-09-04T07:00:04+00:00\",\"mainEntityOfPage\":{\"@id\":\"https:\\\/\\\/mula.es\\\/web\\\/el-ayuntamiento-de-mula-pone-en-marcha-la-i-feria-agricola-en-el-municipio\\\/\"},\"wordCount\":525,\"image\":{\"@id\":\"https:\\\/\\\/mula.es\\\/web\\\/el-ayuntamiento-de-mula-pone-en-marcha-la-i-feria-agricola-en-el-municipio\\\/#primaryimage\"},\"thumbnailUrl\":\"https:\\\/\\\/mula.es\\\/web\\\/wp-content\\\/uploads\\\/2023\\\/02\\\/El-alcalde-de-Mula-Juan-Jesus-Moreno-presentando-la-I-Feria-Agricola..jpg\",\"articleSection\":[\"agricultura\",\"feria\"],\"inLanguage\":\"es\"},{\"@type\":\"WebPage\",\"@id\":\"https:\\\/\\\/mula.es\\\/web\\\/el-ayuntamiento-de-mula-pone-en-marcha-la-i-feria-agricola-en-el-municipio\\\/\",\"url\":\"https:\\\/\\\/mula.es\\\/web\\\/el-ayuntamiento-de-mula-pone-en-marcha-la-i-feria-agricola-en-el-municipio\\\/\",\"name\":\"El Ayuntamiento de Mula pone en marcha la I Feria Agr\u00edcola en el municipio - Ayuntamiento de Mula\",\"isPartOf\":{\"@id\":\"https:\\\/\\\/mula.es\\\/web\\\/#website\"},\"primaryImageOfPage\":{\"@id\":\"https:\\\/\\\/mula.es\\\/web\\\/el-ayuntamiento-de-mula-pone-en-marcha-la-i-feria-agricola-en-el-municipio\\\/#primaryimage\"},\"image\":{\"@id\":\"https:\\\/\\\/mula.es\\\/web\\\/el-ayuntamiento-de-mula-pone-en-marcha-la-i-feria-agricola-en-el-municipio\\\/#primaryimage\"},\"thumbnailUrl\":\"https:\\\/\\\/mula.es\\\/web\\\/wp-content\\\/uploads\\\/2023\\\/02\\\/El-alcalde-de-Mula-Juan-Jesus-Moreno-presentando-la-I-Feria-Agricola..jpg\",\"datePublished\":\"2023-02-16T11:03:29+00:00\",\"dateModified\":\"2023-09-04T07:00:04+00:00\",\"author\":{\"@id\":\"https:\\\/\\\/mula.es\\\/web\\\/#\\\/schema\\\/person\\\/4cc33fc69cd667605e1b6247815ac0c0\"},\"breadcrumb\":{\"@id\":\"https:\\\/\\\/mula.es\\\/web\\\/el-ayuntamiento-de-mula-pone-en-marcha-la-i-feria-agricola-en-el-municipio\\\/#breadcrumb\"},\"inLanguage\":\"es\",\"potentialAction\":[{\"@type\":\"ReadAction\",\"target\":[\"https:\\\/\\\/mula.es\\\/web\\\/el-ayuntamiento-de-mula-pone-en-marcha-la-i-feria-agricola-en-el-municipio\\\/\"]}]},{\"@type\":\"ImageObject\",\"inLanguage\":\"es\",\"@id\":\"https:\\\/\\\/mula.es\\\/web\\\/el-ayuntamiento-de-mula-pone-en-marcha-la-i-feria-agricola-en-el-municipio\\\/#primaryimage\",\"url\":\"https:\\\/\\\/mula.es\\\/web\\\/wp-content\\\/uploads\\\/2023\\\/02\\\/El-alcalde-de-Mula-Juan-Jesus-Moreno-presentando-la-I-Feria-Agricola..jpg\",\"contentUrl\":\"https:\\\/\\\/mula.es\\\/web\\\/wp-content\\\/uploads\\\/2023\\\/02\\\/El-alcalde-de-Mula-Juan-Jesus-Moreno-presentando-la-I-Feria-Agricola..jpg\",\"width\":1600,\"height\":1067,\"caption\":\"El alcalde de Mula Juan Jes\u00fas Moreno presentando la I Feria Agr\u00edcola.\"},{\"@type\":\"BreadcrumbList\",\"@id\":\"https:\\\/\\\/mula.es\\\/web\\\/el-ayuntamiento-de-mula-pone-en-marcha-la-i-feria-agricola-en-el-municipio\\\/#breadcrumb\",\"itemListElement\":[{\"@type\":\"ListItem\",\"position\":1,\"name\":\"Portada\",\"item\":\"https:\\\/\\\/mula.es\\\/web\\\/\"},{\"@type\":\"ListItem\",\"position\":2,\"name\":\"El Ayuntamiento de Mula pone en marcha la I Feria Agr\u00edcola en el municipio\"}]},{\"@type\":\"WebSite\",\"@id\":\"https:\\\/\\\/mula.es\\\/web\\\/#website\",\"url\":\"https:\\\/\\\/mula.es\\\/web\\\/\",\"name\":\"Ayuntamiento de Mula\",\"description\":\"P\u00e1gina web del Ayuntamiento de Mula (Regi\u00f3n de Murcia)\",\"potentialAction\":[{\"@type\":\"SearchAction\",\"target\":{\"@type\":\"EntryPoint\",\"urlTemplate\":\"https:\\\/\\\/mula.es\\\/web\\\/?s={search_term_string}\"},\"query-input\":{\"@type\":\"PropertyValueSpecification\",\"valueRequired\":true,\"valueName\":\"search_term_string\"}}],\"inLanguage\":\"es\"},{\"@type\":\"Person\",\"@id\":\"https:\\\/\\\/mula.es\\\/web\\\/#\\\/schema\\\/person\\\/4cc33fc69cd667605e1b6247815ac0c0\",\"name\":\"Mar\u00eda Bel\u00e9n Sumba Bravo\",\"image\":{\"@type\":\"ImageObject\",\"inLanguage\":\"es\",\"@id\":\"https:\\\/\\\/secure.gravatar.com\\\/avatar\\\/8f65af12a8d72e866f97bba50325bdf89a5362533b6f2c9db8c88130883986b1?s=96&d=mm&r=g\",\"url\":\"https:\\\/\\\/secure.gravatar.com\\\/avatar\\\/8f65af12a8d72e866f97bba50325bdf89a5362533b6f2c9db8c88130883986b1?s=96&d=mm&r=g\",\"contentUrl\":\"https:\\\/\\\/secure.gravatar.com\\\/avatar\\\/8f65af12a8d72e866f97bba50325bdf89a5362533b6f2c9db8c88130883986b1?s=96&d=mm&r=g\",\"caption\":\"Mar\u00eda Bel\u00e9n Sumba Bravo\"},\"url\":\"https:\\\/\\\/mula.es\\\/web\\\/author\\\/mbsumba\\\/\"}]}<\/script>\n<!-- \/ Yoast SEO plugin. -->","yoast_head_json":{"title":"El Ayuntamiento de Mula pone en marcha la I Feria Agr\u00edcola en el municipio - Ayuntamiento de Mula","robots":{"index":"index","follow":"follow","max-snippet":"max-snippet:-1","max-image-preview":"max-image-preview:large","max-video-preview":"max-video-preview:-1"},"canonical":"https:\/\/mula.es\/web\/el-ayuntamiento-de-mula-pone-en-marcha-la-i-feria-agricola-en-el-municipio\/","og_locale":"es_ES","og_type":"article","og_title":"El Ayuntamiento de Mula pone en marcha la I Feria Agr\u00edcola en el municipio - Ayuntamiento de Mula","og_description":"El consistorio mule\u00f1o busca poner en valor el trabajo de los agricultores y las empresas del sector dentro del municipio y toda la Regi\u00f3n mediante la celebraci\u00f3n de la I Feria Agr\u00edcola, con la que se pretende atraer a miles de personas La presentaci\u00f3n de la feria, que se celebra el 25 y 26 de [...]","og_url":"https:\/\/mula.es\/web\/el-ayuntamiento-de-mula-pone-en-marcha-la-i-feria-agricola-en-el-municipio\/","og_site_name":"Ayuntamiento de Mula","article_published_time":"2023-02-16T11:03:29+00:00","article_modified_time":"2023-09-04T07:00:04+00:00","og_image":[{"width":1600,"height":1067,"url":"https:\/\/mula.es\/web\/wp-content\/uploads\/2023\/02\/El-alcalde-de-Mula-Juan-Jesus-Moreno-presentando-la-I-Feria-Agricola..jpg","type":"image\/jpeg"}],"author":"Mar\u00eda Bel\u00e9n Sumba Bravo","twitter_card":"summary_large_image","twitter_creator":"@AyuntamientMula","twitter_site":"@AyuntamientMula","twitter_misc":{"Escrito por":"Mar\u00eda Bel\u00e9n Sumba Bravo","Tiempo de lectura":"3 minutos"},"schema":{"@context":"https:\/\/schema.org","@graph":[{"@type":"Article","@id":"https:\/\/mula.es\/web\/el-ayuntamiento-de-mula-pone-en-marcha-la-i-feria-agricola-en-el-municipio\/#article","isPartOf":{"@id":"https:\/\/mula.es\/web\/el-ayuntamiento-de-mula-pone-en-marcha-la-i-feria-agricola-en-el-municipio\/"},"author":{"name":"Mar\u00eda Bel\u00e9n Sumba Bravo","@id":"https:\/\/mula.es\/web\/#\/schema\/person\/4cc33fc69cd667605e1b6247815ac0c0"},"headline":"El Ayuntamiento de Mula pone en marcha la I Feria Agr\u00edcola en el municipio","datePublished":"2023-02-16T11:03:29+00:00","dateModified":"2023-09-04T07:00:04+00:00","mainEntityOfPage":{"@id":"https:\/\/mula.es\/web\/el-ayuntamiento-de-mula-pone-en-marcha-la-i-feria-agricola-en-el-municipio\/"},"wordCount":525,"image":{"@id":"https:\/\/mula.es\/web\/el-ayuntamiento-de-mula-pone-en-marcha-la-i-feria-agricola-en-el-municipio\/#primaryimage"},"thumbnailUrl":"https:\/\/mula.es\/web\/wp-content\/uploads\/2023\/02\/El-alcalde-de-Mula-Juan-Jesus-Moreno-presentando-la-I-Feria-Agricola..jpg","articleSection":["agricultura","feria"],"inLanguage":"es"},{"@type":"WebPage","@id":"https:\/\/mula.es\/web\/el-ayuntamiento-de-mula-pone-en-marcha-la-i-feria-agricola-en-el-municipio\/","url":"https:\/\/mula.es\/web\/el-ayuntamiento-de-mula-pone-en-marcha-la-i-feria-agricola-en-el-municipio\/","name":"El Ayuntamiento de Mula pone en marcha la I Feria Agr\u00edcola en el municipio - Ayuntamiento de Mula","isPartOf":{"@id":"https:\/\/mula.es\/web\/#website"},"primaryImageOfPage":{"@id":"https:\/\/mula.es\/web\/el-ayuntamiento-de-mula-pone-en-marcha-la-i-feria-agricola-en-el-municipio\/#primaryimage"},"image":{"@id":"https:\/\/mula.es\/web\/el-ayuntamiento-de-mula-pone-en-marcha-la-i-feria-agricola-en-el-municipio\/#primaryimage"},"thumbnailUrl":"https:\/\/mula.es\/web\/wp-content\/uploads\/2023\/02\/El-alcalde-de-Mula-Juan-Jesus-Moreno-presentando-la-I-Feria-Agricola..jpg","datePublished":"2023-02-16T11:03:29+00:00","dateModified":"2023-09-04T07:00:04+00:00","author":{"@id":"https:\/\/mula.es\/web\/#\/schema\/person\/4cc33fc69cd667605e1b6247815ac0c0"},"breadcrumb":{"@id":"https:\/\/mula.es\/web\/el-ayuntamiento-de-mula-pone-en-marcha-la-i-feria-agricola-en-el-municipio\/#breadcrumb"},"inLanguage":"es","potentialAction":[{"@type":"ReadAction","target":["https:\/\/mula.es\/web\/el-ayuntamiento-de-mula-pone-en-marcha-la-i-feria-agricola-en-el-municipio\/"]}]},{"@type":"ImageObject","inLanguage":"es","@id":"https:\/\/mula.es\/web\/el-ayuntamiento-de-mula-pone-en-marcha-la-i-feria-agricola-en-el-municipio\/#primaryimage","url":"https:\/\/mula.es\/web\/wp-content\/uploads\/2023\/02\/El-alcalde-de-Mula-Juan-Jesus-Moreno-presentando-la-I-Feria-Agricola..jpg","contentUrl":"https:\/\/mula.es\/web\/wp-content\/uploads\/2023\/02\/El-alcalde-de-Mula-Juan-Jesus-Moreno-presentando-la-I-Feria-Agricola..jpg","width":1600,"height":1067,"caption":"El alcalde de Mula Juan Jes\u00fas Moreno presentando la I Feria Agr\u00edcola."},{"@type":"BreadcrumbList","@id":"https:\/\/mula.es\/web\/el-ayuntamiento-de-mula-pone-en-marcha-la-i-feria-agricola-en-el-municipio\/#breadcrumb","itemListElement":[{"@type":"ListItem","position":1,"name":"Portada","item":"https:\/\/mula.es\/web\/"},{"@type":"ListItem","position":2,"name":"El Ayuntamiento de Mula pone en marcha la I Feria Agr\u00edcola en el municipio"}]},{"@type":"WebSite","@id":"https:\/\/mula.es\/web\/#website","url":"https:\/\/mula.es\/web\/","name":"Ayuntamiento de Mula","description":"P\u00e1gina web del Ayuntamiento de Mula (Regi\u00f3n de Murcia)","potentialAction":[{"@type":"SearchAction","target":{"@type":"EntryPoint","urlTemplate":"https:\/\/mula.es\/web\/?s={search_term_string}"},"query-input":{"@type":"PropertyValueSpecification","valueRequired":true,"valueName":"search_term_string"}}],"inLanguage":"es"},{"@type":"Person","@id":"https:\/\/mula.es\/web\/#\/schema\/person\/4cc33fc69cd667605e1b6247815ac0c0","name":"Mar\u00eda Bel\u00e9n Sumba Bravo","image":{"@type":"ImageObject","inLanguage":"es","@id":"https:\/\/secure.gravatar.com\/avatar\/8f65af12a8d72e866f97bba50325bdf89a5362533b6f2c9db8c88130883986b1?s=96&d=mm&r=g","url":"https:\/\/secure.gravatar.com\/avatar\/8f65af12a8d72e866f97bba50325bdf89a5362533b6f2c9db8c88130883986b1?s=96&d=mm&r=g","contentUrl":"https:\/\/secure.gravatar.com\/avatar\/8f65af12a8d72e866f97bba50325bdf89a5362533b6f2c9db8c88130883986b1?s=96&d=mm&r=g","caption":"Mar\u00eda Bel\u00e9n Sumba Bravo"},"url":"https:\/\/mula.es\/web\/author\/mbsumba\/"}]}},"jetpack_publicize_connections":[],"jetpack_featured_media_url":"https:\/\/mula.es\/web\/wp-content\/uploads\/2023\/02\/El-alcalde-de-Mula-Juan-Jesus-Moreno-presentando-la-I-Feria-Agricola..jpg","jetpack_sharing_enabled":true,"jetpack_shortlink":"https:\/\/wp.me\/pa9DMY-cmm","jetpack-related-posts":[],"_links":{"self":[{"href":"https:\/\/mula.es\/web\/wp-json\/wp\/v2\/posts\/47514","targetHints":{"allow":["GET"]}}],"collection":[{"href":"https:\/\/mula.es\/web\/wp-json\/wp\/v2\/posts"}],"about":[{"href":"https:\/\/mula.es\/web\/wp-json\/wp\/v2\/types\/post"}],"author":[{"embeddable":true,"href":"https:\/\/mula.es\/web\/wp-json\/wp\/v2\/users\/12"}],"replies":[{"embeddable":true,"href":"https:\/\/mula.es\/web\/wp-json\/wp\/v2\/comments?post=47514"}],"version-history":[{"count":5,"href":"https:\/\/mula.es\/web\/wp-json\/wp\/v2\/posts\/47514\/revisions"}],"predecessor-version":[{"id":50076,"href":"https:\/\/mula.es\/web\/wp-json\/wp\/v2\/posts\/47514\/revisions\/50076"}],"wp:featuredmedia":[{"embeddable":true,"href":"https:\/\/mula.es\/web\/wp-json\/wp\/v2\/media\/47523"}],"wp:attachment":[{"href":"https:\/\/mula.es\/web\/wp-json\/wp\/v2\/media?parent=47514"}],"wp:term":[{"taxonomy":"category","embeddable":true,"href":"https:\/\/mula.es\/web\/wp-json\/wp\/v2\/categories?post=47514"},{"taxonomy":"post_tag","embeddable":true,"href":"https:\/\/mula.es\/web\/wp-json\/wp\/v2\/tags?post=47514"}],"curies":[{"name":"wp","href":"https:\/\/api.w.org\/{rel}","templated":true}]}}