{"id":47551,"date":"2023-02-20T08:35:28","date_gmt":"2023-02-20T07:35:28","guid":{"rendered":"https:\/\/mula.es\/web\/?p=47551"},"modified":"2023-02-20T11:48:32","modified_gmt":"2023-02-20T10:48:32","slug":"cultura-presentada-la-obra-de-teatro-la-fuga-a-beneficio-de-la-asociacion-contra-el-cancer","status":"publish","type":"post","link":"https:\/\/mula.es\/web\/cultura-presentada-la-obra-de-teatro-la-fuga-a-beneficio-de-la-asociacion-contra-el-cancer\/","title":{"rendered":"CULTURA| Presentada la obra de teatro &#8216;La Fuga&#8217;, a beneficio de la Asociaci\u00f3n contra el C\u00e1ncer"},"content":{"rendered":"<p style=\"text-align: justify;\"><strong>El Ayuntamiento de Mula y la Asociaci\u00f3n Contra el C\u00e1ncer de Mula dan a conocer la obra de teatro <em>La Fuga<\/em>, una representaci\u00f3n teatral cuyos beneficios ir\u00e1n a parar a la asociaci\u00f3n. T<\/strong><strong>endr\u00e1 lugar el viernes, 3 de marzo, a las 21 horas, en el Teatro Lope de Vega de Mula, por el precio simb\u00f3lico de 4 euros.\u00a0<\/strong><\/p>\n<p style=\"text-align: justify;\">El concejal de Cultura Diego Boluda y la concejala de Pol\u00edtica Social Antonia Gabarr\u00f3n han presentado, junto a miembros de la Asociaci\u00f3n Contra el C\u00e1ncer de Mula, la obra de teatro ben\u00e9fica<em> La Fuga<\/em>, que se integra dentro de la Programaci\u00f3n Cultural del primer trimestre del Ayuntamiento de Mula. Se trata de una obra realizada por el grupo de teatro Complic-Arte, de la vecina localidad de Pliego.<\/p>\n<p style=\"text-align: justify;\">Desde el Ayuntamiento de Mula y la Asociaci\u00f3n Contra el C\u00e1ncer animamos a todas y todos a acudir a esta cita para disfrutar de una divertida comedia con la que, adem\u00e1s, podr\u00e9is colaborar en una buena causa. Las <strong>entradas<\/strong> pueden adquirirse en la Oficina de Turismo de Mula, en la Asociaci\u00f3n contra el C\u00e1ncer y en la taquilla del teatro.<\/p>\n<p><a href=\"https:\/\/mula.es\/web\/wp-content\/uploads\/2023\/02\/Cartel-obra-de-teatro-La-Fuga.-scaled.jpg\"><img decoding=\"async\" data-attachment-id=\"47573\" data-permalink=\"https:\/\/mula.es\/web\/cultura-presentada-la-obra-de-teatro-la-fuga-a-beneficio-de-la-asociacion-contra-el-cancer\/cartel-obra-de-teatro-la-fuga\/\" data-orig-file=\"https:\/\/mula.es\/web\/wp-content\/uploads\/2023\/02\/Cartel-obra-de-teatro-La-Fuga.-scaled.jpg\" data-orig-size=\"1821,2560\" data-comments-opened=\"0\" data-image-meta=\"{&quot;aperture&quot;:&quot;0&quot;,&quot;credit&quot;:&quot;&quot;,&quot;camera&quot;:&quot;&quot;,&quot;caption&quot;:&quot;&quot;,&quot;created_timestamp&quot;:&quot;0&quot;,&quot;copyright&quot;:&quot;&quot;,&quot;focal_length&quot;:&quot;0&quot;,&quot;iso&quot;:&quot;0&quot;,&quot;shutter_speed&quot;:&quot;0&quot;,&quot;title&quot;:&quot;&quot;,&quot;orientation&quot;:&quot;0&quot;}\" data-image-title=\"Cartel obra de teatro &amp;#8216;La Fuga&amp;#8217;.\" data-image-description=\"\" data-image-caption=\"\" data-large-file=\"https:\/\/mula.es\/web\/wp-content\/uploads\/2023\/02\/Cartel-obra-de-teatro-La-Fuga.-729x1024.jpg\" class=\" wp-image-47573 aligncenter\" src=\"https:\/\/mula.es\/web\/wp-content\/uploads\/2023\/02\/Cartel-obra-de-teatro-La-Fuga.-scaled.jpg\" alt=\"Cartel obra de teatro 'La Fuga'.\" width=\"496\" height=\"697\" srcset=\"https:\/\/mula.es\/web\/wp-content\/uploads\/2023\/02\/Cartel-obra-de-teatro-La-Fuga.-200x281.jpg 200w, https:\/\/mula.es\/web\/wp-content\/uploads\/2023\/02\/Cartel-obra-de-teatro-La-Fuga.-213x300.jpg 213w, https:\/\/mula.es\/web\/wp-content\/uploads\/2023\/02\/Cartel-obra-de-teatro-La-Fuga.-400x562.jpg 400w, https:\/\/mula.es\/web\/wp-content\/uploads\/2023\/02\/Cartel-obra-de-teatro-La-Fuga.-600x843.jpg 600w, https:\/\/mula.es\/web\/wp-content\/uploads\/2023\/02\/Cartel-obra-de-teatro-La-Fuga.-729x1024.jpg 729w, https:\/\/mula.es\/web\/wp-content\/uploads\/2023\/02\/Cartel-obra-de-teatro-La-Fuga.-768x1080.jpg 768w, https:\/\/mula.es\/web\/wp-content\/uploads\/2023\/02\/Cartel-obra-de-teatro-La-Fuga.-800x1124.jpg 800w, https:\/\/mula.es\/web\/wp-content\/uploads\/2023\/02\/Cartel-obra-de-teatro-La-Fuga.-1093x1536.jpg 1093w, https:\/\/mula.es\/web\/wp-content\/uploads\/2023\/02\/Cartel-obra-de-teatro-La-Fuga.-1200x1687.jpg 1200w, https:\/\/mula.es\/web\/wp-content\/uploads\/2023\/02\/Cartel-obra-de-teatro-La-Fuga.-1457x2048.jpg 1457w, https:\/\/mula.es\/web\/wp-content\/uploads\/2023\/02\/Cartel-obra-de-teatro-La-Fuga.-scaled.jpg 1821w\" sizes=\"(max-width: 496px) 100vw, 496px\" \/><\/a><\/p>\n<p>&nbsp;<\/p>\n<p>&nbsp;<\/p>\n","protected":false},"excerpt":{"rendered":"<p>El Ayuntamiento de Mula y la Asociaci\u00f3n Contra el C\u00e1ncer de Mula dan a conocer la obra de teatro La Fuga, una representaci\u00f3n teatral cuyos beneficios ir\u00e1n a parar a la asociaci\u00f3n. Tendr\u00e1 lugar el viernes, 3 de marzo, a las 21 horas, en el Teatro Lope de Vega de Mula, por el precio simb\u00f3lico  [&#8230;]<\/p>\n","protected":false},"author":12,"featured_media":47552,"comment_status":"closed","ping_status":"closed","sticky":false,"template":"","format":"standard","meta":{"jetpack_post_was_ever_published":false,"_jetpack_newsletter_access":"","_jetpack_dont_email_post_to_subs":false,"_jetpack_newsletter_tier_id":0,"_jetpack_memberships_contains_paywalled_content":false,"_jetpack_memberships_contains_paid_content":false,"footnotes":"","jetpack_publicize_message":"","jetpack_publicize_feature_enabled":true,"jetpack_social_post_already_shared":false,"jetpack_social_options":{"image_generator_settings":{"template":"highway","default_image_id":0,"font":"","enabled":false},"version":2}},"categories":[97],"tags":[],"class_list":["post-47551","post","type-post","status-publish","format-standard","has-post-thumbnail","hentry","category-cultura"],"yoast_head":"<!-- This site is optimized with the Yoast SEO plugin v27.4 - https:\/\/yoast.com\/product\/yoast-seo-wordpress\/ -->\n<title>CULTURA| Presentada la obra de teatro &#039;La Fuga&#039;, a beneficio de la Asociaci\u00f3n contra el C\u00e1ncer - Ayuntamiento de Mula<\/title>\n<meta name=\"robots\" content=\"index, follow, max-snippet:-1, max-image-preview:large, max-video-preview:-1\" \/>\n<link rel=\"canonical\" href=\"https:\/\/mula.es\/web\/cultura-presentada-la-obra-de-teatro-la-fuga-a-beneficio-de-la-asociacion-contra-el-cancer\/\" \/>\n<meta property=\"og:locale\" content=\"es_ES\" \/>\n<meta property=\"og:type\" content=\"article\" \/>\n<meta property=\"og:title\" content=\"CULTURA| Presentada la obra de teatro &#039;La Fuga&#039;, a beneficio de la Asociaci\u00f3n contra el C\u00e1ncer - Ayuntamiento de Mula\" \/>\n<meta property=\"og:description\" content=\"El Ayuntamiento de Mula y la Asociaci\u00f3n Contra el C\u00e1ncer de Mula dan a conocer la obra de teatro La Fuga, una representaci\u00f3n teatral cuyos beneficios ir\u00e1n a parar a la asociaci\u00f3n. Tendr\u00e1 lugar el viernes, 3 de marzo, a las 21 horas, en el Teatro Lope de Vega de Mula, por el precio simb\u00f3lico [...]\" \/>\n<meta property=\"og:url\" content=\"https:\/\/mula.es\/web\/cultura-presentada-la-obra-de-teatro-la-fuga-a-beneficio-de-la-asociacion-contra-el-cancer\/\" \/>\n<meta property=\"og:site_name\" content=\"Ayuntamiento de Mula\" \/>\n<meta property=\"article:published_time\" content=\"2023-02-20T07:35:28+00:00\" \/>\n<meta property=\"article:modified_time\" content=\"2023-02-20T10:48:32+00:00\" \/>\n<meta property=\"og:image\" content=\"https:\/\/mula.es\/web\/wp-content\/uploads\/2023\/02\/Presentacion-La-Fuga.jpeg\" \/>\n\t<meta property=\"og:image:width\" content=\"2000\" \/>\n\t<meta property=\"og:image:height\" content=\"1500\" \/>\n\t<meta property=\"og:image:type\" content=\"image\/jpeg\" \/>\n<meta name=\"author\" content=\"Mar\u00eda Bel\u00e9n Sumba Bravo\" \/>\n<meta name=\"twitter:card\" content=\"summary_large_image\" \/>\n<meta name=\"twitter:creator\" content=\"@AyuntamientMula\" \/>\n<meta name=\"twitter:site\" content=\"@AyuntamientMula\" \/>\n<meta name=\"twitter:label1\" content=\"Escrito por\" \/>\n\t<meta name=\"twitter:data1\" content=\"Mar\u00eda Bel\u00e9n Sumba Bravo\" \/>\n\t<meta name=\"twitter:label2\" content=\"Tiempo de lectura\" \/>\n\t<meta name=\"twitter:data2\" content=\"2 minutos\" \/>\n<script type=\"application\/ld+json\" class=\"yoast-schema-graph\">{\"@context\":\"https:\\\/\\\/schema.org\",\"@graph\":[{\"@type\":\"Article\",\"@id\":\"https:\\\/\\\/mula.es\\\/web\\\/cultura-presentada-la-obra-de-teatro-la-fuga-a-beneficio-de-la-asociacion-contra-el-cancer\\\/#article\",\"isPartOf\":{\"@id\":\"https:\\\/\\\/mula.es\\\/web\\\/cultura-presentada-la-obra-de-teatro-la-fuga-a-beneficio-de-la-asociacion-contra-el-cancer\\\/\"},\"author\":{\"name\":\"Mar\u00eda Bel\u00e9n Sumba Bravo\",\"@id\":\"https:\\\/\\\/mula.es\\\/web\\\/#\\\/schema\\\/person\\\/4cc33fc69cd667605e1b6247815ac0c0\"},\"headline\":\"CULTURA| Presentada la obra de teatro &#8216;La Fuga&#8217;, a beneficio de la Asociaci\u00f3n contra el C\u00e1ncer\",\"datePublished\":\"2023-02-20T07:35:28+00:00\",\"dateModified\":\"2023-02-20T10:48:32+00:00\",\"mainEntityOfPage\":{\"@id\":\"https:\\\/\\\/mula.es\\\/web\\\/cultura-presentada-la-obra-de-teatro-la-fuga-a-beneficio-de-la-asociacion-contra-el-cancer\\\/\"},\"wordCount\":221,\"image\":{\"@id\":\"https:\\\/\\\/mula.es\\\/web\\\/cultura-presentada-la-obra-de-teatro-la-fuga-a-beneficio-de-la-asociacion-contra-el-cancer\\\/#primaryimage\"},\"thumbnailUrl\":\"https:\\\/\\\/mula.es\\\/web\\\/wp-content\\\/uploads\\\/2023\\\/02\\\/Presentacion-La-Fuga.jpeg\",\"articleSection\":[\"cultura\"],\"inLanguage\":\"es\"},{\"@type\":\"WebPage\",\"@id\":\"https:\\\/\\\/mula.es\\\/web\\\/cultura-presentada-la-obra-de-teatro-la-fuga-a-beneficio-de-la-asociacion-contra-el-cancer\\\/\",\"url\":\"https:\\\/\\\/mula.es\\\/web\\\/cultura-presentada-la-obra-de-teatro-la-fuga-a-beneficio-de-la-asociacion-contra-el-cancer\\\/\",\"name\":\"CULTURA| Presentada la obra de teatro 'La Fuga', a beneficio de la Asociaci\u00f3n contra el C\u00e1ncer - Ayuntamiento de Mula\",\"isPartOf\":{\"@id\":\"https:\\\/\\\/mula.es\\\/web\\\/#website\"},\"primaryImageOfPage\":{\"@id\":\"https:\\\/\\\/mula.es\\\/web\\\/cultura-presentada-la-obra-de-teatro-la-fuga-a-beneficio-de-la-asociacion-contra-el-cancer\\\/#primaryimage\"},\"image\":{\"@id\":\"https:\\\/\\\/mula.es\\\/web\\\/cultura-presentada-la-obra-de-teatro-la-fuga-a-beneficio-de-la-asociacion-contra-el-cancer\\\/#primaryimage\"},\"thumbnailUrl\":\"https:\\\/\\\/mula.es\\\/web\\\/wp-content\\\/uploads\\\/2023\\\/02\\\/Presentacion-La-Fuga.jpeg\",\"datePublished\":\"2023-02-20T07:35:28+00:00\",\"dateModified\":\"2023-02-20T10:48:32+00:00\",\"author\":{\"@id\":\"https:\\\/\\\/mula.es\\\/web\\\/#\\\/schema\\\/person\\\/4cc33fc69cd667605e1b6247815ac0c0\"},\"breadcrumb\":{\"@id\":\"https:\\\/\\\/mula.es\\\/web\\\/cultura-presentada-la-obra-de-teatro-la-fuga-a-beneficio-de-la-asociacion-contra-el-cancer\\\/#breadcrumb\"},\"inLanguage\":\"es\",\"potentialAction\":[{\"@type\":\"ReadAction\",\"target\":[\"https:\\\/\\\/mula.es\\\/web\\\/cultura-presentada-la-obra-de-teatro-la-fuga-a-beneficio-de-la-asociacion-contra-el-cancer\\\/\"]}]},{\"@type\":\"ImageObject\",\"inLanguage\":\"es\",\"@id\":\"https:\\\/\\\/mula.es\\\/web\\\/cultura-presentada-la-obra-de-teatro-la-fuga-a-beneficio-de-la-asociacion-contra-el-cancer\\\/#primaryimage\",\"url\":\"https:\\\/\\\/mula.es\\\/web\\\/wp-content\\\/uploads\\\/2023\\\/02\\\/Presentacion-La-Fuga.jpeg\",\"contentUrl\":\"https:\\\/\\\/mula.es\\\/web\\\/wp-content\\\/uploads\\\/2023\\\/02\\\/Presentacion-La-Fuga.jpeg\",\"width\":2000,\"height\":1500,\"caption\":\"Presentaci\u00f3n 'La Fuga'\"},{\"@type\":\"BreadcrumbList\",\"@id\":\"https:\\\/\\\/mula.es\\\/web\\\/cultura-presentada-la-obra-de-teatro-la-fuga-a-beneficio-de-la-asociacion-contra-el-cancer\\\/#breadcrumb\",\"itemListElement\":[{\"@type\":\"ListItem\",\"position\":1,\"name\":\"Portada\",\"item\":\"https:\\\/\\\/mula.es\\\/web\\\/\"},{\"@type\":\"ListItem\",\"position\":2,\"name\":\"CULTURA| Presentada la obra de teatro &#8216;La Fuga&#8217;, a beneficio de la Asociaci\u00f3n contra el C\u00e1ncer\"}]},{\"@type\":\"WebSite\",\"@id\":\"https:\\\/\\\/mula.es\\\/web\\\/#website\",\"url\":\"https:\\\/\\\/mula.es\\\/web\\\/\",\"name\":\"Ayuntamiento de Mula\",\"description\":\"P\u00e1gina web del Ayuntamiento de Mula (Regi\u00f3n de Murcia)\",\"potentialAction\":[{\"@type\":\"SearchAction\",\"target\":{\"@type\":\"EntryPoint\",\"urlTemplate\":\"https:\\\/\\\/mula.es\\\/web\\\/?s={search_term_string}\"},\"query-input\":{\"@type\":\"PropertyValueSpecification\",\"valueRequired\":true,\"valueName\":\"search_term_string\"}}],\"inLanguage\":\"es\"},{\"@type\":\"Person\",\"@id\":\"https:\\\/\\\/mula.es\\\/web\\\/#\\\/schema\\\/person\\\/4cc33fc69cd667605e1b6247815ac0c0\",\"name\":\"Mar\u00eda Bel\u00e9n Sumba Bravo\",\"image\":{\"@type\":\"ImageObject\",\"inLanguage\":\"es\",\"@id\":\"https:\\\/\\\/secure.gravatar.com\\\/avatar\\\/8f65af12a8d72e866f97bba50325bdf89a5362533b6f2c9db8c88130883986b1?s=96&d=mm&r=g\",\"url\":\"https:\\\/\\\/secure.gravatar.com\\\/avatar\\\/8f65af12a8d72e866f97bba50325bdf89a5362533b6f2c9db8c88130883986b1?s=96&d=mm&r=g\",\"contentUrl\":\"https:\\\/\\\/secure.gravatar.com\\\/avatar\\\/8f65af12a8d72e866f97bba50325bdf89a5362533b6f2c9db8c88130883986b1?s=96&d=mm&r=g\",\"caption\":\"Mar\u00eda Bel\u00e9n Sumba Bravo\"},\"url\":\"https:\\\/\\\/mula.es\\\/web\\\/author\\\/mbsumba\\\/\"}]}<\/script>\n<!-- \/ Yoast SEO plugin. -->","yoast_head_json":{"title":"CULTURA| Presentada la obra de teatro 'La Fuga', a beneficio de la Asociaci\u00f3n contra el C\u00e1ncer - Ayuntamiento de Mula","robots":{"index":"index","follow":"follow","max-snippet":"max-snippet:-1","max-image-preview":"max-image-preview:large","max-video-preview":"max-video-preview:-1"},"canonical":"https:\/\/mula.es\/web\/cultura-presentada-la-obra-de-teatro-la-fuga-a-beneficio-de-la-asociacion-contra-el-cancer\/","og_locale":"es_ES","og_type":"article","og_title":"CULTURA| Presentada la obra de teatro 'La Fuga', a beneficio de la Asociaci\u00f3n contra el C\u00e1ncer - Ayuntamiento de Mula","og_description":"El Ayuntamiento de Mula y la Asociaci\u00f3n Contra el C\u00e1ncer de Mula dan a conocer la obra de teatro La Fuga, una representaci\u00f3n teatral cuyos beneficios ir\u00e1n a parar a la asociaci\u00f3n. Tendr\u00e1 lugar el viernes, 3 de marzo, a las 21 horas, en el Teatro Lope de Vega de Mula, por el precio simb\u00f3lico [...]","og_url":"https:\/\/mula.es\/web\/cultura-presentada-la-obra-de-teatro-la-fuga-a-beneficio-de-la-asociacion-contra-el-cancer\/","og_site_name":"Ayuntamiento de Mula","article_published_time":"2023-02-20T07:35:28+00:00","article_modified_time":"2023-02-20T10:48:32+00:00","og_image":[{"width":2000,"height":1500,"url":"https:\/\/mula.es\/web\/wp-content\/uploads\/2023\/02\/Presentacion-La-Fuga.jpeg","type":"image\/jpeg"}],"author":"Mar\u00eda Bel\u00e9n Sumba Bravo","twitter_card":"summary_large_image","twitter_creator":"@AyuntamientMula","twitter_site":"@AyuntamientMula","twitter_misc":{"Escrito por":"Mar\u00eda Bel\u00e9n Sumba Bravo","Tiempo de lectura":"2 minutos"},"schema":{"@context":"https:\/\/schema.org","@graph":[{"@type":"Article","@id":"https:\/\/mula.es\/web\/cultura-presentada-la-obra-de-teatro-la-fuga-a-beneficio-de-la-asociacion-contra-el-cancer\/#article","isPartOf":{"@id":"https:\/\/mula.es\/web\/cultura-presentada-la-obra-de-teatro-la-fuga-a-beneficio-de-la-asociacion-contra-el-cancer\/"},"author":{"name":"Mar\u00eda Bel\u00e9n Sumba Bravo","@id":"https:\/\/mula.es\/web\/#\/schema\/person\/4cc33fc69cd667605e1b6247815ac0c0"},"headline":"CULTURA| Presentada la obra de teatro &#8216;La Fuga&#8217;, a beneficio de la Asociaci\u00f3n contra el C\u00e1ncer","datePublished":"2023-02-20T07:35:28+00:00","dateModified":"2023-02-20T10:48:32+00:00","mainEntityOfPage":{"@id":"https:\/\/mula.es\/web\/cultura-presentada-la-obra-de-teatro-la-fuga-a-beneficio-de-la-asociacion-contra-el-cancer\/"},"wordCount":221,"image":{"@id":"https:\/\/mula.es\/web\/cultura-presentada-la-obra-de-teatro-la-fuga-a-beneficio-de-la-asociacion-contra-el-cancer\/#primaryimage"},"thumbnailUrl":"https:\/\/mula.es\/web\/wp-content\/uploads\/2023\/02\/Presentacion-La-Fuga.jpeg","articleSection":["cultura"],"inLanguage":"es"},{"@type":"WebPage","@id":"https:\/\/mula.es\/web\/cultura-presentada-la-obra-de-teatro-la-fuga-a-beneficio-de-la-asociacion-contra-el-cancer\/","url":"https:\/\/mula.es\/web\/cultura-presentada-la-obra-de-teatro-la-fuga-a-beneficio-de-la-asociacion-contra-el-cancer\/","name":"CULTURA| Presentada la obra de teatro 'La Fuga', a beneficio de la Asociaci\u00f3n contra el C\u00e1ncer - Ayuntamiento de Mula","isPartOf":{"@id":"https:\/\/mula.es\/web\/#website"},"primaryImageOfPage":{"@id":"https:\/\/mula.es\/web\/cultura-presentada-la-obra-de-teatro-la-fuga-a-beneficio-de-la-asociacion-contra-el-cancer\/#primaryimage"},"image":{"@id":"https:\/\/mula.es\/web\/cultura-presentada-la-obra-de-teatro-la-fuga-a-beneficio-de-la-asociacion-contra-el-cancer\/#primaryimage"},"thumbnailUrl":"https:\/\/mula.es\/web\/wp-content\/uploads\/2023\/02\/Presentacion-La-Fuga.jpeg","datePublished":"2023-02-20T07:35:28+00:00","dateModified":"2023-02-20T10:48:32+00:00","author":{"@id":"https:\/\/mula.es\/web\/#\/schema\/person\/4cc33fc69cd667605e1b6247815ac0c0"},"breadcrumb":{"@id":"https:\/\/mula.es\/web\/cultura-presentada-la-obra-de-teatro-la-fuga-a-beneficio-de-la-asociacion-contra-el-cancer\/#breadcrumb"},"inLanguage":"es","potentialAction":[{"@type":"ReadAction","target":["https:\/\/mula.es\/web\/cultura-presentada-la-obra-de-teatro-la-fuga-a-beneficio-de-la-asociacion-contra-el-cancer\/"]}]},{"@type":"ImageObject","inLanguage":"es","@id":"https:\/\/mula.es\/web\/cultura-presentada-la-obra-de-teatro-la-fuga-a-beneficio-de-la-asociacion-contra-el-cancer\/#primaryimage","url":"https:\/\/mula.es\/web\/wp-content\/uploads\/2023\/02\/Presentacion-La-Fuga.jpeg","contentUrl":"https:\/\/mula.es\/web\/wp-content\/uploads\/2023\/02\/Presentacion-La-Fuga.jpeg","width":2000,"height":1500,"caption":"Presentaci\u00f3n 'La Fuga'"},{"@type":"BreadcrumbList","@id":"https:\/\/mula.es\/web\/cultura-presentada-la-obra-de-teatro-la-fuga-a-beneficio-de-la-asociacion-contra-el-cancer\/#breadcrumb","itemListElement":[{"@type":"ListItem","position":1,"name":"Portada","item":"https:\/\/mula.es\/web\/"},{"@type":"ListItem","position":2,"name":"CULTURA| Presentada la obra de teatro &#8216;La Fuga&#8217;, a beneficio de la Asociaci\u00f3n contra el C\u00e1ncer"}]},{"@type":"WebSite","@id":"https:\/\/mula.es\/web\/#website","url":"https:\/\/mula.es\/web\/","name":"Ayuntamiento de Mula","description":"P\u00e1gina web del Ayuntamiento de Mula (Regi\u00f3n de Murcia)","potentialAction":[{"@type":"SearchAction","target":{"@type":"EntryPoint","urlTemplate":"https:\/\/mula.es\/web\/?s={search_term_string}"},"query-input":{"@type":"PropertyValueSpecification","valueRequired":true,"valueName":"search_term_string"}}],"inLanguage":"es"},{"@type":"Person","@id":"https:\/\/mula.es\/web\/#\/schema\/person\/4cc33fc69cd667605e1b6247815ac0c0","name":"Mar\u00eda Bel\u00e9n Sumba Bravo","image":{"@type":"ImageObject","inLanguage":"es","@id":"https:\/\/secure.gravatar.com\/avatar\/8f65af12a8d72e866f97bba50325bdf89a5362533b6f2c9db8c88130883986b1?s=96&d=mm&r=g","url":"https:\/\/secure.gravatar.com\/avatar\/8f65af12a8d72e866f97bba50325bdf89a5362533b6f2c9db8c88130883986b1?s=96&d=mm&r=g","contentUrl":"https:\/\/secure.gravatar.com\/avatar\/8f65af12a8d72e866f97bba50325bdf89a5362533b6f2c9db8c88130883986b1?s=96&d=mm&r=g","caption":"Mar\u00eda Bel\u00e9n Sumba Bravo"},"url":"https:\/\/mula.es\/web\/author\/mbsumba\/"}]}},"jetpack_publicize_connections":[],"jetpack_featured_media_url":"https:\/\/mula.es\/web\/wp-content\/uploads\/2023\/02\/Presentacion-La-Fuga.jpeg","jetpack_sharing_enabled":true,"jetpack_shortlink":"https:\/\/wp.me\/pa9DMY-cmX","jetpack-related-posts":[],"_links":{"self":[{"href":"https:\/\/mula.es\/web\/wp-json\/wp\/v2\/posts\/47551","targetHints":{"allow":["GET"]}}],"collection":[{"href":"https:\/\/mula.es\/web\/wp-json\/wp\/v2\/posts"}],"about":[{"href":"https:\/\/mula.es\/web\/wp-json\/wp\/v2\/types\/post"}],"author":[{"embeddable":true,"href":"https:\/\/mula.es\/web\/wp-json\/wp\/v2\/users\/12"}],"replies":[{"embeddable":true,"href":"https:\/\/mula.es\/web\/wp-json\/wp\/v2\/comments?post=47551"}],"version-history":[{"count":9,"href":"https:\/\/mula.es\/web\/wp-json\/wp\/v2\/posts\/47551\/revisions"}],"predecessor-version":[{"id":47574,"href":"https:\/\/mula.es\/web\/wp-json\/wp\/v2\/posts\/47551\/revisions\/47574"}],"wp:featuredmedia":[{"embeddable":true,"href":"https:\/\/mula.es\/web\/wp-json\/wp\/v2\/media\/47552"}],"wp:attachment":[{"href":"https:\/\/mula.es\/web\/wp-json\/wp\/v2\/media?parent=47551"}],"wp:term":[{"taxonomy":"category","embeddable":true,"href":"https:\/\/mula.es\/web\/wp-json\/wp\/v2\/categories?post=47551"},{"taxonomy":"post_tag","embeddable":true,"href":"https:\/\/mula.es\/web\/wp-json\/wp\/v2\/tags?post=47551"}],"curies":[{"name":"wp","href":"https:\/\/api.w.org\/{rel}","templated":true}]}}