{"id":47680,"date":"2023-02-27T12:45:07","date_gmt":"2023-02-27T11:45:07","guid":{"rendered":"https:\/\/mula.es\/web\/?p=47680"},"modified":"2023-02-28T08:48:16","modified_gmt":"2023-02-28T07:48:16","slug":"ganadoras-del-ii-concurso-de-fotografia-feria-del-almendro-en-flor-de-mula","status":"publish","type":"post","link":"https:\/\/mula.es\/web\/ganadoras-del-ii-concurso-de-fotografia-feria-del-almendro-en-flor-de-mula\/","title":{"rendered":"Ganadoras del II Concurso de Fotograf\u00eda Feria del Almendro en Flor de Mula"},"content":{"rendered":"<p style=\"text-align: justify;\">Este domingo, 26 de febrero, durante la celebraci\u00f3n de la I Feria Agr\u00edcola, enmarcada dentro de la II Feria del Almendro en Flor de Mula, se llev\u00f3 a cabo la entrega de premios del II Concurso de Fotograf\u00eda Feria del Almendro en Flor Mula 2023, de la mano del alcalde de Mula Juan Jes\u00fas Moreno. Un certamen organizado por la Concejal\u00eda de Turismo de Mula, con la colaboraci\u00f3n de Cultura del Mono.<\/p>\n<p style=\"text-align: justify;\">El Primer Premio, dotado de 300 euros, se entreg\u00f3 a Isabel Moreno Mart\u00ednez, por su fotograf\u00eda <em>Renacer.<\/em><\/p>\n<p style=\"text-align: justify;\">El Segundo Premio, dotado de 200 euros, se entreg\u00f3 a Irene Ram\u00edrez Guti\u00e9rre, por su fotograf\u00eda <em>Miel de almendro.<\/em><\/p>\n<p style=\"text-align: justify;\">El Tercer Premio, dotado de 100 euros, se entreg\u00f3 a \u00c1ngeles Castillo Caballero, por su fotograf\u00eda <em>Paisaje<\/em>.<\/p>\n<p style=\"text-align: justify;\">Desde el Ayuntamiento de Mula damos la enhorabuena a las ganadoras y agradecemos su participaci\u00f3n en este concurso que cada a\u00f1o tiene gran acogida.<\/p>\n<p>&nbsp;<\/p>\n<div id=\"attachment_47684\" style=\"width: 806px\" class=\"wp-caption aligncenter\"><a href=\"https:\/\/mula.es\/web\/wp-content\/uploads\/2023\/02\/Primer-Premio.jpg\"><img decoding=\"async\" aria-describedby=\"caption-attachment-47684\" data-attachment-id=\"47684\" data-permalink=\"https:\/\/mula.es\/web\/ganadoras-del-ii-concurso-de-fotografia-feria-del-almendro-en-flor-de-mula\/primer-premio\/\" data-orig-file=\"https:\/\/mula.es\/web\/wp-content\/uploads\/2023\/02\/Primer-Premio.jpg\" data-orig-size=\"1600,1067\" data-comments-opened=\"0\" data-image-meta=\"{&quot;aperture&quot;:&quot;0&quot;,&quot;credit&quot;:&quot;&quot;,&quot;camera&quot;:&quot;&quot;,&quot;caption&quot;:&quot;&quot;,&quot;created_timestamp&quot;:&quot;0&quot;,&quot;copyright&quot;:&quot;&quot;,&quot;focal_length&quot;:&quot;0&quot;,&quot;iso&quot;:&quot;0&quot;,&quot;shutter_speed&quot;:&quot;0&quot;,&quot;title&quot;:&quot;&quot;,&quot;orientation&quot;:&quot;0&quot;}\" data-image-title=\"Primer Premio\" data-image-description=\"\" data-image-caption=\"\" data-large-file=\"https:\/\/mula.es\/web\/wp-content\/uploads\/2023\/02\/Primer-Premio-1024x683.jpg\" class=\"wp-image-47684 \" src=\"https:\/\/mula.es\/web\/wp-content\/uploads\/2023\/02\/Primer-Premio.jpg\" alt=\"Primer Premio\" width=\"796\" height=\"531\" srcset=\"https:\/\/mula.es\/web\/wp-content\/uploads\/2023\/02\/Primer-Premio-200x133.jpg 200w, https:\/\/mula.es\/web\/wp-content\/uploads\/2023\/02\/Primer-Premio-300x200.jpg 300w, https:\/\/mula.es\/web\/wp-content\/uploads\/2023\/02\/Primer-Premio-400x267.jpg 400w, https:\/\/mula.es\/web\/wp-content\/uploads\/2023\/02\/Primer-Premio-600x400.jpg 600w, https:\/\/mula.es\/web\/wp-content\/uploads\/2023\/02\/Primer-Premio-768x512.jpg 768w, https:\/\/mula.es\/web\/wp-content\/uploads\/2023\/02\/Primer-Premio-800x534.jpg 800w, https:\/\/mula.es\/web\/wp-content\/uploads\/2023\/02\/Primer-Premio-1024x683.jpg 1024w, https:\/\/mula.es\/web\/wp-content\/uploads\/2023\/02\/Primer-Premio-1200x800.jpg 1200w, https:\/\/mula.es\/web\/wp-content\/uploads\/2023\/02\/Primer-Premio-1536x1024.jpg 1536w, https:\/\/mula.es\/web\/wp-content\/uploads\/2023\/02\/Primer-Premio.jpg 1600w\" sizes=\"(max-width: 796px) 100vw, 796px\" \/><\/a><p id=\"caption-attachment-47684\" class=\"wp-caption-text\"><em>&#8216;Renacer&#8217;, de Irene Moreno Mart\u00ednez.<\/em><\/p><\/div>\n<p>&nbsp;<\/p>\n<div id=\"attachment_47685\" style=\"width: 806px\" class=\"wp-caption aligncenter\"><a href=\"https:\/\/mula.es\/web\/wp-content\/uploads\/2023\/02\/Segundo-Premio.jpg\"><img decoding=\"async\" aria-describedby=\"caption-attachment-47685\" data-attachment-id=\"47685\" data-permalink=\"https:\/\/mula.es\/web\/ganadoras-del-ii-concurso-de-fotografia-feria-del-almendro-en-flor-de-mula\/segundo-premio\/\" data-orig-file=\"https:\/\/mula.es\/web\/wp-content\/uploads\/2023\/02\/Segundo-Premio.jpg\" data-orig-size=\"1600,1067\" data-comments-opened=\"0\" data-image-meta=\"{&quot;aperture&quot;:&quot;0&quot;,&quot;credit&quot;:&quot;&quot;,&quot;camera&quot;:&quot;&quot;,&quot;caption&quot;:&quot;&quot;,&quot;created_timestamp&quot;:&quot;0&quot;,&quot;copyright&quot;:&quot;&quot;,&quot;focal_length&quot;:&quot;0&quot;,&quot;iso&quot;:&quot;0&quot;,&quot;shutter_speed&quot;:&quot;0&quot;,&quot;title&quot;:&quot;&quot;,&quot;orientation&quot;:&quot;0&quot;}\" data-image-title=\"Segundo Premio\" data-image-description=\"\" data-image-caption=\"\" data-large-file=\"https:\/\/mula.es\/web\/wp-content\/uploads\/2023\/02\/Segundo-Premio-1024x683.jpg\" class=\"wp-image-47685 \" src=\"https:\/\/mula.es\/web\/wp-content\/uploads\/2023\/02\/Segundo-Premio.jpg\" alt=\"Segundo Premio\" width=\"796\" height=\"531\" srcset=\"https:\/\/mula.es\/web\/wp-content\/uploads\/2023\/02\/Segundo-Premio-200x133.jpg 200w, https:\/\/mula.es\/web\/wp-content\/uploads\/2023\/02\/Segundo-Premio-300x200.jpg 300w, https:\/\/mula.es\/web\/wp-content\/uploads\/2023\/02\/Segundo-Premio-400x267.jpg 400w, https:\/\/mula.es\/web\/wp-content\/uploads\/2023\/02\/Segundo-Premio-600x400.jpg 600w, https:\/\/mula.es\/web\/wp-content\/uploads\/2023\/02\/Segundo-Premio-768x512.jpg 768w, https:\/\/mula.es\/web\/wp-content\/uploads\/2023\/02\/Segundo-Premio-800x534.jpg 800w, https:\/\/mula.es\/web\/wp-content\/uploads\/2023\/02\/Segundo-Premio-1024x683.jpg 1024w, https:\/\/mula.es\/web\/wp-content\/uploads\/2023\/02\/Segundo-Premio-1200x800.jpg 1200w, https:\/\/mula.es\/web\/wp-content\/uploads\/2023\/02\/Segundo-Premio-1536x1024.jpg 1536w, https:\/\/mula.es\/web\/wp-content\/uploads\/2023\/02\/Segundo-Premio.jpg 1600w\" sizes=\"(max-width: 796px) 100vw, 796px\" \/><\/a><p id=\"caption-attachment-47685\" class=\"wp-caption-text\"><em>&#8216;Miel de almendro&#8217;, de Irene Ram\u00edrez Guti\u00e9rrez.<\/em><\/p><\/div>\n<p>&nbsp;<\/p>\n<div id=\"attachment_47686\" style=\"width: 807px\" class=\"wp-caption aligncenter\"><a href=\"https:\/\/mula.es\/web\/wp-content\/uploads\/2023\/02\/Tercer-Premio.jpg\"><img decoding=\"async\" aria-describedby=\"caption-attachment-47686\" data-attachment-id=\"47686\" data-permalink=\"https:\/\/mula.es\/web\/ganadoras-del-ii-concurso-de-fotografia-feria-del-almendro-en-flor-de-mula\/tercer-premio\/\" data-orig-file=\"https:\/\/mula.es\/web\/wp-content\/uploads\/2023\/02\/Tercer-Premio.jpg\" data-orig-size=\"1600,1067\" data-comments-opened=\"0\" data-image-meta=\"{&quot;aperture&quot;:&quot;0&quot;,&quot;credit&quot;:&quot;&quot;,&quot;camera&quot;:&quot;&quot;,&quot;caption&quot;:&quot;&quot;,&quot;created_timestamp&quot;:&quot;0&quot;,&quot;copyright&quot;:&quot;&quot;,&quot;focal_length&quot;:&quot;0&quot;,&quot;iso&quot;:&quot;0&quot;,&quot;shutter_speed&quot;:&quot;0&quot;,&quot;title&quot;:&quot;&quot;,&quot;orientation&quot;:&quot;0&quot;}\" data-image-title=\"Tercer Premio\" data-image-description=\"\" data-image-caption=\"\" data-large-file=\"https:\/\/mula.es\/web\/wp-content\/uploads\/2023\/02\/Tercer-Premio-1024x683.jpg\" class=\"wp-image-47686\" src=\"https:\/\/mula.es\/web\/wp-content\/uploads\/2023\/02\/Tercer-Premio.jpg\" alt=\"Tercer Premio\" width=\"797\" height=\"531\" srcset=\"https:\/\/mula.es\/web\/wp-content\/uploads\/2023\/02\/Tercer-Premio-200x133.jpg 200w, https:\/\/mula.es\/web\/wp-content\/uploads\/2023\/02\/Tercer-Premio-300x200.jpg 300w, https:\/\/mula.es\/web\/wp-content\/uploads\/2023\/02\/Tercer-Premio-400x267.jpg 400w, https:\/\/mula.es\/web\/wp-content\/uploads\/2023\/02\/Tercer-Premio-600x400.jpg 600w, https:\/\/mula.es\/web\/wp-content\/uploads\/2023\/02\/Tercer-Premio-768x512.jpg 768w, https:\/\/mula.es\/web\/wp-content\/uploads\/2023\/02\/Tercer-Premio-800x534.jpg 800w, https:\/\/mula.es\/web\/wp-content\/uploads\/2023\/02\/Tercer-Premio-1024x683.jpg 1024w, https:\/\/mula.es\/web\/wp-content\/uploads\/2023\/02\/Tercer-Premio-1200x800.jpg 1200w, https:\/\/mula.es\/web\/wp-content\/uploads\/2023\/02\/Tercer-Premio-1536x1024.jpg 1536w, https:\/\/mula.es\/web\/wp-content\/uploads\/2023\/02\/Tercer-Premio.jpg 1600w\" sizes=\"(max-width: 797px) 100vw, 797px\" \/><\/a><p id=\"caption-attachment-47686\" class=\"wp-caption-text\"><em>&#8216;Paisaje&#8217;, de \u00c1ngeles Castillo Caballero.<\/em><\/p><\/div>\n","protected":false},"excerpt":{"rendered":"<p>Este domingo, 26 de febrero, durante la celebraci\u00f3n de la I Feria Agr\u00edcola, enmarcada dentro de la II Feria del Almendro en Flor de Mula, se llev\u00f3 a cabo la entrega de premios del II Concurso de Fotograf\u00eda Feria del Almendro en Flor Mula 2023, de la mano del alcalde de Mula Juan Jes\u00fas Moreno.  [&#8230;]<\/p>\n","protected":false},"author":12,"featured_media":47681,"comment_status":"closed","ping_status":"closed","sticky":false,"template":"","format":"standard","meta":{"jetpack_post_was_ever_published":false,"_jetpack_newsletter_access":"","_jetpack_dont_email_post_to_subs":false,"_jetpack_newsletter_tier_id":0,"_jetpack_memberships_contains_paywalled_content":false,"_jetpack_memberships_contains_paid_content":false,"footnotes":"","jetpack_publicize_message":"","jetpack_publicize_feature_enabled":true,"jetpack_social_post_already_shared":false,"jetpack_social_options":{"image_generator_settings":{"template":"highway","default_image_id":0,"font":"","enabled":false},"version":2}},"categories":[199,184,75],"tags":[],"class_list":["post-47680","post","type-post","status-publish","format-standard","has-post-thumbnail","hentry","category-concurso","category-feria","category-turismo"],"yoast_head":"<!-- This site is optimized with the Yoast SEO plugin v27.5 - https:\/\/yoast.com\/product\/yoast-seo-wordpress\/ -->\n<title>Ganadoras del II Concurso de Fotograf\u00eda Feria del Almendro en Flor de Mula - Ayuntamiento de Mula<\/title>\n<meta name=\"robots\" content=\"index, follow, max-snippet:-1, max-image-preview:large, max-video-preview:-1\" \/>\n<link rel=\"canonical\" href=\"https:\/\/mula.es\/web\/ganadoras-del-ii-concurso-de-fotografia-feria-del-almendro-en-flor-de-mula\/\" \/>\n<meta property=\"og:locale\" content=\"es_ES\" \/>\n<meta property=\"og:type\" content=\"article\" \/>\n<meta property=\"og:title\" content=\"Ganadoras del II Concurso de Fotograf\u00eda Feria del Almendro en Flor de Mula - Ayuntamiento de Mula\" \/>\n<meta property=\"og:description\" content=\"Este domingo, 26 de febrero, durante la celebraci\u00f3n de la I Feria Agr\u00edcola, enmarcada dentro de la II Feria del Almendro en Flor de Mula, se llev\u00f3 a cabo la entrega de premios del II Concurso de Fotograf\u00eda Feria del Almendro en Flor Mula 2023, de la mano del alcalde de Mula Juan Jes\u00fas Moreno. [...]\" \/>\n<meta property=\"og:url\" content=\"https:\/\/mula.es\/web\/ganadoras-del-ii-concurso-de-fotografia-feria-del-almendro-en-flor-de-mula\/\" \/>\n<meta property=\"og:site_name\" content=\"Ayuntamiento de Mula\" \/>\n<meta property=\"article:published_time\" content=\"2023-02-27T11:45:07+00:00\" \/>\n<meta property=\"article:modified_time\" content=\"2023-02-28T07:48:16+00:00\" \/>\n<meta property=\"og:image\" content=\"https:\/\/mula.es\/web\/wp-content\/uploads\/2023\/02\/Entega-Premios-II-Concurso-Fotografia-Feria-del-Almendro-en-Flor.jpeg\" \/>\n\t<meta property=\"og:image:width\" content=\"1600\" \/>\n\t<meta property=\"og:image:height\" content=\"1200\" \/>\n\t<meta property=\"og:image:type\" content=\"image\/jpeg\" \/>\n<meta name=\"author\" content=\"Mar\u00eda Bel\u00e9n Sumba Bravo\" \/>\n<meta name=\"twitter:card\" content=\"summary_large_image\" \/>\n<meta name=\"twitter:creator\" content=\"@AyuntamientMula\" \/>\n<meta name=\"twitter:site\" content=\"@AyuntamientMula\" \/>\n<meta name=\"twitter:label1\" content=\"Escrito por\" \/>\n\t<meta name=\"twitter:data1\" content=\"Mar\u00eda Bel\u00e9n Sumba Bravo\" \/>\n\t<meta name=\"twitter:label2\" content=\"Tiempo de lectura\" \/>\n\t<meta name=\"twitter:data2\" content=\"2 minutos\" \/>\n<script type=\"application\/ld+json\" class=\"yoast-schema-graph\">{\"@context\":\"https:\\\/\\\/schema.org\",\"@graph\":[{\"@type\":\"Article\",\"@id\":\"https:\\\/\\\/mula.es\\\/web\\\/ganadoras-del-ii-concurso-de-fotografia-feria-del-almendro-en-flor-de-mula\\\/#article\",\"isPartOf\":{\"@id\":\"https:\\\/\\\/mula.es\\\/web\\\/ganadoras-del-ii-concurso-de-fotografia-feria-del-almendro-en-flor-de-mula\\\/\"},\"author\":{\"name\":\"Mar\u00eda Bel\u00e9n Sumba Bravo\",\"@id\":\"https:\\\/\\\/mula.es\\\/web\\\/#\\\/schema\\\/person\\\/4cc33fc69cd667605e1b6247815ac0c0\"},\"headline\":\"Ganadoras del II Concurso de Fotograf\u00eda Feria del Almendro en Flor de Mula\",\"datePublished\":\"2023-02-27T11:45:07+00:00\",\"dateModified\":\"2023-02-28T07:48:16+00:00\",\"mainEntityOfPage\":{\"@id\":\"https:\\\/\\\/mula.es\\\/web\\\/ganadoras-del-ii-concurso-de-fotografia-feria-del-almendro-en-flor-de-mula\\\/\"},\"wordCount\":216,\"image\":{\"@id\":\"https:\\\/\\\/mula.es\\\/web\\\/ganadoras-del-ii-concurso-de-fotografia-feria-del-almendro-en-flor-de-mula\\\/#primaryimage\"},\"thumbnailUrl\":\"https:\\\/\\\/mula.es\\\/web\\\/wp-content\\\/uploads\\\/2023\\\/02\\\/Entega-Premios-II-Concurso-Fotografia-Feria-del-Almendro-en-Flor.jpeg\",\"articleSection\":[\"concurso\",\"feria\",\"turismo\"],\"inLanguage\":\"es\"},{\"@type\":\"WebPage\",\"@id\":\"https:\\\/\\\/mula.es\\\/web\\\/ganadoras-del-ii-concurso-de-fotografia-feria-del-almendro-en-flor-de-mula\\\/\",\"url\":\"https:\\\/\\\/mula.es\\\/web\\\/ganadoras-del-ii-concurso-de-fotografia-feria-del-almendro-en-flor-de-mula\\\/\",\"name\":\"Ganadoras del II Concurso de Fotograf\u00eda Feria del Almendro en Flor de Mula - Ayuntamiento de Mula\",\"isPartOf\":{\"@id\":\"https:\\\/\\\/mula.es\\\/web\\\/#website\"},\"primaryImageOfPage\":{\"@id\":\"https:\\\/\\\/mula.es\\\/web\\\/ganadoras-del-ii-concurso-de-fotografia-feria-del-almendro-en-flor-de-mula\\\/#primaryimage\"},\"image\":{\"@id\":\"https:\\\/\\\/mula.es\\\/web\\\/ganadoras-del-ii-concurso-de-fotografia-feria-del-almendro-en-flor-de-mula\\\/#primaryimage\"},\"thumbnailUrl\":\"https:\\\/\\\/mula.es\\\/web\\\/wp-content\\\/uploads\\\/2023\\\/02\\\/Entega-Premios-II-Concurso-Fotografia-Feria-del-Almendro-en-Flor.jpeg\",\"datePublished\":\"2023-02-27T11:45:07+00:00\",\"dateModified\":\"2023-02-28T07:48:16+00:00\",\"author\":{\"@id\":\"https:\\\/\\\/mula.es\\\/web\\\/#\\\/schema\\\/person\\\/4cc33fc69cd667605e1b6247815ac0c0\"},\"breadcrumb\":{\"@id\":\"https:\\\/\\\/mula.es\\\/web\\\/ganadoras-del-ii-concurso-de-fotografia-feria-del-almendro-en-flor-de-mula\\\/#breadcrumb\"},\"inLanguage\":\"es\",\"potentialAction\":[{\"@type\":\"ReadAction\",\"target\":[\"https:\\\/\\\/mula.es\\\/web\\\/ganadoras-del-ii-concurso-de-fotografia-feria-del-almendro-en-flor-de-mula\\\/\"]}]},{\"@type\":\"ImageObject\",\"inLanguage\":\"es\",\"@id\":\"https:\\\/\\\/mula.es\\\/web\\\/ganadoras-del-ii-concurso-de-fotografia-feria-del-almendro-en-flor-de-mula\\\/#primaryimage\",\"url\":\"https:\\\/\\\/mula.es\\\/web\\\/wp-content\\\/uploads\\\/2023\\\/02\\\/Entega-Premios-II-Concurso-Fotografia-Feria-del-Almendro-en-Flor.jpeg\",\"contentUrl\":\"https:\\\/\\\/mula.es\\\/web\\\/wp-content\\\/uploads\\\/2023\\\/02\\\/Entega-Premios-II-Concurso-Fotografia-Feria-del-Almendro-en-Flor.jpeg\",\"width\":1600,\"height\":1200,\"caption\":\"Entrega Premios II Concurso Fotograf\u00eda Feria del Almendro en Flor\"},{\"@type\":\"BreadcrumbList\",\"@id\":\"https:\\\/\\\/mula.es\\\/web\\\/ganadoras-del-ii-concurso-de-fotografia-feria-del-almendro-en-flor-de-mula\\\/#breadcrumb\",\"itemListElement\":[{\"@type\":\"ListItem\",\"position\":1,\"name\":\"Portada\",\"item\":\"https:\\\/\\\/mula.es\\\/web\\\/\"},{\"@type\":\"ListItem\",\"position\":2,\"name\":\"Ganadoras del II Concurso de Fotograf\u00eda Feria del Almendro en Flor de Mula\"}]},{\"@type\":\"WebSite\",\"@id\":\"https:\\\/\\\/mula.es\\\/web\\\/#website\",\"url\":\"https:\\\/\\\/mula.es\\\/web\\\/\",\"name\":\"Ayuntamiento de Mula\",\"description\":\"P\u00e1gina web del Ayuntamiento de Mula (Regi\u00f3n de Murcia)\",\"potentialAction\":[{\"@type\":\"SearchAction\",\"target\":{\"@type\":\"EntryPoint\",\"urlTemplate\":\"https:\\\/\\\/mula.es\\\/web\\\/?s={search_term_string}\"},\"query-input\":{\"@type\":\"PropertyValueSpecification\",\"valueRequired\":true,\"valueName\":\"search_term_string\"}}],\"inLanguage\":\"es\"},{\"@type\":\"Person\",\"@id\":\"https:\\\/\\\/mula.es\\\/web\\\/#\\\/schema\\\/person\\\/4cc33fc69cd667605e1b6247815ac0c0\",\"name\":\"Mar\u00eda Bel\u00e9n Sumba Bravo\",\"image\":{\"@type\":\"ImageObject\",\"inLanguage\":\"es\",\"@id\":\"https:\\\/\\\/secure.gravatar.com\\\/avatar\\\/8f65af12a8d72e866f97bba50325bdf89a5362533b6f2c9db8c88130883986b1?s=96&d=mm&r=g\",\"url\":\"https:\\\/\\\/secure.gravatar.com\\\/avatar\\\/8f65af12a8d72e866f97bba50325bdf89a5362533b6f2c9db8c88130883986b1?s=96&d=mm&r=g\",\"contentUrl\":\"https:\\\/\\\/secure.gravatar.com\\\/avatar\\\/8f65af12a8d72e866f97bba50325bdf89a5362533b6f2c9db8c88130883986b1?s=96&d=mm&r=g\",\"caption\":\"Mar\u00eda Bel\u00e9n Sumba Bravo\"},\"url\":\"https:\\\/\\\/mula.es\\\/web\\\/author\\\/mbsumba\\\/\"}]}<\/script>\n<!-- \/ Yoast SEO plugin. -->","yoast_head_json":{"title":"Ganadoras del II Concurso de Fotograf\u00eda Feria del Almendro en Flor de Mula - Ayuntamiento de Mula","robots":{"index":"index","follow":"follow","max-snippet":"max-snippet:-1","max-image-preview":"max-image-preview:large","max-video-preview":"max-video-preview:-1"},"canonical":"https:\/\/mula.es\/web\/ganadoras-del-ii-concurso-de-fotografia-feria-del-almendro-en-flor-de-mula\/","og_locale":"es_ES","og_type":"article","og_title":"Ganadoras del II Concurso de Fotograf\u00eda Feria del Almendro en Flor de Mula - Ayuntamiento de Mula","og_description":"Este domingo, 26 de febrero, durante la celebraci\u00f3n de la I Feria Agr\u00edcola, enmarcada dentro de la II Feria del Almendro en Flor de Mula, se llev\u00f3 a cabo la entrega de premios del II Concurso de Fotograf\u00eda Feria del Almendro en Flor Mula 2023, de la mano del alcalde de Mula Juan Jes\u00fas Moreno. [...]","og_url":"https:\/\/mula.es\/web\/ganadoras-del-ii-concurso-de-fotografia-feria-del-almendro-en-flor-de-mula\/","og_site_name":"Ayuntamiento de Mula","article_published_time":"2023-02-27T11:45:07+00:00","article_modified_time":"2023-02-28T07:48:16+00:00","og_image":[{"width":1600,"height":1200,"url":"https:\/\/mula.es\/web\/wp-content\/uploads\/2023\/02\/Entega-Premios-II-Concurso-Fotografia-Feria-del-Almendro-en-Flor.jpeg","type":"image\/jpeg"}],"author":"Mar\u00eda Bel\u00e9n Sumba Bravo","twitter_card":"summary_large_image","twitter_creator":"@AyuntamientMula","twitter_site":"@AyuntamientMula","twitter_misc":{"Escrito por":"Mar\u00eda Bel\u00e9n Sumba Bravo","Tiempo de lectura":"2 minutos"},"schema":{"@context":"https:\/\/schema.org","@graph":[{"@type":"Article","@id":"https:\/\/mula.es\/web\/ganadoras-del-ii-concurso-de-fotografia-feria-del-almendro-en-flor-de-mula\/#article","isPartOf":{"@id":"https:\/\/mula.es\/web\/ganadoras-del-ii-concurso-de-fotografia-feria-del-almendro-en-flor-de-mula\/"},"author":{"name":"Mar\u00eda Bel\u00e9n Sumba Bravo","@id":"https:\/\/mula.es\/web\/#\/schema\/person\/4cc33fc69cd667605e1b6247815ac0c0"},"headline":"Ganadoras del II Concurso de Fotograf\u00eda Feria del Almendro en Flor de Mula","datePublished":"2023-02-27T11:45:07+00:00","dateModified":"2023-02-28T07:48:16+00:00","mainEntityOfPage":{"@id":"https:\/\/mula.es\/web\/ganadoras-del-ii-concurso-de-fotografia-feria-del-almendro-en-flor-de-mula\/"},"wordCount":216,"image":{"@id":"https:\/\/mula.es\/web\/ganadoras-del-ii-concurso-de-fotografia-feria-del-almendro-en-flor-de-mula\/#primaryimage"},"thumbnailUrl":"https:\/\/mula.es\/web\/wp-content\/uploads\/2023\/02\/Entega-Premios-II-Concurso-Fotografia-Feria-del-Almendro-en-Flor.jpeg","articleSection":["concurso","feria","turismo"],"inLanguage":"es"},{"@type":"WebPage","@id":"https:\/\/mula.es\/web\/ganadoras-del-ii-concurso-de-fotografia-feria-del-almendro-en-flor-de-mula\/","url":"https:\/\/mula.es\/web\/ganadoras-del-ii-concurso-de-fotografia-feria-del-almendro-en-flor-de-mula\/","name":"Ganadoras del II Concurso de Fotograf\u00eda Feria del Almendro en Flor de Mula - Ayuntamiento de Mula","isPartOf":{"@id":"https:\/\/mula.es\/web\/#website"},"primaryImageOfPage":{"@id":"https:\/\/mula.es\/web\/ganadoras-del-ii-concurso-de-fotografia-feria-del-almendro-en-flor-de-mula\/#primaryimage"},"image":{"@id":"https:\/\/mula.es\/web\/ganadoras-del-ii-concurso-de-fotografia-feria-del-almendro-en-flor-de-mula\/#primaryimage"},"thumbnailUrl":"https:\/\/mula.es\/web\/wp-content\/uploads\/2023\/02\/Entega-Premios-II-Concurso-Fotografia-Feria-del-Almendro-en-Flor.jpeg","datePublished":"2023-02-27T11:45:07+00:00","dateModified":"2023-02-28T07:48:16+00:00","author":{"@id":"https:\/\/mula.es\/web\/#\/schema\/person\/4cc33fc69cd667605e1b6247815ac0c0"},"breadcrumb":{"@id":"https:\/\/mula.es\/web\/ganadoras-del-ii-concurso-de-fotografia-feria-del-almendro-en-flor-de-mula\/#breadcrumb"},"inLanguage":"es","potentialAction":[{"@type":"ReadAction","target":["https:\/\/mula.es\/web\/ganadoras-del-ii-concurso-de-fotografia-feria-del-almendro-en-flor-de-mula\/"]}]},{"@type":"ImageObject","inLanguage":"es","@id":"https:\/\/mula.es\/web\/ganadoras-del-ii-concurso-de-fotografia-feria-del-almendro-en-flor-de-mula\/#primaryimage","url":"https:\/\/mula.es\/web\/wp-content\/uploads\/2023\/02\/Entega-Premios-II-Concurso-Fotografia-Feria-del-Almendro-en-Flor.jpeg","contentUrl":"https:\/\/mula.es\/web\/wp-content\/uploads\/2023\/02\/Entega-Premios-II-Concurso-Fotografia-Feria-del-Almendro-en-Flor.jpeg","width":1600,"height":1200,"caption":"Entrega Premios II Concurso Fotograf\u00eda Feria del Almendro en Flor"},{"@type":"BreadcrumbList","@id":"https:\/\/mula.es\/web\/ganadoras-del-ii-concurso-de-fotografia-feria-del-almendro-en-flor-de-mula\/#breadcrumb","itemListElement":[{"@type":"ListItem","position":1,"name":"Portada","item":"https:\/\/mula.es\/web\/"},{"@type":"ListItem","position":2,"name":"Ganadoras del II Concurso de Fotograf\u00eda Feria del Almendro en Flor de Mula"}]},{"@type":"WebSite","@id":"https:\/\/mula.es\/web\/#website","url":"https:\/\/mula.es\/web\/","name":"Ayuntamiento de Mula","description":"P\u00e1gina web del Ayuntamiento de Mula (Regi\u00f3n de Murcia)","potentialAction":[{"@type":"SearchAction","target":{"@type":"EntryPoint","urlTemplate":"https:\/\/mula.es\/web\/?s={search_term_string}"},"query-input":{"@type":"PropertyValueSpecification","valueRequired":true,"valueName":"search_term_string"}}],"inLanguage":"es"},{"@type":"Person","@id":"https:\/\/mula.es\/web\/#\/schema\/person\/4cc33fc69cd667605e1b6247815ac0c0","name":"Mar\u00eda Bel\u00e9n Sumba Bravo","image":{"@type":"ImageObject","inLanguage":"es","@id":"https:\/\/secure.gravatar.com\/avatar\/8f65af12a8d72e866f97bba50325bdf89a5362533b6f2c9db8c88130883986b1?s=96&d=mm&r=g","url":"https:\/\/secure.gravatar.com\/avatar\/8f65af12a8d72e866f97bba50325bdf89a5362533b6f2c9db8c88130883986b1?s=96&d=mm&r=g","contentUrl":"https:\/\/secure.gravatar.com\/avatar\/8f65af12a8d72e866f97bba50325bdf89a5362533b6f2c9db8c88130883986b1?s=96&d=mm&r=g","caption":"Mar\u00eda Bel\u00e9n Sumba Bravo"},"url":"https:\/\/mula.es\/web\/author\/mbsumba\/"}]}},"jetpack_publicize_connections":[],"jetpack_featured_media_url":"https:\/\/mula.es\/web\/wp-content\/uploads\/2023\/02\/Entega-Premios-II-Concurso-Fotografia-Feria-del-Almendro-en-Flor.jpeg","jetpack_sharing_enabled":true,"jetpack_shortlink":"https:\/\/wp.me\/pa9DMY-cp2","jetpack-related-posts":[],"_links":{"self":[{"href":"https:\/\/mula.es\/web\/wp-json\/wp\/v2\/posts\/47680","targetHints":{"allow":["GET"]}}],"collection":[{"href":"https:\/\/mula.es\/web\/wp-json\/wp\/v2\/posts"}],"about":[{"href":"https:\/\/mula.es\/web\/wp-json\/wp\/v2\/types\/post"}],"author":[{"embeddable":true,"href":"https:\/\/mula.es\/web\/wp-json\/wp\/v2\/users\/12"}],"replies":[{"embeddable":true,"href":"https:\/\/mula.es\/web\/wp-json\/wp\/v2\/comments?post=47680"}],"version-history":[{"count":5,"href":"https:\/\/mula.es\/web\/wp-json\/wp\/v2\/posts\/47680\/revisions"}],"predecessor-version":[{"id":47699,"href":"https:\/\/mula.es\/web\/wp-json\/wp\/v2\/posts\/47680\/revisions\/47699"}],"wp:featuredmedia":[{"embeddable":true,"href":"https:\/\/mula.es\/web\/wp-json\/wp\/v2\/media\/47681"}],"wp:attachment":[{"href":"https:\/\/mula.es\/web\/wp-json\/wp\/v2\/media?parent=47680"}],"wp:term":[{"taxonomy":"category","embeddable":true,"href":"https:\/\/mula.es\/web\/wp-json\/wp\/v2\/categories?post=47680"},{"taxonomy":"post_tag","embeddable":true,"href":"https:\/\/mula.es\/web\/wp-json\/wp\/v2\/tags?post=47680"}],"curies":[{"name":"wp","href":"https:\/\/api.w.org\/{rel}","templated":true}]}}