{"id":47738,"date":"2023-03-10T09:00:11","date_gmt":"2023-03-10T08:00:11","guid":{"rendered":"https:\/\/mula.es\/web\/?p=47738"},"modified":"2023-03-10T10:29:19","modified_gmt":"2023-03-10T09:29:19","slug":"jornada-en-mula-para-acercar-la-administracion-publica-a-la-ciudadania","status":"publish","type":"post","link":"https:\/\/mula.es\/web\/jornada-en-mula-para-acercar-la-administracion-publica-a-la-ciudadania\/","title":{"rendered":"Jornada en Mula para acercar la Administraci\u00f3n P\u00fablica a la ciudadan\u00eda &#8211; cambio de hora y lugar"},"content":{"rendered":"<div class=\"fusion-fullwidth fullwidth-box fusion-builder-row-1 fusion-flex-container nonhundred-percent-fullwidth non-hundred-percent-height-scrolling\" style=\"--awb-border-radius-top-left:0px;--awb-border-radius-top-right:0px;--awb-border-radius-bottom-right:0px;--awb-border-radius-bottom-left:0px;--awb-flex-wrap:wrap;\" ><div class=\"fusion-builder-row fusion-row fusion-flex-align-items-flex-start fusion-flex-content-wrap\" style=\"max-width:1144px;margin-left: calc(-4% \/ 2 );margin-right: calc(-4% \/ 2 );\"><div class=\"fusion-layout-column fusion_builder_column fusion-builder-column-0 fusion_builder_column_1_1 1_1 fusion-flex-column\" style=\"--awb-bg-size:cover;--awb-width-large:100%;--awb-margin-top-large:0px;--awb-spacing-right-large:1.92%;--awb-margin-bottom-large:0px;--awb-spacing-left-large:1.92%;--awb-width-medium:100%;--awb-spacing-right-medium:1.92%;--awb-spacing-left-medium:1.92%;--awb-width-small:100%;--awb-spacing-right-small:1.92%;--awb-spacing-left-small:1.92%;\"><div class=\"fusion-column-wrapper fusion-flex-justify-content-flex-start fusion-content-layout-column\"><div class=\"fusion-text fusion-text-1\"><p style=\"text-align: justify;\">El Ayuntamiento de Mula colabora con la Administraci\u00f3n General del Estado y la Delegaci\u00f3n del Gobierno de la Regi\u00f3n de Murcia en la puesta en marcha de unas jornadas para acercar la Administraci\u00f3n P\u00fablica a la ciudadan\u00eda. Por ello, el pr\u00f3ximo <strong>martes, 14 de marzo<\/strong>, se realizar\u00e1 en Mula una jornada en la que podr\u00e1s aprender c\u00f3mo realizar diferentes tr\u00e1mites a trav\u00e9s de la Sede Electr\u00f3nica. Ser\u00e1 <strong>a las 17 horas, en el Refectorio del Convento de San Francisco<\/strong>.<\/p>\n<p style=\"text-align: justify;\">En la jornada, dirigida a cualquier ciudadano de Mula y pedan\u00edas, podr\u00e1s conocer aspectos como: identificarte en el mundo digital, enviar documentaci\u00f3n registrada a cualquier administraci\u00f3n, informarte sobre tus tr\u00e1mites administrativos, conoce qu\u00e9 datos tiene la administraci\u00f3n de ti -Carpeta Ciudadana-, obtener certificados oficiales, pedir cita previa para atenci\u00f3n personalizada en organismos, registrar apoderamientos -APODER@-, plantear dudas o preguntas de tu inter\u00e9s sobre tr\u00e1mites de la Administraci\u00f3n.<\/p>\n<p style=\"text-align: justify;\">Igualmente, se ofrecer\u00e1 la expedici\u00f3n, a quien lo desee, de credenciales digitales que permitan la identificaci\u00f3n electr\u00f3nica de los ciudadanos para acceso a las sedes (Certificados FMNT o CL@AVE), se realizar\u00e1n registros de documentos y los servicios que se demanden que sean competencia de la Administraci\u00f3n P\u00fablica.<\/p>\n<p><a href=\"https:\/\/mula.es\/web\/wp-content\/uploads\/2023\/03\/CARTEL-JORNADA-ADMINISTRACION-ELECTRONICA-JPG_page-0001-1.jpg\"><img decoding=\"async\" data-attachment-id=\"47898\" data-permalink=\"https:\/\/mula.es\/web\/jornada-en-mula-para-acercar-la-administracion-publica-a-la-ciudadania\/cartel-jornada-administracion-electronica-jpg_page-0001-1\/\" data-orig-file=\"https:\/\/mula.es\/web\/wp-content\/uploads\/2023\/03\/CARTEL-JORNADA-ADMINISTRACION-ELECTRONICA-JPG_page-0001-1.jpg\" data-orig-size=\"1241,1755\" data-comments-opened=\"0\" data-image-meta=\"\" data-image-title=\"CARTEL JORNADA ADMINISTRACI\u00d3N ELECTR\u00d3NICA (JPG)_page-0001 (1)\" data-image-description=\"\" data-image-caption=\"\" data-large-file=\"https:\/\/mula.es\/web\/wp-content\/uploads\/2023\/03\/CARTEL-JORNADA-ADMINISTRACION-ELECTRONICA-JPG_page-0001-1-724x1024.jpg\" class=\" wp-image-47898 aligncenter\" src=\"https:\/\/mula.es\/web\/wp-content\/uploads\/2023\/03\/CARTEL-JORNADA-ADMINISTRACION-ELECTRONICA-JPG_page-0001-1.jpg\" alt=\"CARTEL JORNADA ADMINISTRACI\u00d3N ELECTR\u00d3NICA (JPG)_page-0001 (1)\" width=\"582\" height=\"823\" srcset=\"https:\/\/mula.es\/web\/wp-content\/uploads\/2023\/03\/CARTEL-JORNADA-ADMINISTRACION-ELECTRONICA-JPG_page-0001-1-200x283.jpg 200w, https:\/\/mula.es\/web\/wp-content\/uploads\/2023\/03\/CARTEL-JORNADA-ADMINISTRACION-ELECTRONICA-JPG_page-0001-1-212x300.jpg 212w, https:\/\/mula.es\/web\/wp-content\/uploads\/2023\/03\/CARTEL-JORNADA-ADMINISTRACION-ELECTRONICA-JPG_page-0001-1-400x566.jpg 400w, https:\/\/mula.es\/web\/wp-content\/uploads\/2023\/03\/CARTEL-JORNADA-ADMINISTRACION-ELECTRONICA-JPG_page-0001-1-600x849.jpg 600w, https:\/\/mula.es\/web\/wp-content\/uploads\/2023\/03\/CARTEL-JORNADA-ADMINISTRACION-ELECTRONICA-JPG_page-0001-1-724x1024.jpg 724w, https:\/\/mula.es\/web\/wp-content\/uploads\/2023\/03\/CARTEL-JORNADA-ADMINISTRACION-ELECTRONICA-JPG_page-0001-1-768x1086.jpg 768w, https:\/\/mula.es\/web\/wp-content\/uploads\/2023\/03\/CARTEL-JORNADA-ADMINISTRACION-ELECTRONICA-JPG_page-0001-1-800x1131.jpg 800w, https:\/\/mula.es\/web\/wp-content\/uploads\/2023\/03\/CARTEL-JORNADA-ADMINISTRACION-ELECTRONICA-JPG_page-0001-1-1086x1536.jpg 1086w, https:\/\/mula.es\/web\/wp-content\/uploads\/2023\/03\/CARTEL-JORNADA-ADMINISTRACION-ELECTRONICA-JPG_page-0001-1-1200x1697.jpg 1200w, https:\/\/mula.es\/web\/wp-content\/uploads\/2023\/03\/CARTEL-JORNADA-ADMINISTRACION-ELECTRONICA-JPG_page-0001-1.jpg 1241w\" sizes=\"(max-width: 582px) 100vw, 582px\" \/><\/a><a href=\"https:\/\/mula.es\/web\/wp-content\/uploads\/2023\/03\/logos.jpg\"><img decoding=\"async\" data-attachment-id=\"47754\" data-permalink=\"https:\/\/mula.es\/web\/jornada-en-mula-para-acercar-la-administracion-publica-a-la-ciudadania\/logos\/\" data-orig-file=\"https:\/\/mula.es\/web\/wp-content\/uploads\/2023\/03\/logos.jpg\" data-orig-size=\"769,127\" data-comments-opened=\"0\" data-image-meta=\"\" data-image-title=\"logos\" data-image-description=\"\" data-image-caption=\"\" data-large-file=\"https:\/\/mula.es\/web\/wp-content\/uploads\/2023\/03\/logos.jpg\" class=\"size-full wp-image-47754 aligncenter\" src=\"https:\/\/mula.es\/web\/wp-content\/uploads\/2023\/03\/logos.jpg\" alt=\"\" width=\"769\" height=\"127\" srcset=\"https:\/\/mula.es\/web\/wp-content\/uploads\/2023\/03\/logos-200x33.jpg 200w, https:\/\/mula.es\/web\/wp-content\/uploads\/2023\/03\/logos-300x50.jpg 300w, https:\/\/mula.es\/web\/wp-content\/uploads\/2023\/03\/logos-400x66.jpg 400w, https:\/\/mula.es\/web\/wp-content\/uploads\/2023\/03\/logos-600x99.jpg 600w, https:\/\/mula.es\/web\/wp-content\/uploads\/2023\/03\/logos.jpg 769w\" sizes=\"(max-width: 769px) 100vw, 769px\" \/><\/a><\/p>\n<\/div><\/div><\/div><\/div><\/div>\n","protected":false},"excerpt":{"rendered":"","protected":false},"author":12,"featured_media":47741,"comment_status":"closed","ping_status":"closed","sticky":false,"template":"","format":"standard","meta":{"jetpack_post_was_ever_published":false,"_jetpack_newsletter_access":"","_jetpack_dont_email_post_to_subs":false,"_jetpack_newsletter_tier_id":0,"_jetpack_memberships_contains_paywalled_content":false,"_jetpack_memberships_contains_paid_content":false,"footnotes":"","jetpack_publicize_message":"","jetpack_publicize_feature_enabled":true,"jetpack_social_post_already_shared":false,"jetpack_social_options":{"image_generator_settings":{"template":"highway","default_image_id":0,"font":"","enabled":false},"version":2}},"categories":[181],"tags":[],"class_list":["post-47738","post","type-post","status-publish","format-standard","has-post-thumbnail","hentry","category-jornadas"],"yoast_head":"<!-- This site is optimized with the Yoast SEO plugin v27.4 - https:\/\/yoast.com\/product\/yoast-seo-wordpress\/ -->\n<title>Jornada en Mula para acercar la Administraci\u00f3n P\u00fablica a la ciudadan\u00eda - cambio de hora y lugar - Ayuntamiento de Mula<\/title>\n<meta name=\"robots\" content=\"index, follow, max-snippet:-1, max-image-preview:large, max-video-preview:-1\" \/>\n<link rel=\"canonical\" href=\"https:\/\/mula.es\/web\/jornada-en-mula-para-acercar-la-administracion-publica-a-la-ciudadania\/\" \/>\n<meta property=\"og:locale\" content=\"es_ES\" \/>\n<meta property=\"og:type\" content=\"article\" \/>\n<meta property=\"og:title\" content=\"Jornada en Mula para acercar la Administraci\u00f3n P\u00fablica a la ciudadan\u00eda - cambio de hora y lugar - Ayuntamiento de Mula\" \/>\n<meta property=\"og:url\" content=\"https:\/\/mula.es\/web\/jornada-en-mula-para-acercar-la-administracion-publica-a-la-ciudadania\/\" \/>\n<meta property=\"og:site_name\" content=\"Ayuntamiento de Mula\" \/>\n<meta property=\"article:published_time\" content=\"2023-03-10T08:00:11+00:00\" \/>\n<meta property=\"article:modified_time\" content=\"2023-03-10T09:29:19+00:00\" \/>\n<meta property=\"og:image\" content=\"https:\/\/mula.es\/web\/wp-content\/uploads\/2023\/03\/Imagen-de-stock.jpg\" \/>\n\t<meta property=\"og:image:width\" content=\"1280\" \/>\n\t<meta property=\"og:image:height\" content=\"853\" \/>\n\t<meta property=\"og:image:type\" content=\"image\/jpeg\" \/>\n<meta name=\"author\" content=\"Mar\u00eda Bel\u00e9n Sumba Bravo\" \/>\n<meta name=\"twitter:card\" content=\"summary_large_image\" \/>\n<meta name=\"twitter:creator\" content=\"@AyuntamientMula\" \/>\n<meta name=\"twitter:site\" content=\"@AyuntamientMula\" \/>\n<meta name=\"twitter:label1\" content=\"Escrito por\" \/>\n\t<meta name=\"twitter:data1\" content=\"Mar\u00eda Bel\u00e9n Sumba Bravo\" \/>\n\t<meta name=\"twitter:label2\" content=\"Tiempo de lectura\" \/>\n\t<meta name=\"twitter:data2\" content=\"2 minutos\" \/>\n<script type=\"application\/ld+json\" class=\"yoast-schema-graph\">{\"@context\":\"https:\\\/\\\/schema.org\",\"@graph\":[{\"@type\":\"Article\",\"@id\":\"https:\\\/\\\/mula.es\\\/web\\\/jornada-en-mula-para-acercar-la-administracion-publica-a-la-ciudadania\\\/#article\",\"isPartOf\":{\"@id\":\"https:\\\/\\\/mula.es\\\/web\\\/jornada-en-mula-para-acercar-la-administracion-publica-a-la-ciudadania\\\/\"},\"author\":{\"name\":\"Mar\u00eda Bel\u00e9n Sumba Bravo\",\"@id\":\"https:\\\/\\\/mula.es\\\/web\\\/#\\\/schema\\\/person\\\/4cc33fc69cd667605e1b6247815ac0c0\"},\"headline\":\"Jornada en Mula para acercar la Administraci\u00f3n P\u00fablica a la ciudadan\u00eda &#8211; cambio de hora y lugar\",\"datePublished\":\"2023-03-10T08:00:11+00:00\",\"dateModified\":\"2023-03-10T09:29:19+00:00\",\"mainEntityOfPage\":{\"@id\":\"https:\\\/\\\/mula.es\\\/web\\\/jornada-en-mula-para-acercar-la-administracion-publica-a-la-ciudadania\\\/\"},\"wordCount\":489,\"image\":{\"@id\":\"https:\\\/\\\/mula.es\\\/web\\\/jornada-en-mula-para-acercar-la-administracion-publica-a-la-ciudadania\\\/#primaryimage\"},\"thumbnailUrl\":\"https:\\\/\\\/mula.es\\\/web\\\/wp-content\\\/uploads\\\/2023\\\/03\\\/Imagen-de-stock.jpg\",\"articleSection\":[\"jornadas\"],\"inLanguage\":\"es\"},{\"@type\":\"WebPage\",\"@id\":\"https:\\\/\\\/mula.es\\\/web\\\/jornada-en-mula-para-acercar-la-administracion-publica-a-la-ciudadania\\\/\",\"url\":\"https:\\\/\\\/mula.es\\\/web\\\/jornada-en-mula-para-acercar-la-administracion-publica-a-la-ciudadania\\\/\",\"name\":\"Jornada en Mula para acercar la Administraci\u00f3n P\u00fablica a la ciudadan\u00eda - cambio de hora y lugar - Ayuntamiento de Mula\",\"isPartOf\":{\"@id\":\"https:\\\/\\\/mula.es\\\/web\\\/#website\"},\"primaryImageOfPage\":{\"@id\":\"https:\\\/\\\/mula.es\\\/web\\\/jornada-en-mula-para-acercar-la-administracion-publica-a-la-ciudadania\\\/#primaryimage\"},\"image\":{\"@id\":\"https:\\\/\\\/mula.es\\\/web\\\/jornada-en-mula-para-acercar-la-administracion-publica-a-la-ciudadania\\\/#primaryimage\"},\"thumbnailUrl\":\"https:\\\/\\\/mula.es\\\/web\\\/wp-content\\\/uploads\\\/2023\\\/03\\\/Imagen-de-stock.jpg\",\"datePublished\":\"2023-03-10T08:00:11+00:00\",\"dateModified\":\"2023-03-10T09:29:19+00:00\",\"author\":{\"@id\":\"https:\\\/\\\/mula.es\\\/web\\\/#\\\/schema\\\/person\\\/4cc33fc69cd667605e1b6247815ac0c0\"},\"breadcrumb\":{\"@id\":\"https:\\\/\\\/mula.es\\\/web\\\/jornada-en-mula-para-acercar-la-administracion-publica-a-la-ciudadania\\\/#breadcrumb\"},\"inLanguage\":\"es\",\"potentialAction\":[{\"@type\":\"ReadAction\",\"target\":[\"https:\\\/\\\/mula.es\\\/web\\\/jornada-en-mula-para-acercar-la-administracion-publica-a-la-ciudadania\\\/\"]}]},{\"@type\":\"ImageObject\",\"inLanguage\":\"es\",\"@id\":\"https:\\\/\\\/mula.es\\\/web\\\/jornada-en-mula-para-acercar-la-administracion-publica-a-la-ciudadania\\\/#primaryimage\",\"url\":\"https:\\\/\\\/mula.es\\\/web\\\/wp-content\\\/uploads\\\/2023\\\/03\\\/Imagen-de-stock.jpg\",\"contentUrl\":\"https:\\\/\\\/mula.es\\\/web\\\/wp-content\\\/uploads\\\/2023\\\/03\\\/Imagen-de-stock.jpg\",\"width\":1280,\"height\":853},{\"@type\":\"BreadcrumbList\",\"@id\":\"https:\\\/\\\/mula.es\\\/web\\\/jornada-en-mula-para-acercar-la-administracion-publica-a-la-ciudadania\\\/#breadcrumb\",\"itemListElement\":[{\"@type\":\"ListItem\",\"position\":1,\"name\":\"Portada\",\"item\":\"https:\\\/\\\/mula.es\\\/web\\\/\"},{\"@type\":\"ListItem\",\"position\":2,\"name\":\"Jornada en Mula para acercar la Administraci\u00f3n P\u00fablica a la ciudadan\u00eda &#8211; cambio de hora y lugar\"}]},{\"@type\":\"WebSite\",\"@id\":\"https:\\\/\\\/mula.es\\\/web\\\/#website\",\"url\":\"https:\\\/\\\/mula.es\\\/web\\\/\",\"name\":\"Ayuntamiento de Mula\",\"description\":\"P\u00e1gina web del Ayuntamiento de Mula (Regi\u00f3n de Murcia)\",\"potentialAction\":[{\"@type\":\"SearchAction\",\"target\":{\"@type\":\"EntryPoint\",\"urlTemplate\":\"https:\\\/\\\/mula.es\\\/web\\\/?s={search_term_string}\"},\"query-input\":{\"@type\":\"PropertyValueSpecification\",\"valueRequired\":true,\"valueName\":\"search_term_string\"}}],\"inLanguage\":\"es\"},{\"@type\":\"Person\",\"@id\":\"https:\\\/\\\/mula.es\\\/web\\\/#\\\/schema\\\/person\\\/4cc33fc69cd667605e1b6247815ac0c0\",\"name\":\"Mar\u00eda Bel\u00e9n Sumba Bravo\",\"image\":{\"@type\":\"ImageObject\",\"inLanguage\":\"es\",\"@id\":\"https:\\\/\\\/secure.gravatar.com\\\/avatar\\\/8f65af12a8d72e866f97bba50325bdf89a5362533b6f2c9db8c88130883986b1?s=96&d=mm&r=g\",\"url\":\"https:\\\/\\\/secure.gravatar.com\\\/avatar\\\/8f65af12a8d72e866f97bba50325bdf89a5362533b6f2c9db8c88130883986b1?s=96&d=mm&r=g\",\"contentUrl\":\"https:\\\/\\\/secure.gravatar.com\\\/avatar\\\/8f65af12a8d72e866f97bba50325bdf89a5362533b6f2c9db8c88130883986b1?s=96&d=mm&r=g\",\"caption\":\"Mar\u00eda Bel\u00e9n Sumba Bravo\"},\"url\":\"https:\\\/\\\/mula.es\\\/web\\\/author\\\/mbsumba\\\/\"}]}<\/script>\n<!-- \/ Yoast SEO plugin. -->","yoast_head_json":{"title":"Jornada en Mula para acercar la Administraci\u00f3n P\u00fablica a la ciudadan\u00eda - cambio de hora y lugar - Ayuntamiento de Mula","robots":{"index":"index","follow":"follow","max-snippet":"max-snippet:-1","max-image-preview":"max-image-preview:large","max-video-preview":"max-video-preview:-1"},"canonical":"https:\/\/mula.es\/web\/jornada-en-mula-para-acercar-la-administracion-publica-a-la-ciudadania\/","og_locale":"es_ES","og_type":"article","og_title":"Jornada en Mula para acercar la Administraci\u00f3n P\u00fablica a la ciudadan\u00eda - cambio de hora y lugar - Ayuntamiento de Mula","og_url":"https:\/\/mula.es\/web\/jornada-en-mula-para-acercar-la-administracion-publica-a-la-ciudadania\/","og_site_name":"Ayuntamiento de Mula","article_published_time":"2023-03-10T08:00:11+00:00","article_modified_time":"2023-03-10T09:29:19+00:00","og_image":[{"width":1280,"height":853,"url":"https:\/\/mula.es\/web\/wp-content\/uploads\/2023\/03\/Imagen-de-stock.jpg","type":"image\/jpeg"}],"author":"Mar\u00eda Bel\u00e9n Sumba Bravo","twitter_card":"summary_large_image","twitter_creator":"@AyuntamientMula","twitter_site":"@AyuntamientMula","twitter_misc":{"Escrito por":"Mar\u00eda Bel\u00e9n Sumba Bravo","Tiempo de lectura":"2 minutos"},"schema":{"@context":"https:\/\/schema.org","@graph":[{"@type":"Article","@id":"https:\/\/mula.es\/web\/jornada-en-mula-para-acercar-la-administracion-publica-a-la-ciudadania\/#article","isPartOf":{"@id":"https:\/\/mula.es\/web\/jornada-en-mula-para-acercar-la-administracion-publica-a-la-ciudadania\/"},"author":{"name":"Mar\u00eda Bel\u00e9n Sumba Bravo","@id":"https:\/\/mula.es\/web\/#\/schema\/person\/4cc33fc69cd667605e1b6247815ac0c0"},"headline":"Jornada en Mula para acercar la Administraci\u00f3n P\u00fablica a la ciudadan\u00eda &#8211; cambio de hora y lugar","datePublished":"2023-03-10T08:00:11+00:00","dateModified":"2023-03-10T09:29:19+00:00","mainEntityOfPage":{"@id":"https:\/\/mula.es\/web\/jornada-en-mula-para-acercar-la-administracion-publica-a-la-ciudadania\/"},"wordCount":489,"image":{"@id":"https:\/\/mula.es\/web\/jornada-en-mula-para-acercar-la-administracion-publica-a-la-ciudadania\/#primaryimage"},"thumbnailUrl":"https:\/\/mula.es\/web\/wp-content\/uploads\/2023\/03\/Imagen-de-stock.jpg","articleSection":["jornadas"],"inLanguage":"es"},{"@type":"WebPage","@id":"https:\/\/mula.es\/web\/jornada-en-mula-para-acercar-la-administracion-publica-a-la-ciudadania\/","url":"https:\/\/mula.es\/web\/jornada-en-mula-para-acercar-la-administracion-publica-a-la-ciudadania\/","name":"Jornada en Mula para acercar la Administraci\u00f3n P\u00fablica a la ciudadan\u00eda - cambio de hora y lugar - Ayuntamiento de Mula","isPartOf":{"@id":"https:\/\/mula.es\/web\/#website"},"primaryImageOfPage":{"@id":"https:\/\/mula.es\/web\/jornada-en-mula-para-acercar-la-administracion-publica-a-la-ciudadania\/#primaryimage"},"image":{"@id":"https:\/\/mula.es\/web\/jornada-en-mula-para-acercar-la-administracion-publica-a-la-ciudadania\/#primaryimage"},"thumbnailUrl":"https:\/\/mula.es\/web\/wp-content\/uploads\/2023\/03\/Imagen-de-stock.jpg","datePublished":"2023-03-10T08:00:11+00:00","dateModified":"2023-03-10T09:29:19+00:00","author":{"@id":"https:\/\/mula.es\/web\/#\/schema\/person\/4cc33fc69cd667605e1b6247815ac0c0"},"breadcrumb":{"@id":"https:\/\/mula.es\/web\/jornada-en-mula-para-acercar-la-administracion-publica-a-la-ciudadania\/#breadcrumb"},"inLanguage":"es","potentialAction":[{"@type":"ReadAction","target":["https:\/\/mula.es\/web\/jornada-en-mula-para-acercar-la-administracion-publica-a-la-ciudadania\/"]}]},{"@type":"ImageObject","inLanguage":"es","@id":"https:\/\/mula.es\/web\/jornada-en-mula-para-acercar-la-administracion-publica-a-la-ciudadania\/#primaryimage","url":"https:\/\/mula.es\/web\/wp-content\/uploads\/2023\/03\/Imagen-de-stock.jpg","contentUrl":"https:\/\/mula.es\/web\/wp-content\/uploads\/2023\/03\/Imagen-de-stock.jpg","width":1280,"height":853},{"@type":"BreadcrumbList","@id":"https:\/\/mula.es\/web\/jornada-en-mula-para-acercar-la-administracion-publica-a-la-ciudadania\/#breadcrumb","itemListElement":[{"@type":"ListItem","position":1,"name":"Portada","item":"https:\/\/mula.es\/web\/"},{"@type":"ListItem","position":2,"name":"Jornada en Mula para acercar la Administraci\u00f3n P\u00fablica a la ciudadan\u00eda &#8211; cambio de hora y lugar"}]},{"@type":"WebSite","@id":"https:\/\/mula.es\/web\/#website","url":"https:\/\/mula.es\/web\/","name":"Ayuntamiento de Mula","description":"P\u00e1gina web del Ayuntamiento de Mula (Regi\u00f3n de Murcia)","potentialAction":[{"@type":"SearchAction","target":{"@type":"EntryPoint","urlTemplate":"https:\/\/mula.es\/web\/?s={search_term_string}"},"query-input":{"@type":"PropertyValueSpecification","valueRequired":true,"valueName":"search_term_string"}}],"inLanguage":"es"},{"@type":"Person","@id":"https:\/\/mula.es\/web\/#\/schema\/person\/4cc33fc69cd667605e1b6247815ac0c0","name":"Mar\u00eda Bel\u00e9n Sumba Bravo","image":{"@type":"ImageObject","inLanguage":"es","@id":"https:\/\/secure.gravatar.com\/avatar\/8f65af12a8d72e866f97bba50325bdf89a5362533b6f2c9db8c88130883986b1?s=96&d=mm&r=g","url":"https:\/\/secure.gravatar.com\/avatar\/8f65af12a8d72e866f97bba50325bdf89a5362533b6f2c9db8c88130883986b1?s=96&d=mm&r=g","contentUrl":"https:\/\/secure.gravatar.com\/avatar\/8f65af12a8d72e866f97bba50325bdf89a5362533b6f2c9db8c88130883986b1?s=96&d=mm&r=g","caption":"Mar\u00eda Bel\u00e9n Sumba Bravo"},"url":"https:\/\/mula.es\/web\/author\/mbsumba\/"}]}},"jetpack_publicize_connections":[],"jetpack_featured_media_url":"https:\/\/mula.es\/web\/wp-content\/uploads\/2023\/03\/Imagen-de-stock.jpg","jetpack_sharing_enabled":true,"jetpack_shortlink":"https:\/\/wp.me\/pa9DMY-cpY","jetpack-related-posts":[],"_links":{"self":[{"href":"https:\/\/mula.es\/web\/wp-json\/wp\/v2\/posts\/47738","targetHints":{"allow":["GET"]}}],"collection":[{"href":"https:\/\/mula.es\/web\/wp-json\/wp\/v2\/posts"}],"about":[{"href":"https:\/\/mula.es\/web\/wp-json\/wp\/v2\/types\/post"}],"author":[{"embeddable":true,"href":"https:\/\/mula.es\/web\/wp-json\/wp\/v2\/users\/12"}],"replies":[{"embeddable":true,"href":"https:\/\/mula.es\/web\/wp-json\/wp\/v2\/comments?post=47738"}],"version-history":[{"count":9,"href":"https:\/\/mula.es\/web\/wp-json\/wp\/v2\/posts\/47738\/revisions"}],"predecessor-version":[{"id":47861,"href":"https:\/\/mula.es\/web\/wp-json\/wp\/v2\/posts\/47738\/revisions\/47861"}],"wp:featuredmedia":[{"embeddable":true,"href":"https:\/\/mula.es\/web\/wp-json\/wp\/v2\/media\/47741"}],"wp:attachment":[{"href":"https:\/\/mula.es\/web\/wp-json\/wp\/v2\/media?parent=47738"}],"wp:term":[{"taxonomy":"category","embeddable":true,"href":"https:\/\/mula.es\/web\/wp-json\/wp\/v2\/categories?post=47738"},{"taxonomy":"post_tag","embeddable":true,"href":"https:\/\/mula.es\/web\/wp-json\/wp\/v2\/tags?post=47738"}],"curies":[{"name":"wp","href":"https:\/\/api.w.org\/{rel}","templated":true}]}}