{"id":47826,"date":"2023-03-06T13:28:05","date_gmt":"2023-03-06T12:28:05","guid":{"rendered":"https:\/\/mula.es\/web\/?p=47826"},"modified":"2023-03-06T13:28:05","modified_gmt":"2023-03-06T12:28:05","slug":"obras-publicas-el-alcalde-de-mula-visita-las-obras-de-la-calle-fuensanta-junto-al-consejero-de-presidencia","status":"publish","type":"post","link":"https:\/\/mula.es\/web\/obras-publicas-el-alcalde-de-mula-visita-las-obras-de-la-calle-fuensanta-junto-al-consejero-de-presidencia\/","title":{"rendered":"OBRAS P\u00daBLICAS|  El alcalde de Mula visita las obras de la calle Fuensanta junto al consejero de Presidencia"},"content":{"rendered":"<p style=\"text-align: justify;\"><strong>El alcalde de Mula Juan Jes\u00fas Moreno y miembros de la corporaci\u00f3n municipal han visitado, junto al consejero de Presidencia Marcos Ortu\u00f1o y el director de la Administraci\u00f3n Local Francisco Abril, las obras de renovaci\u00f3n de la calle Fuensanta de Mula.<\/strong><\/p>\n<p style=\"text-align: justify;\">\u201cDesde el Ayuntamiento apostamos por la recuperaci\u00f3n de nuestro casco hist\u00f3rico, de nuestros barrios altos y por ofrecer los mejores espacios p\u00fablicos a mule\u00f1os y mule\u00f1as\u201d, ha declarado el alcalde de Mula. Asimismo, Juan Jes\u00fas Moreno ha continuado diciendo que \u201ceste proyecto es una muestra m\u00e1s del compromiso del Gobierno municipal con Mula y sus pedan\u00edas\u201d.<\/p>\n<p style=\"text-align: justify;\">Las obras de mejora, incluidas dentro del Plan de Obras y Servicios 2022-2023, tambi\u00e9n se est\u00e1n realizando en la calle Fuensoriana. En ambas v\u00edas, se est\u00e1n desarrollando trabajos que incluyen la renovaci\u00f3n completa del pavimento y de los sistemas de saneamiento y de agua potable. El presupuesto del proyecto es de 177 mil euros para la remodelaci\u00f3n de la calle Fuensanta y de 215 mil euros para la calle Fuensoriana.<\/p>\n<p><a href=\"https:\/\/mula.es\/web\/wp-content\/uploads\/2023\/03\/El-alcalde-de-Mula-junto-al-consejero-de-Presidencia..jpeg\"><img decoding=\"async\" data-attachment-id=\"47830\" data-permalink=\"https:\/\/mula.es\/web\/obras-publicas-el-alcalde-de-mula-visita-las-obras-de-la-calle-fuensanta-junto-al-consejero-de-presidencia\/el-alcalde-de-mula-junto-al-consejero-de-presidencia\/\" data-orig-file=\"https:\/\/mula.es\/web\/wp-content\/uploads\/2023\/03\/El-alcalde-de-Mula-junto-al-consejero-de-Presidencia..jpeg\" data-orig-size=\"1200,1600\" data-comments-opened=\"0\" data-image-meta=\"{&quot;aperture&quot;:&quot;0&quot;,&quot;credit&quot;:&quot;&quot;,&quot;camera&quot;:&quot;&quot;,&quot;caption&quot;:&quot;&quot;,&quot;created_timestamp&quot;:&quot;0&quot;,&quot;copyright&quot;:&quot;&quot;,&quot;focal_length&quot;:&quot;0&quot;,&quot;iso&quot;:&quot;0&quot;,&quot;shutter_speed&quot;:&quot;0&quot;,&quot;title&quot;:&quot;&quot;,&quot;orientation&quot;:&quot;0&quot;}\" data-image-title=\"El alcalde de Mula junto al consejero de Presidencia.\" data-image-description=\"\" data-image-caption=\"\" data-large-file=\"https:\/\/mula.es\/web\/wp-content\/uploads\/2023\/03\/El-alcalde-de-Mula-junto-al-consejero-de-Presidencia.-768x1024.jpeg\" class=\" wp-image-47830 aligncenter\" src=\"https:\/\/mula.es\/web\/wp-content\/uploads\/2023\/03\/El-alcalde-de-Mula-junto-al-consejero-de-Presidencia..jpeg\" alt=\"El alcalde de Mula junto al consejero de Presidencia.\" width=\"373\" height=\"497\" srcset=\"https:\/\/mula.es\/web\/wp-content\/uploads\/2023\/03\/El-alcalde-de-Mula-junto-al-consejero-de-Presidencia.-200x267.jpeg 200w, https:\/\/mula.es\/web\/wp-content\/uploads\/2023\/03\/El-alcalde-de-Mula-junto-al-consejero-de-Presidencia.-225x300.jpeg 225w, https:\/\/mula.es\/web\/wp-content\/uploads\/2023\/03\/El-alcalde-de-Mula-junto-al-consejero-de-Presidencia.-400x533.jpeg 400w, https:\/\/mula.es\/web\/wp-content\/uploads\/2023\/03\/El-alcalde-de-Mula-junto-al-consejero-de-Presidencia.-600x800.jpeg 600w, https:\/\/mula.es\/web\/wp-content\/uploads\/2023\/03\/El-alcalde-de-Mula-junto-al-consejero-de-Presidencia.-768x1024.jpeg 768w, https:\/\/mula.es\/web\/wp-content\/uploads\/2023\/03\/El-alcalde-de-Mula-junto-al-consejero-de-Presidencia.-800x1067.jpeg 800w, https:\/\/mula.es\/web\/wp-content\/uploads\/2023\/03\/El-alcalde-de-Mula-junto-al-consejero-de-Presidencia.-1152x1536.jpeg 1152w, https:\/\/mula.es\/web\/wp-content\/uploads\/2023\/03\/El-alcalde-de-Mula-junto-al-consejero-de-Presidencia..jpeg 1200w\" sizes=\"(max-width: 373px) 100vw, 373px\" \/><\/a><\/p>\n","protected":false},"excerpt":{"rendered":"<p>El alcalde de Mula Juan Jes\u00fas Moreno y miembros de la corporaci\u00f3n municipal han visitado, junto al consejero de Presidencia Marcos Ortu\u00f1o y el director de la Administraci\u00f3n Local Francisco Abril, las obras de renovaci\u00f3n de la calle Fuensanta de Mula. \u201cDesde el Ayuntamiento apostamos por la recuperaci\u00f3n de nuestro casco hist\u00f3rico, de nuestros barrios  [&#8230;]<\/p>\n","protected":false},"author":12,"featured_media":47828,"comment_status":"closed","ping_status":"closed","sticky":false,"template":"","format":"standard","meta":{"jetpack_post_was_ever_published":false,"_jetpack_newsletter_access":"","_jetpack_dont_email_post_to_subs":false,"_jetpack_newsletter_tier_id":0,"_jetpack_memberships_contains_paywalled_content":false,"_jetpack_memberships_contains_paid_content":false,"footnotes":"","jetpack_publicize_message":"","jetpack_publicize_feature_enabled":true,"jetpack_social_post_already_shared":false,"jetpack_social_options":{"image_generator_settings":{"template":"highway","default_image_id":0,"font":"","enabled":false},"version":2}},"categories":[634],"tags":[],"class_list":["post-47826","post","type-post","status-publish","format-standard","has-post-thumbnail","hentry","category-obras-publicas"],"yoast_head":"<!-- This site is optimized with the Yoast SEO plugin v27.5 - https:\/\/yoast.com\/product\/yoast-seo-wordpress\/ -->\n<title>OBRAS P\u00daBLICAS| El alcalde de Mula visita las obras de la calle Fuensanta junto al consejero de Presidencia - Ayuntamiento de Mula<\/title>\n<meta name=\"robots\" content=\"index, follow, max-snippet:-1, max-image-preview:large, max-video-preview:-1\" \/>\n<link rel=\"canonical\" href=\"https:\/\/mula.es\/web\/obras-publicas-el-alcalde-de-mula-visita-las-obras-de-la-calle-fuensanta-junto-al-consejero-de-presidencia\/\" \/>\n<meta property=\"og:locale\" content=\"es_ES\" \/>\n<meta property=\"og:type\" content=\"article\" \/>\n<meta property=\"og:title\" content=\"OBRAS P\u00daBLICAS| El alcalde de Mula visita las obras de la calle Fuensanta junto al consejero de Presidencia - Ayuntamiento de Mula\" \/>\n<meta property=\"og:description\" content=\"El alcalde de Mula Juan Jes\u00fas Moreno y miembros de la corporaci\u00f3n municipal han visitado, junto al consejero de Presidencia Marcos Ortu\u00f1o y el director de la Administraci\u00f3n Local Francisco Abril, las obras de renovaci\u00f3n de la calle Fuensanta de Mula. \u201cDesde el Ayuntamiento apostamos por la recuperaci\u00f3n de nuestro casco hist\u00f3rico, de nuestros barrios [...]\" \/>\n<meta property=\"og:url\" content=\"https:\/\/mula.es\/web\/obras-publicas-el-alcalde-de-mula-visita-las-obras-de-la-calle-fuensanta-junto-al-consejero-de-presidencia\/\" \/>\n<meta property=\"og:site_name\" content=\"Ayuntamiento de Mula\" \/>\n<meta property=\"article:published_time\" content=\"2023-03-06T12:28:05+00:00\" \/>\n<meta property=\"og:image\" content=\"https:\/\/mula.es\/web\/wp-content\/uploads\/2023\/03\/Visita-obras-calle-Fuensanta.jpeg\" \/>\n\t<meta property=\"og:image:width\" content=\"1600\" \/>\n\t<meta property=\"og:image:height\" content=\"1200\" \/>\n\t<meta property=\"og:image:type\" content=\"image\/jpeg\" \/>\n<meta name=\"author\" content=\"Mar\u00eda Bel\u00e9n Sumba Bravo\" \/>\n<meta name=\"twitter:card\" content=\"summary_large_image\" \/>\n<meta name=\"twitter:creator\" content=\"@AyuntamientMula\" \/>\n<meta name=\"twitter:site\" content=\"@AyuntamientMula\" \/>\n<meta name=\"twitter:label1\" content=\"Escrito por\" \/>\n\t<meta name=\"twitter:data1\" content=\"Mar\u00eda Bel\u00e9n Sumba Bravo\" \/>\n\t<meta name=\"twitter:label2\" content=\"Tiempo de lectura\" \/>\n\t<meta name=\"twitter:data2\" content=\"1 minuto\" \/>\n<script type=\"application\/ld+json\" class=\"yoast-schema-graph\">{\"@context\":\"https:\\\/\\\/schema.org\",\"@graph\":[{\"@type\":\"Article\",\"@id\":\"https:\\\/\\\/mula.es\\\/web\\\/obras-publicas-el-alcalde-de-mula-visita-las-obras-de-la-calle-fuensanta-junto-al-consejero-de-presidencia\\\/#article\",\"isPartOf\":{\"@id\":\"https:\\\/\\\/mula.es\\\/web\\\/obras-publicas-el-alcalde-de-mula-visita-las-obras-de-la-calle-fuensanta-junto-al-consejero-de-presidencia\\\/\"},\"author\":{\"name\":\"Mar\u00eda Bel\u00e9n Sumba Bravo\",\"@id\":\"https:\\\/\\\/mula.es\\\/web\\\/#\\\/schema\\\/person\\\/4cc33fc69cd667605e1b6247815ac0c0\"},\"headline\":\"OBRAS P\u00daBLICAS| El alcalde de Mula visita las obras de la calle Fuensanta junto al consejero de Presidencia\",\"datePublished\":\"2023-03-06T12:28:05+00:00\",\"mainEntityOfPage\":{\"@id\":\"https:\\\/\\\/mula.es\\\/web\\\/obras-publicas-el-alcalde-de-mula-visita-las-obras-de-la-calle-fuensanta-junto-al-consejero-de-presidencia\\\/\"},\"wordCount\":203,\"image\":{\"@id\":\"https:\\\/\\\/mula.es\\\/web\\\/obras-publicas-el-alcalde-de-mula-visita-las-obras-de-la-calle-fuensanta-junto-al-consejero-de-presidencia\\\/#primaryimage\"},\"thumbnailUrl\":\"https:\\\/\\\/mula.es\\\/web\\\/wp-content\\\/uploads\\\/2023\\\/03\\\/Visita-obras-calle-Fuensanta.jpeg\",\"articleSection\":[\"obras p\u00fablicas\"],\"inLanguage\":\"es\"},{\"@type\":\"WebPage\",\"@id\":\"https:\\\/\\\/mula.es\\\/web\\\/obras-publicas-el-alcalde-de-mula-visita-las-obras-de-la-calle-fuensanta-junto-al-consejero-de-presidencia\\\/\",\"url\":\"https:\\\/\\\/mula.es\\\/web\\\/obras-publicas-el-alcalde-de-mula-visita-las-obras-de-la-calle-fuensanta-junto-al-consejero-de-presidencia\\\/\",\"name\":\"OBRAS P\u00daBLICAS| El alcalde de Mula visita las obras de la calle Fuensanta junto al consejero de Presidencia - Ayuntamiento de Mula\",\"isPartOf\":{\"@id\":\"https:\\\/\\\/mula.es\\\/web\\\/#website\"},\"primaryImageOfPage\":{\"@id\":\"https:\\\/\\\/mula.es\\\/web\\\/obras-publicas-el-alcalde-de-mula-visita-las-obras-de-la-calle-fuensanta-junto-al-consejero-de-presidencia\\\/#primaryimage\"},\"image\":{\"@id\":\"https:\\\/\\\/mula.es\\\/web\\\/obras-publicas-el-alcalde-de-mula-visita-las-obras-de-la-calle-fuensanta-junto-al-consejero-de-presidencia\\\/#primaryimage\"},\"thumbnailUrl\":\"https:\\\/\\\/mula.es\\\/web\\\/wp-content\\\/uploads\\\/2023\\\/03\\\/Visita-obras-calle-Fuensanta.jpeg\",\"datePublished\":\"2023-03-06T12:28:05+00:00\",\"author\":{\"@id\":\"https:\\\/\\\/mula.es\\\/web\\\/#\\\/schema\\\/person\\\/4cc33fc69cd667605e1b6247815ac0c0\"},\"breadcrumb\":{\"@id\":\"https:\\\/\\\/mula.es\\\/web\\\/obras-publicas-el-alcalde-de-mula-visita-las-obras-de-la-calle-fuensanta-junto-al-consejero-de-presidencia\\\/#breadcrumb\"},\"inLanguage\":\"es\",\"potentialAction\":[{\"@type\":\"ReadAction\",\"target\":[\"https:\\\/\\\/mula.es\\\/web\\\/obras-publicas-el-alcalde-de-mula-visita-las-obras-de-la-calle-fuensanta-junto-al-consejero-de-presidencia\\\/\"]}]},{\"@type\":\"ImageObject\",\"inLanguage\":\"es\",\"@id\":\"https:\\\/\\\/mula.es\\\/web\\\/obras-publicas-el-alcalde-de-mula-visita-las-obras-de-la-calle-fuensanta-junto-al-consejero-de-presidencia\\\/#primaryimage\",\"url\":\"https:\\\/\\\/mula.es\\\/web\\\/wp-content\\\/uploads\\\/2023\\\/03\\\/Visita-obras-calle-Fuensanta.jpeg\",\"contentUrl\":\"https:\\\/\\\/mula.es\\\/web\\\/wp-content\\\/uploads\\\/2023\\\/03\\\/Visita-obras-calle-Fuensanta.jpeg\",\"width\":1600,\"height\":1200,\"caption\":\"Visita obras calle Fuensanta.\"},{\"@type\":\"BreadcrumbList\",\"@id\":\"https:\\\/\\\/mula.es\\\/web\\\/obras-publicas-el-alcalde-de-mula-visita-las-obras-de-la-calle-fuensanta-junto-al-consejero-de-presidencia\\\/#breadcrumb\",\"itemListElement\":[{\"@type\":\"ListItem\",\"position\":1,\"name\":\"Portada\",\"item\":\"https:\\\/\\\/mula.es\\\/web\\\/\"},{\"@type\":\"ListItem\",\"position\":2,\"name\":\"OBRAS P\u00daBLICAS| El alcalde de Mula visita las obras de la calle Fuensanta junto al consejero de Presidencia\"}]},{\"@type\":\"WebSite\",\"@id\":\"https:\\\/\\\/mula.es\\\/web\\\/#website\",\"url\":\"https:\\\/\\\/mula.es\\\/web\\\/\",\"name\":\"Ayuntamiento de Mula\",\"description\":\"P\u00e1gina web del Ayuntamiento de Mula (Regi\u00f3n de Murcia)\",\"potentialAction\":[{\"@type\":\"SearchAction\",\"target\":{\"@type\":\"EntryPoint\",\"urlTemplate\":\"https:\\\/\\\/mula.es\\\/web\\\/?s={search_term_string}\"},\"query-input\":{\"@type\":\"PropertyValueSpecification\",\"valueRequired\":true,\"valueName\":\"search_term_string\"}}],\"inLanguage\":\"es\"},{\"@type\":\"Person\",\"@id\":\"https:\\\/\\\/mula.es\\\/web\\\/#\\\/schema\\\/person\\\/4cc33fc69cd667605e1b6247815ac0c0\",\"name\":\"Mar\u00eda Bel\u00e9n Sumba Bravo\",\"image\":{\"@type\":\"ImageObject\",\"inLanguage\":\"es\",\"@id\":\"https:\\\/\\\/secure.gravatar.com\\\/avatar\\\/8f65af12a8d72e866f97bba50325bdf89a5362533b6f2c9db8c88130883986b1?s=96&d=mm&r=g\",\"url\":\"https:\\\/\\\/secure.gravatar.com\\\/avatar\\\/8f65af12a8d72e866f97bba50325bdf89a5362533b6f2c9db8c88130883986b1?s=96&d=mm&r=g\",\"contentUrl\":\"https:\\\/\\\/secure.gravatar.com\\\/avatar\\\/8f65af12a8d72e866f97bba50325bdf89a5362533b6f2c9db8c88130883986b1?s=96&d=mm&r=g\",\"caption\":\"Mar\u00eda Bel\u00e9n Sumba Bravo\"},\"url\":\"https:\\\/\\\/mula.es\\\/web\\\/author\\\/mbsumba\\\/\"}]}<\/script>\n<!-- \/ Yoast SEO plugin. -->","yoast_head_json":{"title":"OBRAS P\u00daBLICAS| El alcalde de Mula visita las obras de la calle Fuensanta junto al consejero de Presidencia - Ayuntamiento de Mula","robots":{"index":"index","follow":"follow","max-snippet":"max-snippet:-1","max-image-preview":"max-image-preview:large","max-video-preview":"max-video-preview:-1"},"canonical":"https:\/\/mula.es\/web\/obras-publicas-el-alcalde-de-mula-visita-las-obras-de-la-calle-fuensanta-junto-al-consejero-de-presidencia\/","og_locale":"es_ES","og_type":"article","og_title":"OBRAS P\u00daBLICAS| El alcalde de Mula visita las obras de la calle Fuensanta junto al consejero de Presidencia - Ayuntamiento de Mula","og_description":"El alcalde de Mula Juan Jes\u00fas Moreno y miembros de la corporaci\u00f3n municipal han visitado, junto al consejero de Presidencia Marcos Ortu\u00f1o y el director de la Administraci\u00f3n Local Francisco Abril, las obras de renovaci\u00f3n de la calle Fuensanta de Mula. \u201cDesde el Ayuntamiento apostamos por la recuperaci\u00f3n de nuestro casco hist\u00f3rico, de nuestros barrios [...]","og_url":"https:\/\/mula.es\/web\/obras-publicas-el-alcalde-de-mula-visita-las-obras-de-la-calle-fuensanta-junto-al-consejero-de-presidencia\/","og_site_name":"Ayuntamiento de Mula","article_published_time":"2023-03-06T12:28:05+00:00","og_image":[{"width":1600,"height":1200,"url":"https:\/\/mula.es\/web\/wp-content\/uploads\/2023\/03\/Visita-obras-calle-Fuensanta.jpeg","type":"image\/jpeg"}],"author":"Mar\u00eda Bel\u00e9n Sumba Bravo","twitter_card":"summary_large_image","twitter_creator":"@AyuntamientMula","twitter_site":"@AyuntamientMula","twitter_misc":{"Escrito por":"Mar\u00eda Bel\u00e9n Sumba Bravo","Tiempo de lectura":"1 minuto"},"schema":{"@context":"https:\/\/schema.org","@graph":[{"@type":"Article","@id":"https:\/\/mula.es\/web\/obras-publicas-el-alcalde-de-mula-visita-las-obras-de-la-calle-fuensanta-junto-al-consejero-de-presidencia\/#article","isPartOf":{"@id":"https:\/\/mula.es\/web\/obras-publicas-el-alcalde-de-mula-visita-las-obras-de-la-calle-fuensanta-junto-al-consejero-de-presidencia\/"},"author":{"name":"Mar\u00eda Bel\u00e9n Sumba Bravo","@id":"https:\/\/mula.es\/web\/#\/schema\/person\/4cc33fc69cd667605e1b6247815ac0c0"},"headline":"OBRAS P\u00daBLICAS| El alcalde de Mula visita las obras de la calle Fuensanta junto al consejero de Presidencia","datePublished":"2023-03-06T12:28:05+00:00","mainEntityOfPage":{"@id":"https:\/\/mula.es\/web\/obras-publicas-el-alcalde-de-mula-visita-las-obras-de-la-calle-fuensanta-junto-al-consejero-de-presidencia\/"},"wordCount":203,"image":{"@id":"https:\/\/mula.es\/web\/obras-publicas-el-alcalde-de-mula-visita-las-obras-de-la-calle-fuensanta-junto-al-consejero-de-presidencia\/#primaryimage"},"thumbnailUrl":"https:\/\/mula.es\/web\/wp-content\/uploads\/2023\/03\/Visita-obras-calle-Fuensanta.jpeg","articleSection":["obras p\u00fablicas"],"inLanguage":"es"},{"@type":"WebPage","@id":"https:\/\/mula.es\/web\/obras-publicas-el-alcalde-de-mula-visita-las-obras-de-la-calle-fuensanta-junto-al-consejero-de-presidencia\/","url":"https:\/\/mula.es\/web\/obras-publicas-el-alcalde-de-mula-visita-las-obras-de-la-calle-fuensanta-junto-al-consejero-de-presidencia\/","name":"OBRAS P\u00daBLICAS| El alcalde de Mula visita las obras de la calle Fuensanta junto al consejero de Presidencia - Ayuntamiento de Mula","isPartOf":{"@id":"https:\/\/mula.es\/web\/#website"},"primaryImageOfPage":{"@id":"https:\/\/mula.es\/web\/obras-publicas-el-alcalde-de-mula-visita-las-obras-de-la-calle-fuensanta-junto-al-consejero-de-presidencia\/#primaryimage"},"image":{"@id":"https:\/\/mula.es\/web\/obras-publicas-el-alcalde-de-mula-visita-las-obras-de-la-calle-fuensanta-junto-al-consejero-de-presidencia\/#primaryimage"},"thumbnailUrl":"https:\/\/mula.es\/web\/wp-content\/uploads\/2023\/03\/Visita-obras-calle-Fuensanta.jpeg","datePublished":"2023-03-06T12:28:05+00:00","author":{"@id":"https:\/\/mula.es\/web\/#\/schema\/person\/4cc33fc69cd667605e1b6247815ac0c0"},"breadcrumb":{"@id":"https:\/\/mula.es\/web\/obras-publicas-el-alcalde-de-mula-visita-las-obras-de-la-calle-fuensanta-junto-al-consejero-de-presidencia\/#breadcrumb"},"inLanguage":"es","potentialAction":[{"@type":"ReadAction","target":["https:\/\/mula.es\/web\/obras-publicas-el-alcalde-de-mula-visita-las-obras-de-la-calle-fuensanta-junto-al-consejero-de-presidencia\/"]}]},{"@type":"ImageObject","inLanguage":"es","@id":"https:\/\/mula.es\/web\/obras-publicas-el-alcalde-de-mula-visita-las-obras-de-la-calle-fuensanta-junto-al-consejero-de-presidencia\/#primaryimage","url":"https:\/\/mula.es\/web\/wp-content\/uploads\/2023\/03\/Visita-obras-calle-Fuensanta.jpeg","contentUrl":"https:\/\/mula.es\/web\/wp-content\/uploads\/2023\/03\/Visita-obras-calle-Fuensanta.jpeg","width":1600,"height":1200,"caption":"Visita obras calle Fuensanta."},{"@type":"BreadcrumbList","@id":"https:\/\/mula.es\/web\/obras-publicas-el-alcalde-de-mula-visita-las-obras-de-la-calle-fuensanta-junto-al-consejero-de-presidencia\/#breadcrumb","itemListElement":[{"@type":"ListItem","position":1,"name":"Portada","item":"https:\/\/mula.es\/web\/"},{"@type":"ListItem","position":2,"name":"OBRAS P\u00daBLICAS| El alcalde de Mula visita las obras de la calle Fuensanta junto al consejero de Presidencia"}]},{"@type":"WebSite","@id":"https:\/\/mula.es\/web\/#website","url":"https:\/\/mula.es\/web\/","name":"Ayuntamiento de Mula","description":"P\u00e1gina web del Ayuntamiento de Mula (Regi\u00f3n de Murcia)","potentialAction":[{"@type":"SearchAction","target":{"@type":"EntryPoint","urlTemplate":"https:\/\/mula.es\/web\/?s={search_term_string}"},"query-input":{"@type":"PropertyValueSpecification","valueRequired":true,"valueName":"search_term_string"}}],"inLanguage":"es"},{"@type":"Person","@id":"https:\/\/mula.es\/web\/#\/schema\/person\/4cc33fc69cd667605e1b6247815ac0c0","name":"Mar\u00eda Bel\u00e9n Sumba Bravo","image":{"@type":"ImageObject","inLanguage":"es","@id":"https:\/\/secure.gravatar.com\/avatar\/8f65af12a8d72e866f97bba50325bdf89a5362533b6f2c9db8c88130883986b1?s=96&d=mm&r=g","url":"https:\/\/secure.gravatar.com\/avatar\/8f65af12a8d72e866f97bba50325bdf89a5362533b6f2c9db8c88130883986b1?s=96&d=mm&r=g","contentUrl":"https:\/\/secure.gravatar.com\/avatar\/8f65af12a8d72e866f97bba50325bdf89a5362533b6f2c9db8c88130883986b1?s=96&d=mm&r=g","caption":"Mar\u00eda Bel\u00e9n Sumba Bravo"},"url":"https:\/\/mula.es\/web\/author\/mbsumba\/"}]}},"jetpack_publicize_connections":[],"jetpack_featured_media_url":"https:\/\/mula.es\/web\/wp-content\/uploads\/2023\/03\/Visita-obras-calle-Fuensanta.jpeg","jetpack_sharing_enabled":true,"jetpack_shortlink":"https:\/\/wp.me\/pa9DMY-cro","jetpack-related-posts":[],"_links":{"self":[{"href":"https:\/\/mula.es\/web\/wp-json\/wp\/v2\/posts\/47826","targetHints":{"allow":["GET"]}}],"collection":[{"href":"https:\/\/mula.es\/web\/wp-json\/wp\/v2\/posts"}],"about":[{"href":"https:\/\/mula.es\/web\/wp-json\/wp\/v2\/types\/post"}],"author":[{"embeddable":true,"href":"https:\/\/mula.es\/web\/wp-json\/wp\/v2\/users\/12"}],"replies":[{"embeddable":true,"href":"https:\/\/mula.es\/web\/wp-json\/wp\/v2\/comments?post=47826"}],"version-history":[{"count":2,"href":"https:\/\/mula.es\/web\/wp-json\/wp\/v2\/posts\/47826\/revisions"}],"predecessor-version":[{"id":47831,"href":"https:\/\/mula.es\/web\/wp-json\/wp\/v2\/posts\/47826\/revisions\/47831"}],"wp:featuredmedia":[{"embeddable":true,"href":"https:\/\/mula.es\/web\/wp-json\/wp\/v2\/media\/47828"}],"wp:attachment":[{"href":"https:\/\/mula.es\/web\/wp-json\/wp\/v2\/media?parent=47826"}],"wp:term":[{"taxonomy":"category","embeddable":true,"href":"https:\/\/mula.es\/web\/wp-json\/wp\/v2\/categories?post=47826"},{"taxonomy":"post_tag","embeddable":true,"href":"https:\/\/mula.es\/web\/wp-json\/wp\/v2\/tags?post=47826"}],"curies":[{"name":"wp","href":"https:\/\/api.w.org\/{rel}","templated":true}]}}