{"id":47889,"date":"2023-03-09T19:40:29","date_gmt":"2023-03-09T18:40:29","guid":{"rendered":"https:\/\/mula.es\/web\/?p=47889"},"modified":"2023-03-09T19:44:14","modified_gmt":"2023-03-09T18:44:14","slug":"el-ayuntamiento-de-mula-reducira-a-0-euros-la-deuda-a-sus-proveedores-durante-los-proximos-meses","status":"publish","type":"post","link":"https:\/\/mula.es\/web\/el-ayuntamiento-de-mula-reducira-a-0-euros-la-deuda-a-sus-proveedores-durante-los-proximos-meses\/","title":{"rendered":"El Ayuntamiento de Mula reducir\u00e1 a 0 euros la deuda a sus proveedores durante los pr\u00f3ximos meses"},"content":{"rendered":"<p style=\"text-align: justify;\">En la sesi\u00f3n de Pleno Extraordinario celebrada hoy, 9 de marzo de 2023, el Ayuntamiento de Mula ha votado a favor de adherirse al Mecanismo de Pago a Proveedores 2023, puesto en marcha por el Ministerio de Hacienda para las Entidades Locales, con el que el consistorio mule\u00f1o dejar\u00e1 la deuda a sus proveedores a 0 euros en los pr\u00f3ximos meses.<\/p>\n<p style=\"text-align: justify;\">A esta medida -que ha contado con los votos a favor del PSOE y PP y la abstenci\u00f3n de IU- el Ayuntamiento de Mula se ha adherido de forma voluntaria, teniendo en cuenta que en a\u00f1os anteriores era obligatoria, con el fin de pagar las facturas pendientes a los proveedores y dejar la deuda a 0 euros. Asimismo, esta adhesi\u00f3n permitir\u00e1 a la tesorer\u00eda del consistorio pagar mes a mes las facturas que se vayan generando y beneficiarse de este fondo con carencia de amortizaci\u00f3n durante los pr\u00f3ximos cuatro a\u00f1os.<\/p>\n<p style=\"text-align: justify;\">El equipo de Gobierno del Ayuntamiento de Mula se ha mostrado satisfecho, ya que la aprobaci\u00f3n de esta disposici\u00f3n supone un importante alivio para las arcas municipales y es, sobre todo, una medida que beneficia a los proveedores de forma inmediata.<\/p>\n","protected":false},"excerpt":{"rendered":"<p>En la sesi\u00f3n de Pleno Extraordinario celebrada hoy, 9 de marzo de 2023, el Ayuntamiento de Mula ha votado a favor de adherirse al Mecanismo de Pago a Proveedores 2023, puesto en marcha por el Ministerio de Hacienda para las Entidades Locales, con el que el consistorio mule\u00f1o dejar\u00e1 la deuda a sus proveedores a  [&#8230;]<\/p>\n","protected":false},"author":12,"featured_media":47892,"comment_status":"closed","ping_status":"closed","sticky":false,"template":"","format":"standard","meta":{"jetpack_post_was_ever_published":false,"_jetpack_newsletter_access":"","_jetpack_dont_email_post_to_subs":false,"_jetpack_newsletter_tier_id":0,"_jetpack_memberships_contains_paywalled_content":false,"_jetpack_memberships_contains_paid_content":false,"footnotes":"","jetpack_publicize_message":"","jetpack_publicize_feature_enabled":true,"jetpack_social_post_already_shared":false,"jetpack_social_options":{"image_generator_settings":{"template":"highway","default_image_id":0,"font":"","enabled":false},"version":2}},"categories":[768,74],"tags":[],"class_list":["post-47889","post","type-post","status-publish","format-standard","has-post-thumbnail","hentry","category-pleno","category-pleno-municipal"],"yoast_head":"<!-- This site is optimized with the Yoast SEO plugin v27.4 - https:\/\/yoast.com\/product\/yoast-seo-wordpress\/ -->\n<title>El Ayuntamiento de Mula reducir\u00e1 a 0 euros la deuda a sus proveedores durante los pr\u00f3ximos meses - Ayuntamiento de Mula<\/title>\n<meta name=\"robots\" content=\"index, follow, max-snippet:-1, max-image-preview:large, max-video-preview:-1\" \/>\n<link rel=\"canonical\" href=\"https:\/\/mula.es\/web\/el-ayuntamiento-de-mula-reducira-a-0-euros-la-deuda-a-sus-proveedores-durante-los-proximos-meses\/\" \/>\n<meta property=\"og:locale\" content=\"es_ES\" \/>\n<meta property=\"og:type\" content=\"article\" \/>\n<meta property=\"og:title\" content=\"El Ayuntamiento de Mula reducir\u00e1 a 0 euros la deuda a sus proveedores durante los pr\u00f3ximos meses - Ayuntamiento de Mula\" \/>\n<meta property=\"og:description\" content=\"En la sesi\u00f3n de Pleno Extraordinario celebrada hoy, 9 de marzo de 2023, el Ayuntamiento de Mula ha votado a favor de adherirse al Mecanismo de Pago a Proveedores 2023, puesto en marcha por el Ministerio de Hacienda para las Entidades Locales, con el que el consistorio mule\u00f1o dejar\u00e1 la deuda a sus proveedores a [...]\" \/>\n<meta property=\"og:url\" content=\"https:\/\/mula.es\/web\/el-ayuntamiento-de-mula-reducira-a-0-euros-la-deuda-a-sus-proveedores-durante-los-proximos-meses\/\" \/>\n<meta property=\"og:site_name\" content=\"Ayuntamiento de Mula\" \/>\n<meta property=\"article:published_time\" content=\"2023-03-09T18:40:29+00:00\" \/>\n<meta property=\"article:modified_time\" content=\"2023-03-09T18:44:14+00:00\" \/>\n<meta property=\"og:image\" content=\"https:\/\/mula.es\/web\/wp-content\/uploads\/2023\/03\/Pleno-Extraordinario-jueves-9-de-marzo-1024x576.png\" \/>\n\t<meta property=\"og:image:width\" content=\"1024\" \/>\n\t<meta property=\"og:image:height\" content=\"576\" \/>\n\t<meta property=\"og:image:type\" content=\"image\/png\" \/>\n<meta name=\"author\" content=\"Mar\u00eda Bel\u00e9n Sumba Bravo\" \/>\n<meta name=\"twitter:card\" content=\"summary_large_image\" \/>\n<meta name=\"twitter:creator\" content=\"@AyuntamientMula\" \/>\n<meta name=\"twitter:site\" content=\"@AyuntamientMula\" \/>\n<meta name=\"twitter:label1\" content=\"Escrito por\" \/>\n\t<meta name=\"twitter:data1\" content=\"Mar\u00eda Bel\u00e9n Sumba Bravo\" \/>\n\t<meta name=\"twitter:label2\" content=\"Tiempo de lectura\" \/>\n\t<meta name=\"twitter:data2\" content=\"1 minuto\" \/>\n<script type=\"application\/ld+json\" class=\"yoast-schema-graph\">{\"@context\":\"https:\\\/\\\/schema.org\",\"@graph\":[{\"@type\":\"Article\",\"@id\":\"https:\\\/\\\/mula.es\\\/web\\\/el-ayuntamiento-de-mula-reducira-a-0-euros-la-deuda-a-sus-proveedores-durante-los-proximos-meses\\\/#article\",\"isPartOf\":{\"@id\":\"https:\\\/\\\/mula.es\\\/web\\\/el-ayuntamiento-de-mula-reducira-a-0-euros-la-deuda-a-sus-proveedores-durante-los-proximos-meses\\\/\"},\"author\":{\"name\":\"Mar\u00eda Bel\u00e9n Sumba Bravo\",\"@id\":\"https:\\\/\\\/mula.es\\\/web\\\/#\\\/schema\\\/person\\\/4cc33fc69cd667605e1b6247815ac0c0\"},\"headline\":\"El Ayuntamiento de Mula reducir\u00e1 a 0 euros la deuda a sus proveedores durante los pr\u00f3ximos meses\",\"datePublished\":\"2023-03-09T18:40:29+00:00\",\"dateModified\":\"2023-03-09T18:44:14+00:00\",\"mainEntityOfPage\":{\"@id\":\"https:\\\/\\\/mula.es\\\/web\\\/el-ayuntamiento-de-mula-reducira-a-0-euros-la-deuda-a-sus-proveedores-durante-los-proximos-meses\\\/\"},\"wordCount\":216,\"image\":{\"@id\":\"https:\\\/\\\/mula.es\\\/web\\\/el-ayuntamiento-de-mula-reducira-a-0-euros-la-deuda-a-sus-proveedores-durante-los-proximos-meses\\\/#primaryimage\"},\"thumbnailUrl\":\"https:\\\/\\\/mula.es\\\/web\\\/wp-content\\\/uploads\\\/2023\\\/03\\\/Pleno-Extraordinario-jueves-9-de-marzo.png\",\"articleSection\":[\"pleno\",\"pleno municipal\"],\"inLanguage\":\"es\"},{\"@type\":\"WebPage\",\"@id\":\"https:\\\/\\\/mula.es\\\/web\\\/el-ayuntamiento-de-mula-reducira-a-0-euros-la-deuda-a-sus-proveedores-durante-los-proximos-meses\\\/\",\"url\":\"https:\\\/\\\/mula.es\\\/web\\\/el-ayuntamiento-de-mula-reducira-a-0-euros-la-deuda-a-sus-proveedores-durante-los-proximos-meses\\\/\",\"name\":\"El Ayuntamiento de Mula reducir\u00e1 a 0 euros la deuda a sus proveedores durante los pr\u00f3ximos meses - Ayuntamiento de Mula\",\"isPartOf\":{\"@id\":\"https:\\\/\\\/mula.es\\\/web\\\/#website\"},\"primaryImageOfPage\":{\"@id\":\"https:\\\/\\\/mula.es\\\/web\\\/el-ayuntamiento-de-mula-reducira-a-0-euros-la-deuda-a-sus-proveedores-durante-los-proximos-meses\\\/#primaryimage\"},\"image\":{\"@id\":\"https:\\\/\\\/mula.es\\\/web\\\/el-ayuntamiento-de-mula-reducira-a-0-euros-la-deuda-a-sus-proveedores-durante-los-proximos-meses\\\/#primaryimage\"},\"thumbnailUrl\":\"https:\\\/\\\/mula.es\\\/web\\\/wp-content\\\/uploads\\\/2023\\\/03\\\/Pleno-Extraordinario-jueves-9-de-marzo.png\",\"datePublished\":\"2023-03-09T18:40:29+00:00\",\"dateModified\":\"2023-03-09T18:44:14+00:00\",\"author\":{\"@id\":\"https:\\\/\\\/mula.es\\\/web\\\/#\\\/schema\\\/person\\\/4cc33fc69cd667605e1b6247815ac0c0\"},\"breadcrumb\":{\"@id\":\"https:\\\/\\\/mula.es\\\/web\\\/el-ayuntamiento-de-mula-reducira-a-0-euros-la-deuda-a-sus-proveedores-durante-los-proximos-meses\\\/#breadcrumb\"},\"inLanguage\":\"es\",\"potentialAction\":[{\"@type\":\"ReadAction\",\"target\":[\"https:\\\/\\\/mula.es\\\/web\\\/el-ayuntamiento-de-mula-reducira-a-0-euros-la-deuda-a-sus-proveedores-durante-los-proximos-meses\\\/\"]}]},{\"@type\":\"ImageObject\",\"inLanguage\":\"es\",\"@id\":\"https:\\\/\\\/mula.es\\\/web\\\/el-ayuntamiento-de-mula-reducira-a-0-euros-la-deuda-a-sus-proveedores-durante-los-proximos-meses\\\/#primaryimage\",\"url\":\"https:\\\/\\\/mula.es\\\/web\\\/wp-content\\\/uploads\\\/2023\\\/03\\\/Pleno-Extraordinario-jueves-9-de-marzo.png\",\"contentUrl\":\"https:\\\/\\\/mula.es\\\/web\\\/wp-content\\\/uploads\\\/2023\\\/03\\\/Pleno-Extraordinario-jueves-9-de-marzo.png\",\"width\":1920,\"height\":1080,\"caption\":\"Pleno Extraordinario jueves, 9 de marzo\"},{\"@type\":\"BreadcrumbList\",\"@id\":\"https:\\\/\\\/mula.es\\\/web\\\/el-ayuntamiento-de-mula-reducira-a-0-euros-la-deuda-a-sus-proveedores-durante-los-proximos-meses\\\/#breadcrumb\",\"itemListElement\":[{\"@type\":\"ListItem\",\"position\":1,\"name\":\"Portada\",\"item\":\"https:\\\/\\\/mula.es\\\/web\\\/\"},{\"@type\":\"ListItem\",\"position\":2,\"name\":\"El Ayuntamiento de Mula reducir\u00e1 a 0 euros la deuda a sus proveedores durante los pr\u00f3ximos meses\"}]},{\"@type\":\"WebSite\",\"@id\":\"https:\\\/\\\/mula.es\\\/web\\\/#website\",\"url\":\"https:\\\/\\\/mula.es\\\/web\\\/\",\"name\":\"Ayuntamiento de Mula\",\"description\":\"P\u00e1gina web del Ayuntamiento de Mula (Regi\u00f3n de Murcia)\",\"potentialAction\":[{\"@type\":\"SearchAction\",\"target\":{\"@type\":\"EntryPoint\",\"urlTemplate\":\"https:\\\/\\\/mula.es\\\/web\\\/?s={search_term_string}\"},\"query-input\":{\"@type\":\"PropertyValueSpecification\",\"valueRequired\":true,\"valueName\":\"search_term_string\"}}],\"inLanguage\":\"es\"},{\"@type\":\"Person\",\"@id\":\"https:\\\/\\\/mula.es\\\/web\\\/#\\\/schema\\\/person\\\/4cc33fc69cd667605e1b6247815ac0c0\",\"name\":\"Mar\u00eda Bel\u00e9n Sumba Bravo\",\"image\":{\"@type\":\"ImageObject\",\"inLanguage\":\"es\",\"@id\":\"https:\\\/\\\/secure.gravatar.com\\\/avatar\\\/8f65af12a8d72e866f97bba50325bdf89a5362533b6f2c9db8c88130883986b1?s=96&d=mm&r=g\",\"url\":\"https:\\\/\\\/secure.gravatar.com\\\/avatar\\\/8f65af12a8d72e866f97bba50325bdf89a5362533b6f2c9db8c88130883986b1?s=96&d=mm&r=g\",\"contentUrl\":\"https:\\\/\\\/secure.gravatar.com\\\/avatar\\\/8f65af12a8d72e866f97bba50325bdf89a5362533b6f2c9db8c88130883986b1?s=96&d=mm&r=g\",\"caption\":\"Mar\u00eda Bel\u00e9n Sumba Bravo\"},\"url\":\"https:\\\/\\\/mula.es\\\/web\\\/author\\\/mbsumba\\\/\"}]}<\/script>\n<!-- \/ Yoast SEO plugin. -->","yoast_head_json":{"title":"El Ayuntamiento de Mula reducir\u00e1 a 0 euros la deuda a sus proveedores durante los pr\u00f3ximos meses - Ayuntamiento de Mula","robots":{"index":"index","follow":"follow","max-snippet":"max-snippet:-1","max-image-preview":"max-image-preview:large","max-video-preview":"max-video-preview:-1"},"canonical":"https:\/\/mula.es\/web\/el-ayuntamiento-de-mula-reducira-a-0-euros-la-deuda-a-sus-proveedores-durante-los-proximos-meses\/","og_locale":"es_ES","og_type":"article","og_title":"El Ayuntamiento de Mula reducir\u00e1 a 0 euros la deuda a sus proveedores durante los pr\u00f3ximos meses - Ayuntamiento de Mula","og_description":"En la sesi\u00f3n de Pleno Extraordinario celebrada hoy, 9 de marzo de 2023, el Ayuntamiento de Mula ha votado a favor de adherirse al Mecanismo de Pago a Proveedores 2023, puesto en marcha por el Ministerio de Hacienda para las Entidades Locales, con el que el consistorio mule\u00f1o dejar\u00e1 la deuda a sus proveedores a [...]","og_url":"https:\/\/mula.es\/web\/el-ayuntamiento-de-mula-reducira-a-0-euros-la-deuda-a-sus-proveedores-durante-los-proximos-meses\/","og_site_name":"Ayuntamiento de Mula","article_published_time":"2023-03-09T18:40:29+00:00","article_modified_time":"2023-03-09T18:44:14+00:00","og_image":[{"width":1024,"height":576,"url":"https:\/\/mula.es\/web\/wp-content\/uploads\/2023\/03\/Pleno-Extraordinario-jueves-9-de-marzo-1024x576.png","type":"image\/png"}],"author":"Mar\u00eda Bel\u00e9n Sumba Bravo","twitter_card":"summary_large_image","twitter_creator":"@AyuntamientMula","twitter_site":"@AyuntamientMula","twitter_misc":{"Escrito por":"Mar\u00eda Bel\u00e9n Sumba Bravo","Tiempo de lectura":"1 minuto"},"schema":{"@context":"https:\/\/schema.org","@graph":[{"@type":"Article","@id":"https:\/\/mula.es\/web\/el-ayuntamiento-de-mula-reducira-a-0-euros-la-deuda-a-sus-proveedores-durante-los-proximos-meses\/#article","isPartOf":{"@id":"https:\/\/mula.es\/web\/el-ayuntamiento-de-mula-reducira-a-0-euros-la-deuda-a-sus-proveedores-durante-los-proximos-meses\/"},"author":{"name":"Mar\u00eda Bel\u00e9n Sumba Bravo","@id":"https:\/\/mula.es\/web\/#\/schema\/person\/4cc33fc69cd667605e1b6247815ac0c0"},"headline":"El Ayuntamiento de Mula reducir\u00e1 a 0 euros la deuda a sus proveedores durante los pr\u00f3ximos meses","datePublished":"2023-03-09T18:40:29+00:00","dateModified":"2023-03-09T18:44:14+00:00","mainEntityOfPage":{"@id":"https:\/\/mula.es\/web\/el-ayuntamiento-de-mula-reducira-a-0-euros-la-deuda-a-sus-proveedores-durante-los-proximos-meses\/"},"wordCount":216,"image":{"@id":"https:\/\/mula.es\/web\/el-ayuntamiento-de-mula-reducira-a-0-euros-la-deuda-a-sus-proveedores-durante-los-proximos-meses\/#primaryimage"},"thumbnailUrl":"https:\/\/mula.es\/web\/wp-content\/uploads\/2023\/03\/Pleno-Extraordinario-jueves-9-de-marzo.png","articleSection":["pleno","pleno municipal"],"inLanguage":"es"},{"@type":"WebPage","@id":"https:\/\/mula.es\/web\/el-ayuntamiento-de-mula-reducira-a-0-euros-la-deuda-a-sus-proveedores-durante-los-proximos-meses\/","url":"https:\/\/mula.es\/web\/el-ayuntamiento-de-mula-reducira-a-0-euros-la-deuda-a-sus-proveedores-durante-los-proximos-meses\/","name":"El Ayuntamiento de Mula reducir\u00e1 a 0 euros la deuda a sus proveedores durante los pr\u00f3ximos meses - Ayuntamiento de Mula","isPartOf":{"@id":"https:\/\/mula.es\/web\/#website"},"primaryImageOfPage":{"@id":"https:\/\/mula.es\/web\/el-ayuntamiento-de-mula-reducira-a-0-euros-la-deuda-a-sus-proveedores-durante-los-proximos-meses\/#primaryimage"},"image":{"@id":"https:\/\/mula.es\/web\/el-ayuntamiento-de-mula-reducira-a-0-euros-la-deuda-a-sus-proveedores-durante-los-proximos-meses\/#primaryimage"},"thumbnailUrl":"https:\/\/mula.es\/web\/wp-content\/uploads\/2023\/03\/Pleno-Extraordinario-jueves-9-de-marzo.png","datePublished":"2023-03-09T18:40:29+00:00","dateModified":"2023-03-09T18:44:14+00:00","author":{"@id":"https:\/\/mula.es\/web\/#\/schema\/person\/4cc33fc69cd667605e1b6247815ac0c0"},"breadcrumb":{"@id":"https:\/\/mula.es\/web\/el-ayuntamiento-de-mula-reducira-a-0-euros-la-deuda-a-sus-proveedores-durante-los-proximos-meses\/#breadcrumb"},"inLanguage":"es","potentialAction":[{"@type":"ReadAction","target":["https:\/\/mula.es\/web\/el-ayuntamiento-de-mula-reducira-a-0-euros-la-deuda-a-sus-proveedores-durante-los-proximos-meses\/"]}]},{"@type":"ImageObject","inLanguage":"es","@id":"https:\/\/mula.es\/web\/el-ayuntamiento-de-mula-reducira-a-0-euros-la-deuda-a-sus-proveedores-durante-los-proximos-meses\/#primaryimage","url":"https:\/\/mula.es\/web\/wp-content\/uploads\/2023\/03\/Pleno-Extraordinario-jueves-9-de-marzo.png","contentUrl":"https:\/\/mula.es\/web\/wp-content\/uploads\/2023\/03\/Pleno-Extraordinario-jueves-9-de-marzo.png","width":1920,"height":1080,"caption":"Pleno Extraordinario jueves, 9 de marzo"},{"@type":"BreadcrumbList","@id":"https:\/\/mula.es\/web\/el-ayuntamiento-de-mula-reducira-a-0-euros-la-deuda-a-sus-proveedores-durante-los-proximos-meses\/#breadcrumb","itemListElement":[{"@type":"ListItem","position":1,"name":"Portada","item":"https:\/\/mula.es\/web\/"},{"@type":"ListItem","position":2,"name":"El Ayuntamiento de Mula reducir\u00e1 a 0 euros la deuda a sus proveedores durante los pr\u00f3ximos meses"}]},{"@type":"WebSite","@id":"https:\/\/mula.es\/web\/#website","url":"https:\/\/mula.es\/web\/","name":"Ayuntamiento de Mula","description":"P\u00e1gina web del Ayuntamiento de Mula (Regi\u00f3n de Murcia)","potentialAction":[{"@type":"SearchAction","target":{"@type":"EntryPoint","urlTemplate":"https:\/\/mula.es\/web\/?s={search_term_string}"},"query-input":{"@type":"PropertyValueSpecification","valueRequired":true,"valueName":"search_term_string"}}],"inLanguage":"es"},{"@type":"Person","@id":"https:\/\/mula.es\/web\/#\/schema\/person\/4cc33fc69cd667605e1b6247815ac0c0","name":"Mar\u00eda Bel\u00e9n Sumba Bravo","image":{"@type":"ImageObject","inLanguage":"es","@id":"https:\/\/secure.gravatar.com\/avatar\/8f65af12a8d72e866f97bba50325bdf89a5362533b6f2c9db8c88130883986b1?s=96&d=mm&r=g","url":"https:\/\/secure.gravatar.com\/avatar\/8f65af12a8d72e866f97bba50325bdf89a5362533b6f2c9db8c88130883986b1?s=96&d=mm&r=g","contentUrl":"https:\/\/secure.gravatar.com\/avatar\/8f65af12a8d72e866f97bba50325bdf89a5362533b6f2c9db8c88130883986b1?s=96&d=mm&r=g","caption":"Mar\u00eda Bel\u00e9n Sumba Bravo"},"url":"https:\/\/mula.es\/web\/author\/mbsumba\/"}]}},"jetpack_publicize_connections":[],"jetpack_featured_media_url":"https:\/\/mula.es\/web\/wp-content\/uploads\/2023\/03\/Pleno-Extraordinario-jueves-9-de-marzo.png","jetpack_sharing_enabled":true,"jetpack_shortlink":"https:\/\/wp.me\/pa9DMY-csp","jetpack-related-posts":[],"_links":{"self":[{"href":"https:\/\/mula.es\/web\/wp-json\/wp\/v2\/posts\/47889","targetHints":{"allow":["GET"]}}],"collection":[{"href":"https:\/\/mula.es\/web\/wp-json\/wp\/v2\/posts"}],"about":[{"href":"https:\/\/mula.es\/web\/wp-json\/wp\/v2\/types\/post"}],"author":[{"embeddable":true,"href":"https:\/\/mula.es\/web\/wp-json\/wp\/v2\/users\/12"}],"replies":[{"embeddable":true,"href":"https:\/\/mula.es\/web\/wp-json\/wp\/v2\/comments?post=47889"}],"version-history":[{"count":3,"href":"https:\/\/mula.es\/web\/wp-json\/wp\/v2\/posts\/47889\/revisions"}],"predecessor-version":[{"id":47894,"href":"https:\/\/mula.es\/web\/wp-json\/wp\/v2\/posts\/47889\/revisions\/47894"}],"wp:featuredmedia":[{"embeddable":true,"href":"https:\/\/mula.es\/web\/wp-json\/wp\/v2\/media\/47892"}],"wp:attachment":[{"href":"https:\/\/mula.es\/web\/wp-json\/wp\/v2\/media?parent=47889"}],"wp:term":[{"taxonomy":"category","embeddable":true,"href":"https:\/\/mula.es\/web\/wp-json\/wp\/v2\/categories?post=47889"},{"taxonomy":"post_tag","embeddable":true,"href":"https:\/\/mula.es\/web\/wp-json\/wp\/v2\/tags?post=47889"}],"curies":[{"name":"wp","href":"https:\/\/api.w.org\/{rel}","templated":true}]}}