{"id":47914,"date":"2023-03-10T12:54:37","date_gmt":"2023-03-10T11:54:37","guid":{"rendered":"https:\/\/mula.es\/web\/?p=47914"},"modified":"2023-03-10T12:54:37","modified_gmt":"2023-03-10T11:54:37","slug":"obras-publicas-aprobada-la-sustitucion-de-cubiertas-del-ceip-anita-arnao","status":"publish","type":"post","link":"https:\/\/mula.es\/web\/obras-publicas-aprobada-la-sustitucion-de-cubiertas-del-ceip-anita-arnao\/","title":{"rendered":"OBRAS P\u00daBLICAS| Aprobada la sustituci\u00f3n de cubiertas del CEIP Anita Arnao"},"content":{"rendered":"<p style=\"text-align: justify;\">La Junta de Gobierno del Ayuntamiento de Mula ha concedido a la Direcci\u00f3n General de Centros Educativos la licencia de obras para la ejecuci\u00f3n del <em>Proyecto de sustituci\u00f3n de cubiertas e instalaci\u00f3n de placas fotovoltaicas en el CEIP Anita Arnao<\/em>.<\/p>\n<p style=\"text-align: justify;\">La actuaci\u00f3n consiste en la sustituci\u00f3n, en los cuatro edificios que integran las instalaciones, de las diferentes cubiertas existentes de fibrocemento y sus bajantes, g\u00e1rgolas, impermeabilizaci\u00f3n de canalones, sustituci\u00f3n de pararrayos y chimenea de caldera. Asimismo, en el Edificio 2 (Primaria) se va a construir una cubierta plana para la colocaci\u00f3n de placas solares fotovoltaicas. La superficie de cubierta total afectada es de 1295 metros cuadrados.<\/p>\n<p style=\"text-align: justify;\">De este modo, se elimina el fibrocemento de las actuales cubiertas, se mejora la eficiencia energ\u00e9tica del edificio y, con la instalaci\u00f3n de las placas solares, se aminoran las emisiones de CO2 a la atm\u00f3sfera y el Ayuntamiento ver\u00e1 reducida considerablemente la factura mensual de la luz.<\/p>\n<p style=\"text-align: justify;\">Se trata de una inversi\u00f3n con un presupuesto de ejecuci\u00f3n por contrata de 542 mil euros procedentes de Fondos Europeos <em>Next Generation, <\/em>Las obras se iniciar\u00e1n a principios del pr\u00f3ximo verano y tienen un plazo de ejecuci\u00f3n de tres meses.<\/p>\n<p style=\"text-align: justify;\">El alcalde de Mula Juan Jes\u00fas Moreno ha mostrado su alegr\u00eda y satisfacci\u00f3n por la pronta ejecuci\u00f3n de las obras, ya que \u00abse trata de una actuaci\u00f3n que tanto el Ayuntamiento de Mula como la comunidad educativa del CEIP Anita Arnao vienen demandado desde hace varios a\u00f1os\u00bb. Asimismo, ha declarado que\u00a0 \u00abva a suponer una importante mejora de la seguridad, de las infraestructuras y de las condiciones de trabajo de los docentes y de los escolares mule\u00f1os\u00bb.<\/p>\n<p><a href=\"https:\/\/mula.es\/web\/wp-content\/uploads\/2023\/03\/Anita-Arnao-1.png\"><img decoding=\"async\" data-attachment-id=\"47917\" data-permalink=\"https:\/\/mula.es\/web\/obras-publicas-aprobada-la-sustitucion-de-cubiertas-del-ceip-anita-arnao\/anita-arnao-1\/\" data-orig-file=\"https:\/\/mula.es\/web\/wp-content\/uploads\/2023\/03\/Anita-Arnao-1.png\" data-orig-size=\"1316,684\" data-comments-opened=\"0\" data-image-meta=\"{&quot;aperture&quot;:&quot;0&quot;,&quot;credit&quot;:&quot;&quot;,&quot;camera&quot;:&quot;&quot;,&quot;caption&quot;:&quot;&quot;,&quot;created_timestamp&quot;:&quot;0&quot;,&quot;copyright&quot;:&quot;&quot;,&quot;focal_length&quot;:&quot;0&quot;,&quot;iso&quot;:&quot;0&quot;,&quot;shutter_speed&quot;:&quot;0&quot;,&quot;title&quot;:&quot;&quot;,&quot;orientation&quot;:&quot;0&quot;}\" data-image-title=\"Anita Arnao 1\" data-image-description=\"\" data-image-caption=\"\" data-large-file=\"https:\/\/mula.es\/web\/wp-content\/uploads\/2023\/03\/Anita-Arnao-1-1024x532.png\" class=\" wp-image-47917 aligncenter\" src=\"https:\/\/mula.es\/web\/wp-content\/uploads\/2023\/03\/Anita-Arnao-1.png\" alt=\"\" width=\"617\" height=\"321\" srcset=\"https:\/\/mula.es\/web\/wp-content\/uploads\/2023\/03\/Anita-Arnao-1-200x104.png 200w, https:\/\/mula.es\/web\/wp-content\/uploads\/2023\/03\/Anita-Arnao-1-300x156.png 300w, https:\/\/mula.es\/web\/wp-content\/uploads\/2023\/03\/Anita-Arnao-1-400x208.png 400w, https:\/\/mula.es\/web\/wp-content\/uploads\/2023\/03\/Anita-Arnao-1-600x312.png 600w, https:\/\/mula.es\/web\/wp-content\/uploads\/2023\/03\/Anita-Arnao-1-768x399.png 768w, https:\/\/mula.es\/web\/wp-content\/uploads\/2023\/03\/Anita-Arnao-1-800x416.png 800w, https:\/\/mula.es\/web\/wp-content\/uploads\/2023\/03\/Anita-Arnao-1-1024x532.png 1024w, https:\/\/mula.es\/web\/wp-content\/uploads\/2023\/03\/Anita-Arnao-1-1200x624.png 1200w, https:\/\/mula.es\/web\/wp-content\/uploads\/2023\/03\/Anita-Arnao-1.png 1316w\" sizes=\"(max-width: 617px) 100vw, 617px\" \/><\/a><\/p>\n<p>&nbsp;<\/p>\n<p><a href=\"https:\/\/mula.es\/web\/wp-content\/uploads\/2023\/03\/Anita-Arnao-2.png\"><img decoding=\"async\" data-attachment-id=\"47916\" data-permalink=\"https:\/\/mula.es\/web\/obras-publicas-aprobada-la-sustitucion-de-cubiertas-del-ceip-anita-arnao\/anita-arnao-2\/\" data-orig-file=\"https:\/\/mula.es\/web\/wp-content\/uploads\/2023\/03\/Anita-Arnao-2.png\" data-orig-size=\"1282,836\" data-comments-opened=\"0\" data-image-meta=\"{&quot;aperture&quot;:&quot;0&quot;,&quot;credit&quot;:&quot;&quot;,&quot;camera&quot;:&quot;&quot;,&quot;caption&quot;:&quot;&quot;,&quot;created_timestamp&quot;:&quot;0&quot;,&quot;copyright&quot;:&quot;&quot;,&quot;focal_length&quot;:&quot;0&quot;,&quot;iso&quot;:&quot;0&quot;,&quot;shutter_speed&quot;:&quot;0&quot;,&quot;title&quot;:&quot;&quot;,&quot;orientation&quot;:&quot;0&quot;}\" data-image-title=\"Anita Arnao 2\" data-image-description=\"\" data-image-caption=\"\" data-large-file=\"https:\/\/mula.es\/web\/wp-content\/uploads\/2023\/03\/Anita-Arnao-2-1024x668.png\" class=\" wp-image-47916 aligncenter\" src=\"https:\/\/mula.es\/web\/wp-content\/uploads\/2023\/03\/Anita-Arnao-2.png\" alt=\"\" width=\"616\" height=\"402\" srcset=\"https:\/\/mula.es\/web\/wp-content\/uploads\/2023\/03\/Anita-Arnao-2-200x130.png 200w, https:\/\/mula.es\/web\/wp-content\/uploads\/2023\/03\/Anita-Arnao-2-300x196.png 300w, https:\/\/mula.es\/web\/wp-content\/uploads\/2023\/03\/Anita-Arnao-2-400x261.png 400w, https:\/\/mula.es\/web\/wp-content\/uploads\/2023\/03\/Anita-Arnao-2-600x391.png 600w, https:\/\/mula.es\/web\/wp-content\/uploads\/2023\/03\/Anita-Arnao-2-768x501.png 768w, https:\/\/mula.es\/web\/wp-content\/uploads\/2023\/03\/Anita-Arnao-2-800x522.png 800w, https:\/\/mula.es\/web\/wp-content\/uploads\/2023\/03\/Anita-Arnao-2-1024x668.png 1024w, https:\/\/mula.es\/web\/wp-content\/uploads\/2023\/03\/Anita-Arnao-2-1200x783.png 1200w, https:\/\/mula.es\/web\/wp-content\/uploads\/2023\/03\/Anita-Arnao-2.png 1282w\" sizes=\"(max-width: 616px) 100vw, 616px\" \/><\/a><\/p>\n","protected":false},"excerpt":{"rendered":"<p>La Junta de Gobierno del Ayuntamiento de Mula ha concedido a la Direcci\u00f3n General de Centros Educativos la licencia de obras para la ejecuci\u00f3n del Proyecto de sustituci\u00f3n de cubiertas e instalaci\u00f3n de placas fotovoltaicas en el CEIP Anita Arnao. La actuaci\u00f3n consiste en la sustituci\u00f3n, en los cuatro edificios que integran las instalaciones, de  [&#8230;]<\/p>\n","protected":false},"author":12,"featured_media":47915,"comment_status":"closed","ping_status":"closed","sticky":false,"template":"","format":"standard","meta":{"jetpack_post_was_ever_published":false,"_jetpack_newsletter_access":"","_jetpack_dont_email_post_to_subs":false,"_jetpack_newsletter_tier_id":0,"_jetpack_memberships_contains_paywalled_content":false,"_jetpack_memberships_contains_paid_content":false,"footnotes":"","jetpack_publicize_message":"","jetpack_publicize_feature_enabled":true,"jetpack_social_post_already_shared":false,"jetpack_social_options":{"image_generator_settings":{"template":"highway","default_image_id":0,"font":"","enabled":false},"version":2}},"categories":[89,634],"tags":[],"class_list":["post-47914","post","type-post","status-publish","format-standard","has-post-thumbnail","hentry","category-educacion","category-obras-publicas"],"yoast_head":"<!-- This site is optimized with the Yoast SEO plugin v27.4 - https:\/\/yoast.com\/product\/yoast-seo-wordpress\/ -->\n<title>OBRAS P\u00daBLICAS| Aprobada la sustituci\u00f3n de cubiertas del CEIP Anita Arnao - Ayuntamiento de Mula<\/title>\n<meta name=\"robots\" content=\"index, follow, max-snippet:-1, max-image-preview:large, max-video-preview:-1\" \/>\n<link rel=\"canonical\" href=\"https:\/\/mula.es\/web\/obras-publicas-aprobada-la-sustitucion-de-cubiertas-del-ceip-anita-arnao\/\" \/>\n<meta property=\"og:locale\" content=\"es_ES\" \/>\n<meta property=\"og:type\" content=\"article\" \/>\n<meta property=\"og:title\" content=\"OBRAS P\u00daBLICAS| Aprobada la sustituci\u00f3n de cubiertas del CEIP Anita Arnao - Ayuntamiento de Mula\" \/>\n<meta property=\"og:description\" content=\"La Junta de Gobierno del Ayuntamiento de Mula ha concedido a la Direcci\u00f3n General de Centros Educativos la licencia de obras para la ejecuci\u00f3n del Proyecto de sustituci\u00f3n de cubiertas e instalaci\u00f3n de placas fotovoltaicas en el CEIP Anita Arnao. La actuaci\u00f3n consiste en la sustituci\u00f3n, en los cuatro edificios que integran las instalaciones, de [...]\" \/>\n<meta property=\"og:url\" content=\"https:\/\/mula.es\/web\/obras-publicas-aprobada-la-sustitucion-de-cubiertas-del-ceip-anita-arnao\/\" \/>\n<meta property=\"og:site_name\" content=\"Ayuntamiento de Mula\" \/>\n<meta property=\"article:published_time\" content=\"2023-03-10T11:54:37+00:00\" \/>\n<meta property=\"og:image\" content=\"https:\/\/mula.es\/web\/wp-content\/uploads\/2023\/03\/CEIP-Anita-Arnao-scaled.jpg\" \/>\n\t<meta property=\"og:image:width\" content=\"2560\" \/>\n\t<meta property=\"og:image:height\" content=\"1744\" \/>\n\t<meta property=\"og:image:type\" content=\"image\/jpeg\" \/>\n<meta name=\"author\" content=\"Mar\u00eda Bel\u00e9n Sumba Bravo\" \/>\n<meta name=\"twitter:card\" content=\"summary_large_image\" \/>\n<meta name=\"twitter:creator\" content=\"@AyuntamientMula\" \/>\n<meta name=\"twitter:site\" content=\"@AyuntamientMula\" \/>\n<meta name=\"twitter:label1\" content=\"Escrito por\" \/>\n\t<meta name=\"twitter:data1\" content=\"Mar\u00eda Bel\u00e9n Sumba Bravo\" \/>\n\t<meta name=\"twitter:label2\" content=\"Tiempo de lectura\" \/>\n\t<meta name=\"twitter:data2\" content=\"2 minutos\" \/>\n<script type=\"application\/ld+json\" class=\"yoast-schema-graph\">{\"@context\":\"https:\\\/\\\/schema.org\",\"@graph\":[{\"@type\":\"Article\",\"@id\":\"https:\\\/\\\/mula.es\\\/web\\\/obras-publicas-aprobada-la-sustitucion-de-cubiertas-del-ceip-anita-arnao\\\/#article\",\"isPartOf\":{\"@id\":\"https:\\\/\\\/mula.es\\\/web\\\/obras-publicas-aprobada-la-sustitucion-de-cubiertas-del-ceip-anita-arnao\\\/\"},\"author\":{\"name\":\"Mar\u00eda Bel\u00e9n Sumba Bravo\",\"@id\":\"https:\\\/\\\/mula.es\\\/web\\\/#\\\/schema\\\/person\\\/4cc33fc69cd667605e1b6247815ac0c0\"},\"headline\":\"OBRAS P\u00daBLICAS| Aprobada la sustituci\u00f3n de cubiertas del CEIP Anita Arnao\",\"datePublished\":\"2023-03-10T11:54:37+00:00\",\"mainEntityOfPage\":{\"@id\":\"https:\\\/\\\/mula.es\\\/web\\\/obras-publicas-aprobada-la-sustitucion-de-cubiertas-del-ceip-anita-arnao\\\/\"},\"wordCount\":306,\"image\":{\"@id\":\"https:\\\/\\\/mula.es\\\/web\\\/obras-publicas-aprobada-la-sustitucion-de-cubiertas-del-ceip-anita-arnao\\\/#primaryimage\"},\"thumbnailUrl\":\"https:\\\/\\\/mula.es\\\/web\\\/wp-content\\\/uploads\\\/2023\\\/03\\\/CEIP-Anita-Arnao-scaled.jpg\",\"articleSection\":[\"educaci\u00f3n\",\"obras p\u00fablicas\"],\"inLanguage\":\"es\"},{\"@type\":\"WebPage\",\"@id\":\"https:\\\/\\\/mula.es\\\/web\\\/obras-publicas-aprobada-la-sustitucion-de-cubiertas-del-ceip-anita-arnao\\\/\",\"url\":\"https:\\\/\\\/mula.es\\\/web\\\/obras-publicas-aprobada-la-sustitucion-de-cubiertas-del-ceip-anita-arnao\\\/\",\"name\":\"OBRAS P\u00daBLICAS| Aprobada la sustituci\u00f3n de cubiertas del CEIP Anita Arnao - Ayuntamiento de Mula\",\"isPartOf\":{\"@id\":\"https:\\\/\\\/mula.es\\\/web\\\/#website\"},\"primaryImageOfPage\":{\"@id\":\"https:\\\/\\\/mula.es\\\/web\\\/obras-publicas-aprobada-la-sustitucion-de-cubiertas-del-ceip-anita-arnao\\\/#primaryimage\"},\"image\":{\"@id\":\"https:\\\/\\\/mula.es\\\/web\\\/obras-publicas-aprobada-la-sustitucion-de-cubiertas-del-ceip-anita-arnao\\\/#primaryimage\"},\"thumbnailUrl\":\"https:\\\/\\\/mula.es\\\/web\\\/wp-content\\\/uploads\\\/2023\\\/03\\\/CEIP-Anita-Arnao-scaled.jpg\",\"datePublished\":\"2023-03-10T11:54:37+00:00\",\"author\":{\"@id\":\"https:\\\/\\\/mula.es\\\/web\\\/#\\\/schema\\\/person\\\/4cc33fc69cd667605e1b6247815ac0c0\"},\"breadcrumb\":{\"@id\":\"https:\\\/\\\/mula.es\\\/web\\\/obras-publicas-aprobada-la-sustitucion-de-cubiertas-del-ceip-anita-arnao\\\/#breadcrumb\"},\"inLanguage\":\"es\",\"potentialAction\":[{\"@type\":\"ReadAction\",\"target\":[\"https:\\\/\\\/mula.es\\\/web\\\/obras-publicas-aprobada-la-sustitucion-de-cubiertas-del-ceip-anita-arnao\\\/\"]}]},{\"@type\":\"ImageObject\",\"inLanguage\":\"es\",\"@id\":\"https:\\\/\\\/mula.es\\\/web\\\/obras-publicas-aprobada-la-sustitucion-de-cubiertas-del-ceip-anita-arnao\\\/#primaryimage\",\"url\":\"https:\\\/\\\/mula.es\\\/web\\\/wp-content\\\/uploads\\\/2023\\\/03\\\/CEIP-Anita-Arnao-scaled.jpg\",\"contentUrl\":\"https:\\\/\\\/mula.es\\\/web\\\/wp-content\\\/uploads\\\/2023\\\/03\\\/CEIP-Anita-Arnao-scaled.jpg\",\"width\":2560,\"height\":1744,\"caption\":\"CEIP Anita Arnao.\"},{\"@type\":\"BreadcrumbList\",\"@id\":\"https:\\\/\\\/mula.es\\\/web\\\/obras-publicas-aprobada-la-sustitucion-de-cubiertas-del-ceip-anita-arnao\\\/#breadcrumb\",\"itemListElement\":[{\"@type\":\"ListItem\",\"position\":1,\"name\":\"Portada\",\"item\":\"https:\\\/\\\/mula.es\\\/web\\\/\"},{\"@type\":\"ListItem\",\"position\":2,\"name\":\"OBRAS P\u00daBLICAS| Aprobada la sustituci\u00f3n de cubiertas del CEIP Anita Arnao\"}]},{\"@type\":\"WebSite\",\"@id\":\"https:\\\/\\\/mula.es\\\/web\\\/#website\",\"url\":\"https:\\\/\\\/mula.es\\\/web\\\/\",\"name\":\"Ayuntamiento de Mula\",\"description\":\"P\u00e1gina web del Ayuntamiento de Mula (Regi\u00f3n de Murcia)\",\"potentialAction\":[{\"@type\":\"SearchAction\",\"target\":{\"@type\":\"EntryPoint\",\"urlTemplate\":\"https:\\\/\\\/mula.es\\\/web\\\/?s={search_term_string}\"},\"query-input\":{\"@type\":\"PropertyValueSpecification\",\"valueRequired\":true,\"valueName\":\"search_term_string\"}}],\"inLanguage\":\"es\"},{\"@type\":\"Person\",\"@id\":\"https:\\\/\\\/mula.es\\\/web\\\/#\\\/schema\\\/person\\\/4cc33fc69cd667605e1b6247815ac0c0\",\"name\":\"Mar\u00eda Bel\u00e9n Sumba Bravo\",\"image\":{\"@type\":\"ImageObject\",\"inLanguage\":\"es\",\"@id\":\"https:\\\/\\\/secure.gravatar.com\\\/avatar\\\/8f65af12a8d72e866f97bba50325bdf89a5362533b6f2c9db8c88130883986b1?s=96&d=mm&r=g\",\"url\":\"https:\\\/\\\/secure.gravatar.com\\\/avatar\\\/8f65af12a8d72e866f97bba50325bdf89a5362533b6f2c9db8c88130883986b1?s=96&d=mm&r=g\",\"contentUrl\":\"https:\\\/\\\/secure.gravatar.com\\\/avatar\\\/8f65af12a8d72e866f97bba50325bdf89a5362533b6f2c9db8c88130883986b1?s=96&d=mm&r=g\",\"caption\":\"Mar\u00eda Bel\u00e9n Sumba Bravo\"},\"url\":\"https:\\\/\\\/mula.es\\\/web\\\/author\\\/mbsumba\\\/\"}]}<\/script>\n<!-- \/ Yoast SEO plugin. -->","yoast_head_json":{"title":"OBRAS P\u00daBLICAS| Aprobada la sustituci\u00f3n de cubiertas del CEIP Anita Arnao - Ayuntamiento de Mula","robots":{"index":"index","follow":"follow","max-snippet":"max-snippet:-1","max-image-preview":"max-image-preview:large","max-video-preview":"max-video-preview:-1"},"canonical":"https:\/\/mula.es\/web\/obras-publicas-aprobada-la-sustitucion-de-cubiertas-del-ceip-anita-arnao\/","og_locale":"es_ES","og_type":"article","og_title":"OBRAS P\u00daBLICAS| Aprobada la sustituci\u00f3n de cubiertas del CEIP Anita Arnao - Ayuntamiento de Mula","og_description":"La Junta de Gobierno del Ayuntamiento de Mula ha concedido a la Direcci\u00f3n General de Centros Educativos la licencia de obras para la ejecuci\u00f3n del Proyecto de sustituci\u00f3n de cubiertas e instalaci\u00f3n de placas fotovoltaicas en el CEIP Anita Arnao. La actuaci\u00f3n consiste en la sustituci\u00f3n, en los cuatro edificios que integran las instalaciones, de [...]","og_url":"https:\/\/mula.es\/web\/obras-publicas-aprobada-la-sustitucion-de-cubiertas-del-ceip-anita-arnao\/","og_site_name":"Ayuntamiento de Mula","article_published_time":"2023-03-10T11:54:37+00:00","og_image":[{"width":2560,"height":1744,"url":"https:\/\/mula.es\/web\/wp-content\/uploads\/2023\/03\/CEIP-Anita-Arnao-scaled.jpg","type":"image\/jpeg"}],"author":"Mar\u00eda Bel\u00e9n Sumba Bravo","twitter_card":"summary_large_image","twitter_creator":"@AyuntamientMula","twitter_site":"@AyuntamientMula","twitter_misc":{"Escrito por":"Mar\u00eda Bel\u00e9n Sumba Bravo","Tiempo de lectura":"2 minutos"},"schema":{"@context":"https:\/\/schema.org","@graph":[{"@type":"Article","@id":"https:\/\/mula.es\/web\/obras-publicas-aprobada-la-sustitucion-de-cubiertas-del-ceip-anita-arnao\/#article","isPartOf":{"@id":"https:\/\/mula.es\/web\/obras-publicas-aprobada-la-sustitucion-de-cubiertas-del-ceip-anita-arnao\/"},"author":{"name":"Mar\u00eda Bel\u00e9n Sumba Bravo","@id":"https:\/\/mula.es\/web\/#\/schema\/person\/4cc33fc69cd667605e1b6247815ac0c0"},"headline":"OBRAS P\u00daBLICAS| Aprobada la sustituci\u00f3n de cubiertas del CEIP Anita Arnao","datePublished":"2023-03-10T11:54:37+00:00","mainEntityOfPage":{"@id":"https:\/\/mula.es\/web\/obras-publicas-aprobada-la-sustitucion-de-cubiertas-del-ceip-anita-arnao\/"},"wordCount":306,"image":{"@id":"https:\/\/mula.es\/web\/obras-publicas-aprobada-la-sustitucion-de-cubiertas-del-ceip-anita-arnao\/#primaryimage"},"thumbnailUrl":"https:\/\/mula.es\/web\/wp-content\/uploads\/2023\/03\/CEIP-Anita-Arnao-scaled.jpg","articleSection":["educaci\u00f3n","obras p\u00fablicas"],"inLanguage":"es"},{"@type":"WebPage","@id":"https:\/\/mula.es\/web\/obras-publicas-aprobada-la-sustitucion-de-cubiertas-del-ceip-anita-arnao\/","url":"https:\/\/mula.es\/web\/obras-publicas-aprobada-la-sustitucion-de-cubiertas-del-ceip-anita-arnao\/","name":"OBRAS P\u00daBLICAS| Aprobada la sustituci\u00f3n de cubiertas del CEIP Anita Arnao - Ayuntamiento de Mula","isPartOf":{"@id":"https:\/\/mula.es\/web\/#website"},"primaryImageOfPage":{"@id":"https:\/\/mula.es\/web\/obras-publicas-aprobada-la-sustitucion-de-cubiertas-del-ceip-anita-arnao\/#primaryimage"},"image":{"@id":"https:\/\/mula.es\/web\/obras-publicas-aprobada-la-sustitucion-de-cubiertas-del-ceip-anita-arnao\/#primaryimage"},"thumbnailUrl":"https:\/\/mula.es\/web\/wp-content\/uploads\/2023\/03\/CEIP-Anita-Arnao-scaled.jpg","datePublished":"2023-03-10T11:54:37+00:00","author":{"@id":"https:\/\/mula.es\/web\/#\/schema\/person\/4cc33fc69cd667605e1b6247815ac0c0"},"breadcrumb":{"@id":"https:\/\/mula.es\/web\/obras-publicas-aprobada-la-sustitucion-de-cubiertas-del-ceip-anita-arnao\/#breadcrumb"},"inLanguage":"es","potentialAction":[{"@type":"ReadAction","target":["https:\/\/mula.es\/web\/obras-publicas-aprobada-la-sustitucion-de-cubiertas-del-ceip-anita-arnao\/"]}]},{"@type":"ImageObject","inLanguage":"es","@id":"https:\/\/mula.es\/web\/obras-publicas-aprobada-la-sustitucion-de-cubiertas-del-ceip-anita-arnao\/#primaryimage","url":"https:\/\/mula.es\/web\/wp-content\/uploads\/2023\/03\/CEIP-Anita-Arnao-scaled.jpg","contentUrl":"https:\/\/mula.es\/web\/wp-content\/uploads\/2023\/03\/CEIP-Anita-Arnao-scaled.jpg","width":2560,"height":1744,"caption":"CEIP Anita Arnao."},{"@type":"BreadcrumbList","@id":"https:\/\/mula.es\/web\/obras-publicas-aprobada-la-sustitucion-de-cubiertas-del-ceip-anita-arnao\/#breadcrumb","itemListElement":[{"@type":"ListItem","position":1,"name":"Portada","item":"https:\/\/mula.es\/web\/"},{"@type":"ListItem","position":2,"name":"OBRAS P\u00daBLICAS| Aprobada la sustituci\u00f3n de cubiertas del CEIP Anita Arnao"}]},{"@type":"WebSite","@id":"https:\/\/mula.es\/web\/#website","url":"https:\/\/mula.es\/web\/","name":"Ayuntamiento de Mula","description":"P\u00e1gina web del Ayuntamiento de Mula (Regi\u00f3n de Murcia)","potentialAction":[{"@type":"SearchAction","target":{"@type":"EntryPoint","urlTemplate":"https:\/\/mula.es\/web\/?s={search_term_string}"},"query-input":{"@type":"PropertyValueSpecification","valueRequired":true,"valueName":"search_term_string"}}],"inLanguage":"es"},{"@type":"Person","@id":"https:\/\/mula.es\/web\/#\/schema\/person\/4cc33fc69cd667605e1b6247815ac0c0","name":"Mar\u00eda Bel\u00e9n Sumba Bravo","image":{"@type":"ImageObject","inLanguage":"es","@id":"https:\/\/secure.gravatar.com\/avatar\/8f65af12a8d72e866f97bba50325bdf89a5362533b6f2c9db8c88130883986b1?s=96&d=mm&r=g","url":"https:\/\/secure.gravatar.com\/avatar\/8f65af12a8d72e866f97bba50325bdf89a5362533b6f2c9db8c88130883986b1?s=96&d=mm&r=g","contentUrl":"https:\/\/secure.gravatar.com\/avatar\/8f65af12a8d72e866f97bba50325bdf89a5362533b6f2c9db8c88130883986b1?s=96&d=mm&r=g","caption":"Mar\u00eda Bel\u00e9n Sumba Bravo"},"url":"https:\/\/mula.es\/web\/author\/mbsumba\/"}]}},"jetpack_publicize_connections":[],"jetpack_featured_media_url":"https:\/\/mula.es\/web\/wp-content\/uploads\/2023\/03\/CEIP-Anita-Arnao-scaled.jpg","jetpack_sharing_enabled":true,"jetpack_shortlink":"https:\/\/wp.me\/pa9DMY-csO","jetpack-related-posts":[],"_links":{"self":[{"href":"https:\/\/mula.es\/web\/wp-json\/wp\/v2\/posts\/47914","targetHints":{"allow":["GET"]}}],"collection":[{"href":"https:\/\/mula.es\/web\/wp-json\/wp\/v2\/posts"}],"about":[{"href":"https:\/\/mula.es\/web\/wp-json\/wp\/v2\/types\/post"}],"author":[{"embeddable":true,"href":"https:\/\/mula.es\/web\/wp-json\/wp\/v2\/users\/12"}],"replies":[{"embeddable":true,"href":"https:\/\/mula.es\/web\/wp-json\/wp\/v2\/comments?post=47914"}],"version-history":[{"count":3,"href":"https:\/\/mula.es\/web\/wp-json\/wp\/v2\/posts\/47914\/revisions"}],"predecessor-version":[{"id":47920,"href":"https:\/\/mula.es\/web\/wp-json\/wp\/v2\/posts\/47914\/revisions\/47920"}],"wp:featuredmedia":[{"embeddable":true,"href":"https:\/\/mula.es\/web\/wp-json\/wp\/v2\/media\/47915"}],"wp:attachment":[{"href":"https:\/\/mula.es\/web\/wp-json\/wp\/v2\/media?parent=47914"}],"wp:term":[{"taxonomy":"category","embeddable":true,"href":"https:\/\/mula.es\/web\/wp-json\/wp\/v2\/categories?post=47914"},{"taxonomy":"post_tag","embeddable":true,"href":"https:\/\/mula.es\/web\/wp-json\/wp\/v2\/tags?post=47914"}],"curies":[{"name":"wp","href":"https:\/\/api.w.org\/{rel}","templated":true}]}}