{"id":47928,"date":"2023-03-13T10:02:47","date_gmt":"2023-03-13T09:02:47","guid":{"rendered":"https:\/\/mula.es\/web\/?p=47928"},"modified":"2023-03-13T10:02:47","modified_gmt":"2023-03-13T09:02:47","slug":"deportes-ii-torneo-de-padel-femenino-ciudad-de-mula","status":"publish","type":"post","link":"https:\/\/mula.es\/web\/deportes-ii-torneo-de-padel-femenino-ciudad-de-mula\/","title":{"rendered":"DEPORTES| II Torneo de P\u00e1del Femenino Ciudad de Mula"},"content":{"rendered":"<p style=\"text-align: justify;\">Este s\u00e1bado, 11 de marzo se celebr\u00f3 el II Torneo de P\u00e1del Femenino Ciudad de Mula en el Polideportivo Municipal, dentro de las actividades programadas con motivo del 8 de marzo, D\u00eda Internacional de la Mujer. Al finalizar la jornada, se hizo la entrega de premios, con la presencia de la concejala de Mujer e Igualdad Pilar Gil, el concejal de Deportes Vicente L\u00f3pez y la concejala de Juventud Laura Salas.<\/p>\n<p style=\"text-align: justify;\">\u00abGracias a todas las mujeres que han participado en este evento con el que queremos seguir d\u00e1ndole visibilidad a las mujeres en el mundo del deporte. Sobre todo, a las mujeres mule\u00f1as deportistas\u00bb, ha destacado la concejala de Mujer e Igualdad en la entrega de premios.<\/p>\n<p style=\"text-align: justify;\">La clasificaci\u00f3n de esta edici\u00f3n, que cont\u00f3 con 16 participantes, ha sido:<\/p>\n<p style=\"text-align: justify;\"><strong>Campeonas:<\/strong> Asunci\u00f3n Garc\u00eda y Ginesa Bautista.<\/p>\n<p style=\"text-align: justify;\"><strong>Subcampeonas:<\/strong> Ana Talavera y Marien Garc\u00eda.<\/p>\n<p>&nbsp;<\/p>\n<p><a href=\"https:\/\/mula.es\/web\/wp-content\/uploads\/2023\/03\/Campeonas-II-Torneo-de-Padel-Femenino-CIudad-de-Mula.jpg\"><img decoding=\"async\" data-attachment-id=\"47931\" data-permalink=\"https:\/\/mula.es\/web\/deportes-ii-torneo-de-padel-femenino-ciudad-de-mula\/campeonas-ii-torneo-de-padel-femenino-ciudad-de-mula\/\" data-orig-file=\"https:\/\/mula.es\/web\/wp-content\/uploads\/2023\/03\/Campeonas-II-Torneo-de-Padel-Femenino-CIudad-de-Mula.jpg\" data-orig-size=\"1600,1200\" data-comments-opened=\"0\" data-image-meta=\"{&quot;aperture&quot;:&quot;0&quot;,&quot;credit&quot;:&quot;&quot;,&quot;camera&quot;:&quot;&quot;,&quot;caption&quot;:&quot;&quot;,&quot;created_timestamp&quot;:&quot;0&quot;,&quot;copyright&quot;:&quot;&quot;,&quot;focal_length&quot;:&quot;0&quot;,&quot;iso&quot;:&quot;0&quot;,&quot;shutter_speed&quot;:&quot;0&quot;,&quot;title&quot;:&quot;&quot;,&quot;orientation&quot;:&quot;0&quot;}\" data-image-title=\"Campeonas II Torneo de P\u00e1del Femenino CIudad de Mula\" data-image-description=\"\" data-image-caption=\"\" data-large-file=\"https:\/\/mula.es\/web\/wp-content\/uploads\/2023\/03\/Campeonas-II-Torneo-de-Padel-Femenino-CIudad-de-Mula-1024x768.jpg\" class=\" wp-image-47931 aligncenter\" src=\"https:\/\/mula.es\/web\/wp-content\/uploads\/2023\/03\/Campeonas-II-Torneo-de-Padel-Femenino-CIudad-de-Mula.jpg\" alt=\"Campeonas II Torneo de P\u00e1del Femenino CIudad de Mula\" width=\"679\" height=\"509\" srcset=\"https:\/\/mula.es\/web\/wp-content\/uploads\/2023\/03\/Campeonas-II-Torneo-de-Padel-Femenino-CIudad-de-Mula-200x150.jpg 200w, https:\/\/mula.es\/web\/wp-content\/uploads\/2023\/03\/Campeonas-II-Torneo-de-Padel-Femenino-CIudad-de-Mula-300x225.jpg 300w, https:\/\/mula.es\/web\/wp-content\/uploads\/2023\/03\/Campeonas-II-Torneo-de-Padel-Femenino-CIudad-de-Mula-400x300.jpg 400w, https:\/\/mula.es\/web\/wp-content\/uploads\/2023\/03\/Campeonas-II-Torneo-de-Padel-Femenino-CIudad-de-Mula-600x450.jpg 600w, https:\/\/mula.es\/web\/wp-content\/uploads\/2023\/03\/Campeonas-II-Torneo-de-Padel-Femenino-CIudad-de-Mula-768x576.jpg 768w, https:\/\/mula.es\/web\/wp-content\/uploads\/2023\/03\/Campeonas-II-Torneo-de-Padel-Femenino-CIudad-de-Mula-800x600.jpg 800w, https:\/\/mula.es\/web\/wp-content\/uploads\/2023\/03\/Campeonas-II-Torneo-de-Padel-Femenino-CIudad-de-Mula-1024x768.jpg 1024w, https:\/\/mula.es\/web\/wp-content\/uploads\/2023\/03\/Campeonas-II-Torneo-de-Padel-Femenino-CIudad-de-Mula-1200x900.jpg 1200w, https:\/\/mula.es\/web\/wp-content\/uploads\/2023\/03\/Campeonas-II-Torneo-de-Padel-Femenino-CIudad-de-Mula-1536x1152.jpg 1536w, https:\/\/mula.es\/web\/wp-content\/uploads\/2023\/03\/Campeonas-II-Torneo-de-Padel-Femenino-CIudad-de-Mula.jpg 1600w\" sizes=\"(max-width: 679px) 100vw, 679px\" \/><\/a><\/p>\n<p><a href=\"https:\/\/mula.es\/web\/wp-content\/uploads\/2023\/03\/Subcampeonas-II-Torneo-de-Padel-Femenino-CIudad-de-Mula.jpeg\"><img decoding=\"async\" data-attachment-id=\"47932\" data-permalink=\"https:\/\/mula.es\/web\/deportes-ii-torneo-de-padel-femenino-ciudad-de-mula\/subcampeonas-ii-torneo-de-padel-femenino-ciudad-de-mula\/\" data-orig-file=\"https:\/\/mula.es\/web\/wp-content\/uploads\/2023\/03\/Subcampeonas-II-Torneo-de-Padel-Femenino-CIudad-de-Mula.jpeg\" data-orig-size=\"828,828\" data-comments-opened=\"0\" data-image-meta=\"{&quot;aperture&quot;:&quot;0&quot;,&quot;credit&quot;:&quot;&quot;,&quot;camera&quot;:&quot;&quot;,&quot;caption&quot;:&quot;&quot;,&quot;created_timestamp&quot;:&quot;0&quot;,&quot;copyright&quot;:&quot;&quot;,&quot;focal_length&quot;:&quot;0&quot;,&quot;iso&quot;:&quot;0&quot;,&quot;shutter_speed&quot;:&quot;0&quot;,&quot;title&quot;:&quot;&quot;,&quot;orientation&quot;:&quot;0&quot;}\" data-image-title=\"Subcampeonas II Torneo de P\u00e1del Femenino CIudad de Mula\" data-image-description=\"\" data-image-caption=\"\" data-large-file=\"https:\/\/mula.es\/web\/wp-content\/uploads\/2023\/03\/Subcampeonas-II-Torneo-de-Padel-Femenino-CIudad-de-Mula.jpeg\" class=\" wp-image-47932 aligncenter\" src=\"https:\/\/mula.es\/web\/wp-content\/uploads\/2023\/03\/Subcampeonas-II-Torneo-de-Padel-Femenino-CIudad-de-Mula.jpeg\" alt=\"Subcampeonas II Torneo de P\u00e1del Femenino CIudad de Mula\" width=\"666\" height=\"666\" srcset=\"https:\/\/mula.es\/web\/wp-content\/uploads\/2023\/03\/Subcampeonas-II-Torneo-de-Padel-Femenino-CIudad-de-Mula-66x66.jpeg 66w, https:\/\/mula.es\/web\/wp-content\/uploads\/2023\/03\/Subcampeonas-II-Torneo-de-Padel-Femenino-CIudad-de-Mula-150x150.jpeg 150w, https:\/\/mula.es\/web\/wp-content\/uploads\/2023\/03\/Subcampeonas-II-Torneo-de-Padel-Femenino-CIudad-de-Mula-200x200.jpeg 200w, https:\/\/mula.es\/web\/wp-content\/uploads\/2023\/03\/Subcampeonas-II-Torneo-de-Padel-Femenino-CIudad-de-Mula-300x300.jpeg 300w, https:\/\/mula.es\/web\/wp-content\/uploads\/2023\/03\/Subcampeonas-II-Torneo-de-Padel-Femenino-CIudad-de-Mula-400x400.jpeg 400w, https:\/\/mula.es\/web\/wp-content\/uploads\/2023\/03\/Subcampeonas-II-Torneo-de-Padel-Femenino-CIudad-de-Mula-600x600.jpeg 600w, https:\/\/mula.es\/web\/wp-content\/uploads\/2023\/03\/Subcampeonas-II-Torneo-de-Padel-Femenino-CIudad-de-Mula-768x768.jpeg 768w, https:\/\/mula.es\/web\/wp-content\/uploads\/2023\/03\/Subcampeonas-II-Torneo-de-Padel-Femenino-CIudad-de-Mula-800x800.jpeg 800w, https:\/\/mula.es\/web\/wp-content\/uploads\/2023\/03\/Subcampeonas-II-Torneo-de-Padel-Femenino-CIudad-de-Mula.jpeg 828w\" sizes=\"(max-width: 666px) 100vw, 666px\" \/><\/a><\/p>\n<p>&nbsp;<\/p>\n<p>&nbsp;<\/p>\n<p>&nbsp;<\/p>\n<p>&nbsp;<\/p>\n<p>&nbsp;<\/p>\n<p>&nbsp;<\/p>\n","protected":false},"excerpt":{"rendered":"<p>Este s\u00e1bado, 11 de marzo se celebr\u00f3 el II Torneo de P\u00e1del Femenino Ciudad de Mula en el Polideportivo Municipal, dentro de las actividades programadas con motivo del 8 de marzo, D\u00eda Internacional de la Mujer. Al finalizar la jornada, se hizo la entrega de premios, con la presencia de la concejala de Mujer e  [&#8230;]<\/p>\n","protected":false},"author":12,"featured_media":47929,"comment_status":"closed","ping_status":"closed","sticky":false,"template":"","format":"standard","meta":{"jetpack_post_was_ever_published":false,"_jetpack_newsletter_access":"","_jetpack_dont_email_post_to_subs":false,"_jetpack_newsletter_tier_id":0,"_jetpack_memberships_contains_paywalled_content":false,"_jetpack_memberships_contains_paid_content":false,"footnotes":"","jetpack_publicize_message":"","jetpack_publicize_feature_enabled":true,"jetpack_social_post_already_shared":false,"jetpack_social_options":{"image_generator_settings":{"template":"highway","default_image_id":0,"font":"","enabled":false},"version":2}},"categories":[88,116],"tags":[],"class_list":["post-47928","post","type-post","status-publish","format-standard","has-post-thumbnail","hentry","category-deportes","category-mujer"],"yoast_head":"<!-- This site is optimized with the Yoast SEO plugin v27.4 - https:\/\/yoast.com\/product\/yoast-seo-wordpress\/ -->\n<title>DEPORTES| II Torneo de P\u00e1del Femenino Ciudad de Mula - Ayuntamiento de Mula<\/title>\n<meta name=\"robots\" content=\"index, follow, max-snippet:-1, max-image-preview:large, max-video-preview:-1\" \/>\n<link rel=\"canonical\" href=\"https:\/\/mula.es\/web\/deportes-ii-torneo-de-padel-femenino-ciudad-de-mula\/\" \/>\n<meta property=\"og:locale\" content=\"es_ES\" \/>\n<meta property=\"og:type\" content=\"article\" \/>\n<meta property=\"og:title\" content=\"DEPORTES| II Torneo de P\u00e1del Femenino Ciudad de Mula - Ayuntamiento de Mula\" \/>\n<meta property=\"og:description\" content=\"Este s\u00e1bado, 11 de marzo se celebr\u00f3 el II Torneo de P\u00e1del Femenino Ciudad de Mula en el Polideportivo Municipal, dentro de las actividades programadas con motivo del 8 de marzo, D\u00eda Internacional de la Mujer. Al finalizar la jornada, se hizo la entrega de premios, con la presencia de la concejala de Mujer e [...]\" \/>\n<meta property=\"og:url\" content=\"https:\/\/mula.es\/web\/deportes-ii-torneo-de-padel-femenino-ciudad-de-mula\/\" \/>\n<meta property=\"og:site_name\" content=\"Ayuntamiento de Mula\" \/>\n<meta property=\"article:published_time\" content=\"2023-03-13T09:02:47+00:00\" \/>\n<meta property=\"og:image\" content=\"https:\/\/mula.es\/web\/wp-content\/uploads\/2023\/03\/II-Torneo-de-Padel-Femenino-Ciudad-de-Mula.jpg\" \/>\n\t<meta property=\"og:image:width\" content=\"1600\" \/>\n\t<meta property=\"og:image:height\" content=\"1200\" \/>\n\t<meta property=\"og:image:type\" content=\"image\/jpeg\" \/>\n<meta name=\"author\" content=\"Mar\u00eda Bel\u00e9n Sumba Bravo\" \/>\n<meta name=\"twitter:card\" content=\"summary_large_image\" \/>\n<meta name=\"twitter:creator\" content=\"@AyuntamientMula\" \/>\n<meta name=\"twitter:site\" content=\"@AyuntamientMula\" \/>\n<meta name=\"twitter:label1\" content=\"Escrito por\" \/>\n\t<meta name=\"twitter:data1\" content=\"Mar\u00eda Bel\u00e9n Sumba Bravo\" \/>\n\t<meta name=\"twitter:label2\" content=\"Tiempo de lectura\" \/>\n\t<meta name=\"twitter:data2\" content=\"2 minutos\" \/>\n<script type=\"application\/ld+json\" class=\"yoast-schema-graph\">{\"@context\":\"https:\\\/\\\/schema.org\",\"@graph\":[{\"@type\":\"Article\",\"@id\":\"https:\\\/\\\/mula.es\\\/web\\\/deportes-ii-torneo-de-padel-femenino-ciudad-de-mula\\\/#article\",\"isPartOf\":{\"@id\":\"https:\\\/\\\/mula.es\\\/web\\\/deportes-ii-torneo-de-padel-femenino-ciudad-de-mula\\\/\"},\"author\":{\"name\":\"Mar\u00eda Bel\u00e9n Sumba Bravo\",\"@id\":\"https:\\\/\\\/mula.es\\\/web\\\/#\\\/schema\\\/person\\\/4cc33fc69cd667605e1b6247815ac0c0\"},\"headline\":\"DEPORTES| II Torneo de P\u00e1del Femenino Ciudad de Mula\",\"datePublished\":\"2023-03-13T09:02:47+00:00\",\"mainEntityOfPage\":{\"@id\":\"https:\\\/\\\/mula.es\\\/web\\\/deportes-ii-torneo-de-padel-femenino-ciudad-de-mula\\\/\"},\"wordCount\":166,\"image\":{\"@id\":\"https:\\\/\\\/mula.es\\\/web\\\/deportes-ii-torneo-de-padel-femenino-ciudad-de-mula\\\/#primaryimage\"},\"thumbnailUrl\":\"https:\\\/\\\/mula.es\\\/web\\\/wp-content\\\/uploads\\\/2023\\\/03\\\/II-Torneo-de-Padel-Femenino-Ciudad-de-Mula.jpg\",\"articleSection\":[\"deportes\",\"mujer\"],\"inLanguage\":\"es\"},{\"@type\":\"WebPage\",\"@id\":\"https:\\\/\\\/mula.es\\\/web\\\/deportes-ii-torneo-de-padel-femenino-ciudad-de-mula\\\/\",\"url\":\"https:\\\/\\\/mula.es\\\/web\\\/deportes-ii-torneo-de-padel-femenino-ciudad-de-mula\\\/\",\"name\":\"DEPORTES| II Torneo de P\u00e1del Femenino Ciudad de Mula - Ayuntamiento de Mula\",\"isPartOf\":{\"@id\":\"https:\\\/\\\/mula.es\\\/web\\\/#website\"},\"primaryImageOfPage\":{\"@id\":\"https:\\\/\\\/mula.es\\\/web\\\/deportes-ii-torneo-de-padel-femenino-ciudad-de-mula\\\/#primaryimage\"},\"image\":{\"@id\":\"https:\\\/\\\/mula.es\\\/web\\\/deportes-ii-torneo-de-padel-femenino-ciudad-de-mula\\\/#primaryimage\"},\"thumbnailUrl\":\"https:\\\/\\\/mula.es\\\/web\\\/wp-content\\\/uploads\\\/2023\\\/03\\\/II-Torneo-de-Padel-Femenino-Ciudad-de-Mula.jpg\",\"datePublished\":\"2023-03-13T09:02:47+00:00\",\"author\":{\"@id\":\"https:\\\/\\\/mula.es\\\/web\\\/#\\\/schema\\\/person\\\/4cc33fc69cd667605e1b6247815ac0c0\"},\"breadcrumb\":{\"@id\":\"https:\\\/\\\/mula.es\\\/web\\\/deportes-ii-torneo-de-padel-femenino-ciudad-de-mula\\\/#breadcrumb\"},\"inLanguage\":\"es\",\"potentialAction\":[{\"@type\":\"ReadAction\",\"target\":[\"https:\\\/\\\/mula.es\\\/web\\\/deportes-ii-torneo-de-padel-femenino-ciudad-de-mula\\\/\"]}]},{\"@type\":\"ImageObject\",\"inLanguage\":\"es\",\"@id\":\"https:\\\/\\\/mula.es\\\/web\\\/deportes-ii-torneo-de-padel-femenino-ciudad-de-mula\\\/#primaryimage\",\"url\":\"https:\\\/\\\/mula.es\\\/web\\\/wp-content\\\/uploads\\\/2023\\\/03\\\/II-Torneo-de-Padel-Femenino-Ciudad-de-Mula.jpg\",\"contentUrl\":\"https:\\\/\\\/mula.es\\\/web\\\/wp-content\\\/uploads\\\/2023\\\/03\\\/II-Torneo-de-Padel-Femenino-Ciudad-de-Mula.jpg\",\"width\":1600,\"height\":1200,\"caption\":\"II Torneo de P\u00e1del Femenino Ciudad de Mula\"},{\"@type\":\"BreadcrumbList\",\"@id\":\"https:\\\/\\\/mula.es\\\/web\\\/deportes-ii-torneo-de-padel-femenino-ciudad-de-mula\\\/#breadcrumb\",\"itemListElement\":[{\"@type\":\"ListItem\",\"position\":1,\"name\":\"Portada\",\"item\":\"https:\\\/\\\/mula.es\\\/web\\\/\"},{\"@type\":\"ListItem\",\"position\":2,\"name\":\"DEPORTES| II Torneo de P\u00e1del Femenino Ciudad de Mula\"}]},{\"@type\":\"WebSite\",\"@id\":\"https:\\\/\\\/mula.es\\\/web\\\/#website\",\"url\":\"https:\\\/\\\/mula.es\\\/web\\\/\",\"name\":\"Ayuntamiento de Mula\",\"description\":\"P\u00e1gina web del Ayuntamiento de Mula (Regi\u00f3n de Murcia)\",\"potentialAction\":[{\"@type\":\"SearchAction\",\"target\":{\"@type\":\"EntryPoint\",\"urlTemplate\":\"https:\\\/\\\/mula.es\\\/web\\\/?s={search_term_string}\"},\"query-input\":{\"@type\":\"PropertyValueSpecification\",\"valueRequired\":true,\"valueName\":\"search_term_string\"}}],\"inLanguage\":\"es\"},{\"@type\":\"Person\",\"@id\":\"https:\\\/\\\/mula.es\\\/web\\\/#\\\/schema\\\/person\\\/4cc33fc69cd667605e1b6247815ac0c0\",\"name\":\"Mar\u00eda Bel\u00e9n Sumba Bravo\",\"image\":{\"@type\":\"ImageObject\",\"inLanguage\":\"es\",\"@id\":\"https:\\\/\\\/secure.gravatar.com\\\/avatar\\\/8f65af12a8d72e866f97bba50325bdf89a5362533b6f2c9db8c88130883986b1?s=96&d=mm&r=g\",\"url\":\"https:\\\/\\\/secure.gravatar.com\\\/avatar\\\/8f65af12a8d72e866f97bba50325bdf89a5362533b6f2c9db8c88130883986b1?s=96&d=mm&r=g\",\"contentUrl\":\"https:\\\/\\\/secure.gravatar.com\\\/avatar\\\/8f65af12a8d72e866f97bba50325bdf89a5362533b6f2c9db8c88130883986b1?s=96&d=mm&r=g\",\"caption\":\"Mar\u00eda Bel\u00e9n Sumba Bravo\"},\"url\":\"https:\\\/\\\/mula.es\\\/web\\\/author\\\/mbsumba\\\/\"}]}<\/script>\n<!-- \/ Yoast SEO plugin. -->","yoast_head_json":{"title":"DEPORTES| II Torneo de P\u00e1del Femenino Ciudad de Mula - Ayuntamiento de Mula","robots":{"index":"index","follow":"follow","max-snippet":"max-snippet:-1","max-image-preview":"max-image-preview:large","max-video-preview":"max-video-preview:-1"},"canonical":"https:\/\/mula.es\/web\/deportes-ii-torneo-de-padel-femenino-ciudad-de-mula\/","og_locale":"es_ES","og_type":"article","og_title":"DEPORTES| II Torneo de P\u00e1del Femenino Ciudad de Mula - Ayuntamiento de Mula","og_description":"Este s\u00e1bado, 11 de marzo se celebr\u00f3 el II Torneo de P\u00e1del Femenino Ciudad de Mula en el Polideportivo Municipal, dentro de las actividades programadas con motivo del 8 de marzo, D\u00eda Internacional de la Mujer. Al finalizar la jornada, se hizo la entrega de premios, con la presencia de la concejala de Mujer e [...]","og_url":"https:\/\/mula.es\/web\/deportes-ii-torneo-de-padel-femenino-ciudad-de-mula\/","og_site_name":"Ayuntamiento de Mula","article_published_time":"2023-03-13T09:02:47+00:00","og_image":[{"width":1600,"height":1200,"url":"https:\/\/mula.es\/web\/wp-content\/uploads\/2023\/03\/II-Torneo-de-Padel-Femenino-Ciudad-de-Mula.jpg","type":"image\/jpeg"}],"author":"Mar\u00eda Bel\u00e9n Sumba Bravo","twitter_card":"summary_large_image","twitter_creator":"@AyuntamientMula","twitter_site":"@AyuntamientMula","twitter_misc":{"Escrito por":"Mar\u00eda Bel\u00e9n Sumba Bravo","Tiempo de lectura":"2 minutos"},"schema":{"@context":"https:\/\/schema.org","@graph":[{"@type":"Article","@id":"https:\/\/mula.es\/web\/deportes-ii-torneo-de-padel-femenino-ciudad-de-mula\/#article","isPartOf":{"@id":"https:\/\/mula.es\/web\/deportes-ii-torneo-de-padel-femenino-ciudad-de-mula\/"},"author":{"name":"Mar\u00eda Bel\u00e9n Sumba Bravo","@id":"https:\/\/mula.es\/web\/#\/schema\/person\/4cc33fc69cd667605e1b6247815ac0c0"},"headline":"DEPORTES| II Torneo de P\u00e1del Femenino Ciudad de Mula","datePublished":"2023-03-13T09:02:47+00:00","mainEntityOfPage":{"@id":"https:\/\/mula.es\/web\/deportes-ii-torneo-de-padel-femenino-ciudad-de-mula\/"},"wordCount":166,"image":{"@id":"https:\/\/mula.es\/web\/deportes-ii-torneo-de-padel-femenino-ciudad-de-mula\/#primaryimage"},"thumbnailUrl":"https:\/\/mula.es\/web\/wp-content\/uploads\/2023\/03\/II-Torneo-de-Padel-Femenino-Ciudad-de-Mula.jpg","articleSection":["deportes","mujer"],"inLanguage":"es"},{"@type":"WebPage","@id":"https:\/\/mula.es\/web\/deportes-ii-torneo-de-padel-femenino-ciudad-de-mula\/","url":"https:\/\/mula.es\/web\/deportes-ii-torneo-de-padel-femenino-ciudad-de-mula\/","name":"DEPORTES| II Torneo de P\u00e1del Femenino Ciudad de Mula - Ayuntamiento de Mula","isPartOf":{"@id":"https:\/\/mula.es\/web\/#website"},"primaryImageOfPage":{"@id":"https:\/\/mula.es\/web\/deportes-ii-torneo-de-padel-femenino-ciudad-de-mula\/#primaryimage"},"image":{"@id":"https:\/\/mula.es\/web\/deportes-ii-torneo-de-padel-femenino-ciudad-de-mula\/#primaryimage"},"thumbnailUrl":"https:\/\/mula.es\/web\/wp-content\/uploads\/2023\/03\/II-Torneo-de-Padel-Femenino-Ciudad-de-Mula.jpg","datePublished":"2023-03-13T09:02:47+00:00","author":{"@id":"https:\/\/mula.es\/web\/#\/schema\/person\/4cc33fc69cd667605e1b6247815ac0c0"},"breadcrumb":{"@id":"https:\/\/mula.es\/web\/deportes-ii-torneo-de-padel-femenino-ciudad-de-mula\/#breadcrumb"},"inLanguage":"es","potentialAction":[{"@type":"ReadAction","target":["https:\/\/mula.es\/web\/deportes-ii-torneo-de-padel-femenino-ciudad-de-mula\/"]}]},{"@type":"ImageObject","inLanguage":"es","@id":"https:\/\/mula.es\/web\/deportes-ii-torneo-de-padel-femenino-ciudad-de-mula\/#primaryimage","url":"https:\/\/mula.es\/web\/wp-content\/uploads\/2023\/03\/II-Torneo-de-Padel-Femenino-Ciudad-de-Mula.jpg","contentUrl":"https:\/\/mula.es\/web\/wp-content\/uploads\/2023\/03\/II-Torneo-de-Padel-Femenino-Ciudad-de-Mula.jpg","width":1600,"height":1200,"caption":"II Torneo de P\u00e1del Femenino Ciudad de Mula"},{"@type":"BreadcrumbList","@id":"https:\/\/mula.es\/web\/deportes-ii-torneo-de-padel-femenino-ciudad-de-mula\/#breadcrumb","itemListElement":[{"@type":"ListItem","position":1,"name":"Portada","item":"https:\/\/mula.es\/web\/"},{"@type":"ListItem","position":2,"name":"DEPORTES| II Torneo de P\u00e1del Femenino Ciudad de Mula"}]},{"@type":"WebSite","@id":"https:\/\/mula.es\/web\/#website","url":"https:\/\/mula.es\/web\/","name":"Ayuntamiento de Mula","description":"P\u00e1gina web del Ayuntamiento de Mula (Regi\u00f3n de Murcia)","potentialAction":[{"@type":"SearchAction","target":{"@type":"EntryPoint","urlTemplate":"https:\/\/mula.es\/web\/?s={search_term_string}"},"query-input":{"@type":"PropertyValueSpecification","valueRequired":true,"valueName":"search_term_string"}}],"inLanguage":"es"},{"@type":"Person","@id":"https:\/\/mula.es\/web\/#\/schema\/person\/4cc33fc69cd667605e1b6247815ac0c0","name":"Mar\u00eda Bel\u00e9n Sumba Bravo","image":{"@type":"ImageObject","inLanguage":"es","@id":"https:\/\/secure.gravatar.com\/avatar\/8f65af12a8d72e866f97bba50325bdf89a5362533b6f2c9db8c88130883986b1?s=96&d=mm&r=g","url":"https:\/\/secure.gravatar.com\/avatar\/8f65af12a8d72e866f97bba50325bdf89a5362533b6f2c9db8c88130883986b1?s=96&d=mm&r=g","contentUrl":"https:\/\/secure.gravatar.com\/avatar\/8f65af12a8d72e866f97bba50325bdf89a5362533b6f2c9db8c88130883986b1?s=96&d=mm&r=g","caption":"Mar\u00eda Bel\u00e9n Sumba Bravo"},"url":"https:\/\/mula.es\/web\/author\/mbsumba\/"}]}},"jetpack_publicize_connections":[],"jetpack_featured_media_url":"https:\/\/mula.es\/web\/wp-content\/uploads\/2023\/03\/II-Torneo-de-Padel-Femenino-Ciudad-de-Mula.jpg","jetpack_sharing_enabled":true,"jetpack_shortlink":"https:\/\/wp.me\/pa9DMY-ct2","jetpack-related-posts":[],"_links":{"self":[{"href":"https:\/\/mula.es\/web\/wp-json\/wp\/v2\/posts\/47928","targetHints":{"allow":["GET"]}}],"collection":[{"href":"https:\/\/mula.es\/web\/wp-json\/wp\/v2\/posts"}],"about":[{"href":"https:\/\/mula.es\/web\/wp-json\/wp\/v2\/types\/post"}],"author":[{"embeddable":true,"href":"https:\/\/mula.es\/web\/wp-json\/wp\/v2\/users\/12"}],"replies":[{"embeddable":true,"href":"https:\/\/mula.es\/web\/wp-json\/wp\/v2\/comments?post=47928"}],"version-history":[{"count":3,"href":"https:\/\/mula.es\/web\/wp-json\/wp\/v2\/posts\/47928\/revisions"}],"predecessor-version":[{"id":47934,"href":"https:\/\/mula.es\/web\/wp-json\/wp\/v2\/posts\/47928\/revisions\/47934"}],"wp:featuredmedia":[{"embeddable":true,"href":"https:\/\/mula.es\/web\/wp-json\/wp\/v2\/media\/47929"}],"wp:attachment":[{"href":"https:\/\/mula.es\/web\/wp-json\/wp\/v2\/media?parent=47928"}],"wp:term":[{"taxonomy":"category","embeddable":true,"href":"https:\/\/mula.es\/web\/wp-json\/wp\/v2\/categories?post=47928"},{"taxonomy":"post_tag","embeddable":true,"href":"https:\/\/mula.es\/web\/wp-json\/wp\/v2\/tags?post=47928"}],"curies":[{"name":"wp","href":"https:\/\/api.w.org\/{rel}","templated":true}]}}