{"id":48034,"date":"2023-03-20T08:56:29","date_gmt":"2023-03-20T07:56:29","guid":{"rendered":"https:\/\/mula.es\/web\/?p=48034"},"modified":"2023-03-20T10:50:33","modified_gmt":"2023-03-20T09:50:33","slug":"mula-presente-en-las-xxxvi-jornadas-de-exaltacion-del-tambor-y-el-bombo-de-tobarra","status":"publish","type":"post","link":"https:\/\/mula.es\/web\/mula-presente-en-las-xxxvi-jornadas-de-exaltacion-del-tambor-y-el-bombo-de-tobarra\/","title":{"rendered":"Mula presente en las XXXVI Jornadas de Exaltaci\u00f3n del Tambor y el Bombo de Tobarra"},"content":{"rendered":"<p><div class=\"fusion-fullwidth fullwidth-box fusion-builder-row-1 fusion-flex-container nonhundred-percent-fullwidth non-hundred-percent-height-scrolling\" style=\"--awb-border-radius-top-left:0px;--awb-border-radius-top-right:0px;--awb-border-radius-bottom-right:0px;--awb-border-radius-bottom-left:0px;--awb-flex-wrap:wrap;\" ><div class=\"fusion-builder-row fusion-row fusion-flex-align-items-flex-start fusion-flex-content-wrap\" style=\"max-width:1144px;margin-left: calc(-4% \/ 2 );margin-right: calc(-4% \/ 2 );\"><div class=\"fusion-layout-column fusion_builder_column fusion-builder-column-0 fusion_builder_column_1_1 1_1 fusion-flex-column\" style=\"--awb-bg-size:cover;--awb-width-large:100%;--awb-margin-top-large:0px;--awb-spacing-right-large:1.92%;--awb-margin-bottom-large:0px;--awb-spacing-left-large:1.92%;--awb-width-medium:100%;--awb-spacing-right-medium:1.92%;--awb-spacing-left-medium:1.92%;--awb-width-small:100%;--awb-spacing-right-small:1.92%;--awb-spacing-left-small:1.92%;\"><div class=\"fusion-column-wrapper fusion-flex-justify-content-flex-start fusion-content-layout-column\"><div class=\"fusion-text fusion-text-1\"><p style=\"text-align: justify;\"><strong>El alcalde de Mula Juan Jes\u00fas Moreno y miembros de la corporaci\u00f3n municipal acudieron este fin de semana a Tobarra, donde se celebraron las XXXVI Jornadas de Exaltaci\u00f3n del Tambor y el Bombo, que reunieron alrededor de 25 mil personas y en las que Mula estuvo presente.<\/strong><\/p>\n<p style=\"text-align: justify;\">Las jornadas, que se celebraron los d\u00edas 17, 18 y 19 de marzo, dieron inicio con un acto de recepci\u00f3n a las autoridades de los 22 municipios participantes, en la Casa de la Cultura de Tobarra. En este, se homenaje\u00f3 a Diego Cervantes, quien fue alcalde de Mula y precursor de aunar la fiesta del tambor de toda Espa\u00f1a. Y es que, en 1983, fue quien impuls\u00f3 lo que hoy en d\u00eda es la Exaltaci\u00f3n Nacional del Tambor y el Bombo.<\/p>\n<p style=\"text-align: justify;\">Asimismo, durante el primer d\u00eda, el alcalde y el presidente de la Asociaci\u00f3n de Tamboristas Pedro Manuel Ruiz entregaron a la alcaldesa de Tobarra Amparo Ballesteros un tambor mule\u00f1o, obsequio para el pueblo tobarre\u00f1o.<\/p>\n<p style=\"text-align: justify;\">\u201cEs un honor estar un a\u00f1o m\u00e1s en estas Jornadas Nacionales que son una muestra de uni\u00f3n de todos los pueblos donde el tambor forma parte de su identidad\u201d, declar\u00f3 el alcalde de Mula, quien tambi\u00e9n acompa\u00f1\u00f3 a la delegaci\u00f3n mule\u00f1a el s\u00e1bado, 18 de marzo, en el desfile de las delegaciones y el acto central de la Tamborada 2023, donde los 8 j\u00f3venes tamboristas de Mula representaron a nuestro municipio.<\/p>\n<\/div><\/div><\/div><div class=\"fusion-layout-column fusion_builder_column fusion-builder-column-1 fusion_builder_column_1_2 1_2 fusion-flex-column\" style=\"--awb-bg-size:cover;--awb-width-large:50%;--awb-margin-top-large:0px;--awb-spacing-right-large:3.84%;--awb-margin-bottom-large:20px;--awb-spacing-left-large:3.84%;--awb-width-medium:50%;--awb-order-medium:0;--awb-spacing-right-medium:3.84%;--awb-spacing-left-medium:3.84%;--awb-width-small:100%;--awb-order-small:0;--awb-spacing-right-small:1.92%;--awb-spacing-left-small:1.92%;\"><div class=\"fusion-column-wrapper fusion-column-has-shadow fusion-flex-justify-content-flex-start fusion-content-layout-column\"><div class=\"fusion-image-element \" style=\"--awb-caption-title-font-family:var(--h2_typography-font-family);--awb-caption-title-font-weight:var(--h2_typography-font-weight);--awb-caption-title-font-style:var(--h2_typography-font-style);--awb-caption-title-size:var(--h2_typography-font-size);--awb-caption-title-transform:var(--h2_typography-text-transform);--awb-caption-title-line-height:var(--h2_typography-line-height);--awb-caption-title-letter-spacing:var(--h2_typography-letter-spacing);\"><span class=\" fusion-imageframe imageframe-none imageframe-1 hover-type-none\"><img decoding=\"async\" width=\"2000\" height=\"1500\" alt=\"Mula durante el acto de inauguraci\u00f3n de las Jornadas Nacionales en Tobarra.\" title=\"Mula durante el acto de inauguraci\u00f3n de las Jornadas Nacionales en Tobarra.\" src=\"https:\/\/mula.es\/web\/wp-content\/uploads\/2023\/03\/Mula-durante-el-acto-de-inauguracion-de-las-Jornadas-Nacionales-en-Tobarra..jpg\" class=\"img-responsive wp-image-48036\" srcset=\"https:\/\/mula.es\/web\/wp-content\/uploads\/2023\/03\/Mula-durante-el-acto-de-inauguracion-de-las-Jornadas-Nacionales-en-Tobarra.-200x150.jpg 200w, https:\/\/mula.es\/web\/wp-content\/uploads\/2023\/03\/Mula-durante-el-acto-de-inauguracion-de-las-Jornadas-Nacionales-en-Tobarra.-400x300.jpg 400w, https:\/\/mula.es\/web\/wp-content\/uploads\/2023\/03\/Mula-durante-el-acto-de-inauguracion-de-las-Jornadas-Nacionales-en-Tobarra.-600x450.jpg 600w, https:\/\/mula.es\/web\/wp-content\/uploads\/2023\/03\/Mula-durante-el-acto-de-inauguracion-de-las-Jornadas-Nacionales-en-Tobarra.-800x600.jpg 800w, https:\/\/mula.es\/web\/wp-content\/uploads\/2023\/03\/Mula-durante-el-acto-de-inauguracion-de-las-Jornadas-Nacionales-en-Tobarra.-1200x900.jpg 1200w, https:\/\/mula.es\/web\/wp-content\/uploads\/2023\/03\/Mula-durante-el-acto-de-inauguracion-de-las-Jornadas-Nacionales-en-Tobarra..jpg 2000w\" sizes=\"(max-width: 640px) 100vw, 600px\" \/><\/span><\/div><\/div><\/div><div class=\"fusion-layout-column fusion_builder_column fusion-builder-column-2 fusion_builder_column_1_2 1_2 fusion-flex-column\" style=\"--awb-bg-size:cover;--awb-width-large:50%;--awb-margin-top-large:0px;--awb-spacing-right-large:3.84%;--awb-margin-bottom-large:20px;--awb-spacing-left-large:3.84%;--awb-width-medium:50%;--awb-order-medium:0;--awb-spacing-right-medium:3.84%;--awb-spacing-left-medium:3.84%;--awb-width-small:100%;--awb-order-small:0;--awb-spacing-right-small:1.92%;--awb-spacing-left-small:1.92%;\"><div class=\"fusion-column-wrapper fusion-column-has-shadow fusion-flex-justify-content-flex-start fusion-content-layout-column\"><div class=\"fusion-image-element \" style=\"--awb-caption-title-font-family:var(--h2_typography-font-family);--awb-caption-title-font-weight:var(--h2_typography-font-weight);--awb-caption-title-font-style:var(--h2_typography-font-style);--awb-caption-title-size:var(--h2_typography-font-size);--awb-caption-title-transform:var(--h2_typography-text-transform);--awb-caption-title-line-height:var(--h2_typography-line-height);--awb-caption-title-letter-spacing:var(--h2_typography-letter-spacing);\"><span class=\" fusion-imageframe imageframe-none imageframe-2 hover-type-none\"><img decoding=\"async\" width=\"1024\" height=\"768\" title=\"Entrega de un tambor mule\u00f1o a la alcaldesa de Tobarra.\" src=\"https:\/\/mula.es\/web\/wp-content\/uploads\/2023\/03\/Entrega-de-un-tambor-muleno-a-la-alcaldesa-de-Tobarra..jpg\" alt class=\"img-responsive wp-image-48037\" srcset=\"https:\/\/mula.es\/web\/wp-content\/uploads\/2023\/03\/Entrega-de-un-tambor-muleno-a-la-alcaldesa-de-Tobarra.-200x150.jpg 200w, https:\/\/mula.es\/web\/wp-content\/uploads\/2023\/03\/Entrega-de-un-tambor-muleno-a-la-alcaldesa-de-Tobarra.-400x300.jpg 400w, https:\/\/mula.es\/web\/wp-content\/uploads\/2023\/03\/Entrega-de-un-tambor-muleno-a-la-alcaldesa-de-Tobarra.-600x450.jpg 600w, https:\/\/mula.es\/web\/wp-content\/uploads\/2023\/03\/Entrega-de-un-tambor-muleno-a-la-alcaldesa-de-Tobarra.-800x600.jpg 800w, https:\/\/mula.es\/web\/wp-content\/uploads\/2023\/03\/Entrega-de-un-tambor-muleno-a-la-alcaldesa-de-Tobarra..jpg 1024w\" sizes=\"(max-width: 640px) 100vw, 600px\" \/><\/span><\/div><\/div><\/div><\/div><\/div><div class=\"fusion-fullwidth fullwidth-box fusion-builder-row-2 fusion-flex-container has-pattern-background has-mask-background nonhundred-percent-fullwidth non-hundred-percent-height-scrolling\" style=\"--awb-border-radius-top-left:0px;--awb-border-radius-top-right:0px;--awb-border-radius-bottom-right:0px;--awb-border-radius-bottom-left:0px;--awb-flex-wrap:wrap;\" ><div class=\"fusion-builder-row fusion-row fusion-flex-align-items-flex-start fusion-flex-content-wrap\" style=\"max-width:1144px;margin-left: calc(-4% \/ 2 );margin-right: calc(-4% \/ 2 );\"><div class=\"fusion-layout-column fusion_builder_column fusion-builder-column-3 fusion_builder_column_1_1 1_1 fusion-flex-column\" style=\"--awb-bg-size:cover;--awb-width-large:100%;--awb-margin-top-large:0px;--awb-spacing-right-large:1.92%;--awb-margin-bottom-large:20px;--awb-spacing-left-large:1.92%;--awb-width-medium:100%;--awb-order-medium:0;--awb-spacing-right-medium:1.92%;--awb-spacing-left-medium:1.92%;--awb-width-small:100%;--awb-order-small:0;--awb-spacing-right-small:1.92%;--awb-spacing-left-small:1.92%;\"><div class=\"fusion-column-wrapper fusion-column-has-shadow fusion-flex-justify-content-flex-start fusion-content-layout-column\"><div class=\"fusion-text fusion-text-2\"><p style=\"text-align: justify;\">El desfile, en el que participaron los 22 municipios que acudieron al evento, dio inicio en la plaza de Espa\u00f1a, pasando por la calle Mayor, el Paseo Pr\u00edncipe de Asturias, la calle Fco Cano Fontecha, la avenida Reina Sof\u00eda y finaliz\u00f3 en la avenida de la Constituci\u00f3n de Tobarra.<\/p>\n<p style=\"text-align: justify;\">Ese mismo d\u00eda, por la tarde, Pedro Javier Garc\u00eda, Luc\u00eda Zapata, Cayetano P\u00e1rraga, Juanjo Boluda, Elena Blaya, Noelia P\u00e1rraga, Miguel \u00c1ngel Pastor y Juan Pedro Chac\u00f3n, los j\u00f3venes tamboristas que estuvieron representando a Mula durante este encuentro nacional, participaron en el acto central de la Tamborada 2023.<\/p>\n<p style=\"text-align: justify;\">Juan Jes\u00fas Moreno mostr\u00f3 su agradecimiento a Tobarra por la realizaci\u00f3n y organizaci\u00f3n de estar jornadas que \u201chacen que los pueblos de Espa\u00f1a suenen al un\u00edsono, unidos por esa identidad com\u00fan: los tambores\u201d. Asimismo, el alcalde de Mula agradeci\u00f3 a los j\u00f3venes de la delegaci\u00f3n mule\u00f1a y a la Asociaci\u00f3n de Tamboristas de Mula \u201csu gran entrega y dedicaci\u00f3n no solamente durante estas jornadas, sino cada d\u00eda del a\u00f1o, haciendo que Mula suene en cada rinc\u00f3n\u201d.<\/p>\n<\/div><\/div><\/div><div class=\"fusion-layout-column fusion_builder_column fusion-builder-column-4 fusion_builder_column_1_2 1_2 fusion-flex-column\" style=\"--awb-bg-size:cover;--awb-width-large:50%;--awb-margin-top-large:0px;--awb-spacing-right-large:3.84%;--awb-margin-bottom-large:20px;--awb-spacing-left-large:3.84%;--awb-width-medium:50%;--awb-order-medium:0;--awb-spacing-right-medium:3.84%;--awb-spacing-left-medium:3.84%;--awb-width-small:100%;--awb-order-small:0;--awb-spacing-right-small:1.92%;--awb-spacing-left-small:1.92%;\"><div class=\"fusion-column-wrapper fusion-column-has-shadow fusion-flex-justify-content-flex-start fusion-content-layout-column\"><div class=\"fusion-image-element \" style=\"--awb-caption-title-font-family:var(--h2_typography-font-family);--awb-caption-title-font-weight:var(--h2_typography-font-weight);--awb-caption-title-font-style:var(--h2_typography-font-style);--awb-caption-title-size:var(--h2_typography-font-size);--awb-caption-title-transform:var(--h2_typography-text-transform);--awb-caption-title-line-height:var(--h2_typography-line-height);--awb-caption-title-letter-spacing:var(--h2_typography-letter-spacing);\"><span class=\" fusion-imageframe imageframe-none imageframe-3 hover-type-none\"><img decoding=\"async\" width=\"1024\" height=\"768\" alt=\"Los concejales de Cultura, Tambores y el alcalde de Mula (de izq. a drcha.) durante el desfile de las delegaciones en las Jornadas Nacionales de Tobarra.\" title=\"Los concejales de Cultura, Tambores y el alcalde de Mula (de izq. a drcha.) durante el desfile de las delegaciones en las Jornadas Nacionales de Tobarra.\" src=\"https:\/\/mula.es\/web\/wp-content\/uploads\/2023\/03\/Los-concejales-de-Cultura-Tambores-y-el-alcalde-de-Mula-de-izq.-a-drcha.-durante-el-desfile-de-las-delegaciones-en-las-Jornadas-Nacionales-de-Tobarra..jpg\" class=\"img-responsive wp-image-48040\" srcset=\"https:\/\/mula.es\/web\/wp-content\/uploads\/2023\/03\/Los-concejales-de-Cultura-Tambores-y-el-alcalde-de-Mula-de-izq.-a-drcha.-durante-el-desfile-de-las-delegaciones-en-las-Jornadas-Nacionales-de-Tobarra.-200x150.jpg 200w, https:\/\/mula.es\/web\/wp-content\/uploads\/2023\/03\/Los-concejales-de-Cultura-Tambores-y-el-alcalde-de-Mula-de-izq.-a-drcha.-durante-el-desfile-de-las-delegaciones-en-las-Jornadas-Nacionales-de-Tobarra.-400x300.jpg 400w, https:\/\/mula.es\/web\/wp-content\/uploads\/2023\/03\/Los-concejales-de-Cultura-Tambores-y-el-alcalde-de-Mula-de-izq.-a-drcha.-durante-el-desfile-de-las-delegaciones-en-las-Jornadas-Nacionales-de-Tobarra.-600x450.jpg 600w, https:\/\/mula.es\/web\/wp-content\/uploads\/2023\/03\/Los-concejales-de-Cultura-Tambores-y-el-alcalde-de-Mula-de-izq.-a-drcha.-durante-el-desfile-de-las-delegaciones-en-las-Jornadas-Nacionales-de-Tobarra.-800x600.jpg 800w, https:\/\/mula.es\/web\/wp-content\/uploads\/2023\/03\/Los-concejales-de-Cultura-Tambores-y-el-alcalde-de-Mula-de-izq.-a-drcha.-durante-el-desfile-de-las-delegaciones-en-las-Jornadas-Nacionales-de-Tobarra..jpg 1024w\" sizes=\"(max-width: 640px) 100vw, 600px\" \/><\/span><\/div><\/div><\/div><div class=\"fusion-layout-column fusion_builder_column fusion-builder-column-5 fusion_builder_column_1_2 1_2 fusion-flex-column\" style=\"--awb-bg-size:cover;--awb-width-large:50%;--awb-margin-top-large:0px;--awb-spacing-right-large:3.84%;--awb-margin-bottom-large:20px;--awb-spacing-left-large:3.84%;--awb-width-medium:50%;--awb-order-medium:0;--awb-spacing-right-medium:3.84%;--awb-spacing-left-medium:3.84%;--awb-width-small:100%;--awb-order-small:0;--awb-spacing-right-small:1.92%;--awb-spacing-left-small:1.92%;\"><div class=\"fusion-column-wrapper fusion-column-has-shadow fusion-flex-justify-content-flex-start fusion-content-layout-column\"><div class=\"fusion-image-element \" style=\"--awb-caption-title-font-family:var(--h2_typography-font-family);--awb-caption-title-font-weight:var(--h2_typography-font-weight);--awb-caption-title-font-style:var(--h2_typography-font-style);--awb-caption-title-size:var(--h2_typography-font-size);--awb-caption-title-transform:var(--h2_typography-text-transform);--awb-caption-title-line-height:var(--h2_typography-line-height);--awb-caption-title-letter-spacing:var(--h2_typography-letter-spacing);\"><span class=\" fusion-imageframe imageframe-none imageframe-4 hover-type-none\"><img decoding=\"async\" width=\"1024\" height=\"768\" alt=\"Desfile de las delegaciones en las XXXVI Jornadas de Exaltaci\u00f3n del Tambor y el Bombo.\" title=\"Desfile de las delegaciones en las XXXVI Jornadas de Exaltaci\u00f3n del Tambor y el Bombo.\" src=\"https:\/\/mula.es\/web\/wp-content\/uploads\/2023\/03\/Desfile-de-las-delegaciones-en-las-XXXVI-Jornadas-de-Exaltacion-del-Tambor-y-el-Bombo..jpg\" class=\"img-responsive wp-image-48041\" srcset=\"https:\/\/mula.es\/web\/wp-content\/uploads\/2023\/03\/Desfile-de-las-delegaciones-en-las-XXXVI-Jornadas-de-Exaltacion-del-Tambor-y-el-Bombo.-200x150.jpg 200w, https:\/\/mula.es\/web\/wp-content\/uploads\/2023\/03\/Desfile-de-las-delegaciones-en-las-XXXVI-Jornadas-de-Exaltacion-del-Tambor-y-el-Bombo.-400x300.jpg 400w, https:\/\/mula.es\/web\/wp-content\/uploads\/2023\/03\/Desfile-de-las-delegaciones-en-las-XXXVI-Jornadas-de-Exaltacion-del-Tambor-y-el-Bombo.-600x450.jpg 600w, https:\/\/mula.es\/web\/wp-content\/uploads\/2023\/03\/Desfile-de-las-delegaciones-en-las-XXXVI-Jornadas-de-Exaltacion-del-Tambor-y-el-Bombo.-800x600.jpg 800w, https:\/\/mula.es\/web\/wp-content\/uploads\/2023\/03\/Desfile-de-las-delegaciones-en-las-XXXVI-Jornadas-de-Exaltacion-del-Tambor-y-el-Bombo..jpg 1024w\" sizes=\"(max-width: 640px) 100vw, 600px\" \/><\/span><\/div><\/div><\/div><\/div><\/div><\/p>\n","protected":false},"excerpt":{"rendered":"","protected":false},"author":12,"featured_media":48035,"comment_status":"closed","ping_status":"closed","sticky":false,"template":"","format":"standard","meta":{"jetpack_post_was_ever_published":false,"_jetpack_newsletter_access":"","_jetpack_dont_email_post_to_subs":false,"_jetpack_newsletter_tier_id":0,"_jetpack_memberships_contains_paywalled_content":false,"_jetpack_memberships_contains_paid_content":false,"footnotes":"","jetpack_publicize_message":"","jetpack_publicize_feature_enabled":true,"jetpack_social_post_already_shared":false,"jetpack_social_options":{"image_generator_settings":{"template":"highway","default_image_id":0,"font":"","enabled":false},"version":2}},"categories":[181,123],"tags":[],"class_list":["post-48034","post","type-post","status-publish","format-standard","has-post-thumbnail","hentry","category-jornadas","category-tambores"],"yoast_head":"<!-- This site is optimized with the Yoast SEO plugin v27.4 - https:\/\/yoast.com\/product\/yoast-seo-wordpress\/ -->\n<title>Mula presente en las XXXVI Jornadas de Exaltaci\u00f3n del Tambor y el Bombo de Tobarra - Ayuntamiento de Mula<\/title>\n<meta name=\"robots\" content=\"index, follow, max-snippet:-1, max-image-preview:large, max-video-preview:-1\" \/>\n<link rel=\"canonical\" href=\"https:\/\/mula.es\/web\/mula-presente-en-las-xxxvi-jornadas-de-exaltacion-del-tambor-y-el-bombo-de-tobarra\/\" \/>\n<meta property=\"og:locale\" content=\"es_ES\" \/>\n<meta property=\"og:type\" content=\"article\" \/>\n<meta property=\"og:title\" content=\"Mula presente en las XXXVI Jornadas de Exaltaci\u00f3n del Tambor y el Bombo de Tobarra - Ayuntamiento de Mula\" \/>\n<meta property=\"og:url\" content=\"https:\/\/mula.es\/web\/mula-presente-en-las-xxxvi-jornadas-de-exaltacion-del-tambor-y-el-bombo-de-tobarra\/\" \/>\n<meta property=\"og:site_name\" content=\"Ayuntamiento de Mula\" \/>\n<meta property=\"article:published_time\" content=\"2023-03-20T07:56:29+00:00\" \/>\n<meta property=\"article:modified_time\" content=\"2023-03-20T09:50:33+00:00\" \/>\n<meta property=\"og:image\" content=\"https:\/\/mula.es\/web\/wp-content\/uploads\/2023\/03\/Jornadas-Nacionales-2023..jpg\" \/>\n\t<meta property=\"og:image:width\" content=\"1024\" \/>\n\t<meta property=\"og:image:height\" content=\"768\" \/>\n\t<meta property=\"og:image:type\" content=\"image\/jpeg\" \/>\n<meta name=\"author\" content=\"Mar\u00eda Bel\u00e9n Sumba Bravo\" \/>\n<meta name=\"twitter:card\" content=\"summary_large_image\" \/>\n<meta name=\"twitter:creator\" content=\"@AyuntamientMula\" \/>\n<meta name=\"twitter:site\" content=\"@AyuntamientMula\" \/>\n<meta name=\"twitter:label1\" content=\"Escrito por\" \/>\n\t<meta name=\"twitter:data1\" content=\"Mar\u00eda Bel\u00e9n Sumba Bravo\" \/>\n\t<meta name=\"twitter:label2\" content=\"Tiempo de lectura\" \/>\n\t<meta name=\"twitter:data2\" content=\"8 minutos\" \/>\n<script type=\"application\/ld+json\" class=\"yoast-schema-graph\">{\"@context\":\"https:\\\/\\\/schema.org\",\"@graph\":[{\"@type\":\"Article\",\"@id\":\"https:\\\/\\\/mula.es\\\/web\\\/mula-presente-en-las-xxxvi-jornadas-de-exaltacion-del-tambor-y-el-bombo-de-tobarra\\\/#article\",\"isPartOf\":{\"@id\":\"https:\\\/\\\/mula.es\\\/web\\\/mula-presente-en-las-xxxvi-jornadas-de-exaltacion-del-tambor-y-el-bombo-de-tobarra\\\/\"},\"author\":{\"name\":\"Mar\u00eda Bel\u00e9n Sumba Bravo\",\"@id\":\"https:\\\/\\\/mula.es\\\/web\\\/#\\\/schema\\\/person\\\/4cc33fc69cd667605e1b6247815ac0c0\"},\"headline\":\"Mula presente en las XXXVI Jornadas de Exaltaci\u00f3n del Tambor y el Bombo de Tobarra\",\"datePublished\":\"2023-03-20T07:56:29+00:00\",\"dateModified\":\"2023-03-20T09:50:33+00:00\",\"mainEntityOfPage\":{\"@id\":\"https:\\\/\\\/mula.es\\\/web\\\/mula-presente-en-las-xxxvi-jornadas-de-exaltacion-del-tambor-y-el-bombo-de-tobarra\\\/\"},\"wordCount\":3915,\"image\":{\"@id\":\"https:\\\/\\\/mula.es\\\/web\\\/mula-presente-en-las-xxxvi-jornadas-de-exaltacion-del-tambor-y-el-bombo-de-tobarra\\\/#primaryimage\"},\"thumbnailUrl\":\"https:\\\/\\\/mula.es\\\/web\\\/wp-content\\\/uploads\\\/2023\\\/03\\\/Jornadas-Nacionales-2023..jpg\",\"articleSection\":[\"jornadas\",\"tambores\"],\"inLanguage\":\"es\"},{\"@type\":\"WebPage\",\"@id\":\"https:\\\/\\\/mula.es\\\/web\\\/mula-presente-en-las-xxxvi-jornadas-de-exaltacion-del-tambor-y-el-bombo-de-tobarra\\\/\",\"url\":\"https:\\\/\\\/mula.es\\\/web\\\/mula-presente-en-las-xxxvi-jornadas-de-exaltacion-del-tambor-y-el-bombo-de-tobarra\\\/\",\"name\":\"Mula presente en las XXXVI Jornadas de Exaltaci\u00f3n del Tambor y el Bombo de Tobarra - Ayuntamiento de Mula\",\"isPartOf\":{\"@id\":\"https:\\\/\\\/mula.es\\\/web\\\/#website\"},\"primaryImageOfPage\":{\"@id\":\"https:\\\/\\\/mula.es\\\/web\\\/mula-presente-en-las-xxxvi-jornadas-de-exaltacion-del-tambor-y-el-bombo-de-tobarra\\\/#primaryimage\"},\"image\":{\"@id\":\"https:\\\/\\\/mula.es\\\/web\\\/mula-presente-en-las-xxxvi-jornadas-de-exaltacion-del-tambor-y-el-bombo-de-tobarra\\\/#primaryimage\"},\"thumbnailUrl\":\"https:\\\/\\\/mula.es\\\/web\\\/wp-content\\\/uploads\\\/2023\\\/03\\\/Jornadas-Nacionales-2023..jpg\",\"datePublished\":\"2023-03-20T07:56:29+00:00\",\"dateModified\":\"2023-03-20T09:50:33+00:00\",\"author\":{\"@id\":\"https:\\\/\\\/mula.es\\\/web\\\/#\\\/schema\\\/person\\\/4cc33fc69cd667605e1b6247815ac0c0\"},\"breadcrumb\":{\"@id\":\"https:\\\/\\\/mula.es\\\/web\\\/mula-presente-en-las-xxxvi-jornadas-de-exaltacion-del-tambor-y-el-bombo-de-tobarra\\\/#breadcrumb\"},\"inLanguage\":\"es\",\"potentialAction\":[{\"@type\":\"ReadAction\",\"target\":[\"https:\\\/\\\/mula.es\\\/web\\\/mula-presente-en-las-xxxvi-jornadas-de-exaltacion-del-tambor-y-el-bombo-de-tobarra\\\/\"]}]},{\"@type\":\"ImageObject\",\"inLanguage\":\"es\",\"@id\":\"https:\\\/\\\/mula.es\\\/web\\\/mula-presente-en-las-xxxvi-jornadas-de-exaltacion-del-tambor-y-el-bombo-de-tobarra\\\/#primaryimage\",\"url\":\"https:\\\/\\\/mula.es\\\/web\\\/wp-content\\\/uploads\\\/2023\\\/03\\\/Jornadas-Nacionales-2023..jpg\",\"contentUrl\":\"https:\\\/\\\/mula.es\\\/web\\\/wp-content\\\/uploads\\\/2023\\\/03\\\/Jornadas-Nacionales-2023..jpg\",\"width\":1024,\"height\":768,\"caption\":\"Jornadas Nacionales 2023.\"},{\"@type\":\"BreadcrumbList\",\"@id\":\"https:\\\/\\\/mula.es\\\/web\\\/mula-presente-en-las-xxxvi-jornadas-de-exaltacion-del-tambor-y-el-bombo-de-tobarra\\\/#breadcrumb\",\"itemListElement\":[{\"@type\":\"ListItem\",\"position\":1,\"name\":\"Portada\",\"item\":\"https:\\\/\\\/mula.es\\\/web\\\/\"},{\"@type\":\"ListItem\",\"position\":2,\"name\":\"Mula presente en las XXXVI Jornadas de Exaltaci\u00f3n del Tambor y el Bombo de Tobarra\"}]},{\"@type\":\"WebSite\",\"@id\":\"https:\\\/\\\/mula.es\\\/web\\\/#website\",\"url\":\"https:\\\/\\\/mula.es\\\/web\\\/\",\"name\":\"Ayuntamiento de Mula\",\"description\":\"P\u00e1gina web del Ayuntamiento de Mula (Regi\u00f3n de Murcia)\",\"potentialAction\":[{\"@type\":\"SearchAction\",\"target\":{\"@type\":\"EntryPoint\",\"urlTemplate\":\"https:\\\/\\\/mula.es\\\/web\\\/?s={search_term_string}\"},\"query-input\":{\"@type\":\"PropertyValueSpecification\",\"valueRequired\":true,\"valueName\":\"search_term_string\"}}],\"inLanguage\":\"es\"},{\"@type\":\"Person\",\"@id\":\"https:\\\/\\\/mula.es\\\/web\\\/#\\\/schema\\\/person\\\/4cc33fc69cd667605e1b6247815ac0c0\",\"name\":\"Mar\u00eda Bel\u00e9n Sumba Bravo\",\"image\":{\"@type\":\"ImageObject\",\"inLanguage\":\"es\",\"@id\":\"https:\\\/\\\/secure.gravatar.com\\\/avatar\\\/8f65af12a8d72e866f97bba50325bdf89a5362533b6f2c9db8c88130883986b1?s=96&d=mm&r=g\",\"url\":\"https:\\\/\\\/secure.gravatar.com\\\/avatar\\\/8f65af12a8d72e866f97bba50325bdf89a5362533b6f2c9db8c88130883986b1?s=96&d=mm&r=g\",\"contentUrl\":\"https:\\\/\\\/secure.gravatar.com\\\/avatar\\\/8f65af12a8d72e866f97bba50325bdf89a5362533b6f2c9db8c88130883986b1?s=96&d=mm&r=g\",\"caption\":\"Mar\u00eda Bel\u00e9n Sumba Bravo\"},\"url\":\"https:\\\/\\\/mula.es\\\/web\\\/author\\\/mbsumba\\\/\"}]}<\/script>\n<!-- \/ Yoast SEO plugin. -->","yoast_head_json":{"title":"Mula presente en las XXXVI Jornadas de Exaltaci\u00f3n del Tambor y el Bombo de Tobarra - Ayuntamiento de Mula","robots":{"index":"index","follow":"follow","max-snippet":"max-snippet:-1","max-image-preview":"max-image-preview:large","max-video-preview":"max-video-preview:-1"},"canonical":"https:\/\/mula.es\/web\/mula-presente-en-las-xxxvi-jornadas-de-exaltacion-del-tambor-y-el-bombo-de-tobarra\/","og_locale":"es_ES","og_type":"article","og_title":"Mula presente en las XXXVI Jornadas de Exaltaci\u00f3n del Tambor y el Bombo de Tobarra - Ayuntamiento de Mula","og_url":"https:\/\/mula.es\/web\/mula-presente-en-las-xxxvi-jornadas-de-exaltacion-del-tambor-y-el-bombo-de-tobarra\/","og_site_name":"Ayuntamiento de Mula","article_published_time":"2023-03-20T07:56:29+00:00","article_modified_time":"2023-03-20T09:50:33+00:00","og_image":[{"width":1024,"height":768,"url":"https:\/\/mula.es\/web\/wp-content\/uploads\/2023\/03\/Jornadas-Nacionales-2023..jpg","type":"image\/jpeg"}],"author":"Mar\u00eda Bel\u00e9n Sumba Bravo","twitter_card":"summary_large_image","twitter_creator":"@AyuntamientMula","twitter_site":"@AyuntamientMula","twitter_misc":{"Escrito por":"Mar\u00eda Bel\u00e9n Sumba Bravo","Tiempo de lectura":"8 minutos"},"schema":{"@context":"https:\/\/schema.org","@graph":[{"@type":"Article","@id":"https:\/\/mula.es\/web\/mula-presente-en-las-xxxvi-jornadas-de-exaltacion-del-tambor-y-el-bombo-de-tobarra\/#article","isPartOf":{"@id":"https:\/\/mula.es\/web\/mula-presente-en-las-xxxvi-jornadas-de-exaltacion-del-tambor-y-el-bombo-de-tobarra\/"},"author":{"name":"Mar\u00eda Bel\u00e9n Sumba Bravo","@id":"https:\/\/mula.es\/web\/#\/schema\/person\/4cc33fc69cd667605e1b6247815ac0c0"},"headline":"Mula presente en las XXXVI Jornadas de Exaltaci\u00f3n del Tambor y el Bombo de Tobarra","datePublished":"2023-03-20T07:56:29+00:00","dateModified":"2023-03-20T09:50:33+00:00","mainEntityOfPage":{"@id":"https:\/\/mula.es\/web\/mula-presente-en-las-xxxvi-jornadas-de-exaltacion-del-tambor-y-el-bombo-de-tobarra\/"},"wordCount":3915,"image":{"@id":"https:\/\/mula.es\/web\/mula-presente-en-las-xxxvi-jornadas-de-exaltacion-del-tambor-y-el-bombo-de-tobarra\/#primaryimage"},"thumbnailUrl":"https:\/\/mula.es\/web\/wp-content\/uploads\/2023\/03\/Jornadas-Nacionales-2023..jpg","articleSection":["jornadas","tambores"],"inLanguage":"es"},{"@type":"WebPage","@id":"https:\/\/mula.es\/web\/mula-presente-en-las-xxxvi-jornadas-de-exaltacion-del-tambor-y-el-bombo-de-tobarra\/","url":"https:\/\/mula.es\/web\/mula-presente-en-las-xxxvi-jornadas-de-exaltacion-del-tambor-y-el-bombo-de-tobarra\/","name":"Mula presente en las XXXVI Jornadas de Exaltaci\u00f3n del Tambor y el Bombo de Tobarra - Ayuntamiento de Mula","isPartOf":{"@id":"https:\/\/mula.es\/web\/#website"},"primaryImageOfPage":{"@id":"https:\/\/mula.es\/web\/mula-presente-en-las-xxxvi-jornadas-de-exaltacion-del-tambor-y-el-bombo-de-tobarra\/#primaryimage"},"image":{"@id":"https:\/\/mula.es\/web\/mula-presente-en-las-xxxvi-jornadas-de-exaltacion-del-tambor-y-el-bombo-de-tobarra\/#primaryimage"},"thumbnailUrl":"https:\/\/mula.es\/web\/wp-content\/uploads\/2023\/03\/Jornadas-Nacionales-2023..jpg","datePublished":"2023-03-20T07:56:29+00:00","dateModified":"2023-03-20T09:50:33+00:00","author":{"@id":"https:\/\/mula.es\/web\/#\/schema\/person\/4cc33fc69cd667605e1b6247815ac0c0"},"breadcrumb":{"@id":"https:\/\/mula.es\/web\/mula-presente-en-las-xxxvi-jornadas-de-exaltacion-del-tambor-y-el-bombo-de-tobarra\/#breadcrumb"},"inLanguage":"es","potentialAction":[{"@type":"ReadAction","target":["https:\/\/mula.es\/web\/mula-presente-en-las-xxxvi-jornadas-de-exaltacion-del-tambor-y-el-bombo-de-tobarra\/"]}]},{"@type":"ImageObject","inLanguage":"es","@id":"https:\/\/mula.es\/web\/mula-presente-en-las-xxxvi-jornadas-de-exaltacion-del-tambor-y-el-bombo-de-tobarra\/#primaryimage","url":"https:\/\/mula.es\/web\/wp-content\/uploads\/2023\/03\/Jornadas-Nacionales-2023..jpg","contentUrl":"https:\/\/mula.es\/web\/wp-content\/uploads\/2023\/03\/Jornadas-Nacionales-2023..jpg","width":1024,"height":768,"caption":"Jornadas Nacionales 2023."},{"@type":"BreadcrumbList","@id":"https:\/\/mula.es\/web\/mula-presente-en-las-xxxvi-jornadas-de-exaltacion-del-tambor-y-el-bombo-de-tobarra\/#breadcrumb","itemListElement":[{"@type":"ListItem","position":1,"name":"Portada","item":"https:\/\/mula.es\/web\/"},{"@type":"ListItem","position":2,"name":"Mula presente en las XXXVI Jornadas de Exaltaci\u00f3n del Tambor y el Bombo de Tobarra"}]},{"@type":"WebSite","@id":"https:\/\/mula.es\/web\/#website","url":"https:\/\/mula.es\/web\/","name":"Ayuntamiento de Mula","description":"P\u00e1gina web del Ayuntamiento de Mula (Regi\u00f3n de Murcia)","potentialAction":[{"@type":"SearchAction","target":{"@type":"EntryPoint","urlTemplate":"https:\/\/mula.es\/web\/?s={search_term_string}"},"query-input":{"@type":"PropertyValueSpecification","valueRequired":true,"valueName":"search_term_string"}}],"inLanguage":"es"},{"@type":"Person","@id":"https:\/\/mula.es\/web\/#\/schema\/person\/4cc33fc69cd667605e1b6247815ac0c0","name":"Mar\u00eda Bel\u00e9n Sumba Bravo","image":{"@type":"ImageObject","inLanguage":"es","@id":"https:\/\/secure.gravatar.com\/avatar\/8f65af12a8d72e866f97bba50325bdf89a5362533b6f2c9db8c88130883986b1?s=96&d=mm&r=g","url":"https:\/\/secure.gravatar.com\/avatar\/8f65af12a8d72e866f97bba50325bdf89a5362533b6f2c9db8c88130883986b1?s=96&d=mm&r=g","contentUrl":"https:\/\/secure.gravatar.com\/avatar\/8f65af12a8d72e866f97bba50325bdf89a5362533b6f2c9db8c88130883986b1?s=96&d=mm&r=g","caption":"Mar\u00eda Bel\u00e9n Sumba Bravo"},"url":"https:\/\/mula.es\/web\/author\/mbsumba\/"}]}},"jetpack_publicize_connections":[],"jetpack_featured_media_url":"https:\/\/mula.es\/web\/wp-content\/uploads\/2023\/03\/Jornadas-Nacionales-2023..jpg","jetpack_sharing_enabled":true,"jetpack_shortlink":"https:\/\/wp.me\/pa9DMY-cuK","jetpack-related-posts":[],"_links":{"self":[{"href":"https:\/\/mula.es\/web\/wp-json\/wp\/v2\/posts\/48034","targetHints":{"allow":["GET"]}}],"collection":[{"href":"https:\/\/mula.es\/web\/wp-json\/wp\/v2\/posts"}],"about":[{"href":"https:\/\/mula.es\/web\/wp-json\/wp\/v2\/types\/post"}],"author":[{"embeddable":true,"href":"https:\/\/mula.es\/web\/wp-json\/wp\/v2\/users\/12"}],"replies":[{"embeddable":true,"href":"https:\/\/mula.es\/web\/wp-json\/wp\/v2\/comments?post=48034"}],"version-history":[{"count":6,"href":"https:\/\/mula.es\/web\/wp-json\/wp\/v2\/posts\/48034\/revisions"}],"predecessor-version":[{"id":48045,"href":"https:\/\/mula.es\/web\/wp-json\/wp\/v2\/posts\/48034\/revisions\/48045"}],"wp:featuredmedia":[{"embeddable":true,"href":"https:\/\/mula.es\/web\/wp-json\/wp\/v2\/media\/48035"}],"wp:attachment":[{"href":"https:\/\/mula.es\/web\/wp-json\/wp\/v2\/media?parent=48034"}],"wp:term":[{"taxonomy":"category","embeddable":true,"href":"https:\/\/mula.es\/web\/wp-json\/wp\/v2\/categories?post=48034"},{"taxonomy":"post_tag","embeddable":true,"href":"https:\/\/mula.es\/web\/wp-json\/wp\/v2\/tags?post=48034"}],"curies":[{"name":"wp","href":"https:\/\/api.w.org\/{rel}","templated":true}]}}