{"id":48049,"date":"2023-03-21T10:50:47","date_gmt":"2023-03-21T09:50:47","guid":{"rendered":"https:\/\/mula.es\/web\/?p=48049"},"modified":"2023-03-28T10:03:02","modified_gmt":"2023-03-28T08:03:02","slug":"igualdad-escuela-de-futbol-sala-mixta-para-ninos-y-ninas-de-entre-8-y-14-anos","status":"publish","type":"post","link":"https:\/\/mula.es\/web\/igualdad-escuela-de-futbol-sala-mixta-para-ninos-y-ninas-de-entre-8-y-14-anos\/","title":{"rendered":"IGUALDAD| Escuela de F\u00fatbol Sala Mixta para ni\u00f1os y ni\u00f1as de entre 8 y 14 a\u00f1os"},"content":{"rendered":"<p style=\"text-align: justify;\">La Concejal\u00eda de Igualdad del Ayuntamiento de Mula pone en marcha la Escuela de F\u00fatbol Sala Mixta, con el objetivo principal de facilitar la corresponsabilidad de padres y madres en el cuidado de menores y procurar la diversi\u00f3n de ni\u00f1os y ni\u00f1as a trav\u00e9s del deporte en su vertiente m\u00e1s educativa.\u00a0 Se trata de una iniciativa enmarcada dentro del Plan Corresponsable, financiado 100% por el Ministerio de Igualdad, a trav\u00e9s de la Secretar\u00eda de Estado de Igualdad y contra la Violencia de G\u00e9nero.<\/p>\n<p style=\"text-align: justify;\">La actividad, que contar\u00e1 con monitores del Puntarr\u00f3n F\u00fatbol Sala, se desarrollar\u00e1 <strong>desde el 17 de abril hasta el 29 de junio<\/strong>, y est\u00e1 dirigida a ni\u00f1os y ni\u00f1as de entre 8 y 14 a\u00f1os. Para inscribirse, pueden ponerse en contacto con la Concejal\u00eda de Deportes (plaza del Ayuntamiento, 8), acudiendo o llamando al tel\u00e9fono 968 637 510. La<strong> fecha l\u00edmite para apuntarse<\/strong> es el mi\u00e9rcoles, 12 de abril.<\/p>\n<p style=\"text-align: justify;\">La Escuela de F\u00fatbol Sala Mixta es totalmente gratuita y cuenta con un total de 60 plazas, cuyos <strong>horarios<\/strong> de han dividido en 4 grupos:<\/p>\n<p style=\"text-align: justify;\">GRUPO 1: lunes y mi\u00e9rcoles, de 17 a 18:30 horas.<br \/>\nGRUPO 2: lunes y mi\u00e9rcoles, de 18:30 a 20 horas.<br \/>\nGRUPO 3: martes y jueves, de 17 a 18.30 horas.<br \/>\nGRUPO 4: martes y jueves, de 18:30 a 20 horas.<\/p>\n<p style=\"text-align: justify;\">A trav\u00e9s de esta iniciativa se busca\u00a0 fomentar:<\/p>\n<p style=\"text-align: justify;\">&#8211; La educaci\u00f3n para la salud: el deporte como sin\u00f3nimo de h\u00e1bitos saludables.<br \/>\n&#8211; La educaci\u00f3n en valores: compartir reglas, formar equipo, resolver conflictos entre iguales, como valores inseparables del deporte.<br \/>\n&#8211; La actividad f\u00edsica: potenciar la capacidad cardiovascular, muscular, psicomotricidad, etc.<br \/>\n&#8211; La mejora y desarrollo de las habilidades t\u00e9cnicas a trav\u00e9s del deporte y de forma divertida.<\/p>\n<p><a href=\"https:\/\/mula.es\/web\/wp-content\/uploads\/2023\/03\/Escuela-de-futbol-sala-Plan-Corresponsables.-1.jpg\"><img decoding=\"async\" data-attachment-id=\"48055\" data-permalink=\"https:\/\/mula.es\/web\/igualdad-escuela-de-futbol-sala-mixta-para-ninos-y-ninas-de-entre-8-y-14-anos\/escuela-de-futbol-sala-plan-corresponsables-2\/\" data-orig-file=\"https:\/\/mula.es\/web\/wp-content\/uploads\/2023\/03\/Escuela-de-futbol-sala-Plan-Corresponsables.-1.jpg\" data-orig-size=\"1131,1600\" data-comments-opened=\"0\" data-image-meta=\"{&quot;aperture&quot;:&quot;0&quot;,&quot;credit&quot;:&quot;&quot;,&quot;camera&quot;:&quot;&quot;,&quot;caption&quot;:&quot;&quot;,&quot;created_timestamp&quot;:&quot;0&quot;,&quot;copyright&quot;:&quot;&quot;,&quot;focal_length&quot;:&quot;0&quot;,&quot;iso&quot;:&quot;0&quot;,&quot;shutter_speed&quot;:&quot;0&quot;,&quot;title&quot;:&quot;&quot;,&quot;orientation&quot;:&quot;0&quot;}\" data-image-title=\"Escuela de f\u00fatbol sala &amp;#8211; Plan Corresponsables.\" data-image-description=\"\" data-image-caption=\"\" data-large-file=\"https:\/\/mula.es\/web\/wp-content\/uploads\/2023\/03\/Escuela-de-futbol-sala-Plan-Corresponsables.-1-724x1024.jpg\" class=\" wp-image-48055 aligncenter\" src=\"https:\/\/mula.es\/web\/wp-content\/uploads\/2023\/03\/Escuela-de-futbol-sala-Plan-Corresponsables.-1.jpg\" alt=\"Escuela de f\u00fatbol sala - Plan Corresponsables.\" width=\"500\" height=\"707\" srcset=\"https:\/\/mula.es\/web\/wp-content\/uploads\/2023\/03\/Escuela-de-futbol-sala-Plan-Corresponsables.-1-200x283.jpg 200w, https:\/\/mula.es\/web\/wp-content\/uploads\/2023\/03\/Escuela-de-futbol-sala-Plan-Corresponsables.-1-212x300.jpg 212w, https:\/\/mula.es\/web\/wp-content\/uploads\/2023\/03\/Escuela-de-futbol-sala-Plan-Corresponsables.-1-400x566.jpg 400w, https:\/\/mula.es\/web\/wp-content\/uploads\/2023\/03\/Escuela-de-futbol-sala-Plan-Corresponsables.-1-600x849.jpg 600w, https:\/\/mula.es\/web\/wp-content\/uploads\/2023\/03\/Escuela-de-futbol-sala-Plan-Corresponsables.-1-724x1024.jpg 724w, https:\/\/mula.es\/web\/wp-content\/uploads\/2023\/03\/Escuela-de-futbol-sala-Plan-Corresponsables.-1-768x1086.jpg 768w, https:\/\/mula.es\/web\/wp-content\/uploads\/2023\/03\/Escuela-de-futbol-sala-Plan-Corresponsables.-1-800x1132.jpg 800w, https:\/\/mula.es\/web\/wp-content\/uploads\/2023\/03\/Escuela-de-futbol-sala-Plan-Corresponsables.-1-1086x1536.jpg 1086w, https:\/\/mula.es\/web\/wp-content\/uploads\/2023\/03\/Escuela-de-futbol-sala-Plan-Corresponsables.-1.jpg 1131w\" sizes=\"(max-width: 500px) 100vw, 500px\" \/><\/a><\/p>\n","protected":false},"excerpt":{"rendered":"<p>La Concejal\u00eda de Igualdad del Ayuntamiento de Mula pone en marcha la Escuela de F\u00fatbol Sala Mixta, con el objetivo principal de facilitar la corresponsabilidad de padres y madres en el cuidado de menores y procurar la diversi\u00f3n de ni\u00f1os y ni\u00f1as a trav\u00e9s del deporte en su vertiente m\u00e1s educativa.\u00a0 Se trata de una  [&#8230;]<\/p>\n","protected":false},"author":12,"featured_media":47118,"comment_status":"closed","ping_status":"closed","sticky":false,"template":"","format":"standard","meta":{"jetpack_post_was_ever_published":true,"_jetpack_newsletter_access":"","_jetpack_dont_email_post_to_subs":false,"_jetpack_newsletter_tier_id":0,"_jetpack_memberships_contains_paywalled_content":false,"_jetpack_memberships_contains_paid_content":false,"footnotes":"","jetpack_publicize_message":"","jetpack_publicize_feature_enabled":true,"jetpack_social_post_already_shared":false,"jetpack_social_options":{"image_generator_settings":{"template":"highway","default_image_id":0,"font":"","enabled":false},"version":2}},"categories":[147,803],"tags":[],"class_list":["post-48049","post","type-post","status-publish","format-standard","has-post-thumbnail","hentry","category-igualdad","category-plan-corresponsables"],"yoast_head":"<!-- This site is optimized with the Yoast SEO plugin v27.4 - https:\/\/yoast.com\/product\/yoast-seo-wordpress\/ -->\n<title>IGUALDAD| Escuela de F\u00fatbol Sala Mixta para ni\u00f1os y ni\u00f1as de entre 8 y 14 a\u00f1os - Ayuntamiento de Mula<\/title>\n<meta name=\"robots\" content=\"index, follow, max-snippet:-1, max-image-preview:large, max-video-preview:-1\" \/>\n<link rel=\"canonical\" href=\"https:\/\/mula.es\/web\/igualdad-escuela-de-futbol-sala-mixta-para-ninos-y-ninas-de-entre-8-y-14-anos\/\" \/>\n<meta property=\"og:locale\" content=\"es_ES\" \/>\n<meta property=\"og:type\" content=\"article\" \/>\n<meta property=\"og:title\" content=\"IGUALDAD| Escuela de F\u00fatbol Sala Mixta para ni\u00f1os y ni\u00f1as de entre 8 y 14 a\u00f1os - Ayuntamiento de Mula\" \/>\n<meta property=\"og:description\" content=\"La Concejal\u00eda de Igualdad del Ayuntamiento de Mula pone en marcha la Escuela de F\u00fatbol Sala Mixta, con el objetivo principal de facilitar la corresponsabilidad de padres y madres en el cuidado de menores y procurar la diversi\u00f3n de ni\u00f1os y ni\u00f1as a trav\u00e9s del deporte en su vertiente m\u00e1s educativa.\u00a0 Se trata de una [...]\" \/>\n<meta property=\"og:url\" content=\"https:\/\/mula.es\/web\/igualdad-escuela-de-futbol-sala-mixta-para-ninos-y-ninas-de-entre-8-y-14-anos\/\" \/>\n<meta property=\"og:site_name\" content=\"Ayuntamiento de Mula\" \/>\n<meta property=\"article:published_time\" content=\"2023-03-21T09:50:47+00:00\" \/>\n<meta property=\"article:modified_time\" content=\"2023-03-28T08:03:02+00:00\" \/>\n<meta property=\"og:image\" content=\"https:\/\/mula.es\/web\/wp-content\/uploads\/2023\/01\/Plan-Corresponables.png\" \/>\n\t<meta property=\"og:image:width\" content=\"1558\" \/>\n\t<meta property=\"og:image:height\" content=\"947\" \/>\n\t<meta property=\"og:image:type\" content=\"image\/png\" \/>\n<meta name=\"author\" content=\"Mar\u00eda Bel\u00e9n Sumba Bravo\" \/>\n<meta name=\"twitter:card\" content=\"summary_large_image\" \/>\n<meta name=\"twitter:creator\" content=\"@AyuntamientMula\" \/>\n<meta name=\"twitter:site\" content=\"@AyuntamientMula\" \/>\n<meta name=\"twitter:label1\" content=\"Escrito por\" \/>\n\t<meta name=\"twitter:data1\" content=\"Mar\u00eda Bel\u00e9n Sumba Bravo\" \/>\n\t<meta name=\"twitter:label2\" content=\"Tiempo de lectura\" \/>\n\t<meta name=\"twitter:data2\" content=\"2 minutos\" \/>\n<script type=\"application\/ld+json\" class=\"yoast-schema-graph\">{\"@context\":\"https:\\\/\\\/schema.org\",\"@graph\":[{\"@type\":\"Article\",\"@id\":\"https:\\\/\\\/mula.es\\\/web\\\/igualdad-escuela-de-futbol-sala-mixta-para-ninos-y-ninas-de-entre-8-y-14-anos\\\/#article\",\"isPartOf\":{\"@id\":\"https:\\\/\\\/mula.es\\\/web\\\/igualdad-escuela-de-futbol-sala-mixta-para-ninos-y-ninas-de-entre-8-y-14-anos\\\/\"},\"author\":{\"name\":\"Mar\u00eda Bel\u00e9n Sumba Bravo\",\"@id\":\"https:\\\/\\\/mula.es\\\/web\\\/#\\\/schema\\\/person\\\/4cc33fc69cd667605e1b6247815ac0c0\"},\"headline\":\"IGUALDAD| Escuela de F\u00fatbol Sala Mixta para ni\u00f1os y ni\u00f1as de entre 8 y 14 a\u00f1os\",\"datePublished\":\"2023-03-21T09:50:47+00:00\",\"dateModified\":\"2023-03-28T08:03:02+00:00\",\"mainEntityOfPage\":{\"@id\":\"https:\\\/\\\/mula.es\\\/web\\\/igualdad-escuela-de-futbol-sala-mixta-para-ninos-y-ninas-de-entre-8-y-14-anos\\\/\"},\"wordCount\":308,\"image\":{\"@id\":\"https:\\\/\\\/mula.es\\\/web\\\/igualdad-escuela-de-futbol-sala-mixta-para-ninos-y-ninas-de-entre-8-y-14-anos\\\/#primaryimage\"},\"thumbnailUrl\":\"https:\\\/\\\/mula.es\\\/web\\\/wp-content\\\/uploads\\\/2023\\\/01\\\/Plan-Corresponables.png\",\"articleSection\":[\"igualdad\",\"PLAN CORRESPONSABLES\"],\"inLanguage\":\"es\"},{\"@type\":\"WebPage\",\"@id\":\"https:\\\/\\\/mula.es\\\/web\\\/igualdad-escuela-de-futbol-sala-mixta-para-ninos-y-ninas-de-entre-8-y-14-anos\\\/\",\"url\":\"https:\\\/\\\/mula.es\\\/web\\\/igualdad-escuela-de-futbol-sala-mixta-para-ninos-y-ninas-de-entre-8-y-14-anos\\\/\",\"name\":\"IGUALDAD| Escuela de F\u00fatbol Sala Mixta para ni\u00f1os y ni\u00f1as de entre 8 y 14 a\u00f1os - Ayuntamiento de Mula\",\"isPartOf\":{\"@id\":\"https:\\\/\\\/mula.es\\\/web\\\/#website\"},\"primaryImageOfPage\":{\"@id\":\"https:\\\/\\\/mula.es\\\/web\\\/igualdad-escuela-de-futbol-sala-mixta-para-ninos-y-ninas-de-entre-8-y-14-anos\\\/#primaryimage\"},\"image\":{\"@id\":\"https:\\\/\\\/mula.es\\\/web\\\/igualdad-escuela-de-futbol-sala-mixta-para-ninos-y-ninas-de-entre-8-y-14-anos\\\/#primaryimage\"},\"thumbnailUrl\":\"https:\\\/\\\/mula.es\\\/web\\\/wp-content\\\/uploads\\\/2023\\\/01\\\/Plan-Corresponables.png\",\"datePublished\":\"2023-03-21T09:50:47+00:00\",\"dateModified\":\"2023-03-28T08:03:02+00:00\",\"author\":{\"@id\":\"https:\\\/\\\/mula.es\\\/web\\\/#\\\/schema\\\/person\\\/4cc33fc69cd667605e1b6247815ac0c0\"},\"breadcrumb\":{\"@id\":\"https:\\\/\\\/mula.es\\\/web\\\/igualdad-escuela-de-futbol-sala-mixta-para-ninos-y-ninas-de-entre-8-y-14-anos\\\/#breadcrumb\"},\"inLanguage\":\"es\",\"potentialAction\":[{\"@type\":\"ReadAction\",\"target\":[\"https:\\\/\\\/mula.es\\\/web\\\/igualdad-escuela-de-futbol-sala-mixta-para-ninos-y-ninas-de-entre-8-y-14-anos\\\/\"]}]},{\"@type\":\"ImageObject\",\"inLanguage\":\"es\",\"@id\":\"https:\\\/\\\/mula.es\\\/web\\\/igualdad-escuela-de-futbol-sala-mixta-para-ninos-y-ninas-de-entre-8-y-14-anos\\\/#primaryimage\",\"url\":\"https:\\\/\\\/mula.es\\\/web\\\/wp-content\\\/uploads\\\/2023\\\/01\\\/Plan-Corresponables.png\",\"contentUrl\":\"https:\\\/\\\/mula.es\\\/web\\\/wp-content\\\/uploads\\\/2023\\\/01\\\/Plan-Corresponables.png\",\"width\":1558,\"height\":947,\"caption\":\"Plan Corresponables\"},{\"@type\":\"BreadcrumbList\",\"@id\":\"https:\\\/\\\/mula.es\\\/web\\\/igualdad-escuela-de-futbol-sala-mixta-para-ninos-y-ninas-de-entre-8-y-14-anos\\\/#breadcrumb\",\"itemListElement\":[{\"@type\":\"ListItem\",\"position\":1,\"name\":\"Portada\",\"item\":\"https:\\\/\\\/mula.es\\\/web\\\/\"},{\"@type\":\"ListItem\",\"position\":2,\"name\":\"IGUALDAD| Escuela de F\u00fatbol Sala Mixta para ni\u00f1os y ni\u00f1as de entre 8 y 14 a\u00f1os\"}]},{\"@type\":\"WebSite\",\"@id\":\"https:\\\/\\\/mula.es\\\/web\\\/#website\",\"url\":\"https:\\\/\\\/mula.es\\\/web\\\/\",\"name\":\"Ayuntamiento de Mula\",\"description\":\"P\u00e1gina web del Ayuntamiento de Mula (Regi\u00f3n de Murcia)\",\"potentialAction\":[{\"@type\":\"SearchAction\",\"target\":{\"@type\":\"EntryPoint\",\"urlTemplate\":\"https:\\\/\\\/mula.es\\\/web\\\/?s={search_term_string}\"},\"query-input\":{\"@type\":\"PropertyValueSpecification\",\"valueRequired\":true,\"valueName\":\"search_term_string\"}}],\"inLanguage\":\"es\"},{\"@type\":\"Person\",\"@id\":\"https:\\\/\\\/mula.es\\\/web\\\/#\\\/schema\\\/person\\\/4cc33fc69cd667605e1b6247815ac0c0\",\"name\":\"Mar\u00eda Bel\u00e9n Sumba Bravo\",\"image\":{\"@type\":\"ImageObject\",\"inLanguage\":\"es\",\"@id\":\"https:\\\/\\\/secure.gravatar.com\\\/avatar\\\/8f65af12a8d72e866f97bba50325bdf89a5362533b6f2c9db8c88130883986b1?s=96&d=mm&r=g\",\"url\":\"https:\\\/\\\/secure.gravatar.com\\\/avatar\\\/8f65af12a8d72e866f97bba50325bdf89a5362533b6f2c9db8c88130883986b1?s=96&d=mm&r=g\",\"contentUrl\":\"https:\\\/\\\/secure.gravatar.com\\\/avatar\\\/8f65af12a8d72e866f97bba50325bdf89a5362533b6f2c9db8c88130883986b1?s=96&d=mm&r=g\",\"caption\":\"Mar\u00eda Bel\u00e9n Sumba Bravo\"},\"url\":\"https:\\\/\\\/mula.es\\\/web\\\/author\\\/mbsumba\\\/\"}]}<\/script>\n<!-- \/ Yoast SEO plugin. -->","yoast_head_json":{"title":"IGUALDAD| Escuela de F\u00fatbol Sala Mixta para ni\u00f1os y ni\u00f1as de entre 8 y 14 a\u00f1os - Ayuntamiento de Mula","robots":{"index":"index","follow":"follow","max-snippet":"max-snippet:-1","max-image-preview":"max-image-preview:large","max-video-preview":"max-video-preview:-1"},"canonical":"https:\/\/mula.es\/web\/igualdad-escuela-de-futbol-sala-mixta-para-ninos-y-ninas-de-entre-8-y-14-anos\/","og_locale":"es_ES","og_type":"article","og_title":"IGUALDAD| Escuela de F\u00fatbol Sala Mixta para ni\u00f1os y ni\u00f1as de entre 8 y 14 a\u00f1os - Ayuntamiento de Mula","og_description":"La Concejal\u00eda de Igualdad del Ayuntamiento de Mula pone en marcha la Escuela de F\u00fatbol Sala Mixta, con el objetivo principal de facilitar la corresponsabilidad de padres y madres en el cuidado de menores y procurar la diversi\u00f3n de ni\u00f1os y ni\u00f1as a trav\u00e9s del deporte en su vertiente m\u00e1s educativa.\u00a0 Se trata de una [...]","og_url":"https:\/\/mula.es\/web\/igualdad-escuela-de-futbol-sala-mixta-para-ninos-y-ninas-de-entre-8-y-14-anos\/","og_site_name":"Ayuntamiento de Mula","article_published_time":"2023-03-21T09:50:47+00:00","article_modified_time":"2023-03-28T08:03:02+00:00","og_image":[{"width":1558,"height":947,"url":"https:\/\/mula.es\/web\/wp-content\/uploads\/2023\/01\/Plan-Corresponables.png","type":"image\/png"}],"author":"Mar\u00eda Bel\u00e9n Sumba Bravo","twitter_card":"summary_large_image","twitter_creator":"@AyuntamientMula","twitter_site":"@AyuntamientMula","twitter_misc":{"Escrito por":"Mar\u00eda Bel\u00e9n Sumba Bravo","Tiempo de lectura":"2 minutos"},"schema":{"@context":"https:\/\/schema.org","@graph":[{"@type":"Article","@id":"https:\/\/mula.es\/web\/igualdad-escuela-de-futbol-sala-mixta-para-ninos-y-ninas-de-entre-8-y-14-anos\/#article","isPartOf":{"@id":"https:\/\/mula.es\/web\/igualdad-escuela-de-futbol-sala-mixta-para-ninos-y-ninas-de-entre-8-y-14-anos\/"},"author":{"name":"Mar\u00eda Bel\u00e9n Sumba Bravo","@id":"https:\/\/mula.es\/web\/#\/schema\/person\/4cc33fc69cd667605e1b6247815ac0c0"},"headline":"IGUALDAD| Escuela de F\u00fatbol Sala Mixta para ni\u00f1os y ni\u00f1as de entre 8 y 14 a\u00f1os","datePublished":"2023-03-21T09:50:47+00:00","dateModified":"2023-03-28T08:03:02+00:00","mainEntityOfPage":{"@id":"https:\/\/mula.es\/web\/igualdad-escuela-de-futbol-sala-mixta-para-ninos-y-ninas-de-entre-8-y-14-anos\/"},"wordCount":308,"image":{"@id":"https:\/\/mula.es\/web\/igualdad-escuela-de-futbol-sala-mixta-para-ninos-y-ninas-de-entre-8-y-14-anos\/#primaryimage"},"thumbnailUrl":"https:\/\/mula.es\/web\/wp-content\/uploads\/2023\/01\/Plan-Corresponables.png","articleSection":["igualdad","PLAN CORRESPONSABLES"],"inLanguage":"es"},{"@type":"WebPage","@id":"https:\/\/mula.es\/web\/igualdad-escuela-de-futbol-sala-mixta-para-ninos-y-ninas-de-entre-8-y-14-anos\/","url":"https:\/\/mula.es\/web\/igualdad-escuela-de-futbol-sala-mixta-para-ninos-y-ninas-de-entre-8-y-14-anos\/","name":"IGUALDAD| Escuela de F\u00fatbol Sala Mixta para ni\u00f1os y ni\u00f1as de entre 8 y 14 a\u00f1os - Ayuntamiento de Mula","isPartOf":{"@id":"https:\/\/mula.es\/web\/#website"},"primaryImageOfPage":{"@id":"https:\/\/mula.es\/web\/igualdad-escuela-de-futbol-sala-mixta-para-ninos-y-ninas-de-entre-8-y-14-anos\/#primaryimage"},"image":{"@id":"https:\/\/mula.es\/web\/igualdad-escuela-de-futbol-sala-mixta-para-ninos-y-ninas-de-entre-8-y-14-anos\/#primaryimage"},"thumbnailUrl":"https:\/\/mula.es\/web\/wp-content\/uploads\/2023\/01\/Plan-Corresponables.png","datePublished":"2023-03-21T09:50:47+00:00","dateModified":"2023-03-28T08:03:02+00:00","author":{"@id":"https:\/\/mula.es\/web\/#\/schema\/person\/4cc33fc69cd667605e1b6247815ac0c0"},"breadcrumb":{"@id":"https:\/\/mula.es\/web\/igualdad-escuela-de-futbol-sala-mixta-para-ninos-y-ninas-de-entre-8-y-14-anos\/#breadcrumb"},"inLanguage":"es","potentialAction":[{"@type":"ReadAction","target":["https:\/\/mula.es\/web\/igualdad-escuela-de-futbol-sala-mixta-para-ninos-y-ninas-de-entre-8-y-14-anos\/"]}]},{"@type":"ImageObject","inLanguage":"es","@id":"https:\/\/mula.es\/web\/igualdad-escuela-de-futbol-sala-mixta-para-ninos-y-ninas-de-entre-8-y-14-anos\/#primaryimage","url":"https:\/\/mula.es\/web\/wp-content\/uploads\/2023\/01\/Plan-Corresponables.png","contentUrl":"https:\/\/mula.es\/web\/wp-content\/uploads\/2023\/01\/Plan-Corresponables.png","width":1558,"height":947,"caption":"Plan Corresponables"},{"@type":"BreadcrumbList","@id":"https:\/\/mula.es\/web\/igualdad-escuela-de-futbol-sala-mixta-para-ninos-y-ninas-de-entre-8-y-14-anos\/#breadcrumb","itemListElement":[{"@type":"ListItem","position":1,"name":"Portada","item":"https:\/\/mula.es\/web\/"},{"@type":"ListItem","position":2,"name":"IGUALDAD| Escuela de F\u00fatbol Sala Mixta para ni\u00f1os y ni\u00f1as de entre 8 y 14 a\u00f1os"}]},{"@type":"WebSite","@id":"https:\/\/mula.es\/web\/#website","url":"https:\/\/mula.es\/web\/","name":"Ayuntamiento de Mula","description":"P\u00e1gina web del Ayuntamiento de Mula (Regi\u00f3n de Murcia)","potentialAction":[{"@type":"SearchAction","target":{"@type":"EntryPoint","urlTemplate":"https:\/\/mula.es\/web\/?s={search_term_string}"},"query-input":{"@type":"PropertyValueSpecification","valueRequired":true,"valueName":"search_term_string"}}],"inLanguage":"es"},{"@type":"Person","@id":"https:\/\/mula.es\/web\/#\/schema\/person\/4cc33fc69cd667605e1b6247815ac0c0","name":"Mar\u00eda Bel\u00e9n Sumba Bravo","image":{"@type":"ImageObject","inLanguage":"es","@id":"https:\/\/secure.gravatar.com\/avatar\/8f65af12a8d72e866f97bba50325bdf89a5362533b6f2c9db8c88130883986b1?s=96&d=mm&r=g","url":"https:\/\/secure.gravatar.com\/avatar\/8f65af12a8d72e866f97bba50325bdf89a5362533b6f2c9db8c88130883986b1?s=96&d=mm&r=g","contentUrl":"https:\/\/secure.gravatar.com\/avatar\/8f65af12a8d72e866f97bba50325bdf89a5362533b6f2c9db8c88130883986b1?s=96&d=mm&r=g","caption":"Mar\u00eda Bel\u00e9n Sumba Bravo"},"url":"https:\/\/mula.es\/web\/author\/mbsumba\/"}]}},"jetpack_publicize_connections":[],"jetpack_featured_media_url":"https:\/\/mula.es\/web\/wp-content\/uploads\/2023\/01\/Plan-Corresponables.png","jetpack_sharing_enabled":true,"jetpack_shortlink":"https:\/\/wp.me\/pa9DMY-cuZ","jetpack-related-posts":[],"_links":{"self":[{"href":"https:\/\/mula.es\/web\/wp-json\/wp\/v2\/posts\/48049","targetHints":{"allow":["GET"]}}],"collection":[{"href":"https:\/\/mula.es\/web\/wp-json\/wp\/v2\/posts"}],"about":[{"href":"https:\/\/mula.es\/web\/wp-json\/wp\/v2\/types\/post"}],"author":[{"embeddable":true,"href":"https:\/\/mula.es\/web\/wp-json\/wp\/v2\/users\/12"}],"replies":[{"embeddable":true,"href":"https:\/\/mula.es\/web\/wp-json\/wp\/v2\/comments?post=48049"}],"version-history":[{"count":7,"href":"https:\/\/mula.es\/web\/wp-json\/wp\/v2\/posts\/48049\/revisions"}],"predecessor-version":[{"id":48146,"href":"https:\/\/mula.es\/web\/wp-json\/wp\/v2\/posts\/48049\/revisions\/48146"}],"wp:featuredmedia":[{"embeddable":true,"href":"https:\/\/mula.es\/web\/wp-json\/wp\/v2\/media\/47118"}],"wp:attachment":[{"href":"https:\/\/mula.es\/web\/wp-json\/wp\/v2\/media?parent=48049"}],"wp:term":[{"taxonomy":"category","embeddable":true,"href":"https:\/\/mula.es\/web\/wp-json\/wp\/v2\/categories?post=48049"},{"taxonomy":"post_tag","embeddable":true,"href":"https:\/\/mula.es\/web\/wp-json\/wp\/v2\/tags?post=48049"}],"curies":[{"name":"wp","href":"https:\/\/api.w.org\/{rel}","templated":true}]}}