{"id":48326,"date":"2023-04-17T11:55:54","date_gmt":"2023-04-17T09:55:54","guid":{"rendered":"https:\/\/mula.es\/web\/?p=48326"},"modified":"2023-04-17T12:03:39","modified_gmt":"2023-04-17T10:03:39","slug":"biblioteca-noche-en-la-biblioteca-una-actividad-de-ocio-educativa-para-ninos-y-ninas-de-entre-8-y-10-anos","status":"publish","type":"post","link":"https:\/\/mula.es\/web\/biblioteca-noche-en-la-biblioteca-una-actividad-de-ocio-educativa-para-ninos-y-ninas-de-entre-8-y-10-anos\/","title":{"rendered":"BIBLIOTECA| Noche en la biblioteca, una actividad de ocio educativa para ni\u00f1os y ni\u00f1as de entre 8 y 10 a\u00f1os"},"content":{"rendered":"<p style=\"text-align: justify;\">El Ayuntamiento de Mula pone en marcha <strong>Noche en la biblioteca<\/strong>, una actividad gratuita dirigida a ni\u00f1os y ni\u00f1as de entre 8 y 10 a\u00f1os, en la que los y las participantes pasar\u00e1n la noche entera en la Biblioteca Municipal de Mula realizando multitud de din\u00e1micas encaminadas al fomento de la lectura, la noche del 21 al 22 de abril.<\/p>\n<p style=\"text-align: justify;\">Enmarcada dentro del Plan Corresponsables y de las iniciativas realizadas por la Biblioteca Municipal con motivo del D\u00eda Internacional del Libro, la propuesta busca dar a conocer y promover el uso de la biblioteca como una alternativa de ocio educativo. Usando como hilo argumental los libros de Harry Potter y una metodolog\u00eda participativa, realizar\u00e1n lecturas guiadas, gymkana de pruebas, manualidades, etc.<\/p>\n<p><strong>\u00bfD\u00f3nde se realizan las inscripciones y qu\u00e9 horario tiene Noche en la biblioteca?<\/strong><br \/>\nNoche en la biblioteca cuenta con un total de <strong>15 plazas<\/strong>, a las que las personas interesadas pueden acceder<strong> acudiendo a la Biblioteca Municipal y rellenando el formulario de inscripci\u00f3n, hasta el jueves, 20 de abril. <\/strong><\/p>\n<p>La iniciativa se llevar\u00e1 a cabo en las instalaciones de la Biblioteca Municipal de Mula (Av. Juan Antonio Perea, 34). Y se desarrollar\u00e1 desde las 20 horas del viernes, 21 de abril, hasta las 9 horas del s\u00e1bado, 22 de abril.<\/p>\n<p>20 horas. Recepci\u00f3n.<\/p>\n<p>20:15 horas. Actividades Presentaci\u00f3n.<\/p>\n<p>21 horas. Cena.<\/p>\n<p>21:45 horas. Actividades.<\/p>\n<p>23:30 horas. Aseo y preparaci\u00f3n de la zona para dormir.<\/p>\n<p>00 horas. Silencio.<\/p>\n<p>8 horas. Diana y aseo.<\/p>\n<p>8:15 horas. Desayuno y recogida.<\/p>\n<p>9 horas. Salida.<\/p>\n<p><strong>\u00bfQui\u00e9n realiza las actividades?<\/strong><br \/>\nEl equipo de trabajo cuenta con un coordinador de la actividad especialista universitario en Coordinaci\u00f3n y Direcci\u00f3n de Actividades para la Juventud. Asimismo, en el trabajo directo con los y las participantes habr\u00e1 una trabajadora social y una monitora de ocio y tiempo libre.<\/p>\n<p><strong>\u00bfQu\u00e9 tienen que llevar los y las participantes?<\/strong><br \/>\n&#8211; Saco de dormir y aislante (esterilla).<br \/>\n&#8211; \u00datiles de aseo (toalla, cepillo y pasta de dientes, cepillo del pelo\u2026).<br \/>\n&#8211; Cena del d\u00eda 21 (preferiblemente bocadillo\/sandwich).<br \/>\n&#8211; Desayuno del d\u00eda 22.<br \/>\n&#8211; Ganas de pasarlo bien.<\/p>\n<p><strong>\u00bfQu\u00e9 tienen que dejar en casa los y las participantes?<\/strong><br \/>\n&#8211; Tel\u00e9fono m\u00f3vil.<br \/>\n&#8211; Videojuegos, tablet o consolas port\u00e1tiles.<br \/>\n&#8211; Juguetes.<br \/>\n&#8211; Mal humor.<\/p>\n","protected":false},"excerpt":{"rendered":"<p>El Ayuntamiento de Mula pone en marcha Noche en la biblioteca, una actividad gratuita dirigida a ni\u00f1os y ni\u00f1as de entre 8 y 10 a\u00f1os, en la que los y las participantes pasar\u00e1n la noche entera en la Biblioteca Municipal de Mula realizando multitud de din\u00e1micas encaminadas al fomento de la lectura, la noche del  [&#8230;]<\/p>\n","protected":false},"author":12,"featured_media":48327,"comment_status":"closed","ping_status":"closed","sticky":false,"template":"","format":"standard","meta":{"jetpack_post_was_ever_published":false,"_jetpack_newsletter_access":"","_jetpack_dont_email_post_to_subs":false,"_jetpack_newsletter_tier_id":0,"_jetpack_memberships_contains_paywalled_content":false,"_jetpack_memberships_contains_paid_content":false,"footnotes":"","jetpack_publicize_message":"","jetpack_publicize_feature_enabled":true,"jetpack_social_post_already_shared":false,"jetpack_social_options":{"image_generator_settings":{"template":"highway","default_image_id":0,"font":"","enabled":false},"version":2}},"categories":[77,803],"tags":[],"class_list":["post-48326","post","type-post","status-publish","format-standard","has-post-thumbnail","hentry","category-biblioteca","category-plan-corresponsables"],"yoast_head":"<!-- This site is optimized with the Yoast SEO plugin v27.5 - https:\/\/yoast.com\/product\/yoast-seo-wordpress\/ -->\n<title>BIBLIOTECA| Noche en la biblioteca, una actividad de ocio educativa para ni\u00f1os y ni\u00f1as de entre 8 y 10 a\u00f1os - Ayuntamiento de Mula<\/title>\n<meta name=\"robots\" content=\"index, follow, max-snippet:-1, max-image-preview:large, max-video-preview:-1\" \/>\n<link rel=\"canonical\" href=\"https:\/\/mula.es\/web\/biblioteca-noche-en-la-biblioteca-una-actividad-de-ocio-educativa-para-ninos-y-ninas-de-entre-8-y-10-anos\/\" \/>\n<meta property=\"og:locale\" content=\"es_ES\" \/>\n<meta property=\"og:type\" content=\"article\" \/>\n<meta property=\"og:title\" content=\"BIBLIOTECA| Noche en la biblioteca, una actividad de ocio educativa para ni\u00f1os y ni\u00f1as de entre 8 y 10 a\u00f1os - Ayuntamiento de Mula\" \/>\n<meta property=\"og:description\" content=\"El Ayuntamiento de Mula pone en marcha Noche en la biblioteca, una actividad gratuita dirigida a ni\u00f1os y ni\u00f1as de entre 8 y 10 a\u00f1os, en la que los y las participantes pasar\u00e1n la noche entera en la Biblioteca Municipal de Mula realizando multitud de din\u00e1micas encaminadas al fomento de la lectura, la noche del [...]\" \/>\n<meta property=\"og:url\" content=\"https:\/\/mula.es\/web\/biblioteca-noche-en-la-biblioteca-una-actividad-de-ocio-educativa-para-ninos-y-ninas-de-entre-8-y-10-anos\/\" \/>\n<meta property=\"og:site_name\" content=\"Ayuntamiento de Mula\" \/>\n<meta property=\"article:published_time\" content=\"2023-04-17T09:55:54+00:00\" \/>\n<meta property=\"article:modified_time\" content=\"2023-04-17T10:03:39+00:00\" \/>\n<meta property=\"og:image\" content=\"https:\/\/mula.es\/web\/wp-content\/uploads\/2023\/04\/Noche-en-la-biblioteca.jpg\" \/>\n\t<meta property=\"og:image:width\" content=\"1131\" \/>\n\t<meta property=\"og:image:height\" content=\"1600\" \/>\n\t<meta property=\"og:image:type\" content=\"image\/jpeg\" \/>\n<meta name=\"author\" content=\"Mar\u00eda Bel\u00e9n Sumba Bravo\" \/>\n<meta name=\"twitter:card\" content=\"summary_large_image\" \/>\n<meta name=\"twitter:creator\" content=\"@AyuntamientMula\" \/>\n<meta name=\"twitter:site\" content=\"@AyuntamientMula\" \/>\n<meta name=\"twitter:label1\" content=\"Escrito por\" \/>\n\t<meta name=\"twitter:data1\" content=\"Mar\u00eda Bel\u00e9n Sumba Bravo\" \/>\n\t<meta name=\"twitter:label2\" content=\"Tiempo de lectura\" \/>\n\t<meta name=\"twitter:data2\" content=\"2 minutos\" \/>\n<script type=\"application\/ld+json\" class=\"yoast-schema-graph\">{\"@context\":\"https:\\\/\\\/schema.org\",\"@graph\":[{\"@type\":\"Article\",\"@id\":\"https:\\\/\\\/mula.es\\\/web\\\/biblioteca-noche-en-la-biblioteca-una-actividad-de-ocio-educativa-para-ninos-y-ninas-de-entre-8-y-10-anos\\\/#article\",\"isPartOf\":{\"@id\":\"https:\\\/\\\/mula.es\\\/web\\\/biblioteca-noche-en-la-biblioteca-una-actividad-de-ocio-educativa-para-ninos-y-ninas-de-entre-8-y-10-anos\\\/\"},\"author\":{\"name\":\"Mar\u00eda Bel\u00e9n Sumba Bravo\",\"@id\":\"https:\\\/\\\/mula.es\\\/web\\\/#\\\/schema\\\/person\\\/4cc33fc69cd667605e1b6247815ac0c0\"},\"headline\":\"BIBLIOTECA| Noche en la biblioteca, una actividad de ocio educativa para ni\u00f1os y ni\u00f1as de entre 8 y 10 a\u00f1os\",\"datePublished\":\"2023-04-17T09:55:54+00:00\",\"dateModified\":\"2023-04-17T10:03:39+00:00\",\"mainEntityOfPage\":{\"@id\":\"https:\\\/\\\/mula.es\\\/web\\\/biblioteca-noche-en-la-biblioteca-una-actividad-de-ocio-educativa-para-ninos-y-ninas-de-entre-8-y-10-anos\\\/\"},\"wordCount\":389,\"image\":{\"@id\":\"https:\\\/\\\/mula.es\\\/web\\\/biblioteca-noche-en-la-biblioteca-una-actividad-de-ocio-educativa-para-ninos-y-ninas-de-entre-8-y-10-anos\\\/#primaryimage\"},\"thumbnailUrl\":\"https:\\\/\\\/mula.es\\\/web\\\/wp-content\\\/uploads\\\/2023\\\/04\\\/Noche-en-la-biblioteca.jpg\",\"articleSection\":[\"biblioteca\",\"PLAN CORRESPONSABLES\"],\"inLanguage\":\"es\"},{\"@type\":\"WebPage\",\"@id\":\"https:\\\/\\\/mula.es\\\/web\\\/biblioteca-noche-en-la-biblioteca-una-actividad-de-ocio-educativa-para-ninos-y-ninas-de-entre-8-y-10-anos\\\/\",\"url\":\"https:\\\/\\\/mula.es\\\/web\\\/biblioteca-noche-en-la-biblioteca-una-actividad-de-ocio-educativa-para-ninos-y-ninas-de-entre-8-y-10-anos\\\/\",\"name\":\"BIBLIOTECA| Noche en la biblioteca, una actividad de ocio educativa para ni\u00f1os y ni\u00f1as de entre 8 y 10 a\u00f1os - Ayuntamiento de Mula\",\"isPartOf\":{\"@id\":\"https:\\\/\\\/mula.es\\\/web\\\/#website\"},\"primaryImageOfPage\":{\"@id\":\"https:\\\/\\\/mula.es\\\/web\\\/biblioteca-noche-en-la-biblioteca-una-actividad-de-ocio-educativa-para-ninos-y-ninas-de-entre-8-y-10-anos\\\/#primaryimage\"},\"image\":{\"@id\":\"https:\\\/\\\/mula.es\\\/web\\\/biblioteca-noche-en-la-biblioteca-una-actividad-de-ocio-educativa-para-ninos-y-ninas-de-entre-8-y-10-anos\\\/#primaryimage\"},\"thumbnailUrl\":\"https:\\\/\\\/mula.es\\\/web\\\/wp-content\\\/uploads\\\/2023\\\/04\\\/Noche-en-la-biblioteca.jpg\",\"datePublished\":\"2023-04-17T09:55:54+00:00\",\"dateModified\":\"2023-04-17T10:03:39+00:00\",\"author\":{\"@id\":\"https:\\\/\\\/mula.es\\\/web\\\/#\\\/schema\\\/person\\\/4cc33fc69cd667605e1b6247815ac0c0\"},\"breadcrumb\":{\"@id\":\"https:\\\/\\\/mula.es\\\/web\\\/biblioteca-noche-en-la-biblioteca-una-actividad-de-ocio-educativa-para-ninos-y-ninas-de-entre-8-y-10-anos\\\/#breadcrumb\"},\"inLanguage\":\"es\",\"potentialAction\":[{\"@type\":\"ReadAction\",\"target\":[\"https:\\\/\\\/mula.es\\\/web\\\/biblioteca-noche-en-la-biblioteca-una-actividad-de-ocio-educativa-para-ninos-y-ninas-de-entre-8-y-10-anos\\\/\"]}]},{\"@type\":\"ImageObject\",\"inLanguage\":\"es\",\"@id\":\"https:\\\/\\\/mula.es\\\/web\\\/biblioteca-noche-en-la-biblioteca-una-actividad-de-ocio-educativa-para-ninos-y-ninas-de-entre-8-y-10-anos\\\/#primaryimage\",\"url\":\"https:\\\/\\\/mula.es\\\/web\\\/wp-content\\\/uploads\\\/2023\\\/04\\\/Noche-en-la-biblioteca.jpg\",\"contentUrl\":\"https:\\\/\\\/mula.es\\\/web\\\/wp-content\\\/uploads\\\/2023\\\/04\\\/Noche-en-la-biblioteca.jpg\",\"width\":1131,\"height\":1600,\"caption\":\"Noche en la biblioteca\"},{\"@type\":\"BreadcrumbList\",\"@id\":\"https:\\\/\\\/mula.es\\\/web\\\/biblioteca-noche-en-la-biblioteca-una-actividad-de-ocio-educativa-para-ninos-y-ninas-de-entre-8-y-10-anos\\\/#breadcrumb\",\"itemListElement\":[{\"@type\":\"ListItem\",\"position\":1,\"name\":\"Portada\",\"item\":\"https:\\\/\\\/mula.es\\\/web\\\/\"},{\"@type\":\"ListItem\",\"position\":2,\"name\":\"BIBLIOTECA| Noche en la biblioteca, una actividad de ocio educativa para ni\u00f1os y ni\u00f1as de entre 8 y 10 a\u00f1os\"}]},{\"@type\":\"WebSite\",\"@id\":\"https:\\\/\\\/mula.es\\\/web\\\/#website\",\"url\":\"https:\\\/\\\/mula.es\\\/web\\\/\",\"name\":\"Ayuntamiento de Mula\",\"description\":\"P\u00e1gina web del Ayuntamiento de Mula (Regi\u00f3n de Murcia)\",\"potentialAction\":[{\"@type\":\"SearchAction\",\"target\":{\"@type\":\"EntryPoint\",\"urlTemplate\":\"https:\\\/\\\/mula.es\\\/web\\\/?s={search_term_string}\"},\"query-input\":{\"@type\":\"PropertyValueSpecification\",\"valueRequired\":true,\"valueName\":\"search_term_string\"}}],\"inLanguage\":\"es\"},{\"@type\":\"Person\",\"@id\":\"https:\\\/\\\/mula.es\\\/web\\\/#\\\/schema\\\/person\\\/4cc33fc69cd667605e1b6247815ac0c0\",\"name\":\"Mar\u00eda Bel\u00e9n Sumba Bravo\",\"image\":{\"@type\":\"ImageObject\",\"inLanguage\":\"es\",\"@id\":\"https:\\\/\\\/secure.gravatar.com\\\/avatar\\\/8f65af12a8d72e866f97bba50325bdf89a5362533b6f2c9db8c88130883986b1?s=96&d=mm&r=g\",\"url\":\"https:\\\/\\\/secure.gravatar.com\\\/avatar\\\/8f65af12a8d72e866f97bba50325bdf89a5362533b6f2c9db8c88130883986b1?s=96&d=mm&r=g\",\"contentUrl\":\"https:\\\/\\\/secure.gravatar.com\\\/avatar\\\/8f65af12a8d72e866f97bba50325bdf89a5362533b6f2c9db8c88130883986b1?s=96&d=mm&r=g\",\"caption\":\"Mar\u00eda Bel\u00e9n Sumba Bravo\"},\"url\":\"https:\\\/\\\/mula.es\\\/web\\\/author\\\/mbsumba\\\/\"}]}<\/script>\n<!-- \/ Yoast SEO plugin. -->","yoast_head_json":{"title":"BIBLIOTECA| Noche en la biblioteca, una actividad de ocio educativa para ni\u00f1os y ni\u00f1as de entre 8 y 10 a\u00f1os - Ayuntamiento de Mula","robots":{"index":"index","follow":"follow","max-snippet":"max-snippet:-1","max-image-preview":"max-image-preview:large","max-video-preview":"max-video-preview:-1"},"canonical":"https:\/\/mula.es\/web\/biblioteca-noche-en-la-biblioteca-una-actividad-de-ocio-educativa-para-ninos-y-ninas-de-entre-8-y-10-anos\/","og_locale":"es_ES","og_type":"article","og_title":"BIBLIOTECA| Noche en la biblioteca, una actividad de ocio educativa para ni\u00f1os y ni\u00f1as de entre 8 y 10 a\u00f1os - Ayuntamiento de Mula","og_description":"El Ayuntamiento de Mula pone en marcha Noche en la biblioteca, una actividad gratuita dirigida a ni\u00f1os y ni\u00f1as de entre 8 y 10 a\u00f1os, en la que los y las participantes pasar\u00e1n la noche entera en la Biblioteca Municipal de Mula realizando multitud de din\u00e1micas encaminadas al fomento de la lectura, la noche del [...]","og_url":"https:\/\/mula.es\/web\/biblioteca-noche-en-la-biblioteca-una-actividad-de-ocio-educativa-para-ninos-y-ninas-de-entre-8-y-10-anos\/","og_site_name":"Ayuntamiento de Mula","article_published_time":"2023-04-17T09:55:54+00:00","article_modified_time":"2023-04-17T10:03:39+00:00","og_image":[{"width":1131,"height":1600,"url":"https:\/\/mula.es\/web\/wp-content\/uploads\/2023\/04\/Noche-en-la-biblioteca.jpg","type":"image\/jpeg"}],"author":"Mar\u00eda Bel\u00e9n Sumba Bravo","twitter_card":"summary_large_image","twitter_creator":"@AyuntamientMula","twitter_site":"@AyuntamientMula","twitter_misc":{"Escrito por":"Mar\u00eda Bel\u00e9n Sumba Bravo","Tiempo de lectura":"2 minutos"},"schema":{"@context":"https:\/\/schema.org","@graph":[{"@type":"Article","@id":"https:\/\/mula.es\/web\/biblioteca-noche-en-la-biblioteca-una-actividad-de-ocio-educativa-para-ninos-y-ninas-de-entre-8-y-10-anos\/#article","isPartOf":{"@id":"https:\/\/mula.es\/web\/biblioteca-noche-en-la-biblioteca-una-actividad-de-ocio-educativa-para-ninos-y-ninas-de-entre-8-y-10-anos\/"},"author":{"name":"Mar\u00eda Bel\u00e9n Sumba Bravo","@id":"https:\/\/mula.es\/web\/#\/schema\/person\/4cc33fc69cd667605e1b6247815ac0c0"},"headline":"BIBLIOTECA| Noche en la biblioteca, una actividad de ocio educativa para ni\u00f1os y ni\u00f1as de entre 8 y 10 a\u00f1os","datePublished":"2023-04-17T09:55:54+00:00","dateModified":"2023-04-17T10:03:39+00:00","mainEntityOfPage":{"@id":"https:\/\/mula.es\/web\/biblioteca-noche-en-la-biblioteca-una-actividad-de-ocio-educativa-para-ninos-y-ninas-de-entre-8-y-10-anos\/"},"wordCount":389,"image":{"@id":"https:\/\/mula.es\/web\/biblioteca-noche-en-la-biblioteca-una-actividad-de-ocio-educativa-para-ninos-y-ninas-de-entre-8-y-10-anos\/#primaryimage"},"thumbnailUrl":"https:\/\/mula.es\/web\/wp-content\/uploads\/2023\/04\/Noche-en-la-biblioteca.jpg","articleSection":["biblioteca","PLAN CORRESPONSABLES"],"inLanguage":"es"},{"@type":"WebPage","@id":"https:\/\/mula.es\/web\/biblioteca-noche-en-la-biblioteca-una-actividad-de-ocio-educativa-para-ninos-y-ninas-de-entre-8-y-10-anos\/","url":"https:\/\/mula.es\/web\/biblioteca-noche-en-la-biblioteca-una-actividad-de-ocio-educativa-para-ninos-y-ninas-de-entre-8-y-10-anos\/","name":"BIBLIOTECA| Noche en la biblioteca, una actividad de ocio educativa para ni\u00f1os y ni\u00f1as de entre 8 y 10 a\u00f1os - Ayuntamiento de Mula","isPartOf":{"@id":"https:\/\/mula.es\/web\/#website"},"primaryImageOfPage":{"@id":"https:\/\/mula.es\/web\/biblioteca-noche-en-la-biblioteca-una-actividad-de-ocio-educativa-para-ninos-y-ninas-de-entre-8-y-10-anos\/#primaryimage"},"image":{"@id":"https:\/\/mula.es\/web\/biblioteca-noche-en-la-biblioteca-una-actividad-de-ocio-educativa-para-ninos-y-ninas-de-entre-8-y-10-anos\/#primaryimage"},"thumbnailUrl":"https:\/\/mula.es\/web\/wp-content\/uploads\/2023\/04\/Noche-en-la-biblioteca.jpg","datePublished":"2023-04-17T09:55:54+00:00","dateModified":"2023-04-17T10:03:39+00:00","author":{"@id":"https:\/\/mula.es\/web\/#\/schema\/person\/4cc33fc69cd667605e1b6247815ac0c0"},"breadcrumb":{"@id":"https:\/\/mula.es\/web\/biblioteca-noche-en-la-biblioteca-una-actividad-de-ocio-educativa-para-ninos-y-ninas-de-entre-8-y-10-anos\/#breadcrumb"},"inLanguage":"es","potentialAction":[{"@type":"ReadAction","target":["https:\/\/mula.es\/web\/biblioteca-noche-en-la-biblioteca-una-actividad-de-ocio-educativa-para-ninos-y-ninas-de-entre-8-y-10-anos\/"]}]},{"@type":"ImageObject","inLanguage":"es","@id":"https:\/\/mula.es\/web\/biblioteca-noche-en-la-biblioteca-una-actividad-de-ocio-educativa-para-ninos-y-ninas-de-entre-8-y-10-anos\/#primaryimage","url":"https:\/\/mula.es\/web\/wp-content\/uploads\/2023\/04\/Noche-en-la-biblioteca.jpg","contentUrl":"https:\/\/mula.es\/web\/wp-content\/uploads\/2023\/04\/Noche-en-la-biblioteca.jpg","width":1131,"height":1600,"caption":"Noche en la biblioteca"},{"@type":"BreadcrumbList","@id":"https:\/\/mula.es\/web\/biblioteca-noche-en-la-biblioteca-una-actividad-de-ocio-educativa-para-ninos-y-ninas-de-entre-8-y-10-anos\/#breadcrumb","itemListElement":[{"@type":"ListItem","position":1,"name":"Portada","item":"https:\/\/mula.es\/web\/"},{"@type":"ListItem","position":2,"name":"BIBLIOTECA| Noche en la biblioteca, una actividad de ocio educativa para ni\u00f1os y ni\u00f1as de entre 8 y 10 a\u00f1os"}]},{"@type":"WebSite","@id":"https:\/\/mula.es\/web\/#website","url":"https:\/\/mula.es\/web\/","name":"Ayuntamiento de Mula","description":"P\u00e1gina web del Ayuntamiento de Mula (Regi\u00f3n de Murcia)","potentialAction":[{"@type":"SearchAction","target":{"@type":"EntryPoint","urlTemplate":"https:\/\/mula.es\/web\/?s={search_term_string}"},"query-input":{"@type":"PropertyValueSpecification","valueRequired":true,"valueName":"search_term_string"}}],"inLanguage":"es"},{"@type":"Person","@id":"https:\/\/mula.es\/web\/#\/schema\/person\/4cc33fc69cd667605e1b6247815ac0c0","name":"Mar\u00eda Bel\u00e9n Sumba Bravo","image":{"@type":"ImageObject","inLanguage":"es","@id":"https:\/\/secure.gravatar.com\/avatar\/8f65af12a8d72e866f97bba50325bdf89a5362533b6f2c9db8c88130883986b1?s=96&d=mm&r=g","url":"https:\/\/secure.gravatar.com\/avatar\/8f65af12a8d72e866f97bba50325bdf89a5362533b6f2c9db8c88130883986b1?s=96&d=mm&r=g","contentUrl":"https:\/\/secure.gravatar.com\/avatar\/8f65af12a8d72e866f97bba50325bdf89a5362533b6f2c9db8c88130883986b1?s=96&d=mm&r=g","caption":"Mar\u00eda Bel\u00e9n Sumba Bravo"},"url":"https:\/\/mula.es\/web\/author\/mbsumba\/"}]}},"jetpack_publicize_connections":[],"jetpack_featured_media_url":"https:\/\/mula.es\/web\/wp-content\/uploads\/2023\/04\/Noche-en-la-biblioteca.jpg","jetpack_sharing_enabled":true,"jetpack_shortlink":"https:\/\/wp.me\/pa9DMY-czs","jetpack-related-posts":[],"_links":{"self":[{"href":"https:\/\/mula.es\/web\/wp-json\/wp\/v2\/posts\/48326","targetHints":{"allow":["GET"]}}],"collection":[{"href":"https:\/\/mula.es\/web\/wp-json\/wp\/v2\/posts"}],"about":[{"href":"https:\/\/mula.es\/web\/wp-json\/wp\/v2\/types\/post"}],"author":[{"embeddable":true,"href":"https:\/\/mula.es\/web\/wp-json\/wp\/v2\/users\/12"}],"replies":[{"embeddable":true,"href":"https:\/\/mula.es\/web\/wp-json\/wp\/v2\/comments?post=48326"}],"version-history":[{"count":5,"href":"https:\/\/mula.es\/web\/wp-json\/wp\/v2\/posts\/48326\/revisions"}],"predecessor-version":[{"id":48332,"href":"https:\/\/mula.es\/web\/wp-json\/wp\/v2\/posts\/48326\/revisions\/48332"}],"wp:featuredmedia":[{"embeddable":true,"href":"https:\/\/mula.es\/web\/wp-json\/wp\/v2\/media\/48327"}],"wp:attachment":[{"href":"https:\/\/mula.es\/web\/wp-json\/wp\/v2\/media?parent=48326"}],"wp:term":[{"taxonomy":"category","embeddable":true,"href":"https:\/\/mula.es\/web\/wp-json\/wp\/v2\/categories?post=48326"},{"taxonomy":"post_tag","embeddable":true,"href":"https:\/\/mula.es\/web\/wp-json\/wp\/v2\/tags?post=48326"}],"curies":[{"name":"wp","href":"https:\/\/api.w.org\/{rel}","templated":true}]}}