{"id":48336,"date":"2023-04-21T13:04:50","date_gmt":"2023-04-21T11:04:50","guid":{"rendered":"https:\/\/mula.es\/web\/?p=48336"},"modified":"2023-04-21T13:31:01","modified_gmt":"2023-04-21T11:31:01","slug":"concursos-de-decoracion-con-motivo-de-san-isidro-2023-para-particulares-y-comercios","status":"publish","type":"post","link":"https:\/\/mula.es\/web\/concursos-de-decoracion-con-motivo-de-san-isidro-2023-para-particulares-y-comercios\/","title":{"rendered":"Concursos de decoraci\u00f3n con motivo de San Isidro 2023 para particulares y comercios"},"content":{"rendered":"<p style=\"text-align: justify;\">Con motivo de las Fiestas de San Isidro 2023, la Concejal\u00eda de Turismo y la Concejal\u00eda de Comercio convocan dos cert\u00e1menes con el objetivo de contribuir al ambiente festivo en las calles de Mula\u00a0 a trav\u00e9s de la participaci\u00f3n activa tanto de personas particulares, como comercios.<\/p>\n<h2 style=\"text-align: justify;\"><span style=\"text-decoration: underline;\"><strong>III Concurso de decoraci\u00f3n de balcones, ventanas y entradas San Isidro 2023 (Particulares)<\/strong><\/span><\/h2>\n<p style=\"text-align: justify;\">Certamen convocado por la Concejal\u00eda de Turismo, en el que pueden participar todos los vecinos del municipio de Mula mayores de edad.\u00a0 El plazo de inscripci\u00f3n es <strong>hasta el s\u00e1bado, 6 de mayo<\/strong>, a las 14 horas.<\/p>\n<p style=\"text-align: justify;\">Los premios establecidos son:<\/p>\n<p style=\"text-align: justify;\"><strong>Primer Premio:<\/strong> 100 \u20ac, donado por el Ayuntamiento de Mula.<\/p>\n<p style=\"text-align: justify;\"><strong>Segundo Premio:<\/strong> 75 \u20ac, donado por el Ayuntamiento de Mula.<\/p>\n<p style=\"text-align: justify;\"><strong>Tercer Premio:<\/strong> 50 \u20ac, donado por el Ayuntamiento de Mula.<\/p>\n<p style=\"text-align: justify;\">Los ganadores se establecer\u00e1n a trav\u00e9s del voto popular, mediante un formulario de Google habilitado para tal fin y que estar\u00e1 activo desde el 11 hasta el 15 de mayo. Enlace: <a href=\"https:\/\/forms.gle\/yYYbEurPvfhRxSQ48\">https:\/\/forms.gle\/yYYbEurPvfhRxSQ48\u00a0<\/a><\/p>\n<p style=\"text-align: justify;\">Consulte las bases reguladoras del concurso, donde se detalla c\u00f3mo participar y los criterios a tener en cuenta:<\/p>\n<p style=\"text-align: justify;\"><span style=\"text-decoration: underline;\"><span style=\"color: #ff0000;\"><strong><a style=\"color: #ff0000; text-decoration: underline;\" href=\"https:\/\/mula.es\/web\/wp-content\/uploads\/2023\/04\/Bases-San-Isidro-2023-particulares-CONCEJALIA-DE-TURISMO.pdf\">BASES III CONCURSO DE DECORACI\u00d3N DE BALCONES, VENTANAS Y ENTRADAS (PDF)<\/a><\/strong><\/span><\/span><\/p>\n<h2 style=\"text-align: justify;\"><span style=\"text-decoration: underline;\"><strong>III Concurso de decoraci\u00f3n en comercios, alojamientos y establecimientos hosteleros San Isidro 2023 (Comercios)<\/strong><\/span><\/h2>\n<p style=\"text-align: justify;\">Certamen convocado por la Concejal\u00eda de Comercio, en el que pueden participar todos los comercios, bares, restaurantes, cafeter\u00edas y alojamientos tur\u00edsticos del municipio que lo deseen. El plazo de inscripci\u00f3n est\u00e1 abierto <strong>hasta el lunes, 8 de mayo<\/strong>, a las 14 horas.<\/p>\n<p style=\"text-align: justify;\">Los premios establecidos son:<\/p>\n<p style=\"text-align: justify;\"><strong>Primer Premio:<\/strong> 300 \u20ac, donado por el Ayuntamiento de Mula.<\/p>\n<p style=\"text-align: justify;\"><strong>Segundo Premio:<\/strong> 200 \u20ac euros, donado el Ayuntamiento de Mula.<\/p>\n<p style=\"text-align: justify;\"><strong>Tercer Premio:<\/strong> 100 \u20ac donado por el Ayuntamiento de Mula.<\/p>\n<p style=\"text-align: justify;\"><strong>Cuarto Premio:<\/strong> 100 \u20ac donado por Acohomul.<\/p>\n<p style=\"text-align: justify;\">Los ganadores se establecer\u00e1n a trav\u00e9s del voto popular, mediante un formulario de Google habilitado para tal fin y que estar\u00e1 activo desde el 11 hasta el 15 de mayo. Enlace: <a href=\"https:\/\/forms.gle\/EidniWEEsUyvox23A\">https:\/\/forms.gle\/EidniWEEsUyvox23A<\/a><\/p>\n<p style=\"text-align: justify;\">Consulte las las bases reguladoras del concurso, donde se detalla c\u00f3mo participar y los criterios a tener en cuenta:<\/p>\n<p style=\"text-align: justify;\"><span style=\"color: #ff0000;\"><strong><a style=\"color: #ff0000; text-decoration: underline;\" href=\"https:\/\/mula.es\/web\/wp-content\/uploads\/2023\/04\/Bases-San-Isidro-2023-comercios-CONCEJALIA-DE-COMERCIO.pdf\">BASES III CONCURSO DE DECORACI\u00d3N EN COMERCIOS, ALOJAMIENTOS Y ESTABLECIMIENTOS HOSTELEROS (PDF)<\/a><\/strong><\/span><\/p>\n","protected":false},"excerpt":{"rendered":"<p>Con motivo de las Fiestas de San Isidro 2023, la Concejal\u00eda de Turismo y la Concejal\u00eda de Comercio convocan dos cert\u00e1menes con el objetivo de contribuir al ambiente festivo en las calles de Mula\u00a0 a trav\u00e9s de la participaci\u00f3n activa tanto de personas particulares, como comercios. III Concurso de decoraci\u00f3n de balcones, ventanas y entradas  [&#8230;]<\/p>\n","protected":false},"author":12,"featured_media":48388,"comment_status":"closed","ping_status":"closed","sticky":false,"template":"","format":"standard","meta":{"jetpack_post_was_ever_published":false,"_jetpack_newsletter_access":"","_jetpack_dont_email_post_to_subs":false,"_jetpack_newsletter_tier_id":0,"_jetpack_memberships_contains_paywalled_content":false,"_jetpack_memberships_contains_paid_content":false,"footnotes":"","jetpack_publicize_message":"","jetpack_publicize_feature_enabled":true,"jetpack_social_post_already_shared":false,"jetpack_social_options":{"image_generator_settings":{"template":"highway","default_image_id":0,"font":"","enabled":false},"version":2}},"categories":[164,199,170,75,1],"tags":[],"class_list":["post-48336","post","type-post","status-publish","format-standard","has-post-thumbnail","hentry","category-comercio","category-concurso","category-fiestas-de-san-isidro","category-turismo","category-uncategorized"],"yoast_head":"<!-- This site is optimized with the Yoast SEO plugin v27.5 - https:\/\/yoast.com\/product\/yoast-seo-wordpress\/ -->\n<title>Concursos de decoraci\u00f3n con motivo de San Isidro 2023 para particulares y comercios - Ayuntamiento de Mula<\/title>\n<meta name=\"robots\" content=\"index, follow, max-snippet:-1, max-image-preview:large, max-video-preview:-1\" \/>\n<link rel=\"canonical\" href=\"https:\/\/mula.es\/web\/concursos-de-decoracion-con-motivo-de-san-isidro-2023-para-particulares-y-comercios\/\" \/>\n<meta property=\"og:locale\" content=\"es_ES\" \/>\n<meta property=\"og:type\" content=\"article\" \/>\n<meta property=\"og:title\" content=\"Concursos de decoraci\u00f3n con motivo de San Isidro 2023 para particulares y comercios - Ayuntamiento de Mula\" \/>\n<meta property=\"og:description\" content=\"Con motivo de las Fiestas de San Isidro 2023, la Concejal\u00eda de Turismo y la Concejal\u00eda de Comercio convocan dos cert\u00e1menes con el objetivo de contribuir al ambiente festivo en las calles de Mula\u00a0 a trav\u00e9s de la participaci\u00f3n activa tanto de personas particulares, como comercios. III Concurso de decoraci\u00f3n de balcones, ventanas y entradas [...]\" \/>\n<meta property=\"og:url\" content=\"https:\/\/mula.es\/web\/concursos-de-decoracion-con-motivo-de-san-isidro-2023-para-particulares-y-comercios\/\" \/>\n<meta property=\"og:site_name\" content=\"Ayuntamiento de Mula\" \/>\n<meta property=\"article:published_time\" content=\"2023-04-21T11:04:50+00:00\" \/>\n<meta property=\"article:modified_time\" content=\"2023-04-21T11:31:01+00:00\" \/>\n<meta property=\"og:image\" content=\"https:\/\/mula.es\/web\/wp-content\/uploads\/2023\/04\/Concursos-de-decoracion-San-Isidro-2023-scaled.jpg\" \/>\n\t<meta property=\"og:image:width\" content=\"1821\" \/>\n\t<meta property=\"og:image:height\" content=\"2560\" \/>\n\t<meta property=\"og:image:type\" content=\"image\/jpeg\" \/>\n<meta name=\"author\" content=\"Mar\u00eda Bel\u00e9n Sumba Bravo\" \/>\n<meta name=\"twitter:card\" content=\"summary_large_image\" \/>\n<meta name=\"twitter:creator\" content=\"@AyuntamientMula\" \/>\n<meta name=\"twitter:site\" content=\"@AyuntamientMula\" \/>\n<meta name=\"twitter:label1\" content=\"Escrito por\" \/>\n\t<meta name=\"twitter:data1\" content=\"Mar\u00eda Bel\u00e9n Sumba Bravo\" \/>\n\t<meta name=\"twitter:label2\" content=\"Tiempo de lectura\" \/>\n\t<meta name=\"twitter:data2\" content=\"2 minutos\" \/>\n<script type=\"application\/ld+json\" class=\"yoast-schema-graph\">{\"@context\":\"https:\\\/\\\/schema.org\",\"@graph\":[{\"@type\":\"Article\",\"@id\":\"https:\\\/\\\/mula.es\\\/web\\\/concursos-de-decoracion-con-motivo-de-san-isidro-2023-para-particulares-y-comercios\\\/#article\",\"isPartOf\":{\"@id\":\"https:\\\/\\\/mula.es\\\/web\\\/concursos-de-decoracion-con-motivo-de-san-isidro-2023-para-particulares-y-comercios\\\/\"},\"author\":{\"name\":\"Mar\u00eda Bel\u00e9n Sumba Bravo\",\"@id\":\"https:\\\/\\\/mula.es\\\/web\\\/#\\\/schema\\\/person\\\/4cc33fc69cd667605e1b6247815ac0c0\"},\"headline\":\"Concursos de decoraci\u00f3n con motivo de San Isidro 2023 para particulares y comercios\",\"datePublished\":\"2023-04-21T11:04:50+00:00\",\"dateModified\":\"2023-04-21T11:31:01+00:00\",\"mainEntityOfPage\":{\"@id\":\"https:\\\/\\\/mula.es\\\/web\\\/concursos-de-decoracion-con-motivo-de-san-isidro-2023-para-particulares-y-comercios\\\/\"},\"wordCount\":368,\"image\":{\"@id\":\"https:\\\/\\\/mula.es\\\/web\\\/concursos-de-decoracion-con-motivo-de-san-isidro-2023-para-particulares-y-comercios\\\/#primaryimage\"},\"thumbnailUrl\":\"https:\\\/\\\/mula.es\\\/web\\\/wp-content\\\/uploads\\\/2023\\\/04\\\/Concursos-de-decoracion-San-Isidro-2023-scaled.jpg\",\"articleSection\":[\"comercio\",\"concurso\",\"fiestas de san isidro\",\"turismo\",\"Uncategorized\"],\"inLanguage\":\"es\"},{\"@type\":\"WebPage\",\"@id\":\"https:\\\/\\\/mula.es\\\/web\\\/concursos-de-decoracion-con-motivo-de-san-isidro-2023-para-particulares-y-comercios\\\/\",\"url\":\"https:\\\/\\\/mula.es\\\/web\\\/concursos-de-decoracion-con-motivo-de-san-isidro-2023-para-particulares-y-comercios\\\/\",\"name\":\"Concursos de decoraci\u00f3n con motivo de San Isidro 2023 para particulares y comercios - Ayuntamiento de Mula\",\"isPartOf\":{\"@id\":\"https:\\\/\\\/mula.es\\\/web\\\/#website\"},\"primaryImageOfPage\":{\"@id\":\"https:\\\/\\\/mula.es\\\/web\\\/concursos-de-decoracion-con-motivo-de-san-isidro-2023-para-particulares-y-comercios\\\/#primaryimage\"},\"image\":{\"@id\":\"https:\\\/\\\/mula.es\\\/web\\\/concursos-de-decoracion-con-motivo-de-san-isidro-2023-para-particulares-y-comercios\\\/#primaryimage\"},\"thumbnailUrl\":\"https:\\\/\\\/mula.es\\\/web\\\/wp-content\\\/uploads\\\/2023\\\/04\\\/Concursos-de-decoracion-San-Isidro-2023-scaled.jpg\",\"datePublished\":\"2023-04-21T11:04:50+00:00\",\"dateModified\":\"2023-04-21T11:31:01+00:00\",\"author\":{\"@id\":\"https:\\\/\\\/mula.es\\\/web\\\/#\\\/schema\\\/person\\\/4cc33fc69cd667605e1b6247815ac0c0\"},\"breadcrumb\":{\"@id\":\"https:\\\/\\\/mula.es\\\/web\\\/concursos-de-decoracion-con-motivo-de-san-isidro-2023-para-particulares-y-comercios\\\/#breadcrumb\"},\"inLanguage\":\"es\",\"potentialAction\":[{\"@type\":\"ReadAction\",\"target\":[\"https:\\\/\\\/mula.es\\\/web\\\/concursos-de-decoracion-con-motivo-de-san-isidro-2023-para-particulares-y-comercios\\\/\"]}]},{\"@type\":\"ImageObject\",\"inLanguage\":\"es\",\"@id\":\"https:\\\/\\\/mula.es\\\/web\\\/concursos-de-decoracion-con-motivo-de-san-isidro-2023-para-particulares-y-comercios\\\/#primaryimage\",\"url\":\"https:\\\/\\\/mula.es\\\/web\\\/wp-content\\\/uploads\\\/2023\\\/04\\\/Concursos-de-decoracion-San-Isidro-2023-scaled.jpg\",\"contentUrl\":\"https:\\\/\\\/mula.es\\\/web\\\/wp-content\\\/uploads\\\/2023\\\/04\\\/Concursos-de-decoracion-San-Isidro-2023-scaled.jpg\",\"width\":1821,\"height\":2560,\"caption\":\"Concursos de decoraci\u00f3n San Isidro 2023.\"},{\"@type\":\"BreadcrumbList\",\"@id\":\"https:\\\/\\\/mula.es\\\/web\\\/concursos-de-decoracion-con-motivo-de-san-isidro-2023-para-particulares-y-comercios\\\/#breadcrumb\",\"itemListElement\":[{\"@type\":\"ListItem\",\"position\":1,\"name\":\"Portada\",\"item\":\"https:\\\/\\\/mula.es\\\/web\\\/\"},{\"@type\":\"ListItem\",\"position\":2,\"name\":\"Concursos de decoraci\u00f3n con motivo de San Isidro 2023 para particulares y comercios\"}]},{\"@type\":\"WebSite\",\"@id\":\"https:\\\/\\\/mula.es\\\/web\\\/#website\",\"url\":\"https:\\\/\\\/mula.es\\\/web\\\/\",\"name\":\"Ayuntamiento de Mula\",\"description\":\"P\u00e1gina web del Ayuntamiento de Mula (Regi\u00f3n de Murcia)\",\"potentialAction\":[{\"@type\":\"SearchAction\",\"target\":{\"@type\":\"EntryPoint\",\"urlTemplate\":\"https:\\\/\\\/mula.es\\\/web\\\/?s={search_term_string}\"},\"query-input\":{\"@type\":\"PropertyValueSpecification\",\"valueRequired\":true,\"valueName\":\"search_term_string\"}}],\"inLanguage\":\"es\"},{\"@type\":\"Person\",\"@id\":\"https:\\\/\\\/mula.es\\\/web\\\/#\\\/schema\\\/person\\\/4cc33fc69cd667605e1b6247815ac0c0\",\"name\":\"Mar\u00eda Bel\u00e9n Sumba Bravo\",\"image\":{\"@type\":\"ImageObject\",\"inLanguage\":\"es\",\"@id\":\"https:\\\/\\\/secure.gravatar.com\\\/avatar\\\/8f65af12a8d72e866f97bba50325bdf89a5362533b6f2c9db8c88130883986b1?s=96&d=mm&r=g\",\"url\":\"https:\\\/\\\/secure.gravatar.com\\\/avatar\\\/8f65af12a8d72e866f97bba50325bdf89a5362533b6f2c9db8c88130883986b1?s=96&d=mm&r=g\",\"contentUrl\":\"https:\\\/\\\/secure.gravatar.com\\\/avatar\\\/8f65af12a8d72e866f97bba50325bdf89a5362533b6f2c9db8c88130883986b1?s=96&d=mm&r=g\",\"caption\":\"Mar\u00eda Bel\u00e9n Sumba Bravo\"},\"url\":\"https:\\\/\\\/mula.es\\\/web\\\/author\\\/mbsumba\\\/\"}]}<\/script>\n<!-- \/ Yoast SEO plugin. -->","yoast_head_json":{"title":"Concursos de decoraci\u00f3n con motivo de San Isidro 2023 para particulares y comercios - Ayuntamiento de Mula","robots":{"index":"index","follow":"follow","max-snippet":"max-snippet:-1","max-image-preview":"max-image-preview:large","max-video-preview":"max-video-preview:-1"},"canonical":"https:\/\/mula.es\/web\/concursos-de-decoracion-con-motivo-de-san-isidro-2023-para-particulares-y-comercios\/","og_locale":"es_ES","og_type":"article","og_title":"Concursos de decoraci\u00f3n con motivo de San Isidro 2023 para particulares y comercios - Ayuntamiento de Mula","og_description":"Con motivo de las Fiestas de San Isidro 2023, la Concejal\u00eda de Turismo y la Concejal\u00eda de Comercio convocan dos cert\u00e1menes con el objetivo de contribuir al ambiente festivo en las calles de Mula\u00a0 a trav\u00e9s de la participaci\u00f3n activa tanto de personas particulares, como comercios. III Concurso de decoraci\u00f3n de balcones, ventanas y entradas [...]","og_url":"https:\/\/mula.es\/web\/concursos-de-decoracion-con-motivo-de-san-isidro-2023-para-particulares-y-comercios\/","og_site_name":"Ayuntamiento de Mula","article_published_time":"2023-04-21T11:04:50+00:00","article_modified_time":"2023-04-21T11:31:01+00:00","og_image":[{"width":1821,"height":2560,"url":"https:\/\/mula.es\/web\/wp-content\/uploads\/2023\/04\/Concursos-de-decoracion-San-Isidro-2023-scaled.jpg","type":"image\/jpeg"}],"author":"Mar\u00eda Bel\u00e9n Sumba Bravo","twitter_card":"summary_large_image","twitter_creator":"@AyuntamientMula","twitter_site":"@AyuntamientMula","twitter_misc":{"Escrito por":"Mar\u00eda Bel\u00e9n Sumba Bravo","Tiempo de lectura":"2 minutos"},"schema":{"@context":"https:\/\/schema.org","@graph":[{"@type":"Article","@id":"https:\/\/mula.es\/web\/concursos-de-decoracion-con-motivo-de-san-isidro-2023-para-particulares-y-comercios\/#article","isPartOf":{"@id":"https:\/\/mula.es\/web\/concursos-de-decoracion-con-motivo-de-san-isidro-2023-para-particulares-y-comercios\/"},"author":{"name":"Mar\u00eda Bel\u00e9n Sumba Bravo","@id":"https:\/\/mula.es\/web\/#\/schema\/person\/4cc33fc69cd667605e1b6247815ac0c0"},"headline":"Concursos de decoraci\u00f3n con motivo de San Isidro 2023 para particulares y comercios","datePublished":"2023-04-21T11:04:50+00:00","dateModified":"2023-04-21T11:31:01+00:00","mainEntityOfPage":{"@id":"https:\/\/mula.es\/web\/concursos-de-decoracion-con-motivo-de-san-isidro-2023-para-particulares-y-comercios\/"},"wordCount":368,"image":{"@id":"https:\/\/mula.es\/web\/concursos-de-decoracion-con-motivo-de-san-isidro-2023-para-particulares-y-comercios\/#primaryimage"},"thumbnailUrl":"https:\/\/mula.es\/web\/wp-content\/uploads\/2023\/04\/Concursos-de-decoracion-San-Isidro-2023-scaled.jpg","articleSection":["comercio","concurso","fiestas de san isidro","turismo","Uncategorized"],"inLanguage":"es"},{"@type":"WebPage","@id":"https:\/\/mula.es\/web\/concursos-de-decoracion-con-motivo-de-san-isidro-2023-para-particulares-y-comercios\/","url":"https:\/\/mula.es\/web\/concursos-de-decoracion-con-motivo-de-san-isidro-2023-para-particulares-y-comercios\/","name":"Concursos de decoraci\u00f3n con motivo de San Isidro 2023 para particulares y comercios - Ayuntamiento de Mula","isPartOf":{"@id":"https:\/\/mula.es\/web\/#website"},"primaryImageOfPage":{"@id":"https:\/\/mula.es\/web\/concursos-de-decoracion-con-motivo-de-san-isidro-2023-para-particulares-y-comercios\/#primaryimage"},"image":{"@id":"https:\/\/mula.es\/web\/concursos-de-decoracion-con-motivo-de-san-isidro-2023-para-particulares-y-comercios\/#primaryimage"},"thumbnailUrl":"https:\/\/mula.es\/web\/wp-content\/uploads\/2023\/04\/Concursos-de-decoracion-San-Isidro-2023-scaled.jpg","datePublished":"2023-04-21T11:04:50+00:00","dateModified":"2023-04-21T11:31:01+00:00","author":{"@id":"https:\/\/mula.es\/web\/#\/schema\/person\/4cc33fc69cd667605e1b6247815ac0c0"},"breadcrumb":{"@id":"https:\/\/mula.es\/web\/concursos-de-decoracion-con-motivo-de-san-isidro-2023-para-particulares-y-comercios\/#breadcrumb"},"inLanguage":"es","potentialAction":[{"@type":"ReadAction","target":["https:\/\/mula.es\/web\/concursos-de-decoracion-con-motivo-de-san-isidro-2023-para-particulares-y-comercios\/"]}]},{"@type":"ImageObject","inLanguage":"es","@id":"https:\/\/mula.es\/web\/concursos-de-decoracion-con-motivo-de-san-isidro-2023-para-particulares-y-comercios\/#primaryimage","url":"https:\/\/mula.es\/web\/wp-content\/uploads\/2023\/04\/Concursos-de-decoracion-San-Isidro-2023-scaled.jpg","contentUrl":"https:\/\/mula.es\/web\/wp-content\/uploads\/2023\/04\/Concursos-de-decoracion-San-Isidro-2023-scaled.jpg","width":1821,"height":2560,"caption":"Concursos de decoraci\u00f3n San Isidro 2023."},{"@type":"BreadcrumbList","@id":"https:\/\/mula.es\/web\/concursos-de-decoracion-con-motivo-de-san-isidro-2023-para-particulares-y-comercios\/#breadcrumb","itemListElement":[{"@type":"ListItem","position":1,"name":"Portada","item":"https:\/\/mula.es\/web\/"},{"@type":"ListItem","position":2,"name":"Concursos de decoraci\u00f3n con motivo de San Isidro 2023 para particulares y comercios"}]},{"@type":"WebSite","@id":"https:\/\/mula.es\/web\/#website","url":"https:\/\/mula.es\/web\/","name":"Ayuntamiento de Mula","description":"P\u00e1gina web del Ayuntamiento de Mula (Regi\u00f3n de Murcia)","potentialAction":[{"@type":"SearchAction","target":{"@type":"EntryPoint","urlTemplate":"https:\/\/mula.es\/web\/?s={search_term_string}"},"query-input":{"@type":"PropertyValueSpecification","valueRequired":true,"valueName":"search_term_string"}}],"inLanguage":"es"},{"@type":"Person","@id":"https:\/\/mula.es\/web\/#\/schema\/person\/4cc33fc69cd667605e1b6247815ac0c0","name":"Mar\u00eda Bel\u00e9n Sumba Bravo","image":{"@type":"ImageObject","inLanguage":"es","@id":"https:\/\/secure.gravatar.com\/avatar\/8f65af12a8d72e866f97bba50325bdf89a5362533b6f2c9db8c88130883986b1?s=96&d=mm&r=g","url":"https:\/\/secure.gravatar.com\/avatar\/8f65af12a8d72e866f97bba50325bdf89a5362533b6f2c9db8c88130883986b1?s=96&d=mm&r=g","contentUrl":"https:\/\/secure.gravatar.com\/avatar\/8f65af12a8d72e866f97bba50325bdf89a5362533b6f2c9db8c88130883986b1?s=96&d=mm&r=g","caption":"Mar\u00eda Bel\u00e9n Sumba Bravo"},"url":"https:\/\/mula.es\/web\/author\/mbsumba\/"}]}},"jetpack_publicize_connections":[],"jetpack_featured_media_url":"https:\/\/mula.es\/web\/wp-content\/uploads\/2023\/04\/Concursos-de-decoracion-San-Isidro-2023-scaled.jpg","jetpack_sharing_enabled":true,"jetpack_shortlink":"https:\/\/wp.me\/pa9DMY-czC","jetpack-related-posts":[],"_links":{"self":[{"href":"https:\/\/mula.es\/web\/wp-json\/wp\/v2\/posts\/48336","targetHints":{"allow":["GET"]}}],"collection":[{"href":"https:\/\/mula.es\/web\/wp-json\/wp\/v2\/posts"}],"about":[{"href":"https:\/\/mula.es\/web\/wp-json\/wp\/v2\/types\/post"}],"author":[{"embeddable":true,"href":"https:\/\/mula.es\/web\/wp-json\/wp\/v2\/users\/12"}],"replies":[{"embeddable":true,"href":"https:\/\/mula.es\/web\/wp-json\/wp\/v2\/comments?post=48336"}],"version-history":[{"count":10,"href":"https:\/\/mula.es\/web\/wp-json\/wp\/v2\/posts\/48336\/revisions"}],"predecessor-version":[{"id":48394,"href":"https:\/\/mula.es\/web\/wp-json\/wp\/v2\/posts\/48336\/revisions\/48394"}],"wp:featuredmedia":[{"embeddable":true,"href":"https:\/\/mula.es\/web\/wp-json\/wp\/v2\/media\/48388"}],"wp:attachment":[{"href":"https:\/\/mula.es\/web\/wp-json\/wp\/v2\/media?parent=48336"}],"wp:term":[{"taxonomy":"category","embeddable":true,"href":"https:\/\/mula.es\/web\/wp-json\/wp\/v2\/categories?post=48336"},{"taxonomy":"post_tag","embeddable":true,"href":"https:\/\/mula.es\/web\/wp-json\/wp\/v2\/tags?post=48336"}],"curies":[{"name":"wp","href":"https:\/\/api.w.org\/{rel}","templated":true}]}}