{"id":48416,"date":"2023-04-25T10:00:02","date_gmt":"2023-04-25T08:00:02","guid":{"rendered":"https:\/\/mula.es\/web\/?p=48416"},"modified":"2023-04-25T10:02:20","modified_gmt":"2023-04-25T08:02:20","slug":"turismo-programacion-mercado-barroco-villa-de-mula","status":"publish","type":"post","link":"https:\/\/mula.es\/web\/turismo-programacion-mercado-barroco-villa-de-mula\/","title":{"rendered":"TURISMO | Programaci\u00f3n Mercado Barroco Villa de Mula"},"content":{"rendered":"<h3 style=\"text-align: center;\"><span style=\"text-decoration: underline; color: #ff99cc;\"><strong><a style=\"color: #ff99cc; text-decoration: underline;\" href=\"https:\/\/mula.es\/web\/wp-content\/uploads\/2023\/04\/Mercado-Barroco-2023-Programacion.pdf\">PROGRAMACI\u00d3N COMPLETA EN PDF (DESCARGABLE)<\/a><\/strong><\/span><\/h3>\n<p style=\"text-align: justify;\"><span style=\"text-decoration: underline; color: #ff99cc;\"><strong>Mi\u00e9rcoles, 26 de abril<\/strong><\/span><br \/>\n<strong><span style=\"color: #993366;\">19:30h.<\/span><\/strong> Conferencia:<em> La Torre de La Puebla de Mula<\/em>. Convento de San Francisco<\/p>\n<p style=\"text-align: justify;\"><span style=\"color: #ff99cc;\"><strong><span style=\"text-decoration: underline;\">Viernes, 28 de abril<\/span><\/strong><\/span><br \/>\n<strong>20 h.<\/strong> Microteatro. Consejo Local Juventud. Convento de San Francisco.<br \/>\n<strong><span style=\"color: #993366;\">21 h.<\/span><\/strong> Cata de Vinos con maridaje en la Casa Coy. 30 \u20ac. Reservas: 698 90 75 76<\/p>\n<p style=\"text-align: justify;\"><span style=\"text-decoration: underline; color: #ff99cc;\"><strong>S\u00e1bado, 29 de abril<\/strong><\/span><\/p>\n<p style=\"text-align: justify;\"><span style=\"color: #993366;\"><strong>11 h<\/strong>.<\/span> Apertura Mercado Barroco.<br \/>\n<strong><span style=\"color: #993366;\">11:15 h.<\/span><\/strong> Taller de canter\u00eda.<br \/>\n<span style=\"color: #993366;\"><strong>11:30 h.<\/strong><\/span> Tiro con arco.<br \/>\n<strong><span style=\"color: #993366;\">12 h.<\/span> <\/strong>Bienvenida a los Marqueses a la Villa de Mula. Patio de Comedias. <span style=\"color: #993366;\">Plaza del Ayuntamiento.<\/span><br \/>\n<span style=\"color: #993366;\"><strong>12 h.<\/strong><\/span> Los m\u00fasicos acompa\u00f1an en la bienvenida a los Marqueses.<br \/>\n<span style=\"color: #993366;\"><strong>12:30 h.<\/strong><\/span> Pintacaras.<br \/>\n<span style=\"color: #993366;\"><strong>13 h.<\/strong><\/span> Taller de canter\u00eda.<br \/>\n<span style=\"color: #993366;\"><strong>13:30 h.<\/strong><\/span> M\u00fasicos itinerantes.<br \/>\n<strong><span style=\"color: #993366;\">16 h.<\/span><\/strong> Apertura Mercado Barroco.<br \/>\n<strong><span style=\"color: #993366;\">16:30 h.<\/span><\/strong> Tiro con arco.<br \/>\n<span style=\"color: #993366;\"><strong>17 h.<\/strong><\/span> Un paso por Mula Barroca.<br \/>\n<span style=\"color: #993366;\"><strong>17:15 h.<\/strong><\/span> Taller de canter\u00eda.<br \/>\n<span style=\"color: #993366;\"><strong>17:30 h.<\/strong> <\/span>Pintacaras.<br \/>\n<span style=\"color: #993366;\"><strong>17:45 h.<\/strong> <\/span>M\u00fasicos itinerantes.<br \/>\n<strong><span style=\"color: #993366;\">18 h.<\/span><\/strong> Microteatro. Consejo Local Juventud. <span style=\"color: #993366;\">Convento de San Francisco.<\/span><br \/>\n<strong><span style=\"color: #993366;\">18:30 h.<\/span><\/strong> ECOS Kids Barroco.<span style=\"color: #993366;\"> Patio Convento de San Francisco.\u00a0<\/span><br \/>\n<strong><span style=\"color: #993366;\">19 h.<\/span><\/strong> M\u00fasicos itinerantes.<br \/>\n<span style=\"color: #993366;\"><strong>19:30 h.<\/strong><\/span> Taller de canter\u00eda.<br \/>\n<strong><span style=\"color: #993366;\">20 h.<\/span> <\/strong>Microteatro. Consejo Local Juventud. <span style=\"color: #993366;\">Convento de San Francisco.<\/span><br \/>\n<span style=\"color: #993366;\"><strong>20:30 h<\/strong><\/span>. M\u00fasicos itinerantes.<br \/>\n<span style=\"color: #993366;\"><strong>21 h<\/strong><\/span>. Espect\u00e1culo de fuego.<\/p>\n<p style=\"text-align: justify;\"><span style=\"text-decoration: underline; color: #ff99cc;\"><strong>Domingo, 30 de abril<\/strong><\/span><\/p>\n<p style=\"text-align: justify;\"><span style=\"color: #993366;\"><strong>11 h.<\/strong><\/span> Apertura Mercado Barroco.<br \/>\n<strong><span style=\"color: #993366;\">11 h.<\/span><\/strong> Taller de canter\u00eda.<br \/>\n<span style=\"color: #993366;\"><strong>11:15 h.<\/strong><\/span> M\u00fasicos itinerantes.<br \/>\n<span style=\"color: #993366;\"><strong>11:30 h.<\/strong> <\/span>Oca Barroca. Grupo Scout Balate. <span style=\"color: #993366;\">Plaza del Ayuntamiento.<\/span><br \/>\n<span style=\"color: #993366;\"><strong>12 h<\/strong><\/span>. Pintacaras.<br \/>\n<strong><span style=\"color: #993366;\">12:15 h.<\/span><\/strong> Taller de canter\u00eda.<br \/>\n<strong><span style=\"color: #993366;\">12:30 h.<\/span> <\/strong>Paseo de los Marqueses por la Villa de Mula.<br \/>\n<span style=\"color: #993366;\"><strong>12:45 h.<\/strong><\/span> M\u00fasicos itinerantes.<br \/>\n<strong><span style=\"color: #993366;\">13 h.<\/span><\/strong> Pleito del Marqu\u00e9s. Teatro Luna. <span style=\"color: #993366;\">Plaza del Ayuntamiento.<\/span><br \/>\n<strong><span style=\"color: #993366;\">13:30 h.<\/span><\/strong> Tiro con arco.<br \/>\n<strong><span style=\"color: #993366;\">13:45 h.<\/span> <\/strong>Pasacalles.<br \/>\n<strong><span style=\"color: #993366;\">16 h.<\/span><\/strong> Apertura Mercado Barroco.<br \/>\n<strong><span style=\"color: #993366;\">18 h.<\/span><\/strong> M\u00fasicos itinerantes.<br \/>\n<strong><span style=\"color: #993366;\">18:15 h.<\/span> <\/strong>Pintacaras.<br \/>\n<span style=\"color: #993366;\"><strong>18:30 h.<\/strong> <\/span>Mula en el siglo XIX. <span style=\"color: #993366;\">Visita guiada<\/span>. Gratuita.<br \/>\n<span style=\"color: #993366;\"><strong>18:45 h.<\/strong><\/span> Tiro con arco.<br \/>\n<span style=\"color: #993366;\"><strong>19 h.<\/strong><\/span> M\u00fasicos itinerantes.<br \/>\n<span style=\"color: #993366;\"><strong>19:30 h.<\/strong><\/span> Versemula Malabares.<br \/>\n<span style=\"color: #993366;\"><strong>20:30 h.<\/strong><\/span> M\u00fasicos itinerantes.<br \/>\n<strong><span style=\"color: #993366;\">21 h.<\/span><\/strong> Espect\u00e1culo de fuego.<\/p>\n<p style=\"text-align: justify;\"><span style=\"text-decoration: underline; color: #ff99cc;\"><strong>Lunes, 1 de mayo<\/strong><\/span><\/p>\n<p style=\"text-align: justify;\"><strong><span style=\"color: #993366;\">11 h.<\/span><\/strong> Apertura Mercado Barroco.<br \/>\n<span style=\"color: #993366;\"><strong>11:15 h.<\/strong><\/span> M\u00fasicos itinerantes.<br \/>\n<strong><span style=\"color: #993366;\">11:30 h.<\/span><\/strong> Taller de canter\u00eda<br \/>\n<strong><span style=\"color: #993366;\">12:15 h.<\/span> <\/strong>Tiro con arco.<br \/>\n<strong><span style=\"color: #993366;\">12:30 h.<\/span><\/strong> M\u00fasicos itinerantes.<br \/>\n<strong><span style=\"color: #993366;\">12:45 h.<\/span><\/strong> Pasacalles.<br \/>\n<strong><span style=\"color: #993366;\">13 h.<\/span> <\/strong>Concierto Agrupaci\u00f3n Musical Mule\u00f1a. <span style=\"color: #993366;\">Convento de San Francisco.<\/span><br \/>\n<strong><span style=\"color: #993366;\">13 h.<\/span><\/strong> Visita Casa de los Coy + degustaci\u00f3n Vino D.O. Bullas y embutido. 10 euros.<br \/>\n<span style=\"color: #993366;\"><strong>13:15 h.<\/strong><\/span> Taller de canter\u00eda.<br \/>\n<span style=\"color: #993366;\"><strong>13:30 h.<\/strong> <\/span>M\u00fasicos itinerantes.<br \/>\n<strong><span style=\"color: #993366;\">17 h.<\/span><\/strong> Taller de canter\u00eda.<br \/>\n<strong><span style=\"color: #993366;\">17:30 h.<\/span><\/strong> Versemula Malabares. <span style=\"color: #993366;\">Plaza del Ayuntamiento.<\/span><br \/>\n<span style=\"color: #993366;\"><strong>18 h.<\/strong><\/span>\u00a0Visita exteriores del castillo de Mula. 4 euros.<br \/>\n<strong><span style=\"color: #993366;\">18.15.<\/span><\/strong> M\u00fasicos itinerantes.<br \/>\n<strong><span style=\"color: #993366;\">18:30 h.<\/span><\/strong> Tiro con arco.<\/p>\n<p><span style=\"color: #ff99cc;\"><strong>LUDOTECA<\/strong><\/span><br \/>\nDisponible durante el horario del mercado.<\/p>\n<p><span style=\"color: #ff99cc;\"><strong>MUSEO EL CIGARRALEJO<\/strong><\/span><br \/>\n<span style=\"color: #993366;\">Visitas guiadas<\/span> en el horario de apertura al p\u00fablico. Visitas a las nuevas salas del santuario.<br \/>\n<span style=\"color: #993366;\">Horario<\/span> durante el s\u00e1bado, domingo y lunes: de 11 a 14 horas.<\/p>\n<p><span style=\"color: #ff99cc;\"><strong>OFICINA DE TURISMO<\/strong><\/span><br \/>\n<span style=\"color: #993366;\">S\u00e1bado y domingo:<\/span> de 11 a 14 horas y de 17 a 21 horas.<br \/>\n<span style=\"color: #993366;\">Lunes:<\/span> de 11 a 14 horas y de 17 a 20 horas.<\/p>\n<p style=\"text-align: justify;\"><span style=\"color: #ff99cc;\"><strong>Visitas guiadas<\/strong> <\/span>previa reserva en www.turismoregiondemurcia.es<\/p>\n<p style=\"text-align: justify;\">Para cualquier consulta puede ponerse en contacto con la Oficina de Turismo de Mula: turismo@aytomula.es o 968 66 15 01<\/p>\n<p style=\"text-align: justify;\">\n","protected":false},"excerpt":{"rendered":"<p>PROGRAMACI\u00d3N COMPLETA EN PDF (DESCARGABLE) Mi\u00e9rcoles, 26 de abril 19:30h. Conferencia: La Torre de La Puebla de Mula. Convento de San Francisco Viernes, 28 de abril 20 h. Microteatro. Consejo Local Juventud. Convento de San Francisco. 21 h. Cata de Vinos con maridaje en la Casa Coy. 30 \u20ac. Reservas: 698 90 75 76 S\u00e1bado,  [&#8230;]<\/p>\n","protected":false},"author":12,"featured_media":48282,"comment_status":"closed","ping_status":"closed","sticky":false,"template":"","format":"standard","meta":{"jetpack_post_was_ever_published":false,"_jetpack_newsletter_access":"","_jetpack_dont_email_post_to_subs":false,"_jetpack_newsletter_tier_id":0,"_jetpack_memberships_contains_paywalled_content":false,"_jetpack_memberships_contains_paid_content":false,"footnotes":"","jetpack_publicize_message":"","jetpack_publicize_feature_enabled":true,"jetpack_social_post_already_shared":false,"jetpack_social_options":{"image_generator_settings":{"template":"highway","default_image_id":0,"font":"","enabled":false},"version":2}},"categories":[75],"tags":[],"class_list":["post-48416","post","type-post","status-publish","format-standard","has-post-thumbnail","hentry","category-turismo"],"yoast_head":"<!-- This site is optimized with the Yoast SEO plugin v27.5 - https:\/\/yoast.com\/product\/yoast-seo-wordpress\/ -->\n<title>TURISMO | Programaci\u00f3n Mercado Barroco Villa de Mula - Ayuntamiento de Mula<\/title>\n<meta name=\"robots\" content=\"index, follow, max-snippet:-1, max-image-preview:large, max-video-preview:-1\" \/>\n<link rel=\"canonical\" href=\"https:\/\/mula.es\/web\/turismo-programacion-mercado-barroco-villa-de-mula\/\" \/>\n<meta property=\"og:locale\" content=\"es_ES\" \/>\n<meta property=\"og:type\" content=\"article\" \/>\n<meta property=\"og:title\" content=\"TURISMO | Programaci\u00f3n Mercado Barroco Villa de Mula - Ayuntamiento de Mula\" \/>\n<meta property=\"og:description\" content=\"PROGRAMACI\u00d3N COMPLETA EN PDF (DESCARGABLE) Mi\u00e9rcoles, 26 de abril 19:30h. Conferencia: La Torre de La Puebla de Mula. Convento de San Francisco Viernes, 28 de abril 20 h. Microteatro. Consejo Local Juventud. Convento de San Francisco. 21 h. Cata de Vinos con maridaje en la Casa Coy. 30 \u20ac. Reservas: 698 90 75 76 S\u00e1bado, [...]\" \/>\n<meta property=\"og:url\" content=\"https:\/\/mula.es\/web\/turismo-programacion-mercado-barroco-villa-de-mula\/\" \/>\n<meta property=\"og:site_name\" content=\"Ayuntamiento de Mula\" \/>\n<meta property=\"article:published_time\" content=\"2023-04-25T08:00:02+00:00\" \/>\n<meta property=\"article:modified_time\" content=\"2023-04-25T08:02:20+00:00\" \/>\n<meta property=\"og:image\" content=\"https:\/\/mula.es\/web\/wp-content\/uploads\/2023\/04\/MercadilloBarroco2023-scaled.jpg\" \/>\n\t<meta property=\"og:image:width\" content=\"1810\" \/>\n\t<meta property=\"og:image:height\" content=\"2560\" \/>\n\t<meta property=\"og:image:type\" content=\"image\/jpeg\" \/>\n<meta name=\"author\" content=\"Mar\u00eda Bel\u00e9n Sumba Bravo\" \/>\n<meta name=\"twitter:card\" content=\"summary_large_image\" \/>\n<meta name=\"twitter:creator\" content=\"@AyuntamientMula\" \/>\n<meta name=\"twitter:site\" content=\"@AyuntamientMula\" \/>\n<meta name=\"twitter:label1\" content=\"Escrito por\" \/>\n\t<meta name=\"twitter:data1\" content=\"Mar\u00eda Bel\u00e9n Sumba Bravo\" \/>\n\t<meta name=\"twitter:label2\" content=\"Tiempo de lectura\" \/>\n\t<meta name=\"twitter:data2\" content=\"3 minutos\" \/>\n<script type=\"application\/ld+json\" class=\"yoast-schema-graph\">{\"@context\":\"https:\\\/\\\/schema.org\",\"@graph\":[{\"@type\":\"Article\",\"@id\":\"https:\\\/\\\/mula.es\\\/web\\\/turismo-programacion-mercado-barroco-villa-de-mula\\\/#article\",\"isPartOf\":{\"@id\":\"https:\\\/\\\/mula.es\\\/web\\\/turismo-programacion-mercado-barroco-villa-de-mula\\\/\"},\"author\":{\"name\":\"Mar\u00eda Bel\u00e9n Sumba Bravo\",\"@id\":\"https:\\\/\\\/mula.es\\\/web\\\/#\\\/schema\\\/person\\\/4cc33fc69cd667605e1b6247815ac0c0\"},\"headline\":\"TURISMO | Programaci\u00f3n Mercado Barroco Villa de Mula\",\"datePublished\":\"2023-04-25T08:00:02+00:00\",\"dateModified\":\"2023-04-25T08:02:20+00:00\",\"mainEntityOfPage\":{\"@id\":\"https:\\\/\\\/mula.es\\\/web\\\/turismo-programacion-mercado-barroco-villa-de-mula\\\/\"},\"wordCount\":454,\"image\":{\"@id\":\"https:\\\/\\\/mula.es\\\/web\\\/turismo-programacion-mercado-barroco-villa-de-mula\\\/#primaryimage\"},\"thumbnailUrl\":\"https:\\\/\\\/mula.es\\\/web\\\/wp-content\\\/uploads\\\/2023\\\/04\\\/MercadilloBarroco2023-scaled.jpg\",\"articleSection\":[\"turismo\"],\"inLanguage\":\"es\"},{\"@type\":\"WebPage\",\"@id\":\"https:\\\/\\\/mula.es\\\/web\\\/turismo-programacion-mercado-barroco-villa-de-mula\\\/\",\"url\":\"https:\\\/\\\/mula.es\\\/web\\\/turismo-programacion-mercado-barroco-villa-de-mula\\\/\",\"name\":\"TURISMO | Programaci\u00f3n Mercado Barroco Villa de Mula - Ayuntamiento de Mula\",\"isPartOf\":{\"@id\":\"https:\\\/\\\/mula.es\\\/web\\\/#website\"},\"primaryImageOfPage\":{\"@id\":\"https:\\\/\\\/mula.es\\\/web\\\/turismo-programacion-mercado-barroco-villa-de-mula\\\/#primaryimage\"},\"image\":{\"@id\":\"https:\\\/\\\/mula.es\\\/web\\\/turismo-programacion-mercado-barroco-villa-de-mula\\\/#primaryimage\"},\"thumbnailUrl\":\"https:\\\/\\\/mula.es\\\/web\\\/wp-content\\\/uploads\\\/2023\\\/04\\\/MercadilloBarroco2023-scaled.jpg\",\"datePublished\":\"2023-04-25T08:00:02+00:00\",\"dateModified\":\"2023-04-25T08:02:20+00:00\",\"author\":{\"@id\":\"https:\\\/\\\/mula.es\\\/web\\\/#\\\/schema\\\/person\\\/4cc33fc69cd667605e1b6247815ac0c0\"},\"breadcrumb\":{\"@id\":\"https:\\\/\\\/mula.es\\\/web\\\/turismo-programacion-mercado-barroco-villa-de-mula\\\/#breadcrumb\"},\"inLanguage\":\"es\",\"potentialAction\":[{\"@type\":\"ReadAction\",\"target\":[\"https:\\\/\\\/mula.es\\\/web\\\/turismo-programacion-mercado-barroco-villa-de-mula\\\/\"]}]},{\"@type\":\"ImageObject\",\"inLanguage\":\"es\",\"@id\":\"https:\\\/\\\/mula.es\\\/web\\\/turismo-programacion-mercado-barroco-villa-de-mula\\\/#primaryimage\",\"url\":\"https:\\\/\\\/mula.es\\\/web\\\/wp-content\\\/uploads\\\/2023\\\/04\\\/MercadilloBarroco2023-scaled.jpg\",\"contentUrl\":\"https:\\\/\\\/mula.es\\\/web\\\/wp-content\\\/uploads\\\/2023\\\/04\\\/MercadilloBarroco2023-scaled.jpg\",\"width\":1810,\"height\":2560,\"caption\":\"MercadilloBarroco2023\"},{\"@type\":\"BreadcrumbList\",\"@id\":\"https:\\\/\\\/mula.es\\\/web\\\/turismo-programacion-mercado-barroco-villa-de-mula\\\/#breadcrumb\",\"itemListElement\":[{\"@type\":\"ListItem\",\"position\":1,\"name\":\"Portada\",\"item\":\"https:\\\/\\\/mula.es\\\/web\\\/\"},{\"@type\":\"ListItem\",\"position\":2,\"name\":\"TURISMO | Programaci\u00f3n Mercado Barroco Villa de Mula\"}]},{\"@type\":\"WebSite\",\"@id\":\"https:\\\/\\\/mula.es\\\/web\\\/#website\",\"url\":\"https:\\\/\\\/mula.es\\\/web\\\/\",\"name\":\"Ayuntamiento de Mula\",\"description\":\"P\u00e1gina web del Ayuntamiento de Mula (Regi\u00f3n de Murcia)\",\"potentialAction\":[{\"@type\":\"SearchAction\",\"target\":{\"@type\":\"EntryPoint\",\"urlTemplate\":\"https:\\\/\\\/mula.es\\\/web\\\/?s={search_term_string}\"},\"query-input\":{\"@type\":\"PropertyValueSpecification\",\"valueRequired\":true,\"valueName\":\"search_term_string\"}}],\"inLanguage\":\"es\"},{\"@type\":\"Person\",\"@id\":\"https:\\\/\\\/mula.es\\\/web\\\/#\\\/schema\\\/person\\\/4cc33fc69cd667605e1b6247815ac0c0\",\"name\":\"Mar\u00eda Bel\u00e9n Sumba Bravo\",\"image\":{\"@type\":\"ImageObject\",\"inLanguage\":\"es\",\"@id\":\"https:\\\/\\\/secure.gravatar.com\\\/avatar\\\/8f65af12a8d72e866f97bba50325bdf89a5362533b6f2c9db8c88130883986b1?s=96&d=mm&r=g\",\"url\":\"https:\\\/\\\/secure.gravatar.com\\\/avatar\\\/8f65af12a8d72e866f97bba50325bdf89a5362533b6f2c9db8c88130883986b1?s=96&d=mm&r=g\",\"contentUrl\":\"https:\\\/\\\/secure.gravatar.com\\\/avatar\\\/8f65af12a8d72e866f97bba50325bdf89a5362533b6f2c9db8c88130883986b1?s=96&d=mm&r=g\",\"caption\":\"Mar\u00eda Bel\u00e9n Sumba Bravo\"},\"url\":\"https:\\\/\\\/mula.es\\\/web\\\/author\\\/mbsumba\\\/\"}]}<\/script>\n<!-- \/ Yoast SEO plugin. -->","yoast_head_json":{"title":"TURISMO | Programaci\u00f3n Mercado Barroco Villa de Mula - Ayuntamiento de Mula","robots":{"index":"index","follow":"follow","max-snippet":"max-snippet:-1","max-image-preview":"max-image-preview:large","max-video-preview":"max-video-preview:-1"},"canonical":"https:\/\/mula.es\/web\/turismo-programacion-mercado-barroco-villa-de-mula\/","og_locale":"es_ES","og_type":"article","og_title":"TURISMO | Programaci\u00f3n Mercado Barroco Villa de Mula - Ayuntamiento de Mula","og_description":"PROGRAMACI\u00d3N COMPLETA EN PDF (DESCARGABLE) Mi\u00e9rcoles, 26 de abril 19:30h. Conferencia: La Torre de La Puebla de Mula. Convento de San Francisco Viernes, 28 de abril 20 h. Microteatro. Consejo Local Juventud. Convento de San Francisco. 21 h. Cata de Vinos con maridaje en la Casa Coy. 30 \u20ac. Reservas: 698 90 75 76 S\u00e1bado, [...]","og_url":"https:\/\/mula.es\/web\/turismo-programacion-mercado-barroco-villa-de-mula\/","og_site_name":"Ayuntamiento de Mula","article_published_time":"2023-04-25T08:00:02+00:00","article_modified_time":"2023-04-25T08:02:20+00:00","og_image":[{"width":1810,"height":2560,"url":"https:\/\/mula.es\/web\/wp-content\/uploads\/2023\/04\/MercadilloBarroco2023-scaled.jpg","type":"image\/jpeg"}],"author":"Mar\u00eda Bel\u00e9n Sumba Bravo","twitter_card":"summary_large_image","twitter_creator":"@AyuntamientMula","twitter_site":"@AyuntamientMula","twitter_misc":{"Escrito por":"Mar\u00eda Bel\u00e9n Sumba Bravo","Tiempo de lectura":"3 minutos"},"schema":{"@context":"https:\/\/schema.org","@graph":[{"@type":"Article","@id":"https:\/\/mula.es\/web\/turismo-programacion-mercado-barroco-villa-de-mula\/#article","isPartOf":{"@id":"https:\/\/mula.es\/web\/turismo-programacion-mercado-barroco-villa-de-mula\/"},"author":{"name":"Mar\u00eda Bel\u00e9n Sumba Bravo","@id":"https:\/\/mula.es\/web\/#\/schema\/person\/4cc33fc69cd667605e1b6247815ac0c0"},"headline":"TURISMO | Programaci\u00f3n Mercado Barroco Villa de Mula","datePublished":"2023-04-25T08:00:02+00:00","dateModified":"2023-04-25T08:02:20+00:00","mainEntityOfPage":{"@id":"https:\/\/mula.es\/web\/turismo-programacion-mercado-barroco-villa-de-mula\/"},"wordCount":454,"image":{"@id":"https:\/\/mula.es\/web\/turismo-programacion-mercado-barroco-villa-de-mula\/#primaryimage"},"thumbnailUrl":"https:\/\/mula.es\/web\/wp-content\/uploads\/2023\/04\/MercadilloBarroco2023-scaled.jpg","articleSection":["turismo"],"inLanguage":"es"},{"@type":"WebPage","@id":"https:\/\/mula.es\/web\/turismo-programacion-mercado-barroco-villa-de-mula\/","url":"https:\/\/mula.es\/web\/turismo-programacion-mercado-barroco-villa-de-mula\/","name":"TURISMO | Programaci\u00f3n Mercado Barroco Villa de Mula - Ayuntamiento de Mula","isPartOf":{"@id":"https:\/\/mula.es\/web\/#website"},"primaryImageOfPage":{"@id":"https:\/\/mula.es\/web\/turismo-programacion-mercado-barroco-villa-de-mula\/#primaryimage"},"image":{"@id":"https:\/\/mula.es\/web\/turismo-programacion-mercado-barroco-villa-de-mula\/#primaryimage"},"thumbnailUrl":"https:\/\/mula.es\/web\/wp-content\/uploads\/2023\/04\/MercadilloBarroco2023-scaled.jpg","datePublished":"2023-04-25T08:00:02+00:00","dateModified":"2023-04-25T08:02:20+00:00","author":{"@id":"https:\/\/mula.es\/web\/#\/schema\/person\/4cc33fc69cd667605e1b6247815ac0c0"},"breadcrumb":{"@id":"https:\/\/mula.es\/web\/turismo-programacion-mercado-barroco-villa-de-mula\/#breadcrumb"},"inLanguage":"es","potentialAction":[{"@type":"ReadAction","target":["https:\/\/mula.es\/web\/turismo-programacion-mercado-barroco-villa-de-mula\/"]}]},{"@type":"ImageObject","inLanguage":"es","@id":"https:\/\/mula.es\/web\/turismo-programacion-mercado-barroco-villa-de-mula\/#primaryimage","url":"https:\/\/mula.es\/web\/wp-content\/uploads\/2023\/04\/MercadilloBarroco2023-scaled.jpg","contentUrl":"https:\/\/mula.es\/web\/wp-content\/uploads\/2023\/04\/MercadilloBarroco2023-scaled.jpg","width":1810,"height":2560,"caption":"MercadilloBarroco2023"},{"@type":"BreadcrumbList","@id":"https:\/\/mula.es\/web\/turismo-programacion-mercado-barroco-villa-de-mula\/#breadcrumb","itemListElement":[{"@type":"ListItem","position":1,"name":"Portada","item":"https:\/\/mula.es\/web\/"},{"@type":"ListItem","position":2,"name":"TURISMO | Programaci\u00f3n Mercado Barroco Villa de Mula"}]},{"@type":"WebSite","@id":"https:\/\/mula.es\/web\/#website","url":"https:\/\/mula.es\/web\/","name":"Ayuntamiento de Mula","description":"P\u00e1gina web del Ayuntamiento de Mula (Regi\u00f3n de Murcia)","potentialAction":[{"@type":"SearchAction","target":{"@type":"EntryPoint","urlTemplate":"https:\/\/mula.es\/web\/?s={search_term_string}"},"query-input":{"@type":"PropertyValueSpecification","valueRequired":true,"valueName":"search_term_string"}}],"inLanguage":"es"},{"@type":"Person","@id":"https:\/\/mula.es\/web\/#\/schema\/person\/4cc33fc69cd667605e1b6247815ac0c0","name":"Mar\u00eda Bel\u00e9n Sumba Bravo","image":{"@type":"ImageObject","inLanguage":"es","@id":"https:\/\/secure.gravatar.com\/avatar\/8f65af12a8d72e866f97bba50325bdf89a5362533b6f2c9db8c88130883986b1?s=96&d=mm&r=g","url":"https:\/\/secure.gravatar.com\/avatar\/8f65af12a8d72e866f97bba50325bdf89a5362533b6f2c9db8c88130883986b1?s=96&d=mm&r=g","contentUrl":"https:\/\/secure.gravatar.com\/avatar\/8f65af12a8d72e866f97bba50325bdf89a5362533b6f2c9db8c88130883986b1?s=96&d=mm&r=g","caption":"Mar\u00eda Bel\u00e9n Sumba Bravo"},"url":"https:\/\/mula.es\/web\/author\/mbsumba\/"}]}},"jetpack_publicize_connections":[],"jetpack_featured_media_url":"https:\/\/mula.es\/web\/wp-content\/uploads\/2023\/04\/MercadilloBarroco2023-scaled.jpg","jetpack_sharing_enabled":true,"jetpack_shortlink":"https:\/\/wp.me\/pa9DMY-cAU","jetpack-related-posts":[],"_links":{"self":[{"href":"https:\/\/mula.es\/web\/wp-json\/wp\/v2\/posts\/48416","targetHints":{"allow":["GET"]}}],"collection":[{"href":"https:\/\/mula.es\/web\/wp-json\/wp\/v2\/posts"}],"about":[{"href":"https:\/\/mula.es\/web\/wp-json\/wp\/v2\/types\/post"}],"author":[{"embeddable":true,"href":"https:\/\/mula.es\/web\/wp-json\/wp\/v2\/users\/12"}],"replies":[{"embeddable":true,"href":"https:\/\/mula.es\/web\/wp-json\/wp\/v2\/comments?post=48416"}],"version-history":[{"count":3,"href":"https:\/\/mula.es\/web\/wp-json\/wp\/v2\/posts\/48416\/revisions"}],"predecessor-version":[{"id":48420,"href":"https:\/\/mula.es\/web\/wp-json\/wp\/v2\/posts\/48416\/revisions\/48420"}],"wp:featuredmedia":[{"embeddable":true,"href":"https:\/\/mula.es\/web\/wp-json\/wp\/v2\/media\/48282"}],"wp:attachment":[{"href":"https:\/\/mula.es\/web\/wp-json\/wp\/v2\/media?parent=48416"}],"wp:term":[{"taxonomy":"category","embeddable":true,"href":"https:\/\/mula.es\/web\/wp-json\/wp\/v2\/categories?post=48416"},{"taxonomy":"post_tag","embeddable":true,"href":"https:\/\/mula.es\/web\/wp-json\/wp\/v2\/tags?post=48416"}],"curies":[{"name":"wp","href":"https:\/\/api.w.org\/{rel}","templated":true}]}}