{"id":48571,"date":"2023-05-08T15:00:03","date_gmt":"2023-05-08T13:00:03","guid":{"rendered":"https:\/\/mula.es\/web\/?p=48571"},"modified":"2023-05-09T08:25:54","modified_gmt":"2023-05-09T06:25:54","slug":"educacion-encuentro-pedanias-de-mula-2023","status":"publish","type":"post","link":"https:\/\/mula.es\/web\/educacion-encuentro-pedanias-de-mula-2023\/","title":{"rendered":"EDUCACI\u00d3N| Encuentro Pedan\u00edas de Mula 2023"},"content":{"rendered":"<p style=\"text-align: justify;\">El viernes, 5 de mayo, los centros escolares de las pedan\u00edas organizaron, con la colaboraci\u00f3n del Ayuntamiento de Mula, el Encuentro Pedan\u00edas de Mula 2023, con el objetivo de realizar una jornada de convivencia entre el alumnado de Infantil y Primaria. En ella participaron el CEIP Sierra Espu\u00f1a, de Casas Nuevas; el CEIP Nuestra Se\u00f1ora del Rosario, de Fuente Librilla; el CEIP Ortega y Rubio, de La Puebla de Mula; y el CEIP La Pur\u00edsima, de Y\u00e9char. El encuentro cont\u00f3 con la presencia del alcalde de Mula, Juan Jes\u00fas Moreno, y concejales del Ayuntamiento de Mula.<\/p>\n<p style=\"text-align: justify;\">En el Encuentro Pedan\u00edas de Mula 2023, realizado en la pista deportiva de Casas Nuevas, los ni\u00f1os y ni\u00f1as realizaron diversos juegos para fomentar el trabajo en equipo; pintaron un mural, donde pusieron el nombre de su centro escolar y lo adornaron con flores e insectos de papel; as\u00ed como presentaron cada uno su pedan\u00eda y almorzaron juntos.<\/p>\n<p style=\"text-align: justify;\">\n","protected":false},"excerpt":{"rendered":"<p>El viernes, 5 de mayo, los centros escolares de las pedan\u00edas organizaron, con la colaboraci\u00f3n del Ayuntamiento de Mula, el Encuentro Pedan\u00edas de Mula 2023, con el objetivo de realizar una jornada de convivencia entre el alumnado de Infantil y Primaria. En ella participaron el CEIP Sierra Espu\u00f1a, de Casas Nuevas; el CEIP Nuestra Se\u00f1ora  [&#8230;]<\/p>\n","protected":false},"author":12,"featured_media":48577,"comment_status":"closed","ping_status":"closed","sticky":false,"template":"","format":"standard","meta":{"jetpack_post_was_ever_published":false,"_jetpack_newsletter_access":"","_jetpack_dont_email_post_to_subs":false,"_jetpack_newsletter_tier_id":0,"_jetpack_memberships_contains_paywalled_content":false,"_jetpack_memberships_contains_paid_content":false,"footnotes":"","jetpack_publicize_message":"","jetpack_publicize_feature_enabled":true,"jetpack_social_post_already_shared":false,"jetpack_social_options":{"image_generator_settings":{"template":"highway","default_image_id":0,"font":"","enabled":false},"version":2}},"categories":[89],"tags":[],"class_list":["post-48571","post","type-post","status-publish","format-standard","has-post-thumbnail","hentry","category-educacion"],"yoast_head":"<!-- This site is optimized with the Yoast SEO plugin v27.5 - https:\/\/yoast.com\/product\/yoast-seo-wordpress\/ -->\n<title>EDUCACI\u00d3N| Encuentro Pedan\u00edas de Mula 2023 - Ayuntamiento de Mula<\/title>\n<meta name=\"robots\" content=\"index, follow, max-snippet:-1, max-image-preview:large, max-video-preview:-1\" \/>\n<link rel=\"canonical\" href=\"https:\/\/mula.es\/web\/educacion-encuentro-pedanias-de-mula-2023\/\" \/>\n<meta property=\"og:locale\" content=\"es_ES\" \/>\n<meta property=\"og:type\" content=\"article\" \/>\n<meta property=\"og:title\" content=\"EDUCACI\u00d3N| Encuentro Pedan\u00edas de Mula 2023 - Ayuntamiento de Mula\" \/>\n<meta property=\"og:description\" content=\"El viernes, 5 de mayo, los centros escolares de las pedan\u00edas organizaron, con la colaboraci\u00f3n del Ayuntamiento de Mula, el Encuentro Pedan\u00edas de Mula 2023, con el objetivo de realizar una jornada de convivencia entre el alumnado de Infantil y Primaria. En ella participaron el CEIP Sierra Espu\u00f1a, de Casas Nuevas; el CEIP Nuestra Se\u00f1ora [...]\" \/>\n<meta property=\"og:url\" content=\"https:\/\/mula.es\/web\/educacion-encuentro-pedanias-de-mula-2023\/\" \/>\n<meta property=\"og:site_name\" content=\"Ayuntamiento de Mula\" \/>\n<meta property=\"article:published_time\" content=\"2023-05-08T13:00:03+00:00\" \/>\n<meta property=\"article:modified_time\" content=\"2023-05-09T06:25:54+00:00\" \/>\n<meta property=\"og:image\" content=\"https:\/\/mula.es\/web\/wp-content\/uploads\/2023\/05\/Encuentro-colegios-pedanias-web.png\" \/>\n\t<meta property=\"og:image:width\" content=\"1024\" \/>\n\t<meta property=\"og:image:height\" content=\"682\" \/>\n\t<meta property=\"og:image:type\" content=\"image\/png\" \/>\n<meta name=\"author\" content=\"Mar\u00eda Bel\u00e9n Sumba Bravo\" \/>\n<meta name=\"twitter:card\" content=\"summary_large_image\" \/>\n<meta name=\"twitter:creator\" content=\"@AyuntamientMula\" \/>\n<meta name=\"twitter:site\" content=\"@AyuntamientMula\" \/>\n<meta name=\"twitter:label1\" content=\"Escrito por\" \/>\n\t<meta name=\"twitter:data1\" content=\"Mar\u00eda Bel\u00e9n Sumba Bravo\" \/>\n\t<meta name=\"twitter:label2\" content=\"Tiempo de lectura\" \/>\n\t<meta name=\"twitter:data2\" content=\"1 minuto\" \/>\n<script type=\"application\/ld+json\" class=\"yoast-schema-graph\">{\"@context\":\"https:\\\/\\\/schema.org\",\"@graph\":[{\"@type\":\"Article\",\"@id\":\"https:\\\/\\\/mula.es\\\/web\\\/educacion-encuentro-pedanias-de-mula-2023\\\/#article\",\"isPartOf\":{\"@id\":\"https:\\\/\\\/mula.es\\\/web\\\/educacion-encuentro-pedanias-de-mula-2023\\\/\"},\"author\":{\"name\":\"Mar\u00eda Bel\u00e9n Sumba Bravo\",\"@id\":\"https:\\\/\\\/mula.es\\\/web\\\/#\\\/schema\\\/person\\\/4cc33fc69cd667605e1b6247815ac0c0\"},\"headline\":\"EDUCACI\u00d3N| Encuentro Pedan\u00edas de Mula 2023\",\"datePublished\":\"2023-05-08T13:00:03+00:00\",\"dateModified\":\"2023-05-09T06:25:54+00:00\",\"mainEntityOfPage\":{\"@id\":\"https:\\\/\\\/mula.es\\\/web\\\/educacion-encuentro-pedanias-de-mula-2023\\\/\"},\"wordCount\":170,\"image\":{\"@id\":\"https:\\\/\\\/mula.es\\\/web\\\/educacion-encuentro-pedanias-de-mula-2023\\\/#primaryimage\"},\"thumbnailUrl\":\"https:\\\/\\\/mula.es\\\/web\\\/wp-content\\\/uploads\\\/2023\\\/05\\\/Encuentro-colegios-pedanias-web.png\",\"articleSection\":[\"educaci\u00f3n\"],\"inLanguage\":\"es\"},{\"@type\":\"WebPage\",\"@id\":\"https:\\\/\\\/mula.es\\\/web\\\/educacion-encuentro-pedanias-de-mula-2023\\\/\",\"url\":\"https:\\\/\\\/mula.es\\\/web\\\/educacion-encuentro-pedanias-de-mula-2023\\\/\",\"name\":\"EDUCACI\u00d3N| Encuentro Pedan\u00edas de Mula 2023 - Ayuntamiento de Mula\",\"isPartOf\":{\"@id\":\"https:\\\/\\\/mula.es\\\/web\\\/#website\"},\"primaryImageOfPage\":{\"@id\":\"https:\\\/\\\/mula.es\\\/web\\\/educacion-encuentro-pedanias-de-mula-2023\\\/#primaryimage\"},\"image\":{\"@id\":\"https:\\\/\\\/mula.es\\\/web\\\/educacion-encuentro-pedanias-de-mula-2023\\\/#primaryimage\"},\"thumbnailUrl\":\"https:\\\/\\\/mula.es\\\/web\\\/wp-content\\\/uploads\\\/2023\\\/05\\\/Encuentro-colegios-pedanias-web.png\",\"datePublished\":\"2023-05-08T13:00:03+00:00\",\"dateModified\":\"2023-05-09T06:25:54+00:00\",\"author\":{\"@id\":\"https:\\\/\\\/mula.es\\\/web\\\/#\\\/schema\\\/person\\\/4cc33fc69cd667605e1b6247815ac0c0\"},\"breadcrumb\":{\"@id\":\"https:\\\/\\\/mula.es\\\/web\\\/educacion-encuentro-pedanias-de-mula-2023\\\/#breadcrumb\"},\"inLanguage\":\"es\",\"potentialAction\":[{\"@type\":\"ReadAction\",\"target\":[\"https:\\\/\\\/mula.es\\\/web\\\/educacion-encuentro-pedanias-de-mula-2023\\\/\"]}]},{\"@type\":\"ImageObject\",\"inLanguage\":\"es\",\"@id\":\"https:\\\/\\\/mula.es\\\/web\\\/educacion-encuentro-pedanias-de-mula-2023\\\/#primaryimage\",\"url\":\"https:\\\/\\\/mula.es\\\/web\\\/wp-content\\\/uploads\\\/2023\\\/05\\\/Encuentro-colegios-pedanias-web.png\",\"contentUrl\":\"https:\\\/\\\/mula.es\\\/web\\\/wp-content\\\/uploads\\\/2023\\\/05\\\/Encuentro-colegios-pedanias-web.png\",\"width\":1024,\"height\":682},{\"@type\":\"BreadcrumbList\",\"@id\":\"https:\\\/\\\/mula.es\\\/web\\\/educacion-encuentro-pedanias-de-mula-2023\\\/#breadcrumb\",\"itemListElement\":[{\"@type\":\"ListItem\",\"position\":1,\"name\":\"Portada\",\"item\":\"https:\\\/\\\/mula.es\\\/web\\\/\"},{\"@type\":\"ListItem\",\"position\":2,\"name\":\"EDUCACI\u00d3N| Encuentro Pedan\u00edas de Mula 2023\"}]},{\"@type\":\"WebSite\",\"@id\":\"https:\\\/\\\/mula.es\\\/web\\\/#website\",\"url\":\"https:\\\/\\\/mula.es\\\/web\\\/\",\"name\":\"Ayuntamiento de Mula\",\"description\":\"P\u00e1gina web del Ayuntamiento de Mula (Regi\u00f3n de Murcia)\",\"potentialAction\":[{\"@type\":\"SearchAction\",\"target\":{\"@type\":\"EntryPoint\",\"urlTemplate\":\"https:\\\/\\\/mula.es\\\/web\\\/?s={search_term_string}\"},\"query-input\":{\"@type\":\"PropertyValueSpecification\",\"valueRequired\":true,\"valueName\":\"search_term_string\"}}],\"inLanguage\":\"es\"},{\"@type\":\"Person\",\"@id\":\"https:\\\/\\\/mula.es\\\/web\\\/#\\\/schema\\\/person\\\/4cc33fc69cd667605e1b6247815ac0c0\",\"name\":\"Mar\u00eda Bel\u00e9n Sumba Bravo\",\"image\":{\"@type\":\"ImageObject\",\"inLanguage\":\"es\",\"@id\":\"https:\\\/\\\/secure.gravatar.com\\\/avatar\\\/8f65af12a8d72e866f97bba50325bdf89a5362533b6f2c9db8c88130883986b1?s=96&d=mm&r=g\",\"url\":\"https:\\\/\\\/secure.gravatar.com\\\/avatar\\\/8f65af12a8d72e866f97bba50325bdf89a5362533b6f2c9db8c88130883986b1?s=96&d=mm&r=g\",\"contentUrl\":\"https:\\\/\\\/secure.gravatar.com\\\/avatar\\\/8f65af12a8d72e866f97bba50325bdf89a5362533b6f2c9db8c88130883986b1?s=96&d=mm&r=g\",\"caption\":\"Mar\u00eda Bel\u00e9n Sumba Bravo\"},\"url\":\"https:\\\/\\\/mula.es\\\/web\\\/author\\\/mbsumba\\\/\"}]}<\/script>\n<!-- \/ Yoast SEO plugin. -->","yoast_head_json":{"title":"EDUCACI\u00d3N| Encuentro Pedan\u00edas de Mula 2023 - Ayuntamiento de Mula","robots":{"index":"index","follow":"follow","max-snippet":"max-snippet:-1","max-image-preview":"max-image-preview:large","max-video-preview":"max-video-preview:-1"},"canonical":"https:\/\/mula.es\/web\/educacion-encuentro-pedanias-de-mula-2023\/","og_locale":"es_ES","og_type":"article","og_title":"EDUCACI\u00d3N| Encuentro Pedan\u00edas de Mula 2023 - Ayuntamiento de Mula","og_description":"El viernes, 5 de mayo, los centros escolares de las pedan\u00edas organizaron, con la colaboraci\u00f3n del Ayuntamiento de Mula, el Encuentro Pedan\u00edas de Mula 2023, con el objetivo de realizar una jornada de convivencia entre el alumnado de Infantil y Primaria. En ella participaron el CEIP Sierra Espu\u00f1a, de Casas Nuevas; el CEIP Nuestra Se\u00f1ora [...]","og_url":"https:\/\/mula.es\/web\/educacion-encuentro-pedanias-de-mula-2023\/","og_site_name":"Ayuntamiento de Mula","article_published_time":"2023-05-08T13:00:03+00:00","article_modified_time":"2023-05-09T06:25:54+00:00","og_image":[{"width":1024,"height":682,"url":"https:\/\/mula.es\/web\/wp-content\/uploads\/2023\/05\/Encuentro-colegios-pedanias-web.png","type":"image\/png"}],"author":"Mar\u00eda Bel\u00e9n Sumba Bravo","twitter_card":"summary_large_image","twitter_creator":"@AyuntamientMula","twitter_site":"@AyuntamientMula","twitter_misc":{"Escrito por":"Mar\u00eda Bel\u00e9n Sumba Bravo","Tiempo de lectura":"1 minuto"},"schema":{"@context":"https:\/\/schema.org","@graph":[{"@type":"Article","@id":"https:\/\/mula.es\/web\/educacion-encuentro-pedanias-de-mula-2023\/#article","isPartOf":{"@id":"https:\/\/mula.es\/web\/educacion-encuentro-pedanias-de-mula-2023\/"},"author":{"name":"Mar\u00eda Bel\u00e9n Sumba Bravo","@id":"https:\/\/mula.es\/web\/#\/schema\/person\/4cc33fc69cd667605e1b6247815ac0c0"},"headline":"EDUCACI\u00d3N| Encuentro Pedan\u00edas de Mula 2023","datePublished":"2023-05-08T13:00:03+00:00","dateModified":"2023-05-09T06:25:54+00:00","mainEntityOfPage":{"@id":"https:\/\/mula.es\/web\/educacion-encuentro-pedanias-de-mula-2023\/"},"wordCount":170,"image":{"@id":"https:\/\/mula.es\/web\/educacion-encuentro-pedanias-de-mula-2023\/#primaryimage"},"thumbnailUrl":"https:\/\/mula.es\/web\/wp-content\/uploads\/2023\/05\/Encuentro-colegios-pedanias-web.png","articleSection":["educaci\u00f3n"],"inLanguage":"es"},{"@type":"WebPage","@id":"https:\/\/mula.es\/web\/educacion-encuentro-pedanias-de-mula-2023\/","url":"https:\/\/mula.es\/web\/educacion-encuentro-pedanias-de-mula-2023\/","name":"EDUCACI\u00d3N| Encuentro Pedan\u00edas de Mula 2023 - Ayuntamiento de Mula","isPartOf":{"@id":"https:\/\/mula.es\/web\/#website"},"primaryImageOfPage":{"@id":"https:\/\/mula.es\/web\/educacion-encuentro-pedanias-de-mula-2023\/#primaryimage"},"image":{"@id":"https:\/\/mula.es\/web\/educacion-encuentro-pedanias-de-mula-2023\/#primaryimage"},"thumbnailUrl":"https:\/\/mula.es\/web\/wp-content\/uploads\/2023\/05\/Encuentro-colegios-pedanias-web.png","datePublished":"2023-05-08T13:00:03+00:00","dateModified":"2023-05-09T06:25:54+00:00","author":{"@id":"https:\/\/mula.es\/web\/#\/schema\/person\/4cc33fc69cd667605e1b6247815ac0c0"},"breadcrumb":{"@id":"https:\/\/mula.es\/web\/educacion-encuentro-pedanias-de-mula-2023\/#breadcrumb"},"inLanguage":"es","potentialAction":[{"@type":"ReadAction","target":["https:\/\/mula.es\/web\/educacion-encuentro-pedanias-de-mula-2023\/"]}]},{"@type":"ImageObject","inLanguage":"es","@id":"https:\/\/mula.es\/web\/educacion-encuentro-pedanias-de-mula-2023\/#primaryimage","url":"https:\/\/mula.es\/web\/wp-content\/uploads\/2023\/05\/Encuentro-colegios-pedanias-web.png","contentUrl":"https:\/\/mula.es\/web\/wp-content\/uploads\/2023\/05\/Encuentro-colegios-pedanias-web.png","width":1024,"height":682},{"@type":"BreadcrumbList","@id":"https:\/\/mula.es\/web\/educacion-encuentro-pedanias-de-mula-2023\/#breadcrumb","itemListElement":[{"@type":"ListItem","position":1,"name":"Portada","item":"https:\/\/mula.es\/web\/"},{"@type":"ListItem","position":2,"name":"EDUCACI\u00d3N| Encuentro Pedan\u00edas de Mula 2023"}]},{"@type":"WebSite","@id":"https:\/\/mula.es\/web\/#website","url":"https:\/\/mula.es\/web\/","name":"Ayuntamiento de Mula","description":"P\u00e1gina web del Ayuntamiento de Mula (Regi\u00f3n de Murcia)","potentialAction":[{"@type":"SearchAction","target":{"@type":"EntryPoint","urlTemplate":"https:\/\/mula.es\/web\/?s={search_term_string}"},"query-input":{"@type":"PropertyValueSpecification","valueRequired":true,"valueName":"search_term_string"}}],"inLanguage":"es"},{"@type":"Person","@id":"https:\/\/mula.es\/web\/#\/schema\/person\/4cc33fc69cd667605e1b6247815ac0c0","name":"Mar\u00eda Bel\u00e9n Sumba Bravo","image":{"@type":"ImageObject","inLanguage":"es","@id":"https:\/\/secure.gravatar.com\/avatar\/8f65af12a8d72e866f97bba50325bdf89a5362533b6f2c9db8c88130883986b1?s=96&d=mm&r=g","url":"https:\/\/secure.gravatar.com\/avatar\/8f65af12a8d72e866f97bba50325bdf89a5362533b6f2c9db8c88130883986b1?s=96&d=mm&r=g","contentUrl":"https:\/\/secure.gravatar.com\/avatar\/8f65af12a8d72e866f97bba50325bdf89a5362533b6f2c9db8c88130883986b1?s=96&d=mm&r=g","caption":"Mar\u00eda Bel\u00e9n Sumba Bravo"},"url":"https:\/\/mula.es\/web\/author\/mbsumba\/"}]}},"jetpack_publicize_connections":[],"jetpack_featured_media_url":"https:\/\/mula.es\/web\/wp-content\/uploads\/2023\/05\/Encuentro-colegios-pedanias-web.png","jetpack_sharing_enabled":true,"jetpack_shortlink":"https:\/\/wp.me\/pa9DMY-cDp","jetpack-related-posts":[],"_links":{"self":[{"href":"https:\/\/mula.es\/web\/wp-json\/wp\/v2\/posts\/48571","targetHints":{"allow":["GET"]}}],"collection":[{"href":"https:\/\/mula.es\/web\/wp-json\/wp\/v2\/posts"}],"about":[{"href":"https:\/\/mula.es\/web\/wp-json\/wp\/v2\/types\/post"}],"author":[{"embeddable":true,"href":"https:\/\/mula.es\/web\/wp-json\/wp\/v2\/users\/12"}],"replies":[{"embeddable":true,"href":"https:\/\/mula.es\/web\/wp-json\/wp\/v2\/comments?post=48571"}],"version-history":[{"count":2,"href":"https:\/\/mula.es\/web\/wp-json\/wp\/v2\/posts\/48571\/revisions"}],"predecessor-version":[{"id":48578,"href":"https:\/\/mula.es\/web\/wp-json\/wp\/v2\/posts\/48571\/revisions\/48578"}],"wp:featuredmedia":[{"embeddable":true,"href":"https:\/\/mula.es\/web\/wp-json\/wp\/v2\/media\/48577"}],"wp:attachment":[{"href":"https:\/\/mula.es\/web\/wp-json\/wp\/v2\/media?parent=48571"}],"wp:term":[{"taxonomy":"category","embeddable":true,"href":"https:\/\/mula.es\/web\/wp-json\/wp\/v2\/categories?post=48571"},{"taxonomy":"post_tag","embeddable":true,"href":"https:\/\/mula.es\/web\/wp-json\/wp\/v2\/tags?post=48571"}],"curies":[{"name":"wp","href":"https:\/\/api.w.org\/{rel}","templated":true}]}}