{"id":48589,"date":"2023-05-09T09:04:19","date_gmt":"2023-05-09T07:04:19","guid":{"rendered":"https:\/\/mula.es\/web\/?p=48589"},"modified":"2023-05-09T10:49:49","modified_gmt":"2023-05-09T08:49:49","slug":"igualdad-ludoteca-y-pulseras-identificativas-para-menores-en-san-isidro-2023","status":"publish","type":"post","link":"https:\/\/mula.es\/web\/igualdad-ludoteca-y-pulseras-identificativas-para-menores-en-san-isidro-2023\/","title":{"rendered":"IGUALDAD| Ludoteca y pulseras identificativas para menores en San Isidro 2023"},"content":{"rendered":"<p style=\"text-align: justify;\">Durante las Fiesta de San Isidro 2023,\u00a0 la Concejal\u00eda de Igualdad del Ayuntamiento de Mula ha puesto en marcha una ludoteca y un punto dispensador de pulseras identificativas para ni\u00f1os y ni\u00f1as. Dos iniciativas, enmarcadas dentro del Plan Corresponsables, que buscan que los m\u00e1s peque\u00f1os vivan las fiestas de forma educativa y divertida, as\u00ed como facilitar la corresponsabilidad de padres y madres en el cuidado de los menores durante las mismas.<\/p>\n<p style=\"text-align: justify;\">La<strong> ludoteca<\/strong> estar\u00e1 instalada desde el viernes, 12 de mayo hasta el domingo, 14 de mayo en el parque Crist\u00f3bal Gabarr\u00f3n de Mula. Se trata de un espacio dedicado a ni\u00f1os y ni\u00f1as de entre 3 y 10 a\u00f1os, con aforo limitado de 30 menores en estancias de 1 hora.<\/p>\n<p style=\"text-align: center;\"><span style=\"text-decoration: underline;\">Horario de apertura<\/span><\/p>\n<p style=\"text-align: center;\">Viernes, 12 de mayo: de 21 a 02 horas<\/p>\n<p style=\"text-align: center;\">S\u00e1bado, 13 de mayo: de 13 a 16 horas y de 21 y 02 horas<\/p>\n<p style=\"text-align: center;\">Domingo, 14 de mayo: de 12:30 a 15:30 horas<\/p>\n<p style=\"text-align: justify;\">Durante estos d\u00edas tambi\u00e9n estar\u00e1n disponibles las <strong>pulseras identificativas<\/strong> para ni\u00f1os y ni\u00f1as, que se podr\u00e1n encontrar en la ludoteca. Una iniciativa de la que se puede beneficiar cualquier familia con hijos o hijas menores de 12 a\u00f1os. En la pulsera, la madre, padre o tutor del menor podr\u00e1 anotar su n\u00famero de tel\u00e9fono o cualquier dato \u00fatil para poder ser localizado en el caso de que el menor se pierda o desoriente.<\/p>\n<p style=\"text-align: justify;\">El Plan Corresponsables est\u00e1 financiado 100% por el Ministerio de Igualdad, a trav\u00e9s de la Secretar\u00eda de Estado de Igualdad y contra la Violencia de G\u00e9nero.<\/p>\n<p><a href=\"https:\/\/mula.es\/web\/wp-content\/uploads\/2023\/05\/Ludoteca-San-Isidro.jpeg\"><img decoding=\"async\" data-attachment-id=\"48581\" data-permalink=\"https:\/\/mula.es\/web\/ludoteca-san-isidro\/\" data-orig-file=\"https:\/\/mula.es\/web\/wp-content\/uploads\/2023\/05\/Ludoteca-San-Isidro.jpeg\" data-orig-size=\"1130,1600\" data-comments-opened=\"0\" data-image-meta=\"{&quot;aperture&quot;:&quot;0&quot;,&quot;credit&quot;:&quot;&quot;,&quot;camera&quot;:&quot;&quot;,&quot;caption&quot;:&quot;&quot;,&quot;created_timestamp&quot;:&quot;0&quot;,&quot;copyright&quot;:&quot;&quot;,&quot;focal_length&quot;:&quot;0&quot;,&quot;iso&quot;:&quot;0&quot;,&quot;shutter_speed&quot;:&quot;0&quot;,&quot;title&quot;:&quot;&quot;,&quot;orientation&quot;:&quot;0&quot;}\" data-image-title=\"Ludoteca San Isidro\" data-image-description=\"\" data-image-caption=\"\" data-large-file=\"https:\/\/mula.es\/web\/wp-content\/uploads\/2023\/05\/Ludoteca-San-Isidro-723x1024.jpeg\" class=\"wp-image-48581 aligncenter\" src=\"https:\/\/mula.es\/web\/wp-content\/uploads\/2023\/05\/Ludoteca-San-Isidro.jpeg\" alt=\"\" width=\"500\" height=\"708\" srcset=\"https:\/\/mula.es\/web\/wp-content\/uploads\/2023\/05\/Ludoteca-San-Isidro-200x283.jpeg 200w, https:\/\/mula.es\/web\/wp-content\/uploads\/2023\/05\/Ludoteca-San-Isidro-212x300.jpeg 212w, https:\/\/mula.es\/web\/wp-content\/uploads\/2023\/05\/Ludoteca-San-Isidro-400x566.jpeg 400w, https:\/\/mula.es\/web\/wp-content\/uploads\/2023\/05\/Ludoteca-San-Isidro-600x850.jpeg 600w, https:\/\/mula.es\/web\/wp-content\/uploads\/2023\/05\/Ludoteca-San-Isidro-723x1024.jpeg 723w, https:\/\/mula.es\/web\/wp-content\/uploads\/2023\/05\/Ludoteca-San-Isidro-768x1087.jpeg 768w, https:\/\/mula.es\/web\/wp-content\/uploads\/2023\/05\/Ludoteca-San-Isidro-800x1133.jpeg 800w, https:\/\/mula.es\/web\/wp-content\/uploads\/2023\/05\/Ludoteca-San-Isidro-1085x1536.jpeg 1085w, https:\/\/mula.es\/web\/wp-content\/uploads\/2023\/05\/Ludoteca-San-Isidro.jpeg 1130w\" sizes=\"(max-width: 500px) 100vw, 500px\" \/><\/a><\/p>\n<p>&nbsp;<\/p>\n","protected":false},"excerpt":{"rendered":"<p>Durante las Fiesta de San Isidro 2023,\u00a0 la Concejal\u00eda de Igualdad del Ayuntamiento de Mula ha puesto en marcha una ludoteca y un punto dispensador de pulseras identificativas para ni\u00f1os y ni\u00f1as. Dos iniciativas, enmarcadas dentro del Plan Corresponsables, que buscan que los m\u00e1s peque\u00f1os vivan las fiestas de forma educativa y divertida, as\u00ed como  [&#8230;]<\/p>\n","protected":false},"author":12,"featured_media":48580,"comment_status":"closed","ping_status":"closed","sticky":false,"template":"","format":"standard","meta":{"jetpack_post_was_ever_published":false,"_jetpack_newsletter_access":"","_jetpack_dont_email_post_to_subs":false,"_jetpack_newsletter_tier_id":0,"_jetpack_memberships_contains_paywalled_content":false,"_jetpack_memberships_contains_paid_content":false,"footnotes":"","jetpack_publicize_message":"","jetpack_publicize_feature_enabled":true,"jetpack_social_post_already_shared":false,"jetpack_social_options":{"image_generator_settings":{"template":"highway","default_image_id":0,"font":"","enabled":false},"version":2}},"categories":[147,803,186],"tags":[],"class_list":["post-48589","post","type-post","status-publish","format-standard","has-post-thumbnail","hentry","category-igualdad","category-plan-corresponsables","category-san-isidro"],"yoast_head":"<!-- This site is optimized with the Yoast SEO plugin v27.5 - https:\/\/yoast.com\/product\/yoast-seo-wordpress\/ -->\n<title>IGUALDAD| Ludoteca y pulseras identificativas para menores en San Isidro 2023 - Ayuntamiento de Mula<\/title>\n<meta name=\"robots\" content=\"index, follow, max-snippet:-1, max-image-preview:large, max-video-preview:-1\" \/>\n<link rel=\"canonical\" href=\"https:\/\/mula.es\/web\/igualdad-ludoteca-y-pulseras-identificativas-para-menores-en-san-isidro-2023\/\" \/>\n<meta property=\"og:locale\" content=\"es_ES\" \/>\n<meta property=\"og:type\" content=\"article\" \/>\n<meta property=\"og:title\" content=\"IGUALDAD| Ludoteca y pulseras identificativas para menores en San Isidro 2023 - Ayuntamiento de Mula\" \/>\n<meta property=\"og:description\" content=\"Durante las Fiesta de San Isidro 2023,\u00a0 la Concejal\u00eda de Igualdad del Ayuntamiento de Mula ha puesto en marcha una ludoteca y un punto dispensador de pulseras identificativas para ni\u00f1os y ni\u00f1as. Dos iniciativas, enmarcadas dentro del Plan Corresponsables, que buscan que los m\u00e1s peque\u00f1os vivan las fiestas de forma educativa y divertida, as\u00ed como [...]\" \/>\n<meta property=\"og:url\" content=\"https:\/\/mula.es\/web\/igualdad-ludoteca-y-pulseras-identificativas-para-menores-en-san-isidro-2023\/\" \/>\n<meta property=\"og:site_name\" content=\"Ayuntamiento de Mula\" \/>\n<meta property=\"article:published_time\" content=\"2023-05-09T07:04:19+00:00\" \/>\n<meta property=\"article:modified_time\" content=\"2023-05-09T08:49:49+00:00\" \/>\n<meta property=\"og:image\" content=\"https:\/\/mula.es\/web\/wp-content\/uploads\/2023\/05\/Pulseras-identificativas.jpg\" \/>\n\t<meta property=\"og:image:width\" content=\"1191\" \/>\n\t<meta property=\"og:image:height\" content=\"842\" \/>\n\t<meta property=\"og:image:type\" content=\"image\/jpeg\" \/>\n<meta name=\"author\" content=\"Mar\u00eda Bel\u00e9n Sumba Bravo\" \/>\n<meta name=\"twitter:card\" content=\"summary_large_image\" \/>\n<meta name=\"twitter:creator\" content=\"@AyuntamientMula\" \/>\n<meta name=\"twitter:site\" content=\"@AyuntamientMula\" \/>\n<meta name=\"twitter:label1\" content=\"Escrito por\" \/>\n\t<meta name=\"twitter:data1\" content=\"Mar\u00eda Bel\u00e9n Sumba Bravo\" \/>\n\t<meta name=\"twitter:label2\" content=\"Tiempo de lectura\" \/>\n\t<meta name=\"twitter:data2\" content=\"2 minutos\" \/>\n<script type=\"application\/ld+json\" class=\"yoast-schema-graph\">{\"@context\":\"https:\\\/\\\/schema.org\",\"@graph\":[{\"@type\":\"Article\",\"@id\":\"https:\\\/\\\/mula.es\\\/web\\\/igualdad-ludoteca-y-pulseras-identificativas-para-menores-en-san-isidro-2023\\\/#article\",\"isPartOf\":{\"@id\":\"https:\\\/\\\/mula.es\\\/web\\\/igualdad-ludoteca-y-pulseras-identificativas-para-menores-en-san-isidro-2023\\\/\"},\"author\":{\"name\":\"Mar\u00eda Bel\u00e9n Sumba Bravo\",\"@id\":\"https:\\\/\\\/mula.es\\\/web\\\/#\\\/schema\\\/person\\\/4cc33fc69cd667605e1b6247815ac0c0\"},\"headline\":\"IGUALDAD| Ludoteca y pulseras identificativas para menores en San Isidro 2023\",\"datePublished\":\"2023-05-09T07:04:19+00:00\",\"dateModified\":\"2023-05-09T08:49:49+00:00\",\"mainEntityOfPage\":{\"@id\":\"https:\\\/\\\/mula.es\\\/web\\\/igualdad-ludoteca-y-pulseras-identificativas-para-menores-en-san-isidro-2023\\\/\"},\"wordCount\":270,\"image\":{\"@id\":\"https:\\\/\\\/mula.es\\\/web\\\/igualdad-ludoteca-y-pulseras-identificativas-para-menores-en-san-isidro-2023\\\/#primaryimage\"},\"thumbnailUrl\":\"https:\\\/\\\/mula.es\\\/web\\\/wp-content\\\/uploads\\\/2023\\\/05\\\/Pulseras-identificativas.jpg\",\"articleSection\":[\"igualdad\",\"PLAN CORRESPONSABLES\",\"san isidro\"],\"inLanguage\":\"es\"},{\"@type\":\"WebPage\",\"@id\":\"https:\\\/\\\/mula.es\\\/web\\\/igualdad-ludoteca-y-pulseras-identificativas-para-menores-en-san-isidro-2023\\\/\",\"url\":\"https:\\\/\\\/mula.es\\\/web\\\/igualdad-ludoteca-y-pulseras-identificativas-para-menores-en-san-isidro-2023\\\/\",\"name\":\"IGUALDAD| Ludoteca y pulseras identificativas para menores en San Isidro 2023 - Ayuntamiento de Mula\",\"isPartOf\":{\"@id\":\"https:\\\/\\\/mula.es\\\/web\\\/#website\"},\"primaryImageOfPage\":{\"@id\":\"https:\\\/\\\/mula.es\\\/web\\\/igualdad-ludoteca-y-pulseras-identificativas-para-menores-en-san-isidro-2023\\\/#primaryimage\"},\"image\":{\"@id\":\"https:\\\/\\\/mula.es\\\/web\\\/igualdad-ludoteca-y-pulseras-identificativas-para-menores-en-san-isidro-2023\\\/#primaryimage\"},\"thumbnailUrl\":\"https:\\\/\\\/mula.es\\\/web\\\/wp-content\\\/uploads\\\/2023\\\/05\\\/Pulseras-identificativas.jpg\",\"datePublished\":\"2023-05-09T07:04:19+00:00\",\"dateModified\":\"2023-05-09T08:49:49+00:00\",\"author\":{\"@id\":\"https:\\\/\\\/mula.es\\\/web\\\/#\\\/schema\\\/person\\\/4cc33fc69cd667605e1b6247815ac0c0\"},\"breadcrumb\":{\"@id\":\"https:\\\/\\\/mula.es\\\/web\\\/igualdad-ludoteca-y-pulseras-identificativas-para-menores-en-san-isidro-2023\\\/#breadcrumb\"},\"inLanguage\":\"es\",\"potentialAction\":[{\"@type\":\"ReadAction\",\"target\":[\"https:\\\/\\\/mula.es\\\/web\\\/igualdad-ludoteca-y-pulseras-identificativas-para-menores-en-san-isidro-2023\\\/\"]}]},{\"@type\":\"ImageObject\",\"inLanguage\":\"es\",\"@id\":\"https:\\\/\\\/mula.es\\\/web\\\/igualdad-ludoteca-y-pulseras-identificativas-para-menores-en-san-isidro-2023\\\/#primaryimage\",\"url\":\"https:\\\/\\\/mula.es\\\/web\\\/wp-content\\\/uploads\\\/2023\\\/05\\\/Pulseras-identificativas.jpg\",\"contentUrl\":\"https:\\\/\\\/mula.es\\\/web\\\/wp-content\\\/uploads\\\/2023\\\/05\\\/Pulseras-identificativas.jpg\",\"width\":1191,\"height\":842},{\"@type\":\"BreadcrumbList\",\"@id\":\"https:\\\/\\\/mula.es\\\/web\\\/igualdad-ludoteca-y-pulseras-identificativas-para-menores-en-san-isidro-2023\\\/#breadcrumb\",\"itemListElement\":[{\"@type\":\"ListItem\",\"position\":1,\"name\":\"Portada\",\"item\":\"https:\\\/\\\/mula.es\\\/web\\\/\"},{\"@type\":\"ListItem\",\"position\":2,\"name\":\"IGUALDAD| Ludoteca y pulseras identificativas para menores en San Isidro 2023\"}]},{\"@type\":\"WebSite\",\"@id\":\"https:\\\/\\\/mula.es\\\/web\\\/#website\",\"url\":\"https:\\\/\\\/mula.es\\\/web\\\/\",\"name\":\"Ayuntamiento de Mula\",\"description\":\"P\u00e1gina web del Ayuntamiento de Mula (Regi\u00f3n de Murcia)\",\"potentialAction\":[{\"@type\":\"SearchAction\",\"target\":{\"@type\":\"EntryPoint\",\"urlTemplate\":\"https:\\\/\\\/mula.es\\\/web\\\/?s={search_term_string}\"},\"query-input\":{\"@type\":\"PropertyValueSpecification\",\"valueRequired\":true,\"valueName\":\"search_term_string\"}}],\"inLanguage\":\"es\"},{\"@type\":\"Person\",\"@id\":\"https:\\\/\\\/mula.es\\\/web\\\/#\\\/schema\\\/person\\\/4cc33fc69cd667605e1b6247815ac0c0\",\"name\":\"Mar\u00eda Bel\u00e9n Sumba Bravo\",\"image\":{\"@type\":\"ImageObject\",\"inLanguage\":\"es\",\"@id\":\"https:\\\/\\\/secure.gravatar.com\\\/avatar\\\/8f65af12a8d72e866f97bba50325bdf89a5362533b6f2c9db8c88130883986b1?s=96&d=mm&r=g\",\"url\":\"https:\\\/\\\/secure.gravatar.com\\\/avatar\\\/8f65af12a8d72e866f97bba50325bdf89a5362533b6f2c9db8c88130883986b1?s=96&d=mm&r=g\",\"contentUrl\":\"https:\\\/\\\/secure.gravatar.com\\\/avatar\\\/8f65af12a8d72e866f97bba50325bdf89a5362533b6f2c9db8c88130883986b1?s=96&d=mm&r=g\",\"caption\":\"Mar\u00eda Bel\u00e9n Sumba Bravo\"},\"url\":\"https:\\\/\\\/mula.es\\\/web\\\/author\\\/mbsumba\\\/\"}]}<\/script>\n<!-- \/ Yoast SEO plugin. -->","yoast_head_json":{"title":"IGUALDAD| Ludoteca y pulseras identificativas para menores en San Isidro 2023 - Ayuntamiento de Mula","robots":{"index":"index","follow":"follow","max-snippet":"max-snippet:-1","max-image-preview":"max-image-preview:large","max-video-preview":"max-video-preview:-1"},"canonical":"https:\/\/mula.es\/web\/igualdad-ludoteca-y-pulseras-identificativas-para-menores-en-san-isidro-2023\/","og_locale":"es_ES","og_type":"article","og_title":"IGUALDAD| Ludoteca y pulseras identificativas para menores en San Isidro 2023 - Ayuntamiento de Mula","og_description":"Durante las Fiesta de San Isidro 2023,\u00a0 la Concejal\u00eda de Igualdad del Ayuntamiento de Mula ha puesto en marcha una ludoteca y un punto dispensador de pulseras identificativas para ni\u00f1os y ni\u00f1as. Dos iniciativas, enmarcadas dentro del Plan Corresponsables, que buscan que los m\u00e1s peque\u00f1os vivan las fiestas de forma educativa y divertida, as\u00ed como [...]","og_url":"https:\/\/mula.es\/web\/igualdad-ludoteca-y-pulseras-identificativas-para-menores-en-san-isidro-2023\/","og_site_name":"Ayuntamiento de Mula","article_published_time":"2023-05-09T07:04:19+00:00","article_modified_time":"2023-05-09T08:49:49+00:00","og_image":[{"width":1191,"height":842,"url":"https:\/\/mula.es\/web\/wp-content\/uploads\/2023\/05\/Pulseras-identificativas.jpg","type":"image\/jpeg"}],"author":"Mar\u00eda Bel\u00e9n Sumba Bravo","twitter_card":"summary_large_image","twitter_creator":"@AyuntamientMula","twitter_site":"@AyuntamientMula","twitter_misc":{"Escrito por":"Mar\u00eda Bel\u00e9n Sumba Bravo","Tiempo de lectura":"2 minutos"},"schema":{"@context":"https:\/\/schema.org","@graph":[{"@type":"Article","@id":"https:\/\/mula.es\/web\/igualdad-ludoteca-y-pulseras-identificativas-para-menores-en-san-isidro-2023\/#article","isPartOf":{"@id":"https:\/\/mula.es\/web\/igualdad-ludoteca-y-pulseras-identificativas-para-menores-en-san-isidro-2023\/"},"author":{"name":"Mar\u00eda Bel\u00e9n Sumba Bravo","@id":"https:\/\/mula.es\/web\/#\/schema\/person\/4cc33fc69cd667605e1b6247815ac0c0"},"headline":"IGUALDAD| Ludoteca y pulseras identificativas para menores en San Isidro 2023","datePublished":"2023-05-09T07:04:19+00:00","dateModified":"2023-05-09T08:49:49+00:00","mainEntityOfPage":{"@id":"https:\/\/mula.es\/web\/igualdad-ludoteca-y-pulseras-identificativas-para-menores-en-san-isidro-2023\/"},"wordCount":270,"image":{"@id":"https:\/\/mula.es\/web\/igualdad-ludoteca-y-pulseras-identificativas-para-menores-en-san-isidro-2023\/#primaryimage"},"thumbnailUrl":"https:\/\/mula.es\/web\/wp-content\/uploads\/2023\/05\/Pulseras-identificativas.jpg","articleSection":["igualdad","PLAN CORRESPONSABLES","san isidro"],"inLanguage":"es"},{"@type":"WebPage","@id":"https:\/\/mula.es\/web\/igualdad-ludoteca-y-pulseras-identificativas-para-menores-en-san-isidro-2023\/","url":"https:\/\/mula.es\/web\/igualdad-ludoteca-y-pulseras-identificativas-para-menores-en-san-isidro-2023\/","name":"IGUALDAD| Ludoteca y pulseras identificativas para menores en San Isidro 2023 - Ayuntamiento de Mula","isPartOf":{"@id":"https:\/\/mula.es\/web\/#website"},"primaryImageOfPage":{"@id":"https:\/\/mula.es\/web\/igualdad-ludoteca-y-pulseras-identificativas-para-menores-en-san-isidro-2023\/#primaryimage"},"image":{"@id":"https:\/\/mula.es\/web\/igualdad-ludoteca-y-pulseras-identificativas-para-menores-en-san-isidro-2023\/#primaryimage"},"thumbnailUrl":"https:\/\/mula.es\/web\/wp-content\/uploads\/2023\/05\/Pulseras-identificativas.jpg","datePublished":"2023-05-09T07:04:19+00:00","dateModified":"2023-05-09T08:49:49+00:00","author":{"@id":"https:\/\/mula.es\/web\/#\/schema\/person\/4cc33fc69cd667605e1b6247815ac0c0"},"breadcrumb":{"@id":"https:\/\/mula.es\/web\/igualdad-ludoteca-y-pulseras-identificativas-para-menores-en-san-isidro-2023\/#breadcrumb"},"inLanguage":"es","potentialAction":[{"@type":"ReadAction","target":["https:\/\/mula.es\/web\/igualdad-ludoteca-y-pulseras-identificativas-para-menores-en-san-isidro-2023\/"]}]},{"@type":"ImageObject","inLanguage":"es","@id":"https:\/\/mula.es\/web\/igualdad-ludoteca-y-pulseras-identificativas-para-menores-en-san-isidro-2023\/#primaryimage","url":"https:\/\/mula.es\/web\/wp-content\/uploads\/2023\/05\/Pulseras-identificativas.jpg","contentUrl":"https:\/\/mula.es\/web\/wp-content\/uploads\/2023\/05\/Pulseras-identificativas.jpg","width":1191,"height":842},{"@type":"BreadcrumbList","@id":"https:\/\/mula.es\/web\/igualdad-ludoteca-y-pulseras-identificativas-para-menores-en-san-isidro-2023\/#breadcrumb","itemListElement":[{"@type":"ListItem","position":1,"name":"Portada","item":"https:\/\/mula.es\/web\/"},{"@type":"ListItem","position":2,"name":"IGUALDAD| Ludoteca y pulseras identificativas para menores en San Isidro 2023"}]},{"@type":"WebSite","@id":"https:\/\/mula.es\/web\/#website","url":"https:\/\/mula.es\/web\/","name":"Ayuntamiento de Mula","description":"P\u00e1gina web del Ayuntamiento de Mula (Regi\u00f3n de Murcia)","potentialAction":[{"@type":"SearchAction","target":{"@type":"EntryPoint","urlTemplate":"https:\/\/mula.es\/web\/?s={search_term_string}"},"query-input":{"@type":"PropertyValueSpecification","valueRequired":true,"valueName":"search_term_string"}}],"inLanguage":"es"},{"@type":"Person","@id":"https:\/\/mula.es\/web\/#\/schema\/person\/4cc33fc69cd667605e1b6247815ac0c0","name":"Mar\u00eda Bel\u00e9n Sumba Bravo","image":{"@type":"ImageObject","inLanguage":"es","@id":"https:\/\/secure.gravatar.com\/avatar\/8f65af12a8d72e866f97bba50325bdf89a5362533b6f2c9db8c88130883986b1?s=96&d=mm&r=g","url":"https:\/\/secure.gravatar.com\/avatar\/8f65af12a8d72e866f97bba50325bdf89a5362533b6f2c9db8c88130883986b1?s=96&d=mm&r=g","contentUrl":"https:\/\/secure.gravatar.com\/avatar\/8f65af12a8d72e866f97bba50325bdf89a5362533b6f2c9db8c88130883986b1?s=96&d=mm&r=g","caption":"Mar\u00eda Bel\u00e9n Sumba Bravo"},"url":"https:\/\/mula.es\/web\/author\/mbsumba\/"}]}},"jetpack_publicize_connections":[],"jetpack_featured_media_url":"https:\/\/mula.es\/web\/wp-content\/uploads\/2023\/05\/Pulseras-identificativas.jpg","jetpack_sharing_enabled":true,"jetpack_shortlink":"https:\/\/wp.me\/pa9DMY-cDH","jetpack-related-posts":[],"_links":{"self":[{"href":"https:\/\/mula.es\/web\/wp-json\/wp\/v2\/posts\/48589","targetHints":{"allow":["GET"]}}],"collection":[{"href":"https:\/\/mula.es\/web\/wp-json\/wp\/v2\/posts"}],"about":[{"href":"https:\/\/mula.es\/web\/wp-json\/wp\/v2\/types\/post"}],"author":[{"embeddable":true,"href":"https:\/\/mula.es\/web\/wp-json\/wp\/v2\/users\/12"}],"replies":[{"embeddable":true,"href":"https:\/\/mula.es\/web\/wp-json\/wp\/v2\/comments?post=48589"}],"version-history":[{"count":7,"href":"https:\/\/mula.es\/web\/wp-json\/wp\/v2\/posts\/48589\/revisions"}],"predecessor-version":[{"id":48597,"href":"https:\/\/mula.es\/web\/wp-json\/wp\/v2\/posts\/48589\/revisions\/48597"}],"wp:featuredmedia":[{"embeddable":true,"href":"https:\/\/mula.es\/web\/wp-json\/wp\/v2\/media\/48580"}],"wp:attachment":[{"href":"https:\/\/mula.es\/web\/wp-json\/wp\/v2\/media?parent=48589"}],"wp:term":[{"taxonomy":"category","embeddable":true,"href":"https:\/\/mula.es\/web\/wp-json\/wp\/v2\/categories?post=48589"},{"taxonomy":"post_tag","embeddable":true,"href":"https:\/\/mula.es\/web\/wp-json\/wp\/v2\/tags?post=48589"}],"curies":[{"name":"wp","href":"https:\/\/api.w.org\/{rel}","templated":true}]}}