{"id":48649,"date":"2023-05-17T10:32:45","date_gmt":"2023-05-17T08:32:45","guid":{"rendered":"https:\/\/mula.es\/web\/?p=48649"},"modified":"2023-05-17T13:23:14","modified_gmt":"2023-05-17T11:23:14","slug":"cultura-mula-celebra-el-dia-internacional-de-los-museos","status":"publish","type":"post","link":"https:\/\/mula.es\/web\/cultura-mula-celebra-el-dia-internacional-de-los-museos\/","title":{"rendered":"CULTURA| Mula celebra el D\u00eda Internacional de los Museos"},"content":{"rendered":"<p style=\"text-align: justify;\">Con motivo del 18 de mayo, D\u00eda Internacional de los Museos, se van a realizar diversas actividades, conferencias y visitas guiadas en el Museo Ciudad de Mula, el Museo de Arte Ib\u00e9rico El Cigarralejo y diversos entornos del municipio, del 18 al 21 de mayo.<\/p>\n<p style=\"text-align: justify;\">Desde 1977 es el Consejo Internacional de Museos -ICOM, por sus siglas en ingl\u00e9s- el encargado de organizar el D\u00eda Internacional de los Museos. Los museos contribuyen de manera fundamental al bienestar y al desarrollo sostenible de nuestras comunidades y, por ello, el ICOM quiere mostrar su apoyo a los Objetivos de Desarrollo Sostenible de las Naciones Unidas. Este 2023 se centra en tres espec\u00edficos:<\/p>\n<p style=\"text-align: justify;\"><strong>Objetivo 3.\u00a0<\/strong> Salud y bienestar mundial: garantizar una vida sana y promover el bienestar para todos en todas las edades, en particular en lo que respecta a la salud mental y el aislamiento social.<\/p>\n<p style=\"text-align: justify;\"><strong>Objetivo 13.<\/strong>\u00a0 Acci\u00f3n por el clima: tomar medidas urgentes para combatir el cambio clim\u00e1tico y sus impactos, adoptando pr\u00e1cticas bajas en carbono en el Norte Global y estrategias de mitigaci\u00f3n en el Sur Global.<\/p>\n<p style=\"text-align: justify;\"><strong>Objetivo 15.<\/strong>\u00a0 La vida en la tierra: proteger, restaurar y promover el uso sostenible de los ecosistemas terrestres, amplificando las voces de los l\u00edderes ind\u00edgenas y concienciando sobre la p\u00e9rdida de biodiversidad.<\/p>\n<p>&nbsp;<\/p>\n<h2 style=\"text-align: justify;\"><strong>PROGRAMACI\u00d3N<\/strong><\/h2>\n<h3 style=\"text-align: justify;\"><span style=\"text-decoration: underline;\"><strong>Jueves, 18 de mayo<\/strong><\/span><\/h3>\n<p style=\"text-align: justify;\"><strong><span style=\"color: #808080;\">D\u00eda Internacional de los Museos<\/span><\/strong><\/p>\n<p style=\"text-align: justify;\"><strong>Ma\u00f1ana<\/strong><\/p>\n<p style=\"text-align: justify;\">10:00 a 14:00 h. Visitas guiadas a la exposici\u00f3n del Santuario de El Cigarralejo, en el Museo de Arte Ib\u00e9rico del Cigarralejo (tel\u00e9fono cita: 968 66 14 22).<\/p>\n<p style=\"text-align: justify;\">10:15 a 13:30 h. Visita libre a la exposici\u00f3n <em>El sarc\u00f3fago de \u00e9poca visigoda de Los Villaricos<\/em>, en el Museo Ciudad de Mula.<\/p>\n<p style=\"text-align: justify;\"><strong>Tarde<\/strong><\/p>\n<p style=\"text-align: justify;\">17:15 a 19:30 h. Visita libre a la exposici\u00f3n <em>El sarc\u00f3fago de \u00e9poca visigoda de Los Villaricos<\/em>, en el Museo Ciudad de Mula.<\/p>\n<p style=\"text-align: justify;\">17:15 a 19:30 h. Visita libre a la exposici\u00f3n<em> 100 a\u00f1os de f\u00fatbol en la ciudad de Mula<\/em>, en el Museo Ciudad de Mula.<\/p>\n<p style=\"text-align: justify;\">19:30 h. Conferencia <em>La exposici\u00f3n de Murcia de 1900<\/em>, a cargo de Juan Fern\u00e1ndez del Toro, arquitecto t\u00e9cnico municipal. Organizada por ASAMIC en el Museo de Arte Ib\u00e9rico del Cigarralejo.<\/p>\n<h3 style=\"text-align: justify;\"><span style=\"text-decoration: underline;\"><strong>Viernes, 19 de mayo<\/strong><\/span><\/h3>\n<p style=\"text-align: justify;\"><strong>Ma\u00f1ana<\/strong><\/p>\n<p style=\"text-align: justify;\">10:00 a 14:00 h. Visitas guiadas a la exposici\u00f3n permanente Museo de Arte Ib\u00e9rico de El Cigarralejo y talleres para grupos organizados con cita previa (tel\u00e9fono cita: 968 66 14 22).<\/p>\n<p style=\"text-align: justify;\">10:15 a 13:30 h. Visita libre a la exposici\u00f3n <em>El sarc\u00f3fago de \u00e9poca visigoda de Los Villaricos<\/em>, en el Museo Ciudad de Mula.<\/p>\n<p style=\"text-align: justify;\"><strong>Tarde<\/strong><\/p>\n<p style=\"text-align: justify;\">19:00 h. Presentaci\u00f3n del libro <em>Retazos<\/em>, de Mar\u00eda Dolores Alcaraz Tom\u00e1s, IV Volumen de la colecci\u00f3n Rel\u00e1tame. En el Sal\u00f3n de Actos (antiguo refectorio) del Museo Ciudad de Mula. Organiza: Librer\u00eda Caballero. Colabora: Concejal\u00eda Cultura y Patrimonio Hist\u00f3rico.<\/p>\n<p style=\"text-align: justify;\">20:00 h. Inauguraci\u00f3n exposici\u00f3n <em>Mula de muestra<\/em>, por Bachillerato Art\u00edstico IES Ribera de los Molinos (Mula), en Sala Exposiciones Temporales del Museo Ciudad de Mula.<\/p>\n<h3 style=\"text-align: justify;\"><span style=\"text-decoration: underline;\"><strong>S\u00e1bado, 20 de mayo<\/strong> <\/span><\/h3>\n<p style=\"text-align: justify;\"><span style=\"color: #808080;\"><strong>Noche de los Museos<\/strong><\/span><\/p>\n<p style=\"text-align: justify;\"><strong>Ma\u00f1ana<\/strong><\/p>\n<p style=\"text-align: justify;\">11:00 a 14:00 h. Visitas guiadas a la exposici\u00f3n permanente Museo de Arte Ib\u00e9rico de El Cigarralejo (tel\u00e9fono cita: 968 66 14 22).<\/p>\n<p style=\"text-align: justify;\">10:15 a 13:30 h. Visita libre a la exposici\u00f3n <em>El sarc\u00f3fago de \u00e9poca visigoda de Los Villaricos<\/em>, en el Museo Ciudad de Mula.<\/p>\n<p style=\"text-align: justify;\">11:00 a 14:00 h. Visita libre a la exposici\u00f3n <em>100 a\u00f1os de f\u00fatbol en la ciudad de Mula<\/em>, en el Museo Ciudad de Mula.<\/p>\n<p style=\"text-align: justify;\"><strong>Tarde<\/strong><\/p>\n<p style=\"text-align: justify;\">17:00 h. Visita guiada Iglesias, patrimonio e historias, por la Oficina de Turismo del Ayuntamiento de Mula. Punto de encuentro: Real Monasterio de la Encarnaci\u00f3n. Reservas: www.murciaturistica.es o al tel\u00e9fono: 968 661501.<\/p>\n<p style=\"text-align: justify;\">18:00 a 24:00 h. Visitas guiadas al Museo de Arte Ib\u00e9rico de El Cigarralejo (tel\u00e9fono cita: 968 66 14 22).<\/p>\n<p style=\"text-align: justify;\">17:15 a 19:30 h. Visita libre a la exposici\u00f3n<em> El sarc\u00f3fago de \u00e9poca visigoda de Los Villaricos<\/em>, en el Museo Ciudad de Mula.<\/p>\n<p style=\"text-align: justify;\">20:00 h. Inauguraci\u00f3n de la exposici\u00f3n <em>Viaje de Invierno,<\/em> del fot\u00f3grafo Juan Mantilla, en el Museo de Arte Ib\u00e9rico de El Cigarralejo.<\/p>\n<p style=\"text-align: justify;\">22:00 h. Concierto de guitarra a cargo de Daniel Gonz\u00e1lez, en el Museo de Arte Ib\u00e9rico de El Cigarralejo.<\/p>\n<h3 style=\"text-align: justify;\"><span style=\"text-decoration: underline;\"><strong>Domingo, 21 de mayo<\/strong><\/span><\/h3>\n<p style=\"text-align: justify;\"><strong>Ma\u00f1ana<\/strong><\/p>\n<p style=\"text-align: justify;\">10:15 a 13:30 h. Visita libre a la exposici\u00f3n <em>El sarc\u00f3fago de \u00e9poca visigoda de Los Villaricos<\/em>, en el Museo Ciudad de Mula.<\/p>\n<p style=\"text-align: justify;\">11:00 a 14:00 h. Visita libre a la exposici\u00f3n <em>100 a\u00f1os de f\u00fatbol en la ciudad de Mula<\/em>, en el Museo Ciudad de Mula.<\/p>\n<p>10:30 h. Visita guiada a la villa romana de Los Villaricos, por la Oficina de Turismo del Ayuntamiento de Mula. Punto de encuentro: En el propio yacimiento. Reservas: www.murciaturistica.es o al tel\u00e9fono: 968 661501. Precio: 4 \u20ac.<\/p>\n<p style=\"text-align: justify;\">12:00 h. Visita guiada Mula Hist\u00f3rica + Productos de la Tierra, por la Oficina de Turismo del Ayuntamiento de Mula. Punto de Encuentro: Convento de San Francisco \u2013 Museo Ciudad de Mula. Reservas: www.murciaturistica.es o al tel\u00e9fono: 968 661501. Precio: 4 \u20ac (pago por adelantado por BIZUM).<\/p>\n<p style=\"text-align: justify;\">11:00 a 14:00 h. Visitas guiadas a la exposici\u00f3n del Santuario de El Cigarralejo, en el Museo de Arte Ib\u00e9rico del Cigarralejo (tel\u00e9fono cita: 968 66 14 22).<\/p>\n<p style=\"text-align: justify;\">11:00 a 14:00 h. Visita libre a de la exposici\u00f3n <em>Viaje de Invierno<\/em>, del fot\u00f3grafo Juan Mantilla, en el Museo de Arte Ib\u00e9rico de El Cigarralejo.<\/p>\n<p style=\"text-align: justify;\">11:15 a 13:45. Taller de <em>El telar ib\u00e9rico<\/em>. Monitora: Beate Schneider, en el Museo de Arte Ib\u00e9rico de El Cigarralejo.<\/p>\n<p>&nbsp;<\/p>\n<p style=\"text-align: center;\"><a href=\"https:\/\/mula.es\/web\/wp-content\/uploads\/2023\/05\/Programacion-completa-Dia-Internacional-de-los-Museos-2023.pdf\"><span style=\"text-decoration: underline;\"><strong>PROGRAMACI\u00d3N COMPLETA EN PDF (DESCARGABLE)<\/strong><\/span><\/a><\/p>\n<p>&nbsp;<\/p>\n","protected":false},"excerpt":{"rendered":"<p>Con motivo del 18 de mayo, D\u00eda Internacional de los Museos, se van a realizar diversas actividades, conferencias y visitas guiadas en el Museo Ciudad de Mula, el Museo de Arte Ib\u00e9rico El Cigarralejo y diversos entornos del municipio, del 18 al 21 de mayo. Desde 1977 es el Consejo Internacional de Museos -ICOM, por  [&#8230;]<\/p>\n","protected":false},"author":12,"featured_media":48656,"comment_status":"closed","ping_status":"closed","sticky":false,"template":"","format":"standard","meta":{"jetpack_post_was_ever_published":false,"_jetpack_newsletter_access":"","_jetpack_dont_email_post_to_subs":false,"_jetpack_newsletter_tier_id":0,"_jetpack_memberships_contains_paywalled_content":false,"_jetpack_memberships_contains_paid_content":false,"footnotes":"","jetpack_publicize_message":"","jetpack_publicize_feature_enabled":true,"jetpack_social_post_already_shared":false,"jetpack_social_options":{"image_generator_settings":{"template":"highway","default_image_id":0,"font":"","enabled":false},"version":2}},"categories":[97,729],"tags":[],"class_list":["post-48649","post","type-post","status-publish","format-standard","has-post-thumbnail","hentry","category-cultura","category-dia-de-los-museos"],"yoast_head":"<!-- This site is optimized with the Yoast SEO plugin v27.4 - https:\/\/yoast.com\/product\/yoast-seo-wordpress\/ -->\n<title>CULTURA| Mula celebra el D\u00eda Internacional de los Museos - Ayuntamiento de Mula<\/title>\n<meta name=\"robots\" content=\"index, follow, max-snippet:-1, max-image-preview:large, max-video-preview:-1\" \/>\n<link rel=\"canonical\" href=\"https:\/\/mula.es\/web\/cultura-mula-celebra-el-dia-internacional-de-los-museos\/\" \/>\n<meta property=\"og:locale\" content=\"es_ES\" \/>\n<meta property=\"og:type\" content=\"article\" \/>\n<meta property=\"og:title\" content=\"CULTURA| Mula celebra el D\u00eda Internacional de los Museos - Ayuntamiento de Mula\" \/>\n<meta property=\"og:description\" content=\"Con motivo del 18 de mayo, D\u00eda Internacional de los Museos, se van a realizar diversas actividades, conferencias y visitas guiadas en el Museo Ciudad de Mula, el Museo de Arte Ib\u00e9rico El Cigarralejo y diversos entornos del municipio, del 18 al 21 de mayo. Desde 1977 es el Consejo Internacional de Museos -ICOM, por [...]\" \/>\n<meta property=\"og:url\" content=\"https:\/\/mula.es\/web\/cultura-mula-celebra-el-dia-internacional-de-los-museos\/\" \/>\n<meta property=\"og:site_name\" content=\"Ayuntamiento de Mula\" \/>\n<meta property=\"article:published_time\" content=\"2023-05-17T08:32:45+00:00\" \/>\n<meta property=\"article:modified_time\" content=\"2023-05-17T11:23:14+00:00\" \/>\n<meta property=\"og:image\" content=\"https:\/\/mula.es\/web\/wp-content\/uploads\/2023\/05\/Poster-Dia-Internacional-Museos-2023-Oficial.png\" \/>\n\t<meta property=\"og:image:width\" content=\"598\" \/>\n\t<meta property=\"og:image:height\" content=\"906\" \/>\n\t<meta property=\"og:image:type\" content=\"image\/png\" \/>\n<meta name=\"author\" content=\"Mar\u00eda Bel\u00e9n Sumba Bravo\" \/>\n<meta name=\"twitter:card\" content=\"summary_large_image\" \/>\n<meta name=\"twitter:creator\" content=\"@AyuntamientMula\" \/>\n<meta name=\"twitter:site\" content=\"@AyuntamientMula\" \/>\n<meta name=\"twitter:label1\" content=\"Escrito por\" \/>\n\t<meta name=\"twitter:data1\" content=\"Mar\u00eda Bel\u00e9n Sumba Bravo\" \/>\n\t<meta name=\"twitter:label2\" content=\"Tiempo de lectura\" \/>\n\t<meta name=\"twitter:data2\" content=\"5 minutos\" \/>\n<script type=\"application\/ld+json\" class=\"yoast-schema-graph\">{\"@context\":\"https:\\\/\\\/schema.org\",\"@graph\":[{\"@type\":\"Article\",\"@id\":\"https:\\\/\\\/mula.es\\\/web\\\/cultura-mula-celebra-el-dia-internacional-de-los-museos\\\/#article\",\"isPartOf\":{\"@id\":\"https:\\\/\\\/mula.es\\\/web\\\/cultura-mula-celebra-el-dia-internacional-de-los-museos\\\/\"},\"author\":{\"name\":\"Mar\u00eda Bel\u00e9n Sumba Bravo\",\"@id\":\"https:\\\/\\\/mula.es\\\/web\\\/#\\\/schema\\\/person\\\/4cc33fc69cd667605e1b6247815ac0c0\"},\"headline\":\"CULTURA| Mula celebra el D\u00eda Internacional de los Museos\",\"datePublished\":\"2023-05-17T08:32:45+00:00\",\"dateModified\":\"2023-05-17T11:23:14+00:00\",\"mainEntityOfPage\":{\"@id\":\"https:\\\/\\\/mula.es\\\/web\\\/cultura-mula-celebra-el-dia-internacional-de-los-museos\\\/\"},\"wordCount\":902,\"image\":{\"@id\":\"https:\\\/\\\/mula.es\\\/web\\\/cultura-mula-celebra-el-dia-internacional-de-los-museos\\\/#primaryimage\"},\"thumbnailUrl\":\"https:\\\/\\\/mula.es\\\/web\\\/wp-content\\\/uploads\\\/2023\\\/05\\\/Poster-Dia-Internacional-Museos-2023-Oficial.png\",\"articleSection\":[\"cultura\",\"d\u00eda de los museos\"],\"inLanguage\":\"es\"},{\"@type\":\"WebPage\",\"@id\":\"https:\\\/\\\/mula.es\\\/web\\\/cultura-mula-celebra-el-dia-internacional-de-los-museos\\\/\",\"url\":\"https:\\\/\\\/mula.es\\\/web\\\/cultura-mula-celebra-el-dia-internacional-de-los-museos\\\/\",\"name\":\"CULTURA| Mula celebra el D\u00eda Internacional de los Museos - Ayuntamiento de Mula\",\"isPartOf\":{\"@id\":\"https:\\\/\\\/mula.es\\\/web\\\/#website\"},\"primaryImageOfPage\":{\"@id\":\"https:\\\/\\\/mula.es\\\/web\\\/cultura-mula-celebra-el-dia-internacional-de-los-museos\\\/#primaryimage\"},\"image\":{\"@id\":\"https:\\\/\\\/mula.es\\\/web\\\/cultura-mula-celebra-el-dia-internacional-de-los-museos\\\/#primaryimage\"},\"thumbnailUrl\":\"https:\\\/\\\/mula.es\\\/web\\\/wp-content\\\/uploads\\\/2023\\\/05\\\/Poster-Dia-Internacional-Museos-2023-Oficial.png\",\"datePublished\":\"2023-05-17T08:32:45+00:00\",\"dateModified\":\"2023-05-17T11:23:14+00:00\",\"author\":{\"@id\":\"https:\\\/\\\/mula.es\\\/web\\\/#\\\/schema\\\/person\\\/4cc33fc69cd667605e1b6247815ac0c0\"},\"breadcrumb\":{\"@id\":\"https:\\\/\\\/mula.es\\\/web\\\/cultura-mula-celebra-el-dia-internacional-de-los-museos\\\/#breadcrumb\"},\"inLanguage\":\"es\",\"potentialAction\":[{\"@type\":\"ReadAction\",\"target\":[\"https:\\\/\\\/mula.es\\\/web\\\/cultura-mula-celebra-el-dia-internacional-de-los-museos\\\/\"]}]},{\"@type\":\"ImageObject\",\"inLanguage\":\"es\",\"@id\":\"https:\\\/\\\/mula.es\\\/web\\\/cultura-mula-celebra-el-dia-internacional-de-los-museos\\\/#primaryimage\",\"url\":\"https:\\\/\\\/mula.es\\\/web\\\/wp-content\\\/uploads\\\/2023\\\/05\\\/Poster-Dia-Internacional-Museos-2023-Oficial.png\",\"contentUrl\":\"https:\\\/\\\/mula.es\\\/web\\\/wp-content\\\/uploads\\\/2023\\\/05\\\/Poster-Dia-Internacional-Museos-2023-Oficial.png\",\"width\":598,\"height\":906,\"caption\":\"Poster D\u00eda Internacional Museos 2023 - Oficial\"},{\"@type\":\"BreadcrumbList\",\"@id\":\"https:\\\/\\\/mula.es\\\/web\\\/cultura-mula-celebra-el-dia-internacional-de-los-museos\\\/#breadcrumb\",\"itemListElement\":[{\"@type\":\"ListItem\",\"position\":1,\"name\":\"Portada\",\"item\":\"https:\\\/\\\/mula.es\\\/web\\\/\"},{\"@type\":\"ListItem\",\"position\":2,\"name\":\"CULTURA| Mula celebra el D\u00eda Internacional de los Museos\"}]},{\"@type\":\"WebSite\",\"@id\":\"https:\\\/\\\/mula.es\\\/web\\\/#website\",\"url\":\"https:\\\/\\\/mula.es\\\/web\\\/\",\"name\":\"Ayuntamiento de Mula\",\"description\":\"P\u00e1gina web del Ayuntamiento de Mula (Regi\u00f3n de Murcia)\",\"potentialAction\":[{\"@type\":\"SearchAction\",\"target\":{\"@type\":\"EntryPoint\",\"urlTemplate\":\"https:\\\/\\\/mula.es\\\/web\\\/?s={search_term_string}\"},\"query-input\":{\"@type\":\"PropertyValueSpecification\",\"valueRequired\":true,\"valueName\":\"search_term_string\"}}],\"inLanguage\":\"es\"},{\"@type\":\"Person\",\"@id\":\"https:\\\/\\\/mula.es\\\/web\\\/#\\\/schema\\\/person\\\/4cc33fc69cd667605e1b6247815ac0c0\",\"name\":\"Mar\u00eda Bel\u00e9n Sumba Bravo\",\"image\":{\"@type\":\"ImageObject\",\"inLanguage\":\"es\",\"@id\":\"https:\\\/\\\/secure.gravatar.com\\\/avatar\\\/8f65af12a8d72e866f97bba50325bdf89a5362533b6f2c9db8c88130883986b1?s=96&d=mm&r=g\",\"url\":\"https:\\\/\\\/secure.gravatar.com\\\/avatar\\\/8f65af12a8d72e866f97bba50325bdf89a5362533b6f2c9db8c88130883986b1?s=96&d=mm&r=g\",\"contentUrl\":\"https:\\\/\\\/secure.gravatar.com\\\/avatar\\\/8f65af12a8d72e866f97bba50325bdf89a5362533b6f2c9db8c88130883986b1?s=96&d=mm&r=g\",\"caption\":\"Mar\u00eda Bel\u00e9n Sumba Bravo\"},\"url\":\"https:\\\/\\\/mula.es\\\/web\\\/author\\\/mbsumba\\\/\"}]}<\/script>\n<!-- \/ Yoast SEO plugin. -->","yoast_head_json":{"title":"CULTURA| Mula celebra el D\u00eda Internacional de los Museos - Ayuntamiento de Mula","robots":{"index":"index","follow":"follow","max-snippet":"max-snippet:-1","max-image-preview":"max-image-preview:large","max-video-preview":"max-video-preview:-1"},"canonical":"https:\/\/mula.es\/web\/cultura-mula-celebra-el-dia-internacional-de-los-museos\/","og_locale":"es_ES","og_type":"article","og_title":"CULTURA| Mula celebra el D\u00eda Internacional de los Museos - Ayuntamiento de Mula","og_description":"Con motivo del 18 de mayo, D\u00eda Internacional de los Museos, se van a realizar diversas actividades, conferencias y visitas guiadas en el Museo Ciudad de Mula, el Museo de Arte Ib\u00e9rico El Cigarralejo y diversos entornos del municipio, del 18 al 21 de mayo. Desde 1977 es el Consejo Internacional de Museos -ICOM, por [...]","og_url":"https:\/\/mula.es\/web\/cultura-mula-celebra-el-dia-internacional-de-los-museos\/","og_site_name":"Ayuntamiento de Mula","article_published_time":"2023-05-17T08:32:45+00:00","article_modified_time":"2023-05-17T11:23:14+00:00","og_image":[{"width":598,"height":906,"url":"https:\/\/mula.es\/web\/wp-content\/uploads\/2023\/05\/Poster-Dia-Internacional-Museos-2023-Oficial.png","type":"image\/png"}],"author":"Mar\u00eda Bel\u00e9n Sumba Bravo","twitter_card":"summary_large_image","twitter_creator":"@AyuntamientMula","twitter_site":"@AyuntamientMula","twitter_misc":{"Escrito por":"Mar\u00eda Bel\u00e9n Sumba Bravo","Tiempo de lectura":"5 minutos"},"schema":{"@context":"https:\/\/schema.org","@graph":[{"@type":"Article","@id":"https:\/\/mula.es\/web\/cultura-mula-celebra-el-dia-internacional-de-los-museos\/#article","isPartOf":{"@id":"https:\/\/mula.es\/web\/cultura-mula-celebra-el-dia-internacional-de-los-museos\/"},"author":{"name":"Mar\u00eda Bel\u00e9n Sumba Bravo","@id":"https:\/\/mula.es\/web\/#\/schema\/person\/4cc33fc69cd667605e1b6247815ac0c0"},"headline":"CULTURA| Mula celebra el D\u00eda Internacional de los Museos","datePublished":"2023-05-17T08:32:45+00:00","dateModified":"2023-05-17T11:23:14+00:00","mainEntityOfPage":{"@id":"https:\/\/mula.es\/web\/cultura-mula-celebra-el-dia-internacional-de-los-museos\/"},"wordCount":902,"image":{"@id":"https:\/\/mula.es\/web\/cultura-mula-celebra-el-dia-internacional-de-los-museos\/#primaryimage"},"thumbnailUrl":"https:\/\/mula.es\/web\/wp-content\/uploads\/2023\/05\/Poster-Dia-Internacional-Museos-2023-Oficial.png","articleSection":["cultura","d\u00eda de los museos"],"inLanguage":"es"},{"@type":"WebPage","@id":"https:\/\/mula.es\/web\/cultura-mula-celebra-el-dia-internacional-de-los-museos\/","url":"https:\/\/mula.es\/web\/cultura-mula-celebra-el-dia-internacional-de-los-museos\/","name":"CULTURA| Mula celebra el D\u00eda Internacional de los Museos - Ayuntamiento de Mula","isPartOf":{"@id":"https:\/\/mula.es\/web\/#website"},"primaryImageOfPage":{"@id":"https:\/\/mula.es\/web\/cultura-mula-celebra-el-dia-internacional-de-los-museos\/#primaryimage"},"image":{"@id":"https:\/\/mula.es\/web\/cultura-mula-celebra-el-dia-internacional-de-los-museos\/#primaryimage"},"thumbnailUrl":"https:\/\/mula.es\/web\/wp-content\/uploads\/2023\/05\/Poster-Dia-Internacional-Museos-2023-Oficial.png","datePublished":"2023-05-17T08:32:45+00:00","dateModified":"2023-05-17T11:23:14+00:00","author":{"@id":"https:\/\/mula.es\/web\/#\/schema\/person\/4cc33fc69cd667605e1b6247815ac0c0"},"breadcrumb":{"@id":"https:\/\/mula.es\/web\/cultura-mula-celebra-el-dia-internacional-de-los-museos\/#breadcrumb"},"inLanguage":"es","potentialAction":[{"@type":"ReadAction","target":["https:\/\/mula.es\/web\/cultura-mula-celebra-el-dia-internacional-de-los-museos\/"]}]},{"@type":"ImageObject","inLanguage":"es","@id":"https:\/\/mula.es\/web\/cultura-mula-celebra-el-dia-internacional-de-los-museos\/#primaryimage","url":"https:\/\/mula.es\/web\/wp-content\/uploads\/2023\/05\/Poster-Dia-Internacional-Museos-2023-Oficial.png","contentUrl":"https:\/\/mula.es\/web\/wp-content\/uploads\/2023\/05\/Poster-Dia-Internacional-Museos-2023-Oficial.png","width":598,"height":906,"caption":"Poster D\u00eda Internacional Museos 2023 - Oficial"},{"@type":"BreadcrumbList","@id":"https:\/\/mula.es\/web\/cultura-mula-celebra-el-dia-internacional-de-los-museos\/#breadcrumb","itemListElement":[{"@type":"ListItem","position":1,"name":"Portada","item":"https:\/\/mula.es\/web\/"},{"@type":"ListItem","position":2,"name":"CULTURA| Mula celebra el D\u00eda Internacional de los Museos"}]},{"@type":"WebSite","@id":"https:\/\/mula.es\/web\/#website","url":"https:\/\/mula.es\/web\/","name":"Ayuntamiento de Mula","description":"P\u00e1gina web del Ayuntamiento de Mula (Regi\u00f3n de Murcia)","potentialAction":[{"@type":"SearchAction","target":{"@type":"EntryPoint","urlTemplate":"https:\/\/mula.es\/web\/?s={search_term_string}"},"query-input":{"@type":"PropertyValueSpecification","valueRequired":true,"valueName":"search_term_string"}}],"inLanguage":"es"},{"@type":"Person","@id":"https:\/\/mula.es\/web\/#\/schema\/person\/4cc33fc69cd667605e1b6247815ac0c0","name":"Mar\u00eda Bel\u00e9n Sumba Bravo","image":{"@type":"ImageObject","inLanguage":"es","@id":"https:\/\/secure.gravatar.com\/avatar\/8f65af12a8d72e866f97bba50325bdf89a5362533b6f2c9db8c88130883986b1?s=96&d=mm&r=g","url":"https:\/\/secure.gravatar.com\/avatar\/8f65af12a8d72e866f97bba50325bdf89a5362533b6f2c9db8c88130883986b1?s=96&d=mm&r=g","contentUrl":"https:\/\/secure.gravatar.com\/avatar\/8f65af12a8d72e866f97bba50325bdf89a5362533b6f2c9db8c88130883986b1?s=96&d=mm&r=g","caption":"Mar\u00eda Bel\u00e9n Sumba Bravo"},"url":"https:\/\/mula.es\/web\/author\/mbsumba\/"}]}},"jetpack_publicize_connections":[],"jetpack_featured_media_url":"https:\/\/mula.es\/web\/wp-content\/uploads\/2023\/05\/Poster-Dia-Internacional-Museos-2023-Oficial.png","jetpack_sharing_enabled":true,"jetpack_shortlink":"https:\/\/wp.me\/pa9DMY-cEF","jetpack-related-posts":[],"_links":{"self":[{"href":"https:\/\/mula.es\/web\/wp-json\/wp\/v2\/posts\/48649","targetHints":{"allow":["GET"]}}],"collection":[{"href":"https:\/\/mula.es\/web\/wp-json\/wp\/v2\/posts"}],"about":[{"href":"https:\/\/mula.es\/web\/wp-json\/wp\/v2\/types\/post"}],"author":[{"embeddable":true,"href":"https:\/\/mula.es\/web\/wp-json\/wp\/v2\/users\/12"}],"replies":[{"embeddable":true,"href":"https:\/\/mula.es\/web\/wp-json\/wp\/v2\/comments?post=48649"}],"version-history":[{"count":10,"href":"https:\/\/mula.es\/web\/wp-json\/wp\/v2\/posts\/48649\/revisions"}],"predecessor-version":[{"id":48671,"href":"https:\/\/mula.es\/web\/wp-json\/wp\/v2\/posts\/48649\/revisions\/48671"}],"wp:featuredmedia":[{"embeddable":true,"href":"https:\/\/mula.es\/web\/wp-json\/wp\/v2\/media\/48656"}],"wp:attachment":[{"href":"https:\/\/mula.es\/web\/wp-json\/wp\/v2\/media?parent=48649"}],"wp:term":[{"taxonomy":"category","embeddable":true,"href":"https:\/\/mula.es\/web\/wp-json\/wp\/v2\/categories?post=48649"},{"taxonomy":"post_tag","embeddable":true,"href":"https:\/\/mula.es\/web\/wp-json\/wp\/v2\/tags?post=48649"}],"curies":[{"name":"wp","href":"https:\/\/api.w.org\/{rel}","templated":true}]}}