{"id":48710,"date":"2023-05-22T19:34:54","date_gmt":"2023-05-22T17:34:54","guid":{"rendered":"https:\/\/mula.es\/web\/?p=48710"},"modified":"2023-05-22T19:35:46","modified_gmt":"2023-05-22T17:35:46","slug":"seguridad-ciudadana-precaucion-ante-los-avisos-de-lluvia","status":"publish","type":"post","link":"https:\/\/mula.es\/web\/seguridad-ciudadana-precaucion-ante-los-avisos-de-lluvia\/","title":{"rendered":"SEGURIDAD CIUDADANA| Precauci\u00f3n ante los avisos de lluvia"},"content":{"rendered":"<p style=\"text-align: justify;\">En una reuni\u00f3n de coordinaci\u00f3n entre el Gobierno Regional y Delegaci\u00f3n del Gobierno de la Regi\u00f3n de Murcia, en la que ha estado presente el alcalde de Mula, Juan Jes\u00fas Moreno, se ha decidido mantener las clases en los territorios de la Comarca del Noroeste y del R\u00edo Mula, que se encuentran en aviso amarillo. Quedando suspendidas, por tanto, solamente en territorios donde el aviso es naranja. Sin embargo, se pide prudencia y que se eviten desplazamientos en la medida de lo posible.<\/p>\n<p style=\"text-align: justify;\">Si tienen alguna duda consulten fuentes oficiales y ante cualquier emergencia llamen al 112.<\/p>\n","protected":false},"excerpt":{"rendered":"<p>En una reuni\u00f3n de coordinaci\u00f3n entre el Gobierno Regional y Delegaci\u00f3n del Gobierno de la Regi\u00f3n de Murcia, en la que ha estado presente el alcalde de Mula, Juan Jes\u00fas Moreno, se ha decidido mantener las clases en los territorios de la Comarca del Noroeste y del R\u00edo Mula, que se encuentran en aviso amarillo.  [&#8230;]<\/p>\n","protected":false},"author":12,"featured_media":47365,"comment_status":"closed","ping_status":"closed","sticky":false,"template":"","format":"standard","meta":{"jetpack_post_was_ever_published":false,"_jetpack_newsletter_access":"","_jetpack_dont_email_post_to_subs":false,"_jetpack_newsletter_tier_id":0,"_jetpack_memberships_contains_paywalled_content":false,"_jetpack_memberships_contains_paid_content":false,"footnotes":"","jetpack_publicize_message":"","jetpack_publicize_feature_enabled":true,"jetpack_social_post_already_shared":false,"jetpack_social_options":{"image_generator_settings":{"template":"highway","default_image_id":0,"font":"","enabled":false},"version":2}},"categories":[130],"tags":[],"class_list":["post-48710","post","type-post","status-publish","format-standard","has-post-thumbnail","hentry","category-seguridad-ciudadana"],"yoast_head":"<!-- This site is optimized with the Yoast SEO plugin v27.5 - https:\/\/yoast.com\/product\/yoast-seo-wordpress\/ -->\n<title>SEGURIDAD CIUDADANA| Precauci\u00f3n ante los avisos de lluvia - Ayuntamiento de Mula<\/title>\n<meta name=\"robots\" content=\"index, follow, max-snippet:-1, max-image-preview:large, max-video-preview:-1\" \/>\n<link rel=\"canonical\" href=\"https:\/\/mula.es\/web\/seguridad-ciudadana-precaucion-ante-los-avisos-de-lluvia\/\" \/>\n<meta property=\"og:locale\" content=\"es_ES\" \/>\n<meta property=\"og:type\" content=\"article\" \/>\n<meta property=\"og:title\" content=\"SEGURIDAD CIUDADANA| Precauci\u00f3n ante los avisos de lluvia - Ayuntamiento de Mula\" \/>\n<meta property=\"og:description\" content=\"En una reuni\u00f3n de coordinaci\u00f3n entre el Gobierno Regional y Delegaci\u00f3n del Gobierno de la Regi\u00f3n de Murcia, en la que ha estado presente el alcalde de Mula, Juan Jes\u00fas Moreno, se ha decidido mantener las clases en los territorios de la Comarca del Noroeste y del R\u00edo Mula, que se encuentran en aviso amarillo. [...]\" \/>\n<meta property=\"og:url\" content=\"https:\/\/mula.es\/web\/seguridad-ciudadana-precaucion-ante-los-avisos-de-lluvia\/\" \/>\n<meta property=\"og:site_name\" content=\"Ayuntamiento de Mula\" \/>\n<meta property=\"article:published_time\" content=\"2023-05-22T17:34:54+00:00\" \/>\n<meta property=\"article:modified_time\" content=\"2023-05-22T17:35:46+00:00\" \/>\n<meta property=\"og:image\" content=\"https:\/\/mula.es\/web\/wp-content\/uploads\/2023\/02\/instagram-22.png\" \/>\n\t<meta property=\"og:image:width\" content=\"1080\" \/>\n\t<meta property=\"og:image:height\" content=\"1080\" \/>\n\t<meta property=\"og:image:type\" content=\"image\/png\" \/>\n<meta name=\"author\" content=\"Mar\u00eda Bel\u00e9n Sumba Bravo\" \/>\n<meta name=\"twitter:card\" content=\"summary_large_image\" \/>\n<meta name=\"twitter:creator\" content=\"@AyuntamientMula\" \/>\n<meta name=\"twitter:site\" content=\"@AyuntamientMula\" \/>\n<meta name=\"twitter:label1\" content=\"Escrito por\" \/>\n\t<meta name=\"twitter:data1\" content=\"Mar\u00eda Bel\u00e9n Sumba Bravo\" \/>\n\t<meta name=\"twitter:label2\" content=\"Tiempo de lectura\" \/>\n\t<meta name=\"twitter:data2\" content=\"1 minuto\" \/>\n<script type=\"application\/ld+json\" class=\"yoast-schema-graph\">{\"@context\":\"https:\\\/\\\/schema.org\",\"@graph\":[{\"@type\":\"Article\",\"@id\":\"https:\\\/\\\/mula.es\\\/web\\\/seguridad-ciudadana-precaucion-ante-los-avisos-de-lluvia\\\/#article\",\"isPartOf\":{\"@id\":\"https:\\\/\\\/mula.es\\\/web\\\/seguridad-ciudadana-precaucion-ante-los-avisos-de-lluvia\\\/\"},\"author\":{\"name\":\"Mar\u00eda Bel\u00e9n Sumba Bravo\",\"@id\":\"https:\\\/\\\/mula.es\\\/web\\\/#\\\/schema\\\/person\\\/4cc33fc69cd667605e1b6247815ac0c0\"},\"headline\":\"SEGURIDAD CIUDADANA| Precauci\u00f3n ante los avisos de lluvia\",\"datePublished\":\"2023-05-22T17:34:54+00:00\",\"dateModified\":\"2023-05-22T17:35:46+00:00\",\"mainEntityOfPage\":{\"@id\":\"https:\\\/\\\/mula.es\\\/web\\\/seguridad-ciudadana-precaucion-ante-los-avisos-de-lluvia\\\/\"},\"wordCount\":111,\"image\":{\"@id\":\"https:\\\/\\\/mula.es\\\/web\\\/seguridad-ciudadana-precaucion-ante-los-avisos-de-lluvia\\\/#primaryimage\"},\"thumbnailUrl\":\"https:\\\/\\\/mula.es\\\/web\\\/wp-content\\\/uploads\\\/2023\\\/02\\\/instagram-22.png\",\"articleSection\":[\"seguridad ciudadana\"],\"inLanguage\":\"es\"},{\"@type\":\"WebPage\",\"@id\":\"https:\\\/\\\/mula.es\\\/web\\\/seguridad-ciudadana-precaucion-ante-los-avisos-de-lluvia\\\/\",\"url\":\"https:\\\/\\\/mula.es\\\/web\\\/seguridad-ciudadana-precaucion-ante-los-avisos-de-lluvia\\\/\",\"name\":\"SEGURIDAD CIUDADANA| Precauci\u00f3n ante los avisos de lluvia - Ayuntamiento de Mula\",\"isPartOf\":{\"@id\":\"https:\\\/\\\/mula.es\\\/web\\\/#website\"},\"primaryImageOfPage\":{\"@id\":\"https:\\\/\\\/mula.es\\\/web\\\/seguridad-ciudadana-precaucion-ante-los-avisos-de-lluvia\\\/#primaryimage\"},\"image\":{\"@id\":\"https:\\\/\\\/mula.es\\\/web\\\/seguridad-ciudadana-precaucion-ante-los-avisos-de-lluvia\\\/#primaryimage\"},\"thumbnailUrl\":\"https:\\\/\\\/mula.es\\\/web\\\/wp-content\\\/uploads\\\/2023\\\/02\\\/instagram-22.png\",\"datePublished\":\"2023-05-22T17:34:54+00:00\",\"dateModified\":\"2023-05-22T17:35:46+00:00\",\"author\":{\"@id\":\"https:\\\/\\\/mula.es\\\/web\\\/#\\\/schema\\\/person\\\/4cc33fc69cd667605e1b6247815ac0c0\"},\"breadcrumb\":{\"@id\":\"https:\\\/\\\/mula.es\\\/web\\\/seguridad-ciudadana-precaucion-ante-los-avisos-de-lluvia\\\/#breadcrumb\"},\"inLanguage\":\"es\",\"potentialAction\":[{\"@type\":\"ReadAction\",\"target\":[\"https:\\\/\\\/mula.es\\\/web\\\/seguridad-ciudadana-precaucion-ante-los-avisos-de-lluvia\\\/\"]}]},{\"@type\":\"ImageObject\",\"inLanguage\":\"es\",\"@id\":\"https:\\\/\\\/mula.es\\\/web\\\/seguridad-ciudadana-precaucion-ante-los-avisos-de-lluvia\\\/#primaryimage\",\"url\":\"https:\\\/\\\/mula.es\\\/web\\\/wp-content\\\/uploads\\\/2023\\\/02\\\/instagram-22.png\",\"contentUrl\":\"https:\\\/\\\/mula.es\\\/web\\\/wp-content\\\/uploads\\\/2023\\\/02\\\/instagram-22.png\",\"width\":1080,\"height\":1080,\"caption\":\"escudo mula\"},{\"@type\":\"BreadcrumbList\",\"@id\":\"https:\\\/\\\/mula.es\\\/web\\\/seguridad-ciudadana-precaucion-ante-los-avisos-de-lluvia\\\/#breadcrumb\",\"itemListElement\":[{\"@type\":\"ListItem\",\"position\":1,\"name\":\"Portada\",\"item\":\"https:\\\/\\\/mula.es\\\/web\\\/\"},{\"@type\":\"ListItem\",\"position\":2,\"name\":\"SEGURIDAD CIUDADANA| Precauci\u00f3n ante los avisos de lluvia\"}]},{\"@type\":\"WebSite\",\"@id\":\"https:\\\/\\\/mula.es\\\/web\\\/#website\",\"url\":\"https:\\\/\\\/mula.es\\\/web\\\/\",\"name\":\"Ayuntamiento de Mula\",\"description\":\"P\u00e1gina web del Ayuntamiento de Mula (Regi\u00f3n de Murcia)\",\"potentialAction\":[{\"@type\":\"SearchAction\",\"target\":{\"@type\":\"EntryPoint\",\"urlTemplate\":\"https:\\\/\\\/mula.es\\\/web\\\/?s={search_term_string}\"},\"query-input\":{\"@type\":\"PropertyValueSpecification\",\"valueRequired\":true,\"valueName\":\"search_term_string\"}}],\"inLanguage\":\"es\"},{\"@type\":\"Person\",\"@id\":\"https:\\\/\\\/mula.es\\\/web\\\/#\\\/schema\\\/person\\\/4cc33fc69cd667605e1b6247815ac0c0\",\"name\":\"Mar\u00eda Bel\u00e9n Sumba Bravo\",\"image\":{\"@type\":\"ImageObject\",\"inLanguage\":\"es\",\"@id\":\"https:\\\/\\\/secure.gravatar.com\\\/avatar\\\/8f65af12a8d72e866f97bba50325bdf89a5362533b6f2c9db8c88130883986b1?s=96&d=mm&r=g\",\"url\":\"https:\\\/\\\/secure.gravatar.com\\\/avatar\\\/8f65af12a8d72e866f97bba50325bdf89a5362533b6f2c9db8c88130883986b1?s=96&d=mm&r=g\",\"contentUrl\":\"https:\\\/\\\/secure.gravatar.com\\\/avatar\\\/8f65af12a8d72e866f97bba50325bdf89a5362533b6f2c9db8c88130883986b1?s=96&d=mm&r=g\",\"caption\":\"Mar\u00eda Bel\u00e9n Sumba Bravo\"},\"url\":\"https:\\\/\\\/mula.es\\\/web\\\/author\\\/mbsumba\\\/\"}]}<\/script>\n<!-- \/ Yoast SEO plugin. -->","yoast_head_json":{"title":"SEGURIDAD CIUDADANA| Precauci\u00f3n ante los avisos de lluvia - Ayuntamiento de Mula","robots":{"index":"index","follow":"follow","max-snippet":"max-snippet:-1","max-image-preview":"max-image-preview:large","max-video-preview":"max-video-preview:-1"},"canonical":"https:\/\/mula.es\/web\/seguridad-ciudadana-precaucion-ante-los-avisos-de-lluvia\/","og_locale":"es_ES","og_type":"article","og_title":"SEGURIDAD CIUDADANA| Precauci\u00f3n ante los avisos de lluvia - Ayuntamiento de Mula","og_description":"En una reuni\u00f3n de coordinaci\u00f3n entre el Gobierno Regional y Delegaci\u00f3n del Gobierno de la Regi\u00f3n de Murcia, en la que ha estado presente el alcalde de Mula, Juan Jes\u00fas Moreno, se ha decidido mantener las clases en los territorios de la Comarca del Noroeste y del R\u00edo Mula, que se encuentran en aviso amarillo. [...]","og_url":"https:\/\/mula.es\/web\/seguridad-ciudadana-precaucion-ante-los-avisos-de-lluvia\/","og_site_name":"Ayuntamiento de Mula","article_published_time":"2023-05-22T17:34:54+00:00","article_modified_time":"2023-05-22T17:35:46+00:00","og_image":[{"width":1080,"height":1080,"url":"https:\/\/mula.es\/web\/wp-content\/uploads\/2023\/02\/instagram-22.png","type":"image\/png"}],"author":"Mar\u00eda Bel\u00e9n Sumba Bravo","twitter_card":"summary_large_image","twitter_creator":"@AyuntamientMula","twitter_site":"@AyuntamientMula","twitter_misc":{"Escrito por":"Mar\u00eda Bel\u00e9n Sumba Bravo","Tiempo de lectura":"1 minuto"},"schema":{"@context":"https:\/\/schema.org","@graph":[{"@type":"Article","@id":"https:\/\/mula.es\/web\/seguridad-ciudadana-precaucion-ante-los-avisos-de-lluvia\/#article","isPartOf":{"@id":"https:\/\/mula.es\/web\/seguridad-ciudadana-precaucion-ante-los-avisos-de-lluvia\/"},"author":{"name":"Mar\u00eda Bel\u00e9n Sumba Bravo","@id":"https:\/\/mula.es\/web\/#\/schema\/person\/4cc33fc69cd667605e1b6247815ac0c0"},"headline":"SEGURIDAD CIUDADANA| Precauci\u00f3n ante los avisos de lluvia","datePublished":"2023-05-22T17:34:54+00:00","dateModified":"2023-05-22T17:35:46+00:00","mainEntityOfPage":{"@id":"https:\/\/mula.es\/web\/seguridad-ciudadana-precaucion-ante-los-avisos-de-lluvia\/"},"wordCount":111,"image":{"@id":"https:\/\/mula.es\/web\/seguridad-ciudadana-precaucion-ante-los-avisos-de-lluvia\/#primaryimage"},"thumbnailUrl":"https:\/\/mula.es\/web\/wp-content\/uploads\/2023\/02\/instagram-22.png","articleSection":["seguridad ciudadana"],"inLanguage":"es"},{"@type":"WebPage","@id":"https:\/\/mula.es\/web\/seguridad-ciudadana-precaucion-ante-los-avisos-de-lluvia\/","url":"https:\/\/mula.es\/web\/seguridad-ciudadana-precaucion-ante-los-avisos-de-lluvia\/","name":"SEGURIDAD CIUDADANA| Precauci\u00f3n ante los avisos de lluvia - Ayuntamiento de Mula","isPartOf":{"@id":"https:\/\/mula.es\/web\/#website"},"primaryImageOfPage":{"@id":"https:\/\/mula.es\/web\/seguridad-ciudadana-precaucion-ante-los-avisos-de-lluvia\/#primaryimage"},"image":{"@id":"https:\/\/mula.es\/web\/seguridad-ciudadana-precaucion-ante-los-avisos-de-lluvia\/#primaryimage"},"thumbnailUrl":"https:\/\/mula.es\/web\/wp-content\/uploads\/2023\/02\/instagram-22.png","datePublished":"2023-05-22T17:34:54+00:00","dateModified":"2023-05-22T17:35:46+00:00","author":{"@id":"https:\/\/mula.es\/web\/#\/schema\/person\/4cc33fc69cd667605e1b6247815ac0c0"},"breadcrumb":{"@id":"https:\/\/mula.es\/web\/seguridad-ciudadana-precaucion-ante-los-avisos-de-lluvia\/#breadcrumb"},"inLanguage":"es","potentialAction":[{"@type":"ReadAction","target":["https:\/\/mula.es\/web\/seguridad-ciudadana-precaucion-ante-los-avisos-de-lluvia\/"]}]},{"@type":"ImageObject","inLanguage":"es","@id":"https:\/\/mula.es\/web\/seguridad-ciudadana-precaucion-ante-los-avisos-de-lluvia\/#primaryimage","url":"https:\/\/mula.es\/web\/wp-content\/uploads\/2023\/02\/instagram-22.png","contentUrl":"https:\/\/mula.es\/web\/wp-content\/uploads\/2023\/02\/instagram-22.png","width":1080,"height":1080,"caption":"escudo mula"},{"@type":"BreadcrumbList","@id":"https:\/\/mula.es\/web\/seguridad-ciudadana-precaucion-ante-los-avisos-de-lluvia\/#breadcrumb","itemListElement":[{"@type":"ListItem","position":1,"name":"Portada","item":"https:\/\/mula.es\/web\/"},{"@type":"ListItem","position":2,"name":"SEGURIDAD CIUDADANA| Precauci\u00f3n ante los avisos de lluvia"}]},{"@type":"WebSite","@id":"https:\/\/mula.es\/web\/#website","url":"https:\/\/mula.es\/web\/","name":"Ayuntamiento de Mula","description":"P\u00e1gina web del Ayuntamiento de Mula (Regi\u00f3n de Murcia)","potentialAction":[{"@type":"SearchAction","target":{"@type":"EntryPoint","urlTemplate":"https:\/\/mula.es\/web\/?s={search_term_string}"},"query-input":{"@type":"PropertyValueSpecification","valueRequired":true,"valueName":"search_term_string"}}],"inLanguage":"es"},{"@type":"Person","@id":"https:\/\/mula.es\/web\/#\/schema\/person\/4cc33fc69cd667605e1b6247815ac0c0","name":"Mar\u00eda Bel\u00e9n Sumba Bravo","image":{"@type":"ImageObject","inLanguage":"es","@id":"https:\/\/secure.gravatar.com\/avatar\/8f65af12a8d72e866f97bba50325bdf89a5362533b6f2c9db8c88130883986b1?s=96&d=mm&r=g","url":"https:\/\/secure.gravatar.com\/avatar\/8f65af12a8d72e866f97bba50325bdf89a5362533b6f2c9db8c88130883986b1?s=96&d=mm&r=g","contentUrl":"https:\/\/secure.gravatar.com\/avatar\/8f65af12a8d72e866f97bba50325bdf89a5362533b6f2c9db8c88130883986b1?s=96&d=mm&r=g","caption":"Mar\u00eda Bel\u00e9n Sumba Bravo"},"url":"https:\/\/mula.es\/web\/author\/mbsumba\/"}]}},"jetpack_publicize_connections":[],"jetpack_featured_media_url":"https:\/\/mula.es\/web\/wp-content\/uploads\/2023\/02\/instagram-22.png","jetpack_sharing_enabled":true,"jetpack_shortlink":"https:\/\/wp.me\/pa9DMY-cFE","jetpack-related-posts":[],"_links":{"self":[{"href":"https:\/\/mula.es\/web\/wp-json\/wp\/v2\/posts\/48710","targetHints":{"allow":["GET"]}}],"collection":[{"href":"https:\/\/mula.es\/web\/wp-json\/wp\/v2\/posts"}],"about":[{"href":"https:\/\/mula.es\/web\/wp-json\/wp\/v2\/types\/post"}],"author":[{"embeddable":true,"href":"https:\/\/mula.es\/web\/wp-json\/wp\/v2\/users\/12"}],"replies":[{"embeddable":true,"href":"https:\/\/mula.es\/web\/wp-json\/wp\/v2\/comments?post=48710"}],"version-history":[{"count":1,"href":"https:\/\/mula.es\/web\/wp-json\/wp\/v2\/posts\/48710\/revisions"}],"predecessor-version":[{"id":48711,"href":"https:\/\/mula.es\/web\/wp-json\/wp\/v2\/posts\/48710\/revisions\/48711"}],"wp:featuredmedia":[{"embeddable":true,"href":"https:\/\/mula.es\/web\/wp-json\/wp\/v2\/media\/47365"}],"wp:attachment":[{"href":"https:\/\/mula.es\/web\/wp-json\/wp\/v2\/media?parent=48710"}],"wp:term":[{"taxonomy":"category","embeddable":true,"href":"https:\/\/mula.es\/web\/wp-json\/wp\/v2\/categories?post=48710"},{"taxonomy":"post_tag","embeddable":true,"href":"https:\/\/mula.es\/web\/wp-json\/wp\/v2\/tags?post=48710"}],"curies":[{"name":"wp","href":"https:\/\/api.w.org\/{rel}","templated":true}]}}