{"id":48714,"date":"2023-05-23T09:40:30","date_gmt":"2023-05-23T07:40:30","guid":{"rendered":"https:\/\/mula.es\/web\/?p=48714"},"modified":"2023-05-23T09:40:30","modified_gmt":"2023-05-23T07:40:30","slug":"festejos-premio-a-la-mejor-carroza-y-mejor-carpa-san-isidro-2023","status":"publish","type":"post","link":"https:\/\/mula.es\/web\/festejos-premio-a-la-mejor-carroza-y-mejor-carpa-san-isidro-2023\/","title":{"rendered":"FESTEJOS| Premio a la Mejor Carroza y Mejor Carpa San Isidro 2023"},"content":{"rendered":"<p style=\"text-align: justify;\">La Concejal\u00eda de Festejos del Ayuntamiento de Mula tiene el gusto de hacer p\u00fablico el resultado de los concursos de ornamentaci\u00f3n popular Mejor Carpa (parque Crist\u00f3bal Gabarr\u00f3n) y Mejor Carroza de las Fiestas de San Isidro 2023.<\/p>\n<p style=\"text-align: justify;\">El <strong>Premio a la Mejor Carpa<\/strong> es para la carpa n\u00ba1, de la Pe\u00f1a Los Arrebataos. Dotado de\u00a0200 euros donados por El Plan del Mono<\/p>\n<p style=\"text-align: justify;\">El <strong>Premio a la Mejor Carroza<\/strong> es para la carroza n\u00ba28, de la Pe\u00f1a El K-os. Dotado de 200 euros donados por el Ayuntamiento de Mula.<\/p>\n<p style=\"text-align: justify;\">Enhorabuena a los ganadores y el expreso agradecimiento de la Concejal\u00eda de Festejos a todos los participantes en este concurso por dar colorido, viveza y esencia a nuestras queridas fiestas de san Isidro, y al Jurado calificador por su meritoria y desinteresada colaboraci\u00f3n.<\/p>\n<p><a href=\"https:\/\/mula.es\/web\/wp-content\/uploads\/2023\/05\/No-28-EL-K-OS.-2.jpeg\"><img decoding=\"async\" data-attachment-id=\"48682\" data-permalink=\"https:\/\/mula.es\/web\/festejos-participantes-del-concurso-de-carrozas-san-isidro-2023\/no-28-el-k-os-2\/\" data-orig-file=\"https:\/\/mula.es\/web\/wp-content\/uploads\/2023\/05\/No-28-EL-K-OS.-2.jpeg\" data-orig-size=\"1500,2000\" data-comments-opened=\"0\" data-image-meta=\"{&quot;aperture&quot;:&quot;0&quot;,&quot;credit&quot;:&quot;&quot;,&quot;camera&quot;:&quot;&quot;,&quot;caption&quot;:&quot;&quot;,&quot;created_timestamp&quot;:&quot;0&quot;,&quot;copyright&quot;:&quot;&quot;,&quot;focal_length&quot;:&quot;0&quot;,&quot;iso&quot;:&quot;0&quot;,&quot;shutter_speed&quot;:&quot;0&quot;,&quot;title&quot;:&quot;&quot;,&quot;orientation&quot;:&quot;0&quot;}\" data-image-title=\"N\u00ba 28 EL K-OS. 2\" data-image-description=\"\" data-image-caption=\"\" data-large-file=\"https:\/\/mula.es\/web\/wp-content\/uploads\/2023\/05\/No-28-EL-K-OS.-2-768x1024.jpeg\" class=\" wp-image-48682 aligncenter\" src=\"https:\/\/mula.es\/web\/wp-content\/uploads\/2023\/05\/No-28-EL-K-OS.-2.jpeg\" alt=\"\" width=\"410\" height=\"547\" srcset=\"https:\/\/mula.es\/web\/wp-content\/uploads\/2023\/05\/No-28-EL-K-OS.-2-200x267.jpeg 200w, https:\/\/mula.es\/web\/wp-content\/uploads\/2023\/05\/No-28-EL-K-OS.-2-225x300.jpeg 225w, https:\/\/mula.es\/web\/wp-content\/uploads\/2023\/05\/No-28-EL-K-OS.-2-400x533.jpeg 400w, https:\/\/mula.es\/web\/wp-content\/uploads\/2023\/05\/No-28-EL-K-OS.-2-600x800.jpeg 600w, https:\/\/mula.es\/web\/wp-content\/uploads\/2023\/05\/No-28-EL-K-OS.-2-768x1024.jpeg 768w, https:\/\/mula.es\/web\/wp-content\/uploads\/2023\/05\/No-28-EL-K-OS.-2-800x1067.jpeg 800w, https:\/\/mula.es\/web\/wp-content\/uploads\/2023\/05\/No-28-EL-K-OS.-2-1152x1536.jpeg 1152w, https:\/\/mula.es\/web\/wp-content\/uploads\/2023\/05\/No-28-EL-K-OS.-2-1200x1600.jpeg 1200w, https:\/\/mula.es\/web\/wp-content\/uploads\/2023\/05\/No-28-EL-K-OS.-2.jpeg 1500w\" sizes=\"(max-width: 410px) 100vw, 410px\" \/><\/a><\/p>\n<p>&nbsp;<\/p>\n<p>&nbsp;<\/p>\n","protected":false},"excerpt":{"rendered":"<p>La Concejal\u00eda de Festejos del Ayuntamiento de Mula tiene el gusto de hacer p\u00fablico el resultado de los concursos de ornamentaci\u00f3n popular Mejor Carpa (parque Crist\u00f3bal Gabarr\u00f3n) y Mejor Carroza de las Fiestas de San Isidro 2023. El Premio a la Mejor Carpa es para la carpa n\u00ba1, de la Pe\u00f1a Los Arrebataos. Dotado de\u00a0200  [&#8230;]<\/p>\n","protected":false},"author":12,"featured_media":48715,"comment_status":"closed","ping_status":"closed","sticky":false,"template":"","format":"standard","meta":{"jetpack_post_was_ever_published":false,"_jetpack_newsletter_access":"","_jetpack_dont_email_post_to_subs":false,"_jetpack_newsletter_tier_id":0,"_jetpack_memberships_contains_paywalled_content":false,"_jetpack_memberships_contains_paid_content":false,"footnotes":"","jetpack_publicize_message":"","jetpack_publicize_feature_enabled":true,"jetpack_social_post_already_shared":false,"jetpack_social_options":{"image_generator_settings":{"template":"highway","default_image_id":0,"font":"","enabled":false},"version":2}},"categories":[171,186],"tags":[],"class_list":["post-48714","post","type-post","status-publish","format-standard","has-post-thumbnail","hentry","category-festejos","category-san-isidro"],"yoast_head":"<!-- This site is optimized with the Yoast SEO plugin v27.5 - https:\/\/yoast.com\/product\/yoast-seo-wordpress\/ -->\n<title>FESTEJOS| Premio a la Mejor Carroza y Mejor Carpa San Isidro 2023 - Ayuntamiento de Mula<\/title>\n<meta name=\"robots\" content=\"index, follow, max-snippet:-1, max-image-preview:large, max-video-preview:-1\" \/>\n<link rel=\"canonical\" href=\"https:\/\/mula.es\/web\/festejos-premio-a-la-mejor-carroza-y-mejor-carpa-san-isidro-2023\/\" \/>\n<meta property=\"og:locale\" content=\"es_ES\" \/>\n<meta property=\"og:type\" content=\"article\" \/>\n<meta property=\"og:title\" content=\"FESTEJOS| Premio a la Mejor Carroza y Mejor Carpa San Isidro 2023 - Ayuntamiento de Mula\" \/>\n<meta property=\"og:description\" content=\"La Concejal\u00eda de Festejos del Ayuntamiento de Mula tiene el gusto de hacer p\u00fablico el resultado de los concursos de ornamentaci\u00f3n popular Mejor Carpa (parque Crist\u00f3bal Gabarr\u00f3n) y Mejor Carroza de las Fiestas de San Isidro 2023. El Premio a la Mejor Carpa es para la carpa n\u00ba1, de la Pe\u00f1a Los Arrebataos. Dotado de\u00a0200 [...]\" \/>\n<meta property=\"og:url\" content=\"https:\/\/mula.es\/web\/festejos-premio-a-la-mejor-carroza-y-mejor-carpa-san-isidro-2023\/\" \/>\n<meta property=\"og:site_name\" content=\"Ayuntamiento de Mula\" \/>\n<meta property=\"article:published_time\" content=\"2023-05-23T07:40:30+00:00\" \/>\n<meta property=\"og:image\" content=\"https:\/\/mula.es\/web\/wp-content\/uploads\/2023\/05\/no-28-EL-K-OS.-1-1.jpeg\" \/>\n\t<meta property=\"og:image:width\" content=\"960\" \/>\n\t<meta property=\"og:image:height\" content=\"1280\" \/>\n\t<meta property=\"og:image:type\" content=\"image\/jpeg\" \/>\n<meta name=\"author\" content=\"Mar\u00eda Bel\u00e9n Sumba Bravo\" \/>\n<meta name=\"twitter:card\" content=\"summary_large_image\" \/>\n<meta name=\"twitter:creator\" content=\"@AyuntamientMula\" \/>\n<meta name=\"twitter:site\" content=\"@AyuntamientMula\" \/>\n<meta name=\"twitter:label1\" content=\"Escrito por\" \/>\n\t<meta name=\"twitter:data1\" content=\"Mar\u00eda Bel\u00e9n Sumba Bravo\" \/>\n\t<meta name=\"twitter:label2\" content=\"Tiempo de lectura\" \/>\n\t<meta name=\"twitter:data2\" content=\"1 minuto\" \/>\n<script type=\"application\/ld+json\" class=\"yoast-schema-graph\">{\"@context\":\"https:\\\/\\\/schema.org\",\"@graph\":[{\"@type\":\"Article\",\"@id\":\"https:\\\/\\\/mula.es\\\/web\\\/festejos-premio-a-la-mejor-carroza-y-mejor-carpa-san-isidro-2023\\\/#article\",\"isPartOf\":{\"@id\":\"https:\\\/\\\/mula.es\\\/web\\\/festejos-premio-a-la-mejor-carroza-y-mejor-carpa-san-isidro-2023\\\/\"},\"author\":{\"name\":\"Mar\u00eda Bel\u00e9n Sumba Bravo\",\"@id\":\"https:\\\/\\\/mula.es\\\/web\\\/#\\\/schema\\\/person\\\/4cc33fc69cd667605e1b6247815ac0c0\"},\"headline\":\"FESTEJOS| Premio a la Mejor Carroza y Mejor Carpa San Isidro 2023\",\"datePublished\":\"2023-05-23T07:40:30+00:00\",\"mainEntityOfPage\":{\"@id\":\"https:\\\/\\\/mula.es\\\/web\\\/festejos-premio-a-la-mejor-carroza-y-mejor-carpa-san-isidro-2023\\\/\"},\"wordCount\":151,\"image\":{\"@id\":\"https:\\\/\\\/mula.es\\\/web\\\/festejos-premio-a-la-mejor-carroza-y-mejor-carpa-san-isidro-2023\\\/#primaryimage\"},\"thumbnailUrl\":\"https:\\\/\\\/mula.es\\\/web\\\/wp-content\\\/uploads\\\/2023\\\/05\\\/no-28-EL-K-OS.-1-1.jpeg\",\"articleSection\":[\"festejos\",\"san isidro\"],\"inLanguage\":\"es\"},{\"@type\":\"WebPage\",\"@id\":\"https:\\\/\\\/mula.es\\\/web\\\/festejos-premio-a-la-mejor-carroza-y-mejor-carpa-san-isidro-2023\\\/\",\"url\":\"https:\\\/\\\/mula.es\\\/web\\\/festejos-premio-a-la-mejor-carroza-y-mejor-carpa-san-isidro-2023\\\/\",\"name\":\"FESTEJOS| Premio a la Mejor Carroza y Mejor Carpa San Isidro 2023 - Ayuntamiento de Mula\",\"isPartOf\":{\"@id\":\"https:\\\/\\\/mula.es\\\/web\\\/#website\"},\"primaryImageOfPage\":{\"@id\":\"https:\\\/\\\/mula.es\\\/web\\\/festejos-premio-a-la-mejor-carroza-y-mejor-carpa-san-isidro-2023\\\/#primaryimage\"},\"image\":{\"@id\":\"https:\\\/\\\/mula.es\\\/web\\\/festejos-premio-a-la-mejor-carroza-y-mejor-carpa-san-isidro-2023\\\/#primaryimage\"},\"thumbnailUrl\":\"https:\\\/\\\/mula.es\\\/web\\\/wp-content\\\/uploads\\\/2023\\\/05\\\/no-28-EL-K-OS.-1-1.jpeg\",\"datePublished\":\"2023-05-23T07:40:30+00:00\",\"author\":{\"@id\":\"https:\\\/\\\/mula.es\\\/web\\\/#\\\/schema\\\/person\\\/4cc33fc69cd667605e1b6247815ac0c0\"},\"breadcrumb\":{\"@id\":\"https:\\\/\\\/mula.es\\\/web\\\/festejos-premio-a-la-mejor-carroza-y-mejor-carpa-san-isidro-2023\\\/#breadcrumb\"},\"inLanguage\":\"es\",\"potentialAction\":[{\"@type\":\"ReadAction\",\"target\":[\"https:\\\/\\\/mula.es\\\/web\\\/festejos-premio-a-la-mejor-carroza-y-mejor-carpa-san-isidro-2023\\\/\"]}]},{\"@type\":\"ImageObject\",\"inLanguage\":\"es\",\"@id\":\"https:\\\/\\\/mula.es\\\/web\\\/festejos-premio-a-la-mejor-carroza-y-mejor-carpa-san-isidro-2023\\\/#primaryimage\",\"url\":\"https:\\\/\\\/mula.es\\\/web\\\/wp-content\\\/uploads\\\/2023\\\/05\\\/no-28-EL-K-OS.-1-1.jpeg\",\"contentUrl\":\"https:\\\/\\\/mula.es\\\/web\\\/wp-content\\\/uploads\\\/2023\\\/05\\\/no-28-EL-K-OS.-1-1.jpeg\",\"width\":960,\"height\":1280},{\"@type\":\"BreadcrumbList\",\"@id\":\"https:\\\/\\\/mula.es\\\/web\\\/festejos-premio-a-la-mejor-carroza-y-mejor-carpa-san-isidro-2023\\\/#breadcrumb\",\"itemListElement\":[{\"@type\":\"ListItem\",\"position\":1,\"name\":\"Portada\",\"item\":\"https:\\\/\\\/mula.es\\\/web\\\/\"},{\"@type\":\"ListItem\",\"position\":2,\"name\":\"FESTEJOS| Premio a la Mejor Carroza y Mejor Carpa San Isidro 2023\"}]},{\"@type\":\"WebSite\",\"@id\":\"https:\\\/\\\/mula.es\\\/web\\\/#website\",\"url\":\"https:\\\/\\\/mula.es\\\/web\\\/\",\"name\":\"Ayuntamiento de Mula\",\"description\":\"P\u00e1gina web del Ayuntamiento de Mula (Regi\u00f3n de Murcia)\",\"potentialAction\":[{\"@type\":\"SearchAction\",\"target\":{\"@type\":\"EntryPoint\",\"urlTemplate\":\"https:\\\/\\\/mula.es\\\/web\\\/?s={search_term_string}\"},\"query-input\":{\"@type\":\"PropertyValueSpecification\",\"valueRequired\":true,\"valueName\":\"search_term_string\"}}],\"inLanguage\":\"es\"},{\"@type\":\"Person\",\"@id\":\"https:\\\/\\\/mula.es\\\/web\\\/#\\\/schema\\\/person\\\/4cc33fc69cd667605e1b6247815ac0c0\",\"name\":\"Mar\u00eda Bel\u00e9n Sumba Bravo\",\"image\":{\"@type\":\"ImageObject\",\"inLanguage\":\"es\",\"@id\":\"https:\\\/\\\/secure.gravatar.com\\\/avatar\\\/8f65af12a8d72e866f97bba50325bdf89a5362533b6f2c9db8c88130883986b1?s=96&d=mm&r=g\",\"url\":\"https:\\\/\\\/secure.gravatar.com\\\/avatar\\\/8f65af12a8d72e866f97bba50325bdf89a5362533b6f2c9db8c88130883986b1?s=96&d=mm&r=g\",\"contentUrl\":\"https:\\\/\\\/secure.gravatar.com\\\/avatar\\\/8f65af12a8d72e866f97bba50325bdf89a5362533b6f2c9db8c88130883986b1?s=96&d=mm&r=g\",\"caption\":\"Mar\u00eda Bel\u00e9n Sumba Bravo\"},\"url\":\"https:\\\/\\\/mula.es\\\/web\\\/author\\\/mbsumba\\\/\"}]}<\/script>\n<!-- \/ Yoast SEO plugin. -->","yoast_head_json":{"title":"FESTEJOS| Premio a la Mejor Carroza y Mejor Carpa San Isidro 2023 - Ayuntamiento de Mula","robots":{"index":"index","follow":"follow","max-snippet":"max-snippet:-1","max-image-preview":"max-image-preview:large","max-video-preview":"max-video-preview:-1"},"canonical":"https:\/\/mula.es\/web\/festejos-premio-a-la-mejor-carroza-y-mejor-carpa-san-isidro-2023\/","og_locale":"es_ES","og_type":"article","og_title":"FESTEJOS| Premio a la Mejor Carroza y Mejor Carpa San Isidro 2023 - Ayuntamiento de Mula","og_description":"La Concejal\u00eda de Festejos del Ayuntamiento de Mula tiene el gusto de hacer p\u00fablico el resultado de los concursos de ornamentaci\u00f3n popular Mejor Carpa (parque Crist\u00f3bal Gabarr\u00f3n) y Mejor Carroza de las Fiestas de San Isidro 2023. El Premio a la Mejor Carpa es para la carpa n\u00ba1, de la Pe\u00f1a Los Arrebataos. Dotado de\u00a0200 [...]","og_url":"https:\/\/mula.es\/web\/festejos-premio-a-la-mejor-carroza-y-mejor-carpa-san-isidro-2023\/","og_site_name":"Ayuntamiento de Mula","article_published_time":"2023-05-23T07:40:30+00:00","og_image":[{"width":960,"height":1280,"url":"https:\/\/mula.es\/web\/wp-content\/uploads\/2023\/05\/no-28-EL-K-OS.-1-1.jpeg","type":"image\/jpeg"}],"author":"Mar\u00eda Bel\u00e9n Sumba Bravo","twitter_card":"summary_large_image","twitter_creator":"@AyuntamientMula","twitter_site":"@AyuntamientMula","twitter_misc":{"Escrito por":"Mar\u00eda Bel\u00e9n Sumba Bravo","Tiempo de lectura":"1 minuto"},"schema":{"@context":"https:\/\/schema.org","@graph":[{"@type":"Article","@id":"https:\/\/mula.es\/web\/festejos-premio-a-la-mejor-carroza-y-mejor-carpa-san-isidro-2023\/#article","isPartOf":{"@id":"https:\/\/mula.es\/web\/festejos-premio-a-la-mejor-carroza-y-mejor-carpa-san-isidro-2023\/"},"author":{"name":"Mar\u00eda Bel\u00e9n Sumba Bravo","@id":"https:\/\/mula.es\/web\/#\/schema\/person\/4cc33fc69cd667605e1b6247815ac0c0"},"headline":"FESTEJOS| Premio a la Mejor Carroza y Mejor Carpa San Isidro 2023","datePublished":"2023-05-23T07:40:30+00:00","mainEntityOfPage":{"@id":"https:\/\/mula.es\/web\/festejos-premio-a-la-mejor-carroza-y-mejor-carpa-san-isidro-2023\/"},"wordCount":151,"image":{"@id":"https:\/\/mula.es\/web\/festejos-premio-a-la-mejor-carroza-y-mejor-carpa-san-isidro-2023\/#primaryimage"},"thumbnailUrl":"https:\/\/mula.es\/web\/wp-content\/uploads\/2023\/05\/no-28-EL-K-OS.-1-1.jpeg","articleSection":["festejos","san isidro"],"inLanguage":"es"},{"@type":"WebPage","@id":"https:\/\/mula.es\/web\/festejos-premio-a-la-mejor-carroza-y-mejor-carpa-san-isidro-2023\/","url":"https:\/\/mula.es\/web\/festejos-premio-a-la-mejor-carroza-y-mejor-carpa-san-isidro-2023\/","name":"FESTEJOS| Premio a la Mejor Carroza y Mejor Carpa San Isidro 2023 - Ayuntamiento de Mula","isPartOf":{"@id":"https:\/\/mula.es\/web\/#website"},"primaryImageOfPage":{"@id":"https:\/\/mula.es\/web\/festejos-premio-a-la-mejor-carroza-y-mejor-carpa-san-isidro-2023\/#primaryimage"},"image":{"@id":"https:\/\/mula.es\/web\/festejos-premio-a-la-mejor-carroza-y-mejor-carpa-san-isidro-2023\/#primaryimage"},"thumbnailUrl":"https:\/\/mula.es\/web\/wp-content\/uploads\/2023\/05\/no-28-EL-K-OS.-1-1.jpeg","datePublished":"2023-05-23T07:40:30+00:00","author":{"@id":"https:\/\/mula.es\/web\/#\/schema\/person\/4cc33fc69cd667605e1b6247815ac0c0"},"breadcrumb":{"@id":"https:\/\/mula.es\/web\/festejos-premio-a-la-mejor-carroza-y-mejor-carpa-san-isidro-2023\/#breadcrumb"},"inLanguage":"es","potentialAction":[{"@type":"ReadAction","target":["https:\/\/mula.es\/web\/festejos-premio-a-la-mejor-carroza-y-mejor-carpa-san-isidro-2023\/"]}]},{"@type":"ImageObject","inLanguage":"es","@id":"https:\/\/mula.es\/web\/festejos-premio-a-la-mejor-carroza-y-mejor-carpa-san-isidro-2023\/#primaryimage","url":"https:\/\/mula.es\/web\/wp-content\/uploads\/2023\/05\/no-28-EL-K-OS.-1-1.jpeg","contentUrl":"https:\/\/mula.es\/web\/wp-content\/uploads\/2023\/05\/no-28-EL-K-OS.-1-1.jpeg","width":960,"height":1280},{"@type":"BreadcrumbList","@id":"https:\/\/mula.es\/web\/festejos-premio-a-la-mejor-carroza-y-mejor-carpa-san-isidro-2023\/#breadcrumb","itemListElement":[{"@type":"ListItem","position":1,"name":"Portada","item":"https:\/\/mula.es\/web\/"},{"@type":"ListItem","position":2,"name":"FESTEJOS| Premio a la Mejor Carroza y Mejor Carpa San Isidro 2023"}]},{"@type":"WebSite","@id":"https:\/\/mula.es\/web\/#website","url":"https:\/\/mula.es\/web\/","name":"Ayuntamiento de Mula","description":"P\u00e1gina web del Ayuntamiento de Mula (Regi\u00f3n de Murcia)","potentialAction":[{"@type":"SearchAction","target":{"@type":"EntryPoint","urlTemplate":"https:\/\/mula.es\/web\/?s={search_term_string}"},"query-input":{"@type":"PropertyValueSpecification","valueRequired":true,"valueName":"search_term_string"}}],"inLanguage":"es"},{"@type":"Person","@id":"https:\/\/mula.es\/web\/#\/schema\/person\/4cc33fc69cd667605e1b6247815ac0c0","name":"Mar\u00eda Bel\u00e9n Sumba Bravo","image":{"@type":"ImageObject","inLanguage":"es","@id":"https:\/\/secure.gravatar.com\/avatar\/8f65af12a8d72e866f97bba50325bdf89a5362533b6f2c9db8c88130883986b1?s=96&d=mm&r=g","url":"https:\/\/secure.gravatar.com\/avatar\/8f65af12a8d72e866f97bba50325bdf89a5362533b6f2c9db8c88130883986b1?s=96&d=mm&r=g","contentUrl":"https:\/\/secure.gravatar.com\/avatar\/8f65af12a8d72e866f97bba50325bdf89a5362533b6f2c9db8c88130883986b1?s=96&d=mm&r=g","caption":"Mar\u00eda Bel\u00e9n Sumba Bravo"},"url":"https:\/\/mula.es\/web\/author\/mbsumba\/"}]}},"jetpack_publicize_connections":[],"jetpack_featured_media_url":"https:\/\/mula.es\/web\/wp-content\/uploads\/2023\/05\/no-28-EL-K-OS.-1-1.jpeg","jetpack_sharing_enabled":true,"jetpack_shortlink":"https:\/\/wp.me\/pa9DMY-cFI","jetpack-related-posts":[],"_links":{"self":[{"href":"https:\/\/mula.es\/web\/wp-json\/wp\/v2\/posts\/48714","targetHints":{"allow":["GET"]}}],"collection":[{"href":"https:\/\/mula.es\/web\/wp-json\/wp\/v2\/posts"}],"about":[{"href":"https:\/\/mula.es\/web\/wp-json\/wp\/v2\/types\/post"}],"author":[{"embeddable":true,"href":"https:\/\/mula.es\/web\/wp-json\/wp\/v2\/users\/12"}],"replies":[{"embeddable":true,"href":"https:\/\/mula.es\/web\/wp-json\/wp\/v2\/comments?post=48714"}],"version-history":[{"count":1,"href":"https:\/\/mula.es\/web\/wp-json\/wp\/v2\/posts\/48714\/revisions"}],"predecessor-version":[{"id":48716,"href":"https:\/\/mula.es\/web\/wp-json\/wp\/v2\/posts\/48714\/revisions\/48716"}],"wp:featuredmedia":[{"embeddable":true,"href":"https:\/\/mula.es\/web\/wp-json\/wp\/v2\/media\/48715"}],"wp:attachment":[{"href":"https:\/\/mula.es\/web\/wp-json\/wp\/v2\/media?parent=48714"}],"wp:term":[{"taxonomy":"category","embeddable":true,"href":"https:\/\/mula.es\/web\/wp-json\/wp\/v2\/categories?post=48714"},{"taxonomy":"post_tag","embeddable":true,"href":"https:\/\/mula.es\/web\/wp-json\/wp\/v2\/tags?post=48714"}],"curies":[{"name":"wp","href":"https:\/\/api.w.org\/{rel}","templated":true}]}}