{"id":49295,"date":"2023-07-10T14:08:21","date_gmt":"2023-07-10T12:08:21","guid":{"rendered":"https:\/\/mula.es\/web\/?p=49295"},"modified":"2023-07-11T08:15:21","modified_gmt":"2023-07-11T06:15:21","slug":"festejos-agradecimiento-a-las-comisiones-de-fiestas-de-el-nino-y-el-barrio-vinegla","status":"publish","type":"post","link":"https:\/\/mula.es\/web\/festejos-agradecimiento-a-las-comisiones-de-fiestas-de-el-nino-y-el-barrio-vinegla\/","title":{"rendered":"FESTEJOS| Agradecimiento a las comisiones de fiestas de El Ni\u00f1o y el barrio Vi\u00f1egla"},"content":{"rendered":"<p style=\"text-align: justify;\">El Ayuntamiento de Mula agradece y reconoce p\u00fablicamente el arduo trabajo que han realizado las comisiones de fiestas de El Ni\u00f1o y el barrio Vi\u00f1egla estos \u00faltimos meses durante la organizaci\u00f3n de estas primeras fiestas en \u00e9poca estival.<\/p>\n<p style=\"text-align: justify;\">La concejala Alicia Zapata (Festejos) y los concejales Diego Boluda (Barrios y Pedan\u00edas) y Vicente L\u00f3pez (Servicios Municipales y Manetnimiento) han mostrado su agradecimiento a las comisiones de fiestas de la pedan\u00eda y del barrio mule\u00f1o por \u00abla gran organizaci\u00f3n y el buen desarrollo de sus fiestas, que han permitido a mule\u00f1os y mule\u00f1as disfrutar de unos d\u00edas de vecindad y uni\u00f3n\u00bb. En este sentido, \u00abseguimos trabajando junto a las comisiones de festejos de Y\u00e9char y Casas Nuevas, cuyas fiestas patronales son en apenas un mes\u00bb, han afirmado ambos concejales.<\/p>\n<p><a href=\"https:\/\/mula.es\/web\/wp-content\/uploads\/2023\/07\/Fiestas-El-Nino-y-Vinegla-1.jpeg\"><img decoding=\"async\" data-attachment-id=\"49310\" data-permalink=\"https:\/\/mula.es\/web\/festejos-agradecimiento-a-las-comisiones-de-fiestas-de-el-nino-y-el-barrio-vinegla\/fiestas-el-nino-y-vinegla-1\/\" data-orig-file=\"https:\/\/mula.es\/web\/wp-content\/uploads\/2023\/07\/Fiestas-El-Nino-y-Vinegla-1.jpeg\" data-orig-size=\"1600,720\" data-comments-opened=\"0\" data-image-meta=\"{&quot;aperture&quot;:&quot;0&quot;,&quot;credit&quot;:&quot;&quot;,&quot;camera&quot;:&quot;&quot;,&quot;caption&quot;:&quot;&quot;,&quot;created_timestamp&quot;:&quot;0&quot;,&quot;copyright&quot;:&quot;&quot;,&quot;focal_length&quot;:&quot;0&quot;,&quot;iso&quot;:&quot;0&quot;,&quot;shutter_speed&quot;:&quot;0&quot;,&quot;title&quot;:&quot;&quot;,&quot;orientation&quot;:&quot;0&quot;}\" data-image-title=\"Fiestas El Ni\u00f1o y Vi\u00f1egla (1)\" data-image-description=\"\" data-image-caption=\"\" data-large-file=\"https:\/\/mula.es\/web\/wp-content\/uploads\/2023\/07\/Fiestas-El-Nino-y-Vinegla-1-1024x461.jpeg\" class=\" wp-image-49310 aligncenter\" src=\"https:\/\/mula.es\/web\/wp-content\/uploads\/2023\/07\/Fiestas-El-Nino-y-Vinegla-1.jpeg\" alt=\"\" width=\"756\" height=\"340\" srcset=\"https:\/\/mula.es\/web\/wp-content\/uploads\/2023\/07\/Fiestas-El-Nino-y-Vinegla-1-200x90.jpeg 200w, https:\/\/mula.es\/web\/wp-content\/uploads\/2023\/07\/Fiestas-El-Nino-y-Vinegla-1-300x135.jpeg 300w, https:\/\/mula.es\/web\/wp-content\/uploads\/2023\/07\/Fiestas-El-Nino-y-Vinegla-1-400x180.jpeg 400w, https:\/\/mula.es\/web\/wp-content\/uploads\/2023\/07\/Fiestas-El-Nino-y-Vinegla-1-600x270.jpeg 600w, https:\/\/mula.es\/web\/wp-content\/uploads\/2023\/07\/Fiestas-El-Nino-y-Vinegla-1-768x346.jpeg 768w, https:\/\/mula.es\/web\/wp-content\/uploads\/2023\/07\/Fiestas-El-Nino-y-Vinegla-1-800x360.jpeg 800w, https:\/\/mula.es\/web\/wp-content\/uploads\/2023\/07\/Fiestas-El-Nino-y-Vinegla-1-1024x461.jpeg 1024w, https:\/\/mula.es\/web\/wp-content\/uploads\/2023\/07\/Fiestas-El-Nino-y-Vinegla-1-1200x540.jpeg 1200w, https:\/\/mula.es\/web\/wp-content\/uploads\/2023\/07\/Fiestas-El-Nino-y-Vinegla-1-1536x691.jpeg 1536w, https:\/\/mula.es\/web\/wp-content\/uploads\/2023\/07\/Fiestas-El-Nino-y-Vinegla-1.jpeg 1600w\" sizes=\"(max-width: 756px) 100vw, 756px\" \/><\/a><\/p>\n<p><a href=\"https:\/\/mula.es\/web\/wp-content\/uploads\/2023\/07\/Fiestas-El-Nino-y-Vinegla-3.jpeg\"><img decoding=\"async\" data-attachment-id=\"49311\" data-permalink=\"https:\/\/mula.es\/web\/festejos-agradecimiento-a-las-comisiones-de-fiestas-de-el-nino-y-el-barrio-vinegla\/fiestas-el-nino-y-vinegla-3\/\" data-orig-file=\"https:\/\/mula.es\/web\/wp-content\/uploads\/2023\/07\/Fiestas-El-Nino-y-Vinegla-3.jpeg\" data-orig-size=\"1600,1204\" data-comments-opened=\"0\" data-image-meta=\"{&quot;aperture&quot;:&quot;0&quot;,&quot;credit&quot;:&quot;&quot;,&quot;camera&quot;:&quot;&quot;,&quot;caption&quot;:&quot;&quot;,&quot;created_timestamp&quot;:&quot;0&quot;,&quot;copyright&quot;:&quot;&quot;,&quot;focal_length&quot;:&quot;0&quot;,&quot;iso&quot;:&quot;0&quot;,&quot;shutter_speed&quot;:&quot;0&quot;,&quot;title&quot;:&quot;&quot;,&quot;orientation&quot;:&quot;0&quot;}\" data-image-title=\"Fiestas El Ni\u00f1o y Vi\u00f1egla (3)\" data-image-description=\"\" data-image-caption=\"\" data-large-file=\"https:\/\/mula.es\/web\/wp-content\/uploads\/2023\/07\/Fiestas-El-Nino-y-Vinegla-3-1024x771.jpeg\" class=\"wp-image-49311 aligncenter\" src=\"https:\/\/mula.es\/web\/wp-content\/uploads\/2023\/07\/Fiestas-El-Nino-y-Vinegla-3.jpeg\" alt=\"\" width=\"756\" height=\"569\" srcset=\"https:\/\/mula.es\/web\/wp-content\/uploads\/2023\/07\/Fiestas-El-Nino-y-Vinegla-3-200x151.jpeg 200w, https:\/\/mula.es\/web\/wp-content\/uploads\/2023\/07\/Fiestas-El-Nino-y-Vinegla-3-300x226.jpeg 300w, https:\/\/mula.es\/web\/wp-content\/uploads\/2023\/07\/Fiestas-El-Nino-y-Vinegla-3-400x301.jpeg 400w, https:\/\/mula.es\/web\/wp-content\/uploads\/2023\/07\/Fiestas-El-Nino-y-Vinegla-3-600x452.jpeg 600w, https:\/\/mula.es\/web\/wp-content\/uploads\/2023\/07\/Fiestas-El-Nino-y-Vinegla-3-768x578.jpeg 768w, https:\/\/mula.es\/web\/wp-content\/uploads\/2023\/07\/Fiestas-El-Nino-y-Vinegla-3-800x602.jpeg 800w, https:\/\/mula.es\/web\/wp-content\/uploads\/2023\/07\/Fiestas-El-Nino-y-Vinegla-3-1024x771.jpeg 1024w, https:\/\/mula.es\/web\/wp-content\/uploads\/2023\/07\/Fiestas-El-Nino-y-Vinegla-3-1200x903.jpeg 1200w, https:\/\/mula.es\/web\/wp-content\/uploads\/2023\/07\/Fiestas-El-Nino-y-Vinegla-3-1536x1156.jpeg 1536w, https:\/\/mula.es\/web\/wp-content\/uploads\/2023\/07\/Fiestas-El-Nino-y-Vinegla-3.jpeg 1600w\" sizes=\"(max-width: 756px) 100vw, 756px\" \/><\/a><\/p>\n<p><a href=\"https:\/\/mula.es\/web\/wp-content\/uploads\/2023\/07\/Fiestas-El-Nino-y-Vinegla-4.jpeg\"><img decoding=\"async\" data-attachment-id=\"49309\" data-permalink=\"https:\/\/mula.es\/web\/festejos-agradecimiento-a-las-comisiones-de-fiestas-de-el-nino-y-el-barrio-vinegla\/fiestas-el-nino-y-vinegla-4\/\" data-orig-file=\"https:\/\/mula.es\/web\/wp-content\/uploads\/2023\/07\/Fiestas-El-Nino-y-Vinegla-4.jpeg\" data-orig-size=\"924,2048\" data-comments-opened=\"0\" data-image-meta=\"{&quot;aperture&quot;:&quot;0&quot;,&quot;credit&quot;:&quot;&quot;,&quot;camera&quot;:&quot;&quot;,&quot;caption&quot;:&quot;&quot;,&quot;created_timestamp&quot;:&quot;0&quot;,&quot;copyright&quot;:&quot;&quot;,&quot;focal_length&quot;:&quot;0&quot;,&quot;iso&quot;:&quot;0&quot;,&quot;shutter_speed&quot;:&quot;0&quot;,&quot;title&quot;:&quot;&quot;,&quot;orientation&quot;:&quot;0&quot;}\" data-image-title=\"Fiestas El Ni\u00f1o y Vi\u00f1egla (4)\" data-image-description=\"\" data-image-caption=\"\" data-large-file=\"https:\/\/mula.es\/web\/wp-content\/uploads\/2023\/07\/Fiestas-El-Nino-y-Vinegla-4-462x1024.jpeg\" class=\" wp-image-49309 aligncenter\" src=\"https:\/\/mula.es\/web\/wp-content\/uploads\/2023\/07\/Fiestas-El-Nino-y-Vinegla-4.jpeg\" alt=\"\" width=\"461\" height=\"1022\" srcset=\"https:\/\/mula.es\/web\/wp-content\/uploads\/2023\/07\/Fiestas-El-Nino-y-Vinegla-4-135x300.jpeg 135w, https:\/\/mula.es\/web\/wp-content\/uploads\/2023\/07\/Fiestas-El-Nino-y-Vinegla-4-200x443.jpeg 200w, https:\/\/mula.es\/web\/wp-content\/uploads\/2023\/07\/Fiestas-El-Nino-y-Vinegla-4-400x887.jpeg 400w, https:\/\/mula.es\/web\/wp-content\/uploads\/2023\/07\/Fiestas-El-Nino-y-Vinegla-4-462x1024.jpeg 462w, https:\/\/mula.es\/web\/wp-content\/uploads\/2023\/07\/Fiestas-El-Nino-y-Vinegla-4-600x1330.jpeg 600w, https:\/\/mula.es\/web\/wp-content\/uploads\/2023\/07\/Fiestas-El-Nino-y-Vinegla-4-693x1536.jpeg 693w, https:\/\/mula.es\/web\/wp-content\/uploads\/2023\/07\/Fiestas-El-Nino-y-Vinegla-4-768x1702.jpeg 768w, https:\/\/mula.es\/web\/wp-content\/uploads\/2023\/07\/Fiestas-El-Nino-y-Vinegla-4-800x1773.jpeg 800w, https:\/\/mula.es\/web\/wp-content\/uploads\/2023\/07\/Fiestas-El-Nino-y-Vinegla-4.jpeg 924w\" sizes=\"(max-width: 461px) 100vw, 461px\" \/><\/a><\/p>\n<p>&nbsp;<\/p>\n<p>&nbsp;<\/p>\n<p>&nbsp;<\/p>\n<p>&nbsp;<\/p>\n","protected":false},"excerpt":{"rendered":"<p>El Ayuntamiento de Mula agradece y reconoce p\u00fablicamente el arduo trabajo que han realizado las comisiones de fiestas de El Ni\u00f1o y el barrio Vi\u00f1egla estos \u00faltimos meses durante la organizaci\u00f3n de estas primeras fiestas en \u00e9poca estival. La concejala Alicia Zapata (Festejos) y los concejales Diego Boluda (Barrios y Pedan\u00edas) y Vicente L\u00f3pez (Servicios  [&#8230;]<\/p>\n","protected":false},"author":12,"featured_media":49301,"comment_status":"closed","ping_status":"closed","sticky":false,"template":"","format":"standard","meta":{"jetpack_post_was_ever_published":false,"_jetpack_newsletter_access":"","_jetpack_dont_email_post_to_subs":false,"_jetpack_newsletter_tier_id":0,"_jetpack_memberships_contains_paywalled_content":false,"_jetpack_memberships_contains_paid_content":false,"footnotes":"","jetpack_publicize_message":"","jetpack_publicize_feature_enabled":true,"jetpack_social_post_already_shared":false,"jetpack_social_options":{"image_generator_settings":{"template":"highway","default_image_id":0,"font":"","enabled":false},"version":2}},"categories":[1],"tags":[],"class_list":["post-49295","post","type-post","status-publish","format-standard","has-post-thumbnail","hentry","category-uncategorized"],"yoast_head":"<!-- This site is optimized with the Yoast SEO plugin v27.5 - https:\/\/yoast.com\/product\/yoast-seo-wordpress\/ -->\n<title>FESTEJOS| Agradecimiento a las comisiones de fiestas de El Ni\u00f1o y el barrio Vi\u00f1egla - Ayuntamiento de Mula<\/title>\n<meta name=\"robots\" content=\"index, follow, max-snippet:-1, max-image-preview:large, max-video-preview:-1\" \/>\n<link rel=\"canonical\" href=\"https:\/\/mula.es\/web\/festejos-agradecimiento-a-las-comisiones-de-fiestas-de-el-nino-y-el-barrio-vinegla\/\" \/>\n<meta property=\"og:locale\" content=\"es_ES\" \/>\n<meta property=\"og:type\" content=\"article\" \/>\n<meta property=\"og:title\" content=\"FESTEJOS| Agradecimiento a las comisiones de fiestas de El Ni\u00f1o y el barrio Vi\u00f1egla - Ayuntamiento de Mula\" \/>\n<meta property=\"og:description\" content=\"El Ayuntamiento de Mula agradece y reconoce p\u00fablicamente el arduo trabajo que han realizado las comisiones de fiestas de El Ni\u00f1o y el barrio Vi\u00f1egla estos \u00faltimos meses durante la organizaci\u00f3n de estas primeras fiestas en \u00e9poca estival. La concejala Alicia Zapata (Festejos) y los concejales Diego Boluda (Barrios y Pedan\u00edas) y Vicente L\u00f3pez (Servicios [...]\" \/>\n<meta property=\"og:url\" content=\"https:\/\/mula.es\/web\/festejos-agradecimiento-a-las-comisiones-de-fiestas-de-el-nino-y-el-barrio-vinegla\/\" \/>\n<meta property=\"og:site_name\" content=\"Ayuntamiento de Mula\" \/>\n<meta property=\"article:published_time\" content=\"2023-07-10T12:08:21+00:00\" \/>\n<meta property=\"article:modified_time\" content=\"2023-07-11T06:15:21+00:00\" \/>\n<meta property=\"og:image\" content=\"https:\/\/mula.es\/web\/wp-content\/uploads\/2023\/07\/Fiestas-El-Nino-y-Vinegla-2.jpeg\" \/>\n\t<meta property=\"og:image:width\" content=\"2048\" \/>\n\t<meta property=\"og:image:height\" content=\"1536\" \/>\n\t<meta property=\"og:image:type\" content=\"image\/jpeg\" \/>\n<meta name=\"author\" content=\"Mar\u00eda Bel\u00e9n Sumba Bravo\" \/>\n<meta name=\"twitter:card\" content=\"summary_large_image\" \/>\n<meta name=\"twitter:creator\" content=\"@AyuntamientMula\" \/>\n<meta name=\"twitter:site\" content=\"@AyuntamientMula\" \/>\n<meta name=\"twitter:label1\" content=\"Escrito por\" \/>\n\t<meta name=\"twitter:data1\" content=\"Mar\u00eda Bel\u00e9n Sumba Bravo\" \/>\n\t<meta name=\"twitter:label2\" content=\"Tiempo de lectura\" \/>\n\t<meta name=\"twitter:data2\" content=\"2 minutos\" \/>\n<script type=\"application\/ld+json\" class=\"yoast-schema-graph\">{\"@context\":\"https:\\\/\\\/schema.org\",\"@graph\":[{\"@type\":\"Article\",\"@id\":\"https:\\\/\\\/mula.es\\\/web\\\/festejos-agradecimiento-a-las-comisiones-de-fiestas-de-el-nino-y-el-barrio-vinegla\\\/#article\",\"isPartOf\":{\"@id\":\"https:\\\/\\\/mula.es\\\/web\\\/festejos-agradecimiento-a-las-comisiones-de-fiestas-de-el-nino-y-el-barrio-vinegla\\\/\"},\"author\":{\"name\":\"Mar\u00eda Bel\u00e9n Sumba Bravo\",\"@id\":\"https:\\\/\\\/mula.es\\\/web\\\/#\\\/schema\\\/person\\\/4cc33fc69cd667605e1b6247815ac0c0\"},\"headline\":\"FESTEJOS| Agradecimiento a las comisiones de fiestas de El Ni\u00f1o y el barrio Vi\u00f1egla\",\"datePublished\":\"2023-07-10T12:08:21+00:00\",\"dateModified\":\"2023-07-11T06:15:21+00:00\",\"mainEntityOfPage\":{\"@id\":\"https:\\\/\\\/mula.es\\\/web\\\/festejos-agradecimiento-a-las-comisiones-de-fiestas-de-el-nino-y-el-barrio-vinegla\\\/\"},\"wordCount\":162,\"image\":{\"@id\":\"https:\\\/\\\/mula.es\\\/web\\\/festejos-agradecimiento-a-las-comisiones-de-fiestas-de-el-nino-y-el-barrio-vinegla\\\/#primaryimage\"},\"thumbnailUrl\":\"https:\\\/\\\/mula.es\\\/web\\\/wp-content\\\/uploads\\\/2023\\\/07\\\/Fiestas-El-Nino-y-Vinegla-2.jpeg\",\"articleSection\":[\"Uncategorized\"],\"inLanguage\":\"es\"},{\"@type\":\"WebPage\",\"@id\":\"https:\\\/\\\/mula.es\\\/web\\\/festejos-agradecimiento-a-las-comisiones-de-fiestas-de-el-nino-y-el-barrio-vinegla\\\/\",\"url\":\"https:\\\/\\\/mula.es\\\/web\\\/festejos-agradecimiento-a-las-comisiones-de-fiestas-de-el-nino-y-el-barrio-vinegla\\\/\",\"name\":\"FESTEJOS| Agradecimiento a las comisiones de fiestas de El Ni\u00f1o y el barrio Vi\u00f1egla - Ayuntamiento de Mula\",\"isPartOf\":{\"@id\":\"https:\\\/\\\/mula.es\\\/web\\\/#website\"},\"primaryImageOfPage\":{\"@id\":\"https:\\\/\\\/mula.es\\\/web\\\/festejos-agradecimiento-a-las-comisiones-de-fiestas-de-el-nino-y-el-barrio-vinegla\\\/#primaryimage\"},\"image\":{\"@id\":\"https:\\\/\\\/mula.es\\\/web\\\/festejos-agradecimiento-a-las-comisiones-de-fiestas-de-el-nino-y-el-barrio-vinegla\\\/#primaryimage\"},\"thumbnailUrl\":\"https:\\\/\\\/mula.es\\\/web\\\/wp-content\\\/uploads\\\/2023\\\/07\\\/Fiestas-El-Nino-y-Vinegla-2.jpeg\",\"datePublished\":\"2023-07-10T12:08:21+00:00\",\"dateModified\":\"2023-07-11T06:15:21+00:00\",\"author\":{\"@id\":\"https:\\\/\\\/mula.es\\\/web\\\/#\\\/schema\\\/person\\\/4cc33fc69cd667605e1b6247815ac0c0\"},\"breadcrumb\":{\"@id\":\"https:\\\/\\\/mula.es\\\/web\\\/festejos-agradecimiento-a-las-comisiones-de-fiestas-de-el-nino-y-el-barrio-vinegla\\\/#breadcrumb\"},\"inLanguage\":\"es\",\"potentialAction\":[{\"@type\":\"ReadAction\",\"target\":[\"https:\\\/\\\/mula.es\\\/web\\\/festejos-agradecimiento-a-las-comisiones-de-fiestas-de-el-nino-y-el-barrio-vinegla\\\/\"]}]},{\"@type\":\"ImageObject\",\"inLanguage\":\"es\",\"@id\":\"https:\\\/\\\/mula.es\\\/web\\\/festejos-agradecimiento-a-las-comisiones-de-fiestas-de-el-nino-y-el-barrio-vinegla\\\/#primaryimage\",\"url\":\"https:\\\/\\\/mula.es\\\/web\\\/wp-content\\\/uploads\\\/2023\\\/07\\\/Fiestas-El-Nino-y-Vinegla-2.jpeg\",\"contentUrl\":\"https:\\\/\\\/mula.es\\\/web\\\/wp-content\\\/uploads\\\/2023\\\/07\\\/Fiestas-El-Nino-y-Vinegla-2.jpeg\",\"width\":2048,\"height\":1536},{\"@type\":\"BreadcrumbList\",\"@id\":\"https:\\\/\\\/mula.es\\\/web\\\/festejos-agradecimiento-a-las-comisiones-de-fiestas-de-el-nino-y-el-barrio-vinegla\\\/#breadcrumb\",\"itemListElement\":[{\"@type\":\"ListItem\",\"position\":1,\"name\":\"Portada\",\"item\":\"https:\\\/\\\/mula.es\\\/web\\\/\"},{\"@type\":\"ListItem\",\"position\":2,\"name\":\"FESTEJOS| Agradecimiento a las comisiones de fiestas de El Ni\u00f1o y el barrio Vi\u00f1egla\"}]},{\"@type\":\"WebSite\",\"@id\":\"https:\\\/\\\/mula.es\\\/web\\\/#website\",\"url\":\"https:\\\/\\\/mula.es\\\/web\\\/\",\"name\":\"Ayuntamiento de Mula\",\"description\":\"P\u00e1gina web del Ayuntamiento de Mula (Regi\u00f3n de Murcia)\",\"potentialAction\":[{\"@type\":\"SearchAction\",\"target\":{\"@type\":\"EntryPoint\",\"urlTemplate\":\"https:\\\/\\\/mula.es\\\/web\\\/?s={search_term_string}\"},\"query-input\":{\"@type\":\"PropertyValueSpecification\",\"valueRequired\":true,\"valueName\":\"search_term_string\"}}],\"inLanguage\":\"es\"},{\"@type\":\"Person\",\"@id\":\"https:\\\/\\\/mula.es\\\/web\\\/#\\\/schema\\\/person\\\/4cc33fc69cd667605e1b6247815ac0c0\",\"name\":\"Mar\u00eda Bel\u00e9n Sumba Bravo\",\"image\":{\"@type\":\"ImageObject\",\"inLanguage\":\"es\",\"@id\":\"https:\\\/\\\/secure.gravatar.com\\\/avatar\\\/8f65af12a8d72e866f97bba50325bdf89a5362533b6f2c9db8c88130883986b1?s=96&d=mm&r=g\",\"url\":\"https:\\\/\\\/secure.gravatar.com\\\/avatar\\\/8f65af12a8d72e866f97bba50325bdf89a5362533b6f2c9db8c88130883986b1?s=96&d=mm&r=g\",\"contentUrl\":\"https:\\\/\\\/secure.gravatar.com\\\/avatar\\\/8f65af12a8d72e866f97bba50325bdf89a5362533b6f2c9db8c88130883986b1?s=96&d=mm&r=g\",\"caption\":\"Mar\u00eda Bel\u00e9n Sumba Bravo\"},\"url\":\"https:\\\/\\\/mula.es\\\/web\\\/author\\\/mbsumba\\\/\"}]}<\/script>\n<!-- \/ Yoast SEO plugin. -->","yoast_head_json":{"title":"FESTEJOS| Agradecimiento a las comisiones de fiestas de El Ni\u00f1o y el barrio Vi\u00f1egla - Ayuntamiento de Mula","robots":{"index":"index","follow":"follow","max-snippet":"max-snippet:-1","max-image-preview":"max-image-preview:large","max-video-preview":"max-video-preview:-1"},"canonical":"https:\/\/mula.es\/web\/festejos-agradecimiento-a-las-comisiones-de-fiestas-de-el-nino-y-el-barrio-vinegla\/","og_locale":"es_ES","og_type":"article","og_title":"FESTEJOS| Agradecimiento a las comisiones de fiestas de El Ni\u00f1o y el barrio Vi\u00f1egla - Ayuntamiento de Mula","og_description":"El Ayuntamiento de Mula agradece y reconoce p\u00fablicamente el arduo trabajo que han realizado las comisiones de fiestas de El Ni\u00f1o y el barrio Vi\u00f1egla estos \u00faltimos meses durante la organizaci\u00f3n de estas primeras fiestas en \u00e9poca estival. La concejala Alicia Zapata (Festejos) y los concejales Diego Boluda (Barrios y Pedan\u00edas) y Vicente L\u00f3pez (Servicios [...]","og_url":"https:\/\/mula.es\/web\/festejos-agradecimiento-a-las-comisiones-de-fiestas-de-el-nino-y-el-barrio-vinegla\/","og_site_name":"Ayuntamiento de Mula","article_published_time":"2023-07-10T12:08:21+00:00","article_modified_time":"2023-07-11T06:15:21+00:00","og_image":[{"width":2048,"height":1536,"url":"https:\/\/mula.es\/web\/wp-content\/uploads\/2023\/07\/Fiestas-El-Nino-y-Vinegla-2.jpeg","type":"image\/jpeg"}],"author":"Mar\u00eda Bel\u00e9n Sumba Bravo","twitter_card":"summary_large_image","twitter_creator":"@AyuntamientMula","twitter_site":"@AyuntamientMula","twitter_misc":{"Escrito por":"Mar\u00eda Bel\u00e9n Sumba Bravo","Tiempo de lectura":"2 minutos"},"schema":{"@context":"https:\/\/schema.org","@graph":[{"@type":"Article","@id":"https:\/\/mula.es\/web\/festejos-agradecimiento-a-las-comisiones-de-fiestas-de-el-nino-y-el-barrio-vinegla\/#article","isPartOf":{"@id":"https:\/\/mula.es\/web\/festejos-agradecimiento-a-las-comisiones-de-fiestas-de-el-nino-y-el-barrio-vinegla\/"},"author":{"name":"Mar\u00eda Bel\u00e9n Sumba Bravo","@id":"https:\/\/mula.es\/web\/#\/schema\/person\/4cc33fc69cd667605e1b6247815ac0c0"},"headline":"FESTEJOS| Agradecimiento a las comisiones de fiestas de El Ni\u00f1o y el barrio Vi\u00f1egla","datePublished":"2023-07-10T12:08:21+00:00","dateModified":"2023-07-11T06:15:21+00:00","mainEntityOfPage":{"@id":"https:\/\/mula.es\/web\/festejos-agradecimiento-a-las-comisiones-de-fiestas-de-el-nino-y-el-barrio-vinegla\/"},"wordCount":162,"image":{"@id":"https:\/\/mula.es\/web\/festejos-agradecimiento-a-las-comisiones-de-fiestas-de-el-nino-y-el-barrio-vinegla\/#primaryimage"},"thumbnailUrl":"https:\/\/mula.es\/web\/wp-content\/uploads\/2023\/07\/Fiestas-El-Nino-y-Vinegla-2.jpeg","articleSection":["Uncategorized"],"inLanguage":"es"},{"@type":"WebPage","@id":"https:\/\/mula.es\/web\/festejos-agradecimiento-a-las-comisiones-de-fiestas-de-el-nino-y-el-barrio-vinegla\/","url":"https:\/\/mula.es\/web\/festejos-agradecimiento-a-las-comisiones-de-fiestas-de-el-nino-y-el-barrio-vinegla\/","name":"FESTEJOS| Agradecimiento a las comisiones de fiestas de El Ni\u00f1o y el barrio Vi\u00f1egla - Ayuntamiento de Mula","isPartOf":{"@id":"https:\/\/mula.es\/web\/#website"},"primaryImageOfPage":{"@id":"https:\/\/mula.es\/web\/festejos-agradecimiento-a-las-comisiones-de-fiestas-de-el-nino-y-el-barrio-vinegla\/#primaryimage"},"image":{"@id":"https:\/\/mula.es\/web\/festejos-agradecimiento-a-las-comisiones-de-fiestas-de-el-nino-y-el-barrio-vinegla\/#primaryimage"},"thumbnailUrl":"https:\/\/mula.es\/web\/wp-content\/uploads\/2023\/07\/Fiestas-El-Nino-y-Vinegla-2.jpeg","datePublished":"2023-07-10T12:08:21+00:00","dateModified":"2023-07-11T06:15:21+00:00","author":{"@id":"https:\/\/mula.es\/web\/#\/schema\/person\/4cc33fc69cd667605e1b6247815ac0c0"},"breadcrumb":{"@id":"https:\/\/mula.es\/web\/festejos-agradecimiento-a-las-comisiones-de-fiestas-de-el-nino-y-el-barrio-vinegla\/#breadcrumb"},"inLanguage":"es","potentialAction":[{"@type":"ReadAction","target":["https:\/\/mula.es\/web\/festejos-agradecimiento-a-las-comisiones-de-fiestas-de-el-nino-y-el-barrio-vinegla\/"]}]},{"@type":"ImageObject","inLanguage":"es","@id":"https:\/\/mula.es\/web\/festejos-agradecimiento-a-las-comisiones-de-fiestas-de-el-nino-y-el-barrio-vinegla\/#primaryimage","url":"https:\/\/mula.es\/web\/wp-content\/uploads\/2023\/07\/Fiestas-El-Nino-y-Vinegla-2.jpeg","contentUrl":"https:\/\/mula.es\/web\/wp-content\/uploads\/2023\/07\/Fiestas-El-Nino-y-Vinegla-2.jpeg","width":2048,"height":1536},{"@type":"BreadcrumbList","@id":"https:\/\/mula.es\/web\/festejos-agradecimiento-a-las-comisiones-de-fiestas-de-el-nino-y-el-barrio-vinegla\/#breadcrumb","itemListElement":[{"@type":"ListItem","position":1,"name":"Portada","item":"https:\/\/mula.es\/web\/"},{"@type":"ListItem","position":2,"name":"FESTEJOS| Agradecimiento a las comisiones de fiestas de El Ni\u00f1o y el barrio Vi\u00f1egla"}]},{"@type":"WebSite","@id":"https:\/\/mula.es\/web\/#website","url":"https:\/\/mula.es\/web\/","name":"Ayuntamiento de Mula","description":"P\u00e1gina web del Ayuntamiento de Mula (Regi\u00f3n de Murcia)","potentialAction":[{"@type":"SearchAction","target":{"@type":"EntryPoint","urlTemplate":"https:\/\/mula.es\/web\/?s={search_term_string}"},"query-input":{"@type":"PropertyValueSpecification","valueRequired":true,"valueName":"search_term_string"}}],"inLanguage":"es"},{"@type":"Person","@id":"https:\/\/mula.es\/web\/#\/schema\/person\/4cc33fc69cd667605e1b6247815ac0c0","name":"Mar\u00eda Bel\u00e9n Sumba Bravo","image":{"@type":"ImageObject","inLanguage":"es","@id":"https:\/\/secure.gravatar.com\/avatar\/8f65af12a8d72e866f97bba50325bdf89a5362533b6f2c9db8c88130883986b1?s=96&d=mm&r=g","url":"https:\/\/secure.gravatar.com\/avatar\/8f65af12a8d72e866f97bba50325bdf89a5362533b6f2c9db8c88130883986b1?s=96&d=mm&r=g","contentUrl":"https:\/\/secure.gravatar.com\/avatar\/8f65af12a8d72e866f97bba50325bdf89a5362533b6f2c9db8c88130883986b1?s=96&d=mm&r=g","caption":"Mar\u00eda Bel\u00e9n Sumba Bravo"},"url":"https:\/\/mula.es\/web\/author\/mbsumba\/"}]}},"jetpack_publicize_connections":[],"jetpack_featured_media_url":"https:\/\/mula.es\/web\/wp-content\/uploads\/2023\/07\/Fiestas-El-Nino-y-Vinegla-2.jpeg","jetpack_sharing_enabled":true,"jetpack_shortlink":"https:\/\/wp.me\/pa9DMY-cP5","jetpack-related-posts":[],"_links":{"self":[{"href":"https:\/\/mula.es\/web\/wp-json\/wp\/v2\/posts\/49295","targetHints":{"allow":["GET"]}}],"collection":[{"href":"https:\/\/mula.es\/web\/wp-json\/wp\/v2\/posts"}],"about":[{"href":"https:\/\/mula.es\/web\/wp-json\/wp\/v2\/types\/post"}],"author":[{"embeddable":true,"href":"https:\/\/mula.es\/web\/wp-json\/wp\/v2\/users\/12"}],"replies":[{"embeddable":true,"href":"https:\/\/mula.es\/web\/wp-json\/wp\/v2\/comments?post=49295"}],"version-history":[{"count":6,"href":"https:\/\/mula.es\/web\/wp-json\/wp\/v2\/posts\/49295\/revisions"}],"predecessor-version":[{"id":49334,"href":"https:\/\/mula.es\/web\/wp-json\/wp\/v2\/posts\/49295\/revisions\/49334"}],"wp:featuredmedia":[{"embeddable":true,"href":"https:\/\/mula.es\/web\/wp-json\/wp\/v2\/media\/49301"}],"wp:attachment":[{"href":"https:\/\/mula.es\/web\/wp-json\/wp\/v2\/media?parent=49295"}],"wp:term":[{"taxonomy":"category","embeddable":true,"href":"https:\/\/mula.es\/web\/wp-json\/wp\/v2\/categories?post=49295"},{"taxonomy":"post_tag","embeddable":true,"href":"https:\/\/mula.es\/web\/wp-json\/wp\/v2\/tags?post=49295"}],"curies":[{"name":"wp","href":"https:\/\/api.w.org\/{rel}","templated":true}]}}