{"id":49326,"date":"2023-07-10T17:39:59","date_gmt":"2023-07-10T15:39:59","guid":{"rendered":"https:\/\/mula.es\/web\/?p=49326"},"modified":"2023-07-10T17:39:59","modified_gmt":"2023-07-10T15:39:59","slug":"festejos-ampliado-el-plazo-del-premio-cartel-fiestas-de-septiembre-2023","status":"publish","type":"post","link":"https:\/\/mula.es\/web\/festejos-ampliado-el-plazo-del-premio-cartel-fiestas-de-septiembre-2023\/","title":{"rendered":"FESTEJOS| Ampliado el plazo del Premio Cartel Fiestas de Septiembre 2023"},"content":{"rendered":"<p style=\"text-align: justify;\">La Concejal\u00eda de Festejos del Ayuntamiento de Mula ampl\u00eda el plazo del concurso Premio Cartel Fiestas de Septiembre 2023 hasta el lunes, 17 de julio. Los concursantes podr\u00e1n enviar sus trabajos hasta las 12 horas de ese d\u00eda.<\/p>\n<p style=\"text-align: justify;\">El premio del certamen, dirigido a cualquier persona interesada mayor de 16 a\u00f1os, es de 595 euros. Puedes consultar las bases <strong><span style=\"text-decoration: underline;\"><a href=\"https:\/\/mula.es\/web\/festejos-premio-cartel-fiestas-de-septiembre-2023\/\">aqu\u00ed.\u00a0<\/a><\/span><\/strong><\/p>\n<p style=\"text-align: center;\"><span style=\"text-decoration: underline; color: #ff0000;\"><strong><a style=\"color: #ff0000; text-decoration: underline;\" href=\"https:\/\/mula.es\/web\/wp-content\/uploads\/2023\/06\/BASES-PREMIO-CARTEL-FIESTAS-DE-SEPTIEMBRE-2023.pdf\">BASES AL COMPLETO EN PDF<\/a><\/strong><\/span><\/p>\n","protected":false},"excerpt":{"rendered":"<p>La Concejal\u00eda de Festejos del Ayuntamiento de Mula ampl\u00eda el plazo del concurso Premio Cartel Fiestas de Septiembre 2023 hasta el lunes, 17 de julio. Los concursantes podr\u00e1n enviar sus trabajos hasta las 12 horas de ese d\u00eda. El premio del certamen, dirigido a cualquier persona interesada mayor de 16 a\u00f1os, es de 595 euros.  [&#8230;]<\/p>\n","protected":false},"author":12,"featured_media":49328,"comment_status":"closed","ping_status":"closed","sticky":false,"template":"","format":"standard","meta":{"jetpack_post_was_ever_published":false,"_jetpack_newsletter_access":"","_jetpack_dont_email_post_to_subs":false,"_jetpack_newsletter_tier_id":0,"_jetpack_memberships_contains_paywalled_content":false,"_jetpack_memberships_contains_paid_content":false,"footnotes":"","jetpack_publicize_message":"","jetpack_publicize_feature_enabled":true,"jetpack_social_post_already_shared":false,"jetpack_social_options":{"image_generator_settings":{"template":"highway","default_image_id":0,"font":"","enabled":false},"version":2}},"categories":[199,171],"tags":[],"class_list":["post-49326","post","type-post","status-publish","format-standard","has-post-thumbnail","hentry","category-concurso","category-festejos"],"yoast_head":"<!-- This site is optimized with the Yoast SEO plugin v27.5 - https:\/\/yoast.com\/product\/yoast-seo-wordpress\/ -->\n<title>FESTEJOS| Ampliado el plazo del Premio Cartel Fiestas de Septiembre 2023 - Ayuntamiento de Mula<\/title>\n<meta name=\"robots\" content=\"index, follow, max-snippet:-1, max-image-preview:large, max-video-preview:-1\" \/>\n<link rel=\"canonical\" href=\"https:\/\/mula.es\/web\/festejos-ampliado-el-plazo-del-premio-cartel-fiestas-de-septiembre-2023\/\" \/>\n<meta property=\"og:locale\" content=\"es_ES\" \/>\n<meta property=\"og:type\" content=\"article\" \/>\n<meta property=\"og:title\" content=\"FESTEJOS| Ampliado el plazo del Premio Cartel Fiestas de Septiembre 2023 - Ayuntamiento de Mula\" \/>\n<meta property=\"og:description\" content=\"La Concejal\u00eda de Festejos del Ayuntamiento de Mula ampl\u00eda el plazo del concurso Premio Cartel Fiestas de Septiembre 2023 hasta el lunes, 17 de julio. Los concursantes podr\u00e1n enviar sus trabajos hasta las 12 horas de ese d\u00eda. El premio del certamen, dirigido a cualquier persona interesada mayor de 16 a\u00f1os, es de 595 euros. [...]\" \/>\n<meta property=\"og:url\" content=\"https:\/\/mula.es\/web\/festejos-ampliado-el-plazo-del-premio-cartel-fiestas-de-septiembre-2023\/\" \/>\n<meta property=\"og:site_name\" content=\"Ayuntamiento de Mula\" \/>\n<meta property=\"article:published_time\" content=\"2023-07-10T15:39:59+00:00\" \/>\n<meta property=\"og:image\" content=\"https:\/\/mula.es\/web\/wp-content\/uploads\/2023\/07\/Premo-Cartel-Fiestas-de-Septiembre-2023-plazo-hasta-el-17-de-julio.png\" \/>\n\t<meta property=\"og:image:width\" content=\"1600\" \/>\n\t<meta property=\"og:image:height\" content=\"900\" \/>\n\t<meta property=\"og:image:type\" content=\"image\/png\" \/>\n<meta name=\"author\" content=\"Mar\u00eda Bel\u00e9n Sumba Bravo\" \/>\n<meta name=\"twitter:card\" content=\"summary_large_image\" \/>\n<meta name=\"twitter:creator\" content=\"@AyuntamientMula\" \/>\n<meta name=\"twitter:site\" content=\"@AyuntamientMula\" \/>\n<meta name=\"twitter:label1\" content=\"Escrito por\" \/>\n\t<meta name=\"twitter:data1\" content=\"Mar\u00eda Bel\u00e9n Sumba Bravo\" \/>\n\t<meta name=\"twitter:label2\" content=\"Tiempo de lectura\" \/>\n\t<meta name=\"twitter:data2\" content=\"1 minuto\" \/>\n<script type=\"application\/ld+json\" class=\"yoast-schema-graph\">{\"@context\":\"https:\\\/\\\/schema.org\",\"@graph\":[{\"@type\":\"Article\",\"@id\":\"https:\\\/\\\/mula.es\\\/web\\\/festejos-ampliado-el-plazo-del-premio-cartel-fiestas-de-septiembre-2023\\\/#article\",\"isPartOf\":{\"@id\":\"https:\\\/\\\/mula.es\\\/web\\\/festejos-ampliado-el-plazo-del-premio-cartel-fiestas-de-septiembre-2023\\\/\"},\"author\":{\"name\":\"Mar\u00eda Bel\u00e9n Sumba Bravo\",\"@id\":\"https:\\\/\\\/mula.es\\\/web\\\/#\\\/schema\\\/person\\\/4cc33fc69cd667605e1b6247815ac0c0\"},\"headline\":\"FESTEJOS| Ampliado el plazo del Premio Cartel Fiestas de Septiembre 2023\",\"datePublished\":\"2023-07-10T15:39:59+00:00\",\"mainEntityOfPage\":{\"@id\":\"https:\\\/\\\/mula.es\\\/web\\\/festejos-ampliado-el-plazo-del-premio-cartel-fiestas-de-septiembre-2023\\\/\"},\"wordCount\":75,\"image\":{\"@id\":\"https:\\\/\\\/mula.es\\\/web\\\/festejos-ampliado-el-plazo-del-premio-cartel-fiestas-de-septiembre-2023\\\/#primaryimage\"},\"thumbnailUrl\":\"https:\\\/\\\/mula.es\\\/web\\\/wp-content\\\/uploads\\\/2023\\\/07\\\/Premo-Cartel-Fiestas-de-Septiembre-2023-plazo-hasta-el-17-de-julio.png\",\"articleSection\":[\"concurso\",\"festejos\"],\"inLanguage\":\"es\"},{\"@type\":\"WebPage\",\"@id\":\"https:\\\/\\\/mula.es\\\/web\\\/festejos-ampliado-el-plazo-del-premio-cartel-fiestas-de-septiembre-2023\\\/\",\"url\":\"https:\\\/\\\/mula.es\\\/web\\\/festejos-ampliado-el-plazo-del-premio-cartel-fiestas-de-septiembre-2023\\\/\",\"name\":\"FESTEJOS| Ampliado el plazo del Premio Cartel Fiestas de Septiembre 2023 - Ayuntamiento de Mula\",\"isPartOf\":{\"@id\":\"https:\\\/\\\/mula.es\\\/web\\\/#website\"},\"primaryImageOfPage\":{\"@id\":\"https:\\\/\\\/mula.es\\\/web\\\/festejos-ampliado-el-plazo-del-premio-cartel-fiestas-de-septiembre-2023\\\/#primaryimage\"},\"image\":{\"@id\":\"https:\\\/\\\/mula.es\\\/web\\\/festejos-ampliado-el-plazo-del-premio-cartel-fiestas-de-septiembre-2023\\\/#primaryimage\"},\"thumbnailUrl\":\"https:\\\/\\\/mula.es\\\/web\\\/wp-content\\\/uploads\\\/2023\\\/07\\\/Premo-Cartel-Fiestas-de-Septiembre-2023-plazo-hasta-el-17-de-julio.png\",\"datePublished\":\"2023-07-10T15:39:59+00:00\",\"author\":{\"@id\":\"https:\\\/\\\/mula.es\\\/web\\\/#\\\/schema\\\/person\\\/4cc33fc69cd667605e1b6247815ac0c0\"},\"breadcrumb\":{\"@id\":\"https:\\\/\\\/mula.es\\\/web\\\/festejos-ampliado-el-plazo-del-premio-cartel-fiestas-de-septiembre-2023\\\/#breadcrumb\"},\"inLanguage\":\"es\",\"potentialAction\":[{\"@type\":\"ReadAction\",\"target\":[\"https:\\\/\\\/mula.es\\\/web\\\/festejos-ampliado-el-plazo-del-premio-cartel-fiestas-de-septiembre-2023\\\/\"]}]},{\"@type\":\"ImageObject\",\"inLanguage\":\"es\",\"@id\":\"https:\\\/\\\/mula.es\\\/web\\\/festejos-ampliado-el-plazo-del-premio-cartel-fiestas-de-septiembre-2023\\\/#primaryimage\",\"url\":\"https:\\\/\\\/mula.es\\\/web\\\/wp-content\\\/uploads\\\/2023\\\/07\\\/Premo-Cartel-Fiestas-de-Septiembre-2023-plazo-hasta-el-17-de-julio.png\",\"contentUrl\":\"https:\\\/\\\/mula.es\\\/web\\\/wp-content\\\/uploads\\\/2023\\\/07\\\/Premo-Cartel-Fiestas-de-Septiembre-2023-plazo-hasta-el-17-de-julio.png\",\"width\":1600,\"height\":900},{\"@type\":\"BreadcrumbList\",\"@id\":\"https:\\\/\\\/mula.es\\\/web\\\/festejos-ampliado-el-plazo-del-premio-cartel-fiestas-de-septiembre-2023\\\/#breadcrumb\",\"itemListElement\":[{\"@type\":\"ListItem\",\"position\":1,\"name\":\"Portada\",\"item\":\"https:\\\/\\\/mula.es\\\/web\\\/\"},{\"@type\":\"ListItem\",\"position\":2,\"name\":\"FESTEJOS| Ampliado el plazo del Premio Cartel Fiestas de Septiembre 2023\"}]},{\"@type\":\"WebSite\",\"@id\":\"https:\\\/\\\/mula.es\\\/web\\\/#website\",\"url\":\"https:\\\/\\\/mula.es\\\/web\\\/\",\"name\":\"Ayuntamiento de Mula\",\"description\":\"P\u00e1gina web del Ayuntamiento de Mula (Regi\u00f3n de Murcia)\",\"potentialAction\":[{\"@type\":\"SearchAction\",\"target\":{\"@type\":\"EntryPoint\",\"urlTemplate\":\"https:\\\/\\\/mula.es\\\/web\\\/?s={search_term_string}\"},\"query-input\":{\"@type\":\"PropertyValueSpecification\",\"valueRequired\":true,\"valueName\":\"search_term_string\"}}],\"inLanguage\":\"es\"},{\"@type\":\"Person\",\"@id\":\"https:\\\/\\\/mula.es\\\/web\\\/#\\\/schema\\\/person\\\/4cc33fc69cd667605e1b6247815ac0c0\",\"name\":\"Mar\u00eda Bel\u00e9n Sumba Bravo\",\"image\":{\"@type\":\"ImageObject\",\"inLanguage\":\"es\",\"@id\":\"https:\\\/\\\/secure.gravatar.com\\\/avatar\\\/8f65af12a8d72e866f97bba50325bdf89a5362533b6f2c9db8c88130883986b1?s=96&d=mm&r=g\",\"url\":\"https:\\\/\\\/secure.gravatar.com\\\/avatar\\\/8f65af12a8d72e866f97bba50325bdf89a5362533b6f2c9db8c88130883986b1?s=96&d=mm&r=g\",\"contentUrl\":\"https:\\\/\\\/secure.gravatar.com\\\/avatar\\\/8f65af12a8d72e866f97bba50325bdf89a5362533b6f2c9db8c88130883986b1?s=96&d=mm&r=g\",\"caption\":\"Mar\u00eda Bel\u00e9n Sumba Bravo\"},\"url\":\"https:\\\/\\\/mula.es\\\/web\\\/author\\\/mbsumba\\\/\"}]}<\/script>\n<!-- \/ Yoast SEO plugin. -->","yoast_head_json":{"title":"FESTEJOS| Ampliado el plazo del Premio Cartel Fiestas de Septiembre 2023 - Ayuntamiento de Mula","robots":{"index":"index","follow":"follow","max-snippet":"max-snippet:-1","max-image-preview":"max-image-preview:large","max-video-preview":"max-video-preview:-1"},"canonical":"https:\/\/mula.es\/web\/festejos-ampliado-el-plazo-del-premio-cartel-fiestas-de-septiembre-2023\/","og_locale":"es_ES","og_type":"article","og_title":"FESTEJOS| Ampliado el plazo del Premio Cartel Fiestas de Septiembre 2023 - Ayuntamiento de Mula","og_description":"La Concejal\u00eda de Festejos del Ayuntamiento de Mula ampl\u00eda el plazo del concurso Premio Cartel Fiestas de Septiembre 2023 hasta el lunes, 17 de julio. Los concursantes podr\u00e1n enviar sus trabajos hasta las 12 horas de ese d\u00eda. El premio del certamen, dirigido a cualquier persona interesada mayor de 16 a\u00f1os, es de 595 euros. [...]","og_url":"https:\/\/mula.es\/web\/festejos-ampliado-el-plazo-del-premio-cartel-fiestas-de-septiembre-2023\/","og_site_name":"Ayuntamiento de Mula","article_published_time":"2023-07-10T15:39:59+00:00","og_image":[{"width":1600,"height":900,"url":"https:\/\/mula.es\/web\/wp-content\/uploads\/2023\/07\/Premo-Cartel-Fiestas-de-Septiembre-2023-plazo-hasta-el-17-de-julio.png","type":"image\/png"}],"author":"Mar\u00eda Bel\u00e9n Sumba Bravo","twitter_card":"summary_large_image","twitter_creator":"@AyuntamientMula","twitter_site":"@AyuntamientMula","twitter_misc":{"Escrito por":"Mar\u00eda Bel\u00e9n Sumba Bravo","Tiempo de lectura":"1 minuto"},"schema":{"@context":"https:\/\/schema.org","@graph":[{"@type":"Article","@id":"https:\/\/mula.es\/web\/festejos-ampliado-el-plazo-del-premio-cartel-fiestas-de-septiembre-2023\/#article","isPartOf":{"@id":"https:\/\/mula.es\/web\/festejos-ampliado-el-plazo-del-premio-cartel-fiestas-de-septiembre-2023\/"},"author":{"name":"Mar\u00eda Bel\u00e9n Sumba Bravo","@id":"https:\/\/mula.es\/web\/#\/schema\/person\/4cc33fc69cd667605e1b6247815ac0c0"},"headline":"FESTEJOS| Ampliado el plazo del Premio Cartel Fiestas de Septiembre 2023","datePublished":"2023-07-10T15:39:59+00:00","mainEntityOfPage":{"@id":"https:\/\/mula.es\/web\/festejos-ampliado-el-plazo-del-premio-cartel-fiestas-de-septiembre-2023\/"},"wordCount":75,"image":{"@id":"https:\/\/mula.es\/web\/festejos-ampliado-el-plazo-del-premio-cartel-fiestas-de-septiembre-2023\/#primaryimage"},"thumbnailUrl":"https:\/\/mula.es\/web\/wp-content\/uploads\/2023\/07\/Premo-Cartel-Fiestas-de-Septiembre-2023-plazo-hasta-el-17-de-julio.png","articleSection":["concurso","festejos"],"inLanguage":"es"},{"@type":"WebPage","@id":"https:\/\/mula.es\/web\/festejos-ampliado-el-plazo-del-premio-cartel-fiestas-de-septiembre-2023\/","url":"https:\/\/mula.es\/web\/festejos-ampliado-el-plazo-del-premio-cartel-fiestas-de-septiembre-2023\/","name":"FESTEJOS| Ampliado el plazo del Premio Cartel Fiestas de Septiembre 2023 - Ayuntamiento de Mula","isPartOf":{"@id":"https:\/\/mula.es\/web\/#website"},"primaryImageOfPage":{"@id":"https:\/\/mula.es\/web\/festejos-ampliado-el-plazo-del-premio-cartel-fiestas-de-septiembre-2023\/#primaryimage"},"image":{"@id":"https:\/\/mula.es\/web\/festejos-ampliado-el-plazo-del-premio-cartel-fiestas-de-septiembre-2023\/#primaryimage"},"thumbnailUrl":"https:\/\/mula.es\/web\/wp-content\/uploads\/2023\/07\/Premo-Cartel-Fiestas-de-Septiembre-2023-plazo-hasta-el-17-de-julio.png","datePublished":"2023-07-10T15:39:59+00:00","author":{"@id":"https:\/\/mula.es\/web\/#\/schema\/person\/4cc33fc69cd667605e1b6247815ac0c0"},"breadcrumb":{"@id":"https:\/\/mula.es\/web\/festejos-ampliado-el-plazo-del-premio-cartel-fiestas-de-septiembre-2023\/#breadcrumb"},"inLanguage":"es","potentialAction":[{"@type":"ReadAction","target":["https:\/\/mula.es\/web\/festejos-ampliado-el-plazo-del-premio-cartel-fiestas-de-septiembre-2023\/"]}]},{"@type":"ImageObject","inLanguage":"es","@id":"https:\/\/mula.es\/web\/festejos-ampliado-el-plazo-del-premio-cartel-fiestas-de-septiembre-2023\/#primaryimage","url":"https:\/\/mula.es\/web\/wp-content\/uploads\/2023\/07\/Premo-Cartel-Fiestas-de-Septiembre-2023-plazo-hasta-el-17-de-julio.png","contentUrl":"https:\/\/mula.es\/web\/wp-content\/uploads\/2023\/07\/Premo-Cartel-Fiestas-de-Septiembre-2023-plazo-hasta-el-17-de-julio.png","width":1600,"height":900},{"@type":"BreadcrumbList","@id":"https:\/\/mula.es\/web\/festejos-ampliado-el-plazo-del-premio-cartel-fiestas-de-septiembre-2023\/#breadcrumb","itemListElement":[{"@type":"ListItem","position":1,"name":"Portada","item":"https:\/\/mula.es\/web\/"},{"@type":"ListItem","position":2,"name":"FESTEJOS| Ampliado el plazo del Premio Cartel Fiestas de Septiembre 2023"}]},{"@type":"WebSite","@id":"https:\/\/mula.es\/web\/#website","url":"https:\/\/mula.es\/web\/","name":"Ayuntamiento de Mula","description":"P\u00e1gina web del Ayuntamiento de Mula (Regi\u00f3n de Murcia)","potentialAction":[{"@type":"SearchAction","target":{"@type":"EntryPoint","urlTemplate":"https:\/\/mula.es\/web\/?s={search_term_string}"},"query-input":{"@type":"PropertyValueSpecification","valueRequired":true,"valueName":"search_term_string"}}],"inLanguage":"es"},{"@type":"Person","@id":"https:\/\/mula.es\/web\/#\/schema\/person\/4cc33fc69cd667605e1b6247815ac0c0","name":"Mar\u00eda Bel\u00e9n Sumba Bravo","image":{"@type":"ImageObject","inLanguage":"es","@id":"https:\/\/secure.gravatar.com\/avatar\/8f65af12a8d72e866f97bba50325bdf89a5362533b6f2c9db8c88130883986b1?s=96&d=mm&r=g","url":"https:\/\/secure.gravatar.com\/avatar\/8f65af12a8d72e866f97bba50325bdf89a5362533b6f2c9db8c88130883986b1?s=96&d=mm&r=g","contentUrl":"https:\/\/secure.gravatar.com\/avatar\/8f65af12a8d72e866f97bba50325bdf89a5362533b6f2c9db8c88130883986b1?s=96&d=mm&r=g","caption":"Mar\u00eda Bel\u00e9n Sumba Bravo"},"url":"https:\/\/mula.es\/web\/author\/mbsumba\/"}]}},"jetpack_publicize_connections":[],"jetpack_featured_media_url":"https:\/\/mula.es\/web\/wp-content\/uploads\/2023\/07\/Premo-Cartel-Fiestas-de-Septiembre-2023-plazo-hasta-el-17-de-julio.png","jetpack_sharing_enabled":true,"jetpack_shortlink":"https:\/\/wp.me\/pa9DMY-cPA","jetpack-related-posts":[],"_links":{"self":[{"href":"https:\/\/mula.es\/web\/wp-json\/wp\/v2\/posts\/49326","targetHints":{"allow":["GET"]}}],"collection":[{"href":"https:\/\/mula.es\/web\/wp-json\/wp\/v2\/posts"}],"about":[{"href":"https:\/\/mula.es\/web\/wp-json\/wp\/v2\/types\/post"}],"author":[{"embeddable":true,"href":"https:\/\/mula.es\/web\/wp-json\/wp\/v2\/users\/12"}],"replies":[{"embeddable":true,"href":"https:\/\/mula.es\/web\/wp-json\/wp\/v2\/comments?post=49326"}],"version-history":[{"count":1,"href":"https:\/\/mula.es\/web\/wp-json\/wp\/v2\/posts\/49326\/revisions"}],"predecessor-version":[{"id":49329,"href":"https:\/\/mula.es\/web\/wp-json\/wp\/v2\/posts\/49326\/revisions\/49329"}],"wp:featuredmedia":[{"embeddable":true,"href":"https:\/\/mula.es\/web\/wp-json\/wp\/v2\/media\/49328"}],"wp:attachment":[{"href":"https:\/\/mula.es\/web\/wp-json\/wp\/v2\/media?parent=49326"}],"wp:term":[{"taxonomy":"category","embeddable":true,"href":"https:\/\/mula.es\/web\/wp-json\/wp\/v2\/categories?post=49326"},{"taxonomy":"post_tag","embeddable":true,"href":"https:\/\/mula.es\/web\/wp-json\/wp\/v2\/tags?post=49326"}],"curies":[{"name":"wp","href":"https:\/\/api.w.org\/{rel}","templated":true}]}}